{"id":11797,"date":"2026-02-14T23:23:37","date_gmt":"2026-02-14T23:23:37","guid":{"rendered":"http:\/\/8c0f6d8c-09fa-11f1-b861-9f58798750a4"},"modified":"2026-02-14T23:23:37","modified_gmt":"2026-02-14T23:23:37","slug":"en-los-jj-oo-de-invierno-de-milano-cortina-los-atletas-se-rebelan","status":"publish","type":"post","link":"https:\/\/sarmiento24h.com\/?p=11797","title":{"rendered":"En los JJ. OO. de Invierno de Milano Cortina, los atletas se rebelan"},"content":{"rendered":"<p>A la esquiadora Sarah Schleper se la reconoce antes por la actitud que por el dorsal.&nbsp;<a href=\"https:\/\/www.france24.com\/es\/video\/20260208-los-atletas-que-representan-a-am\u00e9rica-latina-en-los-juegos-ol\u00edmpicos-de-invierno\" target=\"_self\">Aparece con el uniforme chill\u00f3n del equipo mexicano<\/a>&nbsp;y, en lugar de posar ante los aros ol\u00edmpicos de Cortina d\u2019Ampezzo o atender a los medios que la est\u00e1n esperando, se ofrece a hacer la foto a una pareja despistada. Luego abraza a un viejo compa\u00f1ero del equipo estadounidense. Todo con naturalidad y (una extrema) gentileza.<\/p>\n<p>No es solo una an\u00e9cdota simp\u00e1tica. Schleper (Glenwood Springs, 1979) compiti\u00f3 durante a\u00f1os con Estados Unidos y firm\u00f3 su mejor resultado ol\u00edmpico en Tur\u00edn 2006. Dos d\u00e9cadas despu\u00e9s&nbsp;<a href=\"https:\/\/www.instagram.com\/degalaxy\/\" target=\"_blank\">ha vuelto a los JJOO de Invierno de Milano Cortina bajo otra bandera, la de M\u00e9xico<\/a>, el pa\u00eds de origen de su marido, en el que ella se naturaliz\u00f3 en 2015 y&nbsp;<a href=\"https:\/\/www.instagram.com\/reels\/DUqWm9VkYTK\/\" target=\"_blank\">que ya es la tercera vez que representa<\/a>.<\/p>\n<p>Una trayectoria as\u00ed \u2014tendida entre dos himnos\u2014 es dif\u00edcil de encajar en tiempos de dr\u00e1sticas pol\u00edticas de rechazo a la inmigraci\u00f3n en su propio pa\u00eds.<\/p>\n<p>Aunque quiz\u00e1 precisamente por eso, cuando se le pregunta por el presidente estadounidense, Donald Trump, Schleper no se esconde. No recita consignas ni eleva el tono, pero tampoco esquiva la cuesti\u00f3n. \u00abHa sido muy duro de ver, especialmente lo que les est\u00e1n haciendo a los inmigrantes\u00bb, afirma.<\/p>\n<p>Y a\u00f1ade: \u00abNo me gusta la violencia. Estoy totalmente en contra. Soy una persona de paz y por eso amo ser ol\u00edmpica. Tambi\u00e9n compito por todos los mexicanos que est\u00e1n en Estados Unidos y ojal\u00e1 eso les d\u00e9 fuerza. Tiene que haber formas m\u00e1s pac\u00edficas de regular las cosas\u00bb.<\/p>\n<div class=\"m-em-image\">\n<div class=\"m-item-image m-item-image--original\"> <picture class=\"a-picture a-picture--original\"><source type=\"image\/webp\" srcset=\"https:\/\/s.france24.com\/media\/display\/31b1d19e-09f6-11f1-9582-005056a90284\/w:246\/FOTO-MILANO-CORTINA-SARAH-SCHLEPPER.webp 246w, https:\/\/s.france24.com\/media\/display\/31b1d19e-09f6-11f1-9582-005056a90284\/w:388\/FOTO-MILANO-CORTINA-SARAH-SCHLEPPER.webp 388w, https:\/\/s.france24.com\/media\/display\/31b1d19e-09f6-11f1-9582-005056a90284\/w:720\/FOTO-MILANO-CORTINA-SARAH-SCHLEPPER.webp 720w, https:\/\/s.france24.com\/media\/display\/31b1d19e-09f6-11f1-9582-005056a90284\/w:980\/FOTO-MILANO-CORTINA-SARAH-SCHLEPPER.webp 980w\" sizes=\"(max-width: 1023px) calc(100vw - 32px), (min-width: 1024px) 850px\"><img fetchpriority=\"low\" decoding=\"async\" src=\"https:\/\/s.france24.com\/media\/display\/31b1d19e-09f6-11f1-9582-005056a90284\/w:980\/FOTO-MILANO-CORTINA-SARAH-SCHLEPPER.jpg\" srcset=\"https:\/\/s.france24.com\/media\/display\/31b1d19e-09f6-11f1-9582-005056a90284\/w:246\/FOTO-MILANO-CORTINA-SARAH-SCHLEPPER.jpg 246w, https:\/\/s.france24.com\/media\/display\/31b1d19e-09f6-11f1-9582-005056a90284\/w:388\/FOTO-MILANO-CORTINA-SARAH-SCHLEPPER.jpg 388w, https:\/\/s.france24.com\/media\/display\/31b1d19e-09f6-11f1-9582-005056a90284\/w:720\/FOTO-MILANO-CORTINA-SARAH-SCHLEPPER.jpg 720w, https:\/\/s.france24.com\/media\/display\/31b1d19e-09f6-11f1-9582-005056a90284\/w:980\/FOTO-MILANO-CORTINA-SARAH-SCHLEPPER.jpg 980w\" sizes=\"(max-width: 1023px) calc(100vw - 32px), (min-width: 1024px) 850px\" alt loading=\"lazy\" class=\"a-img \">\n<\/picture> <\/div>\n<\/p><\/div>\n<h2><strong>Una neutralidad selectiva<\/strong><\/h2>\n<p>Durante a\u00f1os, el Comit\u00e9 Ol\u00edmpico Internacional (COI)&nbsp;<a href=\"https:\/\/www.olympics.com\/athlete365\/app\/uploads\/2020\/12\/Rule-50-Guidelines-Tokyo-2020.pdf\" target=\"_blank\">ha mantenido su defensa del evento como un momento de neutralidad pol\u00edtica<\/a>, supuestamente en pro de mantener el deporte en un terreno separado de las diferencias ideol\u00f3gicas y los conflictos.<\/p>\n<p>Tanto es as\u00ed que la regla 50 de la Carta Ol\u00edmpica incluso proh\u00edbe expl\u00edcitamente a los atletas expresar sus ideas en una serie de circunstancias, entre ellos durante las ceremonias de apertura y cierre, dentro de las Villas Ol\u00edmpicas, y en los sitios de las competiciones.<\/p>\n<p>El problema es que, en la pr\u00e1ctica, la pol\u00edtica siempre se ha metido en los Juegos Ol\u00edmpicos por distintas v\u00edas y la exigencia de neutralidad ol\u00edmpica tambi\u00e9n ha sido selectiva, ya que a los atletas se les ha pedido cumplir con este principio, mientras que los Estados siguen usando los Juegos como escaparates pol\u00edticos.<\/p>\n<p>Adem\u00e1s, el propio COI ha tomado decisiones profundamente pol\u00edticas, como suspensiones de pa\u00edses, participaci\u00f3n bajo bandera neutral o sedes en reg\u00edmenes controvertidos.<\/p>\n<p>Los JJ. OO. de Milano Cortina han sido un nuevo ejemplo. La diferencia, en esta ocasi\u00f3n, ha estado en que numerosos atletas han desafiado de forma m\u00e1s visible \u2014con sus gestos y declaraciones\u2014 el principio de neutralidad.<\/p>\n<p>El caso m\u00e1s sonado ha sido precisamente el de los atletas estadounidenses. A pocos d\u00edas de las violencias en Minneapolis, diversos deportistas de ese pa\u00eds han manifestado sin tapujos su malestar y tristeza por las pol\u00edticas migratorias en Estados Unidos.<\/p>\n<div class=\"m-em-image\">\n<figure class=\"m-item-image m-item-image--original m-item-image--has-caption\"> <picture class=\"a-picture a-picture--original\"><source type=\"image\/webp\" srcset=\"https:\/\/s.france24.com\/media\/display\/d62857c4-09f7-11f1-85e1-005056bf30b7\/w:246\/FOTO-JJOO-MILANO-CORTINA-MADDIE-MASTRO.webp 246w, https:\/\/s.france24.com\/media\/display\/d62857c4-09f7-11f1-85e1-005056bf30b7\/w:388\/FOTO-JJOO-MILANO-CORTINA-MADDIE-MASTRO.webp 388w, https:\/\/s.france24.com\/media\/display\/d62857c4-09f7-11f1-85e1-005056bf30b7\/w:720\/FOTO-JJOO-MILANO-CORTINA-MADDIE-MASTRO.webp 720w, https:\/\/s.france24.com\/media\/display\/d62857c4-09f7-11f1-85e1-005056bf30b7\/w:980\/FOTO-JJOO-MILANO-CORTINA-MADDIE-MASTRO.webp 980w\" sizes=\"(max-width: 1023px) calc(100vw - 32px), (min-width: 1024px) 850px\"><img fetchpriority=\"low\" decoding=\"async\" src=\"https:\/\/s.france24.com\/media\/display\/d62857c4-09f7-11f1-85e1-005056bf30b7\/w:980\/FOTO-JJOO-MILANO-CORTINA-MADDIE-MASTRO.jpg\" srcset=\"https:\/\/s.france24.com\/media\/display\/d62857c4-09f7-11f1-85e1-005056bf30b7\/w:246\/FOTO-JJOO-MILANO-CORTINA-MADDIE-MASTRO.jpg 246w, https:\/\/s.france24.com\/media\/display\/d62857c4-09f7-11f1-85e1-005056bf30b7\/w:388\/FOTO-JJOO-MILANO-CORTINA-MADDIE-MASTRO.jpg 388w, https:\/\/s.france24.com\/media\/display\/d62857c4-09f7-11f1-85e1-005056bf30b7\/w:720\/FOTO-JJOO-MILANO-CORTINA-MADDIE-MASTRO.jpg 720w, https:\/\/s.france24.com\/media\/display\/d62857c4-09f7-11f1-85e1-005056bf30b7\/w:980\/FOTO-JJOO-MILANO-CORTINA-MADDIE-MASTRO.jpg 980w\" sizes=\"(max-width: 1023px) calc(100vw - 32px), (min-width: 1024px) 850px\" alt=\"Maddie Mastro, de Estados Unidos, saluda despu\u00e9s de su participaci\u00f3n en la tercera ronda de la final femenina de snowboard halfpipe de los JJ. OO. de Milano Cortina, en Livigno, Italia, el 12 de febrero de 2026.\" loading=\"lazy\" class=\"a-img \">\n<\/picture><figcaption class=\"a-figcaption\"> <span>Maddie Mastro, de Estados Unidos, saluda despu\u00e9s de su participaci\u00f3n en la tercera ronda de la final femenina de snowboard halfpipe de los JJ. OO. de Milano Cortina, en Livigno, Italia, el 12 de febrero de 2026.<\/span> <span>\u00a9 Hannah Mckay \/ Reuters<\/span> <\/figcaption><\/figure>\n<\/p><\/div>\n<p>Se trat\u00f3 de una verdadera ola de descontento. Chris Lillis, esquiador de estilo libre, dijo que la situaci\u00f3n le \u00abromp\u00eda el coraz\u00f3n\u00bb.<\/p>\n<p>Hunter Hess, tambi\u00e9n esquiador, afirm\u00f3 que representar a EE. UU. le produc\u00eda \u00absentimientos encontrados\u00bb. \u00abEs dif\u00edcil. Que lleve la bandera no significa que apoye todo lo que est\u00e1 sucediendo\u00bb, subray\u00f3.<\/p>\n<p>Maddie Mastro, snowboardista, se\u00f1al\u00f3 que le entristec\u00eda \u00ablo que est\u00e1 pasando en casa\u00bb y que \u00abes muy duro y creo que no podemos ignorarlo\u00bb.<\/p>\n<blockquote class=\"quote\" readability=\"10.214285714286\">\n<p>\u00abEspero poder usar mi plataforma y mi voz durante estos Juegos para tratar de animar a la gente a mantenerse fuerte en estos tiempos dif\u00edciles. S\u00e9 que mucha gente dice: &#8216;Eres solo una atleta, lim\u00edtate a tu trabajo, c\u00e1llate sobre pol\u00edtica&#8217;, pero la pol\u00edtica nos afecta a todos\u00bb,&nbsp;<a href=\"https:\/\/www.britannica.com\/sports\/Athletes-Speaking-Out-at-the-2026-Winter-Olympics\" target=\"_blank\">ha indicado por su parte la patinadora Amber Glenn<\/a>.<\/p>\n<\/blockquote>\n<p>En respuesta, el presidente Donald Trump arremeti\u00f3 especialmente contra Hess,&nbsp;<a href=\"https:\/\/x.com\/TrumpDailyPosts\/status\/2020538287119835280\" target=\"_blank\">al que describi\u00f3 como un \u00abverdadero perdedor\u00bb<\/a>.<\/p>\n<p>\u00abObviamente, siendo mis padres inmigrantes, esto me ha tocado muy de cerca\u201d, admiti\u00f3 la esquiadora Chloe Kim, doble medallista de oro, en una rueda de prensa el lunes cuando fue preguntada por la descripci\u00f3n que Trump hizo de su compa\u00f1ero Hess.&nbsp;<\/p>\n<h2><strong>Abucheos selectivos<\/strong><\/h2>\n<p>Quienes siguen la actualidad de los Juegos Ol\u00edmpicos observaron algo m\u00e1s que una coincidencia en la cronolog\u00eda de estas declaraciones de los atletas, ya que se produjeron poco despu\u00e9s de las protestas de la ciudadan\u00eda italiana contra la presencia de ICE en los Juegos y de que dos hombres muy cercanos a Trump, J. D. Vance y Marco Rubio \u2013respectivamente vicepresidente y secretario de Estado de EE. UU.\u2013 viajaran en la semana de la ceremonia inaugural a Italia y participaran all\u00ed en ese gran escaparate, junto con la primera ministra italiana, Giorgia Meloni. Su presencia gener\u00f3 as\u00ed tambi\u00e9n inter\u00e9s en las motivaciones de la Administraci\u00f3n Trump en el evento.<\/p>\n<p><a href=\"https:\/\/theconversation.com\/la-geopolitica-que-se-oculta-tras-los-juegos-olimpicos-de-invierno-de-milan-cortina-2026-275161\" target=\"_blank\">En una reciente reflexi\u00f3n en The Conversation<\/a>, el investigador universitario&nbsp;<a href=\"https:\/\/theconversation.com\/profiles\/noah-eliot-vanderhoeven-1549876\" target=\"_blank\">Noah Eliot Vanderhoeven<\/a>, ten\u00eda pocas dudas. \u00abDurante su segundo mandato, Trump ha&nbsp;<u><a href=\"https:\/\/www.nytimes.com\/athletic\/6567254\/2025\/08\/22\/trump-sports-politics-white-house-influence\/\" target=\"_blank\">recibido a numerosos atletas en la Casa Blanca<\/a><\/u>&nbsp;y ha vinculado p\u00fablicamente el \u00e9xito deportivo con la fortaleza nacional. Celebr\u00f3 la participaci\u00f3n estadounidense en&nbsp;<u><a href=\"https:\/\/www.thestar.com\/news\/world\/united-states\/trump-swings-by-the-ryder-cup-soaking-up-fans-love-after-vowing-revenge-on-more\/article_7db22e6d-a1d5-5033-bfd5-7e16390de4c2.html\" target=\"_blank\">la Ryder Cup de golf<\/a><\/u>&nbsp;y&nbsp;<u><a href=\"https:\/\/www.sportsnet.ca\/nhl\/article\/trump-call-fuels-tension-ahead-of-canada-u-s-final-at-4-nations-face-off\/\" target=\"_blank\">el 4-Nations Face-Off<\/a><\/u>, incluso cuando EE. UU. fue derrotado en ambas\u00bb, escribi\u00f3, al recordar tambi\u00e9n c\u00f3mo los JJ. OO. han sido en reiteradas ocasiones una oportunidad para que los pa\u00edses cosechen nuevo capital pol\u00edtico en momentos delicados.<\/p>\n<div class=\"em-video-wrapper m-em-video\" data-media-video-wbmz370452-f24-es-20260214 data-wrapper-video-player data-show-hidden-video-player=\"WBMZ370452-F24-ES-20260214\" data-youtube-script>\n<div class=\"m-em-video__video\">\n<div class=\"o-em-consent \" readability=\"7\">\n<div class=\"o-em-consent__content\" readability=\"34\">\n<p class=\"o-em-consent__content__text\">Para mostrar este contenido de YouTube, debe autorizar las cookies de medici\u00f3n de audiencia y publicidad.<\/p>\n<p> <button class=\"a-master-button a-master-button--dark\" data-action=\"accept\"> Aceptar <svg class=\"a-svg a-svg--icon-check\"> <use xlink:href=\"\/build\/images\/svg\/sprite.17415c6ec01e4a8b145df03c806104d3.svg#icon-check\" href=\"\/build\/images\/svg\/sprite.17415c6ec01e4a8b145df03c806104d3.svg#icon-check\" \/> <\/svg> <\/button> <button class=\"a-link\" data-action=\"manage\">Gestionar mis opciones<i class=\"a-svg a-svg--icon-edit\"><\/i><\/button> <\/div>\n<\/div>\n<div class=\"o-em-adblock\" data-adblock-content readability=\"7\">\n<div class=\"o-em-adblock__content\" readability=\"34\">\n<p class=\"o-em-adblock__content__text\">Una extensi\u00f3n de tu navegador parece estar bloqueando la carga del reproductor de video. Para poder ver este contenido, debes desactivarla en este sitio.<\/p>\n<p> <button class=\"a-master-button a-master-button--dark\" data-action=\"reload\">Reintentar<\/button> <\/div>\n<\/div>\n<figure class=\"m-item-image m-item-image--16x9 m-item-image--has-caption\"> <picture class=\"a-picture a-picture--16x9\"><source type=\"image\/webp\" srcset=\"https:\/\/s.france24.com\/media\/display\/212cf49c-08f8-11f1-9cef-005056bf30b7\/w:388\/p:16x9\/ES-20260213-074203-074347-CS.webp 388w, https:\/\/s.france24.com\/media\/display\/212cf49c-08f8-11f1-9cef-005056bf30b7\/w:720\/p:16x9\/ES-20260213-074203-074347-CS.webp 720w, https:\/\/s.france24.com\/media\/display\/212cf49c-08f8-11f1-9cef-005056bf30b7\/w:1024\/p:16x9\/ES-20260213-074203-074347-CS.webp 1024w\" sizes=\"(max-width: 639px) calc(100vw - 32px), (max-width: 1076px) calc(100vw - 44px), 850px\"><img fetchpriority=\"low\" decoding=\"async\" src=\"https:\/\/s.france24.com\/media\/display\/212cf49c-08f8-11f1-9cef-005056bf30b7\/w:1024\/p:16x9\/ES-20260213-074203-074347-CS.jpg\" srcset=\"https:\/\/s.france24.com\/media\/display\/212cf49c-08f8-11f1-9cef-005056bf30b7\/w:388\/p:16x9\/ES-20260213-074203-074347-CS.jpg 388w, https:\/\/s.france24.com\/media\/display\/212cf49c-08f8-11f1-9cef-005056bf30b7\/w:720\/p:16x9\/ES-20260213-074203-074347-CS.jpg 720w, https:\/\/s.france24.com\/media\/display\/212cf49c-08f8-11f1-9cef-005056bf30b7\/w:1024\/p:16x9\/ES-20260213-074203-074347-CS.jpg 1024w\" sizes=\"auto, (max-width: 639px) calc(100vw - 32px), (max-width: 1076px) calc(100vw - 44px), 850px\" width=\"1024\" height=\"576\" alt loading=\"lazy\" class=\"a-img \">\n<\/picture><figcaption class=\"a-figcaption\"> <span>\u00a9 France 24<\/span> <\/figcaption><\/figure>\n<\/p><\/div>\n<\/p><\/div>\n<p>Vanderhoeven, sin embargo, aventur\u00f3 que por ello la cita se convertir\u00eda en una plataforma en la que los \u00abenfrentamientos que servir\u00e1n a los objetivos nacionalistas de Trump, [el primer ministro canadiense, Mark] Carney y los l\u00edderes de la Uni\u00f3n Europea\u00bb, algo que de momento no parece estar pasando de manera significativa.<\/p>\n<p>Por el contrario, lo que los atletas s\u00ed consiguieron ha sido un resultado que podr\u00eda decirse opuesto: que los abucheos del p\u00fablico en Mil\u00e1n y Cortina se produjeran cuando las c\u00e1maras enfocaron a Vance y Rubio, y no cuando desfil\u00f3 el equipo estadounidense (a diferencia de lo que ocurri\u00f3 con Israel, que no fue excluido de la cita pese a las cr\u00edticas).<\/p>\n<p>\u00abNo puedo opinar mucho, pero s\u00ed creo que eso habr\u00eda sido una pena para los atletas, porque le dedican todo a estar aqu\u00ed. Y mis amigos estadounidenses est\u00e1n todos en contra de las deportaciones\u00bb, afirm\u00f3 al respecto la esquiadora argentina Francesca Baruzzi.<\/p>\n<h2><strong>Tiempos agitados<\/strong><\/h2>\n<p>Aunque ninguno de estos atletas ha sufrido consecuencias graves por sus posturas, al menos por ahora, no todos han tenido la misma suerte al desafiar al COI.<\/p>\n<p>El corredor ucraniano de&nbsp;<em>skeleton<\/em>&nbsp;Vladyslav Heraskevych, por ejemplo, quiso competir mostrando&nbsp;<a href=\"https:\/\/www.instagram.com\/p\/DUprw38iAj2\/\" target=\"_blank\">un casco personalizado con im\u00e1genes de atletas y entrenadores ucranianos muertos durante la invasi\u00f3n rusa a gran escala contra su pa\u00eds<\/a>.<\/p>\n<p>Sin embargo, el COI lo consider\u00f3 una expresi\u00f3n pol\u00edtica dentro de la pista, es decir, una violaci\u00f3n directa de las normas de neutralidad de los Juegos, y lo excluy\u00f3 de la competici\u00f3n.<\/p>\n<p>En respuesta, Heraskevych ha denunciado la medida como un trato injusto en la aplicaci\u00f3n de las normas por parte del COI. El antecedente: la ceremonia de apertura de los Juegos de 1972 en los que el atleta israel\u00ed Jared Firestone&nbsp;luci\u00f3 una kip\u00e1 conmemorativa en memoria de las once v\u00edctimas de la masacre de M\u00fanich, con la inscripci\u00f3n: \u00abRecordamos. Resistimos. Nos levantamos\u00bb.<\/p>\n<div class=\"em-video-wrapper m-em-video\" data-media-video-wbmz370453-f24-es-20260214 data-wrapper-video-player data-show-hidden-video-player=\"WBMZ370453-F24-ES-20260214\" data-youtube-script>\n<div class=\"m-em-video__video\">\n<div class=\"o-em-consent \" readability=\"7\">\n<div class=\"o-em-consent__content\" readability=\"34\">\n<p class=\"o-em-consent__content__text\">Para mostrar este contenido de YouTube, debe autorizar las cookies de medici\u00f3n de audiencia y publicidad.<\/p>\n<p> <button class=\"a-master-button a-master-button--dark\" data-action=\"accept\"> Aceptar <svg class=\"a-svg a-svg--icon-check\"> <use xlink:href=\"\/build\/images\/svg\/sprite.17415c6ec01e4a8b145df03c806104d3.svg#icon-check\" href=\"\/build\/images\/svg\/sprite.17415c6ec01e4a8b145df03c806104d3.svg#icon-check\" \/> <\/svg> <\/button> <button class=\"a-link\" data-action=\"manage\">Gestionar mis opciones<i class=\"a-svg a-svg--icon-edit\"><\/i><\/button> <\/div>\n<\/div>\n<div class=\"o-em-adblock\" data-adblock-content readability=\"7\">\n<div class=\"o-em-adblock__content\" readability=\"34\">\n<p class=\"o-em-adblock__content__text\">Una extensi\u00f3n de tu navegador parece estar bloqueando la carga del reproductor de video. Para poder ver este contenido, debes desactivarla en este sitio.<\/p>\n<p> <button class=\"a-master-button a-master-button--dark\" data-action=\"reload\">Reintentar<\/button> <\/div>\n<\/div>\n<figure class=\"m-item-image m-item-image--16x9 m-item-image--has-caption\"> <picture class=\"a-picture a-picture--16x9\"><source type=\"image\/webp\" srcset=\"https:\/\/s.france24.com\/media\/display\/5fe75c56-084c-11f1-bea3-005056a97e36\/w:388\/p:16x9\/ES-20260212-123950-124138-CS.webp 388w, https:\/\/s.france24.com\/media\/display\/5fe75c56-084c-11f1-bea3-005056a97e36\/w:720\/p:16x9\/ES-20260212-123950-124138-CS.webp 720w, https:\/\/s.france24.com\/media\/display\/5fe75c56-084c-11f1-bea3-005056a97e36\/w:1024\/p:16x9\/ES-20260212-123950-124138-CS.webp 1024w\" sizes=\"(max-width: 639px) calc(100vw - 32px), (max-width: 1076px) calc(100vw - 44px), 850px\"><img fetchpriority=\"low\" decoding=\"async\" src=\"https:\/\/s.france24.com\/media\/display\/5fe75c56-084c-11f1-bea3-005056a97e36\/w:1024\/p:16x9\/ES-20260212-123950-124138-CS.jpg\" srcset=\"https:\/\/s.france24.com\/media\/display\/5fe75c56-084c-11f1-bea3-005056a97e36\/w:388\/p:16x9\/ES-20260212-123950-124138-CS.jpg 388w, https:\/\/s.france24.com\/media\/display\/5fe75c56-084c-11f1-bea3-005056a97e36\/w:720\/p:16x9\/ES-20260212-123950-124138-CS.jpg 720w, https:\/\/s.france24.com\/media\/display\/5fe75c56-084c-11f1-bea3-005056a97e36\/w:1024\/p:16x9\/ES-20260212-123950-124138-CS.jpg 1024w\" sizes=\"auto, (max-width: 639px) calc(100vw - 32px), (max-width: 1076px) calc(100vw - 44px), 850px\" width=\"1024\" height=\"576\" alt loading=\"lazy\" class=\"a-img \">\n<\/picture><figcaption class=\"a-figcaption\"> <span>\u00a9 France 24<\/span> <\/figcaption><\/figure>\n<\/p><\/div>\n<\/p><\/div>\n<p>Algunos analistas lo consideran un reflejo de los tiempos, que han vuelto a agitarse como en las d\u00e9cadas de mayor tensi\u00f3n geopol\u00edtica. Tanto es as\u00ed que la situaci\u00f3n actual \u2014como ya ocurri\u00f3 en los Juegos de Par\u00eds, cuando la atleta del Equipo Ol\u00edmpico de Refugiados Manizha Talash fue descalificada tras exhibir una capa con el mensaje \u00abFree Afghan Women\u00bb (\u00ablibertad para las mujeres afganas\u00bb)\u2014 tiene claros precedentes hist\u00f3ricos.<\/p>\n<p>La memoria remite, en particular, a algunos de los JJ. OO. m\u00e1s convulsos del siglo XX. En los Juegos Ol\u00edmpicos de M\u00e9xico 1968, los velocistas estadounidenses Tommie Smith y John Carlos alzaron su pu\u00f1o envuelto en un guante negro durante la ceremonia de medallas como s\u00edmbolo del movimiento Black Power y en protesta contra el racismo en Estados Unidos.<\/p>\n<p>Cuatro a\u00f1os despu\u00e9s, en los Juegos Ol\u00edmpicos de M\u00fanich 1972, los corredores estadounidenses Vince Matthews y Wayne Collett tambi\u00e9n fueron expulsados tras mostrarse indiferentes mientras sonaba el himno estadounidense en el podio.<\/p>\n","protected":false},"excerpt":{"rendered":"<p>A la esquiadora Sarah Schleper se la&#46;&#46;&#46;<\/p>\n","protected":false},"author":1,"featured_media":11798,"comment_status":"closed","ping_status":"closed","sticky":false,"template":"","format":"standard","meta":{"_jetpack_newsletter_access":"","_jetpack_dont_email_post_to_subs":false,"_jetpack_newsletter_tier_id":0,"_jetpack_memberships_contains_paywalled_content":false,"_jetpack_feature_clip_id":0,"_jetpack_memberships_contains_paid_content":false,"footnotes":"","jetpack_publicize_message":"","jetpack_publicize_feature_enabled":true,"jetpack_social_post_already_shared":false,"jetpack_social_options":{"image_generator_settings":{"template":"highway","default_image_id":0,"font":"","enabled":false},"version":2},"jetpack_post_was_ever_published":false},"categories":[48,43],"tags":[],"class_list":["post-11797","post","type-post","status-publish","format-standard","has-post-thumbnail","hentry","category-deportes","category-internacionales"],"yoast_head":"<!-- This site is optimized with the Yoast SEO plugin v28.1 - https:\/\/yoast.com\/product\/yoast-seo-wordpress\/ -->\n<title>En los JJ. OO. de Invierno de Milano Cortina, los atletas se rebelan - Sarmiento24h<\/title>\n<meta name=\"robots\" content=\"index, follow, max-snippet:-1, max-image-preview:large, max-video-preview:-1\" \/>\n<link rel=\"canonical\" href=\"https:\/\/sarmiento24h.com\/?p=11797\" \/>\n<meta property=\"og:locale\" content=\"es_ES\" \/>\n<meta property=\"og:type\" content=\"article\" \/>\n<meta property=\"og:title\" content=\"En los JJ. OO. de Invierno de Milano Cortina, los atletas se rebelan - Sarmiento24h\" \/>\n<meta property=\"og:description\" content=\"A la esquiadora Sarah Schleper se la&#046;&#046;&#046;\" \/>\n<meta property=\"og:url\" content=\"https:\/\/sarmiento24h.com\/?p=11797\" \/>\n<meta property=\"og:site_name\" content=\"Sarmiento24h\" \/>\n<meta property=\"article:publisher\" content=\"https:\/\/facebook.com\/s24hnoticias\" \/>\n<meta property=\"article:published_time\" content=\"2026-02-14T23:23:37+00:00\" \/>\n<meta property=\"og:image\" content=\"https:\/\/sarmiento24h.com\/wp-content\/uploads\/2026\/02\/en-los-jj-oo-de-invierno-de-milano-cortina-los-atletas-se-rebelan.jpg\" \/>\n\t<meta property=\"og:image:width\" content=\"980\" \/>\n\t<meta property=\"og:image:height\" content=\"551\" \/>\n\t<meta property=\"og:image:type\" content=\"image\/jpeg\" \/>\n<meta name=\"author\" content=\"sarmiento24h@gmail.com\" \/>\n<meta name=\"twitter:card\" content=\"summary_large_image\" \/>\n<meta name=\"twitter:creator\" content=\"@sarmiento24h\" \/>\n<meta name=\"twitter:site\" content=\"@sarmiento24h\" \/>\n<meta name=\"twitter:label1\" content=\"Escrito por\" \/>\n\t<meta name=\"twitter:data1\" content=\"sarmiento24h@gmail.com\" \/>\n\t<meta name=\"twitter:label2\" content=\"Tiempo de lectura\" \/>\n\t<meta name=\"twitter:data2\" content=\"8 minutos\" \/>\n<script type=\"application\/ld+json\" class=\"yoast-schema-graph\">{\"@context\":\"https:\\\/\\\/schema.org\",\"@graph\":[{\"@type\":\"Article\",\"@id\":\"https:\\\/\\\/sarmiento24h.com\\\/?p=11797#article\",\"isPartOf\":{\"@id\":\"https:\\\/\\\/sarmiento24h.com\\\/?p=11797\"},\"author\":{\"name\":\"sarmiento24h@gmail.com\",\"@id\":\"https:\\\/\\\/sarmiento24h.com\\\/#\\\/schema\\\/person\\\/d653a59725ad629a7e0429af7b939d4d\"},\"headline\":\"En los JJ. OO. de Invierno de Milano Cortina, los atletas se rebelan\",\"datePublished\":\"2026-02-14T23:23:37+00:00\",\"mainEntityOfPage\":{\"@id\":\"https:\\\/\\\/sarmiento24h.com\\\/?p=11797\"},\"wordCount\":1643,\"publisher\":{\"@id\":\"https:\\\/\\\/sarmiento24h.com\\\/#organization\"},\"image\":{\"@id\":\"https:\\\/\\\/sarmiento24h.com\\\/?p=11797#primaryimage\"},\"thumbnailUrl\":\"https:\\\/\\\/sarmiento24h.com\\\/wp-content\\\/uploads\\\/2026\\\/02\\\/en-los-jj-oo-de-invierno-de-milano-cortina-los-atletas-se-rebelan.jpg\",\"articleSection\":[\"Deportes\",\"Internacionales\"],\"inLanguage\":\"es\"},{\"@type\":\"WebPage\",\"@id\":\"https:\\\/\\\/sarmiento24h.com\\\/?p=11797\",\"url\":\"https:\\\/\\\/sarmiento24h.com\\\/?p=11797\",\"name\":\"En los JJ. OO. de Invierno de Milano Cortina, los atletas se rebelan - Sarmiento24h\",\"isPartOf\":{\"@id\":\"https:\\\/\\\/sarmiento24h.com\\\/#website\"},\"primaryImageOfPage\":{\"@id\":\"https:\\\/\\\/sarmiento24h.com\\\/?p=11797#primaryimage\"},\"image\":{\"@id\":\"https:\\\/\\\/sarmiento24h.com\\\/?p=11797#primaryimage\"},\"thumbnailUrl\":\"https:\\\/\\\/sarmiento24h.com\\\/wp-content\\\/uploads\\\/2026\\\/02\\\/en-los-jj-oo-de-invierno-de-milano-cortina-los-atletas-se-rebelan.jpg\",\"datePublished\":\"2026-02-14T23:23:37+00:00\",\"breadcrumb\":{\"@id\":\"https:\\\/\\\/sarmiento24h.com\\\/?p=11797#breadcrumb\"},\"inLanguage\":\"es\",\"potentialAction\":[{\"@type\":\"ReadAction\",\"target\":[\"https:\\\/\\\/sarmiento24h.com\\\/?p=11797\"]}]},{\"@type\":\"ImageObject\",\"inLanguage\":\"es\",\"@id\":\"https:\\\/\\\/sarmiento24h.com\\\/?p=11797#primaryimage\",\"url\":\"https:\\\/\\\/sarmiento24h.com\\\/wp-content\\\/uploads\\\/2026\\\/02\\\/en-los-jj-oo-de-invierno-de-milano-cortina-los-atletas-se-rebelan.jpg\",\"contentUrl\":\"https:\\\/\\\/sarmiento24h.com\\\/wp-content\\\/uploads\\\/2026\\\/02\\\/en-los-jj-oo-de-invierno-de-milano-cortina-los-atletas-se-rebelan.jpg\",\"width\":980,\"height\":551},{\"@type\":\"BreadcrumbList\",\"@id\":\"https:\\\/\\\/sarmiento24h.com\\\/?p=11797#breadcrumb\",\"itemListElement\":[{\"@type\":\"ListItem\",\"position\":1,\"name\":\"Home\",\"item\":\"https:\\\/\\\/sarmiento24h.com\\\/\"},{\"@type\":\"ListItem\",\"position\":2,\"name\":\"En los JJ. OO. de Invierno de Milano Cortina, los atletas se rebelan\"}]},{\"@type\":\"WebSite\",\"@id\":\"https:\\\/\\\/sarmiento24h.com\\\/#website\",\"url\":\"https:\\\/\\\/sarmiento24h.com\\\/\",\"name\":\"Sarmiento24h\",\"description\":\"\",\"publisher\":{\"@id\":\"https:\\\/\\\/sarmiento24h.com\\\/#organization\"},\"potentialAction\":[{\"@type\":\"SearchAction\",\"target\":{\"@type\":\"EntryPoint\",\"urlTemplate\":\"https:\\\/\\\/sarmiento24h.com\\\/?s={search_term_string}\"},\"query-input\":{\"@type\":\"PropertyValueSpecification\",\"valueRequired\":true,\"valueName\":\"search_term_string\"}}],\"inLanguage\":\"es\"},{\"@type\":\"Organization\",\"@id\":\"https:\\\/\\\/sarmiento24h.com\\\/#organization\",\"name\":\"Sarmiento24h\",\"url\":\"https:\\\/\\\/sarmiento24h.com\\\/\",\"logo\":{\"@type\":\"ImageObject\",\"inLanguage\":\"es\",\"@id\":\"https:\\\/\\\/sarmiento24h.com\\\/#\\\/schema\\\/logo\\\/image\\\/\",\"url\":\"https:\\\/\\\/sarmiento24h.com\\\/wp-content\\\/uploads\\\/2025\\\/12\\\/AddText_12-16-10.30.52.jpg\",\"contentUrl\":\"https:\\\/\\\/sarmiento24h.com\\\/wp-content\\\/uploads\\\/2025\\\/12\\\/AddText_12-16-10.30.52.jpg\",\"width\":1220,\"height\":324,\"caption\":\"Sarmiento24h\"},\"image\":{\"@id\":\"https:\\\/\\\/sarmiento24h.com\\\/#\\\/schema\\\/logo\\\/image\\\/\"},\"sameAs\":[\"https:\\\/\\\/facebook.com\\\/s24hnoticias\",\"https:\\\/\\\/x.com\\\/sarmiento24h\"]},{\"@type\":\"Person\",\"@id\":\"https:\\\/\\\/sarmiento24h.com\\\/#\\\/schema\\\/person\\\/d653a59725ad629a7e0429af7b939d4d\",\"name\":\"sarmiento24h@gmail.com\",\"image\":{\"@type\":\"ImageObject\",\"inLanguage\":\"es\",\"@id\":\"https:\\\/\\\/sarmiento24h.com\\\/wp-content\\\/litespeed\\\/avatar\\\/d02cbc4e23c747e6659cd45907173c8f.jpg?ver=1788047690\",\"url\":\"https:\\\/\\\/sarmiento24h.com\\\/wp-content\\\/litespeed\\\/avatar\\\/d02cbc4e23c747e6659cd45907173c8f.jpg?ver=1788047690\",\"contentUrl\":\"https:\\\/\\\/sarmiento24h.com\\\/wp-content\\\/litespeed\\\/avatar\\\/d02cbc4e23c747e6659cd45907173c8f.jpg?ver=1788047690\",\"caption\":\"sarmiento24h@gmail.com\"},\"sameAs\":[\"https:\\\/\\\/sarmiento24h.com\"],\"url\":\"https:\\\/\\\/sarmiento24h.com\\\/?author=1\"}]}<\/script>\n<!-- \/ Yoast SEO plugin. -->","yoast_head_json":{"title":"En los JJ. OO. de Invierno de Milano Cortina, los atletas se rebelan - Sarmiento24h","robots":{"index":"index","follow":"follow","max-snippet":"max-snippet:-1","max-image-preview":"max-image-preview:large","max-video-preview":"max-video-preview:-1"},"canonical":"https:\/\/sarmiento24h.com\/?p=11797","og_locale":"es_ES","og_type":"article","og_title":"En los JJ. OO. de Invierno de Milano Cortina, los atletas se rebelan - Sarmiento24h","og_description":"A la esquiadora Sarah Schleper se la&#46;&#46;&#46;","og_url":"https:\/\/sarmiento24h.com\/?p=11797","og_site_name":"Sarmiento24h","article_publisher":"https:\/\/facebook.com\/s24hnoticias","article_published_time":"2026-02-14T23:23:37+00:00","og_image":[{"width":980,"height":551,"url":"https:\/\/sarmiento24h.com\/wp-content\/uploads\/2026\/02\/en-los-jj-oo-de-invierno-de-milano-cortina-los-atletas-se-rebelan.jpg","type":"image\/jpeg"}],"author":"sarmiento24h@gmail.com","twitter_card":"summary_large_image","twitter_creator":"@sarmiento24h","twitter_site":"@sarmiento24h","twitter_misc":{"Escrito por":"sarmiento24h@gmail.com","Tiempo de lectura":"8 minutos"},"schema":{"@context":"https:\/\/schema.org","@graph":[{"@type":"Article","@id":"https:\/\/sarmiento24h.com\/?p=11797#article","isPartOf":{"@id":"https:\/\/sarmiento24h.com\/?p=11797"},"author":{"name":"sarmiento24h@gmail.com","@id":"https:\/\/sarmiento24h.com\/#\/schema\/person\/d653a59725ad629a7e0429af7b939d4d"},"headline":"En los JJ. OO. de Invierno de Milano Cortina, los atletas se rebelan","datePublished":"2026-02-14T23:23:37+00:00","mainEntityOfPage":{"@id":"https:\/\/sarmiento24h.com\/?p=11797"},"wordCount":1643,"publisher":{"@id":"https:\/\/sarmiento24h.com\/#organization"},"image":{"@id":"https:\/\/sarmiento24h.com\/?p=11797#primaryimage"},"thumbnailUrl":"https:\/\/sarmiento24h.com\/wp-content\/uploads\/2026\/02\/en-los-jj-oo-de-invierno-de-milano-cortina-los-atletas-se-rebelan.jpg","articleSection":["Deportes","Internacionales"],"inLanguage":"es"},{"@type":"WebPage","@id":"https:\/\/sarmiento24h.com\/?p=11797","url":"https:\/\/sarmiento24h.com\/?p=11797","name":"En los JJ. OO. de Invierno de Milano Cortina, los atletas se rebelan - Sarmiento24h","isPartOf":{"@id":"https:\/\/sarmiento24h.com\/#website"},"primaryImageOfPage":{"@id":"https:\/\/sarmiento24h.com\/?p=11797#primaryimage"},"image":{"@id":"https:\/\/sarmiento24h.com\/?p=11797#primaryimage"},"thumbnailUrl":"https:\/\/sarmiento24h.com\/wp-content\/uploads\/2026\/02\/en-los-jj-oo-de-invierno-de-milano-cortina-los-atletas-se-rebelan.jpg","datePublished":"2026-02-14T23:23:37+00:00","breadcrumb":{"@id":"https:\/\/sarmiento24h.com\/?p=11797#breadcrumb"},"inLanguage":"es","potentialAction":[{"@type":"ReadAction","target":["https:\/\/sarmiento24h.com\/?p=11797"]}]},{"@type":"ImageObject","inLanguage":"es","@id":"https:\/\/sarmiento24h.com\/?p=11797#primaryimage","url":"https:\/\/sarmiento24h.com\/wp-content\/uploads\/2026\/02\/en-los-jj-oo-de-invierno-de-milano-cortina-los-atletas-se-rebelan.jpg","contentUrl":"https:\/\/sarmiento24h.com\/wp-content\/uploads\/2026\/02\/en-los-jj-oo-de-invierno-de-milano-cortina-los-atletas-se-rebelan.jpg","width":980,"height":551},{"@type":"BreadcrumbList","@id":"https:\/\/sarmiento24h.com\/?p=11797#breadcrumb","itemListElement":[{"@type":"ListItem","position":1,"name":"Home","item":"https:\/\/sarmiento24h.com\/"},{"@type":"ListItem","position":2,"name":"En los JJ. OO. de Invierno de Milano Cortina, los atletas se rebelan"}]},{"@type":"WebSite","@id":"https:\/\/sarmiento24h.com\/#website","url":"https:\/\/sarmiento24h.com\/","name":"Sarmiento24h","description":"","publisher":{"@id":"https:\/\/sarmiento24h.com\/#organization"},"potentialAction":[{"@type":"SearchAction","target":{"@type":"EntryPoint","urlTemplate":"https:\/\/sarmiento24h.com\/?s={search_term_string}"},"query-input":{"@type":"PropertyValueSpecification","valueRequired":true,"valueName":"search_term_string"}}],"inLanguage":"es"},{"@type":"Organization","@id":"https:\/\/sarmiento24h.com\/#organization","name":"Sarmiento24h","url":"https:\/\/sarmiento24h.com\/","logo":{"@type":"ImageObject","inLanguage":"es","@id":"https:\/\/sarmiento24h.com\/#\/schema\/logo\/image\/","url":"https:\/\/sarmiento24h.com\/wp-content\/uploads\/2025\/12\/AddText_12-16-10.30.52.jpg","contentUrl":"https:\/\/sarmiento24h.com\/wp-content\/uploads\/2025\/12\/AddText_12-16-10.30.52.jpg","width":1220,"height":324,"caption":"Sarmiento24h"},"image":{"@id":"https:\/\/sarmiento24h.com\/#\/schema\/logo\/image\/"},"sameAs":["https:\/\/facebook.com\/s24hnoticias","https:\/\/x.com\/sarmiento24h"]},{"@type":"Person","@id":"https:\/\/sarmiento24h.com\/#\/schema\/person\/d653a59725ad629a7e0429af7b939d4d","name":"sarmiento24h@gmail.com","image":{"@type":"ImageObject","inLanguage":"es","@id":"https:\/\/sarmiento24h.com\/wp-content\/litespeed\/avatar\/d02cbc4e23c747e6659cd45907173c8f.jpg?ver=1788047690","url":"https:\/\/sarmiento24h.com\/wp-content\/litespeed\/avatar\/d02cbc4e23c747e6659cd45907173c8f.jpg?ver=1788047690","contentUrl":"https:\/\/sarmiento24h.com\/wp-content\/litespeed\/avatar\/d02cbc4e23c747e6659cd45907173c8f.jpg?ver=1788047690","caption":"sarmiento24h@gmail.com"},"sameAs":["https:\/\/sarmiento24h.com"],"url":"https:\/\/sarmiento24h.com\/?author=1"}]}},"jetpack_publicize_connections":[],"jetpack_featured_media_url":"https:\/\/sarmiento24h.com\/wp-content\/uploads\/2026\/02\/en-los-jj-oo-de-invierno-de-milano-cortina-los-atletas-se-rebelan.jpg","jetpack_sharing_enabled":true,"_links":{"self":[{"href":"https:\/\/sarmiento24h.com\/index.php?rest_route=\/wp\/v2\/posts\/11797","targetHints":{"allow":["GET"]}}],"collection":[{"href":"https:\/\/sarmiento24h.com\/index.php?rest_route=\/wp\/v2\/posts"}],"about":[{"href":"https:\/\/sarmiento24h.com\/index.php?rest_route=\/wp\/v2\/types\/post"}],"author":[{"embeddable":true,"href":"https:\/\/sarmiento24h.com\/index.php?rest_route=\/wp\/v2\/users\/1"}],"replies":[{"embeddable":true,"href":"https:\/\/sarmiento24h.com\/index.php?rest_route=%2Fwp%2Fv2%2Fcomments&post=11797"}],"version-history":[{"count":0,"href":"https:\/\/sarmiento24h.com\/index.php?rest_route=\/wp\/v2\/posts\/11797\/revisions"}],"wp:featuredmedia":[{"embeddable":true,"href":"https:\/\/sarmiento24h.com\/index.php?rest_route=\/wp\/v2\/media\/11798"}],"wp:attachment":[{"href":"https:\/\/sarmiento24h.com\/index.php?rest_route=%2Fwp%2Fv2%2Fmedia&parent=11797"}],"wp:term":[{"taxonomy":"category","embeddable":true,"href":"https:\/\/sarmiento24h.com\/index.php?rest_route=%2Fwp%2Fv2%2Fcategories&post=11797"},{"taxonomy":"post_tag","embeddable":true,"href":"https:\/\/sarmiento24h.com\/index.php?rest_route=%2Fwp%2Fv2%2Ftags&post=11797"}],"curies":[{"name":"wp","href":"https:\/\/api.w.org\/{rel}","templated":true}]}}