{"id":11944,"date":"2026-02-15T14:43:31","date_gmt":"2026-02-15T14:43:31","guid":{"rendered":"http:\/\/8b4bd020-0a77-11f1-a1e8-1be88b7b4e28"},"modified":"2026-02-15T14:43:31","modified_gmt":"2026-02-15T14:43:31","slug":"obama-denuncia-un-espectaculo-de-payasos-tras-la-difusion-por-donald-trump-de-un-video-racista","status":"publish","type":"post","link":"https:\/\/sarmiento24h.com\/?p=11944","title":{"rendered":"Obama denuncia un \u00abespect\u00e1culo de payasos\u00bb tras la difusi\u00f3n por Donald Trump de un video racista"},"content":{"rendered":"<p>Habitualmente poco presente en los medios, <a href=\"https:\/\/www.france24.com\/es\/tag\/barack-obama\/\" target=\"_self\" class=\"gtm-add-suggested-tag\">Barack Obama<\/a> intervino en un p\u00f3dcast pol\u00edtico difundido el s\u00e1bado 14 de febrero, en el que expres\u00f3 su preocupaci\u00f3n por las consecuencias para <a href=\"https:\/\/www.france24.com\/es\/tag\/estados-unidos\/\" target=\"_self\" class=\"gtm-add-suggested-tag\">Estados Unidos<\/a> bajo su sucesor republicano.<\/p>\n<p>El exmandatario dem\u00f3crata lament\u00f3 el \u201cespect\u00e1culo de payasos\u201d ofrecido por la clase pol\u00edtica estadounidense tras la difusi\u00f3n por parte de <a href=\"https:\/\/www.france24.com\/es\/tag\/donald-trump\/\" target=\"_self\" class=\"gtm-add-suggested-tag\">Donald Trump<\/a> de un video racista.<\/p>\n<div class=\"em-video-wrapper m-em-video\" data-media-video-wbmz370525-f24-es-20260215 data-wrapper-video-player data-show-hidden-video-player=\"WBMZ370525-F24-ES-20260215\" data-youtube-script readability=\"7\">\n<p>Directo D. C. y el video racista publicado en las redes sociales de Trump<\/p>\n<div class=\"m-em-video__video\">\n<div class=\"o-em-consent \" readability=\"7\">\n<div class=\"o-em-consent__content\" readability=\"34\">\n<p class=\"o-em-consent__content__text\">Para mostrar este contenido de YouTube, debe autorizar las cookies de medici\u00f3n de audiencia y publicidad.<\/p>\n<p> <button class=\"a-master-button a-master-button--dark\" data-action=\"accept\"> Aceptar <svg class=\"a-svg a-svg--icon-check\"> <use xlink:href=\"\/build\/images\/svg\/sprite.17415c6ec01e4a8b145df03c806104d3.svg#icon-check\" href=\"\/build\/images\/svg\/sprite.17415c6ec01e4a8b145df03c806104d3.svg#icon-check\" \/> <\/svg> <\/button> <button class=\"a-link\" data-action=\"manage\">Gestionar mis opciones<i class=\"a-svg a-svg--icon-edit\"><\/i><\/button> <\/div>\n<\/div>\n<div class=\"o-em-adblock\" data-adblock-content readability=\"7\">\n<div class=\"o-em-adblock__content\" readability=\"34\">\n<p class=\"o-em-adblock__content__text\">Una extensi\u00f3n de tu navegador parece estar bloqueando la carga del reproductor de video. Para poder ver este contenido, debes desactivarla en este sitio.<\/p>\n<p> <button class=\"a-master-button a-master-button--dark\" data-action=\"reload\">Reintentar<\/button> <\/div>\n<\/div>\n<figure class=\"m-item-image m-item-image--16x9 m-item-image--has-caption\"> <picture class=\"a-picture a-picture--16x9\"><source type=\"image\/webp\" srcset=\"https:\/\/s.france24.com\/media\/display\/fa6d4d58-03e7-11f1-985b-005056bf30b7\/w:388\/p:16x9\/ES-20260206-191455-192031-CS.webp 388w, https:\/\/s.france24.com\/media\/display\/fa6d4d58-03e7-11f1-985b-005056bf30b7\/w:720\/p:16x9\/ES-20260206-191455-192031-CS.webp 720w, https:\/\/s.france24.com\/media\/display\/fa6d4d58-03e7-11f1-985b-005056bf30b7\/w:1024\/p:16x9\/ES-20260206-191455-192031-CS.webp 1024w\" sizes=\"(max-width: 639px) calc(100vw - 32px), (max-width: 1076px) calc(100vw - 44px), 850px\"><img fetchpriority=\"low\" decoding=\"async\" src=\"https:\/\/sarmiento24h.com\/wp-content\/uploads\/2026\/02\/obama-denuncia-un-espectaculo-de-payasos-tras-la-difusion-por-donald-trump-de-un-video-racista.jpg\" srcset=\"https:\/\/sarmiento24h.com\/wp-content\/uploads\/2026\/02\/obama-denuncia-un-espectaculo-de-payasos-tras-la-difusion-por-donald-trump-de-un-video-racista-2.jpg 388w, https:\/\/sarmiento24h.com\/wp-content\/uploads\/2026\/02\/obama-denuncia-un-espectaculo-de-payasos-tras-la-difusion-por-donald-trump-de-un-video-racista-3.jpg 720w, https:\/\/sarmiento24h.com\/wp-content\/uploads\/2026\/02\/obama-denuncia-un-espectaculo-de-payasos-tras-la-difusion-por-donald-trump-de-un-video-racista.jpg 1024w\" sizes=\"auto, (max-width: 639px) calc(100vw - 32px), (max-width: 1076px) calc(100vw - 44px), 850px\" width=\"1024\" height=\"576\" alt=\"Directo D. C. y el video racista publicado en las redes sociales de Trump\" loading=\"lazy\" class=\"a-img \">\n<\/picture><figcaption class=\"a-figcaption\"> <span>\u00a9 France 24<\/span> <\/figcaption><\/figure>\n<\/p><\/div>\n<\/p><\/div>\n<p>Tambi\u00e9n conden\u00f3 las operaciones contra la <a href=\"https:\/\/www.france24.com\/es\/tag\/inmigraci\u00f3n\/\" target=\"_self\" class=\"gtm-add-suggested-tag\">inmigraci\u00f3n<\/a>, que, seg\u00fan \u00e9l, recuerdan pr\u00e1cticas propias de una <a href=\"https:\/\/www.france24.com\/es\/tag\/dictadura\/\" target=\"_self\" class=\"gtm-add-suggested-tag\">dictadura<\/a>.<\/p>\n<p>El comentarista pol\u00edtico progresista Brian Tyler Cohen le pregunt\u00f3 en particular por la \u00abdegradaci\u00f3n del discurso\u00bb pol\u00edtico en Estados Unidos y cit\u00f3 como ejemplo el video, ampliamente denunciado como racista, difundido y posteriormente eliminado a comienzos de mes en la red Truth Social desde la cuenta de Donald Trump.<\/p>\n<h2><strong>Animadversi\u00f3n de Trump hacia Obama<\/strong><\/h2>\n<p>La mayor\u00eda de los estadounidenses \u00abconsidera profundamente inquietante este comportamiento\u00bb, respondi\u00f3 Barack Obama, sin mencionar expl\u00edcitamente el video ni a su sucesor republicano.<\/p>\n<blockquote class=\"quote\" readability=\"11\">\n<p>\u00abHay una especie de espect\u00e1culo de payasos que se desarrolla en las redes sociales y en la televisi\u00f3n, y lo cierto es que no parece provocar ninguna verg\u00fcenza entre personas que antes pensaban que deb\u00eda existir cierta decencia, sentido de las formas y respeto por la funci\u00f3n p\u00fablica. Eso se ha perdido\u00bb, afirm\u00f3 el exmandatario.<\/p>\n<\/blockquote>\n<p>El video, al que no hab\u00eda reaccionado hasta ahora, mostraba los rostros de Barack Obama, primer presidente negro del pa\u00eds, y de Michelle Obama sobre cuerpos de <a href=\"https:\/\/www.france24.com\/es\/tag\/primates\/\" target=\"_self\" class=\"gtm-add-suggested-tag\">primates<\/a>, lo que provoc\u00f3 numerosas cr\u00edticas entre dem\u00f3cratas y algunos republicanos.<\/p>\n<p>Donald Trump minimiz\u00f3 las cr\u00edticas y asegur\u00f3 no haber visto la parte en cuesti\u00f3n del video, mientras que la Casa Blanca afirm\u00f3 que un miembro de su equipo fue responsable de la publicaci\u00f3n.<\/p>\n<p>El magnate mantiene una animadversi\u00f3n particular hacia Barack Obama, figura muy popular entre los estadounidenses. Suele referirse a \u00e9l como \u00abBarack Hussein Obama\u00bb, utilizando su segundo nombre, y contribuy\u00f3 a difundir teor\u00edas conspirativas sobre la nacionalidad del dem\u00f3crata.<\/p>\n<p>Durante su campa\u00f1a, el l\u00edder republicano multiplic\u00f3 declaraciones virulentas contra los inmigrantes y comparti\u00f3 informaciones falsas con tintes racistas.<\/p>\n<h2><strong>\u00abNo es la Am\u00e9rica en la que creemos\u00bb<\/strong><\/h2>\n<p>En la misma entrevista, Barack Obama se mostr\u00f3 especialmente cr\u00edtico con las actuaciones del Servicio de Inmigraci\u00f3n y Control de Aduanas (ICE) y de la patrulla fronteriza en <a href=\"https:\/\/www.france24.com\/es\/tag\/minneapolis\/\" target=\"_self\" class=\"gtm-add-suggested-tag\">Minneapolis<\/a>, hasta el final de su despliegue esta semana.<\/p>\n<blockquote class=\"quote\" readability=\"9\">\n<p>\u00abEl comportamiento desviado de agentes del gobierno federal es profundamente preocupante y peligroso\u00bb, afirm\u00f3, aludiendo a pr\u00e1cticas \u201cque hemos visto en el pasado en pa\u00edses autoritarios y en dictaduras\u201d.<\/p>\n<\/blockquote>\n<p>Desde diciembre, varios miles de agentes federales, a menudo encapuchados, han multiplicado redadas y arrestos de <a href=\"https:\/\/www.france24.com\/es\/tag\/migrantes\/\" target=\"_self\" class=\"gtm-add-suggested-tag\">migrantes<\/a>, lo que ha provocado la indignaci\u00f3n de numerosos habitantes de este basti\u00f3n dem\u00f3crata, convertido en el epicentro del rechazo a la pol\u00edtica migratoria represiva del presidente estadounidense.<\/p>\n<p>Dos ciudadanos estadounidenses que intentaron oponerse al <a href=\"https:\/\/www.france24.com\/es\/tag\/servicio-de-inmigraci\u00f3n-y-aduanas-ice\/\" target=\"_self\" class=\"gtm-add-suggested-tag\">ICE<\/a>, Renee Good y <a href=\"https:\/\/www.france24.com\/es\/tag\/alex-pretti\/\" target=\"_self\" class=\"gtm-add-suggested-tag\">Alex Pretti<\/a>, murieron por disparos de agentes federales el mes pasado.<\/p>\n<div class=\"em-video-wrapper m-em-video\" data-media-video-wbmz365476-f24-es-20260127 data-wrapper-video-player data-show-hidden-video-player=\"WBMZ365476-F24-ES-20260127\" data-youtube-script readability=\"7\">\n<p>Casos Good y Pretti: \u00bfICE tiene inmunidad absoluta en Estados Unidos?<\/p>\n<div class=\"m-em-video__video\">\n<div class=\"o-em-consent \" readability=\"7\">\n<div class=\"o-em-consent__content\" readability=\"34\">\n<p class=\"o-em-consent__content__text\">Para mostrar este contenido de YouTube, debe autorizar las cookies de medici\u00f3n de audiencia y publicidad.<\/p>\n<p> <button class=\"a-master-button a-master-button--dark\" data-action=\"accept\"> Aceptar <svg class=\"a-svg a-svg--icon-check\"> <use xlink:href=\"\/build\/images\/svg\/sprite.17415c6ec01e4a8b145df03c806104d3.svg#icon-check\" href=\"\/build\/images\/svg\/sprite.17415c6ec01e4a8b145df03c806104d3.svg#icon-check\" \/> <\/svg> <\/button> <button class=\"a-link\" data-action=\"manage\">Gestionar mis opciones<i class=\"a-svg a-svg--icon-edit\"><\/i><\/button> <\/div>\n<\/div>\n<div class=\"o-em-adblock\" data-adblock-content readability=\"7\">\n<div class=\"o-em-adblock__content\" readability=\"34\">\n<p class=\"o-em-adblock__content__text\">Una extensi\u00f3n de tu navegador parece estar bloqueando la carga del reproductor de video. Para poder ver este contenido, debes desactivarla en este sitio.<\/p>\n<p> <button class=\"a-master-button a-master-button--dark\" data-action=\"reload\">Reintentar<\/button> <\/div>\n<\/div>\n<figure class=\"m-item-image m-item-image--16x9 m-item-image--has-caption\"> <picture class=\"a-picture a-picture--16x9\"><source type=\"image\/webp\" srcset=\"https:\/\/s.france24.com\/media\/display\/699b16fe-faee-11f0-9e60-005056bf30b7\/w:388\/p:16x9\/2026-01-24T233306Z-1585848399-RC2R7JA1FEUR-RTRMADP-3-USA-TRUMP-MINNESOTA.webp 388w, https:\/\/s.france24.com\/media\/display\/699b16fe-faee-11f0-9e60-005056bf30b7\/w:720\/p:16x9\/2026-01-24T233306Z-1585848399-RC2R7JA1FEUR-RTRMADP-3-USA-TRUMP-MINNESOTA.webp 720w, https:\/\/s.france24.com\/media\/display\/699b16fe-faee-11f0-9e60-005056bf30b7\/w:1024\/p:16x9\/2026-01-24T233306Z-1585848399-RC2R7JA1FEUR-RTRMADP-3-USA-TRUMP-MINNESOTA.webp 1024w\" sizes=\"(max-width: 639px) calc(100vw - 32px), (max-width: 1076px) calc(100vw - 44px), 850px\"><img fetchpriority=\"low\" decoding=\"async\" src=\"https:\/\/sarmiento24h.com\/wp-content\/uploads\/2026\/02\/obama-denuncia-un-espectaculo-de-payasos-tras-la-difusion-por-donald-trump-de-un-video-racista-1.jpg\" srcset=\"https:\/\/sarmiento24h.com\/wp-content\/uploads\/2026\/02\/obama-denuncia-un-espectaculo-de-payasos-tras-la-difusion-por-donald-trump-de-un-video-racista-4.jpg 388w, https:\/\/sarmiento24h.com\/wp-content\/uploads\/2026\/02\/obama-denuncia-un-espectaculo-de-payasos-tras-la-difusion-por-donald-trump-de-un-video-racista-5.jpg 720w, https:\/\/sarmiento24h.com\/wp-content\/uploads\/2026\/02\/obama-denuncia-un-espectaculo-de-payasos-tras-la-difusion-por-donald-trump-de-un-video-racista-1.jpg 1024w\" sizes=\"auto, (max-width: 639px) calc(100vw - 32px), (max-width: 1076px) calc(100vw - 44px), 850px\" width=\"1024\" height=\"576\" alt=\"Agentes federales se encuentran detr\u00e1s de una cinta policial mientras la gente se re\u00fane cerca del lugar donde un hombre identificado como Alex Pretti fue asesinado a tiros por agentes federales que intentaban detenerlo, en Minneapolis, Minnesota, EE. UU., el 24 de enero de 2026.\" loading=\"lazy\" class=\"a-img \">\n<\/picture><figcaption class=\"a-figcaption\"> <span>Agentes federales se encuentran detr\u00e1s de una cinta policial mientras la gente se re\u00fane cerca del lugar donde un hombre identificado como Alex Pretti fue asesinado a tiros por agentes federales que intentaban detenerlo, en Minneapolis, Minnesota, EE. UU., el 24 de enero de 2026.<\/span> <span>REUTERS &#8211; Seth Herald<\/span> <\/figcaption><\/figure>\n<\/p><\/div>\n<\/p><\/div>\n<p>Obama ya hab\u00eda criticado anteriormente la actuaci\u00f3n del ICE, llamando a un \u00abdespertar\u00bb ciudadano ante el <a href=\"https:\/\/www.france24.com\/es\/tag\/ataque\/\" target=\"_self\" class=\"gtm-add-suggested-tag\">ataque<\/a> a valores fundamentales.<\/p>\n<p>En el p\u00f3dcast, elogi\u00f3 la resistencia frente a estas operaciones: \u00abSon ciudadanos que dicen, de manera sistem\u00e1tica y organizada: &#8216;esta no es la Am\u00e9rica en la que creemos&#8217;, y vamos a resistir, vamos a responder con la verdad, con c\u00e1maras y con manifestaciones pac\u00edficas\u00bb.<\/p>\n<blockquote class=\"quote\" readability=\"9\">\n<p>\u00abEste tipo de comportamiento heroico y persistente por parte de personas comunes, pese a las temperaturas bajo cero, deber\u00eda darnos esperanza\u00bb, a\u00f1adi\u00f3.<\/p>\n<\/blockquote>\n<h2><strong>Pulso en el Congreso<\/strong><\/h2>\n<p><a href=\"https:\/\/www.france24.com\/es\/tag\/tom-homan\/\" target=\"_self\" class=\"gtm-add-suggested-tag\">Tom Homan<\/a>, estrecho colaborador del presidente Donald Trump, anunci\u00f3 el jueves, 12 de febrero, el fin de la operaci\u00f3n llevada a cabo en Minnesota. La oposici\u00f3n dem\u00f3crata contin\u00faa reclamando amplias reformas en el funcionamiento del ICE, incluida la eliminaci\u00f3n de patrullas m\u00f3viles, la prohibici\u00f3n de que los agentes oculten su rostro y la obligaci\u00f3n de contar con una orden judicial antes de detener a un migrante.<\/p>\n<p>Con ese objetivo, los l\u00edderes dem\u00f3cratas en el Congreso se niegan a aprobar el proyecto de financiaci\u00f3n 2026 del Departamento de <a href=\"https:\/\/www.france24.com\/es\/tag\/seguridad\/\" target=\"_self\" class=\"gtm-add-suggested-tag\">Seguridad<\/a> Nacional (DHS).<\/p>\n","protected":false},"excerpt":{"rendered":"<p>Habitualmente poco presente en los medios, Barack&#46;&#46;&#46;<\/p>\n","protected":false},"author":1,"featured_media":11945,"comment_status":"closed","ping_status":"closed","sticky":false,"template":"","format":"standard","meta":{"_jetpack_newsletter_access":"","_jetpack_dont_email_post_to_subs":false,"_jetpack_newsletter_tier_id":0,"_jetpack_memberships_contains_paywalled_content":false,"_jetpack_feature_clip_id":0,"_jetpack_memberships_contains_paid_content":false,"footnotes":"","jetpack_publicize_message":"","jetpack_publicize_feature_enabled":true,"jetpack_social_post_already_shared":false,"jetpack_social_options":{"image_generator_settings":{"template":"highway","default_image_id":0,"font":"","enabled":false},"version":2},"jetpack_post_was_ever_published":false},"categories":[43],"tags":[],"class_list":["post-11944","post","type-post","status-publish","format-standard","has-post-thumbnail","hentry","category-internacionales"],"yoast_head":"<!-- This site is optimized with the Yoast SEO plugin v28.1 - https:\/\/yoast.com\/product\/yoast-seo-wordpress\/ -->\n<title>Obama denuncia un &quot;espect\u00e1culo de payasos&quot; tras la difusi\u00f3n por Donald Trump de un video racista - Sarmiento24h<\/title>\n<meta name=\"robots\" content=\"index, follow, max-snippet:-1, max-image-preview:large, max-video-preview:-1\" \/>\n<link rel=\"canonical\" href=\"https:\/\/sarmiento24h.com\/?p=11944\" \/>\n<meta property=\"og:locale\" content=\"es_ES\" \/>\n<meta property=\"og:type\" content=\"article\" \/>\n<meta property=\"og:title\" content=\"Obama denuncia un &quot;espect\u00e1culo de payasos&quot; tras la difusi\u00f3n por Donald Trump de un video racista - Sarmiento24h\" \/>\n<meta property=\"og:description\" content=\"Habitualmente poco presente en los medios, Barack&#046;&#046;&#046;\" \/>\n<meta property=\"og:url\" content=\"https:\/\/sarmiento24h.com\/?p=11944\" \/>\n<meta property=\"og:site_name\" content=\"Sarmiento24h\" \/>\n<meta property=\"article:publisher\" content=\"https:\/\/facebook.com\/s24hnoticias\" \/>\n<meta property=\"article:published_time\" content=\"2026-02-15T14:43:31+00:00\" \/>\n<meta property=\"og:image\" content=\"https:\/\/sarmiento24h.com\/wp-content\/uploads\/2026\/02\/obama-denuncia-un-espectaculo-de-payasos-tras-la-difusion-por-donald-trump-de-un-video-racista.jpg\" \/>\n\t<meta property=\"og:image:width\" content=\"1024\" \/>\n\t<meta property=\"og:image:height\" content=\"576\" \/>\n\t<meta property=\"og:image:type\" content=\"image\/jpeg\" \/>\n<meta name=\"author\" content=\"sarmiento24h@gmail.com\" \/>\n<meta name=\"twitter:card\" content=\"summary_large_image\" \/>\n<meta name=\"twitter:creator\" content=\"@sarmiento24h\" \/>\n<meta name=\"twitter:site\" content=\"@sarmiento24h\" \/>\n<meta name=\"twitter:label1\" content=\"Escrito por\" \/>\n\t<meta name=\"twitter:data1\" content=\"sarmiento24h@gmail.com\" \/>\n\t<meta name=\"twitter:label2\" content=\"Tiempo de lectura\" \/>\n\t<meta name=\"twitter:data2\" content=\"4 minutos\" \/>\n<script type=\"application\/ld+json\" class=\"yoast-schema-graph\">{\"@context\":\"https:\\\/\\\/schema.org\",\"@graph\":[{\"@type\":\"Article\",\"@id\":\"https:\\\/\\\/sarmiento24h.com\\\/?p=11944#article\",\"isPartOf\":{\"@id\":\"https:\\\/\\\/sarmiento24h.com\\\/?p=11944\"},\"author\":{\"name\":\"sarmiento24h@gmail.com\",\"@id\":\"https:\\\/\\\/sarmiento24h.com\\\/#\\\/schema\\\/person\\\/d653a59725ad629a7e0429af7b939d4d\"},\"headline\":\"Obama denuncia un \u00abespect\u00e1culo de payasos\u00bb tras la difusi\u00f3n por Donald Trump de un video racista\",\"datePublished\":\"2026-02-15T14:43:31+00:00\",\"mainEntityOfPage\":{\"@id\":\"https:\\\/\\\/sarmiento24h.com\\\/?p=11944\"},\"wordCount\":906,\"publisher\":{\"@id\":\"https:\\\/\\\/sarmiento24h.com\\\/#organization\"},\"image\":{\"@id\":\"https:\\\/\\\/sarmiento24h.com\\\/?p=11944#primaryimage\"},\"thumbnailUrl\":\"https:\\\/\\\/sarmiento24h.com\\\/wp-content\\\/uploads\\\/2026\\\/02\\\/obama-denuncia-un-espectaculo-de-payasos-tras-la-difusion-por-donald-trump-de-un-video-racista.jpg\",\"articleSection\":[\"Internacionales\"],\"inLanguage\":\"es\"},{\"@type\":\"WebPage\",\"@id\":\"https:\\\/\\\/sarmiento24h.com\\\/?p=11944\",\"url\":\"https:\\\/\\\/sarmiento24h.com\\\/?p=11944\",\"name\":\"Obama denuncia un \\\"espect\u00e1culo de payasos\\\" tras la difusi\u00f3n por Donald Trump de un video racista - Sarmiento24h\",\"isPartOf\":{\"@id\":\"https:\\\/\\\/sarmiento24h.com\\\/#website\"},\"primaryImageOfPage\":{\"@id\":\"https:\\\/\\\/sarmiento24h.com\\\/?p=11944#primaryimage\"},\"image\":{\"@id\":\"https:\\\/\\\/sarmiento24h.com\\\/?p=11944#primaryimage\"},\"thumbnailUrl\":\"https:\\\/\\\/sarmiento24h.com\\\/wp-content\\\/uploads\\\/2026\\\/02\\\/obama-denuncia-un-espectaculo-de-payasos-tras-la-difusion-por-donald-trump-de-un-video-racista.jpg\",\"datePublished\":\"2026-02-15T14:43:31+00:00\",\"breadcrumb\":{\"@id\":\"https:\\\/\\\/sarmiento24h.com\\\/?p=11944#breadcrumb\"},\"inLanguage\":\"es\",\"potentialAction\":[{\"@type\":\"ReadAction\",\"target\":[\"https:\\\/\\\/sarmiento24h.com\\\/?p=11944\"]}]},{\"@type\":\"ImageObject\",\"inLanguage\":\"es\",\"@id\":\"https:\\\/\\\/sarmiento24h.com\\\/?p=11944#primaryimage\",\"url\":\"https:\\\/\\\/sarmiento24h.com\\\/wp-content\\\/uploads\\\/2026\\\/02\\\/obama-denuncia-un-espectaculo-de-payasos-tras-la-difusion-por-donald-trump-de-un-video-racista.jpg\",\"contentUrl\":\"https:\\\/\\\/sarmiento24h.com\\\/wp-content\\\/uploads\\\/2026\\\/02\\\/obama-denuncia-un-espectaculo-de-payasos-tras-la-difusion-por-donald-trump-de-un-video-racista.jpg\",\"width\":1024,\"height\":576},{\"@type\":\"BreadcrumbList\",\"@id\":\"https:\\\/\\\/sarmiento24h.com\\\/?p=11944#breadcrumb\",\"itemListElement\":[{\"@type\":\"ListItem\",\"position\":1,\"name\":\"Home\",\"item\":\"https:\\\/\\\/sarmiento24h.com\\\/\"},{\"@type\":\"ListItem\",\"position\":2,\"name\":\"Obama denuncia un \u00abespect\u00e1culo de payasos\u00bb tras la difusi\u00f3n por Donald Trump de un video racista\"}]},{\"@type\":\"WebSite\",\"@id\":\"https:\\\/\\\/sarmiento24h.com\\\/#website\",\"url\":\"https:\\\/\\\/sarmiento24h.com\\\/\",\"name\":\"Sarmiento24h\",\"description\":\"\",\"publisher\":{\"@id\":\"https:\\\/\\\/sarmiento24h.com\\\/#organization\"},\"potentialAction\":[{\"@type\":\"SearchAction\",\"target\":{\"@type\":\"EntryPoint\",\"urlTemplate\":\"https:\\\/\\\/sarmiento24h.com\\\/?s={search_term_string}\"},\"query-input\":{\"@type\":\"PropertyValueSpecification\",\"valueRequired\":true,\"valueName\":\"search_term_string\"}}],\"inLanguage\":\"es\"},{\"@type\":\"Organization\",\"@id\":\"https:\\\/\\\/sarmiento24h.com\\\/#organization\",\"name\":\"Sarmiento24h\",\"url\":\"https:\\\/\\\/sarmiento24h.com\\\/\",\"logo\":{\"@type\":\"ImageObject\",\"inLanguage\":\"es\",\"@id\":\"https:\\\/\\\/sarmiento24h.com\\\/#\\\/schema\\\/logo\\\/image\\\/\",\"url\":\"https:\\\/\\\/sarmiento24h.com\\\/wp-content\\\/uploads\\\/2025\\\/12\\\/AddText_12-16-10.30.52.jpg\",\"contentUrl\":\"https:\\\/\\\/sarmiento24h.com\\\/wp-content\\\/uploads\\\/2025\\\/12\\\/AddText_12-16-10.30.52.jpg\",\"width\":1220,\"height\":324,\"caption\":\"Sarmiento24h\"},\"image\":{\"@id\":\"https:\\\/\\\/sarmiento24h.com\\\/#\\\/schema\\\/logo\\\/image\\\/\"},\"sameAs\":[\"https:\\\/\\\/facebook.com\\\/s24hnoticias\",\"https:\\\/\\\/x.com\\\/sarmiento24h\"]},{\"@type\":\"Person\",\"@id\":\"https:\\\/\\\/sarmiento24h.com\\\/#\\\/schema\\\/person\\\/d653a59725ad629a7e0429af7b939d4d\",\"name\":\"sarmiento24h@gmail.com\",\"image\":{\"@type\":\"ImageObject\",\"inLanguage\":\"es\",\"@id\":\"https:\\\/\\\/sarmiento24h.com\\\/wp-content\\\/litespeed\\\/avatar\\\/d02cbc4e23c747e6659cd45907173c8f.jpg?ver=1788047690\",\"url\":\"https:\\\/\\\/sarmiento24h.com\\\/wp-content\\\/litespeed\\\/avatar\\\/d02cbc4e23c747e6659cd45907173c8f.jpg?ver=1788047690\",\"contentUrl\":\"https:\\\/\\\/sarmiento24h.com\\\/wp-content\\\/litespeed\\\/avatar\\\/d02cbc4e23c747e6659cd45907173c8f.jpg?ver=1788047690\",\"caption\":\"sarmiento24h@gmail.com\"},\"sameAs\":[\"https:\\\/\\\/sarmiento24h.com\"],\"url\":\"https:\\\/\\\/sarmiento24h.com\\\/?author=1\"}]}<\/script>\n<!-- \/ Yoast SEO plugin. -->","yoast_head_json":{"title":"Obama denuncia un \"espect\u00e1culo de payasos\" tras la difusi\u00f3n por Donald Trump de un video racista - Sarmiento24h","robots":{"index":"index","follow":"follow","max-snippet":"max-snippet:-1","max-image-preview":"max-image-preview:large","max-video-preview":"max-video-preview:-1"},"canonical":"https:\/\/sarmiento24h.com\/?p=11944","og_locale":"es_ES","og_type":"article","og_title":"Obama denuncia un \"espect\u00e1culo de payasos\" tras la difusi\u00f3n por Donald Trump de un video racista - Sarmiento24h","og_description":"Habitualmente poco presente en los medios, Barack&#46;&#46;&#46;","og_url":"https:\/\/sarmiento24h.com\/?p=11944","og_site_name":"Sarmiento24h","article_publisher":"https:\/\/facebook.com\/s24hnoticias","article_published_time":"2026-02-15T14:43:31+00:00","og_image":[{"width":1024,"height":576,"url":"https:\/\/sarmiento24h.com\/wp-content\/uploads\/2026\/02\/obama-denuncia-un-espectaculo-de-payasos-tras-la-difusion-por-donald-trump-de-un-video-racista.jpg","type":"image\/jpeg"}],"author":"sarmiento24h@gmail.com","twitter_card":"summary_large_image","twitter_creator":"@sarmiento24h","twitter_site":"@sarmiento24h","twitter_misc":{"Escrito por":"sarmiento24h@gmail.com","Tiempo de lectura":"4 minutos"},"schema":{"@context":"https:\/\/schema.org","@graph":[{"@type":"Article","@id":"https:\/\/sarmiento24h.com\/?p=11944#article","isPartOf":{"@id":"https:\/\/sarmiento24h.com\/?p=11944"},"author":{"name":"sarmiento24h@gmail.com","@id":"https:\/\/sarmiento24h.com\/#\/schema\/person\/d653a59725ad629a7e0429af7b939d4d"},"headline":"Obama denuncia un \u00abespect\u00e1culo de payasos\u00bb tras la difusi\u00f3n por Donald Trump de un video racista","datePublished":"2026-02-15T14:43:31+00:00","mainEntityOfPage":{"@id":"https:\/\/sarmiento24h.com\/?p=11944"},"wordCount":906,"publisher":{"@id":"https:\/\/sarmiento24h.com\/#organization"},"image":{"@id":"https:\/\/sarmiento24h.com\/?p=11944#primaryimage"},"thumbnailUrl":"https:\/\/sarmiento24h.com\/wp-content\/uploads\/2026\/02\/obama-denuncia-un-espectaculo-de-payasos-tras-la-difusion-por-donald-trump-de-un-video-racista.jpg","articleSection":["Internacionales"],"inLanguage":"es"},{"@type":"WebPage","@id":"https:\/\/sarmiento24h.com\/?p=11944","url":"https:\/\/sarmiento24h.com\/?p=11944","name":"Obama denuncia un \"espect\u00e1culo de payasos\" tras la difusi\u00f3n por Donald Trump de un video racista - Sarmiento24h","isPartOf":{"@id":"https:\/\/sarmiento24h.com\/#website"},"primaryImageOfPage":{"@id":"https:\/\/sarmiento24h.com\/?p=11944#primaryimage"},"image":{"@id":"https:\/\/sarmiento24h.com\/?p=11944#primaryimage"},"thumbnailUrl":"https:\/\/sarmiento24h.com\/wp-content\/uploads\/2026\/02\/obama-denuncia-un-espectaculo-de-payasos-tras-la-difusion-por-donald-trump-de-un-video-racista.jpg","datePublished":"2026-02-15T14:43:31+00:00","breadcrumb":{"@id":"https:\/\/sarmiento24h.com\/?p=11944#breadcrumb"},"inLanguage":"es","potentialAction":[{"@type":"ReadAction","target":["https:\/\/sarmiento24h.com\/?p=11944"]}]},{"@type":"ImageObject","inLanguage":"es","@id":"https:\/\/sarmiento24h.com\/?p=11944#primaryimage","url":"https:\/\/sarmiento24h.com\/wp-content\/uploads\/2026\/02\/obama-denuncia-un-espectaculo-de-payasos-tras-la-difusion-por-donald-trump-de-un-video-racista.jpg","contentUrl":"https:\/\/sarmiento24h.com\/wp-content\/uploads\/2026\/02\/obama-denuncia-un-espectaculo-de-payasos-tras-la-difusion-por-donald-trump-de-un-video-racista.jpg","width":1024,"height":576},{"@type":"BreadcrumbList","@id":"https:\/\/sarmiento24h.com\/?p=11944#breadcrumb","itemListElement":[{"@type":"ListItem","position":1,"name":"Home","item":"https:\/\/sarmiento24h.com\/"},{"@type":"ListItem","position":2,"name":"Obama denuncia un \u00abespect\u00e1culo de payasos\u00bb tras la difusi\u00f3n por Donald Trump de un video racista"}]},{"@type":"WebSite","@id":"https:\/\/sarmiento24h.com\/#website","url":"https:\/\/sarmiento24h.com\/","name":"Sarmiento24h","description":"","publisher":{"@id":"https:\/\/sarmiento24h.com\/#organization"},"potentialAction":[{"@type":"SearchAction","target":{"@type":"EntryPoint","urlTemplate":"https:\/\/sarmiento24h.com\/?s={search_term_string}"},"query-input":{"@type":"PropertyValueSpecification","valueRequired":true,"valueName":"search_term_string"}}],"inLanguage":"es"},{"@type":"Organization","@id":"https:\/\/sarmiento24h.com\/#organization","name":"Sarmiento24h","url":"https:\/\/sarmiento24h.com\/","logo":{"@type":"ImageObject","inLanguage":"es","@id":"https:\/\/sarmiento24h.com\/#\/schema\/logo\/image\/","url":"https:\/\/sarmiento24h.com\/wp-content\/uploads\/2025\/12\/AddText_12-16-10.30.52.jpg","contentUrl":"https:\/\/sarmiento24h.com\/wp-content\/uploads\/2025\/12\/AddText_12-16-10.30.52.jpg","width":1220,"height":324,"caption":"Sarmiento24h"},"image":{"@id":"https:\/\/sarmiento24h.com\/#\/schema\/logo\/image\/"},"sameAs":["https:\/\/facebook.com\/s24hnoticias","https:\/\/x.com\/sarmiento24h"]},{"@type":"Person","@id":"https:\/\/sarmiento24h.com\/#\/schema\/person\/d653a59725ad629a7e0429af7b939d4d","name":"sarmiento24h@gmail.com","image":{"@type":"ImageObject","inLanguage":"es","@id":"https:\/\/sarmiento24h.com\/wp-content\/litespeed\/avatar\/d02cbc4e23c747e6659cd45907173c8f.jpg?ver=1788047690","url":"https:\/\/sarmiento24h.com\/wp-content\/litespeed\/avatar\/d02cbc4e23c747e6659cd45907173c8f.jpg?ver=1788047690","contentUrl":"https:\/\/sarmiento24h.com\/wp-content\/litespeed\/avatar\/d02cbc4e23c747e6659cd45907173c8f.jpg?ver=1788047690","caption":"sarmiento24h@gmail.com"},"sameAs":["https:\/\/sarmiento24h.com"],"url":"https:\/\/sarmiento24h.com\/?author=1"}]}},"jetpack_publicize_connections":[],"jetpack_featured_media_url":"https:\/\/sarmiento24h.com\/wp-content\/uploads\/2026\/02\/obama-denuncia-un-espectaculo-de-payasos-tras-la-difusion-por-donald-trump-de-un-video-racista.jpg","jetpack_sharing_enabled":true,"_links":{"self":[{"href":"https:\/\/sarmiento24h.com\/index.php?rest_route=\/wp\/v2\/posts\/11944","targetHints":{"allow":["GET"]}}],"collection":[{"href":"https:\/\/sarmiento24h.com\/index.php?rest_route=\/wp\/v2\/posts"}],"about":[{"href":"https:\/\/sarmiento24h.com\/index.php?rest_route=\/wp\/v2\/types\/post"}],"author":[{"embeddable":true,"href":"https:\/\/sarmiento24h.com\/index.php?rest_route=\/wp\/v2\/users\/1"}],"replies":[{"embeddable":true,"href":"https:\/\/sarmiento24h.com\/index.php?rest_route=%2Fwp%2Fv2%2Fcomments&post=11944"}],"version-history":[{"count":0,"href":"https:\/\/sarmiento24h.com\/index.php?rest_route=\/wp\/v2\/posts\/11944\/revisions"}],"wp:featuredmedia":[{"embeddable":true,"href":"https:\/\/sarmiento24h.com\/index.php?rest_route=\/wp\/v2\/media\/11945"}],"wp:attachment":[{"href":"https:\/\/sarmiento24h.com\/index.php?rest_route=%2Fwp%2Fv2%2Fmedia&parent=11944"}],"wp:term":[{"taxonomy":"category","embeddable":true,"href":"https:\/\/sarmiento24h.com\/index.php?rest_route=%2Fwp%2Fv2%2Fcategories&post=11944"},{"taxonomy":"post_tag","embeddable":true,"href":"https:\/\/sarmiento24h.com\/index.php?rest_route=%2Fwp%2Fv2%2Ftags&post=11944"}],"curies":[{"name":"wp","href":"https:\/\/api.w.org\/{rel}","templated":true}]}}