{"id":12022,"date":"2026-02-15T17:24:01","date_gmt":"2026-02-15T17:24:01","guid":{"rendered":"http:\/\/e2fa30e4-0a6f-11f1-8096-4f3f2d7c1831"},"modified":"2026-02-15T17:24:01","modified_gmt":"2026-02-15T17:24:01","slug":"kaja-kallas-rechaza-la-teoria-de-ee-uu-sobre-una-erradicacion-de-la-civilizacion-en-europa","status":"publish","type":"post","link":"https:\/\/sarmiento24h.com\/?p=12022","title":{"rendered":"Kaja Kallas rechaza la teor\u00eda de EE. UU. sobre una \u00aberradicaci\u00f3n de la civilizaci\u00f3n\u00bb en Europa"},"content":{"rendered":"<p>La principal diplom\u00e1tica de la <a href=\"https:\/\/www.france24.com\/es\/tag\/uni\u00f3n-europea\/\" target=\"_self\" class=\"gtm-add-suggested-tag\">Uni\u00f3n Europea<\/a>, <a href=\"https:\/\/www.france24.com\/es\/tag\/kaja-kallas\/\" target=\"_self\" class=\"gtm-add-suggested-tag\">Kaja Kallas<\/a>, rechaz\u00f3 el domingo las \u00abcr\u00edticas contra <a href=\"https:\/\/www.france24.com\/es\/tag\/europa\/\" target=\"_self\" class=\"gtm-add-suggested-tag\">Europa<\/a>\u00bb provenientes de Estados Unidos.<\/p>\n<p>\u00abContrariamente a lo que algunos puedan decir, la &#8216;<a href=\"https:\/\/www.france24.com\/es\/tag\/europa\/\" target=\"_self\" class=\"gtm-add-suggested-tag\">Europa<\/a> decadente y woke&#8217; no enfrenta una <a href=\"https:\/\/www.france24.com\/es\/tag\/desaparici\u00f3n\/\" target=\"_self\" class=\"gtm-add-suggested-tag\">desaparici\u00f3n<\/a> de la civilizaci\u00f3n\u00bb, afirm\u00f3 Kallas en la \u00faltima jornada de la Conferencia de <a href=\"https:\/\/www.france24.com\/es\/tag\/seguridad\/\" target=\"_self\" class=\"gtm-add-suggested-tag\">Seguridad<\/a> de M\u00fanich.<\/p>\n<p>El s\u00e1bado, el secretario de Estado estadounidense, <a href=\"https:\/\/www.france24.com\/es\/tag\/marco-rubio\/\" target=\"_self\" class=\"gtm-add-suggested-tag\">Marco Rubio<\/a>, tranquiliz\u00f3 a los aliados al se\u00f1alar que Washington y Europa \u00abpertenecen el uno al otro\u00bb, pero insisti\u00f3 en que el continente debe defenderse de la inmigraci\u00f3n masiva para proteger su \u00abcivilizaci\u00f3n\u00bb.<\/p>\n<blockquote class=\"quote\" readability=\"8\">\n<p>\u00abEl mensaje que escuchamos es que Estados Unidos y Europa est\u00e1n entrelazados, lo estuvieron en el pasado y lo estar\u00e1n en el futuro. Creo que eso es importante\u00bb, declar\u00f3 Kallas.<\/p>\n<\/blockquote>\n<p>No obstante, a\u00f1adi\u00f3: \u00abTambi\u00e9n est\u00e1 claro que no coincidimos en todos los temas, y eso seguir\u00e1 siendo as\u00ed\u00bb.<\/p>\n<p>Durante la era Trump, funcionarios estadounidenses han trasladado a Europa sus temores sobre la inmigraci\u00f3n, recurriendo con frecuencia al lenguaje de la llamada \u00abteor\u00eda del reemplazo\u00bb, una idea promovida por un novelista <a href=\"https:\/\/www.france24.com\/es\/tag\/franc\u00e9s\/\" target=\"_self\" class=\"gtm-add-suggested-tag\">franc\u00e9s<\/a> que se ha convertido en consigna de la ultraderecha global.<\/p>\n<p>En un documento de Estrategia de <a href=\"https:\/\/www.france24.com\/es\/tag\/seguridad\/\" target=\"_self\" class=\"gtm-add-suggested-tag\">Seguridad<\/a> Nacional publicado el 5 de diciembre, la administraci\u00f3n estadounidense advirti\u00f3 sobre las \u00abpol\u00edticas migratorias europeas que est\u00e1n transformando el continente y generando tensiones\u00bb. \u00abSi las tendencias actuales contin\u00faan, el continente ser\u00e1 irreconocible en 20 a\u00f1os o menos\u00bb, pronosticaba el texto.<\/p>\n<p>Los europeos \u00abquedaron conmocionados al leer que estaban participando en una &#8216;erradicaci\u00f3n de la civilizaci\u00f3n'\u00bb, escribi\u00f3 en ese momento el diario franc\u00e9s <em>Le Monde<\/em>.<\/p>\n<p>El documento estadounidense tambi\u00e9n alertaba sobre una supuesta \u00abcensura de la libertad de expresi\u00f3n y supresi\u00f3n de la oposici\u00f3n pol\u00edtica\u00bb en <a href=\"https:\/\/www.france24.com\/es\/tag\/europa\/\" target=\"_self\" class=\"gtm-add-suggested-tag\">Europa<\/a>, pese a que los pa\u00edses europeos ocupan los 15 primeros puestos del \u00cdndice Mundial de Libertad de Prensa 2025 de <a href=\"https:\/\/www.france24.com\/es\/tag\/reporteros-sin-fronteras\/\" target=\"_self\" class=\"gtm-add-suggested-tag\">Reporteros Sin Fronteras<\/a>, mientras que Estados Unidos cay\u00f3 al puesto 57, su nivel m\u00e1s bajo hist\u00f3rico.<\/p>\n<div class=\"em-video-wrapper m-em-video\" data-media-video-wbmz370523-f24-es-20260215 data-wrapper-video-player data-show-hidden-video-player=\"WBMZ370523-F24-ES-20260215\" data-youtube-script readability=\"8\">\n<p>Informe desde M\u00fanich: crisis trasatl\u00e1ntica, el tema central en la Conferencia de Seguridad<\/p>\n<div class=\"m-em-video__video\">\n<div class=\"o-em-consent \" readability=\"7\">\n<div class=\"o-em-consent__content\" readability=\"34\">\n<p class=\"o-em-consent__content__text\">Para mostrar este contenido de YouTube, debe autorizar las cookies de medici\u00f3n de audiencia y publicidad.<\/p>\n<p> <button class=\"a-master-button a-master-button--dark\" data-action=\"accept\"> Aceptar <svg class=\"a-svg a-svg--icon-check\"> <use xlink:href=\"\/build\/images\/svg\/sprite.17415c6ec01e4a8b145df03c806104d3.svg#icon-check\" href=\"\/build\/images\/svg\/sprite.17415c6ec01e4a8b145df03c806104d3.svg#icon-check\" \/> <\/svg> <\/button> <button class=\"a-link\" data-action=\"manage\">Gestionar mis opciones<i class=\"a-svg a-svg--icon-edit\"><\/i><\/button> <\/div>\n<\/div>\n<div class=\"o-em-adblock\" data-adblock-content readability=\"7\">\n<div class=\"o-em-adblock__content\" readability=\"34\">\n<p class=\"o-em-adblock__content__text\">Una extensi\u00f3n de tu navegador parece estar bloqueando la carga del reproductor de video. Para poder ver este contenido, debes desactivarla en este sitio.<\/p>\n<p> <button class=\"a-master-button a-master-button--dark\" data-action=\"reload\">Reintentar<\/button> <\/div>\n<\/div>\n<figure class=\"m-item-image m-item-image--16x9 m-item-image--has-caption\"> <picture class=\"a-picture a-picture--16x9\"><source type=\"image\/webp\" srcset=\"https:\/\/s.france24.com\/media\/display\/ef05cb50-0a6f-11f1-8095-005056a97e36\/w:388\/p:16x9\/ES-20260215-070422-070615-CS.webp 388w, https:\/\/s.france24.com\/media\/display\/ef05cb50-0a6f-11f1-8095-005056a97e36\/w:720\/p:16x9\/ES-20260215-070422-070615-CS.webp 720w, https:\/\/s.france24.com\/media\/display\/ef05cb50-0a6f-11f1-8095-005056a97e36\/w:1024\/p:16x9\/ES-20260215-070422-070615-CS.webp 1024w\" sizes=\"(max-width: 639px) calc(100vw - 32px), (max-width: 1076px) calc(100vw - 44px), 850px\"><img fetchpriority=\"low\" decoding=\"async\" src=\"https:\/\/sarmiento24h.com\/wp-content\/uploads\/2026\/02\/kaja-kallas-rechaza-la-teoria-de-ee-uu-sobre-una-erradicacion-de-la-civilizacion-en-europa.jpg\" srcset=\"https:\/\/sarmiento24h.com\/wp-content\/uploads\/2026\/02\/kaja-kallas-rechaza-la-teoria-de-ee-uu-sobre-una-erradicacion-de-la-civilizacion-en-europa-1.jpg 388w, https:\/\/sarmiento24h.com\/wp-content\/uploads\/2026\/02\/kaja-kallas-rechaza-la-teoria-de-ee-uu-sobre-una-erradicacion-de-la-civilizacion-en-europa-2.jpg 720w, https:\/\/sarmiento24h.com\/wp-content\/uploads\/2026\/02\/kaja-kallas-rechaza-la-teoria-de-ee-uu-sobre-una-erradicacion-de-la-civilizacion-en-europa.jpg 1024w\" sizes=\"auto, (max-width: 639px) calc(100vw - 32px), (max-width: 1076px) calc(100vw - 44px), 850px\" width=\"1024\" height=\"576\" alt=\"Informe desde M\u00fanich: crisis trasatl\u00e1ntica, el tema central en la Conferencia de Seguridad\" loading=\"lazy\" class=\"a-img \">\n<\/picture><figcaption class=\"a-figcaption\"> <span>\u00a9 France 24<\/span> <\/figcaption><\/figure>\n<\/p><\/div>\n<\/p><\/div>\n<h2><strong>Rusia est\u00e1 \u00abrota\u00bb<\/strong><\/h2>\n<p>Kallas afirm\u00f3 adem\u00e1s que <a href=\"https:\/\/www.france24.com\/es\/tag\/rusia\/\" target=\"_self\" class=\"gtm-add-suggested-tag\">Rusia<\/a> debe verse obligada a hacer concesiones en las negociaciones para poner fin a la guerra en <a href=\"https:\/\/www.france24.com\/es\/tag\/ucrania\/\" target=\"_self\" class=\"gtm-add-suggested-tag\">Ucrania<\/a>.<\/p>\n<blockquote class=\"quote\" readability=\"8\">\n<p>\u00abSeamos claros sobre Rusia. Rusia no es una superpotencia\u00bb, sostuvo Kallas, al insistir en que el pa\u00eds est\u00e1 \u00abroto\u00bb<\/p>\n<\/blockquote>\n<p>\u00abLa mayor amenaza que representa Rusia en este momento es que logre m\u00e1s en la mesa de negociaci\u00f3n de lo que ha conseguido en el campo de batalla\u00bb.<\/p>\n<p>La reuni\u00f3n anual de seguridad en M\u00fanich ha estado marcada por el mensaje de los dirigentes europeos de que el continente debe asumir el liderazgo en su propia defensa frente a una Rusia agresiva y ante las dudas sobre la fiabilidad de Estados Unidos mientras el presidente <a href=\"https:\/\/www.france24.com\/es\/tag\/donald-trump\/\" target=\"_self\" class=\"gtm-add-suggested-tag\">Donald Trump<\/a> reconfigura las relaciones transatl\u00e1nticas.<\/p>\n<p>\u00abExiste una necesidad urgente de recuperar la capacidad de acci\u00f3n europea\u00bb, declar\u00f3 Kallas.<\/p>\n<p>Se\u00f1al\u00f3 que la defensa europea \u00abcomienza en Ucrania\u00bb y depender\u00e1 de c\u00f3mo termine la guerra. La diplom\u00e1tica pidi\u00f3 limitar el tama\u00f1o del ej\u00e9rcito ruso, subray\u00f3 que <a href=\"https:\/\/www.france24.com\/es\/tag\/mosc\u00fa\/\" target=\"_self\" class=\"gtm-add-suggested-tag\">Mosc\u00fa<\/a> debe pagar por los da\u00f1os causados y debe rendir cuentas por los cr\u00edmenes de guerra.<\/p>\n<p>El ministro franc\u00e9s para Asuntos Europeos, Benjamin Haddad, afirm\u00f3 que no hay tiempo que perder en el refuerzo de la independencia europea y que el continente deber\u00eda prestar menos atenci\u00f3n a las declaraciones de funcionarios estadounidenses y centrarse en fortalecer sus propias capacidades.<\/p>\n<p>\u00abCreo que la peor lecci\u00f3n que podr\u00edamos extraer de este fin de semana ser\u00eda decir: bueno, me aferro a algunas palabras amables que escuch\u00e9 en parte de su discurso y presiono el bot\u00f3n de repetici\u00f3n\u00bb, dijo Haddad sobre la intervenci\u00f3n de Rubio.<\/p>\n<p>En cambio, a\u00f1adi\u00f3, los europeos deben \u00abcentrarse en lo que podemos controlar, en nuestro rearme, en el apoyo a Ucrania y en la amenaza que Rusia representa para todas nuestras democracias\u00bb.<\/p>\n","protected":false},"excerpt":{"rendered":"<p>La principal diplom\u00e1tica de la Uni\u00f3n Europea,&#46;&#46;&#46;<\/p>\n","protected":false},"author":1,"featured_media":12023,"comment_status":"closed","ping_status":"closed","sticky":false,"template":"","format":"standard","meta":{"_jetpack_newsletter_access":"","_jetpack_dont_email_post_to_subs":false,"_jetpack_newsletter_tier_id":0,"_jetpack_memberships_contains_paywalled_content":false,"_jetpack_feature_clip_id":0,"_jetpack_memberships_contains_paid_content":false,"footnotes":"","jetpack_publicize_message":"","jetpack_publicize_feature_enabled":true,"jetpack_social_post_already_shared":false,"jetpack_social_options":{"image_generator_settings":{"template":"highway","default_image_id":0,"font":"","enabled":false},"version":2},"jetpack_post_was_ever_published":false},"categories":[43],"tags":[],"class_list":["post-12022","post","type-post","status-publish","format-standard","has-post-thumbnail","hentry","category-internacionales"],"yoast_head":"<!-- This site is optimized with the Yoast SEO plugin v28.1 - https:\/\/yoast.com\/product\/yoast-seo-wordpress\/ -->\n<title>Kaja Kallas rechaza la teor\u00eda de EE. UU. sobre una &quot;erradicaci\u00f3n de la civilizaci\u00f3n&quot; en Europa - Sarmiento24h<\/title>\n<meta name=\"robots\" content=\"index, follow, max-snippet:-1, max-image-preview:large, max-video-preview:-1\" \/>\n<link rel=\"canonical\" href=\"https:\/\/sarmiento24h.com\/?p=12022\" \/>\n<meta property=\"og:locale\" content=\"es_ES\" \/>\n<meta property=\"og:type\" content=\"article\" \/>\n<meta property=\"og:title\" content=\"Kaja Kallas rechaza la teor\u00eda de EE. UU. sobre una &quot;erradicaci\u00f3n de la civilizaci\u00f3n&quot; en Europa - Sarmiento24h\" \/>\n<meta property=\"og:description\" content=\"La principal diplom\u00e1tica de la Uni\u00f3n Europea,&#046;&#046;&#046;\" \/>\n<meta property=\"og:url\" content=\"https:\/\/sarmiento24h.com\/?p=12022\" \/>\n<meta property=\"og:site_name\" content=\"Sarmiento24h\" \/>\n<meta property=\"article:publisher\" content=\"https:\/\/facebook.com\/s24hnoticias\" \/>\n<meta property=\"article:published_time\" content=\"2026-02-15T17:24:01+00:00\" \/>\n<meta property=\"og:image\" content=\"https:\/\/sarmiento24h.com\/wp-content\/uploads\/2026\/02\/kaja-kallas-rechaza-la-teoria-de-ee-uu-sobre-una-erradicacion-de-la-civilizacion-en-europa.jpg\" \/>\n\t<meta property=\"og:image:width\" content=\"1024\" \/>\n\t<meta property=\"og:image:height\" content=\"576\" \/>\n\t<meta property=\"og:image:type\" content=\"image\/jpeg\" \/>\n<meta name=\"author\" content=\"sarmiento24h@gmail.com\" \/>\n<meta name=\"twitter:card\" content=\"summary_large_image\" \/>\n<meta name=\"twitter:creator\" content=\"@sarmiento24h\" \/>\n<meta name=\"twitter:site\" content=\"@sarmiento24h\" \/>\n<meta name=\"twitter:label1\" content=\"Escrito por\" \/>\n\t<meta name=\"twitter:data1\" content=\"sarmiento24h@gmail.com\" \/>\n\t<meta name=\"twitter:label2\" content=\"Tiempo de lectura\" \/>\n\t<meta name=\"twitter:data2\" content=\"4 minutos\" \/>\n<script type=\"application\/ld+json\" class=\"yoast-schema-graph\">{\"@context\":\"https:\\\/\\\/schema.org\",\"@graph\":[{\"@type\":\"Article\",\"@id\":\"https:\\\/\\\/sarmiento24h.com\\\/?p=12022#article\",\"isPartOf\":{\"@id\":\"https:\\\/\\\/sarmiento24h.com\\\/?p=12022\"},\"author\":{\"name\":\"sarmiento24h@gmail.com\",\"@id\":\"https:\\\/\\\/sarmiento24h.com\\\/#\\\/schema\\\/person\\\/d653a59725ad629a7e0429af7b939d4d\"},\"headline\":\"Kaja Kallas rechaza la teor\u00eda de EE. UU. sobre una \u00aberradicaci\u00f3n de la civilizaci\u00f3n\u00bb en Europa\",\"datePublished\":\"2026-02-15T17:24:01+00:00\",\"mainEntityOfPage\":{\"@id\":\"https:\\\/\\\/sarmiento24h.com\\\/?p=12022\"},\"wordCount\":743,\"publisher\":{\"@id\":\"https:\\\/\\\/sarmiento24h.com\\\/#organization\"},\"image\":{\"@id\":\"https:\\\/\\\/sarmiento24h.com\\\/?p=12022#primaryimage\"},\"thumbnailUrl\":\"https:\\\/\\\/sarmiento24h.com\\\/wp-content\\\/uploads\\\/2026\\\/02\\\/kaja-kallas-rechaza-la-teoria-de-ee-uu-sobre-una-erradicacion-de-la-civilizacion-en-europa.jpg\",\"articleSection\":[\"Internacionales\"],\"inLanguage\":\"es\"},{\"@type\":\"WebPage\",\"@id\":\"https:\\\/\\\/sarmiento24h.com\\\/?p=12022\",\"url\":\"https:\\\/\\\/sarmiento24h.com\\\/?p=12022\",\"name\":\"Kaja Kallas rechaza la teor\u00eda de EE. UU. sobre una \\\"erradicaci\u00f3n de la civilizaci\u00f3n\\\" en Europa - Sarmiento24h\",\"isPartOf\":{\"@id\":\"https:\\\/\\\/sarmiento24h.com\\\/#website\"},\"primaryImageOfPage\":{\"@id\":\"https:\\\/\\\/sarmiento24h.com\\\/?p=12022#primaryimage\"},\"image\":{\"@id\":\"https:\\\/\\\/sarmiento24h.com\\\/?p=12022#primaryimage\"},\"thumbnailUrl\":\"https:\\\/\\\/sarmiento24h.com\\\/wp-content\\\/uploads\\\/2026\\\/02\\\/kaja-kallas-rechaza-la-teoria-de-ee-uu-sobre-una-erradicacion-de-la-civilizacion-en-europa.jpg\",\"datePublished\":\"2026-02-15T17:24:01+00:00\",\"breadcrumb\":{\"@id\":\"https:\\\/\\\/sarmiento24h.com\\\/?p=12022#breadcrumb\"},\"inLanguage\":\"es\",\"potentialAction\":[{\"@type\":\"ReadAction\",\"target\":[\"https:\\\/\\\/sarmiento24h.com\\\/?p=12022\"]}]},{\"@type\":\"ImageObject\",\"inLanguage\":\"es\",\"@id\":\"https:\\\/\\\/sarmiento24h.com\\\/?p=12022#primaryimage\",\"url\":\"https:\\\/\\\/sarmiento24h.com\\\/wp-content\\\/uploads\\\/2026\\\/02\\\/kaja-kallas-rechaza-la-teoria-de-ee-uu-sobre-una-erradicacion-de-la-civilizacion-en-europa.jpg\",\"contentUrl\":\"https:\\\/\\\/sarmiento24h.com\\\/wp-content\\\/uploads\\\/2026\\\/02\\\/kaja-kallas-rechaza-la-teoria-de-ee-uu-sobre-una-erradicacion-de-la-civilizacion-en-europa.jpg\",\"width\":1024,\"height\":576},{\"@type\":\"BreadcrumbList\",\"@id\":\"https:\\\/\\\/sarmiento24h.com\\\/?p=12022#breadcrumb\",\"itemListElement\":[{\"@type\":\"ListItem\",\"position\":1,\"name\":\"Home\",\"item\":\"https:\\\/\\\/sarmiento24h.com\\\/\"},{\"@type\":\"ListItem\",\"position\":2,\"name\":\"Kaja Kallas rechaza la teor\u00eda de EE. UU. sobre una \u00aberradicaci\u00f3n de la civilizaci\u00f3n\u00bb en Europa\"}]},{\"@type\":\"WebSite\",\"@id\":\"https:\\\/\\\/sarmiento24h.com\\\/#website\",\"url\":\"https:\\\/\\\/sarmiento24h.com\\\/\",\"name\":\"Sarmiento24h\",\"description\":\"\",\"publisher\":{\"@id\":\"https:\\\/\\\/sarmiento24h.com\\\/#organization\"},\"potentialAction\":[{\"@type\":\"SearchAction\",\"target\":{\"@type\":\"EntryPoint\",\"urlTemplate\":\"https:\\\/\\\/sarmiento24h.com\\\/?s={search_term_string}\"},\"query-input\":{\"@type\":\"PropertyValueSpecification\",\"valueRequired\":true,\"valueName\":\"search_term_string\"}}],\"inLanguage\":\"es\"},{\"@type\":\"Organization\",\"@id\":\"https:\\\/\\\/sarmiento24h.com\\\/#organization\",\"name\":\"Sarmiento24h\",\"url\":\"https:\\\/\\\/sarmiento24h.com\\\/\",\"logo\":{\"@type\":\"ImageObject\",\"inLanguage\":\"es\",\"@id\":\"https:\\\/\\\/sarmiento24h.com\\\/#\\\/schema\\\/logo\\\/image\\\/\",\"url\":\"https:\\\/\\\/sarmiento24h.com\\\/wp-content\\\/uploads\\\/2025\\\/12\\\/AddText_12-16-10.30.52.jpg\",\"contentUrl\":\"https:\\\/\\\/sarmiento24h.com\\\/wp-content\\\/uploads\\\/2025\\\/12\\\/AddText_12-16-10.30.52.jpg\",\"width\":1220,\"height\":324,\"caption\":\"Sarmiento24h\"},\"image\":{\"@id\":\"https:\\\/\\\/sarmiento24h.com\\\/#\\\/schema\\\/logo\\\/image\\\/\"},\"sameAs\":[\"https:\\\/\\\/facebook.com\\\/s24hnoticias\",\"https:\\\/\\\/x.com\\\/sarmiento24h\"]},{\"@type\":\"Person\",\"@id\":\"https:\\\/\\\/sarmiento24h.com\\\/#\\\/schema\\\/person\\\/d653a59725ad629a7e0429af7b939d4d\",\"name\":\"sarmiento24h@gmail.com\",\"image\":{\"@type\":\"ImageObject\",\"inLanguage\":\"es\",\"@id\":\"https:\\\/\\\/sarmiento24h.com\\\/wp-content\\\/litespeed\\\/avatar\\\/d02cbc4e23c747e6659cd45907173c8f.jpg?ver=1788047690\",\"url\":\"https:\\\/\\\/sarmiento24h.com\\\/wp-content\\\/litespeed\\\/avatar\\\/d02cbc4e23c747e6659cd45907173c8f.jpg?ver=1788047690\",\"contentUrl\":\"https:\\\/\\\/sarmiento24h.com\\\/wp-content\\\/litespeed\\\/avatar\\\/d02cbc4e23c747e6659cd45907173c8f.jpg?ver=1788047690\",\"caption\":\"sarmiento24h@gmail.com\"},\"sameAs\":[\"https:\\\/\\\/sarmiento24h.com\"],\"url\":\"https:\\\/\\\/sarmiento24h.com\\\/?author=1\"}]}<\/script>\n<!-- \/ Yoast SEO plugin. -->","yoast_head_json":{"title":"Kaja Kallas rechaza la teor\u00eda de EE. UU. sobre una \"erradicaci\u00f3n de la civilizaci\u00f3n\" en Europa - Sarmiento24h","robots":{"index":"index","follow":"follow","max-snippet":"max-snippet:-1","max-image-preview":"max-image-preview:large","max-video-preview":"max-video-preview:-1"},"canonical":"https:\/\/sarmiento24h.com\/?p=12022","og_locale":"es_ES","og_type":"article","og_title":"Kaja Kallas rechaza la teor\u00eda de EE. UU. sobre una \"erradicaci\u00f3n de la civilizaci\u00f3n\" en Europa - Sarmiento24h","og_description":"La principal diplom\u00e1tica de la Uni\u00f3n Europea,&#46;&#46;&#46;","og_url":"https:\/\/sarmiento24h.com\/?p=12022","og_site_name":"Sarmiento24h","article_publisher":"https:\/\/facebook.com\/s24hnoticias","article_published_time":"2026-02-15T17:24:01+00:00","og_image":[{"width":1024,"height":576,"url":"https:\/\/sarmiento24h.com\/wp-content\/uploads\/2026\/02\/kaja-kallas-rechaza-la-teoria-de-ee-uu-sobre-una-erradicacion-de-la-civilizacion-en-europa.jpg","type":"image\/jpeg"}],"author":"sarmiento24h@gmail.com","twitter_card":"summary_large_image","twitter_creator":"@sarmiento24h","twitter_site":"@sarmiento24h","twitter_misc":{"Escrito por":"sarmiento24h@gmail.com","Tiempo de lectura":"4 minutos"},"schema":{"@context":"https:\/\/schema.org","@graph":[{"@type":"Article","@id":"https:\/\/sarmiento24h.com\/?p=12022#article","isPartOf":{"@id":"https:\/\/sarmiento24h.com\/?p=12022"},"author":{"name":"sarmiento24h@gmail.com","@id":"https:\/\/sarmiento24h.com\/#\/schema\/person\/d653a59725ad629a7e0429af7b939d4d"},"headline":"Kaja Kallas rechaza la teor\u00eda de EE. UU. sobre una \u00aberradicaci\u00f3n de la civilizaci\u00f3n\u00bb en Europa","datePublished":"2026-02-15T17:24:01+00:00","mainEntityOfPage":{"@id":"https:\/\/sarmiento24h.com\/?p=12022"},"wordCount":743,"publisher":{"@id":"https:\/\/sarmiento24h.com\/#organization"},"image":{"@id":"https:\/\/sarmiento24h.com\/?p=12022#primaryimage"},"thumbnailUrl":"https:\/\/sarmiento24h.com\/wp-content\/uploads\/2026\/02\/kaja-kallas-rechaza-la-teoria-de-ee-uu-sobre-una-erradicacion-de-la-civilizacion-en-europa.jpg","articleSection":["Internacionales"],"inLanguage":"es"},{"@type":"WebPage","@id":"https:\/\/sarmiento24h.com\/?p=12022","url":"https:\/\/sarmiento24h.com\/?p=12022","name":"Kaja Kallas rechaza la teor\u00eda de EE. UU. sobre una \"erradicaci\u00f3n de la civilizaci\u00f3n\" en Europa - Sarmiento24h","isPartOf":{"@id":"https:\/\/sarmiento24h.com\/#website"},"primaryImageOfPage":{"@id":"https:\/\/sarmiento24h.com\/?p=12022#primaryimage"},"image":{"@id":"https:\/\/sarmiento24h.com\/?p=12022#primaryimage"},"thumbnailUrl":"https:\/\/sarmiento24h.com\/wp-content\/uploads\/2026\/02\/kaja-kallas-rechaza-la-teoria-de-ee-uu-sobre-una-erradicacion-de-la-civilizacion-en-europa.jpg","datePublished":"2026-02-15T17:24:01+00:00","breadcrumb":{"@id":"https:\/\/sarmiento24h.com\/?p=12022#breadcrumb"},"inLanguage":"es","potentialAction":[{"@type":"ReadAction","target":["https:\/\/sarmiento24h.com\/?p=12022"]}]},{"@type":"ImageObject","inLanguage":"es","@id":"https:\/\/sarmiento24h.com\/?p=12022#primaryimage","url":"https:\/\/sarmiento24h.com\/wp-content\/uploads\/2026\/02\/kaja-kallas-rechaza-la-teoria-de-ee-uu-sobre-una-erradicacion-de-la-civilizacion-en-europa.jpg","contentUrl":"https:\/\/sarmiento24h.com\/wp-content\/uploads\/2026\/02\/kaja-kallas-rechaza-la-teoria-de-ee-uu-sobre-una-erradicacion-de-la-civilizacion-en-europa.jpg","width":1024,"height":576},{"@type":"BreadcrumbList","@id":"https:\/\/sarmiento24h.com\/?p=12022#breadcrumb","itemListElement":[{"@type":"ListItem","position":1,"name":"Home","item":"https:\/\/sarmiento24h.com\/"},{"@type":"ListItem","position":2,"name":"Kaja Kallas rechaza la teor\u00eda de EE. UU. sobre una \u00aberradicaci\u00f3n de la civilizaci\u00f3n\u00bb en Europa"}]},{"@type":"WebSite","@id":"https:\/\/sarmiento24h.com\/#website","url":"https:\/\/sarmiento24h.com\/","name":"Sarmiento24h","description":"","publisher":{"@id":"https:\/\/sarmiento24h.com\/#organization"},"potentialAction":[{"@type":"SearchAction","target":{"@type":"EntryPoint","urlTemplate":"https:\/\/sarmiento24h.com\/?s={search_term_string}"},"query-input":{"@type":"PropertyValueSpecification","valueRequired":true,"valueName":"search_term_string"}}],"inLanguage":"es"},{"@type":"Organization","@id":"https:\/\/sarmiento24h.com\/#organization","name":"Sarmiento24h","url":"https:\/\/sarmiento24h.com\/","logo":{"@type":"ImageObject","inLanguage":"es","@id":"https:\/\/sarmiento24h.com\/#\/schema\/logo\/image\/","url":"https:\/\/sarmiento24h.com\/wp-content\/uploads\/2025\/12\/AddText_12-16-10.30.52.jpg","contentUrl":"https:\/\/sarmiento24h.com\/wp-content\/uploads\/2025\/12\/AddText_12-16-10.30.52.jpg","width":1220,"height":324,"caption":"Sarmiento24h"},"image":{"@id":"https:\/\/sarmiento24h.com\/#\/schema\/logo\/image\/"},"sameAs":["https:\/\/facebook.com\/s24hnoticias","https:\/\/x.com\/sarmiento24h"]},{"@type":"Person","@id":"https:\/\/sarmiento24h.com\/#\/schema\/person\/d653a59725ad629a7e0429af7b939d4d","name":"sarmiento24h@gmail.com","image":{"@type":"ImageObject","inLanguage":"es","@id":"https:\/\/sarmiento24h.com\/wp-content\/litespeed\/avatar\/d02cbc4e23c747e6659cd45907173c8f.jpg?ver=1788047690","url":"https:\/\/sarmiento24h.com\/wp-content\/litespeed\/avatar\/d02cbc4e23c747e6659cd45907173c8f.jpg?ver=1788047690","contentUrl":"https:\/\/sarmiento24h.com\/wp-content\/litespeed\/avatar\/d02cbc4e23c747e6659cd45907173c8f.jpg?ver=1788047690","caption":"sarmiento24h@gmail.com"},"sameAs":["https:\/\/sarmiento24h.com"],"url":"https:\/\/sarmiento24h.com\/?author=1"}]}},"jetpack_publicize_connections":[],"jetpack_featured_media_url":"https:\/\/sarmiento24h.com\/wp-content\/uploads\/2026\/02\/kaja-kallas-rechaza-la-teoria-de-ee-uu-sobre-una-erradicacion-de-la-civilizacion-en-europa.jpg","jetpack_sharing_enabled":true,"_links":{"self":[{"href":"https:\/\/sarmiento24h.com\/index.php?rest_route=\/wp\/v2\/posts\/12022","targetHints":{"allow":["GET"]}}],"collection":[{"href":"https:\/\/sarmiento24h.com\/index.php?rest_route=\/wp\/v2\/posts"}],"about":[{"href":"https:\/\/sarmiento24h.com\/index.php?rest_route=\/wp\/v2\/types\/post"}],"author":[{"embeddable":true,"href":"https:\/\/sarmiento24h.com\/index.php?rest_route=\/wp\/v2\/users\/1"}],"replies":[{"embeddable":true,"href":"https:\/\/sarmiento24h.com\/index.php?rest_route=%2Fwp%2Fv2%2Fcomments&post=12022"}],"version-history":[{"count":0,"href":"https:\/\/sarmiento24h.com\/index.php?rest_route=\/wp\/v2\/posts\/12022\/revisions"}],"wp:featuredmedia":[{"embeddable":true,"href":"https:\/\/sarmiento24h.com\/index.php?rest_route=\/wp\/v2\/media\/12023"}],"wp:attachment":[{"href":"https:\/\/sarmiento24h.com\/index.php?rest_route=%2Fwp%2Fv2%2Fmedia&parent=12022"}],"wp:term":[{"taxonomy":"category","embeddable":true,"href":"https:\/\/sarmiento24h.com\/index.php?rest_route=%2Fwp%2Fv2%2Fcategories&post=12022"},{"taxonomy":"post_tag","embeddable":true,"href":"https:\/\/sarmiento24h.com\/index.php?rest_route=%2Fwp%2Fv2%2Ftags&post=12022"}],"curies":[{"name":"wp","href":"https:\/\/api.w.org\/{rel}","templated":true}]}}