{"id":12041,"date":"2026-02-15T18:03:41","date_gmt":"2026-02-15T18:03:41","guid":{"rendered":"http:\/\/9293c202-0a95-11f1-9c80-b9ba8b56ef67"},"modified":"2026-02-15T18:03:41","modified_gmt":"2026-02-15T18:03:41","slug":"rubio-viaja-a-eslovaquia-y-hungria-para-reforzar-lazos-con-lideres-afines-a-trump","status":"publish","type":"post","link":"https:\/\/sarmiento24h.com\/?p=12041","title":{"rendered":"Rubio viaja a Eslovaquia y Hungr\u00eda para reforzar lazos con l\u00edderes afines a Trump"},"content":{"rendered":"<div><img decoding=\"async\" src=\"https:\/\/sarmiento24h.com\/wp-content\/uploads\/2026\/02\/rubio-viaja-a-eslovaquia-y-hungria-para-reforzar-lazos-con-lideres-afines-a-trump.jpg\" class=\"ff-og-image-inserted\"><\/div>\n<p>El secretario de Estado estadounidense, <a href=\"https:\/\/www.france24.com\/es\/tag\/marco-rubio\/\" target=\"_self\" class=\"gtm-add-suggested-tag\">Marco Rubio<\/a>, inici\u00f3 el domingo una visita destinada a reforzar las relaciones de <a href=\"https:\/\/www.france24.com\/es\/tag\/estados-unidos\/\" target=\"_self\" class=\"gtm-add-suggested-tag\">Estados Unidos<\/a> con <a href=\"https:\/\/www.france24.com\/es\/tag\/europa\/\" target=\"_self\" class=\"gtm-add-suggested-tag\">Europa<\/a> del Este.<\/p>\n<p>Ser\u00e1n dos d\u00edas de gira en <a href=\"https:\/\/www.france24.com\/es\/tag\/eslovaquia\/\" target=\"_self\" class=\"gtm-add-suggested-tag\">Eslovaquia<\/a> y <a href=\"https:\/\/www.france24.com\/es\/tag\/hungr\u00eda\/\" target=\"_self\" class=\"gtm-add-suggested-tag\">Hungr\u00eda<\/a>, cuyos l\u00edderes conservadores, a menudo enfrentados con otros pa\u00edses de la UE, mantienen relaciones cercanas con el presidente <a href=\"https:\/\/www.france24.com\/es\/tag\/donald-trump\/\" target=\"_self\" class=\"gtm-add-suggested-tag\">Donald Trump<\/a>.<\/p>\n<blockquote class=\"quote\" readability=\"9\">\n<p>\u201cSon pa\u00edses que son muy fuertes con nosotros, muy cooperativos con Estados Unidos, trabajan muy de cerca con nosotros\u201d, declar\u00f3 Rubio a periodistas antes de partir hacia Europa el jueves.<\/p>\n<\/blockquote>\n<p>La cooperaci\u00f3n energ\u00e9tica y asuntos bilaterales, incluidos los compromisos con la <a href=\"https:\/\/www.france24.com\/es\/tag\/otan\/\" target=\"_self\" class=\"gtm-add-suggested-tag\">OTAN<\/a>, forman parte de la agenda, seg\u00fan lo anunci\u00f3 la semana pasada el Departamento de Estado.<\/p>\n<p>En Bratislava, Rubio fue recibido por el presidente eslovaco Peter Pellegrini, en la primera visita de un secretario de Estado estadounidense en siete a\u00f1os. El jefe de la diplomacia estadounidense tambi\u00e9n se desempe\u00f1a como asesor de seguridad nacional de Trump.<\/p>\n<p>\u00abUn tema importante de las conversaciones fue\u2026 la cooperaci\u00f3n en defensa y el cumplimiento de los compromisos derivados de las cumbres de la OTAN\u201d, se\u00f1al\u00f3 la oficina de Pellegrini en un comunicado.<\/p>\n<p>Posteriormente, Rubio se reuni\u00f3 con el primer ministro eslovaco, <a href=\"https:\/\/www.france24.com\/es\/tag\/robert-fico\/\" target=\"_self\" class=\"gtm-add-suggested-tag\">Robert Fico<\/a>, quien visit\u00f3 a Trump en <a href=\"https:\/\/www.france24.com\/es\/tag\/florida\/\" target=\"_self\" class=\"gtm-add-suggested-tag\">Florida<\/a> el mes pasado. El jefe de la <a href=\"https:\/\/www.france24.com\/es\/tag\/diplomacia\/\" target=\"_self\" class=\"gtm-add-suggested-tag\">diplomacia<\/a> estadounidense ven\u00eda de participar en la Conferencia de Seguridad de M\u00fanich.<\/p>\n<h2><strong>Reuni\u00f3n con Orb\u00e1n&nbsp;<\/strong><\/h2>\n<p>El l\u00edder h\u00fangaro Viktor Orb\u00e1n est\u00e1 en la lista de las reuniones previstas. El encuentro ocurrir\u00e1 el lunes.&nbsp;<\/p>\n<p>\u201cEl presidente (Trump) ha dicho que lo apoya firmemente, y nosotros tambi\u00e9n\u201d, afirm\u00f3 Rubio con respecto a Orb\u00e1n, rezagado en la mayor\u00eda de las encuestas de cara a unas elecciones en abril.&nbsp;<\/p>\n<p>Orb\u00e1n es uno de los aliados m\u00e1s cercanos de Trump en Europa y la derecha dura estadounidense lo considera un modelo para las pol\u00edticas estrictas del presidente en materia de <a href=\"https:\/\/www.france24.com\/es\/tag\/inmigraci\u00f3n\/\" target=\"_self\" class=\"gtm-add-suggested-tag\">inmigraci\u00f3n<\/a> y apoyo a las familias y al conservadurismo cristiano.<\/p>\n<p>Nada raro teniendo en cuenta que Budapest ha acogido en repetidas ocasiones la Conferencia de Acci\u00f3n Pol\u00edtica Conservadora (CPAC), que re\u00fane a <a href=\"https:\/\/www.france24.com\/es\/tag\/activistas\/\" target=\"_self\" class=\"gtm-add-suggested-tag\">activistas<\/a> y l\u00edderes conservadores, y est\u00e1 prevista otra edici\u00f3n en marzo.<\/p>\n<h2><strong>V\u00ednculos con Mosc\u00fa y choques con la UE<\/strong><\/h2>\n<p>Fico y Orb\u00e1n han chocado con las instituciones de la Uni\u00f3n Europea por varias razones.&nbsp;<\/p>\n<p>Por un lado, los retrocesos en las normas democr\u00e1ticas, que han sido objeto de investigaci\u00f3n. Por otro lado, los v\u00ednculos que han mantenido con Mosc\u00fa.<\/p>\n<p>Ambos han sido cr\u00edticos de la Uni\u00f3n Europea. Fico, por ejemplo, ha descrito al bloque como una instituci\u00f3n en \u201cprofunda crisis\u201d. Adem\u00e1s, han retrasado en ocasiones la imposici\u00f3n de sanciones contra <a href=\"https:\/\/www.france24.com\/es\/tag\/rusia\/\" target=\"_self\" class=\"gtm-add-suggested-tag\">Rusia<\/a> y se han opuesto al env\u00edo de ayuda militar a <a href=\"https:\/\/www.france24.com\/es\/tag\/ucrania\/\" target=\"_self\" class=\"gtm-add-suggested-tag\">Ucrania<\/a>.<\/p>\n<p>Eslovaquia y Hungr\u00eda han seguido comprando gas y petr\u00f3leo rusos, pese a que otros pa\u00edses del bloque aseguraron suministros alternativos tras la invasi\u00f3n rusa de Ucrania en 2022.<\/p>\n<p>Este tema ser\u00e1 discutido, seg\u00fan Rubio, aunque no dio m\u00e1s detalles.<\/p>\n<p>Fico ha elogiado a Trump afirmando que traer\u00e1 la paz de vuelta a Europa, pero critic\u00f3 la captura en Estados Unidos del presidente venezolano <a href=\"https:\/\/www.france24.com\/es\/tag\/nicol\u00e1s-maduro\/\" target=\"_self\" class=\"gtm-add-suggested-tag\">Nicol\u00e1s Maduro<\/a> a comienzos de enero.<\/p>\n<p>Hasta ahora, <a href=\"https:\/\/www.france24.com\/es\/tag\/hungr\u00eda\/\" target=\"_self\" class=\"gtm-add-suggested-tag\">Hungr\u00eda<\/a> y <a href=\"https:\/\/www.france24.com\/es\/tag\/eslovaquia\/\" target=\"_self\" class=\"gtm-add-suggested-tag\">Eslovaquia<\/a> no han respaldado la exigencia de <a href=\"https:\/\/www.france24.com\/es\/tag\/donald-trump\/\" target=\"_self\" class=\"gtm-add-suggested-tag\">Donald Trump<\/a> de que los pa\u00edses de la OTAN eleven su gasto en defensa al 5 % del PIB.<\/p>\n<p>Ambos han aumentado su presupuesto militar hasta el m\u00ednimo del 2 % establecido por la Alianza, una cifra que se sit\u00faa por debajo de la de otros socios.<\/p>\n<p>En materia nuclear, <a href=\"https:\/\/www.france24.com\/es\/tag\/eslovaquia\/\" target=\"_self\" class=\"gtm-add-suggested-tag\">Eslovaquia<\/a> suscribi\u00f3 en enero un acuerdo con Estados Unidos. El primer ministro Robert Fico indic\u00f3 que la compa\u00f1\u00eda estadounidense <a href=\"https:\/\/www.france24.com\/es\/tag\/westinghouse\/\" target=\"_self\" class=\"gtm-add-suggested-tag\">Westinghouse<\/a> es la principal candidata para construir una nueva planta nuclear en el pa\u00eds.<\/p>\n<p>Con informaci\u00f3n de Reuters<\/p>\n","protected":false},"excerpt":{"rendered":"<p>El secretario de Estado estadounidense, Marco Rubio,&#46;&#46;&#46;<\/p>\n","protected":false},"author":1,"featured_media":12042,"comment_status":"closed","ping_status":"closed","sticky":false,"template":"","format":"standard","meta":{"_jetpack_newsletter_access":"","_jetpack_dont_email_post_to_subs":false,"_jetpack_newsletter_tier_id":0,"_jetpack_memberships_contains_paywalled_content":false,"_jetpack_feature_clip_id":0,"_jetpack_memberships_contains_paid_content":false,"footnotes":"","jetpack_publicize_message":"","jetpack_publicize_feature_enabled":true,"jetpack_social_post_already_shared":false,"jetpack_social_options":{"image_generator_settings":{"template":"highway","default_image_id":0,"font":"","enabled":false},"version":2},"jetpack_post_was_ever_published":false},"categories":[43],"tags":[],"class_list":["post-12041","post","type-post","status-publish","format-standard","has-post-thumbnail","hentry","category-internacionales"],"yoast_head":"<!-- This site is optimized with the Yoast SEO plugin v28.1 - https:\/\/yoast.com\/product\/yoast-seo-wordpress\/ -->\n<title>Rubio viaja a Eslovaquia y Hungr\u00eda para reforzar lazos con l\u00edderes afines a Trump - Sarmiento24h<\/title>\n<meta name=\"robots\" content=\"index, follow, max-snippet:-1, max-image-preview:large, max-video-preview:-1\" \/>\n<link rel=\"canonical\" href=\"https:\/\/sarmiento24h.com\/?p=12041\" \/>\n<meta property=\"og:locale\" content=\"es_ES\" \/>\n<meta property=\"og:type\" content=\"article\" \/>\n<meta property=\"og:title\" content=\"Rubio viaja a Eslovaquia y Hungr\u00eda para reforzar lazos con l\u00edderes afines a Trump - Sarmiento24h\" \/>\n<meta property=\"og:description\" content=\"El secretario de Estado estadounidense, Marco Rubio,&#046;&#046;&#046;\" \/>\n<meta property=\"og:url\" content=\"https:\/\/sarmiento24h.com\/?p=12041\" \/>\n<meta property=\"og:site_name\" content=\"Sarmiento24h\" \/>\n<meta property=\"article:publisher\" content=\"https:\/\/facebook.com\/s24hnoticias\" \/>\n<meta property=\"article:published_time\" content=\"2026-02-15T18:03:41+00:00\" \/>\n<meta property=\"og:image\" content=\"https:\/\/sarmiento24h.com\/wp-content\/uploads\/2026\/02\/rubio-viaja-a-eslovaquia-y-hungria-para-reforzar-lazos-con-lideres-afines-a-trump.jpg\" \/>\n\t<meta property=\"og:image:width\" content=\"1280\" \/>\n\t<meta property=\"og:image:height\" content=\"720\" \/>\n\t<meta property=\"og:image:type\" content=\"image\/jpeg\" \/>\n<meta name=\"author\" content=\"sarmiento24h@gmail.com\" \/>\n<meta name=\"twitter:card\" content=\"summary_large_image\" \/>\n<meta name=\"twitter:creator\" content=\"@sarmiento24h\" \/>\n<meta name=\"twitter:site\" content=\"@sarmiento24h\" \/>\n<meta name=\"twitter:label1\" content=\"Escrito por\" \/>\n\t<meta name=\"twitter:data1\" content=\"sarmiento24h@gmail.com\" \/>\n\t<meta name=\"twitter:label2\" content=\"Tiempo de lectura\" \/>\n\t<meta name=\"twitter:data2\" content=\"3 minutos\" \/>\n<script type=\"application\/ld+json\" class=\"yoast-schema-graph\">{\"@context\":\"https:\\\/\\\/schema.org\",\"@graph\":[{\"@type\":\"Article\",\"@id\":\"https:\\\/\\\/sarmiento24h.com\\\/?p=12041#article\",\"isPartOf\":{\"@id\":\"https:\\\/\\\/sarmiento24h.com\\\/?p=12041\"},\"author\":{\"name\":\"sarmiento24h@gmail.com\",\"@id\":\"https:\\\/\\\/sarmiento24h.com\\\/#\\\/schema\\\/person\\\/d653a59725ad629a7e0429af7b939d4d\"},\"headline\":\"Rubio viaja a Eslovaquia y Hungr\u00eda para reforzar lazos con l\u00edderes afines a Trump\",\"datePublished\":\"2026-02-15T18:03:41+00:00\",\"mainEntityOfPage\":{\"@id\":\"https:\\\/\\\/sarmiento24h.com\\\/?p=12041\"},\"wordCount\":676,\"publisher\":{\"@id\":\"https:\\\/\\\/sarmiento24h.com\\\/#organization\"},\"image\":{\"@id\":\"https:\\\/\\\/sarmiento24h.com\\\/?p=12041#primaryimage\"},\"thumbnailUrl\":\"https:\\\/\\\/sarmiento24h.com\\\/wp-content\\\/uploads\\\/2026\\\/02\\\/rubio-viaja-a-eslovaquia-y-hungria-para-reforzar-lazos-con-lideres-afines-a-trump.jpg\",\"articleSection\":[\"Internacionales\"],\"inLanguage\":\"es\"},{\"@type\":\"WebPage\",\"@id\":\"https:\\\/\\\/sarmiento24h.com\\\/?p=12041\",\"url\":\"https:\\\/\\\/sarmiento24h.com\\\/?p=12041\",\"name\":\"Rubio viaja a Eslovaquia y Hungr\u00eda para reforzar lazos con l\u00edderes afines a Trump - Sarmiento24h\",\"isPartOf\":{\"@id\":\"https:\\\/\\\/sarmiento24h.com\\\/#website\"},\"primaryImageOfPage\":{\"@id\":\"https:\\\/\\\/sarmiento24h.com\\\/?p=12041#primaryimage\"},\"image\":{\"@id\":\"https:\\\/\\\/sarmiento24h.com\\\/?p=12041#primaryimage\"},\"thumbnailUrl\":\"https:\\\/\\\/sarmiento24h.com\\\/wp-content\\\/uploads\\\/2026\\\/02\\\/rubio-viaja-a-eslovaquia-y-hungria-para-reforzar-lazos-con-lideres-afines-a-trump.jpg\",\"datePublished\":\"2026-02-15T18:03:41+00:00\",\"breadcrumb\":{\"@id\":\"https:\\\/\\\/sarmiento24h.com\\\/?p=12041#breadcrumb\"},\"inLanguage\":\"es\",\"potentialAction\":[{\"@type\":\"ReadAction\",\"target\":[\"https:\\\/\\\/sarmiento24h.com\\\/?p=12041\"]}]},{\"@type\":\"ImageObject\",\"inLanguage\":\"es\",\"@id\":\"https:\\\/\\\/sarmiento24h.com\\\/?p=12041#primaryimage\",\"url\":\"https:\\\/\\\/sarmiento24h.com\\\/wp-content\\\/uploads\\\/2026\\\/02\\\/rubio-viaja-a-eslovaquia-y-hungria-para-reforzar-lazos-con-lideres-afines-a-trump.jpg\",\"contentUrl\":\"https:\\\/\\\/sarmiento24h.com\\\/wp-content\\\/uploads\\\/2026\\\/02\\\/rubio-viaja-a-eslovaquia-y-hungria-para-reforzar-lazos-con-lideres-afines-a-trump.jpg\",\"width\":1280,\"height\":720},{\"@type\":\"BreadcrumbList\",\"@id\":\"https:\\\/\\\/sarmiento24h.com\\\/?p=12041#breadcrumb\",\"itemListElement\":[{\"@type\":\"ListItem\",\"position\":1,\"name\":\"Home\",\"item\":\"https:\\\/\\\/sarmiento24h.com\\\/\"},{\"@type\":\"ListItem\",\"position\":2,\"name\":\"Rubio viaja a Eslovaquia y Hungr\u00eda para reforzar lazos con l\u00edderes afines a Trump\"}]},{\"@type\":\"WebSite\",\"@id\":\"https:\\\/\\\/sarmiento24h.com\\\/#website\",\"url\":\"https:\\\/\\\/sarmiento24h.com\\\/\",\"name\":\"Sarmiento24h\",\"description\":\"\",\"publisher\":{\"@id\":\"https:\\\/\\\/sarmiento24h.com\\\/#organization\"},\"potentialAction\":[{\"@type\":\"SearchAction\",\"target\":{\"@type\":\"EntryPoint\",\"urlTemplate\":\"https:\\\/\\\/sarmiento24h.com\\\/?s={search_term_string}\"},\"query-input\":{\"@type\":\"PropertyValueSpecification\",\"valueRequired\":true,\"valueName\":\"search_term_string\"}}],\"inLanguage\":\"es\"},{\"@type\":\"Organization\",\"@id\":\"https:\\\/\\\/sarmiento24h.com\\\/#organization\",\"name\":\"Sarmiento24h\",\"url\":\"https:\\\/\\\/sarmiento24h.com\\\/\",\"logo\":{\"@type\":\"ImageObject\",\"inLanguage\":\"es\",\"@id\":\"https:\\\/\\\/sarmiento24h.com\\\/#\\\/schema\\\/logo\\\/image\\\/\",\"url\":\"https:\\\/\\\/sarmiento24h.com\\\/wp-content\\\/uploads\\\/2025\\\/12\\\/AddText_12-16-10.30.52.jpg\",\"contentUrl\":\"https:\\\/\\\/sarmiento24h.com\\\/wp-content\\\/uploads\\\/2025\\\/12\\\/AddText_12-16-10.30.52.jpg\",\"width\":1220,\"height\":324,\"caption\":\"Sarmiento24h\"},\"image\":{\"@id\":\"https:\\\/\\\/sarmiento24h.com\\\/#\\\/schema\\\/logo\\\/image\\\/\"},\"sameAs\":[\"https:\\\/\\\/facebook.com\\\/s24hnoticias\",\"https:\\\/\\\/x.com\\\/sarmiento24h\"]},{\"@type\":\"Person\",\"@id\":\"https:\\\/\\\/sarmiento24h.com\\\/#\\\/schema\\\/person\\\/d653a59725ad629a7e0429af7b939d4d\",\"name\":\"sarmiento24h@gmail.com\",\"image\":{\"@type\":\"ImageObject\",\"inLanguage\":\"es\",\"@id\":\"https:\\\/\\\/sarmiento24h.com\\\/wp-content\\\/litespeed\\\/avatar\\\/d02cbc4e23c747e6659cd45907173c8f.jpg?ver=1788047690\",\"url\":\"https:\\\/\\\/sarmiento24h.com\\\/wp-content\\\/litespeed\\\/avatar\\\/d02cbc4e23c747e6659cd45907173c8f.jpg?ver=1788047690\",\"contentUrl\":\"https:\\\/\\\/sarmiento24h.com\\\/wp-content\\\/litespeed\\\/avatar\\\/d02cbc4e23c747e6659cd45907173c8f.jpg?ver=1788047690\",\"caption\":\"sarmiento24h@gmail.com\"},\"sameAs\":[\"https:\\\/\\\/sarmiento24h.com\"],\"url\":\"https:\\\/\\\/sarmiento24h.com\\\/?author=1\"}]}<\/script>\n<!-- \/ Yoast SEO plugin. -->","yoast_head_json":{"title":"Rubio viaja a Eslovaquia y Hungr\u00eda para reforzar lazos con l\u00edderes afines a Trump - Sarmiento24h","robots":{"index":"index","follow":"follow","max-snippet":"max-snippet:-1","max-image-preview":"max-image-preview:large","max-video-preview":"max-video-preview:-1"},"canonical":"https:\/\/sarmiento24h.com\/?p=12041","og_locale":"es_ES","og_type":"article","og_title":"Rubio viaja a Eslovaquia y Hungr\u00eda para reforzar lazos con l\u00edderes afines a Trump - Sarmiento24h","og_description":"El secretario de Estado estadounidense, Marco Rubio,&#46;&#46;&#46;","og_url":"https:\/\/sarmiento24h.com\/?p=12041","og_site_name":"Sarmiento24h","article_publisher":"https:\/\/facebook.com\/s24hnoticias","article_published_time":"2026-02-15T18:03:41+00:00","og_image":[{"width":1280,"height":720,"url":"https:\/\/sarmiento24h.com\/wp-content\/uploads\/2026\/02\/rubio-viaja-a-eslovaquia-y-hungria-para-reforzar-lazos-con-lideres-afines-a-trump.jpg","type":"image\/jpeg"}],"author":"sarmiento24h@gmail.com","twitter_card":"summary_large_image","twitter_creator":"@sarmiento24h","twitter_site":"@sarmiento24h","twitter_misc":{"Escrito por":"sarmiento24h@gmail.com","Tiempo de lectura":"3 minutos"},"schema":{"@context":"https:\/\/schema.org","@graph":[{"@type":"Article","@id":"https:\/\/sarmiento24h.com\/?p=12041#article","isPartOf":{"@id":"https:\/\/sarmiento24h.com\/?p=12041"},"author":{"name":"sarmiento24h@gmail.com","@id":"https:\/\/sarmiento24h.com\/#\/schema\/person\/d653a59725ad629a7e0429af7b939d4d"},"headline":"Rubio viaja a Eslovaquia y Hungr\u00eda para reforzar lazos con l\u00edderes afines a Trump","datePublished":"2026-02-15T18:03:41+00:00","mainEntityOfPage":{"@id":"https:\/\/sarmiento24h.com\/?p=12041"},"wordCount":676,"publisher":{"@id":"https:\/\/sarmiento24h.com\/#organization"},"image":{"@id":"https:\/\/sarmiento24h.com\/?p=12041#primaryimage"},"thumbnailUrl":"https:\/\/sarmiento24h.com\/wp-content\/uploads\/2026\/02\/rubio-viaja-a-eslovaquia-y-hungria-para-reforzar-lazos-con-lideres-afines-a-trump.jpg","articleSection":["Internacionales"],"inLanguage":"es"},{"@type":"WebPage","@id":"https:\/\/sarmiento24h.com\/?p=12041","url":"https:\/\/sarmiento24h.com\/?p=12041","name":"Rubio viaja a Eslovaquia y Hungr\u00eda para reforzar lazos con l\u00edderes afines a Trump - Sarmiento24h","isPartOf":{"@id":"https:\/\/sarmiento24h.com\/#website"},"primaryImageOfPage":{"@id":"https:\/\/sarmiento24h.com\/?p=12041#primaryimage"},"image":{"@id":"https:\/\/sarmiento24h.com\/?p=12041#primaryimage"},"thumbnailUrl":"https:\/\/sarmiento24h.com\/wp-content\/uploads\/2026\/02\/rubio-viaja-a-eslovaquia-y-hungria-para-reforzar-lazos-con-lideres-afines-a-trump.jpg","datePublished":"2026-02-15T18:03:41+00:00","breadcrumb":{"@id":"https:\/\/sarmiento24h.com\/?p=12041#breadcrumb"},"inLanguage":"es","potentialAction":[{"@type":"ReadAction","target":["https:\/\/sarmiento24h.com\/?p=12041"]}]},{"@type":"ImageObject","inLanguage":"es","@id":"https:\/\/sarmiento24h.com\/?p=12041#primaryimage","url":"https:\/\/sarmiento24h.com\/wp-content\/uploads\/2026\/02\/rubio-viaja-a-eslovaquia-y-hungria-para-reforzar-lazos-con-lideres-afines-a-trump.jpg","contentUrl":"https:\/\/sarmiento24h.com\/wp-content\/uploads\/2026\/02\/rubio-viaja-a-eslovaquia-y-hungria-para-reforzar-lazos-con-lideres-afines-a-trump.jpg","width":1280,"height":720},{"@type":"BreadcrumbList","@id":"https:\/\/sarmiento24h.com\/?p=12041#breadcrumb","itemListElement":[{"@type":"ListItem","position":1,"name":"Home","item":"https:\/\/sarmiento24h.com\/"},{"@type":"ListItem","position":2,"name":"Rubio viaja a Eslovaquia y Hungr\u00eda para reforzar lazos con l\u00edderes afines a Trump"}]},{"@type":"WebSite","@id":"https:\/\/sarmiento24h.com\/#website","url":"https:\/\/sarmiento24h.com\/","name":"Sarmiento24h","description":"","publisher":{"@id":"https:\/\/sarmiento24h.com\/#organization"},"potentialAction":[{"@type":"SearchAction","target":{"@type":"EntryPoint","urlTemplate":"https:\/\/sarmiento24h.com\/?s={search_term_string}"},"query-input":{"@type":"PropertyValueSpecification","valueRequired":true,"valueName":"search_term_string"}}],"inLanguage":"es"},{"@type":"Organization","@id":"https:\/\/sarmiento24h.com\/#organization","name":"Sarmiento24h","url":"https:\/\/sarmiento24h.com\/","logo":{"@type":"ImageObject","inLanguage":"es","@id":"https:\/\/sarmiento24h.com\/#\/schema\/logo\/image\/","url":"https:\/\/sarmiento24h.com\/wp-content\/uploads\/2025\/12\/AddText_12-16-10.30.52.jpg","contentUrl":"https:\/\/sarmiento24h.com\/wp-content\/uploads\/2025\/12\/AddText_12-16-10.30.52.jpg","width":1220,"height":324,"caption":"Sarmiento24h"},"image":{"@id":"https:\/\/sarmiento24h.com\/#\/schema\/logo\/image\/"},"sameAs":["https:\/\/facebook.com\/s24hnoticias","https:\/\/x.com\/sarmiento24h"]},{"@type":"Person","@id":"https:\/\/sarmiento24h.com\/#\/schema\/person\/d653a59725ad629a7e0429af7b939d4d","name":"sarmiento24h@gmail.com","image":{"@type":"ImageObject","inLanguage":"es","@id":"https:\/\/sarmiento24h.com\/wp-content\/litespeed\/avatar\/d02cbc4e23c747e6659cd45907173c8f.jpg?ver=1788047690","url":"https:\/\/sarmiento24h.com\/wp-content\/litespeed\/avatar\/d02cbc4e23c747e6659cd45907173c8f.jpg?ver=1788047690","contentUrl":"https:\/\/sarmiento24h.com\/wp-content\/litespeed\/avatar\/d02cbc4e23c747e6659cd45907173c8f.jpg?ver=1788047690","caption":"sarmiento24h@gmail.com"},"sameAs":["https:\/\/sarmiento24h.com"],"url":"https:\/\/sarmiento24h.com\/?author=1"}]}},"jetpack_publicize_connections":[],"jetpack_featured_media_url":"https:\/\/sarmiento24h.com\/wp-content\/uploads\/2026\/02\/rubio-viaja-a-eslovaquia-y-hungria-para-reforzar-lazos-con-lideres-afines-a-trump.jpg","jetpack_sharing_enabled":true,"_links":{"self":[{"href":"https:\/\/sarmiento24h.com\/index.php?rest_route=\/wp\/v2\/posts\/12041","targetHints":{"allow":["GET"]}}],"collection":[{"href":"https:\/\/sarmiento24h.com\/index.php?rest_route=\/wp\/v2\/posts"}],"about":[{"href":"https:\/\/sarmiento24h.com\/index.php?rest_route=\/wp\/v2\/types\/post"}],"author":[{"embeddable":true,"href":"https:\/\/sarmiento24h.com\/index.php?rest_route=\/wp\/v2\/users\/1"}],"replies":[{"embeddable":true,"href":"https:\/\/sarmiento24h.com\/index.php?rest_route=%2Fwp%2Fv2%2Fcomments&post=12041"}],"version-history":[{"count":0,"href":"https:\/\/sarmiento24h.com\/index.php?rest_route=\/wp\/v2\/posts\/12041\/revisions"}],"wp:featuredmedia":[{"embeddable":true,"href":"https:\/\/sarmiento24h.com\/index.php?rest_route=\/wp\/v2\/media\/12042"}],"wp:attachment":[{"href":"https:\/\/sarmiento24h.com\/index.php?rest_route=%2Fwp%2Fv2%2Fmedia&parent=12041"}],"wp:term":[{"taxonomy":"category","embeddable":true,"href":"https:\/\/sarmiento24h.com\/index.php?rest_route=%2Fwp%2Fv2%2Fcategories&post=12041"},{"taxonomy":"post_tag","embeddable":true,"href":"https:\/\/sarmiento24h.com\/index.php?rest_route=%2Fwp%2Fv2%2Ftags&post=12041"}],"curies":[{"name":"wp","href":"https:\/\/api.w.org\/{rel}","templated":true}]}}