{"id":12273,"date":"2026-02-16T02:34:46","date_gmt":"2026-02-16T02:34:46","guid":{"rendered":"http:\/\/da897e6c-0ad1-11f1-ac62-7344fd2ddb0b"},"modified":"2026-02-16T02:34:46","modified_gmt":"2026-02-16T02:34:46","slug":"integracion-gestion-de-crisis-y-estabilidad-politica-los-ejes-de-la-union-africana-en-etiopia","status":"publish","type":"post","link":"https:\/\/sarmiento24h.com\/?p=12273","title":{"rendered":"Integraci\u00f3n, gesti\u00f3n de crisis y estabilidad pol\u00edtica: los ejes de la Uni\u00f3n Africana en Etiop\u00eda"},"content":{"rendered":"<p>Este domingo 15 de febrero concluy\u00f3 la 39\u00aa Cumbre Ordinaria de la <a href=\"https:\/\/www.france24.com\/es\/tag\/uni\u00f3n-africana\/\" target=\"_self\" class=\"gtm-add-suggested-tag\">Uni\u00f3n Africana<\/a> que se celebr\u00f3 en Ad\u00eds Abeba. En ella concertaron puntos problem\u00e1ticos en los que se debe hacer foco para que el continente tenga m\u00e1s probabilidades de prosperar en ambientes como la econom\u00eda y la estabilidad pol\u00edtica. Un encuentro que contribuy\u00f3 a plantear las necesidades, pero que estuvo lejos de fijar soluciones.<\/p>\n<p>El presidente de la Comisi\u00f3n de la UA, Mahmoud Ali Youssouf, se\u00f1al\u00f3 en su discurso del s\u00e1bado que el turbulento contexto internacional tiene consecuencias en lo que pasa en <a href=\"https:\/\/www.france24.com\/es\/tag\/\u00e1frica\/\" target=\"_self\" class=\"gtm-add-suggested-tag\">\u00c1frica<\/a>. \u00abLa convulsi\u00f3n en el orden internacional sin duda tiene un impacto significativo en los asuntos del continente, sin mencionar la recurrente injerencia de actores externos en nuestros asuntos\u00bb, alert\u00f3 en la capital et\u00edope.<\/p>\n<p>L\u00edderes de alrededor de 40 pa\u00edses asistieron a la cumbre del fin de semana. Estos son los tres ejes principales sobre los que rondaron las conclusiones.<\/p>\n<div id=\"em-WBMZ370621-F24-ES-20260216\" class=\"m-em-flash\" data-xtwitter-script><figcaption class=\"a-figcaption\"> <\/figcaption><div class=\"o-em-consent \" readability=\"7\">\n<div class=\"o-em-consent__content\" readability=\"34\">\n<p class=\"o-em-consent__content__text\">Para mostrar este contenido de X (Twitter), debe autorizar las cookies de medici\u00f3n de audiencia y publicidad.<\/p>\n<p> <button class=\"a-master-button a-master-button--dark\" data-action=\"accept\"> Aceptar <svg class=\"a-svg a-svg--icon-check\"> <use xlink:href=\"\/build\/images\/svg\/sprite.17415c6ec01e4a8b145df03c806104d3.svg#icon-check\" href=\"\/build\/images\/svg\/sprite.17415c6ec01e4a8b145df03c806104d3.svg#icon-check\" \/> <\/svg> <\/button> <button class=\"a-link\" data-action=\"manage\">Gestionar mis opciones<i class=\"a-svg a-svg--icon-edit\"><\/i><\/button> <\/div>\n<\/div>\n<\/div>\n<h2><strong>Integraci\u00f3n pol\u00edtica ante el multilateralismo actual<\/strong><\/h2>\n<p>Youssouf afirm\u00f3 en la jornada inicial de la cumbre que \u00ab\u00c1frica debe fortalecerse acelerando sus programas de integraci\u00f3n pol\u00edtica y econ\u00f3mica\u201d con instituciones que deber\u00edan \u00abredoblar sus esfuerzos y determinaci\u00f3n\u00bb.<\/p>\n<p>En esa l\u00ednea, Jo\u0101o Louren\u00e7o \u2013presidente de <a href=\"https:\/\/www.france24.com\/es\/tag\/angola\/\" target=\"_self\" class=\"gtm-add-suggested-tag\">Angola<\/a> y l\u00edder saliente de la UA\u2013 subray\u00f3 que es necesario que se implemente el Acuerdo de Libre Comercio Continental Africano que fue lanzado en 2019.<\/p>\n<p>No obstante, recalc\u00f3 que no habr\u00e1 progreso sostenido si no hay estabilidad y paz en el continente, puntualizando en los focos de tensi\u00f3n existentes en <a href=\"https:\/\/www.france24.com\/es\/tag\/sud\u00e1n\/\" target=\"_self\" class=\"gtm-add-suggested-tag\">Sud\u00e1n<\/a>, Rep\u00fablica Democr\u00e1tica de Congo (RDC) o <a href=\"https:\/\/www.france24.com\/es\/tag\/somalia\/\" target=\"_self\" class=\"gtm-add-suggested-tag\">Somalia<\/a>, entre otros.<\/p>\n<div id=\"em-WBMZ370629-F24-ES-20260216\" class=\"m-em-flash\" data-xtwitter-script><figcaption class=\"a-figcaption\"> <\/figcaption><div class=\"o-em-consent \" readability=\"7\">\n<div class=\"o-em-consent__content\" readability=\"34\">\n<p class=\"o-em-consent__content__text\">Para mostrar este contenido de X (Twitter), debe autorizar las cookies de medici\u00f3n de audiencia y publicidad.<\/p>\n<p> <button class=\"a-master-button a-master-button--dark\" data-action=\"accept\"> Aceptar <svg class=\"a-svg a-svg--icon-check\"> <use xlink:href=\"\/build\/images\/svg\/sprite.17415c6ec01e4a8b145df03c806104d3.svg#icon-check\" href=\"\/build\/images\/svg\/sprite.17415c6ec01e4a8b145df03c806104d3.svg#icon-check\" \/> <\/svg> <\/button> <button class=\"a-link\" data-action=\"manage\">Gestionar mis opciones<i class=\"a-svg a-svg--icon-edit\"><\/i><\/button> <\/div>\n<\/div>\n<\/div>\n<p>En la jornada del s\u00e1bado, la primera ministra de <a href=\"https:\/\/www.france24.com\/es\/tag\/italia\/\" target=\"_self\" class=\"gtm-add-suggested-tag\">Italia<\/a>, <a href=\"https:\/\/www.france24.com\/es\/tag\/giorgia-meloni\/\" target=\"_self\" class=\"gtm-add-suggested-tag\">Giorgia Meloni<\/a>, y el secretario general de la <a href=\"https:\/\/www.france24.com\/es\/tag\/onu\/\" target=\"_self\" class=\"gtm-add-suggested-tag\">ONU<\/a>, <a href=\"https:\/\/www.france24.com\/es\/tag\/ant\u00f3nio-guterres\/\" target=\"_self\" class=\"gtm-add-suggested-tag\">Ant\u00f3nio Guterres<\/a>, estuvieron presentes y tambi\u00e9n apoyaron la idea de impulsar mejoras en el continente.<\/p>\n<p>Para Guterres, es necesario \u00abgarantizar que los pa\u00edses africanos se beneficien primera y plenamente de sus minerales cr\u00edticos\u00bb montando un sistema justo y sostenible.<\/p>\n<h2><strong>Gesti\u00f3n de crisis<\/strong><\/h2>\n<p>Este domingo 15 de febrero, segundo y \u00faltimo d\u00eda de la cumbre, la organizaci\u00f3n expuso su deseo de reformar la manera de gestionar las crisis de seguridad y los conflictos que existen a lo largo del continente.<\/p>\n<p>\u00abNecesitamos paz en este continente\u00bb, enfatiz\u00f3 Youssouf, quien a\u00f1adi\u00f3 que es necesario mutar la gesti\u00f3n en \u00ablos problemas de seguridad, la paz, los desaf\u00edos econ\u00f3micos, los asuntos comerciales\u00bb, aunque reconoci\u00f3 que llegar a ese objetivo es \u00abmuy dif\u00edcil\u00bb.<\/p>\n<p>Dentro de los focos de conflictos principales hicieron hincapi\u00e9 en la situaci\u00f3n que transita hace tiempo la RDC, donde el Ej\u00e9rcito mantiene enfrentamientos con el grupo rebelde <a href=\"https:\/\/www.france24.com\/es\/tag\/m23\/\" target=\"_self\" class=\"gtm-add-suggested-tag\">M23<\/a>.&nbsp;<\/p>\n<div class=\"m-em-image\">\n<figure class=\"m-item-image m-item-image--original m-item-image--has-caption\"> <picture class=\"a-picture a-picture--original\"><source type=\"image\/webp\" srcset=\"https:\/\/s.france24.com\/media\/display\/eece1844-d5aa-11f0-8553-005056a97e36\/w:246\/2025-12-04T173319Z-1984683450-RC2SEEA25H3J-RTRMADP-3-USA-TRUMP-RWANDA-CONGO.webp 246w, https:\/\/s.france24.com\/media\/display\/eece1844-d5aa-11f0-8553-005056a97e36\/w:388\/2025-12-04T173319Z-1984683450-RC2SEEA25H3J-RTRMADP-3-USA-TRUMP-RWANDA-CONGO.webp 388w, https:\/\/s.france24.com\/media\/display\/eece1844-d5aa-11f0-8553-005056a97e36\/w:720\/2025-12-04T173319Z-1984683450-RC2SEEA25H3J-RTRMADP-3-USA-TRUMP-RWANDA-CONGO.webp 720w, https:\/\/s.france24.com\/media\/display\/eece1844-d5aa-11f0-8553-005056a97e36\/w:980\/2025-12-04T173319Z-1984683450-RC2SEEA25H3J-RTRMADP-3-USA-TRUMP-RWANDA-CONGO.webp 980w\" sizes=\"(max-width: 1023px) calc(100vw - 32px), (min-width: 1024px) 850px\"><img fetchpriority=\"low\" decoding=\"async\" src=\"https:\/\/sarmiento24h.com\/wp-content\/uploads\/2026\/02\/integracion-gestion-de-crisis-y-estabilidad-politica-los-ejes-de-la-union-africana-en-etiopia.jpg\" srcset=\"https:\/\/sarmiento24h.com\/wp-content\/uploads\/2026\/02\/integracion-gestion-de-crisis-y-estabilidad-politica-los-ejes-de-la-union-africana-en-etiopia-1.jpg 246w, https:\/\/sarmiento24h.com\/wp-content\/uploads\/2026\/02\/integracion-gestion-de-crisis-y-estabilidad-politica-los-ejes-de-la-union-africana-en-etiopia-2.jpg 388w, https:\/\/sarmiento24h.com\/wp-content\/uploads\/2026\/02\/integracion-gestion-de-crisis-y-estabilidad-politica-los-ejes-de-la-union-africana-en-etiopia-3.jpg 720w, https:\/\/sarmiento24h.com\/wp-content\/uploads\/2026\/02\/integracion-gestion-de-crisis-y-estabilidad-politica-los-ejes-de-la-union-africana-en-etiopia.jpg 980w\" sizes=\"(max-width: 1023px) calc(100vw - 32px), (min-width: 1024px) 850px\" alt=\"Des combattants du groupe rebelle M23 photographi\u00e9s \u00e0 Goma, au Nord-Kivu, en R\u00e9publique d\u00e9mocratique du Congo, le 10 mai 2025.\" loading=\"lazy\" class=\"a-img \">\n<\/picture><figcaption class=\"a-figcaption\"> <span>Rebeldes del M23 fotografiados en Goma, Kivu del Norte, Rep\u00fablica Democr\u00e1tica del Congo, el 10 de mayo de 2025.<\/span> <span>\u00a9 Arlette Bashizi, Reuters (archives)<\/span> <\/figcaption><\/figure>\n<\/p><\/div>\n<p>\u00abDeber\u00eda estar en la posici\u00f3n y el papel de liderar esta mediaci\u00f3n, no simplemente dejar que socios externos intenten resolver el problema africano\u00bb, remarc\u00f3 Youssouf, quien agreg\u00f3 que le corresponde a la Uni\u00f3n Africana \u00abavanzar con el proceso de mediaci\u00f3n y estabilizaci\u00f3n en la RDC\u00bb tras la firma de un acuerdo de paz en Washington, en diciembre pasado.<\/p>\n<h2><strong>Golpes de Estado y crisis clim\u00e1tica<\/strong><\/h2>\n<p>El tercer aspecto a trabajar se trata del compromiso continental para que dejen de proliferar levantamientos contra gobiernos elegidos democr\u00e1ticamente. \u00abLos jefes de Estado tendr\u00e1n tolerancia cero ante cambios inconstitucionales de gobierno\u00bb, advirti\u00f3 Youssouf, en una rueda de prensa junto al mandatario de Burundi, \u00c9variste Ndayishimiye, quien asumi\u00f3 la presidencia rotatoria de la UA.<\/p>\n<p>En su declaraci\u00f3n, ejemplific\u00f3 con los sucesos que tuvieron lugar en la regi\u00f3n del <a href=\"https:\/\/www.france24.com\/es\/tag\/sahel\/\" target=\"_self\" class=\"gtm-add-suggested-tag\">Sahel<\/a>, azotada por consecutivos golpes de Estado en <a href=\"https:\/\/www.france24.com\/es\/tag\/n\u00edger\/\" target=\"_self\" class=\"gtm-add-suggested-tag\">N\u00edger<\/a>, <a href=\"https:\/\/www.france24.com\/es\/tag\/burkina-faso\/\" target=\"_self\" class=\"gtm-add-suggested-tag\">Burkina Faso<\/a> y <a href=\"https:\/\/www.france24.com\/es\/tag\/mali\/\" target=\"_self\" class=\"gtm-add-suggested-tag\">Mali<\/a>, quienes han creado su propia alianza y le dieron la espalda a organizaciones comunitarias como la CEDEAO.<\/p>\n<p>\u00abEs muy importante entender que debemos seguir colaborando con ellos. Los pa\u00edses del Sahel necesitan el apoyo de toda la Uni\u00f3n Africana\u00bb, inst\u00f3.<\/p>\n<div id=\"em-WBMZ370630-F24-ES-20260216\" class=\"m-em-flash\" data-xtwitter-script><figcaption class=\"a-figcaption\"> <\/figcaption><div class=\"o-em-consent \" readability=\"7\">\n<div class=\"o-em-consent__content\" readability=\"34\">\n<p class=\"o-em-consent__content__text\">Para mostrar este contenido de X (Twitter), debe autorizar las cookies de medici\u00f3n de audiencia y publicidad.<\/p>\n<p> <button class=\"a-master-button a-master-button--dark\" data-action=\"accept\"> Aceptar <svg class=\"a-svg a-svg--icon-check\"> <use xlink:href=\"\/build\/images\/svg\/sprite.17415c6ec01e4a8b145df03c806104d3.svg#icon-check\" href=\"\/build\/images\/svg\/sprite.17415c6ec01e4a8b145df03c806104d3.svg#icon-check\" \/> <\/svg> <\/button> <button class=\"a-link\" data-action=\"manage\">Gestionar mis opciones<i class=\"a-svg a-svg--icon-edit\"><\/i><\/button> <\/div>\n<\/div>\n<\/div>\n<p>En tanto tambi\u00e9n se refirieron a la <a href=\"https:\/\/www.france24.com\/es\/tag\/crisis-clim\u00e1tica\/\" target=\"_self\" class=\"gtm-add-suggested-tag\">crisis clim\u00e1tica<\/a>, uno de los grandes flagelos de la regi\u00f3n. Al ser un continente con naciones en v\u00edas de desarrollo, Youssouf remarc\u00f3 que los territorios contaminantes deber\u00edan pagar y colaborar para la adaptaci\u00f3n de los pa\u00edses africanos.<\/p>\n<p>Con EFE<\/p>\n","protected":false},"excerpt":{"rendered":"<p>Este domingo 15 de febrero concluy\u00f3 la&#46;&#46;&#46;<\/p>\n","protected":false},"author":1,"featured_media":12274,"comment_status":"closed","ping_status":"closed","sticky":false,"template":"","format":"standard","meta":{"_jetpack_newsletter_access":"","_jetpack_dont_email_post_to_subs":false,"_jetpack_newsletter_tier_id":0,"_jetpack_memberships_contains_paywalled_content":false,"_jetpack_feature_clip_id":0,"_jetpack_memberships_contains_paid_content":false,"footnotes":"","jetpack_publicize_message":"","jetpack_publicize_feature_enabled":true,"jetpack_social_post_already_shared":false,"jetpack_social_options":{"image_generator_settings":{"template":"highway","default_image_id":0,"font":"","enabled":false},"version":2},"jetpack_post_was_ever_published":false},"categories":[43],"tags":[],"class_list":["post-12273","post","type-post","status-publish","format-standard","has-post-thumbnail","hentry","category-internacionales"],"yoast_head":"<!-- This site is optimized with the Yoast SEO plugin v28.1 - https:\/\/yoast.com\/product\/yoast-seo-wordpress\/ -->\n<title>Integraci\u00f3n, gesti\u00f3n de crisis y estabilidad pol\u00edtica: los ejes de la Uni\u00f3n Africana en Etiop\u00eda - Sarmiento24h<\/title>\n<meta name=\"robots\" content=\"index, follow, max-snippet:-1, max-image-preview:large, max-video-preview:-1\" \/>\n<link rel=\"canonical\" href=\"https:\/\/sarmiento24h.com\/?p=12273\" \/>\n<meta property=\"og:locale\" content=\"es_ES\" \/>\n<meta property=\"og:type\" content=\"article\" \/>\n<meta property=\"og:title\" content=\"Integraci\u00f3n, gesti\u00f3n de crisis y estabilidad pol\u00edtica: los ejes de la Uni\u00f3n Africana en Etiop\u00eda - Sarmiento24h\" \/>\n<meta property=\"og:description\" content=\"Este domingo 15 de febrero concluy\u00f3 la&#046;&#046;&#046;\" \/>\n<meta property=\"og:url\" content=\"https:\/\/sarmiento24h.com\/?p=12273\" \/>\n<meta property=\"og:site_name\" content=\"Sarmiento24h\" \/>\n<meta property=\"article:publisher\" content=\"https:\/\/facebook.com\/s24hnoticias\" \/>\n<meta property=\"article:published_time\" content=\"2026-02-16T02:34:46+00:00\" \/>\n<meta property=\"og:image\" content=\"https:\/\/sarmiento24h.com\/wp-content\/uploads\/2026\/02\/integracion-gestion-de-crisis-y-estabilidad-politica-los-ejes-de-la-union-africana-en-etiopia.jpg\" \/>\n\t<meta property=\"og:image:width\" content=\"980\" \/>\n\t<meta property=\"og:image:height\" content=\"638\" \/>\n\t<meta property=\"og:image:type\" content=\"image\/jpeg\" \/>\n<meta name=\"author\" content=\"sarmiento24h@gmail.com\" \/>\n<meta name=\"twitter:card\" content=\"summary_large_image\" \/>\n<meta name=\"twitter:creator\" content=\"@sarmiento24h\" \/>\n<meta name=\"twitter:site\" content=\"@sarmiento24h\" \/>\n<meta name=\"twitter:label1\" content=\"Escrito por\" \/>\n\t<meta name=\"twitter:data1\" content=\"sarmiento24h@gmail.com\" \/>\n\t<meta name=\"twitter:label2\" content=\"Tiempo de lectura\" \/>\n\t<meta name=\"twitter:data2\" content=\"4 minutos\" \/>\n<script type=\"application\/ld+json\" class=\"yoast-schema-graph\">{\"@context\":\"https:\\\/\\\/schema.org\",\"@graph\":[{\"@type\":\"Article\",\"@id\":\"https:\\\/\\\/sarmiento24h.com\\\/?p=12273#article\",\"isPartOf\":{\"@id\":\"https:\\\/\\\/sarmiento24h.com\\\/?p=12273\"},\"author\":{\"name\":\"sarmiento24h@gmail.com\",\"@id\":\"https:\\\/\\\/sarmiento24h.com\\\/#\\\/schema\\\/person\\\/d653a59725ad629a7e0429af7b939d4d\"},\"headline\":\"Integraci\u00f3n, gesti\u00f3n de crisis y estabilidad pol\u00edtica: los ejes de la Uni\u00f3n Africana en Etiop\u00eda\",\"datePublished\":\"2026-02-16T02:34:46+00:00\",\"mainEntityOfPage\":{\"@id\":\"https:\\\/\\\/sarmiento24h.com\\\/?p=12273\"},\"wordCount\":822,\"publisher\":{\"@id\":\"https:\\\/\\\/sarmiento24h.com\\\/#organization\"},\"image\":{\"@id\":\"https:\\\/\\\/sarmiento24h.com\\\/?p=12273#primaryimage\"},\"thumbnailUrl\":\"https:\\\/\\\/sarmiento24h.com\\\/wp-content\\\/uploads\\\/2026\\\/02\\\/integracion-gestion-de-crisis-y-estabilidad-politica-los-ejes-de-la-union-africana-en-etiopia.jpg\",\"articleSection\":[\"Internacionales\"],\"inLanguage\":\"es\"},{\"@type\":\"WebPage\",\"@id\":\"https:\\\/\\\/sarmiento24h.com\\\/?p=12273\",\"url\":\"https:\\\/\\\/sarmiento24h.com\\\/?p=12273\",\"name\":\"Integraci\u00f3n, gesti\u00f3n de crisis y estabilidad pol\u00edtica: los ejes de la Uni\u00f3n Africana en Etiop\u00eda - Sarmiento24h\",\"isPartOf\":{\"@id\":\"https:\\\/\\\/sarmiento24h.com\\\/#website\"},\"primaryImageOfPage\":{\"@id\":\"https:\\\/\\\/sarmiento24h.com\\\/?p=12273#primaryimage\"},\"image\":{\"@id\":\"https:\\\/\\\/sarmiento24h.com\\\/?p=12273#primaryimage\"},\"thumbnailUrl\":\"https:\\\/\\\/sarmiento24h.com\\\/wp-content\\\/uploads\\\/2026\\\/02\\\/integracion-gestion-de-crisis-y-estabilidad-politica-los-ejes-de-la-union-africana-en-etiopia.jpg\",\"datePublished\":\"2026-02-16T02:34:46+00:00\",\"breadcrumb\":{\"@id\":\"https:\\\/\\\/sarmiento24h.com\\\/?p=12273#breadcrumb\"},\"inLanguage\":\"es\",\"potentialAction\":[{\"@type\":\"ReadAction\",\"target\":[\"https:\\\/\\\/sarmiento24h.com\\\/?p=12273\"]}]},{\"@type\":\"ImageObject\",\"inLanguage\":\"es\",\"@id\":\"https:\\\/\\\/sarmiento24h.com\\\/?p=12273#primaryimage\",\"url\":\"https:\\\/\\\/sarmiento24h.com\\\/wp-content\\\/uploads\\\/2026\\\/02\\\/integracion-gestion-de-crisis-y-estabilidad-politica-los-ejes-de-la-union-africana-en-etiopia.jpg\",\"contentUrl\":\"https:\\\/\\\/sarmiento24h.com\\\/wp-content\\\/uploads\\\/2026\\\/02\\\/integracion-gestion-de-crisis-y-estabilidad-politica-los-ejes-de-la-union-africana-en-etiopia.jpg\",\"width\":980,\"height\":638},{\"@type\":\"BreadcrumbList\",\"@id\":\"https:\\\/\\\/sarmiento24h.com\\\/?p=12273#breadcrumb\",\"itemListElement\":[{\"@type\":\"ListItem\",\"position\":1,\"name\":\"Home\",\"item\":\"https:\\\/\\\/sarmiento24h.com\\\/\"},{\"@type\":\"ListItem\",\"position\":2,\"name\":\"Integraci\u00f3n, gesti\u00f3n de crisis y estabilidad pol\u00edtica: los ejes de la Uni\u00f3n Africana en Etiop\u00eda\"}]},{\"@type\":\"WebSite\",\"@id\":\"https:\\\/\\\/sarmiento24h.com\\\/#website\",\"url\":\"https:\\\/\\\/sarmiento24h.com\\\/\",\"name\":\"Sarmiento24h\",\"description\":\"\",\"publisher\":{\"@id\":\"https:\\\/\\\/sarmiento24h.com\\\/#organization\"},\"potentialAction\":[{\"@type\":\"SearchAction\",\"target\":{\"@type\":\"EntryPoint\",\"urlTemplate\":\"https:\\\/\\\/sarmiento24h.com\\\/?s={search_term_string}\"},\"query-input\":{\"@type\":\"PropertyValueSpecification\",\"valueRequired\":true,\"valueName\":\"search_term_string\"}}],\"inLanguage\":\"es\"},{\"@type\":\"Organization\",\"@id\":\"https:\\\/\\\/sarmiento24h.com\\\/#organization\",\"name\":\"Sarmiento24h\",\"url\":\"https:\\\/\\\/sarmiento24h.com\\\/\",\"logo\":{\"@type\":\"ImageObject\",\"inLanguage\":\"es\",\"@id\":\"https:\\\/\\\/sarmiento24h.com\\\/#\\\/schema\\\/logo\\\/image\\\/\",\"url\":\"https:\\\/\\\/sarmiento24h.com\\\/wp-content\\\/uploads\\\/2025\\\/12\\\/AddText_12-16-10.30.52.jpg\",\"contentUrl\":\"https:\\\/\\\/sarmiento24h.com\\\/wp-content\\\/uploads\\\/2025\\\/12\\\/AddText_12-16-10.30.52.jpg\",\"width\":1220,\"height\":324,\"caption\":\"Sarmiento24h\"},\"image\":{\"@id\":\"https:\\\/\\\/sarmiento24h.com\\\/#\\\/schema\\\/logo\\\/image\\\/\"},\"sameAs\":[\"https:\\\/\\\/facebook.com\\\/s24hnoticias\",\"https:\\\/\\\/x.com\\\/sarmiento24h\"]},{\"@type\":\"Person\",\"@id\":\"https:\\\/\\\/sarmiento24h.com\\\/#\\\/schema\\\/person\\\/d653a59725ad629a7e0429af7b939d4d\",\"name\":\"sarmiento24h@gmail.com\",\"image\":{\"@type\":\"ImageObject\",\"inLanguage\":\"es\",\"@id\":\"https:\\\/\\\/sarmiento24h.com\\\/wp-content\\\/litespeed\\\/avatar\\\/d02cbc4e23c747e6659cd45907173c8f.jpg?ver=1788047690\",\"url\":\"https:\\\/\\\/sarmiento24h.com\\\/wp-content\\\/litespeed\\\/avatar\\\/d02cbc4e23c747e6659cd45907173c8f.jpg?ver=1788047690\",\"contentUrl\":\"https:\\\/\\\/sarmiento24h.com\\\/wp-content\\\/litespeed\\\/avatar\\\/d02cbc4e23c747e6659cd45907173c8f.jpg?ver=1788047690\",\"caption\":\"sarmiento24h@gmail.com\"},\"sameAs\":[\"https:\\\/\\\/sarmiento24h.com\"],\"url\":\"https:\\\/\\\/sarmiento24h.com\\\/?author=1\"}]}<\/script>\n<!-- \/ Yoast SEO plugin. -->","yoast_head_json":{"title":"Integraci\u00f3n, gesti\u00f3n de crisis y estabilidad pol\u00edtica: los ejes de la Uni\u00f3n Africana en Etiop\u00eda - Sarmiento24h","robots":{"index":"index","follow":"follow","max-snippet":"max-snippet:-1","max-image-preview":"max-image-preview:large","max-video-preview":"max-video-preview:-1"},"canonical":"https:\/\/sarmiento24h.com\/?p=12273","og_locale":"es_ES","og_type":"article","og_title":"Integraci\u00f3n, gesti\u00f3n de crisis y estabilidad pol\u00edtica: los ejes de la Uni\u00f3n Africana en Etiop\u00eda - Sarmiento24h","og_description":"Este domingo 15 de febrero concluy\u00f3 la&#46;&#46;&#46;","og_url":"https:\/\/sarmiento24h.com\/?p=12273","og_site_name":"Sarmiento24h","article_publisher":"https:\/\/facebook.com\/s24hnoticias","article_published_time":"2026-02-16T02:34:46+00:00","og_image":[{"width":980,"height":638,"url":"https:\/\/sarmiento24h.com\/wp-content\/uploads\/2026\/02\/integracion-gestion-de-crisis-y-estabilidad-politica-los-ejes-de-la-union-africana-en-etiopia.jpg","type":"image\/jpeg"}],"author":"sarmiento24h@gmail.com","twitter_card":"summary_large_image","twitter_creator":"@sarmiento24h","twitter_site":"@sarmiento24h","twitter_misc":{"Escrito por":"sarmiento24h@gmail.com","Tiempo de lectura":"4 minutos"},"schema":{"@context":"https:\/\/schema.org","@graph":[{"@type":"Article","@id":"https:\/\/sarmiento24h.com\/?p=12273#article","isPartOf":{"@id":"https:\/\/sarmiento24h.com\/?p=12273"},"author":{"name":"sarmiento24h@gmail.com","@id":"https:\/\/sarmiento24h.com\/#\/schema\/person\/d653a59725ad629a7e0429af7b939d4d"},"headline":"Integraci\u00f3n, gesti\u00f3n de crisis y estabilidad pol\u00edtica: los ejes de la Uni\u00f3n Africana en Etiop\u00eda","datePublished":"2026-02-16T02:34:46+00:00","mainEntityOfPage":{"@id":"https:\/\/sarmiento24h.com\/?p=12273"},"wordCount":822,"publisher":{"@id":"https:\/\/sarmiento24h.com\/#organization"},"image":{"@id":"https:\/\/sarmiento24h.com\/?p=12273#primaryimage"},"thumbnailUrl":"https:\/\/sarmiento24h.com\/wp-content\/uploads\/2026\/02\/integracion-gestion-de-crisis-y-estabilidad-politica-los-ejes-de-la-union-africana-en-etiopia.jpg","articleSection":["Internacionales"],"inLanguage":"es"},{"@type":"WebPage","@id":"https:\/\/sarmiento24h.com\/?p=12273","url":"https:\/\/sarmiento24h.com\/?p=12273","name":"Integraci\u00f3n, gesti\u00f3n de crisis y estabilidad pol\u00edtica: los ejes de la Uni\u00f3n Africana en Etiop\u00eda - Sarmiento24h","isPartOf":{"@id":"https:\/\/sarmiento24h.com\/#website"},"primaryImageOfPage":{"@id":"https:\/\/sarmiento24h.com\/?p=12273#primaryimage"},"image":{"@id":"https:\/\/sarmiento24h.com\/?p=12273#primaryimage"},"thumbnailUrl":"https:\/\/sarmiento24h.com\/wp-content\/uploads\/2026\/02\/integracion-gestion-de-crisis-y-estabilidad-politica-los-ejes-de-la-union-africana-en-etiopia.jpg","datePublished":"2026-02-16T02:34:46+00:00","breadcrumb":{"@id":"https:\/\/sarmiento24h.com\/?p=12273#breadcrumb"},"inLanguage":"es","potentialAction":[{"@type":"ReadAction","target":["https:\/\/sarmiento24h.com\/?p=12273"]}]},{"@type":"ImageObject","inLanguage":"es","@id":"https:\/\/sarmiento24h.com\/?p=12273#primaryimage","url":"https:\/\/sarmiento24h.com\/wp-content\/uploads\/2026\/02\/integracion-gestion-de-crisis-y-estabilidad-politica-los-ejes-de-la-union-africana-en-etiopia.jpg","contentUrl":"https:\/\/sarmiento24h.com\/wp-content\/uploads\/2026\/02\/integracion-gestion-de-crisis-y-estabilidad-politica-los-ejes-de-la-union-africana-en-etiopia.jpg","width":980,"height":638},{"@type":"BreadcrumbList","@id":"https:\/\/sarmiento24h.com\/?p=12273#breadcrumb","itemListElement":[{"@type":"ListItem","position":1,"name":"Home","item":"https:\/\/sarmiento24h.com\/"},{"@type":"ListItem","position":2,"name":"Integraci\u00f3n, gesti\u00f3n de crisis y estabilidad pol\u00edtica: los ejes de la Uni\u00f3n Africana en Etiop\u00eda"}]},{"@type":"WebSite","@id":"https:\/\/sarmiento24h.com\/#website","url":"https:\/\/sarmiento24h.com\/","name":"Sarmiento24h","description":"","publisher":{"@id":"https:\/\/sarmiento24h.com\/#organization"},"potentialAction":[{"@type":"SearchAction","target":{"@type":"EntryPoint","urlTemplate":"https:\/\/sarmiento24h.com\/?s={search_term_string}"},"query-input":{"@type":"PropertyValueSpecification","valueRequired":true,"valueName":"search_term_string"}}],"inLanguage":"es"},{"@type":"Organization","@id":"https:\/\/sarmiento24h.com\/#organization","name":"Sarmiento24h","url":"https:\/\/sarmiento24h.com\/","logo":{"@type":"ImageObject","inLanguage":"es","@id":"https:\/\/sarmiento24h.com\/#\/schema\/logo\/image\/","url":"https:\/\/sarmiento24h.com\/wp-content\/uploads\/2025\/12\/AddText_12-16-10.30.52.jpg","contentUrl":"https:\/\/sarmiento24h.com\/wp-content\/uploads\/2025\/12\/AddText_12-16-10.30.52.jpg","width":1220,"height":324,"caption":"Sarmiento24h"},"image":{"@id":"https:\/\/sarmiento24h.com\/#\/schema\/logo\/image\/"},"sameAs":["https:\/\/facebook.com\/s24hnoticias","https:\/\/x.com\/sarmiento24h"]},{"@type":"Person","@id":"https:\/\/sarmiento24h.com\/#\/schema\/person\/d653a59725ad629a7e0429af7b939d4d","name":"sarmiento24h@gmail.com","image":{"@type":"ImageObject","inLanguage":"es","@id":"https:\/\/sarmiento24h.com\/wp-content\/litespeed\/avatar\/d02cbc4e23c747e6659cd45907173c8f.jpg?ver=1788047690","url":"https:\/\/sarmiento24h.com\/wp-content\/litespeed\/avatar\/d02cbc4e23c747e6659cd45907173c8f.jpg?ver=1788047690","contentUrl":"https:\/\/sarmiento24h.com\/wp-content\/litespeed\/avatar\/d02cbc4e23c747e6659cd45907173c8f.jpg?ver=1788047690","caption":"sarmiento24h@gmail.com"},"sameAs":["https:\/\/sarmiento24h.com"],"url":"https:\/\/sarmiento24h.com\/?author=1"}]}},"jetpack_publicize_connections":[],"jetpack_featured_media_url":"https:\/\/sarmiento24h.com\/wp-content\/uploads\/2026\/02\/integracion-gestion-de-crisis-y-estabilidad-politica-los-ejes-de-la-union-africana-en-etiopia.jpg","jetpack_sharing_enabled":true,"_links":{"self":[{"href":"https:\/\/sarmiento24h.com\/index.php?rest_route=\/wp\/v2\/posts\/12273","targetHints":{"allow":["GET"]}}],"collection":[{"href":"https:\/\/sarmiento24h.com\/index.php?rest_route=\/wp\/v2\/posts"}],"about":[{"href":"https:\/\/sarmiento24h.com\/index.php?rest_route=\/wp\/v2\/types\/post"}],"author":[{"embeddable":true,"href":"https:\/\/sarmiento24h.com\/index.php?rest_route=\/wp\/v2\/users\/1"}],"replies":[{"embeddable":true,"href":"https:\/\/sarmiento24h.com\/index.php?rest_route=%2Fwp%2Fv2%2Fcomments&post=12273"}],"version-history":[{"count":0,"href":"https:\/\/sarmiento24h.com\/index.php?rest_route=\/wp\/v2\/posts\/12273\/revisions"}],"wp:featuredmedia":[{"embeddable":true,"href":"https:\/\/sarmiento24h.com\/index.php?rest_route=\/wp\/v2\/media\/12274"}],"wp:attachment":[{"href":"https:\/\/sarmiento24h.com\/index.php?rest_route=%2Fwp%2Fv2%2Fmedia&parent=12273"}],"wp:term":[{"taxonomy":"category","embeddable":true,"href":"https:\/\/sarmiento24h.com\/index.php?rest_route=%2Fwp%2Fv2%2Fcategories&post=12273"},{"taxonomy":"post_tag","embeddable":true,"href":"https:\/\/sarmiento24h.com\/index.php?rest_route=%2Fwp%2Fv2%2Ftags&post=12273"}],"curies":[{"name":"wp","href":"https:\/\/api.w.org\/{rel}","templated":true}]}}