{"id":12538,"date":"2026-02-16T13:33:15","date_gmt":"2026-02-16T13:33:15","guid":{"rendered":"http:\/\/79655b3a-0b29-11f1-adc2-9d3296df1a84"},"modified":"2026-02-16T13:33:15","modified_gmt":"2026-02-16T13:33:15","slug":"el-mundo-arabe-condena-el-registro-de-tierras-en-cisjordania-que-implica-la-medida-de-israel","status":"publish","type":"post","link":"https:\/\/sarmiento24h.com\/?p=12538","title":{"rendered":"El mundo \u00e1rabe condena el registro de tierras en Cisjordania: \u00bfqu\u00e9 implica la medida de Israel?"},"content":{"rendered":"<p>Las condenas se multiplican al interior del mundo \u00e1rabe. La <a href=\"https:\/\/www.france24.com\/es\/tag\/autoridad-nacional-palestina\/\" target=\"_self\">Autoridad Palestina<\/a>, <a href=\"https:\/\/www.france24.com\/es\/tag\/egipto\/\" target=\"_self\" class=\"gtm-add-suggested-tag\">Egipto<\/a> y <a href=\"https:\/\/www.france24.com\/es\/tag\/estado-de-qatar\/\" target=\"_self\">Qatar<\/a> denunciaron la aprobaci\u00f3n de las nuevas medidas del Gobierno de <a href=\"https:\/\/www.france24.com\/es\/tag\/israel\/\" target=\"_self\" class=\"gtm-add-suggested-tag\">Israel<\/a> para reforzar el control del territorio de <a href=\"https:\/\/www.france24.com\/es\/tag\/cisjordania\/\" target=\"_self\" class=\"gtm-add-suggested-tag\">Cisjordania<\/a>.<\/p>\n<p>El gabinete de <a href=\"https:\/\/www.france24.com\/es\/tag\/benjamin-netanyahu\/\" target=\"_self\" class=\"gtm-add-suggested-tag\">Benjamin Netanyahu<\/a> aprob\u00f3 el domingo 15 de febrero <strong>nuevas directrices destinadas a facilitar la compra de tierras por parte de los colonos israel\u00edes<\/strong>. As\u00ed, los ministros votaron a favor de iniciar un proceso de registro de la propiedad, medida in\u00e9dita en Cisjordania ocupada desde 1967, se\u00f1al\u00f3 la radio militar israel\u00ed.<\/p>\n<p>El Ministerio de Asuntos Exteriores de la Autoridad Palestina&nbsp;declar\u00f3 en la plataforma X que \u00abcondena en\u00e9rgicamente (esa decisi\u00f3n) y rechaza cualquier intento de designar tierras de Cisjordania como &#8216;territorio p\u00fablico&#8217; bajo el control de la fuerza de ocupaci\u00f3n\u00bb. Consider\u00f3 que las nuevas medidas son \u00ablegalmente inv\u00e1lidas\u00bb y suponen el \u00abinicio de facto de un proceso de anexi\u00f3n\u00bb.<\/p>\n<div id=\"em-WBMZ370664-F24-ES-20260216\" class=\"m-em-flash\" data-xtwitter-script><figcaption class=\"a-figcaption\"> <\/figcaption><div class=\"o-em-consent \" readability=\"7\">\n<div class=\"o-em-consent__content\" readability=\"34\">\n<p class=\"o-em-consent__content__text\">Para mostrar este contenido de X (Twitter), debe autorizar las cookies de medici\u00f3n de audiencia y publicidad.<\/p>\n<p> <button class=\"a-master-button a-master-button--dark\" data-action=\"accept\"> Aceptar <svg class=\"a-svg a-svg--icon-check\"> <use xlink:href=\"\/build\/images\/svg\/sprite.17415c6ec01e4a8b145df03c806104d3.svg#icon-check\" href=\"\/build\/images\/svg\/sprite.17415c6ec01e4a8b145df03c806104d3.svg#icon-check\" \/> <\/svg> <\/button> <button class=\"a-link\" data-action=\"manage\">Gestionar mis opciones<i class=\"a-svg a-svg--icon-edit\"><\/i><\/button> <\/div>\n<\/div>\n<\/div>\n<p class=\"a-read-more\"><span class=\"a-read-more__label\">Leer tambi\u00e9n<\/span><a href=\"https:\/\/www.france24.com\/es\/medio-oriente\/20260215-gabinete-israel\u00ed-aprueba-el-registro-de-tierras-en-cisjordania-palestinos-denuncian-una-anexi\u00f3n-de-facto\" target=\"_self\" class=\"a-read-more__link\">Gabinete israel\u00ed aprueba el registro de tierras en Cisjordania; palestinos denuncian \u00abanexi\u00f3n de facto\u00bb<\/a><\/p>\n<h2><strong>\u00abPrivar al pueblo palestino de sus derechos\u00bb<\/strong><\/h2>\n<p>El <a href=\"https:\/\/www.france24.com\/es\/tag\/gobierno\/\" target=\"_self\" class=\"gtm-add-suggested-tag\">Gobierno<\/a> de Egipto subray\u00f3 que \u00abcondena en\u00e9rgicamente\u00bb estos anuncios, que, seg\u00fan manifiesta, representan \u00abuna peligrosa <a href=\"https:\/\/www.france24.com\/es\/tag\/escalada\/\" target=\"_self\" class=\"gtm-add-suggested-tag\">escalada<\/a> destinada a consolidar el control israel\u00ed\u00bb sobre Cisjordania ocupada y una violaci\u00f3n de los acuerdos internacionales.<\/p>\n<p>Tambi\u00e9n en la plataforma X, la <a href=\"https:\/\/www.france24.com\/es\/tag\/diplomacia\/\" target=\"_self\" class=\"gtm-add-suggested-tag\">diplomacia<\/a> de Qatar denunci\u00f3 que las medidas equivalen a \u00abuna ampliaci\u00f3n de los proyectos (de Israel) de privar al pueblo palestino de sus derechos\u00bb.<\/p>\n<p>Hace una semana, el Gobierno de Benjamin Netanyahu ya hab\u00eda suscitado numerosas condenas al aprobar una serie de <a href=\"https:\/\/www.france24.com\/es\/medio-oriente\/20260208-israel-acelera-la-anexi\u00f3n-de-cisjordania-al-derogar-el-veto-de-compra-de-tierras-para-no-\u00e1rabes\" target=\"_self\">medidas que facilitan la compra de tierras a los colonos israel\u00edes<\/a>, entre ellas la derogaci\u00f3n de una ley de varias d\u00e9cadas de antig\u00fcedad que prohib\u00eda a los jud\u00edos comprar directamente tierras en la Cisjordania ocupada.<\/p>\n<div class=\"em-video-wrapper m-em-video\" data-media-video-wbmz370566-f24-es-20260215 data-wrapper-video-player data-show-hidden-video-player=\"WBMZ370566-F24-ES-20260215\" data-youtube-script readability=\"7\">\n<p>Israel aprueba nuevas medidas para aumentar el control de Cisjordania<\/p>\n<div class=\"m-em-video__video\">\n<div class=\"o-em-consent \" readability=\"7\">\n<div class=\"o-em-consent__content\" readability=\"34\">\n<p class=\"o-em-consent__content__text\">Para mostrar este contenido de YouTube, debe autorizar las cookies de medici\u00f3n de audiencia y publicidad.<\/p>\n<p> <button class=\"a-master-button a-master-button--dark\" data-action=\"accept\"> Aceptar <svg class=\"a-svg a-svg--icon-check\"> <use xlink:href=\"\/build\/images\/svg\/sprite.17415c6ec01e4a8b145df03c806104d3.svg#icon-check\" href=\"\/build\/images\/svg\/sprite.17415c6ec01e4a8b145df03c806104d3.svg#icon-check\" \/> <\/svg> <\/button> <button class=\"a-link\" data-action=\"manage\">Gestionar mis opciones<i class=\"a-svg a-svg--icon-edit\"><\/i><\/button> <\/div>\n<\/div>\n<div class=\"o-em-adblock\" data-adblock-content readability=\"7\">\n<div class=\"o-em-adblock__content\" readability=\"34\">\n<p class=\"o-em-adblock__content__text\">Una extensi\u00f3n de tu navegador parece estar bloqueando la carga del reproductor de video. Para poder ver este contenido, debes desactivarla en este sitio.<\/p>\n<p> <button class=\"a-master-button a-master-button--dark\" data-action=\"reload\">Reintentar<\/button> <\/div>\n<\/div>\n<figure class=\"m-item-image m-item-image--16x9 m-item-image--has-caption\"> <picture class=\"a-picture a-picture--16x9\"><source type=\"image\/webp\" srcset=\"https:\/\/s.france24.com\/media\/display\/6cbbca86-060b-11f1-b1ce-005056a90284\/w:388\/p:16x9\/ES-20260209-130529-130717-CS.webp 388w, https:\/\/s.france24.com\/media\/display\/6cbbca86-060b-11f1-b1ce-005056a90284\/w:720\/p:16x9\/ES-20260209-130529-130717-CS.webp 720w, https:\/\/s.france24.com\/media\/display\/6cbbca86-060b-11f1-b1ce-005056a90284\/w:1024\/p:16x9\/ES-20260209-130529-130717-CS.webp 1024w\" sizes=\"(max-width: 639px) calc(100vw - 32px), (max-width: 1076px) calc(100vw - 44px), 850px\"><img fetchpriority=\"low\" decoding=\"async\" src=\"https:\/\/sarmiento24h.com\/wp-content\/uploads\/2026\/02\/el-mundo-arabe-condena-el-registro-de-tierras-en-cisjordania-que-implica-la-medida-de-israel.jpg\" srcset=\"https:\/\/sarmiento24h.com\/wp-content\/uploads\/2026\/02\/el-mundo-arabe-condena-el-registro-de-tierras-en-cisjordania-que-implica-la-medida-de-israel-1.jpg 388w, https:\/\/sarmiento24h.com\/wp-content\/uploads\/2026\/02\/el-mundo-arabe-condena-el-registro-de-tierras-en-cisjordania-que-implica-la-medida-de-israel-2.jpg 720w, https:\/\/sarmiento24h.com\/wp-content\/uploads\/2026\/02\/el-mundo-arabe-condena-el-registro-de-tierras-en-cisjordania-que-implica-la-medida-de-israel.jpg 1024w\" sizes=\"auto, (max-width: 639px) calc(100vw - 32px), (max-width: 1076px) calc(100vw - 44px), 850px\" width=\"1024\" height=\"576\" alt=\"Israel aprueba nuevas medidas para aumentar el control de Cisjordania\" loading=\"lazy\" class=\"a-img \">\n<\/picture><figcaption class=\"a-figcaption\"> <span>\u00a9 France 24<\/span> <\/figcaption><\/figure>\n<\/p><\/div>\n<\/p><\/div>\n<p>Estas medidas <strong>tambi\u00e9n permiten a las autoridades israel\u00edes administrar determinados lugares religiosos, incluso cuando se encuentran en zonas bajo el control de la Autoridad Palestina.<\/strong><\/p>\n<h2><strong>La colonizaci\u00f3n israel\u00ed contin\u00faa en Cisjordania ocupada desde 1967<\/strong><\/h2>\n<p>El Ministerio de Asuntos Exteriores israel\u00ed defendi\u00f3 la legalidad de las medidas aprobadas el domingo, que, a su juicio, tienen como finalidad \u00abponer orden a los procedimientos de registro de la propiedad\u00bb y \u00abresolver los litigios jur\u00eddicos\u00bb.<\/p>\n<p>Las justific\u00f3, acusando a la Autoridad Palestina de llevar a cabo \u00abprocedimientos ilegales de registro de la propiedad\u00bb en zonas que se supone que est\u00e1n bajo control israel\u00ed en virtud de los <a href=\"https:\/\/www.france24.com\/es\/video\/20250913-32-a\u00f1os-de-los-acuerdos-de-oslo-un-s\u00edmbolo-de-lo-que-pudo-ser-pero-no-fue\" target=\"_self\">Acuerdos de Oslo<\/a> de la d\u00e9cada de 1990.<\/p>\n<div id=\"em-WBMZ370665-F24-ES-20260216\" class=\"m-em-flash\" data-xtwitter-script><figcaption class=\"a-figcaption\"> <\/figcaption><div class=\"o-em-consent \" readability=\"7\">\n<div class=\"o-em-consent__content\" readability=\"34\">\n<p class=\"o-em-consent__content__text\">Para mostrar este contenido de X (Twitter), debe autorizar las cookies de medici\u00f3n de audiencia y publicidad.<\/p>\n<p> <button class=\"a-master-button a-master-button--dark\" data-action=\"accept\"> Aceptar <svg class=\"a-svg a-svg--icon-check\"> <use xlink:href=\"\/build\/images\/svg\/sprite.17415c6ec01e4a8b145df03c806104d3.svg#icon-check\" href=\"\/build\/images\/svg\/sprite.17415c6ec01e4a8b145df03c806104d3.svg#icon-check\" \/> <\/svg> <\/button> <button class=\"a-link\" data-action=\"manage\">Gestionar mis opciones<i class=\"a-svg a-svg--icon-edit\"><\/i><\/button> <\/div>\n<\/div>\n<\/div>\n<p>La colonizaci\u00f3n ha continuado bajo todos los gobiernos israel\u00edes, tanto de izquierda como de derecha, desde 1967, y se ha intensificado notablemente bajo el actual Ejecutivo, en particular desde el inicio de la escalada de hostilidades contra<a href=\"https:\/\/www.france24.com\/es\/tag\/guerra-en-gaza\/\" target=\"_self\" class=\"gtm-add-suggested-tag\">&nbsp;Gaza<\/a>, el <a href=\"https:\/\/www.france24.com\/es\/tag\/7-de-octubre-de-2023\/\" target=\"_self\" class=\"gtm-add-suggested-tag\">7 de octubre de 2023<\/a> por el <a href=\"https:\/\/www.france24.com\/es\/tag\/ataque\/\" target=\"_self\" class=\"gtm-add-suggested-tag\">ataque<\/a> sin precedentes del movimiento islamista palestino <a href=\"https:\/\/www.france24.com\/es\/tag\/ham\u00e1s-1\/\" target=\"_self\" class=\"gtm-add-suggested-tag\">Ham\u00e1s<\/a> en&nbsp; el sur de Israel.<\/p>\n<p>M\u00e1s de 500.000 israel\u00edes viven actualmente en colonias en la Cisjordania ocupada, que la <a href=\"https:\/\/www.france24.com\/es\/tag\/onu\/\" target=\"_self\" class=\"gtm-add-suggested-tag\">ONU<\/a> considera ilegales seg\u00fan el derecho internacional, en medio de unos tres millones de palestinos.<\/p>\n<p class=\"a-read-more\"><span class=\"a-read-more__label\">Leer tambi\u00e9n<\/span><a href=\"https:\/\/www.france24.com\/es\/medio-oriente\/20260208-israel-acelera-la-anexi\u00f3n-de-cisjordania-al-derogar-el-veto-de-compra-de-tierras-para-no-\u00e1rabes\" target=\"_self\" class=\"a-read-more__link\">Israel acelera la anexi\u00f3n de Cisjordania al derogar el veto de compra de tierras para no \u00e1rabes<\/a><\/p>\n<p>Con AFP<\/p>\n<p>Este art\u00edculo fue adaptado de su <a href=\"https:\/\/www.france24.com\/fr\/moyen-orient\/20260216-cisjordanie-occupee-des-pays-arabes-condamnent-les-mesures-foncieres-isra\u00e9liennes-colonisation\" target=\"_self\"><em>versi\u00f3n original en franc\u00e9s<\/em><\/a><\/p>\n","protected":false},"excerpt":{"rendered":"<p>Las condenas se multiplican al interior del&#46;&#46;&#46;<\/p>\n","protected":false},"author":1,"featured_media":12539,"comment_status":"closed","ping_status":"closed","sticky":false,"template":"","format":"standard","meta":{"_jetpack_newsletter_access":"","_jetpack_dont_email_post_to_subs":false,"_jetpack_newsletter_tier_id":0,"_jetpack_memberships_contains_paywalled_content":false,"_jetpack_feature_clip_id":0,"_jetpack_memberships_contains_paid_content":false,"footnotes":"","jetpack_publicize_message":"","jetpack_publicize_feature_enabled":true,"jetpack_social_post_already_shared":false,"jetpack_social_options":{"image_generator_settings":{"template":"highway","default_image_id":0,"font":"","enabled":false},"version":2},"jetpack_post_was_ever_published":false},"categories":[43],"tags":[],"class_list":["post-12538","post","type-post","status-publish","format-standard","has-post-thumbnail","hentry","category-internacionales"],"yoast_head":"<!-- This site is optimized with the Yoast SEO plugin v28.1 - https:\/\/yoast.com\/product\/yoast-seo-wordpress\/ -->\n<title>El mundo \u00e1rabe condena el registro de tierras en Cisjordania: \u00bfqu\u00e9 implica la medida de Israel? - Sarmiento24h<\/title>\n<meta name=\"robots\" content=\"index, follow, max-snippet:-1, max-image-preview:large, max-video-preview:-1\" \/>\n<link rel=\"canonical\" href=\"https:\/\/sarmiento24h.com\/?p=12538\" \/>\n<meta property=\"og:locale\" content=\"es_ES\" \/>\n<meta property=\"og:type\" content=\"article\" \/>\n<meta property=\"og:title\" content=\"El mundo \u00e1rabe condena el registro de tierras en Cisjordania: \u00bfqu\u00e9 implica la medida de Israel? - Sarmiento24h\" \/>\n<meta property=\"og:description\" content=\"Las condenas se multiplican al interior del&#046;&#046;&#046;\" \/>\n<meta property=\"og:url\" content=\"https:\/\/sarmiento24h.com\/?p=12538\" \/>\n<meta property=\"og:site_name\" content=\"Sarmiento24h\" \/>\n<meta property=\"article:publisher\" content=\"https:\/\/facebook.com\/s24hnoticias\" \/>\n<meta property=\"article:published_time\" content=\"2026-02-16T13:33:15+00:00\" \/>\n<meta property=\"og:image\" content=\"https:\/\/sarmiento24h.com\/wp-content\/uploads\/2026\/02\/el-mundo-arabe-condena-el-registro-de-tierras-en-cisjordania-que-implica-la-medida-de-israel.jpg\" \/>\n\t<meta property=\"og:image:width\" content=\"1024\" \/>\n\t<meta property=\"og:image:height\" content=\"576\" \/>\n\t<meta property=\"og:image:type\" content=\"image\/jpeg\" \/>\n<meta name=\"author\" content=\"sarmiento24h@gmail.com\" \/>\n<meta name=\"twitter:card\" content=\"summary_large_image\" \/>\n<meta name=\"twitter:creator\" content=\"@sarmiento24h\" \/>\n<meta name=\"twitter:site\" content=\"@sarmiento24h\" \/>\n<meta name=\"twitter:label1\" content=\"Escrito por\" \/>\n\t<meta name=\"twitter:data1\" content=\"sarmiento24h@gmail.com\" \/>\n\t<meta name=\"twitter:label2\" content=\"Tiempo de lectura\" \/>\n\t<meta name=\"twitter:data2\" content=\"3 minutos\" \/>\n<script type=\"application\/ld+json\" class=\"yoast-schema-graph\">{\"@context\":\"https:\\\/\\\/schema.org\",\"@graph\":[{\"@type\":\"Article\",\"@id\":\"https:\\\/\\\/sarmiento24h.com\\\/?p=12538#article\",\"isPartOf\":{\"@id\":\"https:\\\/\\\/sarmiento24h.com\\\/?p=12538\"},\"author\":{\"name\":\"sarmiento24h@gmail.com\",\"@id\":\"https:\\\/\\\/sarmiento24h.com\\\/#\\\/schema\\\/person\\\/d653a59725ad629a7e0429af7b939d4d\"},\"headline\":\"El mundo \u00e1rabe condena el registro de tierras en Cisjordania: \u00bfqu\u00e9 implica la medida de Israel?\",\"datePublished\":\"2026-02-16T13:33:15+00:00\",\"mainEntityOfPage\":{\"@id\":\"https:\\\/\\\/sarmiento24h.com\\\/?p=12538\"},\"wordCount\":669,\"publisher\":{\"@id\":\"https:\\\/\\\/sarmiento24h.com\\\/#organization\"},\"image\":{\"@id\":\"https:\\\/\\\/sarmiento24h.com\\\/?p=12538#primaryimage\"},\"thumbnailUrl\":\"https:\\\/\\\/sarmiento24h.com\\\/wp-content\\\/uploads\\\/2026\\\/02\\\/el-mundo-arabe-condena-el-registro-de-tierras-en-cisjordania-que-implica-la-medida-de-israel.jpg\",\"articleSection\":[\"Internacionales\"],\"inLanguage\":\"es\"},{\"@type\":\"WebPage\",\"@id\":\"https:\\\/\\\/sarmiento24h.com\\\/?p=12538\",\"url\":\"https:\\\/\\\/sarmiento24h.com\\\/?p=12538\",\"name\":\"El mundo \u00e1rabe condena el registro de tierras en Cisjordania: \u00bfqu\u00e9 implica la medida de Israel? - Sarmiento24h\",\"isPartOf\":{\"@id\":\"https:\\\/\\\/sarmiento24h.com\\\/#website\"},\"primaryImageOfPage\":{\"@id\":\"https:\\\/\\\/sarmiento24h.com\\\/?p=12538#primaryimage\"},\"image\":{\"@id\":\"https:\\\/\\\/sarmiento24h.com\\\/?p=12538#primaryimage\"},\"thumbnailUrl\":\"https:\\\/\\\/sarmiento24h.com\\\/wp-content\\\/uploads\\\/2026\\\/02\\\/el-mundo-arabe-condena-el-registro-de-tierras-en-cisjordania-que-implica-la-medida-de-israel.jpg\",\"datePublished\":\"2026-02-16T13:33:15+00:00\",\"breadcrumb\":{\"@id\":\"https:\\\/\\\/sarmiento24h.com\\\/?p=12538#breadcrumb\"},\"inLanguage\":\"es\",\"potentialAction\":[{\"@type\":\"ReadAction\",\"target\":[\"https:\\\/\\\/sarmiento24h.com\\\/?p=12538\"]}]},{\"@type\":\"ImageObject\",\"inLanguage\":\"es\",\"@id\":\"https:\\\/\\\/sarmiento24h.com\\\/?p=12538#primaryimage\",\"url\":\"https:\\\/\\\/sarmiento24h.com\\\/wp-content\\\/uploads\\\/2026\\\/02\\\/el-mundo-arabe-condena-el-registro-de-tierras-en-cisjordania-que-implica-la-medida-de-israel.jpg\",\"contentUrl\":\"https:\\\/\\\/sarmiento24h.com\\\/wp-content\\\/uploads\\\/2026\\\/02\\\/el-mundo-arabe-condena-el-registro-de-tierras-en-cisjordania-que-implica-la-medida-de-israel.jpg\",\"width\":1024,\"height\":576},{\"@type\":\"BreadcrumbList\",\"@id\":\"https:\\\/\\\/sarmiento24h.com\\\/?p=12538#breadcrumb\",\"itemListElement\":[{\"@type\":\"ListItem\",\"position\":1,\"name\":\"Home\",\"item\":\"https:\\\/\\\/sarmiento24h.com\\\/\"},{\"@type\":\"ListItem\",\"position\":2,\"name\":\"El mundo \u00e1rabe condena el registro de tierras en Cisjordania: \u00bfqu\u00e9 implica la medida de Israel?\"}]},{\"@type\":\"WebSite\",\"@id\":\"https:\\\/\\\/sarmiento24h.com\\\/#website\",\"url\":\"https:\\\/\\\/sarmiento24h.com\\\/\",\"name\":\"Sarmiento24h\",\"description\":\"\",\"publisher\":{\"@id\":\"https:\\\/\\\/sarmiento24h.com\\\/#organization\"},\"potentialAction\":[{\"@type\":\"SearchAction\",\"target\":{\"@type\":\"EntryPoint\",\"urlTemplate\":\"https:\\\/\\\/sarmiento24h.com\\\/?s={search_term_string}\"},\"query-input\":{\"@type\":\"PropertyValueSpecification\",\"valueRequired\":true,\"valueName\":\"search_term_string\"}}],\"inLanguage\":\"es\"},{\"@type\":\"Organization\",\"@id\":\"https:\\\/\\\/sarmiento24h.com\\\/#organization\",\"name\":\"Sarmiento24h\",\"url\":\"https:\\\/\\\/sarmiento24h.com\\\/\",\"logo\":{\"@type\":\"ImageObject\",\"inLanguage\":\"es\",\"@id\":\"https:\\\/\\\/sarmiento24h.com\\\/#\\\/schema\\\/logo\\\/image\\\/\",\"url\":\"https:\\\/\\\/sarmiento24h.com\\\/wp-content\\\/uploads\\\/2025\\\/12\\\/AddText_12-16-10.30.52.jpg\",\"contentUrl\":\"https:\\\/\\\/sarmiento24h.com\\\/wp-content\\\/uploads\\\/2025\\\/12\\\/AddText_12-16-10.30.52.jpg\",\"width\":1220,\"height\":324,\"caption\":\"Sarmiento24h\"},\"image\":{\"@id\":\"https:\\\/\\\/sarmiento24h.com\\\/#\\\/schema\\\/logo\\\/image\\\/\"},\"sameAs\":[\"https:\\\/\\\/facebook.com\\\/s24hnoticias\",\"https:\\\/\\\/x.com\\\/sarmiento24h\"]},{\"@type\":\"Person\",\"@id\":\"https:\\\/\\\/sarmiento24h.com\\\/#\\\/schema\\\/person\\\/d653a59725ad629a7e0429af7b939d4d\",\"name\":\"sarmiento24h@gmail.com\",\"image\":{\"@type\":\"ImageObject\",\"inLanguage\":\"es\",\"@id\":\"https:\\\/\\\/sarmiento24h.com\\\/wp-content\\\/litespeed\\\/avatar\\\/d02cbc4e23c747e6659cd45907173c8f.jpg?ver=1788047690\",\"url\":\"https:\\\/\\\/sarmiento24h.com\\\/wp-content\\\/litespeed\\\/avatar\\\/d02cbc4e23c747e6659cd45907173c8f.jpg?ver=1788047690\",\"contentUrl\":\"https:\\\/\\\/sarmiento24h.com\\\/wp-content\\\/litespeed\\\/avatar\\\/d02cbc4e23c747e6659cd45907173c8f.jpg?ver=1788047690\",\"caption\":\"sarmiento24h@gmail.com\"},\"sameAs\":[\"https:\\\/\\\/sarmiento24h.com\"],\"url\":\"https:\\\/\\\/sarmiento24h.com\\\/?author=1\"}]}<\/script>\n<!-- \/ Yoast SEO plugin. -->","yoast_head_json":{"title":"El mundo \u00e1rabe condena el registro de tierras en Cisjordania: \u00bfqu\u00e9 implica la medida de Israel? - Sarmiento24h","robots":{"index":"index","follow":"follow","max-snippet":"max-snippet:-1","max-image-preview":"max-image-preview:large","max-video-preview":"max-video-preview:-1"},"canonical":"https:\/\/sarmiento24h.com\/?p=12538","og_locale":"es_ES","og_type":"article","og_title":"El mundo \u00e1rabe condena el registro de tierras en Cisjordania: \u00bfqu\u00e9 implica la medida de Israel? - Sarmiento24h","og_description":"Las condenas se multiplican al interior del&#46;&#46;&#46;","og_url":"https:\/\/sarmiento24h.com\/?p=12538","og_site_name":"Sarmiento24h","article_publisher":"https:\/\/facebook.com\/s24hnoticias","article_published_time":"2026-02-16T13:33:15+00:00","og_image":[{"width":1024,"height":576,"url":"https:\/\/sarmiento24h.com\/wp-content\/uploads\/2026\/02\/el-mundo-arabe-condena-el-registro-de-tierras-en-cisjordania-que-implica-la-medida-de-israel.jpg","type":"image\/jpeg"}],"author":"sarmiento24h@gmail.com","twitter_card":"summary_large_image","twitter_creator":"@sarmiento24h","twitter_site":"@sarmiento24h","twitter_misc":{"Escrito por":"sarmiento24h@gmail.com","Tiempo de lectura":"3 minutos"},"schema":{"@context":"https:\/\/schema.org","@graph":[{"@type":"Article","@id":"https:\/\/sarmiento24h.com\/?p=12538#article","isPartOf":{"@id":"https:\/\/sarmiento24h.com\/?p=12538"},"author":{"name":"sarmiento24h@gmail.com","@id":"https:\/\/sarmiento24h.com\/#\/schema\/person\/d653a59725ad629a7e0429af7b939d4d"},"headline":"El mundo \u00e1rabe condena el registro de tierras en Cisjordania: \u00bfqu\u00e9 implica la medida de Israel?","datePublished":"2026-02-16T13:33:15+00:00","mainEntityOfPage":{"@id":"https:\/\/sarmiento24h.com\/?p=12538"},"wordCount":669,"publisher":{"@id":"https:\/\/sarmiento24h.com\/#organization"},"image":{"@id":"https:\/\/sarmiento24h.com\/?p=12538#primaryimage"},"thumbnailUrl":"https:\/\/sarmiento24h.com\/wp-content\/uploads\/2026\/02\/el-mundo-arabe-condena-el-registro-de-tierras-en-cisjordania-que-implica-la-medida-de-israel.jpg","articleSection":["Internacionales"],"inLanguage":"es"},{"@type":"WebPage","@id":"https:\/\/sarmiento24h.com\/?p=12538","url":"https:\/\/sarmiento24h.com\/?p=12538","name":"El mundo \u00e1rabe condena el registro de tierras en Cisjordania: \u00bfqu\u00e9 implica la medida de Israel? - Sarmiento24h","isPartOf":{"@id":"https:\/\/sarmiento24h.com\/#website"},"primaryImageOfPage":{"@id":"https:\/\/sarmiento24h.com\/?p=12538#primaryimage"},"image":{"@id":"https:\/\/sarmiento24h.com\/?p=12538#primaryimage"},"thumbnailUrl":"https:\/\/sarmiento24h.com\/wp-content\/uploads\/2026\/02\/el-mundo-arabe-condena-el-registro-de-tierras-en-cisjordania-que-implica-la-medida-de-israel.jpg","datePublished":"2026-02-16T13:33:15+00:00","breadcrumb":{"@id":"https:\/\/sarmiento24h.com\/?p=12538#breadcrumb"},"inLanguage":"es","potentialAction":[{"@type":"ReadAction","target":["https:\/\/sarmiento24h.com\/?p=12538"]}]},{"@type":"ImageObject","inLanguage":"es","@id":"https:\/\/sarmiento24h.com\/?p=12538#primaryimage","url":"https:\/\/sarmiento24h.com\/wp-content\/uploads\/2026\/02\/el-mundo-arabe-condena-el-registro-de-tierras-en-cisjordania-que-implica-la-medida-de-israel.jpg","contentUrl":"https:\/\/sarmiento24h.com\/wp-content\/uploads\/2026\/02\/el-mundo-arabe-condena-el-registro-de-tierras-en-cisjordania-que-implica-la-medida-de-israel.jpg","width":1024,"height":576},{"@type":"BreadcrumbList","@id":"https:\/\/sarmiento24h.com\/?p=12538#breadcrumb","itemListElement":[{"@type":"ListItem","position":1,"name":"Home","item":"https:\/\/sarmiento24h.com\/"},{"@type":"ListItem","position":2,"name":"El mundo \u00e1rabe condena el registro de tierras en Cisjordania: \u00bfqu\u00e9 implica la medida de Israel?"}]},{"@type":"WebSite","@id":"https:\/\/sarmiento24h.com\/#website","url":"https:\/\/sarmiento24h.com\/","name":"Sarmiento24h","description":"","publisher":{"@id":"https:\/\/sarmiento24h.com\/#organization"},"potentialAction":[{"@type":"SearchAction","target":{"@type":"EntryPoint","urlTemplate":"https:\/\/sarmiento24h.com\/?s={search_term_string}"},"query-input":{"@type":"PropertyValueSpecification","valueRequired":true,"valueName":"search_term_string"}}],"inLanguage":"es"},{"@type":"Organization","@id":"https:\/\/sarmiento24h.com\/#organization","name":"Sarmiento24h","url":"https:\/\/sarmiento24h.com\/","logo":{"@type":"ImageObject","inLanguage":"es","@id":"https:\/\/sarmiento24h.com\/#\/schema\/logo\/image\/","url":"https:\/\/sarmiento24h.com\/wp-content\/uploads\/2025\/12\/AddText_12-16-10.30.52.jpg","contentUrl":"https:\/\/sarmiento24h.com\/wp-content\/uploads\/2025\/12\/AddText_12-16-10.30.52.jpg","width":1220,"height":324,"caption":"Sarmiento24h"},"image":{"@id":"https:\/\/sarmiento24h.com\/#\/schema\/logo\/image\/"},"sameAs":["https:\/\/facebook.com\/s24hnoticias","https:\/\/x.com\/sarmiento24h"]},{"@type":"Person","@id":"https:\/\/sarmiento24h.com\/#\/schema\/person\/d653a59725ad629a7e0429af7b939d4d","name":"sarmiento24h@gmail.com","image":{"@type":"ImageObject","inLanguage":"es","@id":"https:\/\/sarmiento24h.com\/wp-content\/litespeed\/avatar\/d02cbc4e23c747e6659cd45907173c8f.jpg?ver=1788047690","url":"https:\/\/sarmiento24h.com\/wp-content\/litespeed\/avatar\/d02cbc4e23c747e6659cd45907173c8f.jpg?ver=1788047690","contentUrl":"https:\/\/sarmiento24h.com\/wp-content\/litespeed\/avatar\/d02cbc4e23c747e6659cd45907173c8f.jpg?ver=1788047690","caption":"sarmiento24h@gmail.com"},"sameAs":["https:\/\/sarmiento24h.com"],"url":"https:\/\/sarmiento24h.com\/?author=1"}]}},"jetpack_publicize_connections":[],"jetpack_featured_media_url":"https:\/\/sarmiento24h.com\/wp-content\/uploads\/2026\/02\/el-mundo-arabe-condena-el-registro-de-tierras-en-cisjordania-que-implica-la-medida-de-israel.jpg","jetpack_sharing_enabled":true,"_links":{"self":[{"href":"https:\/\/sarmiento24h.com\/index.php?rest_route=\/wp\/v2\/posts\/12538","targetHints":{"allow":["GET"]}}],"collection":[{"href":"https:\/\/sarmiento24h.com\/index.php?rest_route=\/wp\/v2\/posts"}],"about":[{"href":"https:\/\/sarmiento24h.com\/index.php?rest_route=\/wp\/v2\/types\/post"}],"author":[{"embeddable":true,"href":"https:\/\/sarmiento24h.com\/index.php?rest_route=\/wp\/v2\/users\/1"}],"replies":[{"embeddable":true,"href":"https:\/\/sarmiento24h.com\/index.php?rest_route=%2Fwp%2Fv2%2Fcomments&post=12538"}],"version-history":[{"count":0,"href":"https:\/\/sarmiento24h.com\/index.php?rest_route=\/wp\/v2\/posts\/12538\/revisions"}],"wp:featuredmedia":[{"embeddable":true,"href":"https:\/\/sarmiento24h.com\/index.php?rest_route=\/wp\/v2\/media\/12539"}],"wp:attachment":[{"href":"https:\/\/sarmiento24h.com\/index.php?rest_route=%2Fwp%2Fv2%2Fmedia&parent=12538"}],"wp:term":[{"taxonomy":"category","embeddable":true,"href":"https:\/\/sarmiento24h.com\/index.php?rest_route=%2Fwp%2Fv2%2Fcategories&post=12538"},{"taxonomy":"post_tag","embeddable":true,"href":"https:\/\/sarmiento24h.com\/index.php?rest_route=%2Fwp%2Fv2%2Ftags&post=12538"}],"curies":[{"name":"wp","href":"https:\/\/api.w.org\/{rel}","templated":true}]}}