{"id":12591,"date":"2026-02-16T14:34:26","date_gmt":"2026-02-16T14:34:26","guid":{"rendered":"http:\/\/839b7b32-0b3f-11f1-a928-b31a117bfefb"},"modified":"2026-02-16T14:34:26","modified_gmt":"2026-02-16T14:34:26","slug":"colombia-en-vilo-por-el-nuevo-decreto-que-definira-el-alza-del-salario-minimo-para-2026","status":"publish","type":"post","link":"https:\/\/sarmiento24h.com\/?p=12591","title":{"rendered":"Colombia, en vilo por el nuevo decreto que definir\u00e1 el alza del salario m\u00ednimo para 2026"},"content":{"rendered":"<div><img decoding=\"async\" src=\"https:\/\/sarmiento24h.com\/wp-content\/uploads\/2026\/02\/colombia-en-vilo-por-el-nuevo-decreto-que-definira-el-alza-del-salario-minimo-para-2026.jpg\" class=\"ff-og-image-inserted\"><\/div>\n<p> Para este lunes fueron convocadas las partes para concertar el nuevo incremento, despu\u00e9s de que d\u00edas antes el Consejo de Estado suspendiera provisionalmente el decreto por medio del cual el presidente Gustavo Petro fij\u00f3 un ajuste del 23%, criticado por amplios sectores. El mandatario tambi\u00e9n cit\u00f3 a marchas en todo el pa\u00eds para el pr\u00f3ximo jueves para rechazar la medida del alto tribunal. <\/p>\n<div readability=\"122\">\n<p>El presidente de Colombia, Gustavo Petro, anunci\u00f3 el domingo 15 de febrero que en el nuevo decreto que expedir\u00e1 en los pr\u00f3ximos d\u00edas sobre el salario m\u00ednimo, ordenado por el Consejo de Estado, mantendr\u00e1 el valor de lo que denomina \u00absalario vital\u00bb para 2026, que fue fijado en dos millones de pesos (unos 546 d\u00f3lares), y no descart\u00f3 que esa cifra se pueda modificar.<\/p>\n<p>\u00abDado que esta es una sentencia que nos ordenan, yo voy a aceptar el que se genere un decreto transitorio\u00bb, dijo Petro en una alocuci\u00f3n al pa\u00eds sobre la subida del 23,7 % del salario m\u00ednimo, decretada a finales de diciembre pasado y criticada por algunos sectores que la consideran exagerada porque no se ajusta a la realidad econ\u00f3mica del pa\u00eds.<\/p>\n<p>Seg\u00fan Petro, \u00abel nuevo decreto va a mantener un salario vital\u00bb, aunque aclar\u00f3 que, para cumplir con las exigencias del Consejo de Estado, m\u00e1ximo tribunal de lo contencioso administrativo, presentar\u00e1 nuevos estudios que justifican la subida del salario m\u00ednimo.<\/p>\n<p>\u00abSolo que con las realidades econ\u00f3micas que desde el d\u00eda que yo firm\u00e9 (el decreto) sustentan que no nos equivocamos, pero que puede modificarse el salario vital decretado de acuerdo a las nuevas realidades econ\u00f3micas\u00bb, agreg\u00f3.<\/p>\n<p>Petro no dio detalles de c\u00f3mo podr\u00eda modificarse el m\u00ednimo, pero este domingo circularon en medios locales versiones de que el mandatario puede subir a\u00fan m\u00e1s el \u00absalario vital\u00bb, hasta los 2.155.000 pesos (unos 589 d\u00f3lares) mensuales.<\/p>\n<p>El pasado viernes 13 de enero, despu\u00e9s de que el Consejo de Estado ordenara la suspensi\u00f3n provisional del decreto que aument\u00f3 en un 23,7 % el salario m\u00ednimo, Petro se hizo eco en X de unos mensajes del economista colombiano Daniel Ossa, profesor asistente en la Universidad de Denver (EE. UU.), seg\u00fan el cual la remuneraci\u00f3n b\u00e1sica puede ser incluso mayor para cerrar la brecha social.<\/p>\n<p>\u00abSi queremos cerrar la brecha ahora, el salario m\u00ednimo vital deber\u00eda ser de 2.155.000 pesos mensuales\u00bb, escribi\u00f3 Petro.<\/p>\n<h2><strong>&nbsp;Reuni\u00f3n con empresarios y sindicatos<\/strong><\/h2>\n<p>En su alocuci\u00f3n de hoy, el presidente dijo que para estudiar el salario m\u00ednimo convoc\u00f3 para este lunes una reuni\u00f3n de la Comisi\u00f3n de Concertaci\u00f3n en la que estar\u00e1n su ministro Trabajo, Antonio Sanguino, y representantes del movimiento sindical y del empresariado.<\/p>\n<p>\u00abEsto lo discutiremos con el empresariado y la clase obrera. Se puede hacer un pacto, indudablemente oiremos, pero inmediatamente despu\u00e9s haremos el decreto nuevo transitorio, ojal\u00e1 con el resultado de una concertaci\u00f3n\u00bb, dijo.<\/p>\n<p>El mandatario dej\u00f3 en claro \u00abque a partir del decreto presidencial del 31 de diciembre del a\u00f1o pasado, en Colombia rige un salario vital que es el m\u00ednimo vital de una familia y que es m\u00f3vil\u00bb, lo que indica que puede variar.<\/p>\n<p>Petro aprovech\u00f3 la alocuci\u00f3n para reiterar la invitaci\u00f3n a los colombianos a que salgan el jueves a las calles para manifestarse en defensa del salario m\u00ednimo.<\/p>\n<p>\u00abEl jueves los espero en todas las plazas p\u00fablicas de Colombia, convoca el presidente, para defender el salario vital\u00bb, dijo, y a\u00f1adi\u00f3 que aqu\u00ed no valen solo los argumentos jur\u00eddicos, econ\u00f3micos, de conveniencia, \u00absino que se resuelve tambi\u00e9n con la fuerza del pueblo trabajador\u00bb para defender \u00abesta enorme conquista hist\u00f3rica\u00bb.<\/p>\n<\/p><\/div>\n","protected":false},"excerpt":{"rendered":"<p>Para este lunes fueron convocadas las partes&#46;&#46;&#46;<\/p>\n","protected":false},"author":1,"featured_media":12592,"comment_status":"closed","ping_status":"closed","sticky":false,"template":"","format":"standard","meta":{"_jetpack_newsletter_access":"","_jetpack_dont_email_post_to_subs":false,"_jetpack_newsletter_tier_id":0,"_jetpack_memberships_contains_paywalled_content":false,"_jetpack_feature_clip_id":0,"_jetpack_memberships_contains_paid_content":false,"footnotes":"","jetpack_publicize_message":"","jetpack_publicize_feature_enabled":true,"jetpack_social_post_already_shared":false,"jetpack_social_options":{"image_generator_settings":{"template":"highway","default_image_id":0,"font":"","enabled":false},"version":2},"jetpack_post_was_ever_published":false},"categories":[43],"tags":[],"class_list":["post-12591","post","type-post","status-publish","format-standard","has-post-thumbnail","hentry","category-internacionales"],"yoast_head":"<!-- This site is optimized with the Yoast SEO plugin v28.1 - https:\/\/yoast.com\/product\/yoast-seo-wordpress\/ -->\n<title>Colombia, en vilo por el nuevo decreto que definir\u00e1 el alza del salario m\u00ednimo para 2026 - Sarmiento24h<\/title>\n<meta name=\"robots\" content=\"index, follow, max-snippet:-1, max-image-preview:large, max-video-preview:-1\" \/>\n<link rel=\"canonical\" href=\"https:\/\/sarmiento24h.com\/?p=12591\" \/>\n<meta property=\"og:locale\" content=\"es_ES\" \/>\n<meta property=\"og:type\" content=\"article\" \/>\n<meta property=\"og:title\" content=\"Colombia, en vilo por el nuevo decreto que definir\u00e1 el alza del salario m\u00ednimo para 2026 - Sarmiento24h\" \/>\n<meta property=\"og:description\" content=\"Para este lunes fueron convocadas las partes&#046;&#046;&#046;\" \/>\n<meta property=\"og:url\" content=\"https:\/\/sarmiento24h.com\/?p=12591\" \/>\n<meta property=\"og:site_name\" content=\"Sarmiento24h\" \/>\n<meta property=\"article:publisher\" content=\"https:\/\/facebook.com\/s24hnoticias\" \/>\n<meta property=\"article:published_time\" content=\"2026-02-16T14:34:26+00:00\" \/>\n<meta property=\"og:image\" content=\"https:\/\/sarmiento24h.com\/wp-content\/uploads\/2026\/02\/colombia-en-vilo-por-el-nuevo-decreto-que-definira-el-alza-del-salario-minimo-para-2026.jpg\" \/>\n\t<meta property=\"og:image:width\" content=\"1280\" \/>\n\t<meta property=\"og:image:height\" content=\"720\" \/>\n\t<meta property=\"og:image:type\" content=\"image\/jpeg\" \/>\n<meta name=\"author\" content=\"sarmiento24h@gmail.com\" \/>\n<meta name=\"twitter:card\" content=\"summary_large_image\" \/>\n<meta name=\"twitter:creator\" content=\"@sarmiento24h\" \/>\n<meta name=\"twitter:site\" content=\"@sarmiento24h\" \/>\n<meta name=\"twitter:label1\" content=\"Escrito por\" \/>\n\t<meta name=\"twitter:data1\" content=\"sarmiento24h@gmail.com\" \/>\n\t<meta name=\"twitter:label2\" content=\"Tiempo de lectura\" \/>\n\t<meta name=\"twitter:data2\" content=\"3 minutos\" \/>\n<script type=\"application\/ld+json\" class=\"yoast-schema-graph\">{\"@context\":\"https:\\\/\\\/schema.org\",\"@graph\":[{\"@type\":\"Article\",\"@id\":\"https:\\\/\\\/sarmiento24h.com\\\/?p=12591#article\",\"isPartOf\":{\"@id\":\"https:\\\/\\\/sarmiento24h.com\\\/?p=12591\"},\"author\":{\"name\":\"sarmiento24h@gmail.com\",\"@id\":\"https:\\\/\\\/sarmiento24h.com\\\/#\\\/schema\\\/person\\\/d653a59725ad629a7e0429af7b939d4d\"},\"headline\":\"Colombia, en vilo por el nuevo decreto que definir\u00e1 el alza del salario m\u00ednimo para 2026\",\"datePublished\":\"2026-02-16T14:34:26+00:00\",\"mainEntityOfPage\":{\"@id\":\"https:\\\/\\\/sarmiento24h.com\\\/?p=12591\"},\"wordCount\":641,\"publisher\":{\"@id\":\"https:\\\/\\\/sarmiento24h.com\\\/#organization\"},\"image\":{\"@id\":\"https:\\\/\\\/sarmiento24h.com\\\/?p=12591#primaryimage\"},\"thumbnailUrl\":\"https:\\\/\\\/sarmiento24h.com\\\/wp-content\\\/uploads\\\/2026\\\/02\\\/colombia-en-vilo-por-el-nuevo-decreto-que-definira-el-alza-del-salario-minimo-para-2026.jpg\",\"articleSection\":[\"Internacionales\"],\"inLanguage\":\"es\"},{\"@type\":\"WebPage\",\"@id\":\"https:\\\/\\\/sarmiento24h.com\\\/?p=12591\",\"url\":\"https:\\\/\\\/sarmiento24h.com\\\/?p=12591\",\"name\":\"Colombia, en vilo por el nuevo decreto que definir\u00e1 el alza del salario m\u00ednimo para 2026 - Sarmiento24h\",\"isPartOf\":{\"@id\":\"https:\\\/\\\/sarmiento24h.com\\\/#website\"},\"primaryImageOfPage\":{\"@id\":\"https:\\\/\\\/sarmiento24h.com\\\/?p=12591#primaryimage\"},\"image\":{\"@id\":\"https:\\\/\\\/sarmiento24h.com\\\/?p=12591#primaryimage\"},\"thumbnailUrl\":\"https:\\\/\\\/sarmiento24h.com\\\/wp-content\\\/uploads\\\/2026\\\/02\\\/colombia-en-vilo-por-el-nuevo-decreto-que-definira-el-alza-del-salario-minimo-para-2026.jpg\",\"datePublished\":\"2026-02-16T14:34:26+00:00\",\"breadcrumb\":{\"@id\":\"https:\\\/\\\/sarmiento24h.com\\\/?p=12591#breadcrumb\"},\"inLanguage\":\"es\",\"potentialAction\":[{\"@type\":\"ReadAction\",\"target\":[\"https:\\\/\\\/sarmiento24h.com\\\/?p=12591\"]}]},{\"@type\":\"ImageObject\",\"inLanguage\":\"es\",\"@id\":\"https:\\\/\\\/sarmiento24h.com\\\/?p=12591#primaryimage\",\"url\":\"https:\\\/\\\/sarmiento24h.com\\\/wp-content\\\/uploads\\\/2026\\\/02\\\/colombia-en-vilo-por-el-nuevo-decreto-que-definira-el-alza-del-salario-minimo-para-2026.jpg\",\"contentUrl\":\"https:\\\/\\\/sarmiento24h.com\\\/wp-content\\\/uploads\\\/2026\\\/02\\\/colombia-en-vilo-por-el-nuevo-decreto-que-definira-el-alza-del-salario-minimo-para-2026.jpg\",\"width\":1280,\"height\":720},{\"@type\":\"BreadcrumbList\",\"@id\":\"https:\\\/\\\/sarmiento24h.com\\\/?p=12591#breadcrumb\",\"itemListElement\":[{\"@type\":\"ListItem\",\"position\":1,\"name\":\"Home\",\"item\":\"https:\\\/\\\/sarmiento24h.com\\\/\"},{\"@type\":\"ListItem\",\"position\":2,\"name\":\"Colombia, en vilo por el nuevo decreto que definir\u00e1 el alza del salario m\u00ednimo para 2026\"}]},{\"@type\":\"WebSite\",\"@id\":\"https:\\\/\\\/sarmiento24h.com\\\/#website\",\"url\":\"https:\\\/\\\/sarmiento24h.com\\\/\",\"name\":\"Sarmiento24h\",\"description\":\"\",\"publisher\":{\"@id\":\"https:\\\/\\\/sarmiento24h.com\\\/#organization\"},\"potentialAction\":[{\"@type\":\"SearchAction\",\"target\":{\"@type\":\"EntryPoint\",\"urlTemplate\":\"https:\\\/\\\/sarmiento24h.com\\\/?s={search_term_string}\"},\"query-input\":{\"@type\":\"PropertyValueSpecification\",\"valueRequired\":true,\"valueName\":\"search_term_string\"}}],\"inLanguage\":\"es\"},{\"@type\":\"Organization\",\"@id\":\"https:\\\/\\\/sarmiento24h.com\\\/#organization\",\"name\":\"Sarmiento24h\",\"url\":\"https:\\\/\\\/sarmiento24h.com\\\/\",\"logo\":{\"@type\":\"ImageObject\",\"inLanguage\":\"es\",\"@id\":\"https:\\\/\\\/sarmiento24h.com\\\/#\\\/schema\\\/logo\\\/image\\\/\",\"url\":\"https:\\\/\\\/sarmiento24h.com\\\/wp-content\\\/uploads\\\/2025\\\/12\\\/AddText_12-16-10.30.52.jpg\",\"contentUrl\":\"https:\\\/\\\/sarmiento24h.com\\\/wp-content\\\/uploads\\\/2025\\\/12\\\/AddText_12-16-10.30.52.jpg\",\"width\":1220,\"height\":324,\"caption\":\"Sarmiento24h\"},\"image\":{\"@id\":\"https:\\\/\\\/sarmiento24h.com\\\/#\\\/schema\\\/logo\\\/image\\\/\"},\"sameAs\":[\"https:\\\/\\\/facebook.com\\\/s24hnoticias\",\"https:\\\/\\\/x.com\\\/sarmiento24h\"]},{\"@type\":\"Person\",\"@id\":\"https:\\\/\\\/sarmiento24h.com\\\/#\\\/schema\\\/person\\\/d653a59725ad629a7e0429af7b939d4d\",\"name\":\"sarmiento24h@gmail.com\",\"image\":{\"@type\":\"ImageObject\",\"inLanguage\":\"es\",\"@id\":\"https:\\\/\\\/sarmiento24h.com\\\/wp-content\\\/litespeed\\\/avatar\\\/d02cbc4e23c747e6659cd45907173c8f.jpg?ver=1788047690\",\"url\":\"https:\\\/\\\/sarmiento24h.com\\\/wp-content\\\/litespeed\\\/avatar\\\/d02cbc4e23c747e6659cd45907173c8f.jpg?ver=1788047690\",\"contentUrl\":\"https:\\\/\\\/sarmiento24h.com\\\/wp-content\\\/litespeed\\\/avatar\\\/d02cbc4e23c747e6659cd45907173c8f.jpg?ver=1788047690\",\"caption\":\"sarmiento24h@gmail.com\"},\"sameAs\":[\"https:\\\/\\\/sarmiento24h.com\"],\"url\":\"https:\\\/\\\/sarmiento24h.com\\\/?author=1\"}]}<\/script>\n<!-- \/ Yoast SEO plugin. -->","yoast_head_json":{"title":"Colombia, en vilo por el nuevo decreto que definir\u00e1 el alza del salario m\u00ednimo para 2026 - Sarmiento24h","robots":{"index":"index","follow":"follow","max-snippet":"max-snippet:-1","max-image-preview":"max-image-preview:large","max-video-preview":"max-video-preview:-1"},"canonical":"https:\/\/sarmiento24h.com\/?p=12591","og_locale":"es_ES","og_type":"article","og_title":"Colombia, en vilo por el nuevo decreto que definir\u00e1 el alza del salario m\u00ednimo para 2026 - Sarmiento24h","og_description":"Para este lunes fueron convocadas las partes&#46;&#46;&#46;","og_url":"https:\/\/sarmiento24h.com\/?p=12591","og_site_name":"Sarmiento24h","article_publisher":"https:\/\/facebook.com\/s24hnoticias","article_published_time":"2026-02-16T14:34:26+00:00","og_image":[{"width":1280,"height":720,"url":"https:\/\/sarmiento24h.com\/wp-content\/uploads\/2026\/02\/colombia-en-vilo-por-el-nuevo-decreto-que-definira-el-alza-del-salario-minimo-para-2026.jpg","type":"image\/jpeg"}],"author":"sarmiento24h@gmail.com","twitter_card":"summary_large_image","twitter_creator":"@sarmiento24h","twitter_site":"@sarmiento24h","twitter_misc":{"Escrito por":"sarmiento24h@gmail.com","Tiempo de lectura":"3 minutos"},"schema":{"@context":"https:\/\/schema.org","@graph":[{"@type":"Article","@id":"https:\/\/sarmiento24h.com\/?p=12591#article","isPartOf":{"@id":"https:\/\/sarmiento24h.com\/?p=12591"},"author":{"name":"sarmiento24h@gmail.com","@id":"https:\/\/sarmiento24h.com\/#\/schema\/person\/d653a59725ad629a7e0429af7b939d4d"},"headline":"Colombia, en vilo por el nuevo decreto que definir\u00e1 el alza del salario m\u00ednimo para 2026","datePublished":"2026-02-16T14:34:26+00:00","mainEntityOfPage":{"@id":"https:\/\/sarmiento24h.com\/?p=12591"},"wordCount":641,"publisher":{"@id":"https:\/\/sarmiento24h.com\/#organization"},"image":{"@id":"https:\/\/sarmiento24h.com\/?p=12591#primaryimage"},"thumbnailUrl":"https:\/\/sarmiento24h.com\/wp-content\/uploads\/2026\/02\/colombia-en-vilo-por-el-nuevo-decreto-que-definira-el-alza-del-salario-minimo-para-2026.jpg","articleSection":["Internacionales"],"inLanguage":"es"},{"@type":"WebPage","@id":"https:\/\/sarmiento24h.com\/?p=12591","url":"https:\/\/sarmiento24h.com\/?p=12591","name":"Colombia, en vilo por el nuevo decreto que definir\u00e1 el alza del salario m\u00ednimo para 2026 - Sarmiento24h","isPartOf":{"@id":"https:\/\/sarmiento24h.com\/#website"},"primaryImageOfPage":{"@id":"https:\/\/sarmiento24h.com\/?p=12591#primaryimage"},"image":{"@id":"https:\/\/sarmiento24h.com\/?p=12591#primaryimage"},"thumbnailUrl":"https:\/\/sarmiento24h.com\/wp-content\/uploads\/2026\/02\/colombia-en-vilo-por-el-nuevo-decreto-que-definira-el-alza-del-salario-minimo-para-2026.jpg","datePublished":"2026-02-16T14:34:26+00:00","breadcrumb":{"@id":"https:\/\/sarmiento24h.com\/?p=12591#breadcrumb"},"inLanguage":"es","potentialAction":[{"@type":"ReadAction","target":["https:\/\/sarmiento24h.com\/?p=12591"]}]},{"@type":"ImageObject","inLanguage":"es","@id":"https:\/\/sarmiento24h.com\/?p=12591#primaryimage","url":"https:\/\/sarmiento24h.com\/wp-content\/uploads\/2026\/02\/colombia-en-vilo-por-el-nuevo-decreto-que-definira-el-alza-del-salario-minimo-para-2026.jpg","contentUrl":"https:\/\/sarmiento24h.com\/wp-content\/uploads\/2026\/02\/colombia-en-vilo-por-el-nuevo-decreto-que-definira-el-alza-del-salario-minimo-para-2026.jpg","width":1280,"height":720},{"@type":"BreadcrumbList","@id":"https:\/\/sarmiento24h.com\/?p=12591#breadcrumb","itemListElement":[{"@type":"ListItem","position":1,"name":"Home","item":"https:\/\/sarmiento24h.com\/"},{"@type":"ListItem","position":2,"name":"Colombia, en vilo por el nuevo decreto que definir\u00e1 el alza del salario m\u00ednimo para 2026"}]},{"@type":"WebSite","@id":"https:\/\/sarmiento24h.com\/#website","url":"https:\/\/sarmiento24h.com\/","name":"Sarmiento24h","description":"","publisher":{"@id":"https:\/\/sarmiento24h.com\/#organization"},"potentialAction":[{"@type":"SearchAction","target":{"@type":"EntryPoint","urlTemplate":"https:\/\/sarmiento24h.com\/?s={search_term_string}"},"query-input":{"@type":"PropertyValueSpecification","valueRequired":true,"valueName":"search_term_string"}}],"inLanguage":"es"},{"@type":"Organization","@id":"https:\/\/sarmiento24h.com\/#organization","name":"Sarmiento24h","url":"https:\/\/sarmiento24h.com\/","logo":{"@type":"ImageObject","inLanguage":"es","@id":"https:\/\/sarmiento24h.com\/#\/schema\/logo\/image\/","url":"https:\/\/sarmiento24h.com\/wp-content\/uploads\/2025\/12\/AddText_12-16-10.30.52.jpg","contentUrl":"https:\/\/sarmiento24h.com\/wp-content\/uploads\/2025\/12\/AddText_12-16-10.30.52.jpg","width":1220,"height":324,"caption":"Sarmiento24h"},"image":{"@id":"https:\/\/sarmiento24h.com\/#\/schema\/logo\/image\/"},"sameAs":["https:\/\/facebook.com\/s24hnoticias","https:\/\/x.com\/sarmiento24h"]},{"@type":"Person","@id":"https:\/\/sarmiento24h.com\/#\/schema\/person\/d653a59725ad629a7e0429af7b939d4d","name":"sarmiento24h@gmail.com","image":{"@type":"ImageObject","inLanguage":"es","@id":"https:\/\/sarmiento24h.com\/wp-content\/litespeed\/avatar\/d02cbc4e23c747e6659cd45907173c8f.jpg?ver=1788047690","url":"https:\/\/sarmiento24h.com\/wp-content\/litespeed\/avatar\/d02cbc4e23c747e6659cd45907173c8f.jpg?ver=1788047690","contentUrl":"https:\/\/sarmiento24h.com\/wp-content\/litespeed\/avatar\/d02cbc4e23c747e6659cd45907173c8f.jpg?ver=1788047690","caption":"sarmiento24h@gmail.com"},"sameAs":["https:\/\/sarmiento24h.com"],"url":"https:\/\/sarmiento24h.com\/?author=1"}]}},"jetpack_publicize_connections":[],"jetpack_featured_media_url":"https:\/\/sarmiento24h.com\/wp-content\/uploads\/2026\/02\/colombia-en-vilo-por-el-nuevo-decreto-que-definira-el-alza-del-salario-minimo-para-2026.jpg","jetpack_sharing_enabled":true,"_links":{"self":[{"href":"https:\/\/sarmiento24h.com\/index.php?rest_route=\/wp\/v2\/posts\/12591","targetHints":{"allow":["GET"]}}],"collection":[{"href":"https:\/\/sarmiento24h.com\/index.php?rest_route=\/wp\/v2\/posts"}],"about":[{"href":"https:\/\/sarmiento24h.com\/index.php?rest_route=\/wp\/v2\/types\/post"}],"author":[{"embeddable":true,"href":"https:\/\/sarmiento24h.com\/index.php?rest_route=\/wp\/v2\/users\/1"}],"replies":[{"embeddable":true,"href":"https:\/\/sarmiento24h.com\/index.php?rest_route=%2Fwp%2Fv2%2Fcomments&post=12591"}],"version-history":[{"count":0,"href":"https:\/\/sarmiento24h.com\/index.php?rest_route=\/wp\/v2\/posts\/12591\/revisions"}],"wp:featuredmedia":[{"embeddable":true,"href":"https:\/\/sarmiento24h.com\/index.php?rest_route=\/wp\/v2\/media\/12592"}],"wp:attachment":[{"href":"https:\/\/sarmiento24h.com\/index.php?rest_route=%2Fwp%2Fv2%2Fmedia&parent=12591"}],"wp:term":[{"taxonomy":"category","embeddable":true,"href":"https:\/\/sarmiento24h.com\/index.php?rest_route=%2Fwp%2Fv2%2Fcategories&post=12591"},{"taxonomy":"post_tag","embeddable":true,"href":"https:\/\/sarmiento24h.com\/index.php?rest_route=%2Fwp%2Fv2%2Ftags&post=12591"}],"curies":[{"name":"wp","href":"https:\/\/api.w.org\/{rel}","templated":true}]}}