{"id":150371,"date":"2026-04-24T15:48:16","date_gmt":"2026-04-24T15:48:16","guid":{"rendered":"https:\/\/noticiassin.com\/?p=1985956"},"modified":"2026-04-24T15:48:16","modified_gmt":"2026-04-24T15:48:16","slug":"omsa-pone-en-marcha-este-domingo-nuevo-corredor-en-la-27-de-febrero","status":"publish","type":"post","link":"https:\/\/sarmiento24h.com\/?p=150371","title":{"rendered":"OMSA pone en marcha este domingo nuevo corredor en la 27 de Febrero"},"content":{"rendered":"<p><strong>SANTO DOMINGO. \u2013<\/strong> La <strong>Operadora Metropolitana de Servicios de Autobuses<\/strong> (<strong>OMSA<\/strong>) pondr\u00e1 en funcionamiento este domingo el nuevo corredor de la avenida 27 de Febrero, como parte de su proceso de relanzamiento institucional en el <strong>Gran Santo Domingo<\/strong>.<\/p>\n<p>La iniciativa marca el inicio de una nueva etapa en el sistema de transporte p\u00fablico, que busca ofrecer un servicio m\u00e1s moderno, eficiente y accesible para los usuarios que diariamente se desplazan por uno de los ejes viales m\u00e1s importantes del pa\u00eds.<\/p>\n<p>El corredor 27 de Febrero conecta zonas estrat\u00e9gicas de <strong>Santo Domingo Oeste<\/strong>, el <strong>Distrito Nacional<\/strong> y <strong>Santo Domingo Este<\/strong>, impactando a decenas de miles de pasajeros cada d\u00eda.<\/p>\n<p>Seg\u00fan estimaciones, en horas pico puede operar entre <strong>35 y 75 autobuses,<\/strong> con capacidad de hasta 90 personas por unidad, lo que representa un flujo superior a 6,000 usuarios por hora en sus tramos m\u00e1s congestionados.<\/p>\n<figure class=\"wp-block-image size-full\"><img loading=\"lazy\" decoding=\"async\" width=\"1600\" height=\"1067\" src=\"https:\/\/multimedia.noticiassin.com\/wp-content\/uploads\/2026\/04\/omsa-pone-en-marcha-este-domingo-nuevo-corredor-en-la-27-de-febrero-20260424-154315-1G90.jpeg\" alt class=\"wp-image-1985962 lazy\" data-sizes=\"(max-width: 1600px) 100vw, 1600px\" srcset=\"https:\/\/multimedia.noticiassin.com\/wp-content\/uploads\/2026\/04\/omsa-pone-en-marcha-este-domingo-nuevo-corredor-en-la-27-de-febrero-20260424-154315-1G90.jpeg 1600w, https:\/\/multimedia.noticiassin.com\/wp-content\/uploads\/2026\/04\/omsa-pone-en-marcha-este-domingo-nuevo-corredor-en-la-27-de-febrero-20260424-154315-1G90-768x512.jpeg 768w, https:\/\/multimedia.noticiassin.com\/wp-content\/uploads\/2026\/04\/omsa-pone-en-marcha-este-domingo-nuevo-corredor-en-la-27-de-febrero-20260424-154315-1G90-1536x1024.jpeg 1536w, https:\/\/multimedia.noticiassin.com\/wp-content\/uploads\/2026\/04\/omsa-pone-en-marcha-este-domingo-nuevo-corredor-en-la-27-de-febrero-20260424-154315-1G90-1200x800.jpeg 1200w\"><\/figure>\n<p>Esta nueva etapa no solo contempla la incorporaci\u00f3n de autobuses renovados, sino tambi\u00e9n la implementaci\u00f3n de mejoras orientadas a optimizar la movilidad urbana, facilitar la conexi\u00f3n con otros sistemas de transporte y reducir el impacto econ\u00f3mico en los ciudadanos.<\/p>\n<p>El recorrido del corredor inicia en la zona de <strong>Induveca<\/strong>, pr\u00f3ximo a la carretera de <strong>Manoguayabo<\/strong>, y se extiende a lo largo de toda la avenida 27 de Febrero hasta la avenida H\u00edpica, cerca del <strong>Hip\u00f3dromo V Centenario<\/strong>.<\/p>\n<p>Las autoridades informar\u00e1n este domingo los detalles completos sobre el funcionamiento del nuevo corredor, as\u00ed como los cambios que experimentar\u00e1 el servicio en beneficio de los usuarios.<\/p>\n<p>Con esta medida, la <strong>OMSA<\/strong> busca consolidarse como una opci\u00f3n de transporte m\u00e1s cercana a las necesidades de la poblaci\u00f3n, apostando por una movilidad m\u00e1s c\u00f3moda, integrada y sostenible en el <strong>Gran Santo Domingo<\/strong>.<\/p>\n","protected":false},"excerpt":{"rendered":"<p>SANTO DOMINGO. \u2013 La Operadora Metropolitana de&#46;&#46;&#46;<\/p>\n","protected":false},"author":1,"featured_media":150372,"comment_status":"closed","ping_status":"closed","sticky":false,"template":"","format":"standard","meta":{"_jetpack_memberships_contains_paid_content":false,"footnotes":"","jetpack_publicize_message":"","jetpack_publicize_feature_enabled":true,"jetpack_social_post_already_shared":true,"jetpack_social_options":{"image_generator_settings":{"template":"highway","default_image_id":0,"font":"","enabled":false},"version":2}},"categories":[42],"tags":[],"class_list":["post-150371","post","type-post","status-publish","format-standard","has-post-thumbnail","hentry","category-nacionales"],"yoast_head":"<!-- This site is optimized with the Yoast SEO plugin v27.3 - https:\/\/yoast.com\/product\/yoast-seo-wordpress\/ -->\n<title>OMSA pone en marcha este domingo nuevo corredor en la 27 de Febrero - Sarmiento24h<\/title>\n<meta name=\"robots\" content=\"index, follow, max-snippet:-1, max-image-preview:large, max-video-preview:-1\" \/>\n<link rel=\"canonical\" href=\"https:\/\/sarmiento24h.com\/?p=150371\" \/>\n<meta property=\"og:locale\" content=\"es_ES\" \/>\n<meta property=\"og:type\" content=\"article\" \/>\n<meta property=\"og:title\" content=\"OMSA pone en marcha este domingo nuevo corredor en la 27 de Febrero - Sarmiento24h\" \/>\n<meta property=\"og:description\" content=\"SANTO DOMINGO. \u2013 La Operadora Metropolitana de&#046;&#046;&#046;\" \/>\n<meta property=\"og:url\" content=\"https:\/\/sarmiento24h.com\/?p=150371\" \/>\n<meta property=\"og:site_name\" content=\"Sarmiento24h\" \/>\n<meta property=\"article:publisher\" content=\"https:\/\/facebook.com\/s24hnoticias\" \/>\n<meta property=\"article:published_time\" content=\"2026-04-24T15:48:16+00:00\" \/>\n<meta name=\"author\" content=\"sarmiento24h@gmail.com\" \/>\n<meta name=\"twitter:card\" content=\"summary_large_image\" \/>\n<meta name=\"twitter:creator\" content=\"@sarmiento24h\" \/>\n<meta name=\"twitter:site\" content=\"@sarmiento24h\" \/>\n<meta name=\"twitter:label1\" content=\"Escrito por\" \/>\n\t<meta name=\"twitter:data1\" content=\"sarmiento24h@gmail.com\" \/>\n\t<meta name=\"twitter:label2\" content=\"Tiempo de lectura\" \/>\n\t<meta name=\"twitter:data2\" content=\"1 minuto\" \/>\n<script type=\"application\/ld+json\" class=\"yoast-schema-graph\">{\"@context\":\"https:\\\/\\\/schema.org\",\"@graph\":[{\"@type\":\"Article\",\"@id\":\"https:\\\/\\\/sarmiento24h.com\\\/?p=150371#article\",\"isPartOf\":{\"@id\":\"https:\\\/\\\/sarmiento24h.com\\\/?p=150371\"},\"author\":{\"name\":\"sarmiento24h@gmail.com\",\"@id\":\"https:\\\/\\\/sarmiento24h.com\\\/#\\\/schema\\\/person\\\/d653a59725ad629a7e0429af7b939d4d\"},\"headline\":\"OMSA pone en marcha este domingo nuevo corredor en la 27 de Febrero\",\"datePublished\":\"2026-04-24T15:48:16+00:00\",\"mainEntityOfPage\":{\"@id\":\"https:\\\/\\\/sarmiento24h.com\\\/?p=150371\"},\"wordCount\":308,\"publisher\":{\"@id\":\"https:\\\/\\\/sarmiento24h.com\\\/#organization\"},\"image\":{\"@id\":\"https:\\\/\\\/sarmiento24h.com\\\/?p=150371#primaryimage\"},\"thumbnailUrl\":\"https:\\\/\\\/sarmiento24h.com\\\/wp-content\\\/uploads\\\/2026\\\/04\\\/omsa-pone-en-marcha-este-domingo-nuevo-corredor-en-la-27-de-febrero.jpg\",\"articleSection\":[\"Nacionales\"],\"inLanguage\":\"es\"},{\"@type\":\"WebPage\",\"@id\":\"https:\\\/\\\/sarmiento24h.com\\\/?p=150371\",\"url\":\"https:\\\/\\\/sarmiento24h.com\\\/?p=150371\",\"name\":\"OMSA pone en marcha este domingo nuevo corredor en la 27 de Febrero - Sarmiento24h\",\"isPartOf\":{\"@id\":\"https:\\\/\\\/sarmiento24h.com\\\/#website\"},\"primaryImageOfPage\":{\"@id\":\"https:\\\/\\\/sarmiento24h.com\\\/?p=150371#primaryimage\"},\"image\":{\"@id\":\"https:\\\/\\\/sarmiento24h.com\\\/?p=150371#primaryimage\"},\"thumbnailUrl\":\"https:\\\/\\\/sarmiento24h.com\\\/wp-content\\\/uploads\\\/2026\\\/04\\\/omsa-pone-en-marcha-este-domingo-nuevo-corredor-en-la-27-de-febrero.jpg\",\"datePublished\":\"2026-04-24T15:48:16+00:00\",\"breadcrumb\":{\"@id\":\"https:\\\/\\\/sarmiento24h.com\\\/?p=150371#breadcrumb\"},\"inLanguage\":\"es\",\"potentialAction\":[{\"@type\":\"ReadAction\",\"target\":[\"https:\\\/\\\/sarmiento24h.com\\\/?p=150371\"]}]},{\"@type\":\"ImageObject\",\"inLanguage\":\"es\",\"@id\":\"https:\\\/\\\/sarmiento24h.com\\\/?p=150371#primaryimage\",\"url\":\"https:\\\/\\\/sarmiento24h.com\\\/wp-content\\\/uploads\\\/2026\\\/04\\\/omsa-pone-en-marcha-este-domingo-nuevo-corredor-en-la-27-de-febrero.jpg\",\"contentUrl\":\"https:\\\/\\\/sarmiento24h.com\\\/wp-content\\\/uploads\\\/2026\\\/04\\\/omsa-pone-en-marcha-este-domingo-nuevo-corredor-en-la-27-de-febrero.jpg\",\"width\":1600,\"height\":1067},{\"@type\":\"BreadcrumbList\",\"@id\":\"https:\\\/\\\/sarmiento24h.com\\\/?p=150371#breadcrumb\",\"itemListElement\":[{\"@type\":\"ListItem\",\"position\":1,\"name\":\"Home\",\"item\":\"https:\\\/\\\/sarmiento24h.com\\\/\"},{\"@type\":\"ListItem\",\"position\":2,\"name\":\"OMSA pone en marcha este domingo nuevo corredor en la 27 de Febrero\"}]},{\"@type\":\"WebSite\",\"@id\":\"https:\\\/\\\/sarmiento24h.com\\\/#website\",\"url\":\"https:\\\/\\\/sarmiento24h.com\\\/\",\"name\":\"Sarmiento24h\",\"description\":\"\",\"publisher\":{\"@id\":\"https:\\\/\\\/sarmiento24h.com\\\/#organization\"},\"potentialAction\":[{\"@type\":\"SearchAction\",\"target\":{\"@type\":\"EntryPoint\",\"urlTemplate\":\"https:\\\/\\\/sarmiento24h.com\\\/?s={search_term_string}\"},\"query-input\":{\"@type\":\"PropertyValueSpecification\",\"valueRequired\":true,\"valueName\":\"search_term_string\"}}],\"inLanguage\":\"es\"},{\"@type\":\"Organization\",\"@id\":\"https:\\\/\\\/sarmiento24h.com\\\/#organization\",\"name\":\"Sarmiento24h\",\"url\":\"https:\\\/\\\/sarmiento24h.com\\\/\",\"logo\":{\"@type\":\"ImageObject\",\"inLanguage\":\"es\",\"@id\":\"https:\\\/\\\/sarmiento24h.com\\\/#\\\/schema\\\/logo\\\/image\\\/\",\"url\":\"https:\\\/\\\/sarmiento24h.com\\\/wp-content\\\/uploads\\\/2025\\\/12\\\/AddText_12-16-10.30.52.jpg\",\"contentUrl\":\"https:\\\/\\\/sarmiento24h.com\\\/wp-content\\\/uploads\\\/2025\\\/12\\\/AddText_12-16-10.30.52.jpg\",\"width\":1220,\"height\":324,\"caption\":\"Sarmiento24h\"},\"image\":{\"@id\":\"https:\\\/\\\/sarmiento24h.com\\\/#\\\/schema\\\/logo\\\/image\\\/\"},\"sameAs\":[\"https:\\\/\\\/facebook.com\\\/s24hnoticias\",\"https:\\\/\\\/x.com\\\/sarmiento24h\"]},{\"@type\":\"Person\",\"@id\":\"https:\\\/\\\/sarmiento24h.com\\\/#\\\/schema\\\/person\\\/d653a59725ad629a7e0429af7b939d4d\",\"name\":\"sarmiento24h@gmail.com\",\"image\":{\"@type\":\"ImageObject\",\"inLanguage\":\"es\",\"@id\":\"https:\\\/\\\/sarmiento24h.com\\\/wp-content\\\/litespeed\\\/avatar\\\/d02cbc4e23c747e6659cd45907173c8f.jpg?ver=1777157796\",\"url\":\"https:\\\/\\\/sarmiento24h.com\\\/wp-content\\\/litespeed\\\/avatar\\\/d02cbc4e23c747e6659cd45907173c8f.jpg?ver=1777157796\",\"contentUrl\":\"https:\\\/\\\/sarmiento24h.com\\\/wp-content\\\/litespeed\\\/avatar\\\/d02cbc4e23c747e6659cd45907173c8f.jpg?ver=1777157796\",\"caption\":\"sarmiento24h@gmail.com\"},\"sameAs\":[\"https:\\\/\\\/sarmiento24h.com\"],\"url\":\"https:\\\/\\\/sarmiento24h.com\\\/?author=1\"}]}<\/script>\n<!-- \/ Yoast SEO plugin. -->","yoast_head_json":{"title":"OMSA pone en marcha este domingo nuevo corredor en la 27 de Febrero - Sarmiento24h","robots":{"index":"index","follow":"follow","max-snippet":"max-snippet:-1","max-image-preview":"max-image-preview:large","max-video-preview":"max-video-preview:-1"},"canonical":"https:\/\/sarmiento24h.com\/?p=150371","og_locale":"es_ES","og_type":"article","og_title":"OMSA pone en marcha este domingo nuevo corredor en la 27 de Febrero - Sarmiento24h","og_description":"SANTO DOMINGO. \u2013 La Operadora Metropolitana de&#46;&#46;&#46;","og_url":"https:\/\/sarmiento24h.com\/?p=150371","og_site_name":"Sarmiento24h","article_publisher":"https:\/\/facebook.com\/s24hnoticias","article_published_time":"2026-04-24T15:48:16+00:00","author":"sarmiento24h@gmail.com","twitter_card":"summary_large_image","twitter_creator":"@sarmiento24h","twitter_site":"@sarmiento24h","twitter_misc":{"Escrito por":"sarmiento24h@gmail.com","Tiempo de lectura":"1 minuto"},"schema":{"@context":"https:\/\/schema.org","@graph":[{"@type":"Article","@id":"https:\/\/sarmiento24h.com\/?p=150371#article","isPartOf":{"@id":"https:\/\/sarmiento24h.com\/?p=150371"},"author":{"name":"sarmiento24h@gmail.com","@id":"https:\/\/sarmiento24h.com\/#\/schema\/person\/d653a59725ad629a7e0429af7b939d4d"},"headline":"OMSA pone en marcha este domingo nuevo corredor en la 27 de Febrero","datePublished":"2026-04-24T15:48:16+00:00","mainEntityOfPage":{"@id":"https:\/\/sarmiento24h.com\/?p=150371"},"wordCount":308,"publisher":{"@id":"https:\/\/sarmiento24h.com\/#organization"},"image":{"@id":"https:\/\/sarmiento24h.com\/?p=150371#primaryimage"},"thumbnailUrl":"https:\/\/sarmiento24h.com\/wp-content\/uploads\/2026\/04\/omsa-pone-en-marcha-este-domingo-nuevo-corredor-en-la-27-de-febrero.jpg","articleSection":["Nacionales"],"inLanguage":"es"},{"@type":"WebPage","@id":"https:\/\/sarmiento24h.com\/?p=150371","url":"https:\/\/sarmiento24h.com\/?p=150371","name":"OMSA pone en marcha este domingo nuevo corredor en la 27 de Febrero - Sarmiento24h","isPartOf":{"@id":"https:\/\/sarmiento24h.com\/#website"},"primaryImageOfPage":{"@id":"https:\/\/sarmiento24h.com\/?p=150371#primaryimage"},"image":{"@id":"https:\/\/sarmiento24h.com\/?p=150371#primaryimage"},"thumbnailUrl":"https:\/\/sarmiento24h.com\/wp-content\/uploads\/2026\/04\/omsa-pone-en-marcha-este-domingo-nuevo-corredor-en-la-27-de-febrero.jpg","datePublished":"2026-04-24T15:48:16+00:00","breadcrumb":{"@id":"https:\/\/sarmiento24h.com\/?p=150371#breadcrumb"},"inLanguage":"es","potentialAction":[{"@type":"ReadAction","target":["https:\/\/sarmiento24h.com\/?p=150371"]}]},{"@type":"ImageObject","inLanguage":"es","@id":"https:\/\/sarmiento24h.com\/?p=150371#primaryimage","url":"https:\/\/sarmiento24h.com\/wp-content\/uploads\/2026\/04\/omsa-pone-en-marcha-este-domingo-nuevo-corredor-en-la-27-de-febrero.jpg","contentUrl":"https:\/\/sarmiento24h.com\/wp-content\/uploads\/2026\/04\/omsa-pone-en-marcha-este-domingo-nuevo-corredor-en-la-27-de-febrero.jpg","width":1600,"height":1067},{"@type":"BreadcrumbList","@id":"https:\/\/sarmiento24h.com\/?p=150371#breadcrumb","itemListElement":[{"@type":"ListItem","position":1,"name":"Home","item":"https:\/\/sarmiento24h.com\/"},{"@type":"ListItem","position":2,"name":"OMSA pone en marcha este domingo nuevo corredor en la 27 de Febrero"}]},{"@type":"WebSite","@id":"https:\/\/sarmiento24h.com\/#website","url":"https:\/\/sarmiento24h.com\/","name":"Sarmiento24h","description":"","publisher":{"@id":"https:\/\/sarmiento24h.com\/#organization"},"potentialAction":[{"@type":"SearchAction","target":{"@type":"EntryPoint","urlTemplate":"https:\/\/sarmiento24h.com\/?s={search_term_string}"},"query-input":{"@type":"PropertyValueSpecification","valueRequired":true,"valueName":"search_term_string"}}],"inLanguage":"es"},{"@type":"Organization","@id":"https:\/\/sarmiento24h.com\/#organization","name":"Sarmiento24h","url":"https:\/\/sarmiento24h.com\/","logo":{"@type":"ImageObject","inLanguage":"es","@id":"https:\/\/sarmiento24h.com\/#\/schema\/logo\/image\/","url":"https:\/\/sarmiento24h.com\/wp-content\/uploads\/2025\/12\/AddText_12-16-10.30.52.jpg","contentUrl":"https:\/\/sarmiento24h.com\/wp-content\/uploads\/2025\/12\/AddText_12-16-10.30.52.jpg","width":1220,"height":324,"caption":"Sarmiento24h"},"image":{"@id":"https:\/\/sarmiento24h.com\/#\/schema\/logo\/image\/"},"sameAs":["https:\/\/facebook.com\/s24hnoticias","https:\/\/x.com\/sarmiento24h"]},{"@type":"Person","@id":"https:\/\/sarmiento24h.com\/#\/schema\/person\/d653a59725ad629a7e0429af7b939d4d","name":"sarmiento24h@gmail.com","image":{"@type":"ImageObject","inLanguage":"es","@id":"https:\/\/sarmiento24h.com\/wp-content\/litespeed\/avatar\/d02cbc4e23c747e6659cd45907173c8f.jpg?ver=1777157796","url":"https:\/\/sarmiento24h.com\/wp-content\/litespeed\/avatar\/d02cbc4e23c747e6659cd45907173c8f.jpg?ver=1777157796","contentUrl":"https:\/\/sarmiento24h.com\/wp-content\/litespeed\/avatar\/d02cbc4e23c747e6659cd45907173c8f.jpg?ver=1777157796","caption":"sarmiento24h@gmail.com"},"sameAs":["https:\/\/sarmiento24h.com"],"url":"https:\/\/sarmiento24h.com\/?author=1"}]}},"jetpack_publicize_connections":[],"jetpack_featured_media_url":"https:\/\/sarmiento24h.com\/wp-content\/uploads\/2026\/04\/omsa-pone-en-marcha-este-domingo-nuevo-corredor-en-la-27-de-febrero.jpg","jetpack_sharing_enabled":true,"_links":{"self":[{"href":"https:\/\/sarmiento24h.com\/index.php?rest_route=\/wp\/v2\/posts\/150371","targetHints":{"allow":["GET"]}}],"collection":[{"href":"https:\/\/sarmiento24h.com\/index.php?rest_route=\/wp\/v2\/posts"}],"about":[{"href":"https:\/\/sarmiento24h.com\/index.php?rest_route=\/wp\/v2\/types\/post"}],"author":[{"embeddable":true,"href":"https:\/\/sarmiento24h.com\/index.php?rest_route=\/wp\/v2\/users\/1"}],"replies":[{"embeddable":true,"href":"https:\/\/sarmiento24h.com\/index.php?rest_route=%2Fwp%2Fv2%2Fcomments&post=150371"}],"version-history":[{"count":0,"href":"https:\/\/sarmiento24h.com\/index.php?rest_route=\/wp\/v2\/posts\/150371\/revisions"}],"wp:featuredmedia":[{"embeddable":true,"href":"https:\/\/sarmiento24h.com\/index.php?rest_route=\/wp\/v2\/media\/150372"}],"wp:attachment":[{"href":"https:\/\/sarmiento24h.com\/index.php?rest_route=%2Fwp%2Fv2%2Fmedia&parent=150371"}],"wp:term":[{"taxonomy":"category","embeddable":true,"href":"https:\/\/sarmiento24h.com\/index.php?rest_route=%2Fwp%2Fv2%2Fcategories&post=150371"},{"taxonomy":"post_tag","embeddable":true,"href":"https:\/\/sarmiento24h.com\/index.php?rest_route=%2Fwp%2Fv2%2Ftags&post=150371"}],"curies":[{"name":"wp","href":"https:\/\/api.w.org\/{rel}","templated":true}]}}