{"id":151345,"date":"2026-04-24T23:47:43","date_gmt":"2026-04-24T23:47:43","guid":{"rendered":"https:\/\/noticiassin.com\/?p=1986400"},"modified":"2026-04-24T23:47:43","modified_gmt":"2026-04-24T23:47:43","slug":"reservan-fallo-para-el-5-de-junio-contra-hugo-beras-y-jochy-gomez-por-presunto-sabotaje-y-desfalco","status":"publish","type":"post","link":"https:\/\/sarmiento24h.com\/?p=151345","title":{"rendered":"Reservan fallo para el 5 de junio contra Hugo Beras y Jochy G\u00f3mez por presunto sabotaje y desfalco"},"content":{"rendered":"<p>Santo Domingo.- El Sexto Juzgado de la Instrucci\u00f3n <strong>reserv\u00f3 para el 5 de junio el fallo<\/strong> del caso <strong>Camale\u00f3n<\/strong>, que involucra al exdirector del <strong>Intrant, Hugo Beras<\/strong>, al empresario <strong>Jos\u00e9 \u00c1ngel G\u00f3mez Cana\u00e1n (Jochi G\u00f3mez)<\/strong> y otros imputados, acusados de presuntos hechos de corrupci\u00f3n relacionados con el sistema semaf\u00f3rico del Gran Santo Domingo.<\/p>\n<h3 class=\"wp-block-heading\"><strong>Acusaciones por presunto desfalco y sabotaje al sistema de tr\u00e1nsito<\/strong><\/h3>\n<p>El proceso judicial gira en torno a se\u00f1alamientos del <strong>Ministerio P\u00fablico<\/strong> por un presunto <strong>desfalco al Estado dominicano<\/strong> y el supuesto <strong>sabotaje a la red semaf\u00f3rica<\/strong>, hechos que habr\u00edan afectado el funcionamiento del sistema de control de tr\u00e1nsito en la capital.<\/p>\n<p>Durante la audiencia preliminar, las partes expusieron sus <strong>alegatos finales <\/strong>antes de que el tribunal decidiera dejar en estado de fallo el expediente.<\/p>\n<figure class=\"wp-block-image size-full\"><img loading=\"lazy\" decoding=\"async\" width=\"608\" height=\"342\" src=\"https:\/\/multimedia.noticiassin.com\/wp-content\/uploads\/2026\/04\/borrador-automatico-20260424-233121-TKX8.png\" alt class=\"wp-image-1986409 lazy\" data-sizes=\"(max-width: 608px) 100vw, 608px\" srcset=\"https:\/\/multimedia.noticiassin.com\/wp-content\/uploads\/2026\/04\/borrador-automatico-20260424-233121-TKX8.png 608w, https:\/\/multimedia.noticiassin.com\/wp-content\/uploads\/2026\/04\/borrador-automatico-20260424-233121-TKX8-288x162.png 288w, https:\/\/multimedia.noticiassin.com\/wp-content\/uploads\/2026\/04\/borrador-automatico-20260424-233121-TKX8-588x330.png 588w, https:\/\/multimedia.noticiassin.com\/wp-content\/uploads\/2026\/04\/borrador-automatico-20260424-233121-TKX8-742x418.png 742w, https:\/\/multimedia.noticiassin.com\/wp-content\/uploads\/2026\/04\/borrador-automatico-20260424-233121-TKX8-150x85.png 150w, https:\/\/multimedia.noticiassin.com\/wp-content\/uploads\/2026\/04\/borrador-automatico-20260424-233121-TKX8-1200x675.png 1200w\"><\/figure>\n<h3 class=\"wp-block-heading\"><strong>Ministerio P\u00fablico defiende pruebas y cuestiona a la defensa<\/strong><\/h3>\n<p>La procuradora de corte <strong>Mirna Ortiz<\/strong> asegur\u00f3 que el Ministerio P\u00fablico logr\u00f3 sustentar las imputaciones presentadas contra los acusados, al tiempo que cuestion\u00f3 la estrategia de la defensa.<\/p>\n<p>Ortiz afirm\u00f3 que los abogados de los imputados intentaron <strong>desviar la atenci\u00f3n del tribunal<\/strong> con alegatos sin sustento.<\/p>\n<p>\u201cLa defensa es lo que han pretendido el d\u00eda de hoy, <strong>extender una cortina de humo <\/strong>pretendiendo envolver al tribunal y a la prensa con insinuaciones y afirmaciones en menciones de nombres y personas sobre hechos que no han podido probar\u201d, expres\u00f3.<\/p>\n<h3 class=\"wp-block-heading\"><strong>Mensajes, licitaci\u00f3n y supuestos v\u00ednculos previos<\/strong><\/h3>\n<p>Seg\u00fan la acusaci\u00f3n, existen elementos como<strong> mensajes de WhatsApp<\/strong> que indicar\u00edan que el proceso de licitaci\u00f3n del sistema semaf\u00f3rico habr\u00eda estado definido antes de su ejecuci\u00f3n formal.<\/p>\n<p>El <strong>Ministerio P\u00fablico <\/strong>sostiene que el contrato habr\u00eda sido adjudicado a un proveedor con el que ya exist\u00edan relaciones previas, lo que habr\u00eda facilitado un esquema irregular en el proceso de contrataci\u00f3n.<\/p>\n<p>Con el caso en estado de fallo, las partes ahora esperan la<strong> decisi\u00f3n del tribunal<\/strong>, que determinar\u00e1 si existen elementos suficientes para la apertura de un juicio de fondo contra los imputados del expediente.<\/p>\n<ul class=\"wp-block-list\">\n<li>Ortiz afirm\u00f3 que los abogados de los imputados intentaron <strong>desviar la atenci\u00f3n del tribunal<\/strong> con alegatos sin sustento. <\/li>\n<\/ul>\n","protected":false},"excerpt":{"rendered":"<p>Santo Domingo.- El Sexto Juzgado de la&#46;&#46;&#46;<\/p>\n","protected":false},"author":1,"featured_media":151346,"comment_status":"closed","ping_status":"closed","sticky":false,"template":"","format":"standard","meta":{"_jetpack_memberships_contains_paid_content":false,"footnotes":"","jetpack_publicize_message":"","jetpack_publicize_feature_enabled":true,"jetpack_social_post_already_shared":true,"jetpack_social_options":{"image_generator_settings":{"template":"highway","default_image_id":0,"font":"","enabled":false},"version":2}},"categories":[42],"tags":[],"class_list":["post-151345","post","type-post","status-publish","format-standard","has-post-thumbnail","hentry","category-nacionales"],"yoast_head":"<!-- This site is optimized with the Yoast SEO plugin v27.3 - https:\/\/yoast.com\/product\/yoast-seo-wordpress\/ -->\n<title>Reservan fallo para el 5 de junio contra Hugo Beras y Jochy G\u00f3mez por presunto sabotaje y desfalco - Sarmiento24h<\/title>\n<meta name=\"robots\" content=\"index, follow, max-snippet:-1, max-image-preview:large, max-video-preview:-1\" \/>\n<link rel=\"canonical\" href=\"https:\/\/sarmiento24h.com\/?p=151345\" \/>\n<meta property=\"og:locale\" content=\"es_ES\" \/>\n<meta property=\"og:type\" content=\"article\" \/>\n<meta property=\"og:title\" content=\"Reservan fallo para el 5 de junio contra Hugo Beras y Jochy G\u00f3mez por presunto sabotaje y desfalco - Sarmiento24h\" \/>\n<meta property=\"og:description\" content=\"Santo Domingo.- El Sexto Juzgado de la&#046;&#046;&#046;\" \/>\n<meta property=\"og:url\" content=\"https:\/\/sarmiento24h.com\/?p=151345\" \/>\n<meta property=\"og:site_name\" content=\"Sarmiento24h\" \/>\n<meta property=\"article:publisher\" content=\"https:\/\/facebook.com\/s24hnoticias\" \/>\n<meta property=\"article:published_time\" content=\"2026-04-24T23:47:43+00:00\" \/>\n<meta name=\"author\" content=\"sarmiento24h@gmail.com\" \/>\n<meta name=\"twitter:card\" content=\"summary_large_image\" \/>\n<meta name=\"twitter:creator\" content=\"@sarmiento24h\" \/>\n<meta name=\"twitter:site\" content=\"@sarmiento24h\" \/>\n<meta name=\"twitter:label1\" content=\"Escrito por\" \/>\n\t<meta name=\"twitter:data1\" content=\"sarmiento24h@gmail.com\" \/>\n\t<meta name=\"twitter:label2\" content=\"Tiempo de lectura\" \/>\n\t<meta name=\"twitter:data2\" content=\"2 minutos\" \/>\n<script type=\"application\/ld+json\" class=\"yoast-schema-graph\">{\"@context\":\"https:\\\/\\\/schema.org\",\"@graph\":[{\"@type\":\"Article\",\"@id\":\"https:\\\/\\\/sarmiento24h.com\\\/?p=151345#article\",\"isPartOf\":{\"@id\":\"https:\\\/\\\/sarmiento24h.com\\\/?p=151345\"},\"author\":{\"name\":\"sarmiento24h@gmail.com\",\"@id\":\"https:\\\/\\\/sarmiento24h.com\\\/#\\\/schema\\\/person\\\/d653a59725ad629a7e0429af7b939d4d\"},\"headline\":\"Reservan fallo para el 5 de junio contra Hugo Beras y Jochy G\u00f3mez por presunto sabotaje y desfalco\",\"datePublished\":\"2026-04-24T23:47:43+00:00\",\"mainEntityOfPage\":{\"@id\":\"https:\\\/\\\/sarmiento24h.com\\\/?p=151345\"},\"wordCount\":392,\"publisher\":{\"@id\":\"https:\\\/\\\/sarmiento24h.com\\\/#organization\"},\"image\":{\"@id\":\"https:\\\/\\\/sarmiento24h.com\\\/?p=151345#primaryimage\"},\"thumbnailUrl\":\"https:\\\/\\\/sarmiento24h.com\\\/wp-content\\\/uploads\\\/2026\\\/04\\\/reservan-fallo-para-el-5-de-junio-contra-hugo-beras-y-jochy-gomez-por-presunto-sabotaje-y-desfalco.png\",\"articleSection\":[\"Nacionales\"],\"inLanguage\":\"es\"},{\"@type\":\"WebPage\",\"@id\":\"https:\\\/\\\/sarmiento24h.com\\\/?p=151345\",\"url\":\"https:\\\/\\\/sarmiento24h.com\\\/?p=151345\",\"name\":\"Reservan fallo para el 5 de junio contra Hugo Beras y Jochy G\u00f3mez por presunto sabotaje y desfalco - Sarmiento24h\",\"isPartOf\":{\"@id\":\"https:\\\/\\\/sarmiento24h.com\\\/#website\"},\"primaryImageOfPage\":{\"@id\":\"https:\\\/\\\/sarmiento24h.com\\\/?p=151345#primaryimage\"},\"image\":{\"@id\":\"https:\\\/\\\/sarmiento24h.com\\\/?p=151345#primaryimage\"},\"thumbnailUrl\":\"https:\\\/\\\/sarmiento24h.com\\\/wp-content\\\/uploads\\\/2026\\\/04\\\/reservan-fallo-para-el-5-de-junio-contra-hugo-beras-y-jochy-gomez-por-presunto-sabotaje-y-desfalco.png\",\"datePublished\":\"2026-04-24T23:47:43+00:00\",\"breadcrumb\":{\"@id\":\"https:\\\/\\\/sarmiento24h.com\\\/?p=151345#breadcrumb\"},\"inLanguage\":\"es\",\"potentialAction\":[{\"@type\":\"ReadAction\",\"target\":[\"https:\\\/\\\/sarmiento24h.com\\\/?p=151345\"]}]},{\"@type\":\"ImageObject\",\"inLanguage\":\"es\",\"@id\":\"https:\\\/\\\/sarmiento24h.com\\\/?p=151345#primaryimage\",\"url\":\"https:\\\/\\\/sarmiento24h.com\\\/wp-content\\\/uploads\\\/2026\\\/04\\\/reservan-fallo-para-el-5-de-junio-contra-hugo-beras-y-jochy-gomez-por-presunto-sabotaje-y-desfalco.png\",\"contentUrl\":\"https:\\\/\\\/sarmiento24h.com\\\/wp-content\\\/uploads\\\/2026\\\/04\\\/reservan-fallo-para-el-5-de-junio-contra-hugo-beras-y-jochy-gomez-por-presunto-sabotaje-y-desfalco.png\",\"width\":608,\"height\":342},{\"@type\":\"BreadcrumbList\",\"@id\":\"https:\\\/\\\/sarmiento24h.com\\\/?p=151345#breadcrumb\",\"itemListElement\":[{\"@type\":\"ListItem\",\"position\":1,\"name\":\"Home\",\"item\":\"https:\\\/\\\/sarmiento24h.com\\\/\"},{\"@type\":\"ListItem\",\"position\":2,\"name\":\"Reservan fallo para el 5 de junio contra Hugo Beras y Jochy G\u00f3mez por presunto sabotaje y desfalco\"}]},{\"@type\":\"WebSite\",\"@id\":\"https:\\\/\\\/sarmiento24h.com\\\/#website\",\"url\":\"https:\\\/\\\/sarmiento24h.com\\\/\",\"name\":\"Sarmiento24h\",\"description\":\"\",\"publisher\":{\"@id\":\"https:\\\/\\\/sarmiento24h.com\\\/#organization\"},\"potentialAction\":[{\"@type\":\"SearchAction\",\"target\":{\"@type\":\"EntryPoint\",\"urlTemplate\":\"https:\\\/\\\/sarmiento24h.com\\\/?s={search_term_string}\"},\"query-input\":{\"@type\":\"PropertyValueSpecification\",\"valueRequired\":true,\"valueName\":\"search_term_string\"}}],\"inLanguage\":\"es\"},{\"@type\":\"Organization\",\"@id\":\"https:\\\/\\\/sarmiento24h.com\\\/#organization\",\"name\":\"Sarmiento24h\",\"url\":\"https:\\\/\\\/sarmiento24h.com\\\/\",\"logo\":{\"@type\":\"ImageObject\",\"inLanguage\":\"es\",\"@id\":\"https:\\\/\\\/sarmiento24h.com\\\/#\\\/schema\\\/logo\\\/image\\\/\",\"url\":\"https:\\\/\\\/sarmiento24h.com\\\/wp-content\\\/uploads\\\/2025\\\/12\\\/AddText_12-16-10.30.52.jpg\",\"contentUrl\":\"https:\\\/\\\/sarmiento24h.com\\\/wp-content\\\/uploads\\\/2025\\\/12\\\/AddText_12-16-10.30.52.jpg\",\"width\":1220,\"height\":324,\"caption\":\"Sarmiento24h\"},\"image\":{\"@id\":\"https:\\\/\\\/sarmiento24h.com\\\/#\\\/schema\\\/logo\\\/image\\\/\"},\"sameAs\":[\"https:\\\/\\\/facebook.com\\\/s24hnoticias\",\"https:\\\/\\\/x.com\\\/sarmiento24h\"]},{\"@type\":\"Person\",\"@id\":\"https:\\\/\\\/sarmiento24h.com\\\/#\\\/schema\\\/person\\\/d653a59725ad629a7e0429af7b939d4d\",\"name\":\"sarmiento24h@gmail.com\",\"image\":{\"@type\":\"ImageObject\",\"inLanguage\":\"es\",\"@id\":\"https:\\\/\\\/sarmiento24h.com\\\/wp-content\\\/litespeed\\\/avatar\\\/d02cbc4e23c747e6659cd45907173c8f.jpg?ver=1776552964\",\"url\":\"https:\\\/\\\/sarmiento24h.com\\\/wp-content\\\/litespeed\\\/avatar\\\/d02cbc4e23c747e6659cd45907173c8f.jpg?ver=1776552964\",\"contentUrl\":\"https:\\\/\\\/sarmiento24h.com\\\/wp-content\\\/litespeed\\\/avatar\\\/d02cbc4e23c747e6659cd45907173c8f.jpg?ver=1776552964\",\"caption\":\"sarmiento24h@gmail.com\"},\"sameAs\":[\"https:\\\/\\\/sarmiento24h.com\"],\"url\":\"https:\\\/\\\/sarmiento24h.com\\\/?author=1\"}]}<\/script>\n<!-- \/ Yoast SEO plugin. -->","yoast_head_json":{"title":"Reservan fallo para el 5 de junio contra Hugo Beras y Jochy G\u00f3mez por presunto sabotaje y desfalco - Sarmiento24h","robots":{"index":"index","follow":"follow","max-snippet":"max-snippet:-1","max-image-preview":"max-image-preview:large","max-video-preview":"max-video-preview:-1"},"canonical":"https:\/\/sarmiento24h.com\/?p=151345","og_locale":"es_ES","og_type":"article","og_title":"Reservan fallo para el 5 de junio contra Hugo Beras y Jochy G\u00f3mez por presunto sabotaje y desfalco - Sarmiento24h","og_description":"Santo Domingo.- El Sexto Juzgado de la&#46;&#46;&#46;","og_url":"https:\/\/sarmiento24h.com\/?p=151345","og_site_name":"Sarmiento24h","article_publisher":"https:\/\/facebook.com\/s24hnoticias","article_published_time":"2026-04-24T23:47:43+00:00","author":"sarmiento24h@gmail.com","twitter_card":"summary_large_image","twitter_creator":"@sarmiento24h","twitter_site":"@sarmiento24h","twitter_misc":{"Escrito por":"sarmiento24h@gmail.com","Tiempo de lectura":"2 minutos"},"schema":{"@context":"https:\/\/schema.org","@graph":[{"@type":"Article","@id":"https:\/\/sarmiento24h.com\/?p=151345#article","isPartOf":{"@id":"https:\/\/sarmiento24h.com\/?p=151345"},"author":{"name":"sarmiento24h@gmail.com","@id":"https:\/\/sarmiento24h.com\/#\/schema\/person\/d653a59725ad629a7e0429af7b939d4d"},"headline":"Reservan fallo para el 5 de junio contra Hugo Beras y Jochy G\u00f3mez por presunto sabotaje y desfalco","datePublished":"2026-04-24T23:47:43+00:00","mainEntityOfPage":{"@id":"https:\/\/sarmiento24h.com\/?p=151345"},"wordCount":392,"publisher":{"@id":"https:\/\/sarmiento24h.com\/#organization"},"image":{"@id":"https:\/\/sarmiento24h.com\/?p=151345#primaryimage"},"thumbnailUrl":"https:\/\/sarmiento24h.com\/wp-content\/uploads\/2026\/04\/reservan-fallo-para-el-5-de-junio-contra-hugo-beras-y-jochy-gomez-por-presunto-sabotaje-y-desfalco.png","articleSection":["Nacionales"],"inLanguage":"es"},{"@type":"WebPage","@id":"https:\/\/sarmiento24h.com\/?p=151345","url":"https:\/\/sarmiento24h.com\/?p=151345","name":"Reservan fallo para el 5 de junio contra Hugo Beras y Jochy G\u00f3mez por presunto sabotaje y desfalco - Sarmiento24h","isPartOf":{"@id":"https:\/\/sarmiento24h.com\/#website"},"primaryImageOfPage":{"@id":"https:\/\/sarmiento24h.com\/?p=151345#primaryimage"},"image":{"@id":"https:\/\/sarmiento24h.com\/?p=151345#primaryimage"},"thumbnailUrl":"https:\/\/sarmiento24h.com\/wp-content\/uploads\/2026\/04\/reservan-fallo-para-el-5-de-junio-contra-hugo-beras-y-jochy-gomez-por-presunto-sabotaje-y-desfalco.png","datePublished":"2026-04-24T23:47:43+00:00","breadcrumb":{"@id":"https:\/\/sarmiento24h.com\/?p=151345#breadcrumb"},"inLanguage":"es","potentialAction":[{"@type":"ReadAction","target":["https:\/\/sarmiento24h.com\/?p=151345"]}]},{"@type":"ImageObject","inLanguage":"es","@id":"https:\/\/sarmiento24h.com\/?p=151345#primaryimage","url":"https:\/\/sarmiento24h.com\/wp-content\/uploads\/2026\/04\/reservan-fallo-para-el-5-de-junio-contra-hugo-beras-y-jochy-gomez-por-presunto-sabotaje-y-desfalco.png","contentUrl":"https:\/\/sarmiento24h.com\/wp-content\/uploads\/2026\/04\/reservan-fallo-para-el-5-de-junio-contra-hugo-beras-y-jochy-gomez-por-presunto-sabotaje-y-desfalco.png","width":608,"height":342},{"@type":"BreadcrumbList","@id":"https:\/\/sarmiento24h.com\/?p=151345#breadcrumb","itemListElement":[{"@type":"ListItem","position":1,"name":"Home","item":"https:\/\/sarmiento24h.com\/"},{"@type":"ListItem","position":2,"name":"Reservan fallo para el 5 de junio contra Hugo Beras y Jochy G\u00f3mez por presunto sabotaje y desfalco"}]},{"@type":"WebSite","@id":"https:\/\/sarmiento24h.com\/#website","url":"https:\/\/sarmiento24h.com\/","name":"Sarmiento24h","description":"","publisher":{"@id":"https:\/\/sarmiento24h.com\/#organization"},"potentialAction":[{"@type":"SearchAction","target":{"@type":"EntryPoint","urlTemplate":"https:\/\/sarmiento24h.com\/?s={search_term_string}"},"query-input":{"@type":"PropertyValueSpecification","valueRequired":true,"valueName":"search_term_string"}}],"inLanguage":"es"},{"@type":"Organization","@id":"https:\/\/sarmiento24h.com\/#organization","name":"Sarmiento24h","url":"https:\/\/sarmiento24h.com\/","logo":{"@type":"ImageObject","inLanguage":"es","@id":"https:\/\/sarmiento24h.com\/#\/schema\/logo\/image\/","url":"https:\/\/sarmiento24h.com\/wp-content\/uploads\/2025\/12\/AddText_12-16-10.30.52.jpg","contentUrl":"https:\/\/sarmiento24h.com\/wp-content\/uploads\/2025\/12\/AddText_12-16-10.30.52.jpg","width":1220,"height":324,"caption":"Sarmiento24h"},"image":{"@id":"https:\/\/sarmiento24h.com\/#\/schema\/logo\/image\/"},"sameAs":["https:\/\/facebook.com\/s24hnoticias","https:\/\/x.com\/sarmiento24h"]},{"@type":"Person","@id":"https:\/\/sarmiento24h.com\/#\/schema\/person\/d653a59725ad629a7e0429af7b939d4d","name":"sarmiento24h@gmail.com","image":{"@type":"ImageObject","inLanguage":"es","@id":"https:\/\/sarmiento24h.com\/wp-content\/litespeed\/avatar\/d02cbc4e23c747e6659cd45907173c8f.jpg?ver=1776552964","url":"https:\/\/sarmiento24h.com\/wp-content\/litespeed\/avatar\/d02cbc4e23c747e6659cd45907173c8f.jpg?ver=1776552964","contentUrl":"https:\/\/sarmiento24h.com\/wp-content\/litespeed\/avatar\/d02cbc4e23c747e6659cd45907173c8f.jpg?ver=1776552964","caption":"sarmiento24h@gmail.com"},"sameAs":["https:\/\/sarmiento24h.com"],"url":"https:\/\/sarmiento24h.com\/?author=1"}]}},"jetpack_publicize_connections":[],"jetpack_featured_media_url":"https:\/\/sarmiento24h.com\/wp-content\/uploads\/2026\/04\/reservan-fallo-para-el-5-de-junio-contra-hugo-beras-y-jochy-gomez-por-presunto-sabotaje-y-desfalco.png","jetpack_sharing_enabled":true,"_links":{"self":[{"href":"https:\/\/sarmiento24h.com\/index.php?rest_route=\/wp\/v2\/posts\/151345","targetHints":{"allow":["GET"]}}],"collection":[{"href":"https:\/\/sarmiento24h.com\/index.php?rest_route=\/wp\/v2\/posts"}],"about":[{"href":"https:\/\/sarmiento24h.com\/index.php?rest_route=\/wp\/v2\/types\/post"}],"author":[{"embeddable":true,"href":"https:\/\/sarmiento24h.com\/index.php?rest_route=\/wp\/v2\/users\/1"}],"replies":[{"embeddable":true,"href":"https:\/\/sarmiento24h.com\/index.php?rest_route=%2Fwp%2Fv2%2Fcomments&post=151345"}],"version-history":[{"count":0,"href":"https:\/\/sarmiento24h.com\/index.php?rest_route=\/wp\/v2\/posts\/151345\/revisions"}],"wp:featuredmedia":[{"embeddable":true,"href":"https:\/\/sarmiento24h.com\/index.php?rest_route=\/wp\/v2\/media\/151346"}],"wp:attachment":[{"href":"https:\/\/sarmiento24h.com\/index.php?rest_route=%2Fwp%2Fv2%2Fmedia&parent=151345"}],"wp:term":[{"taxonomy":"category","embeddable":true,"href":"https:\/\/sarmiento24h.com\/index.php?rest_route=%2Fwp%2Fv2%2Fcategories&post=151345"},{"taxonomy":"post_tag","embeddable":true,"href":"https:\/\/sarmiento24h.com\/index.php?rest_route=%2Fwp%2Fv2%2Ftags&post=151345"}],"curies":[{"name":"wp","href":"https:\/\/api.w.org\/{rel}","templated":true}]}}