{"id":151484,"date":"2026-04-25T00:48:52","date_gmt":"2026-04-25T00:48:52","guid":{"rendered":"https:\/\/noticiassin.com\/?p=1986388"},"modified":"2026-04-25T00:48:52","modified_gmt":"2026-04-25T00:48:52","slug":"ministerio-publico-solicita-prision-preventiva-contra-padre-de-nina-hallada-sin-vida-en-una-canada-de-los-girasoles","status":"publish","type":"post","link":"https:\/\/sarmiento24h.com\/?p=151484","title":{"rendered":"Ministerio P\u00fablico solicita prisi\u00f3n preventiva contra padre de ni\u00f1a hallada sin vida en una ca\u00f1ada de Los Girasoles"},"content":{"rendered":"<div><img decoding=\"async\" src=\"https:\/\/multimedia.noticiassin.com\/wp-content\/uploads\/2026\/04\/detienen-al-padre-de-la-nina-hallada-muerta-en-los-girasoles-20260423-162739-6Wgf-1200x675.jpg\" class=\"ff-og-image-inserted\"><\/div>\n<p>El <em>Ministerio P\u00fablico<\/em> solicit\u00f3 a la Oficina Judicial de Servicios de Atenci\u00f3n Permanente del Distrito Nacional la imposici\u00f3n de prisi\u00f3n preventiva, como medida de coerci\u00f3n, contra un hombre imputado de causarle la muerte a su hija de un a\u00f1o, cuyo cuerpo fue hallado en una <strong>ca\u00f1ada <\/strong>del sector <strong>Los Girasoles<\/strong>.<\/p>\n<p>A <strong>Rosi Alfredo Mota Almonte <\/strong><em>(El Loc\u00f3n Brake o Freddy)<\/em> se le imputa el haber provocado la muerte de la infante el 21 de abril de 2026, a causa de asfixia por sofocaci\u00f3n.<\/p>\n<ul class=\"wp-block-list\">\n<li>De acuerdo con la investigaci\u00f3n realizada por la procuradora fiscal Topacio Suero Sierra, adscrita al Departamento de Cr\u00edmenes y Delitos contra la Persona (Homicidios) del Distrito Nacional, el hecho ocurri\u00f3 en horas de la ma\u00f1ana, cuando el imputado, tras llegar a su residencia, procedi\u00f3 a asfixiar a la ni\u00f1a. <strong>Posteriormente, introdujo el cuerpo sin vida en un bulto, lo sac\u00f3 de la vivienda y lo lanz\u00f3 a una ca\u00f1ada cercana. <\/strong><\/li>\n<\/ul>\n<p>M\u00e1s adelante, el imputado regres\u00f3 a la comunidad e inform\u00f3 a vecinos que la <strong>ni\u00f1a <\/strong>estaba <strong>desaparecida<\/strong>, lo que provoc\u00f3 que residentes del sector iniciaran una amplia b\u00fasqueda.<\/p>\n<ul class=\"wp-block-list\">\n<li>Horas despu\u00e9s, el cuerpo fue encontrado dentro del referido bulto en la ca\u00f1ada, dando aviso de inmediato a las autoridades. <\/li>\n<\/ul>\n<p>El Ministerio P\u00fablico, en conjunto con agentes de la Polic\u00eda Nacional, realiz\u00f3 el <strong>levantamiento <\/strong>del <strong>cuerpo<\/strong>, el cual fue enviado al Instituto Nacional de Ciencias Forenses (Inacif) para los fines correspondientes.<\/p>\n<ul class=\"wp-block-list\">\n<li>El imputado fue arrestado el pasado 23 de abril de 2026, mediante la orden judicial <strong>No. 2026-AJ0032323<\/strong>, emitida por la <em>Oficina Judicial de Servicios de Atenci\u00f3n Permanente del Distrito Nacional<\/em>. El \u00f3rgano acusador ha calificado jur\u00eddicamente los hechos como violaci\u00f3n a los art\u00edculos 295 y 304-II del <em>C\u00f3digo Penal Dominicano<\/em>, as\u00ed como a los <strong>art\u00edculos 3, 12, 13, 462 y 463 de la Ley 136-03<\/strong> que crea el C\u00f3digo para la Protecci\u00f3n y los Derechos Fundamentales de Ni\u00f1os, Ni\u00f1as y Adolescentes. <\/li>\n<\/ul>\n","protected":false},"excerpt":{"rendered":"<p>El Ministerio P\u00fablico solicit\u00f3 a la Oficina&#46;&#46;&#46;<\/p>\n","protected":false},"author":1,"featured_media":151485,"comment_status":"closed","ping_status":"closed","sticky":false,"template":"","format":"standard","meta":{"_jetpack_memberships_contains_paid_content":false,"footnotes":"","jetpack_publicize_message":"","jetpack_publicize_feature_enabled":true,"jetpack_social_post_already_shared":true,"jetpack_social_options":{"image_generator_settings":{"template":"highway","default_image_id":0,"font":"","enabled":false},"version":2}},"categories":[42],"tags":[],"class_list":["post-151484","post","type-post","status-publish","format-standard","has-post-thumbnail","hentry","category-nacionales"],"yoast_head":"<!-- This site is optimized with the Yoast SEO plugin v27.3 - https:\/\/yoast.com\/product\/yoast-seo-wordpress\/ -->\n<title>Ministerio P\u00fablico solicita prisi\u00f3n preventiva contra padre de ni\u00f1a hallada sin vida en una ca\u00f1ada de Los Girasoles - Sarmiento24h<\/title>\n<meta name=\"robots\" content=\"index, follow, max-snippet:-1, max-image-preview:large, max-video-preview:-1\" \/>\n<link rel=\"canonical\" href=\"https:\/\/sarmiento24h.com\/?p=151484\" \/>\n<meta property=\"og:locale\" content=\"es_ES\" \/>\n<meta property=\"og:type\" content=\"article\" \/>\n<meta property=\"og:title\" content=\"Ministerio P\u00fablico solicita prisi\u00f3n preventiva contra padre de ni\u00f1a hallada sin vida en una ca\u00f1ada de Los Girasoles - Sarmiento24h\" \/>\n<meta property=\"og:description\" content=\"El Ministerio P\u00fablico solicit\u00f3 a la Oficina&#046;&#046;&#046;\" \/>\n<meta property=\"og:url\" content=\"https:\/\/sarmiento24h.com\/?p=151484\" \/>\n<meta property=\"og:site_name\" content=\"Sarmiento24h\" \/>\n<meta property=\"article:publisher\" content=\"https:\/\/facebook.com\/s24hnoticias\" \/>\n<meta property=\"article:published_time\" content=\"2026-04-25T00:48:52+00:00\" \/>\n<meta property=\"og:image\" content=\"https:\/\/multimedia.noticiassin.com\/wp-content\/uploads\/2026\/04\/detienen-al-padre-de-la-nina-hallada-muerta-en-los-girasoles-20260423-162739-6Wgf-1200x675.jpg\" \/>\n<meta name=\"author\" content=\"sarmiento24h@gmail.com\" \/>\n<meta name=\"twitter:card\" content=\"summary_large_image\" \/>\n<meta name=\"twitter:creator\" content=\"@sarmiento24h\" \/>\n<meta name=\"twitter:site\" content=\"@sarmiento24h\" \/>\n<meta name=\"twitter:label1\" content=\"Escrito por\" \/>\n\t<meta name=\"twitter:data1\" content=\"sarmiento24h@gmail.com\" \/>\n\t<meta name=\"twitter:label2\" content=\"Tiempo de lectura\" \/>\n\t<meta name=\"twitter:data2\" content=\"2 minutos\" \/>\n<script type=\"application\/ld+json\" class=\"yoast-schema-graph\">{\"@context\":\"https:\\\/\\\/schema.org\",\"@graph\":[{\"@type\":\"Article\",\"@id\":\"https:\\\/\\\/sarmiento24h.com\\\/?p=151484#article\",\"isPartOf\":{\"@id\":\"https:\\\/\\\/sarmiento24h.com\\\/?p=151484\"},\"author\":{\"name\":\"sarmiento24h@gmail.com\",\"@id\":\"https:\\\/\\\/sarmiento24h.com\\\/#\\\/schema\\\/person\\\/d653a59725ad629a7e0429af7b939d4d\"},\"headline\":\"Ministerio P\u00fablico solicita prisi\u00f3n preventiva contra padre de ni\u00f1a hallada sin vida en una ca\u00f1ada de Los Girasoles\",\"datePublished\":\"2026-04-25T00:48:52+00:00\",\"mainEntityOfPage\":{\"@id\":\"https:\\\/\\\/sarmiento24h.com\\\/?p=151484\"},\"wordCount\":356,\"publisher\":{\"@id\":\"https:\\\/\\\/sarmiento24h.com\\\/#organization\"},\"image\":{\"@id\":\"https:\\\/\\\/sarmiento24h.com\\\/?p=151484#primaryimage\"},\"thumbnailUrl\":\"https:\\\/\\\/sarmiento24h.com\\\/wp-content\\\/uploads\\\/2026\\\/04\\\/ministerio-publico-solicita-prision-preventiva-contra-padre-de-nina-hallada-sin-vida-en-una-canada-de-los-girasoles.jpg\",\"articleSection\":[\"Nacionales\"],\"inLanguage\":\"es\"},{\"@type\":\"WebPage\",\"@id\":\"https:\\\/\\\/sarmiento24h.com\\\/?p=151484\",\"url\":\"https:\\\/\\\/sarmiento24h.com\\\/?p=151484\",\"name\":\"Ministerio P\u00fablico solicita prisi\u00f3n preventiva contra padre de ni\u00f1a hallada sin vida en una ca\u00f1ada de Los Girasoles - Sarmiento24h\",\"isPartOf\":{\"@id\":\"https:\\\/\\\/sarmiento24h.com\\\/#website\"},\"primaryImageOfPage\":{\"@id\":\"https:\\\/\\\/sarmiento24h.com\\\/?p=151484#primaryimage\"},\"image\":{\"@id\":\"https:\\\/\\\/sarmiento24h.com\\\/?p=151484#primaryimage\"},\"thumbnailUrl\":\"https:\\\/\\\/sarmiento24h.com\\\/wp-content\\\/uploads\\\/2026\\\/04\\\/ministerio-publico-solicita-prision-preventiva-contra-padre-de-nina-hallada-sin-vida-en-una-canada-de-los-girasoles.jpg\",\"datePublished\":\"2026-04-25T00:48:52+00:00\",\"breadcrumb\":{\"@id\":\"https:\\\/\\\/sarmiento24h.com\\\/?p=151484#breadcrumb\"},\"inLanguage\":\"es\",\"potentialAction\":[{\"@type\":\"ReadAction\",\"target\":[\"https:\\\/\\\/sarmiento24h.com\\\/?p=151484\"]}]},{\"@type\":\"ImageObject\",\"inLanguage\":\"es\",\"@id\":\"https:\\\/\\\/sarmiento24h.com\\\/?p=151484#primaryimage\",\"url\":\"https:\\\/\\\/sarmiento24h.com\\\/wp-content\\\/uploads\\\/2026\\\/04\\\/ministerio-publico-solicita-prision-preventiva-contra-padre-de-nina-hallada-sin-vida-en-una-canada-de-los-girasoles.jpg\",\"contentUrl\":\"https:\\\/\\\/sarmiento24h.com\\\/wp-content\\\/uploads\\\/2026\\\/04\\\/ministerio-publico-solicita-prision-preventiva-contra-padre-de-nina-hallada-sin-vida-en-una-canada-de-los-girasoles.jpg\",\"width\":1200,\"height\":675},{\"@type\":\"BreadcrumbList\",\"@id\":\"https:\\\/\\\/sarmiento24h.com\\\/?p=151484#breadcrumb\",\"itemListElement\":[{\"@type\":\"ListItem\",\"position\":1,\"name\":\"Home\",\"item\":\"https:\\\/\\\/sarmiento24h.com\\\/\"},{\"@type\":\"ListItem\",\"position\":2,\"name\":\"Ministerio P\u00fablico solicita prisi\u00f3n preventiva contra padre de ni\u00f1a hallada sin vida en una ca\u00f1ada de Los Girasoles\"}]},{\"@type\":\"WebSite\",\"@id\":\"https:\\\/\\\/sarmiento24h.com\\\/#website\",\"url\":\"https:\\\/\\\/sarmiento24h.com\\\/\",\"name\":\"Sarmiento24h\",\"description\":\"\",\"publisher\":{\"@id\":\"https:\\\/\\\/sarmiento24h.com\\\/#organization\"},\"potentialAction\":[{\"@type\":\"SearchAction\",\"target\":{\"@type\":\"EntryPoint\",\"urlTemplate\":\"https:\\\/\\\/sarmiento24h.com\\\/?s={search_term_string}\"},\"query-input\":{\"@type\":\"PropertyValueSpecification\",\"valueRequired\":true,\"valueName\":\"search_term_string\"}}],\"inLanguage\":\"es\"},{\"@type\":\"Organization\",\"@id\":\"https:\\\/\\\/sarmiento24h.com\\\/#organization\",\"name\":\"Sarmiento24h\",\"url\":\"https:\\\/\\\/sarmiento24h.com\\\/\",\"logo\":{\"@type\":\"ImageObject\",\"inLanguage\":\"es\",\"@id\":\"https:\\\/\\\/sarmiento24h.com\\\/#\\\/schema\\\/logo\\\/image\\\/\",\"url\":\"https:\\\/\\\/sarmiento24h.com\\\/wp-content\\\/uploads\\\/2025\\\/12\\\/AddText_12-16-10.30.52.jpg\",\"contentUrl\":\"https:\\\/\\\/sarmiento24h.com\\\/wp-content\\\/uploads\\\/2025\\\/12\\\/AddText_12-16-10.30.52.jpg\",\"width\":1220,\"height\":324,\"caption\":\"Sarmiento24h\"},\"image\":{\"@id\":\"https:\\\/\\\/sarmiento24h.com\\\/#\\\/schema\\\/logo\\\/image\\\/\"},\"sameAs\":[\"https:\\\/\\\/facebook.com\\\/s24hnoticias\",\"https:\\\/\\\/x.com\\\/sarmiento24h\"]},{\"@type\":\"Person\",\"@id\":\"https:\\\/\\\/sarmiento24h.com\\\/#\\\/schema\\\/person\\\/d653a59725ad629a7e0429af7b939d4d\",\"name\":\"sarmiento24h@gmail.com\",\"image\":{\"@type\":\"ImageObject\",\"inLanguage\":\"es\",\"@id\":\"https:\\\/\\\/sarmiento24h.com\\\/wp-content\\\/litespeed\\\/avatar\\\/d02cbc4e23c747e6659cd45907173c8f.jpg?ver=1776552964\",\"url\":\"https:\\\/\\\/sarmiento24h.com\\\/wp-content\\\/litespeed\\\/avatar\\\/d02cbc4e23c747e6659cd45907173c8f.jpg?ver=1776552964\",\"contentUrl\":\"https:\\\/\\\/sarmiento24h.com\\\/wp-content\\\/litespeed\\\/avatar\\\/d02cbc4e23c747e6659cd45907173c8f.jpg?ver=1776552964\",\"caption\":\"sarmiento24h@gmail.com\"},\"sameAs\":[\"https:\\\/\\\/sarmiento24h.com\"],\"url\":\"https:\\\/\\\/sarmiento24h.com\\\/?author=1\"}]}<\/script>\n<!-- \/ Yoast SEO plugin. -->","yoast_head_json":{"title":"Ministerio P\u00fablico solicita prisi\u00f3n preventiva contra padre de ni\u00f1a hallada sin vida en una ca\u00f1ada de Los Girasoles - Sarmiento24h","robots":{"index":"index","follow":"follow","max-snippet":"max-snippet:-1","max-image-preview":"max-image-preview:large","max-video-preview":"max-video-preview:-1"},"canonical":"https:\/\/sarmiento24h.com\/?p=151484","og_locale":"es_ES","og_type":"article","og_title":"Ministerio P\u00fablico solicita prisi\u00f3n preventiva contra padre de ni\u00f1a hallada sin vida en una ca\u00f1ada de Los Girasoles - Sarmiento24h","og_description":"El Ministerio P\u00fablico solicit\u00f3 a la Oficina&#46;&#46;&#46;","og_url":"https:\/\/sarmiento24h.com\/?p=151484","og_site_name":"Sarmiento24h","article_publisher":"https:\/\/facebook.com\/s24hnoticias","article_published_time":"2026-04-25T00:48:52+00:00","og_image":[{"url":"https:\/\/multimedia.noticiassin.com\/wp-content\/uploads\/2026\/04\/detienen-al-padre-de-la-nina-hallada-muerta-en-los-girasoles-20260423-162739-6Wgf-1200x675.jpg","type":"","width":"","height":""}],"author":"sarmiento24h@gmail.com","twitter_card":"summary_large_image","twitter_creator":"@sarmiento24h","twitter_site":"@sarmiento24h","twitter_misc":{"Escrito por":"sarmiento24h@gmail.com","Tiempo de lectura":"2 minutos"},"schema":{"@context":"https:\/\/schema.org","@graph":[{"@type":"Article","@id":"https:\/\/sarmiento24h.com\/?p=151484#article","isPartOf":{"@id":"https:\/\/sarmiento24h.com\/?p=151484"},"author":{"name":"sarmiento24h@gmail.com","@id":"https:\/\/sarmiento24h.com\/#\/schema\/person\/d653a59725ad629a7e0429af7b939d4d"},"headline":"Ministerio P\u00fablico solicita prisi\u00f3n preventiva contra padre de ni\u00f1a hallada sin vida en una ca\u00f1ada de Los Girasoles","datePublished":"2026-04-25T00:48:52+00:00","mainEntityOfPage":{"@id":"https:\/\/sarmiento24h.com\/?p=151484"},"wordCount":356,"publisher":{"@id":"https:\/\/sarmiento24h.com\/#organization"},"image":{"@id":"https:\/\/sarmiento24h.com\/?p=151484#primaryimage"},"thumbnailUrl":"https:\/\/sarmiento24h.com\/wp-content\/uploads\/2026\/04\/ministerio-publico-solicita-prision-preventiva-contra-padre-de-nina-hallada-sin-vida-en-una-canada-de-los-girasoles.jpg","articleSection":["Nacionales"],"inLanguage":"es"},{"@type":"WebPage","@id":"https:\/\/sarmiento24h.com\/?p=151484","url":"https:\/\/sarmiento24h.com\/?p=151484","name":"Ministerio P\u00fablico solicita prisi\u00f3n preventiva contra padre de ni\u00f1a hallada sin vida en una ca\u00f1ada de Los Girasoles - Sarmiento24h","isPartOf":{"@id":"https:\/\/sarmiento24h.com\/#website"},"primaryImageOfPage":{"@id":"https:\/\/sarmiento24h.com\/?p=151484#primaryimage"},"image":{"@id":"https:\/\/sarmiento24h.com\/?p=151484#primaryimage"},"thumbnailUrl":"https:\/\/sarmiento24h.com\/wp-content\/uploads\/2026\/04\/ministerio-publico-solicita-prision-preventiva-contra-padre-de-nina-hallada-sin-vida-en-una-canada-de-los-girasoles.jpg","datePublished":"2026-04-25T00:48:52+00:00","breadcrumb":{"@id":"https:\/\/sarmiento24h.com\/?p=151484#breadcrumb"},"inLanguage":"es","potentialAction":[{"@type":"ReadAction","target":["https:\/\/sarmiento24h.com\/?p=151484"]}]},{"@type":"ImageObject","inLanguage":"es","@id":"https:\/\/sarmiento24h.com\/?p=151484#primaryimage","url":"https:\/\/sarmiento24h.com\/wp-content\/uploads\/2026\/04\/ministerio-publico-solicita-prision-preventiva-contra-padre-de-nina-hallada-sin-vida-en-una-canada-de-los-girasoles.jpg","contentUrl":"https:\/\/sarmiento24h.com\/wp-content\/uploads\/2026\/04\/ministerio-publico-solicita-prision-preventiva-contra-padre-de-nina-hallada-sin-vida-en-una-canada-de-los-girasoles.jpg","width":1200,"height":675},{"@type":"BreadcrumbList","@id":"https:\/\/sarmiento24h.com\/?p=151484#breadcrumb","itemListElement":[{"@type":"ListItem","position":1,"name":"Home","item":"https:\/\/sarmiento24h.com\/"},{"@type":"ListItem","position":2,"name":"Ministerio P\u00fablico solicita prisi\u00f3n preventiva contra padre de ni\u00f1a hallada sin vida en una ca\u00f1ada de Los Girasoles"}]},{"@type":"WebSite","@id":"https:\/\/sarmiento24h.com\/#website","url":"https:\/\/sarmiento24h.com\/","name":"Sarmiento24h","description":"","publisher":{"@id":"https:\/\/sarmiento24h.com\/#organization"},"potentialAction":[{"@type":"SearchAction","target":{"@type":"EntryPoint","urlTemplate":"https:\/\/sarmiento24h.com\/?s={search_term_string}"},"query-input":{"@type":"PropertyValueSpecification","valueRequired":true,"valueName":"search_term_string"}}],"inLanguage":"es"},{"@type":"Organization","@id":"https:\/\/sarmiento24h.com\/#organization","name":"Sarmiento24h","url":"https:\/\/sarmiento24h.com\/","logo":{"@type":"ImageObject","inLanguage":"es","@id":"https:\/\/sarmiento24h.com\/#\/schema\/logo\/image\/","url":"https:\/\/sarmiento24h.com\/wp-content\/uploads\/2025\/12\/AddText_12-16-10.30.52.jpg","contentUrl":"https:\/\/sarmiento24h.com\/wp-content\/uploads\/2025\/12\/AddText_12-16-10.30.52.jpg","width":1220,"height":324,"caption":"Sarmiento24h"},"image":{"@id":"https:\/\/sarmiento24h.com\/#\/schema\/logo\/image\/"},"sameAs":["https:\/\/facebook.com\/s24hnoticias","https:\/\/x.com\/sarmiento24h"]},{"@type":"Person","@id":"https:\/\/sarmiento24h.com\/#\/schema\/person\/d653a59725ad629a7e0429af7b939d4d","name":"sarmiento24h@gmail.com","image":{"@type":"ImageObject","inLanguage":"es","@id":"https:\/\/sarmiento24h.com\/wp-content\/litespeed\/avatar\/d02cbc4e23c747e6659cd45907173c8f.jpg?ver=1776552964","url":"https:\/\/sarmiento24h.com\/wp-content\/litespeed\/avatar\/d02cbc4e23c747e6659cd45907173c8f.jpg?ver=1776552964","contentUrl":"https:\/\/sarmiento24h.com\/wp-content\/litespeed\/avatar\/d02cbc4e23c747e6659cd45907173c8f.jpg?ver=1776552964","caption":"sarmiento24h@gmail.com"},"sameAs":["https:\/\/sarmiento24h.com"],"url":"https:\/\/sarmiento24h.com\/?author=1"}]}},"jetpack_publicize_connections":[],"jetpack_featured_media_url":"https:\/\/sarmiento24h.com\/wp-content\/uploads\/2026\/04\/ministerio-publico-solicita-prision-preventiva-contra-padre-de-nina-hallada-sin-vida-en-una-canada-de-los-girasoles.jpg","jetpack_sharing_enabled":true,"_links":{"self":[{"href":"https:\/\/sarmiento24h.com\/index.php?rest_route=\/wp\/v2\/posts\/151484","targetHints":{"allow":["GET"]}}],"collection":[{"href":"https:\/\/sarmiento24h.com\/index.php?rest_route=\/wp\/v2\/posts"}],"about":[{"href":"https:\/\/sarmiento24h.com\/index.php?rest_route=\/wp\/v2\/types\/post"}],"author":[{"embeddable":true,"href":"https:\/\/sarmiento24h.com\/index.php?rest_route=\/wp\/v2\/users\/1"}],"replies":[{"embeddable":true,"href":"https:\/\/sarmiento24h.com\/index.php?rest_route=%2Fwp%2Fv2%2Fcomments&post=151484"}],"version-history":[{"count":0,"href":"https:\/\/sarmiento24h.com\/index.php?rest_route=\/wp\/v2\/posts\/151484\/revisions"}],"wp:featuredmedia":[{"embeddable":true,"href":"https:\/\/sarmiento24h.com\/index.php?rest_route=\/wp\/v2\/media\/151485"}],"wp:attachment":[{"href":"https:\/\/sarmiento24h.com\/index.php?rest_route=%2Fwp%2Fv2%2Fmedia&parent=151484"}],"wp:term":[{"taxonomy":"category","embeddable":true,"href":"https:\/\/sarmiento24h.com\/index.php?rest_route=%2Fwp%2Fv2%2Fcategories&post=151484"},{"taxonomy":"post_tag","embeddable":true,"href":"https:\/\/sarmiento24h.com\/index.php?rest_route=%2Fwp%2Fv2%2Ftags&post=151484"}],"curies":[{"name":"wp","href":"https:\/\/api.w.org\/{rel}","templated":true}]}}