{"id":151587,"date":"2026-04-25T01:57:36","date_gmt":"2026-04-25T01:57:36","guid":{"rendered":"http:\/\/a140b6d6-403a-11f1-806d-8f8dfad24f57"},"modified":"2026-04-25T01:57:36","modified_gmt":"2026-04-25T01:57:36","slug":"como-opera-la-linea-amarilla-de-israel-la-nueva-frontera-de-facto-en-el-sur-de-libano","status":"publish","type":"post","link":"https:\/\/sarmiento24h.com\/?p=151587","title":{"rendered":"\u00bfC\u00f3mo opera la \u201cl\u00ednea amarilla\u201d de Israel?: la nueva frontera de facto en el sur de L\u00edbano"},"content":{"rendered":"\n<p>Mientras el <a href=\"https:\/\/www.france24.com\/es\/minuto-a-minuto\/20260417-el-ej\u00e9rcito-de-l\u00edbano-denuncia-ataques-de-israel-tras-la-entrada-en-vigor-del-alto-el-fuego\" target=\"_self\">alto el fuego entre Israel y el Gobierno de L\u00edbano <\/a>se ha ampliado ya a 20 d\u00edas, las <a href=\"https:\/\/www.france24.com\/es\/medio-oriente\/20260423-la-sombra-del-pacto-fallido-de-1983-gravita-en-las-nuevas-conversaciones-entre-israel-y-el-l\u00edbano\" target=\"_self\">conversaciones celebradas en Washington<\/a> dejan un marco a\u00fan incierto. Pero, en el terreno, el grupo chiita<a href=\"https:\/\/www.france24.com\/es\/ee-uu-y-canad\u00e1\/20260423-l\u00edbano-se-re\u00fane-con-israel-en-washington-para-solicitar-la-pr\u00f3rroga-de-la-tregua\" target=\"_self\"> Hezbol\u00e1&nbsp;e Israel<\/a> mantienen la guerra abierta.&nbsp;<\/p>\n<p>Hezbol\u00e1&nbsp;reitera su llamado a <a href=\"https:\/\/www.france24.com\/es\/programas\/corresponsales\/20260423-l\u00edbano-la-ayuda-comunitaria-sostiene-una-crisis-humanitaria-al-l\u00edmite\" target=\"_self\">los desplazados del sur <\/a>a que no regresen todav\u00eda a sus hogares, mientras Israel contin\u00faa con la destrucci\u00f3n de localidades fronterizas. Dos din\u00e1micas opuestas que acaban produciendo un mismo efecto: debilitar la capacidad del Estado liban\u00e9s para encauzar una salida pol\u00edtica propia.&nbsp;<\/p>\n<p><strong>El pa\u00eds queda as\u00ed atrapado entre un actor externo que cuestiona su soberan\u00eda y un actor interno armado<\/strong> que depende de su fragilidad.&nbsp;<\/p>\n<div class=\"m-em-image\">\n<figure class=\"m-item-image m-item-image--original m-item-image--has-caption\"> <picture class=\"a-picture a-picture--original\"><source type=\"image\/webp\" srcset=\"https:\/\/s.france24.com\/media\/display\/6fffcdc2-403b-11f1-b2dc-005056bf30b7\/w:246\/2026-04-24T141906Z-510527037-RC2NVKA3E2EM-RTRMADP-3-IRAN-CRISIS-LEBANON-ISRAEL.webp 246w, https:\/\/s.france24.com\/media\/display\/6fffcdc2-403b-11f1-b2dc-005056bf30b7\/w:388\/2026-04-24T141906Z-510527037-RC2NVKA3E2EM-RTRMADP-3-IRAN-CRISIS-LEBANON-ISRAEL.webp 388w, https:\/\/s.france24.com\/media\/display\/6fffcdc2-403b-11f1-b2dc-005056bf30b7\/w:720\/2026-04-24T141906Z-510527037-RC2NVKA3E2EM-RTRMADP-3-IRAN-CRISIS-LEBANON-ISRAEL.webp 720w, https:\/\/s.france24.com\/media\/display\/6fffcdc2-403b-11f1-b2dc-005056bf30b7\/w:980\/2026-04-24T141906Z-510527037-RC2NVKA3E2EM-RTRMADP-3-IRAN-CRISIS-LEBANON-ISRAEL.webp 980w\" sizes=\"(max-width: 1023px) calc(100vw - 32px), (min-width: 1024px) 850px\"><img fetchpriority=\"low\" decoding=\"async\" src=\"https:\/\/s.france24.com\/media\/display\/6fffcdc2-403b-11f1-b2dc-005056bf30b7\/w:980\/2026-04-24T141906Z-510527037-RC2NVKA3E2EM-RTRMADP-3-IRAN-CRISIS-LEBANON-ISRAEL.jpg\" srcset=\"https:\/\/s.france24.com\/media\/display\/6fffcdc2-403b-11f1-b2dc-005056bf30b7\/w:246\/2026-04-24T141906Z-510527037-RC2NVKA3E2EM-RTRMADP-3-IRAN-CRISIS-LEBANON-ISRAEL.jpg 246w, https:\/\/s.france24.com\/media\/display\/6fffcdc2-403b-11f1-b2dc-005056bf30b7\/w:388\/2026-04-24T141906Z-510527037-RC2NVKA3E2EM-RTRMADP-3-IRAN-CRISIS-LEBANON-ISRAEL.jpg 388w, https:\/\/s.france24.com\/media\/display\/6fffcdc2-403b-11f1-b2dc-005056bf30b7\/w:720\/2026-04-24T141906Z-510527037-RC2NVKA3E2EM-RTRMADP-3-IRAN-CRISIS-LEBANON-ISRAEL.jpg 720w, https:\/\/s.france24.com\/media\/display\/6fffcdc2-403b-11f1-b2dc-005056bf30b7\/w:980\/2026-04-24T141906Z-510527037-RC2NVKA3E2EM-RTRMADP-3-IRAN-CRISIS-LEBANON-ISRAEL.jpg 980w\" sizes=\"(max-width: 1023px) calc(100vw - 32px), (min-width: 1024px) 850px\" alt=\"Una mujer con ni\u00f1os se sienta junto a tiendas de campa\u00f1a en el patio de una escuela utilizada como refugio temporal para personas desplazadas, en Beirut, L\u00edbano, 24 de abril de 2026.\" loading=\"lazy\" class=\"a-img \">\n<\/picture><figcaption class=\"a-figcaption\"> <span>Una mujer con ni\u00f1os se sienta junto a tiendas de campa\u00f1a en el patio de una escuela utilizada como refugio temporal para personas desplazadas, en Beirut, L\u00edbano, 24 de abril de 2026.<\/span> <span>\u00a9 Reuters<\/span> <\/figcaption><\/figure>\n<\/p><\/div>\n<p>En este contexto, lo que se est\u00e1 configurando en el sur no es solo una continuaci\u00f3n del conflicto, sino una redefinici\u00f3n de facto del espacio. La destrucci\u00f3n de \u00e1reas de mayor\u00eda chi\u00ed y la imposibilidad de retorno est\u00e1n dibujando una zona intermedia, no formalizada pero operativa, <a href=\"https:\/\/www.france24.com\/es\/programas\/migrantes\/20260414-sin-salida-en-l\u00edbano-desplazados-huyen-bajo-las-bombas-de-israel\" target=\"_self\">donde se decide qui\u00e9n puede volver y&nbsp;bajo qu\u00e9 condiciones.&nbsp;<\/a><\/p>\n<p>Es ah\u00ed donde emerge la llamada \u201cl\u00ednea amarilla\u201d: un trazado no reconocido oficialmente, ausente de cualquier acuerdo, pero que empieza a funcionar como referencia impl\u00edcita sobre el terreno. Una frontera de facto que organiza los desplazamientos, los retornos y la propia arquitectura de la destrucci\u00f3n.&nbsp;<\/p>\n<p>Y como ocurre a menudo en esta regi\u00f3n, lo que se presenta como provisional tiende a asentarse.&nbsp;<\/p>\n<p class=\"a-read-more\"><span class=\"a-read-more__label\">Leer tambi\u00e9n<\/span><a href=\"https:\/\/www.france24.com\/es\/ee-uu-y-canad\u00e1\/20260423-l\u00edbano-se-re\u00fane-con-israel-en-washington-para-solicitar-la-pr\u00f3rroga-de-la-tregua\" target=\"_self\" class=\"a-read-more__link\">Israel y el L\u00edbano extienden la tregua tres semanas; la tensi\u00f3n en Ormuz se dispara bajo la amenaza de Trump<\/a><\/p>\n<h2><strong>La amenaza de la \u00abl\u00ednea amarilla\u00bb<\/strong><\/h2>\n<p>Entre la frontera israel\u00ed y las primeras colinas del sur liban\u00e9s, el espacio ha cambiado. <a href=\"https:\/\/www.france24.com\/es\/programas\/en-contexto\/20260422-las-flexibles-l\u00edneas-amarillas-de-ocupaci\u00f3n-israel\u00ed-en-l\u00edbano-y-gaza\" target=\"_self\">Pueblos enteros est\u00e1n hoy vac\u00edos o parcialmente destruidos<\/a>, las carreteras cortadas, los accesos prohibidos. La l\u00ednea no aparece en los mapas oficiales, pero ya estructura la geograf\u00eda del conflicto.&nbsp;<\/p>\n<div class=\"em-video-wrapper m-em-video\" data-media-video-wbmz386560-f24-es-20260425 data-wrapper-video-player data-show-hidden-video-player=\"WBMZ386560-F24-ES-20260425\" data-youtube-script>\n<div class=\"m-em-video__video\">\n<div class=\"o-em-consent \" readability=\"7\">\n<div class=\"o-em-consent__content\" readability=\"34\">\n<p class=\"o-em-consent__content__text\">Para mostrar este contenido de YouTube, debe autorizar las cookies de medici\u00f3n de audiencia y publicidad.<\/p>\n<p> <button class=\"a-master-button a-master-button--dark\" data-action=\"accept\"> Aceptar <svg class=\"a-svg a-svg--icon-check\"> <use xlink:href=\"\/build\/images\/svg\/sprite.c98bf387c90bc4a87186b0b783f15ba0.svg#icon-check\" href=\"\/build\/images\/svg\/sprite.c98bf387c90bc4a87186b0b783f15ba0.svg#icon-check\" \/> <\/svg> <\/button> <button class=\"a-link\" data-action=\"manage\">Gestionar mis opciones<i class=\"a-svg a-svg--icon-edit\"><\/i><\/button> <\/div>\n<\/div>\n<div class=\"o-em-adblock\" data-adblock-content readability=\"7\">\n<div class=\"o-em-adblock__content\" readability=\"34\">\n<p class=\"o-em-adblock__content__text\">Una extensi\u00f3n de tu navegador parece estar bloqueando la carga del reproductor de video. Para poder ver este contenido, debes desactivarla en este sitio.<\/p>\n<p> <button class=\"a-master-button a-master-button--dark\" data-action=\"reload\">Reintentar<\/button> <\/div>\n<\/div>\n<figure class=\"m-item-image m-item-image--16x9 m-item-image--has-caption\"> <picture class=\"a-picture a-picture--16x9\"><source type=\"image\/webp\" srcset=\"https:\/\/s.france24.com\/media\/display\/9794af90-7f8c-11ef-97c2-005056a90284\/w:388\/p:16x9\/ES_20241001_013400_013601_CS.webp 388w, https:\/\/s.france24.com\/media\/display\/9794af90-7f8c-11ef-97c2-005056a90284\/w:720\/p:16x9\/ES_20241001_013400_013601_CS.webp 720w, https:\/\/s.france24.com\/media\/display\/9794af90-7f8c-11ef-97c2-005056a90284\/w:1024\/p:16x9\/ES_20241001_013400_013601_CS.webp 1024w\" sizes=\"(max-width: 639px) calc(100vw - 32px), (max-width: 1076px) calc(100vw - 44px), 850px\"><img fetchpriority=\"low\" decoding=\"async\" src=\"https:\/\/s.france24.com\/media\/display\/9794af90-7f8c-11ef-97c2-005056a90284\/w:1024\/p:16x9\/ES_20241001_013400_013601_CS.jpg\" srcset=\"https:\/\/s.france24.com\/media\/display\/9794af90-7f8c-11ef-97c2-005056a90284\/w:388\/p:16x9\/ES_20241001_013400_013601_CS.jpg 388w, https:\/\/s.france24.com\/media\/display\/9794af90-7f8c-11ef-97c2-005056a90284\/w:720\/p:16x9\/ES_20241001_013400_013601_CS.jpg 720w, https:\/\/s.france24.com\/media\/display\/9794af90-7f8c-11ef-97c2-005056a90284\/w:1024\/p:16x9\/ES_20241001_013400_013601_CS.jpg 1024w\" sizes=\"auto, (max-width: 639px) calc(100vw - 32px), (max-width: 1076px) calc(100vw - 44px), 850px\" width=\"1024\" height=\"576\" alt loading=\"lazy\" class=\"a-img \">\n<\/picture><figcaption class=\"a-figcaption\"> <span>\u00a9 France 24<\/span> <\/figcaption><\/figure>\n<\/p><\/div>\n<\/p><\/div>\n<p>Es unilateral.<strong> Seg\u00fan varias fuentes militares libanesas, se adentra entre cinco y ocho kil\u00f3metros en territorio liban\u00e9s,<\/strong> con avances mayores en algunos puntos. Abarcar\u00eda unos 500 km\u00b2 y afectar\u00eda a una cincuentena de localidades. Parte de esos pueblos es hoy inhabitable.&nbsp;<\/p>\n<blockquote class=\"quote\" readability=\"9\">\n<p>\u201cNo es una l\u00ednea temporal, es una forma de controlar el terreno a largo plazo\u201d, explica Abdel&nbsp;Salam&nbsp;Ahmad, del Centro de Estudios Estrat\u00e9gicos de Beirut.&nbsp;<\/p>\n<\/blockquote>\n<p>Desde la retirada israel\u00ed de 2000, la llamada<a href=\"https:\/\/www.france24.com\/es\/video\/20241001-qu\u00e9-es-la-l\u00ednea-azul-la-frontera-de-facto-entre-israel-y-l\u00edbano-establecida-por-la-onu\" target=\"_self\"> L\u00ednea Azul serv\u00eda como referencia. <\/a>La \u201cl\u00ednea amarilla\u201d, en cambio, no tiene estatus. Se superpone, la desborda en algunos tramos y redefine de facto la zona fronteriza.&nbsp;<\/p>\n<div class=\"m-em-image\">\n<figure class=\"m-item-image m-item-image--original m-item-image--has-caption\"> <picture class=\"a-picture a-picture--original\"><source type=\"image\/webp\" srcset=\"https:\/\/s.france24.com\/media\/display\/861186c6-3e80-11f1-b95e-005056a90284\/w:246\/LIBANO-LINEA-AMARILLA.webp 246w, https:\/\/s.france24.com\/media\/display\/861186c6-3e80-11f1-b95e-005056a90284\/w:388\/LIBANO-LINEA-AMARILLA.webp 388w, https:\/\/s.france24.com\/media\/display\/861186c6-3e80-11f1-b95e-005056a90284\/w:720\/LIBANO-LINEA-AMARILLA.webp 720w, https:\/\/s.france24.com\/media\/display\/861186c6-3e80-11f1-b95e-005056a90284\/w:980\/LIBANO-LINEA-AMARILLA.webp 980w\" sizes=\"(max-width: 1023px) calc(100vw - 32px), (min-width: 1024px) 850px\"><img fetchpriority=\"low\" decoding=\"async\" src=\"https:\/\/s.france24.com\/media\/display\/861186c6-3e80-11f1-b95e-005056a90284\/w:980\/LIBANO-LINEA-AMARILLA.png\" srcset=\"https:\/\/s.france24.com\/media\/display\/861186c6-3e80-11f1-b95e-005056a90284\/w:246\/LIBANO-LINEA-AMARILLA.png 246w, https:\/\/s.france24.com\/media\/display\/861186c6-3e80-11f1-b95e-005056a90284\/w:388\/LIBANO-LINEA-AMARILLA.png 388w, https:\/\/s.france24.com\/media\/display\/861186c6-3e80-11f1-b95e-005056a90284\/w:720\/LIBANO-LINEA-AMARILLA.png 720w, https:\/\/s.france24.com\/media\/display\/861186c6-3e80-11f1-b95e-005056a90284\/w:980\/LIBANO-LINEA-AMARILLA.png 980w\" sizes=\"(max-width: 1023px) calc(100vw - 32px), (min-width: 1024px) 850px\" alt=\"La \u201cl\u00ednea amarilla\u201d no tiene estatus. Se superpone, la desborda en algunos tramos y redefine de facto la zona fronteriza de L\u00edbano e Israel.\" loading=\"lazy\" class=\"a-img \">\n<\/picture><figcaption class=\"a-figcaption\"> <span>La \u201cl\u00ednea amarilla\u201d no tiene estatus. Se superpone, la desborda en algunos tramos y redefine de facto la zona fronteriza de L\u00edbano e Israel.<\/span> <span>\u00a9 France 24 Espa\u00f1ol<\/span> <\/figcaption><\/figure>\n<\/p><\/div>\n<p>Para entender su l\u00f3gica <strong>hay que mirar el relieve. La progresi\u00f3n no sigue un trazado recto<\/strong>. Se apoya en las alturas, en los puntos dominantes. De oeste a este, las posiciones israel\u00edes se encadenan a lo largo de las colinas, desde la costa hasta las estribaciones de&nbsp;Kfarchouba.<\/p>\n<blockquote class=\"quote\" readability=\"6\">\n<p>\u00abEs un espacio donde la vida civil deja de ser posible\u00bb, a\u00f1ade Abdel&nbsp;Salam.&nbsp;<\/p>\n<\/blockquote>\n<p>Entre esos puntos, las zonas intermedias han sido en gran parte arrasadas. \u201cAvanzan por las colinas. Entre las posiciones, destruyen, resume el coronel retirado George el Khoury. El resultado es un espacio vac\u00edo. En esa franja, el retorno de los habitantes est\u00e1 en gran medida impedido. La destrucci\u00f3n, combinada con las restricciones de acceso, ha transformado zonas enteras en un&nbsp;\u201cno&nbsp;man\u2019s&nbsp;land\u201d. \u00abEs un espacio donde la vida civil deja de ser posible\u00bb, a\u00f1ade Abdel&nbsp;Salam.&nbsp;<\/p>\n<p class=\"a-read-more\"><span class=\"a-read-more__label\">Leer tambi\u00e9n<\/span><a href=\"https:\/\/www.france24.com\/es\/programas\/corresponsales\/20260423-l\u00edbano-la-ayuda-comunitaria-sostiene-una-crisis-humanitaria-al-l\u00edmite\" target=\"_self\" class=\"a-read-more__link\">L\u00edbano: la ayuda comunitaria sostiene una crisis humanitaria al l\u00edmite<\/a><\/p>\n<h2><strong>\u00bfQu\u00e9 hacen L\u00edbano y la ONU?<\/strong><\/h2>\n<p>Sobre el terreno, la<a href=\"https:\/\/www.france24.com\/es\/video\/20260419-cu\u00e1l-es-el-objetivo-de-los-cascos-azules-en-l\u00edbano\" target=\"_self\"> Fuerza Interina de Naciones Unidas en&nbsp;L\u00edbano&nbsp;(FINUL) <\/a>sigue desplegada a lo largo de la L\u00ednea Azul, sin capacidad real para influir en esta nueva configuraci\u00f3n.<\/p>\n<p>El Ej\u00e9rcito liban\u00e9s, que durante el \u00faltimo a\u00f1o mantuvo posiciones en torno a esa l\u00ednea, se ha visto obligado a replegarse m\u00e1s al norte tras el estallido del conflicto y el avance israel\u00ed, quedando de facto al margen de esta nueva franja de control.&nbsp;<\/p>\n<div class=\"em-video-wrapper m-em-video\" data-media-video-wbmz386573-f24-es-20260425 data-wrapper-video-player data-show-hidden-video-player=\"WBMZ386573-F24-ES-20260425\" data-youtube-script>\n<div class=\"m-em-video__video\">\n<div class=\"o-em-consent \" readability=\"7\">\n<div class=\"o-em-consent__content\" readability=\"34\">\n<p class=\"o-em-consent__content__text\">Para mostrar este contenido de YouTube, debe autorizar las cookies de medici\u00f3n de audiencia y publicidad.<\/p>\n<p> <button class=\"a-master-button a-master-button--dark\" data-action=\"accept\"> Aceptar <svg class=\"a-svg a-svg--icon-check\"> <use xlink:href=\"\/build\/images\/svg\/sprite.c98bf387c90bc4a87186b0b783f15ba0.svg#icon-check\" href=\"\/build\/images\/svg\/sprite.c98bf387c90bc4a87186b0b783f15ba0.svg#icon-check\" \/> <\/svg> <\/button> <button class=\"a-link\" data-action=\"manage\">Gestionar mis opciones<i class=\"a-svg a-svg--icon-edit\"><\/i><\/button> <\/div>\n<\/div>\n<div class=\"o-em-adblock\" data-adblock-content readability=\"7\">\n<div class=\"o-em-adblock__content\" readability=\"34\">\n<p class=\"o-em-adblock__content__text\">Una extensi\u00f3n de tu navegador parece estar bloqueando la carga del reproductor de video. Para poder ver este contenido, debes desactivarla en este sitio.<\/p>\n<p> <button class=\"a-master-button a-master-button--dark\" data-action=\"reload\">Reintentar<\/button> <\/div>\n<\/div>\n<figure class=\"m-item-image m-item-image--16x9 m-item-image--has-caption\"> <picture class=\"a-picture a-picture--16x9\"><source type=\"image\/webp\" srcset=\"https:\/\/s.france24.com\/media\/display\/95f4e1c4-3c13-11f1-b077-005056a90284\/w:388\/p:16x9\/ES-20260419-100759-100923-CS.webp 388w, https:\/\/s.france24.com\/media\/display\/95f4e1c4-3c13-11f1-b077-005056a90284\/w:720\/p:16x9\/ES-20260419-100759-100923-CS.webp 720w, https:\/\/s.france24.com\/media\/display\/95f4e1c4-3c13-11f1-b077-005056a90284\/w:1024\/p:16x9\/ES-20260419-100759-100923-CS.webp 1024w\" sizes=\"(max-width: 639px) calc(100vw - 32px), (max-width: 1076px) calc(100vw - 44px), 850px\"><img fetchpriority=\"low\" decoding=\"async\" src=\"https:\/\/s.france24.com\/media\/display\/95f4e1c4-3c13-11f1-b077-005056a90284\/w:1024\/p:16x9\/ES-20260419-100759-100923-CS.jpg\" srcset=\"https:\/\/s.france24.com\/media\/display\/95f4e1c4-3c13-11f1-b077-005056a90284\/w:388\/p:16x9\/ES-20260419-100759-100923-CS.jpg 388w, https:\/\/s.france24.com\/media\/display\/95f4e1c4-3c13-11f1-b077-005056a90284\/w:720\/p:16x9\/ES-20260419-100759-100923-CS.jpg 720w, https:\/\/s.france24.com\/media\/display\/95f4e1c4-3c13-11f1-b077-005056a90284\/w:1024\/p:16x9\/ES-20260419-100759-100923-CS.jpg 1024w\" sizes=\"auto, (max-width: 639px) calc(100vw - 32px), (max-width: 1076px) calc(100vw - 44px), 850px\" width=\"1024\" height=\"576\" alt=\"2026-04-19 15:07 \u00bfCu\u00e1l es el objetivo de los cascos azules en L\u00edbano?\" loading=\"lazy\" class=\"a-img \">\n<\/picture><figcaption class=\"a-figcaption\"> <span>2026-04-19 15:07 \u00bfCu\u00e1l es el objetivo de los cascos azules en L\u00edbano?<\/span> <span>\u00a9 France 24<\/span> <\/figcaption><\/figure>\n<\/p><\/div>\n<\/p><\/div>\n<p>En los \u00faltimos d\u00edas se ha producido un paso m\u00e1s. El Ej\u00e9rcito israel\u00ed ha difundido un mapa que delimita por primera vez los contornos de esta zona, presentada como una \u201cl\u00ednea de defensa avanzada\u201d. El trazado supera la simple franja fronteriza. Incluye decenas de localidades, de&nbsp;Naqoura&nbsp;a Khiam, y se extiende, en algunos puntos, al norte del&nbsp;Litani.&nbsp;<\/p>\n<p>La proyecci\u00f3n no se detiene ah\u00ed. El documento sugiere tambi\u00e9n una extensi\u00f3n hacia el mar, frente a Ras al-Bayada, y hacia el este, en direcci\u00f3n al Antil\u00edbano. Una representaci\u00f3n que apunta menos a una medida puntual que a una voluntad de inscribir esta l\u00ednea en el tiempo.&nbsp;<\/p>\n<blockquote class=\"quote\" readability=\"8\">\n<p>\u201cCuando una l\u00ednea aparece en un mapa, deja de ser provisional\u201d, observa&nbsp;el general retirado George&nbsp;el Khoury.&nbsp;<\/p>\n<\/blockquote>\n<p>Del lado liban\u00e9s, el rechazo es generalizado. El diputado del movimiento&nbsp;Amal, Ali Hassan Khalil, denuncia una destrucci\u00f3n sistem\u00e1tica de pueblos y habla de&nbsp;\u201ccrimen de guerra\u201d. Acusa a Israel de violar a diario la tregua para imponer una nueva realidad sobre el terreno.&nbsp;<\/p>\n<p class=\"a-read-more\"><span class=\"a-read-more__label\">Leer tambi\u00e9n<\/span><a href=\"https:\/\/www.france24.com\/es\/video\/20260419-cu\u00e1l-es-el-objetivo-de-los-cascos-azules-en-l\u00edbano\" target=\"_self\" class=\"a-read-more__link\">\u00bfCu\u00e1l es el objetivo de los cascos azules en L\u00edbano?<\/a><\/p>\n<h2><strong>Hezbol\u00e1 busca resistencia<\/strong><\/h2>\n<p>En<a href=\"https:\/\/www.france24.com\/es\/tag\/hezbol\u00e1\/\" target=\"_self\">&nbsp;Hezbol\u00e1,<\/a>&nbsp;el movimiento chi\u00ed liban\u00e9s, enemigo de Israel y apoyado por Ir\u00e1n, que es a la vez un grupo militante y partido pol\u00edtico y mantiene una fuerte presencia militar en el sur del L\u00edbano. el discurso es igualmente claro.<\/p>\n<p>El diputado Hassan&nbsp;Fadlallah&nbsp;afirma que su formaci\u00f3n apoya la continuaci\u00f3n de la tregua, pero exige la retirada completa de las fuerzas israel\u00edes. Advierte, adem\u00e1s, que esta \u00abl\u00ednea amarilla\u00bb ser\u00e1 \u00abrota\u00bb por la resistencia, rechazando cualquier intento de consolidarla sobre el terreno.&nbsp;&nbsp;<\/p>\n<div class=\"em-video-wrapper m-em-video\" data-media-video-wbmz386577-f24-es-20260425 data-wrapper-video-player data-show-hidden-video-player=\"WBMZ386577-F24-ES-20260425\" data-youtube-script>\n<div class=\"m-em-video__video\">\n<div class=\"o-em-consent \" readability=\"7\">\n<div class=\"o-em-consent__content\" readability=\"34\">\n<p class=\"o-em-consent__content__text\">Para mostrar este contenido de YouTube, debe autorizar las cookies de medici\u00f3n de audiencia y publicidad.<\/p>\n<p> <button class=\"a-master-button a-master-button--dark\" data-action=\"accept\"> Aceptar <svg class=\"a-svg a-svg--icon-check\"> <use xlink:href=\"\/build\/images\/svg\/sprite.c98bf387c90bc4a87186b0b783f15ba0.svg#icon-check\" href=\"\/build\/images\/svg\/sprite.c98bf387c90bc4a87186b0b783f15ba0.svg#icon-check\" \/> <\/svg> <\/button> <button class=\"a-link\" data-action=\"manage\">Gestionar mis opciones<i class=\"a-svg a-svg--icon-edit\"><\/i><\/button> <\/div>\n<\/div>\n<div class=\"o-em-adblock\" data-adblock-content readability=\"7\">\n<div class=\"o-em-adblock__content\" readability=\"34\">\n<p class=\"o-em-adblock__content__text\">Una extensi\u00f3n de tu navegador parece estar bloqueando la carga del reproductor de video. Para poder ver este contenido, debes desactivarla en este sitio.<\/p>\n<p> <button class=\"a-master-button a-master-button--dark\" data-action=\"reload\">Reintentar<\/button> <\/div>\n<\/div>\n<figure class=\"m-item-image m-item-image--16x9 m-item-image--has-caption\"> <picture class=\"a-picture a-picture--16x9\"><source type=\"image\/webp\" srcset=\"https:\/\/s.france24.com\/media\/display\/dcaf4942-3f5b-11f1-9dbe-005056a97e36\/w:388\/p:16x9\/ES-20260423-160525-160729-CS.webp 388w, https:\/\/s.france24.com\/media\/display\/dcaf4942-3f5b-11f1-9dbe-005056a97e36\/w:720\/p:16x9\/ES-20260423-160525-160729-CS.webp 720w, https:\/\/s.france24.com\/media\/display\/dcaf4942-3f5b-11f1-9dbe-005056a97e36\/w:1024\/p:16x9\/ES-20260423-160525-160729-CS.webp 1024w\" sizes=\"(max-width: 639px) calc(100vw - 32px), (max-width: 1076px) calc(100vw - 44px), 850px\"><img fetchpriority=\"low\" decoding=\"async\" src=\"https:\/\/s.france24.com\/media\/display\/dcaf4942-3f5b-11f1-9dbe-005056a97e36\/w:1024\/p:16x9\/ES-20260423-160525-160729-CS.jpg\" srcset=\"https:\/\/s.france24.com\/media\/display\/dcaf4942-3f5b-11f1-9dbe-005056a97e36\/w:388\/p:16x9\/ES-20260423-160525-160729-CS.jpg 388w, https:\/\/s.france24.com\/media\/display\/dcaf4942-3f5b-11f1-9dbe-005056a97e36\/w:720\/p:16x9\/ES-20260423-160525-160729-CS.jpg 720w, https:\/\/s.france24.com\/media\/display\/dcaf4942-3f5b-11f1-9dbe-005056a97e36\/w:1024\/p:16x9\/ES-20260423-160525-160729-CS.jpg 1024w\" sizes=\"auto, (max-width: 639px) calc(100vw - 32px), (max-width: 1076px) calc(100vw - 44px), 850px\" width=\"1024\" height=\"576\" alt loading=\"lazy\" class=\"a-img \">\n<\/picture><figcaption class=\"a-figcaption\"> <span>\u00a9 France 24<\/span> <\/figcaption><\/figure>\n<\/p><\/div>\n<\/p><\/div>\n<p>Este rechazo se extiende tambi\u00e9n al plano diplom\u00e1tico:&nbsp;<a href=\"https:\/\/www.youtube.com\/watch?v=xa8QlGkfY0Y\" target=\"_blank\">Hezbol\u00e1&nbsp;se opone a cualquier negociaci\u00f3n directa con Israel,<\/a> al considerar que podr\u00eda otorgarle legitimidad en un momento en el que, seg\u00fan denuncia, contin\u00faa imponiendo hechos consumados.&nbsp;<\/p>\n<p>Aun as\u00ed, <a href=\"https:\/\/www.france24.com\/es\/medio-oriente\/20260423-ataques-en-l\u00edbano-ponen-a-prueba-la-tregua-en-medio-de-las-conversaciones-beirut-israel-en-ee-uu\" target=\"_self\">el proceso diplom\u00e1tico sigue en marcha en Washington, <\/a>donde se negocia un marco para poner fin a las hostilidades, facilitar la retirada israel\u00ed y permitir el despliegue del Ej\u00e9rcito liban\u00e9s en la frontera reconocida internacionalmente.&nbsp;<\/p>\n<p>Pero <strong>sobre el terreno, la din\u00e1mica ya va por delante. Israel ha ido fijando de facto una \u201cl\u00ednea amarilla\u201d en el sur del L\u00edbano, <\/strong>que delimita zonas de movimiento, retorno y destrucci\u00f3n sin haber sido acordada ni reconocida oficialmente.&nbsp;<\/p>\n<p>En ese contexto, la cronolog\u00eda se invierte: no es la diplomacia la que define los hechos, sino los hechos consumados los que condicionan la negociaci\u00f3n.&nbsp;<\/p>\n<div class=\"m-em-image\">\n<figure class=\"m-item-image m-item-image--original m-item-image--has-caption\"> <picture class=\"a-picture a-picture--original\"><source type=\"image\/webp\" srcset=\"https:\/\/s.france24.com\/media\/display\/5a1c5ef6-3e71-11f1-a045-005056bf30b7\/w:246\/2026-04-18T104431Z-1485530830-RC2IRKAQG7VY-RTRMADP-3-IRAN-CRISIS-LEBANON-ISRAEL.webp 246w, https:\/\/s.france24.com\/media\/display\/5a1c5ef6-3e71-11f1-a045-005056bf30b7\/w:388\/2026-04-18T104431Z-1485530830-RC2IRKAQG7VY-RTRMADP-3-IRAN-CRISIS-LEBANON-ISRAEL.webp 388w, https:\/\/s.france24.com\/media\/display\/5a1c5ef6-3e71-11f1-a045-005056bf30b7\/w:720\/2026-04-18T104431Z-1485530830-RC2IRKAQG7VY-RTRMADP-3-IRAN-CRISIS-LEBANON-ISRAEL.webp 720w, https:\/\/s.france24.com\/media\/display\/5a1c5ef6-3e71-11f1-a045-005056bf30b7\/w:980\/2026-04-18T104431Z-1485530830-RC2IRKAQG7VY-RTRMADP-3-IRAN-CRISIS-LEBANON-ISRAEL.webp 980w\" sizes=\"(max-width: 1023px) calc(100vw - 32px), (min-width: 1024px) 850px\"><img fetchpriority=\"low\" decoding=\"async\" src=\"https:\/\/s.france24.com\/media\/display\/5a1c5ef6-3e71-11f1-a045-005056bf30b7\/w:980\/2026-04-18T104431Z-1485530830-RC2IRKAQG7VY-RTRMADP-3-IRAN-CRISIS-LEBANON-ISRAEL.jpg\" srcset=\"https:\/\/s.france24.com\/media\/display\/5a1c5ef6-3e71-11f1-a045-005056bf30b7\/w:246\/2026-04-18T104431Z-1485530830-RC2IRKAQG7VY-RTRMADP-3-IRAN-CRISIS-LEBANON-ISRAEL.jpg 246w, https:\/\/s.france24.com\/media\/display\/5a1c5ef6-3e71-11f1-a045-005056bf30b7\/w:388\/2026-04-18T104431Z-1485530830-RC2IRKAQG7VY-RTRMADP-3-IRAN-CRISIS-LEBANON-ISRAEL.jpg 388w, https:\/\/s.france24.com\/media\/display\/5a1c5ef6-3e71-11f1-a045-005056bf30b7\/w:720\/2026-04-18T104431Z-1485530830-RC2IRKAQG7VY-RTRMADP-3-IRAN-CRISIS-LEBANON-ISRAEL.jpg 720w, https:\/\/s.france24.com\/media\/display\/5a1c5ef6-3e71-11f1-a045-005056bf30b7\/w:980\/2026-04-18T104431Z-1485530830-RC2IRKAQG7VY-RTRMADP-3-IRAN-CRISIS-LEBANON-ISRAEL.jpg 980w\" sizes=\"(max-width: 1023px) calc(100vw - 32px), (min-width: 1024px) 850px\" alt=\"Archivo: cascos azules de la ONU montan guardia mientras personas desplazadas regresan a sus hogares tras cruzar el puente que une el sur del L\u00edbano con el resto del pa\u00eds, luego del alto el fuego entre el L\u00edbano e Israel en Qasmiyeh, L\u00edbano, 18 de abril de 2026.\" loading=\"lazy\" class=\"a-img \">\n<\/picture><figcaption class=\"a-figcaption\"> <span>Archivo: cascos azules de la ONU montan guardia mientras personas desplazadas regresan a sus hogares tras cruzar el puente que une el sur del L\u00edbano con el resto del pa\u00eds, luego del alto el fuego entre el L\u00edbano e Israel en Qasmiyeh, L\u00edbano, 18 de abril de 2026.<\/span> <span>\u00a9 Reuters\/Louisa Gouliamaki<\/span> <\/figcaption><\/figure>\n<\/p><\/div>\n<p>\u201cIsrael negocia a partir de una realidad que ya ha creado sobre el terreno, analiza Abdel&nbsp;Salam.&nbsp;&nbsp;<\/p>\n<blockquote class=\"quote\" readability=\"8\">\n<p>\u201cLa cuesti\u00f3n ya no es solo d\u00f3nde est\u00e1 la frontera, sino qu\u00e9 se hace con esta nueva l\u00ednea\u201d, a\u00f1ade.&nbsp;<\/p>\n<\/blockquote>\n<p>Queda por ver si se consolidar\u00e1 o si desaparecer\u00e1 con un eventual acuerdo. En una regi\u00f3n marcada por l\u00edneas que con el tiempo se convierten en fronteras, y vuelven a ser cuestionadas, su futuro depender\u00e1 menos de su reconocimiento oficial que de la capacidad de imponerla o de revertirla sobre el terreno.&nbsp;<\/p>\n","protected":false},"excerpt":{"rendered":"<p>Mientras el alto el fuego entre Israel&#46;&#46;&#46;<\/p>\n","protected":false},"author":1,"featured_media":151588,"comment_status":"closed","ping_status":"closed","sticky":false,"template":"","format":"standard","meta":{"_jetpack_memberships_contains_paid_content":false,"footnotes":"","jetpack_publicize_message":"","jetpack_publicize_feature_enabled":true,"jetpack_social_post_already_shared":true,"jetpack_social_options":{"image_generator_settings":{"template":"highway","default_image_id":0,"font":"","enabled":false},"version":2}},"categories":[43],"tags":[],"class_list":["post-151587","post","type-post","status-publish","format-standard","has-post-thumbnail","hentry","category-internacionales"],"yoast_head":"<!-- This site is optimized with the Yoast SEO plugin v27.3 - https:\/\/yoast.com\/product\/yoast-seo-wordpress\/ -->\n<title>\u00bfC\u00f3mo opera la \u201cl\u00ednea amarilla\u201d de Israel?: la nueva frontera de facto en el sur de L\u00edbano - Sarmiento24h<\/title>\n<meta name=\"robots\" content=\"index, follow, max-snippet:-1, max-image-preview:large, max-video-preview:-1\" \/>\n<link rel=\"canonical\" href=\"https:\/\/sarmiento24h.com\/?p=151587\" \/>\n<meta property=\"og:locale\" content=\"es_ES\" \/>\n<meta property=\"og:type\" content=\"article\" \/>\n<meta property=\"og:title\" content=\"\u00bfC\u00f3mo opera la \u201cl\u00ednea amarilla\u201d de Israel?: la nueva frontera de facto en el sur de L\u00edbano - Sarmiento24h\" \/>\n<meta property=\"og:description\" content=\"Mientras el alto el fuego entre Israel&#046;&#046;&#046;\" \/>\n<meta property=\"og:url\" content=\"https:\/\/sarmiento24h.com\/?p=151587\" \/>\n<meta property=\"og:site_name\" content=\"Sarmiento24h\" \/>\n<meta property=\"article:publisher\" content=\"https:\/\/facebook.com\/s24hnoticias\" \/>\n<meta property=\"article:published_time\" content=\"2026-04-25T01:57:36+00:00\" \/>\n<meta property=\"og:image\" content=\"https:\/\/s.france24.com\/media\/display\/6fffcdc2-403b-11f1-b2dc-005056bf30b7\/w:980\/2026-04-24T141906Z-510527037-RC2NVKA3E2EM-RTRMADP-3-IRAN-CRISIS-LEBANON-ISRAEL.jpg\" \/>\n<meta name=\"author\" content=\"sarmiento24h@gmail.com\" \/>\n<meta name=\"twitter:card\" content=\"summary_large_image\" \/>\n<meta name=\"twitter:creator\" content=\"@sarmiento24h\" \/>\n<meta name=\"twitter:site\" content=\"@sarmiento24h\" \/>\n<meta name=\"twitter:label1\" content=\"Escrito por\" \/>\n\t<meta name=\"twitter:data1\" content=\"sarmiento24h@gmail.com\" \/>\n\t<meta name=\"twitter:label2\" content=\"Tiempo de lectura\" \/>\n\t<meta name=\"twitter:data2\" content=\"8 minutos\" \/>\n<script type=\"application\/ld+json\" class=\"yoast-schema-graph\">{\"@context\":\"https:\\\/\\\/schema.org\",\"@graph\":[{\"@type\":\"Article\",\"@id\":\"https:\\\/\\\/sarmiento24h.com\\\/?p=151587#article\",\"isPartOf\":{\"@id\":\"https:\\\/\\\/sarmiento24h.com\\\/?p=151587\"},\"author\":{\"name\":\"sarmiento24h@gmail.com\",\"@id\":\"https:\\\/\\\/sarmiento24h.com\\\/#\\\/schema\\\/person\\\/d653a59725ad629a7e0429af7b939d4d\"},\"headline\":\"\u00bfC\u00f3mo opera la \u201cl\u00ednea amarilla\u201d de Israel?: la nueva frontera de facto en el sur de L\u00edbano\",\"datePublished\":\"2026-04-25T01:57:36+00:00\",\"mainEntityOfPage\":{\"@id\":\"https:\\\/\\\/sarmiento24h.com\\\/?p=151587\"},\"wordCount\":1578,\"publisher\":{\"@id\":\"https:\\\/\\\/sarmiento24h.com\\\/#organization\"},\"image\":{\"@id\":\"https:\\\/\\\/sarmiento24h.com\\\/?p=151587#primaryimage\"},\"thumbnailUrl\":\"https:\\\/\\\/sarmiento24h.com\\\/wp-content\\\/uploads\\\/2026\\\/04\\\/como-opera-la-linea-amarilla-de-israel-la-nueva-frontera-de-facto-en-el-sur-de-libano.jpg\",\"articleSection\":[\"Internacionales\"],\"inLanguage\":\"es\"},{\"@type\":\"WebPage\",\"@id\":\"https:\\\/\\\/sarmiento24h.com\\\/?p=151587\",\"url\":\"https:\\\/\\\/sarmiento24h.com\\\/?p=151587\",\"name\":\"\u00bfC\u00f3mo opera la \u201cl\u00ednea amarilla\u201d de Israel?: la nueva frontera de facto en el sur de L\u00edbano - Sarmiento24h\",\"isPartOf\":{\"@id\":\"https:\\\/\\\/sarmiento24h.com\\\/#website\"},\"primaryImageOfPage\":{\"@id\":\"https:\\\/\\\/sarmiento24h.com\\\/?p=151587#primaryimage\"},\"image\":{\"@id\":\"https:\\\/\\\/sarmiento24h.com\\\/?p=151587#primaryimage\"},\"thumbnailUrl\":\"https:\\\/\\\/sarmiento24h.com\\\/wp-content\\\/uploads\\\/2026\\\/04\\\/como-opera-la-linea-amarilla-de-israel-la-nueva-frontera-de-facto-en-el-sur-de-libano.jpg\",\"datePublished\":\"2026-04-25T01:57:36+00:00\",\"breadcrumb\":{\"@id\":\"https:\\\/\\\/sarmiento24h.com\\\/?p=151587#breadcrumb\"},\"inLanguage\":\"es\",\"potentialAction\":[{\"@type\":\"ReadAction\",\"target\":[\"https:\\\/\\\/sarmiento24h.com\\\/?p=151587\"]}]},{\"@type\":\"ImageObject\",\"inLanguage\":\"es\",\"@id\":\"https:\\\/\\\/sarmiento24h.com\\\/?p=151587#primaryimage\",\"url\":\"https:\\\/\\\/sarmiento24h.com\\\/wp-content\\\/uploads\\\/2026\\\/04\\\/como-opera-la-linea-amarilla-de-israel-la-nueva-frontera-de-facto-en-el-sur-de-libano.jpg\",\"contentUrl\":\"https:\\\/\\\/sarmiento24h.com\\\/wp-content\\\/uploads\\\/2026\\\/04\\\/como-opera-la-linea-amarilla-de-israel-la-nueva-frontera-de-facto-en-el-sur-de-libano.jpg\",\"width\":980,\"height\":653},{\"@type\":\"BreadcrumbList\",\"@id\":\"https:\\\/\\\/sarmiento24h.com\\\/?p=151587#breadcrumb\",\"itemListElement\":[{\"@type\":\"ListItem\",\"position\":1,\"name\":\"Home\",\"item\":\"https:\\\/\\\/sarmiento24h.com\\\/\"},{\"@type\":\"ListItem\",\"position\":2,\"name\":\"\u00bfC\u00f3mo opera la \u201cl\u00ednea amarilla\u201d de Israel?: la nueva frontera de facto en el sur de L\u00edbano\"}]},{\"@type\":\"WebSite\",\"@id\":\"https:\\\/\\\/sarmiento24h.com\\\/#website\",\"url\":\"https:\\\/\\\/sarmiento24h.com\\\/\",\"name\":\"Sarmiento24h\",\"description\":\"\",\"publisher\":{\"@id\":\"https:\\\/\\\/sarmiento24h.com\\\/#organization\"},\"potentialAction\":[{\"@type\":\"SearchAction\",\"target\":{\"@type\":\"EntryPoint\",\"urlTemplate\":\"https:\\\/\\\/sarmiento24h.com\\\/?s={search_term_string}\"},\"query-input\":{\"@type\":\"PropertyValueSpecification\",\"valueRequired\":true,\"valueName\":\"search_term_string\"}}],\"inLanguage\":\"es\"},{\"@type\":\"Organization\",\"@id\":\"https:\\\/\\\/sarmiento24h.com\\\/#organization\",\"name\":\"Sarmiento24h\",\"url\":\"https:\\\/\\\/sarmiento24h.com\\\/\",\"logo\":{\"@type\":\"ImageObject\",\"inLanguage\":\"es\",\"@id\":\"https:\\\/\\\/sarmiento24h.com\\\/#\\\/schema\\\/logo\\\/image\\\/\",\"url\":\"https:\\\/\\\/sarmiento24h.com\\\/wp-content\\\/uploads\\\/2025\\\/12\\\/AddText_12-16-10.30.52.jpg\",\"contentUrl\":\"https:\\\/\\\/sarmiento24h.com\\\/wp-content\\\/uploads\\\/2025\\\/12\\\/AddText_12-16-10.30.52.jpg\",\"width\":1220,\"height\":324,\"caption\":\"Sarmiento24h\"},\"image\":{\"@id\":\"https:\\\/\\\/sarmiento24h.com\\\/#\\\/schema\\\/logo\\\/image\\\/\"},\"sameAs\":[\"https:\\\/\\\/facebook.com\\\/s24hnoticias\",\"https:\\\/\\\/x.com\\\/sarmiento24h\"]},{\"@type\":\"Person\",\"@id\":\"https:\\\/\\\/sarmiento24h.com\\\/#\\\/schema\\\/person\\\/d653a59725ad629a7e0429af7b939d4d\",\"name\":\"sarmiento24h@gmail.com\",\"image\":{\"@type\":\"ImageObject\",\"inLanguage\":\"es\",\"@id\":\"https:\\\/\\\/sarmiento24h.com\\\/wp-content\\\/litespeed\\\/avatar\\\/d02cbc4e23c747e6659cd45907173c8f.jpg?ver=1776552964\",\"url\":\"https:\\\/\\\/sarmiento24h.com\\\/wp-content\\\/litespeed\\\/avatar\\\/d02cbc4e23c747e6659cd45907173c8f.jpg?ver=1776552964\",\"contentUrl\":\"https:\\\/\\\/sarmiento24h.com\\\/wp-content\\\/litespeed\\\/avatar\\\/d02cbc4e23c747e6659cd45907173c8f.jpg?ver=1776552964\",\"caption\":\"sarmiento24h@gmail.com\"},\"sameAs\":[\"https:\\\/\\\/sarmiento24h.com\"],\"url\":\"https:\\\/\\\/sarmiento24h.com\\\/?author=1\"}]}<\/script>\n<!-- \/ Yoast SEO plugin. -->","yoast_head_json":{"title":"\u00bfC\u00f3mo opera la \u201cl\u00ednea amarilla\u201d de Israel?: la nueva frontera de facto en el sur de L\u00edbano - Sarmiento24h","robots":{"index":"index","follow":"follow","max-snippet":"max-snippet:-1","max-image-preview":"max-image-preview:large","max-video-preview":"max-video-preview:-1"},"canonical":"https:\/\/sarmiento24h.com\/?p=151587","og_locale":"es_ES","og_type":"article","og_title":"\u00bfC\u00f3mo opera la \u201cl\u00ednea amarilla\u201d de Israel?: la nueva frontera de facto en el sur de L\u00edbano - Sarmiento24h","og_description":"Mientras el alto el fuego entre Israel&#46;&#46;&#46;","og_url":"https:\/\/sarmiento24h.com\/?p=151587","og_site_name":"Sarmiento24h","article_publisher":"https:\/\/facebook.com\/s24hnoticias","article_published_time":"2026-04-25T01:57:36+00:00","og_image":[{"url":"https:\/\/s.france24.com\/media\/display\/6fffcdc2-403b-11f1-b2dc-005056bf30b7\/w:980\/2026-04-24T141906Z-510527037-RC2NVKA3E2EM-RTRMADP-3-IRAN-CRISIS-LEBANON-ISRAEL.jpg","type":"","width":"","height":""}],"author":"sarmiento24h@gmail.com","twitter_card":"summary_large_image","twitter_creator":"@sarmiento24h","twitter_site":"@sarmiento24h","twitter_misc":{"Escrito por":"sarmiento24h@gmail.com","Tiempo de lectura":"8 minutos"},"schema":{"@context":"https:\/\/schema.org","@graph":[{"@type":"Article","@id":"https:\/\/sarmiento24h.com\/?p=151587#article","isPartOf":{"@id":"https:\/\/sarmiento24h.com\/?p=151587"},"author":{"name":"sarmiento24h@gmail.com","@id":"https:\/\/sarmiento24h.com\/#\/schema\/person\/d653a59725ad629a7e0429af7b939d4d"},"headline":"\u00bfC\u00f3mo opera la \u201cl\u00ednea amarilla\u201d de Israel?: la nueva frontera de facto en el sur de L\u00edbano","datePublished":"2026-04-25T01:57:36+00:00","mainEntityOfPage":{"@id":"https:\/\/sarmiento24h.com\/?p=151587"},"wordCount":1578,"publisher":{"@id":"https:\/\/sarmiento24h.com\/#organization"},"image":{"@id":"https:\/\/sarmiento24h.com\/?p=151587#primaryimage"},"thumbnailUrl":"https:\/\/sarmiento24h.com\/wp-content\/uploads\/2026\/04\/como-opera-la-linea-amarilla-de-israel-la-nueva-frontera-de-facto-en-el-sur-de-libano.jpg","articleSection":["Internacionales"],"inLanguage":"es"},{"@type":"WebPage","@id":"https:\/\/sarmiento24h.com\/?p=151587","url":"https:\/\/sarmiento24h.com\/?p=151587","name":"\u00bfC\u00f3mo opera la \u201cl\u00ednea amarilla\u201d de Israel?: la nueva frontera de facto en el sur de L\u00edbano - Sarmiento24h","isPartOf":{"@id":"https:\/\/sarmiento24h.com\/#website"},"primaryImageOfPage":{"@id":"https:\/\/sarmiento24h.com\/?p=151587#primaryimage"},"image":{"@id":"https:\/\/sarmiento24h.com\/?p=151587#primaryimage"},"thumbnailUrl":"https:\/\/sarmiento24h.com\/wp-content\/uploads\/2026\/04\/como-opera-la-linea-amarilla-de-israel-la-nueva-frontera-de-facto-en-el-sur-de-libano.jpg","datePublished":"2026-04-25T01:57:36+00:00","breadcrumb":{"@id":"https:\/\/sarmiento24h.com\/?p=151587#breadcrumb"},"inLanguage":"es","potentialAction":[{"@type":"ReadAction","target":["https:\/\/sarmiento24h.com\/?p=151587"]}]},{"@type":"ImageObject","inLanguage":"es","@id":"https:\/\/sarmiento24h.com\/?p=151587#primaryimage","url":"https:\/\/sarmiento24h.com\/wp-content\/uploads\/2026\/04\/como-opera-la-linea-amarilla-de-israel-la-nueva-frontera-de-facto-en-el-sur-de-libano.jpg","contentUrl":"https:\/\/sarmiento24h.com\/wp-content\/uploads\/2026\/04\/como-opera-la-linea-amarilla-de-israel-la-nueva-frontera-de-facto-en-el-sur-de-libano.jpg","width":980,"height":653},{"@type":"BreadcrumbList","@id":"https:\/\/sarmiento24h.com\/?p=151587#breadcrumb","itemListElement":[{"@type":"ListItem","position":1,"name":"Home","item":"https:\/\/sarmiento24h.com\/"},{"@type":"ListItem","position":2,"name":"\u00bfC\u00f3mo opera la \u201cl\u00ednea amarilla\u201d de Israel?: la nueva frontera de facto en el sur de L\u00edbano"}]},{"@type":"WebSite","@id":"https:\/\/sarmiento24h.com\/#website","url":"https:\/\/sarmiento24h.com\/","name":"Sarmiento24h","description":"","publisher":{"@id":"https:\/\/sarmiento24h.com\/#organization"},"potentialAction":[{"@type":"SearchAction","target":{"@type":"EntryPoint","urlTemplate":"https:\/\/sarmiento24h.com\/?s={search_term_string}"},"query-input":{"@type":"PropertyValueSpecification","valueRequired":true,"valueName":"search_term_string"}}],"inLanguage":"es"},{"@type":"Organization","@id":"https:\/\/sarmiento24h.com\/#organization","name":"Sarmiento24h","url":"https:\/\/sarmiento24h.com\/","logo":{"@type":"ImageObject","inLanguage":"es","@id":"https:\/\/sarmiento24h.com\/#\/schema\/logo\/image\/","url":"https:\/\/sarmiento24h.com\/wp-content\/uploads\/2025\/12\/AddText_12-16-10.30.52.jpg","contentUrl":"https:\/\/sarmiento24h.com\/wp-content\/uploads\/2025\/12\/AddText_12-16-10.30.52.jpg","width":1220,"height":324,"caption":"Sarmiento24h"},"image":{"@id":"https:\/\/sarmiento24h.com\/#\/schema\/logo\/image\/"},"sameAs":["https:\/\/facebook.com\/s24hnoticias","https:\/\/x.com\/sarmiento24h"]},{"@type":"Person","@id":"https:\/\/sarmiento24h.com\/#\/schema\/person\/d653a59725ad629a7e0429af7b939d4d","name":"sarmiento24h@gmail.com","image":{"@type":"ImageObject","inLanguage":"es","@id":"https:\/\/sarmiento24h.com\/wp-content\/litespeed\/avatar\/d02cbc4e23c747e6659cd45907173c8f.jpg?ver=1776552964","url":"https:\/\/sarmiento24h.com\/wp-content\/litespeed\/avatar\/d02cbc4e23c747e6659cd45907173c8f.jpg?ver=1776552964","contentUrl":"https:\/\/sarmiento24h.com\/wp-content\/litespeed\/avatar\/d02cbc4e23c747e6659cd45907173c8f.jpg?ver=1776552964","caption":"sarmiento24h@gmail.com"},"sameAs":["https:\/\/sarmiento24h.com"],"url":"https:\/\/sarmiento24h.com\/?author=1"}]}},"jetpack_publicize_connections":[],"jetpack_featured_media_url":"https:\/\/sarmiento24h.com\/wp-content\/uploads\/2026\/04\/como-opera-la-linea-amarilla-de-israel-la-nueva-frontera-de-facto-en-el-sur-de-libano.jpg","jetpack_sharing_enabled":true,"_links":{"self":[{"href":"https:\/\/sarmiento24h.com\/index.php?rest_route=\/wp\/v2\/posts\/151587","targetHints":{"allow":["GET"]}}],"collection":[{"href":"https:\/\/sarmiento24h.com\/index.php?rest_route=\/wp\/v2\/posts"}],"about":[{"href":"https:\/\/sarmiento24h.com\/index.php?rest_route=\/wp\/v2\/types\/post"}],"author":[{"embeddable":true,"href":"https:\/\/sarmiento24h.com\/index.php?rest_route=\/wp\/v2\/users\/1"}],"replies":[{"embeddable":true,"href":"https:\/\/sarmiento24h.com\/index.php?rest_route=%2Fwp%2Fv2%2Fcomments&post=151587"}],"version-history":[{"count":0,"href":"https:\/\/sarmiento24h.com\/index.php?rest_route=\/wp\/v2\/posts\/151587\/revisions"}],"wp:featuredmedia":[{"embeddable":true,"href":"https:\/\/sarmiento24h.com\/index.php?rest_route=\/wp\/v2\/media\/151588"}],"wp:attachment":[{"href":"https:\/\/sarmiento24h.com\/index.php?rest_route=%2Fwp%2Fv2%2Fmedia&parent=151587"}],"wp:term":[{"taxonomy":"category","embeddable":true,"href":"https:\/\/sarmiento24h.com\/index.php?rest_route=%2Fwp%2Fv2%2Fcategories&post=151587"},{"taxonomy":"post_tag","embeddable":true,"href":"https:\/\/sarmiento24h.com\/index.php?rest_route=%2Fwp%2Fv2%2Ftags&post=151587"}],"curies":[{"name":"wp","href":"https:\/\/api.w.org\/{rel}","templated":true}]}}