{"id":151636,"date":"2026-04-25T01:58:18","date_gmt":"2026-04-25T01:58:18","guid":{"rendered":"https:\/\/diariodigitalrd.com\/?p=701008"},"modified":"2026-04-25T01:58:18","modified_gmt":"2026-04-25T01:58:18","slug":"izquierda-dominicana-recuerda-la-revolucion-de-abril","status":"publish","type":"post","link":"https:\/\/sarmiento24h.com\/?p=151636","title":{"rendered":"Izquierda dominicana recuerda la Revoluci\u00f3n de Abril"},"content":{"rendered":"<h2 class=\"wp-block-heading\">Acto en honor a Caama\u00f1o marca 61 a\u00f1os del levantamiento<\/h2>\n<p class=\"has-drop-cap has-medium-font-size\"><strong>Santo Domingo.<\/strong>\u2013 Seis organizaciones de izquierda conmemoraron este viernes el 61 aniversario de la Revoluci\u00f3n de Abril de 1965 con una parada frente a la estatua del coronel Francisco Alberto Caama\u00f1o, figura central del movimiento que busc\u00f3 el retorno al orden constitucional tras el derrocamiento de 1963.<\/p>\n<div class=\"wp-block-image\">\n<figure class=\"alignleft size-large is-resized\"><img loading=\"lazy\" decoding=\"async\" width=\"1024\" height=\"780\" src=\"https:\/\/diariodigitalrd.b-cdn.net\/2026\/04\/IMG_3178-1024x780.jpeg\" alt class=\"wp-image-701010\" srcset=\"https:\/\/diariodigitalrd.b-cdn.net\/2026\/04\/IMG_3178-1024x780.jpeg 1024w, https:\/\/diariodigitalrd.b-cdn.net\/2026\/04\/IMG_3178-300x229.jpeg 300w, https:\/\/diariodigitalrd.b-cdn.net\/2026\/04\/IMG_3178-768x585.jpeg 768w, https:\/\/diariodigitalrd.b-cdn.net\/2026\/04\/IMG_3178.jpeg 1280w\" sizes=\"auto, (max-width: 1024px) 100vw, 1024px\"><figcaption class=\"wp-element-caption\"><strong>Organizaciones de izquierda conmemoran el 61 aniversario de la Revoluci\u00f3n de Abril<\/strong><\/figcaption><\/figure>\n<\/div>\n<p>La actividad reuni\u00f3 a militantes del Partido Comunista del Trabajo (PCT), el Movimiento Popular Dominicano (MPD), Fuerza de la Revoluci\u00f3n (FR), el Movimiento Caama\u00f1ista (MC), el Referente de la Izquierda Dominicana (RID) y el Partido Patria para Todos y Todas (PPT). Durante el acto, se entonaron el himno nacional y el de la gesta de abril, en un ambiente marcado por consignas pol\u00edticas y referencias hist\u00f3ricas.<\/p>\n<p>En representaci\u00f3n de los grupos, la dirigente Mar\u00eda Teresa Cabrera ley\u00f3 un manifiesto en el que se reivindica el car\u00e1cter popular de la insurrecci\u00f3n de 1965 y se cuestiona el desenlace del proceso tras la intervenci\u00f3n extranjera. El documento sostiene que la intervenci\u00f3n militar de Estados Unidos fren\u00f3 el avance de lo que definieron como una revoluci\u00f3n democr\u00e1tica en curso.<\/p>\n<p>El texto tambi\u00e9n plantea una cr\u00edtica directa al sistema pol\u00edtico dominicano, al que acusan de haber perpetuado un modelo econ\u00f3mico excluyente y dependiente. Seg\u00fan el manifiesto, los principales partidos que han gobernado en las \u00faltimas d\u00e9cadas han facilitado la transferencia de sectores estrat\u00e9gicos hacia intereses privados y extranjeros.<\/p>\n<p>En ese contexto, las organizaciones denunciaron lo que consideran una p\u00e9rdida de soberan\u00eda nacional y se\u00f1alaron la influencia de organismos internacionales y agencias extranjeras en la vida pol\u00edtica y econ\u00f3mica del pa\u00eds. Las declaraciones incluyeron cuestionamientos al papel de entidades como la DEA, el FBI y otras agencias vinculadas a la seguridad y cooperaci\u00f3n internacional.<\/p>\n<p>Asimismo, los grupos afirmaron que el pa\u00eds ha sido sometido a un proceso de \u201crecolonizaci\u00f3n econ\u00f3mica\u201d, caracterizado \u2014seg\u00fan su visi\u00f3n\u2014 por la privatizaci\u00f3n de industrias clave y la reducci\u00f3n de la capacidad productiva nacional en \u00e1reas como transporte, miner\u00eda, seguros y manufactura.<\/p>\n<p>El pronunciamiento tambi\u00e9n incluy\u00f3 cr\u00edticas a la actual administraci\u00f3n encabezada por el presidente Luis Abinader, a quien calificaron como parte de la continuidad del modelo que cuestionan. En esa l\u00ednea, llamaron a construir una alternativa pol\u00edtica que, a su juicio, recupere la soberan\u00eda y promueva transformaciones estructurales.<\/p>\n<p>La actividad concluy\u00f3 con una exhortaci\u00f3n a mantener viva la memoria hist\u00f3rica de abril de 1965, no solo como un episodio del pasado, sino como un referente de lucha para sectores que, seis d\u00e9cadas despu\u00e9s, siguen demandando cambios en el rumbo pol\u00edtico y econ\u00f3mico del pa\u00eds.<\/p>\n","protected":false},"excerpt":{"rendered":"<p>Acto en honor a Caama\u00f1o marca 61&#46;&#46;&#46;<\/p>\n","protected":false},"author":1,"featured_media":151637,"comment_status":"closed","ping_status":"closed","sticky":false,"template":"","format":"standard","meta":{"_jetpack_memberships_contains_paid_content":false,"footnotes":"","jetpack_publicize_message":"","jetpack_publicize_feature_enabled":true,"jetpack_social_post_already_shared":true,"jetpack_social_options":{"image_generator_settings":{"template":"highway","default_image_id":0,"font":"","enabled":false},"version":2}},"categories":[61],"tags":[],"class_list":["post-151636","post","type-post","status-publish","format-standard","has-post-thumbnail","hentry","category-politica"],"yoast_head":"<!-- This site is optimized with the Yoast SEO plugin v27.3 - https:\/\/yoast.com\/product\/yoast-seo-wordpress\/ -->\n<title>Izquierda dominicana recuerda la Revoluci\u00f3n de Abril - Sarmiento24h<\/title>\n<meta name=\"robots\" content=\"index, follow, max-snippet:-1, max-image-preview:large, max-video-preview:-1\" \/>\n<link rel=\"canonical\" href=\"https:\/\/sarmiento24h.com\/?p=151636\" \/>\n<meta property=\"og:locale\" content=\"es_ES\" \/>\n<meta property=\"og:type\" content=\"article\" \/>\n<meta property=\"og:title\" content=\"Izquierda dominicana recuerda la Revoluci\u00f3n de Abril - Sarmiento24h\" \/>\n<meta property=\"og:description\" content=\"Acto en honor a Caama\u00f1o marca 61&#046;&#046;&#046;\" \/>\n<meta property=\"og:url\" content=\"https:\/\/sarmiento24h.com\/?p=151636\" \/>\n<meta property=\"og:site_name\" content=\"Sarmiento24h\" \/>\n<meta property=\"article:publisher\" content=\"https:\/\/facebook.com\/s24hnoticias\" \/>\n<meta property=\"article:published_time\" content=\"2026-04-25T01:58:18+00:00\" \/>\n<meta name=\"author\" content=\"sarmiento24h@gmail.com\" \/>\n<meta name=\"twitter:card\" content=\"summary_large_image\" \/>\n<meta name=\"twitter:creator\" content=\"@sarmiento24h\" \/>\n<meta name=\"twitter:site\" content=\"@sarmiento24h\" \/>\n<meta name=\"twitter:label1\" content=\"Escrito por\" \/>\n\t<meta name=\"twitter:data1\" content=\"sarmiento24h@gmail.com\" \/>\n\t<meta name=\"twitter:label2\" content=\"Tiempo de lectura\" \/>\n\t<meta name=\"twitter:data2\" content=\"2 minutos\" \/>\n<script type=\"application\/ld+json\" class=\"yoast-schema-graph\">{\"@context\":\"https:\\\/\\\/schema.org\",\"@graph\":[{\"@type\":\"Article\",\"@id\":\"https:\\\/\\\/sarmiento24h.com\\\/?p=151636#article\",\"isPartOf\":{\"@id\":\"https:\\\/\\\/sarmiento24h.com\\\/?p=151636\"},\"author\":{\"name\":\"sarmiento24h@gmail.com\",\"@id\":\"https:\\\/\\\/sarmiento24h.com\\\/#\\\/schema\\\/person\\\/d653a59725ad629a7e0429af7b939d4d\"},\"headline\":\"Izquierda dominicana recuerda la Revoluci\u00f3n de Abril\",\"datePublished\":\"2026-04-25T01:58:18+00:00\",\"mainEntityOfPage\":{\"@id\":\"https:\\\/\\\/sarmiento24h.com\\\/?p=151636\"},\"wordCount\":486,\"publisher\":{\"@id\":\"https:\\\/\\\/sarmiento24h.com\\\/#organization\"},\"image\":{\"@id\":\"https:\\\/\\\/sarmiento24h.com\\\/?p=151636#primaryimage\"},\"thumbnailUrl\":\"https:\\\/\\\/sarmiento24h.com\\\/wp-content\\\/uploads\\\/2026\\\/04\\\/izquierda-dominicana-recuerda-la-revolucion-de-abril.jpg\",\"articleSection\":[\"Politica\"],\"inLanguage\":\"es\"},{\"@type\":\"WebPage\",\"@id\":\"https:\\\/\\\/sarmiento24h.com\\\/?p=151636\",\"url\":\"https:\\\/\\\/sarmiento24h.com\\\/?p=151636\",\"name\":\"Izquierda dominicana recuerda la Revoluci\u00f3n de Abril - Sarmiento24h\",\"isPartOf\":{\"@id\":\"https:\\\/\\\/sarmiento24h.com\\\/#website\"},\"primaryImageOfPage\":{\"@id\":\"https:\\\/\\\/sarmiento24h.com\\\/?p=151636#primaryimage\"},\"image\":{\"@id\":\"https:\\\/\\\/sarmiento24h.com\\\/?p=151636#primaryimage\"},\"thumbnailUrl\":\"https:\\\/\\\/sarmiento24h.com\\\/wp-content\\\/uploads\\\/2026\\\/04\\\/izquierda-dominicana-recuerda-la-revolucion-de-abril.jpg\",\"datePublished\":\"2026-04-25T01:58:18+00:00\",\"breadcrumb\":{\"@id\":\"https:\\\/\\\/sarmiento24h.com\\\/?p=151636#breadcrumb\"},\"inLanguage\":\"es\",\"potentialAction\":[{\"@type\":\"ReadAction\",\"target\":[\"https:\\\/\\\/sarmiento24h.com\\\/?p=151636\"]}]},{\"@type\":\"ImageObject\",\"inLanguage\":\"es\",\"@id\":\"https:\\\/\\\/sarmiento24h.com\\\/?p=151636#primaryimage\",\"url\":\"https:\\\/\\\/sarmiento24h.com\\\/wp-content\\\/uploads\\\/2026\\\/04\\\/izquierda-dominicana-recuerda-la-revolucion-de-abril.jpg\",\"contentUrl\":\"https:\\\/\\\/sarmiento24h.com\\\/wp-content\\\/uploads\\\/2026\\\/04\\\/izquierda-dominicana-recuerda-la-revolucion-de-abril.jpg\",\"width\":1024,\"height\":780},{\"@type\":\"BreadcrumbList\",\"@id\":\"https:\\\/\\\/sarmiento24h.com\\\/?p=151636#breadcrumb\",\"itemListElement\":[{\"@type\":\"ListItem\",\"position\":1,\"name\":\"Home\",\"item\":\"https:\\\/\\\/sarmiento24h.com\\\/\"},{\"@type\":\"ListItem\",\"position\":2,\"name\":\"Izquierda dominicana recuerda la Revoluci\u00f3n de Abril\"}]},{\"@type\":\"WebSite\",\"@id\":\"https:\\\/\\\/sarmiento24h.com\\\/#website\",\"url\":\"https:\\\/\\\/sarmiento24h.com\\\/\",\"name\":\"Sarmiento24h\",\"description\":\"\",\"publisher\":{\"@id\":\"https:\\\/\\\/sarmiento24h.com\\\/#organization\"},\"potentialAction\":[{\"@type\":\"SearchAction\",\"target\":{\"@type\":\"EntryPoint\",\"urlTemplate\":\"https:\\\/\\\/sarmiento24h.com\\\/?s={search_term_string}\"},\"query-input\":{\"@type\":\"PropertyValueSpecification\",\"valueRequired\":true,\"valueName\":\"search_term_string\"}}],\"inLanguage\":\"es\"},{\"@type\":\"Organization\",\"@id\":\"https:\\\/\\\/sarmiento24h.com\\\/#organization\",\"name\":\"Sarmiento24h\",\"url\":\"https:\\\/\\\/sarmiento24h.com\\\/\",\"logo\":{\"@type\":\"ImageObject\",\"inLanguage\":\"es\",\"@id\":\"https:\\\/\\\/sarmiento24h.com\\\/#\\\/schema\\\/logo\\\/image\\\/\",\"url\":\"https:\\\/\\\/sarmiento24h.com\\\/wp-content\\\/uploads\\\/2025\\\/12\\\/AddText_12-16-10.30.52.jpg\",\"contentUrl\":\"https:\\\/\\\/sarmiento24h.com\\\/wp-content\\\/uploads\\\/2025\\\/12\\\/AddText_12-16-10.30.52.jpg\",\"width\":1220,\"height\":324,\"caption\":\"Sarmiento24h\"},\"image\":{\"@id\":\"https:\\\/\\\/sarmiento24h.com\\\/#\\\/schema\\\/logo\\\/image\\\/\"},\"sameAs\":[\"https:\\\/\\\/facebook.com\\\/s24hnoticias\",\"https:\\\/\\\/x.com\\\/sarmiento24h\"]},{\"@type\":\"Person\",\"@id\":\"https:\\\/\\\/sarmiento24h.com\\\/#\\\/schema\\\/person\\\/d653a59725ad629a7e0429af7b939d4d\",\"name\":\"sarmiento24h@gmail.com\",\"image\":{\"@type\":\"ImageObject\",\"inLanguage\":\"es\",\"@id\":\"https:\\\/\\\/sarmiento24h.com\\\/wp-content\\\/litespeed\\\/avatar\\\/d02cbc4e23c747e6659cd45907173c8f.jpg?ver=1776552964\",\"url\":\"https:\\\/\\\/sarmiento24h.com\\\/wp-content\\\/litespeed\\\/avatar\\\/d02cbc4e23c747e6659cd45907173c8f.jpg?ver=1776552964\",\"contentUrl\":\"https:\\\/\\\/sarmiento24h.com\\\/wp-content\\\/litespeed\\\/avatar\\\/d02cbc4e23c747e6659cd45907173c8f.jpg?ver=1776552964\",\"caption\":\"sarmiento24h@gmail.com\"},\"sameAs\":[\"https:\\\/\\\/sarmiento24h.com\"],\"url\":\"https:\\\/\\\/sarmiento24h.com\\\/?author=1\"}]}<\/script>\n<!-- \/ Yoast SEO plugin. -->","yoast_head_json":{"title":"Izquierda dominicana recuerda la Revoluci\u00f3n de Abril - Sarmiento24h","robots":{"index":"index","follow":"follow","max-snippet":"max-snippet:-1","max-image-preview":"max-image-preview:large","max-video-preview":"max-video-preview:-1"},"canonical":"https:\/\/sarmiento24h.com\/?p=151636","og_locale":"es_ES","og_type":"article","og_title":"Izquierda dominicana recuerda la Revoluci\u00f3n de Abril - Sarmiento24h","og_description":"Acto en honor a Caama\u00f1o marca 61&#46;&#46;&#46;","og_url":"https:\/\/sarmiento24h.com\/?p=151636","og_site_name":"Sarmiento24h","article_publisher":"https:\/\/facebook.com\/s24hnoticias","article_published_time":"2026-04-25T01:58:18+00:00","author":"sarmiento24h@gmail.com","twitter_card":"summary_large_image","twitter_creator":"@sarmiento24h","twitter_site":"@sarmiento24h","twitter_misc":{"Escrito por":"sarmiento24h@gmail.com","Tiempo de lectura":"2 minutos"},"schema":{"@context":"https:\/\/schema.org","@graph":[{"@type":"Article","@id":"https:\/\/sarmiento24h.com\/?p=151636#article","isPartOf":{"@id":"https:\/\/sarmiento24h.com\/?p=151636"},"author":{"name":"sarmiento24h@gmail.com","@id":"https:\/\/sarmiento24h.com\/#\/schema\/person\/d653a59725ad629a7e0429af7b939d4d"},"headline":"Izquierda dominicana recuerda la Revoluci\u00f3n de Abril","datePublished":"2026-04-25T01:58:18+00:00","mainEntityOfPage":{"@id":"https:\/\/sarmiento24h.com\/?p=151636"},"wordCount":486,"publisher":{"@id":"https:\/\/sarmiento24h.com\/#organization"},"image":{"@id":"https:\/\/sarmiento24h.com\/?p=151636#primaryimage"},"thumbnailUrl":"https:\/\/sarmiento24h.com\/wp-content\/uploads\/2026\/04\/izquierda-dominicana-recuerda-la-revolucion-de-abril.jpg","articleSection":["Politica"],"inLanguage":"es"},{"@type":"WebPage","@id":"https:\/\/sarmiento24h.com\/?p=151636","url":"https:\/\/sarmiento24h.com\/?p=151636","name":"Izquierda dominicana recuerda la Revoluci\u00f3n de Abril - Sarmiento24h","isPartOf":{"@id":"https:\/\/sarmiento24h.com\/#website"},"primaryImageOfPage":{"@id":"https:\/\/sarmiento24h.com\/?p=151636#primaryimage"},"image":{"@id":"https:\/\/sarmiento24h.com\/?p=151636#primaryimage"},"thumbnailUrl":"https:\/\/sarmiento24h.com\/wp-content\/uploads\/2026\/04\/izquierda-dominicana-recuerda-la-revolucion-de-abril.jpg","datePublished":"2026-04-25T01:58:18+00:00","breadcrumb":{"@id":"https:\/\/sarmiento24h.com\/?p=151636#breadcrumb"},"inLanguage":"es","potentialAction":[{"@type":"ReadAction","target":["https:\/\/sarmiento24h.com\/?p=151636"]}]},{"@type":"ImageObject","inLanguage":"es","@id":"https:\/\/sarmiento24h.com\/?p=151636#primaryimage","url":"https:\/\/sarmiento24h.com\/wp-content\/uploads\/2026\/04\/izquierda-dominicana-recuerda-la-revolucion-de-abril.jpg","contentUrl":"https:\/\/sarmiento24h.com\/wp-content\/uploads\/2026\/04\/izquierda-dominicana-recuerda-la-revolucion-de-abril.jpg","width":1024,"height":780},{"@type":"BreadcrumbList","@id":"https:\/\/sarmiento24h.com\/?p=151636#breadcrumb","itemListElement":[{"@type":"ListItem","position":1,"name":"Home","item":"https:\/\/sarmiento24h.com\/"},{"@type":"ListItem","position":2,"name":"Izquierda dominicana recuerda la Revoluci\u00f3n de Abril"}]},{"@type":"WebSite","@id":"https:\/\/sarmiento24h.com\/#website","url":"https:\/\/sarmiento24h.com\/","name":"Sarmiento24h","description":"","publisher":{"@id":"https:\/\/sarmiento24h.com\/#organization"},"potentialAction":[{"@type":"SearchAction","target":{"@type":"EntryPoint","urlTemplate":"https:\/\/sarmiento24h.com\/?s={search_term_string}"},"query-input":{"@type":"PropertyValueSpecification","valueRequired":true,"valueName":"search_term_string"}}],"inLanguage":"es"},{"@type":"Organization","@id":"https:\/\/sarmiento24h.com\/#organization","name":"Sarmiento24h","url":"https:\/\/sarmiento24h.com\/","logo":{"@type":"ImageObject","inLanguage":"es","@id":"https:\/\/sarmiento24h.com\/#\/schema\/logo\/image\/","url":"https:\/\/sarmiento24h.com\/wp-content\/uploads\/2025\/12\/AddText_12-16-10.30.52.jpg","contentUrl":"https:\/\/sarmiento24h.com\/wp-content\/uploads\/2025\/12\/AddText_12-16-10.30.52.jpg","width":1220,"height":324,"caption":"Sarmiento24h"},"image":{"@id":"https:\/\/sarmiento24h.com\/#\/schema\/logo\/image\/"},"sameAs":["https:\/\/facebook.com\/s24hnoticias","https:\/\/x.com\/sarmiento24h"]},{"@type":"Person","@id":"https:\/\/sarmiento24h.com\/#\/schema\/person\/d653a59725ad629a7e0429af7b939d4d","name":"sarmiento24h@gmail.com","image":{"@type":"ImageObject","inLanguage":"es","@id":"https:\/\/sarmiento24h.com\/wp-content\/litespeed\/avatar\/d02cbc4e23c747e6659cd45907173c8f.jpg?ver=1776552964","url":"https:\/\/sarmiento24h.com\/wp-content\/litespeed\/avatar\/d02cbc4e23c747e6659cd45907173c8f.jpg?ver=1776552964","contentUrl":"https:\/\/sarmiento24h.com\/wp-content\/litespeed\/avatar\/d02cbc4e23c747e6659cd45907173c8f.jpg?ver=1776552964","caption":"sarmiento24h@gmail.com"},"sameAs":["https:\/\/sarmiento24h.com"],"url":"https:\/\/sarmiento24h.com\/?author=1"}]}},"jetpack_publicize_connections":[],"jetpack_featured_media_url":"https:\/\/sarmiento24h.com\/wp-content\/uploads\/2026\/04\/izquierda-dominicana-recuerda-la-revolucion-de-abril.jpg","jetpack_sharing_enabled":true,"_links":{"self":[{"href":"https:\/\/sarmiento24h.com\/index.php?rest_route=\/wp\/v2\/posts\/151636","targetHints":{"allow":["GET"]}}],"collection":[{"href":"https:\/\/sarmiento24h.com\/index.php?rest_route=\/wp\/v2\/posts"}],"about":[{"href":"https:\/\/sarmiento24h.com\/index.php?rest_route=\/wp\/v2\/types\/post"}],"author":[{"embeddable":true,"href":"https:\/\/sarmiento24h.com\/index.php?rest_route=\/wp\/v2\/users\/1"}],"replies":[{"embeddable":true,"href":"https:\/\/sarmiento24h.com\/index.php?rest_route=%2Fwp%2Fv2%2Fcomments&post=151636"}],"version-history":[{"count":0,"href":"https:\/\/sarmiento24h.com\/index.php?rest_route=\/wp\/v2\/posts\/151636\/revisions"}],"wp:featuredmedia":[{"embeddable":true,"href":"https:\/\/sarmiento24h.com\/index.php?rest_route=\/wp\/v2\/media\/151637"}],"wp:attachment":[{"href":"https:\/\/sarmiento24h.com\/index.php?rest_route=%2Fwp%2Fv2%2Fmedia&parent=151636"}],"wp:term":[{"taxonomy":"category","embeddable":true,"href":"https:\/\/sarmiento24h.com\/index.php?rest_route=%2Fwp%2Fv2%2Fcategories&post=151636"},{"taxonomy":"post_tag","embeddable":true,"href":"https:\/\/sarmiento24h.com\/index.php?rest_route=%2Fwp%2Fv2%2Ftags&post=151636"}],"curies":[{"name":"wp","href":"https:\/\/api.w.org\/{rel}","templated":true}]}}