{"id":151721,"date":"2026-04-25T02:57:37","date_gmt":"2026-04-25T02:57:37","guid":{"rendered":"http:\/\/c85878c8-404c-11f1-bb32-0f135332f9c7"},"modified":"2026-04-25T02:57:37","modified_gmt":"2026-04-25T02:57:37","slug":"la-deportacion-masiva-tiene-un-nuevo-brazo-policia-y-cortes-de-texas-tendran-competencias-migratorias","status":"publish","type":"post","link":"https:\/\/sarmiento24h.com\/?p=151721","title":{"rendered":"La deportaci\u00f3n masiva tiene un nuevo brazo: polic\u00eda y cortes de Texas tendr\u00e1n competencias migratorias"},"content":{"rendered":"<p>La polic\u00eda estatal de <a href=\"https:\/\/www.france24.com\/es\/tag\/texas\/\" target=\"_self\" class=\"gtm-add-suggested-tag\">Texas<\/a> podr\u00e1 detener y expulsar del pa\u00eds a las personas que sospeche est\u00e1n en <a href=\"https:\/\/www.france24.com\/es\/tag\/estados-unidos\/\" target=\"_self\" class=\"gtm-add-suggested-tag\">Estados Unidos<\/a> de manera irregular, seg\u00fan un fallo emitido este 24 de abril por un Tribunal de Apelaciones.<\/p>\n<p>La corte permiti\u00f3 este viernes la entrada en vigor de una ley, conocida como SB4, que hab\u00eda sido aprobada por la legislatura estatal en 2023 y que estaba en pausa despu\u00e9s de que varias organizaciones en defensa de los derechos humanos presentaron demandas para frenarla.<\/p>\n<p>En el fallo, el tribunal dictamin\u00f3 que las organizaciones no tienen derecho procesal para presentar esta demanda.<\/p>\n<h2><strong>Criminalizaci\u00f3n activa<\/strong><\/h2>\n<p>La norma tipifica como un crimen estatal, con condena de hasta seis meses de c\u00e1rcel o 20 a\u00f1os para personas reincidentes, la entrada irregular desde <a href=\"https:\/\/www.france24.com\/es\/tag\/m\u00e9xico\/\" target=\"_self\" class=\"gtm-add-suggested-tag\">M\u00e9xico<\/a>.<\/p>\n<p>Esta ley da el poder a las autoridades estatales para arrestar y retener a las personas que sospechen hayan incurrido en este delito y permite que los jueces del estado ordenen la expulsi\u00f3n de <a href=\"https:\/\/www.france24.com\/es\/tag\/migrantes\/\" target=\"_self\" class=\"gtm-add-suggested-tag\">migrantes<\/a> a territorio mexicano.<\/p>\n<div class=\"em-video-wrapper m-em-video\" data-media-video-wbmz386594-f24-es-20260425 data-wrapper-video-player data-show-hidden-video-player=\"WBMZ386594-F24-ES-20260425\" data-youtube-script>\n<div class=\"m-em-video__video\">\n<div class=\"o-em-consent \" readability=\"7\">\n<div class=\"o-em-consent__content\" readability=\"34\">\n<p class=\"o-em-consent__content__text\">Para mostrar este contenido de YouTube, debe autorizar las cookies de medici\u00f3n de audiencia y publicidad.<\/p>\n<p> <button class=\"a-master-button a-master-button--dark\" data-action=\"accept\"> Aceptar <svg class=\"a-svg a-svg--icon-check\"> <use xlink:href=\"\/build\/images\/svg\/sprite.c98bf387c90bc4a87186b0b783f15ba0.svg#icon-check\" href=\"\/build\/images\/svg\/sprite.c98bf387c90bc4a87186b0b783f15ba0.svg#icon-check\" \/> <\/svg> <\/button> <button class=\"a-link\" data-action=\"manage\">Gestionar mis opciones<i class=\"a-svg a-svg--icon-edit\"><\/i><\/button> <\/div>\n<\/div>\n<div class=\"o-em-adblock\" data-adblock-content readability=\"7\">\n<div class=\"o-em-adblock__content\" readability=\"34\">\n<p class=\"o-em-adblock__content__text\">Una extensi\u00f3n de tu navegador parece estar bloqueando la carga del reproductor de video. Para poder ver este contenido, debes desactivarla en este sitio.<\/p>\n<p> <button class=\"a-master-button a-master-button--dark\" data-action=\"reload\">Reintentar<\/button> <\/div>\n<\/div>\n<figure class=\"m-item-image m-item-image--16x9 m-item-image--has-caption\"> <picture class=\"a-picture a-picture--16x9\"><source type=\"image\/webp\" srcset=\"https:\/\/s.france24.com\/media\/display\/797ae39e-3f52-11f1-a0d9-005056a90284\/w:388\/p:16x9\/ES-20260423-124217-124410-CS.webp 388w, https:\/\/s.france24.com\/media\/display\/797ae39e-3f52-11f1-a0d9-005056a90284\/w:720\/p:16x9\/ES-20260423-124217-124410-CS.webp 720w, https:\/\/s.france24.com\/media\/display\/797ae39e-3f52-11f1-a0d9-005056a90284\/w:1024\/p:16x9\/ES-20260423-124217-124410-CS.webp 1024w\" sizes=\"(max-width: 639px) calc(100vw - 32px), (max-width: 1076px) calc(100vw - 44px), 850px\"><img fetchpriority=\"low\" decoding=\"async\" src=\"https:\/\/s.france24.com\/media\/display\/797ae39e-3f52-11f1-a0d9-005056a90284\/w:1024\/p:16x9\/ES-20260423-124217-124410-CS.jpg\" srcset=\"https:\/\/s.france24.com\/media\/display\/797ae39e-3f52-11f1-a0d9-005056a90284\/w:388\/p:16x9\/ES-20260423-124217-124410-CS.jpg 388w, https:\/\/s.france24.com\/media\/display\/797ae39e-3f52-11f1-a0d9-005056a90284\/w:720\/p:16x9\/ES-20260423-124217-124410-CS.jpg 720w, https:\/\/s.france24.com\/media\/display\/797ae39e-3f52-11f1-a0d9-005056a90284\/w:1024\/p:16x9\/ES-20260423-124217-124410-CS.jpg 1024w\" sizes=\"auto, (max-width: 639px) calc(100vw - 32px), (max-width: 1076px) calc(100vw - 44px), 850px\" width=\"1024\" height=\"576\" alt loading=\"lazy\" class=\"a-img \">\n<\/picture><figcaption class=\"a-figcaption\"> <span>\u00a9 France 24<\/span> <\/figcaption><\/figure>\n<\/p><\/div>\n<\/p><\/div>\n<p>Las organizaciones que demandaron la norma, entre ellas las ONG American Gateways y American Immigrant Advocacy Center, alegaron ante los tribunales que la ley SB4 es ilegal porque entra en un terreno que es exclusivamente del gobierno federal, decidir qui\u00e9n puede entrar o no a Estados Unidos, interfiere con el trabajo de las autoridades federales e impide que los migrantes que cruzaron de manera irregular puedan pedir asilo.<\/p>\n<p>Las organizaciones tambi\u00e9n han argumentado que, cuando entre en vigor, esta ley puede llevar a que las autoridades locales act\u00faen de manera discriminatoria contra las comunidades hispanas y las minor\u00edas \u00e9tnicas y raciales.<\/p>\n<h2><strong>Combatiendo las \u00abfronteras abiertas\u00bb<\/strong><\/h2>\n<p><a href=\"https:\/\/www.france24.com\/es\/tag\/texas\/\" target=\"_self\" class=\"gtm-add-suggested-tag\">Texas<\/a> aprob\u00f3 la ley SB4 durante el Gobierno del expresidente <a href=\"https:\/\/www.france24.com\/es\/tag\/joe-biden\/\" target=\"_self\" class=\"gtm-add-suggested-tag\">Joe Biden<\/a> (2021-2025), en medio de un aumento r\u00e9cord en la cantidad de personas que cruzaban la frontera sur de manera irregular y de un enfrentamiento entre Texas y la Administraci\u00f3n dem\u00f3crata.<\/p>\n<p>Ahora, bajo la Administraci\u00f3n de <a href=\"https:\/\/www.france24.com\/es\/tag\/donald-trump\/\" target=\"_self\" class=\"gtm-add-suggested-tag\">Donald Trump<\/a>, los cruces irregulares en la frontera han disminuido a su punto m\u00e1s bajo en a\u00f1os y el Gobierno emprende en cambio una campa\u00f1a de arresto masivo de inmigrantes al interior del pa\u00eds.<\/p>\n<div class=\"em-video-wrapper m-em-video\" data-media-video-wbmz384370-f24-es-20260416 data-wrapper-video-player data-show-hidden-video-player=\"WBMZ384370-F24-ES-20260416\" data-youtube-script readability=\"8\">\n<p>EE. UU.: el giro del ICE, de redadas masivas a operativos silenciosos contra migrantes<\/p>\n<div class=\"m-em-video__video\">\n<div class=\"o-em-consent \" readability=\"7\">\n<div class=\"o-em-consent__content\" readability=\"34\">\n<p class=\"o-em-consent__content__text\">Para mostrar este contenido de YouTube, debe autorizar las cookies de medici\u00f3n de audiencia y publicidad.<\/p>\n<p> <button class=\"a-master-button a-master-button--dark\" data-action=\"accept\"> Aceptar <svg class=\"a-svg a-svg--icon-check\"> <use xlink:href=\"\/build\/images\/svg\/sprite.c98bf387c90bc4a87186b0b783f15ba0.svg#icon-check\" href=\"\/build\/images\/svg\/sprite.c98bf387c90bc4a87186b0b783f15ba0.svg#icon-check\" \/> <\/svg> <\/button> <button class=\"a-link\" data-action=\"manage\">Gestionar mis opciones<i class=\"a-svg a-svg--icon-edit\"><\/i><\/button> <\/div>\n<\/div>\n<div class=\"o-em-adblock\" data-adblock-content readability=\"7\">\n<div class=\"o-em-adblock__content\" readability=\"34\">\n<p class=\"o-em-adblock__content__text\">Una extensi\u00f3n de tu navegador parece estar bloqueando la carga del reproductor de video. Para poder ver este contenido, debes desactivarla en este sitio.<\/p>\n<p> <button class=\"a-master-button a-master-button--dark\" data-action=\"reload\">Reintentar<\/button> <\/div>\n<\/div>\n<figure class=\"m-item-image m-item-image--16x9 m-item-image--has-caption\"> <picture class=\"a-picture a-picture--16x9\"><source type=\"image\/webp\" srcset=\"https:\/\/s.france24.com\/media\/display\/0749f0cc-32a4-11f1-bc38-005056a97e36\/w:388\/p:16x9\/AP26078469129241.webp 388w, https:\/\/s.france24.com\/media\/display\/0749f0cc-32a4-11f1-bc38-005056a97e36\/w:720\/p:16x9\/AP26078469129241.webp 720w, https:\/\/s.france24.com\/media\/display\/0749f0cc-32a4-11f1-bc38-005056a97e36\/w:1024\/p:16x9\/AP26078469129241.webp 1024w\" sizes=\"(max-width: 639px) calc(100vw - 32px), (max-width: 1076px) calc(100vw - 44px), 850px\"><img fetchpriority=\"low\" decoding=\"async\" src=\"https:\/\/s.france24.com\/media\/display\/0749f0cc-32a4-11f1-bc38-005056a97e36\/w:1024\/p:16x9\/AP26078469129241.jpg\" srcset=\"https:\/\/s.france24.com\/media\/display\/0749f0cc-32a4-11f1-bc38-005056a97e36\/w:388\/p:16x9\/AP26078469129241.jpg 388w, https:\/\/s.france24.com\/media\/display\/0749f0cc-32a4-11f1-bc38-005056a97e36\/w:720\/p:16x9\/AP26078469129241.jpg 720w, https:\/\/s.france24.com\/media\/display\/0749f0cc-32a4-11f1-bc38-005056a97e36\/w:1024\/p:16x9\/AP26078469129241.jpg 1024w\" sizes=\"auto, (max-width: 639px) calc(100vw - 32px), (max-width: 1076px) calc(100vw - 44px), 850px\" width=\"1024\" height=\"576\" alt=\"Imagen de archivo de un agente del Servicio de Inmigraci\u00f3n y Control de Aduanas (ICE).\" loading=\"lazy\" class=\"a-img \">\n<\/picture><figcaption class=\"a-figcaption\"> <span>Imagen de archivo de un agente del Servicio de Inmigraci\u00f3n y Control de Aduanas (ICE).<\/span> <span>AP &#8211; Eric Thayer<\/span> <\/figcaption><\/figure>\n<\/p><\/div>\n<\/p><\/div>\n<p>La ley SB4 entrar\u00e1 en vigor en un momento en el que el gobernador <a href=\"https:\/\/www.france24.com\/es\/tag\/greg-abbott\/\" target=\"_self\" class=\"gtm-add-suggested-tag\">Greg Abbott<\/a> ha presionado a las principales ciudades del estado (entre ellas Houston, Dallas y Austin) para que no limiten la colaboraci\u00f3n entre la polic\u00eda local y el Servicio de Inmigraci\u00f3n y Aduanas (<a href=\"https:\/\/www.france24.com\/es\/tag\/servicio-de-inmigraci\u00f3n-y-aduanas-ice\/\" target=\"_self\" class=\"gtm-add-suggested-tag\">ICE<\/a>), ante el rechazo de la ciudadan\u00eda a las pol\u00edticas de \u00abmano dura\u00bb del Gobierno Trump.<\/p>\n<p>En el \u00faltimo a\u00f1o, los arrestos de <a href=\"https:\/\/www.france24.com\/es\/tag\/migrantes\/\" target=\"_self\" class=\"gtm-add-suggested-tag\">migrantes<\/a> que no tienen antecedentes penales se han disparado un 770%, mientras que las detenciones en la v\u00eda p\u00fablica aumentaron m\u00e1s de un 1.000%, seg\u00fan un an\u00e1lisis del proyecto Deportation Data Project de la Universidad de California en Berkeley.<\/p>\n","protected":false},"excerpt":{"rendered":"<p>La polic\u00eda estatal de Texas podr\u00e1 detener&#46;&#46;&#46;<\/p>\n","protected":false},"author":1,"featured_media":151722,"comment_status":"closed","ping_status":"closed","sticky":false,"template":"","format":"standard","meta":{"_jetpack_memberships_contains_paid_content":false,"footnotes":"","jetpack_publicize_message":"","jetpack_publicize_feature_enabled":true,"jetpack_social_post_already_shared":true,"jetpack_social_options":{"image_generator_settings":{"template":"highway","default_image_id":0,"font":"","enabled":false},"version":2}},"categories":[43],"tags":[],"class_list":["post-151721","post","type-post","status-publish","format-standard","has-post-thumbnail","hentry","category-internacionales"],"yoast_head":"<!-- This site is optimized with the Yoast SEO plugin v27.3 - https:\/\/yoast.com\/product\/yoast-seo-wordpress\/ -->\n<title>La deportaci\u00f3n masiva tiene un nuevo brazo: polic\u00eda y cortes de Texas tendr\u00e1n competencias migratorias - Sarmiento24h<\/title>\n<meta name=\"robots\" content=\"index, follow, max-snippet:-1, max-image-preview:large, max-video-preview:-1\" \/>\n<link rel=\"canonical\" href=\"https:\/\/sarmiento24h.com\/?p=151721\" \/>\n<meta property=\"og:locale\" content=\"es_ES\" \/>\n<meta property=\"og:type\" content=\"article\" \/>\n<meta property=\"og:title\" content=\"La deportaci\u00f3n masiva tiene un nuevo brazo: polic\u00eda y cortes de Texas tendr\u00e1n competencias migratorias - Sarmiento24h\" \/>\n<meta property=\"og:description\" content=\"La polic\u00eda estatal de Texas podr\u00e1 detener&#046;&#046;&#046;\" \/>\n<meta property=\"og:url\" content=\"https:\/\/sarmiento24h.com\/?p=151721\" \/>\n<meta property=\"og:site_name\" content=\"Sarmiento24h\" \/>\n<meta property=\"article:publisher\" content=\"https:\/\/facebook.com\/s24hnoticias\" \/>\n<meta property=\"article:published_time\" content=\"2026-04-25T02:57:37+00:00\" \/>\n<meta property=\"og:image\" content=\"https:\/\/s.france24.com\/media\/display\/797ae39e-3f52-11f1-a0d9-005056a90284\/w:1024\/p:16x9\/ES-20260423-124217-124410-CS.jpg\" \/>\n<meta name=\"author\" content=\"sarmiento24h@gmail.com\" \/>\n<meta name=\"twitter:card\" content=\"summary_large_image\" \/>\n<meta name=\"twitter:creator\" content=\"@sarmiento24h\" \/>\n<meta name=\"twitter:site\" content=\"@sarmiento24h\" \/>\n<meta name=\"twitter:label1\" content=\"Escrito por\" \/>\n\t<meta name=\"twitter:data1\" content=\"sarmiento24h@gmail.com\" \/>\n\t<meta name=\"twitter:label2\" content=\"Tiempo de lectura\" \/>\n\t<meta name=\"twitter:data2\" content=\"3 minutos\" \/>\n<script type=\"application\/ld+json\" class=\"yoast-schema-graph\">{\"@context\":\"https:\\\/\\\/schema.org\",\"@graph\":[{\"@type\":\"Article\",\"@id\":\"https:\\\/\\\/sarmiento24h.com\\\/?p=151721#article\",\"isPartOf\":{\"@id\":\"https:\\\/\\\/sarmiento24h.com\\\/?p=151721\"},\"author\":{\"name\":\"sarmiento24h@gmail.com\",\"@id\":\"https:\\\/\\\/sarmiento24h.com\\\/#\\\/schema\\\/person\\\/d653a59725ad629a7e0429af7b939d4d\"},\"headline\":\"La deportaci\u00f3n masiva tiene un nuevo brazo: polic\u00eda y cortes de Texas tendr\u00e1n competencias migratorias\",\"datePublished\":\"2026-04-25T02:57:37+00:00\",\"mainEntityOfPage\":{\"@id\":\"https:\\\/\\\/sarmiento24h.com\\\/?p=151721\"},\"wordCount\":635,\"publisher\":{\"@id\":\"https:\\\/\\\/sarmiento24h.com\\\/#organization\"},\"image\":{\"@id\":\"https:\\\/\\\/sarmiento24h.com\\\/?p=151721#primaryimage\"},\"thumbnailUrl\":\"https:\\\/\\\/sarmiento24h.com\\\/wp-content\\\/uploads\\\/2026\\\/04\\\/la-deportacion-masiva-tiene-un-nuevo-brazo-policia-y-cortes-de-texas-tendran-competencias-migratorias.jpg\",\"articleSection\":[\"Internacionales\"],\"inLanguage\":\"es\"},{\"@type\":\"WebPage\",\"@id\":\"https:\\\/\\\/sarmiento24h.com\\\/?p=151721\",\"url\":\"https:\\\/\\\/sarmiento24h.com\\\/?p=151721\",\"name\":\"La deportaci\u00f3n masiva tiene un nuevo brazo: polic\u00eda y cortes de Texas tendr\u00e1n competencias migratorias - Sarmiento24h\",\"isPartOf\":{\"@id\":\"https:\\\/\\\/sarmiento24h.com\\\/#website\"},\"primaryImageOfPage\":{\"@id\":\"https:\\\/\\\/sarmiento24h.com\\\/?p=151721#primaryimage\"},\"image\":{\"@id\":\"https:\\\/\\\/sarmiento24h.com\\\/?p=151721#primaryimage\"},\"thumbnailUrl\":\"https:\\\/\\\/sarmiento24h.com\\\/wp-content\\\/uploads\\\/2026\\\/04\\\/la-deportacion-masiva-tiene-un-nuevo-brazo-policia-y-cortes-de-texas-tendran-competencias-migratorias.jpg\",\"datePublished\":\"2026-04-25T02:57:37+00:00\",\"breadcrumb\":{\"@id\":\"https:\\\/\\\/sarmiento24h.com\\\/?p=151721#breadcrumb\"},\"inLanguage\":\"es\",\"potentialAction\":[{\"@type\":\"ReadAction\",\"target\":[\"https:\\\/\\\/sarmiento24h.com\\\/?p=151721\"]}]},{\"@type\":\"ImageObject\",\"inLanguage\":\"es\",\"@id\":\"https:\\\/\\\/sarmiento24h.com\\\/?p=151721#primaryimage\",\"url\":\"https:\\\/\\\/sarmiento24h.com\\\/wp-content\\\/uploads\\\/2026\\\/04\\\/la-deportacion-masiva-tiene-un-nuevo-brazo-policia-y-cortes-de-texas-tendran-competencias-migratorias.jpg\",\"contentUrl\":\"https:\\\/\\\/sarmiento24h.com\\\/wp-content\\\/uploads\\\/2026\\\/04\\\/la-deportacion-masiva-tiene-un-nuevo-brazo-policia-y-cortes-de-texas-tendran-competencias-migratorias.jpg\",\"width\":1024,\"height\":576},{\"@type\":\"BreadcrumbList\",\"@id\":\"https:\\\/\\\/sarmiento24h.com\\\/?p=151721#breadcrumb\",\"itemListElement\":[{\"@type\":\"ListItem\",\"position\":1,\"name\":\"Home\",\"item\":\"https:\\\/\\\/sarmiento24h.com\\\/\"},{\"@type\":\"ListItem\",\"position\":2,\"name\":\"La deportaci\u00f3n masiva tiene un nuevo brazo: polic\u00eda y cortes de Texas tendr\u00e1n competencias migratorias\"}]},{\"@type\":\"WebSite\",\"@id\":\"https:\\\/\\\/sarmiento24h.com\\\/#website\",\"url\":\"https:\\\/\\\/sarmiento24h.com\\\/\",\"name\":\"Sarmiento24h\",\"description\":\"\",\"publisher\":{\"@id\":\"https:\\\/\\\/sarmiento24h.com\\\/#organization\"},\"potentialAction\":[{\"@type\":\"SearchAction\",\"target\":{\"@type\":\"EntryPoint\",\"urlTemplate\":\"https:\\\/\\\/sarmiento24h.com\\\/?s={search_term_string}\"},\"query-input\":{\"@type\":\"PropertyValueSpecification\",\"valueRequired\":true,\"valueName\":\"search_term_string\"}}],\"inLanguage\":\"es\"},{\"@type\":\"Organization\",\"@id\":\"https:\\\/\\\/sarmiento24h.com\\\/#organization\",\"name\":\"Sarmiento24h\",\"url\":\"https:\\\/\\\/sarmiento24h.com\\\/\",\"logo\":{\"@type\":\"ImageObject\",\"inLanguage\":\"es\",\"@id\":\"https:\\\/\\\/sarmiento24h.com\\\/#\\\/schema\\\/logo\\\/image\\\/\",\"url\":\"https:\\\/\\\/sarmiento24h.com\\\/wp-content\\\/uploads\\\/2025\\\/12\\\/AddText_12-16-10.30.52.jpg\",\"contentUrl\":\"https:\\\/\\\/sarmiento24h.com\\\/wp-content\\\/uploads\\\/2025\\\/12\\\/AddText_12-16-10.30.52.jpg\",\"width\":1220,\"height\":324,\"caption\":\"Sarmiento24h\"},\"image\":{\"@id\":\"https:\\\/\\\/sarmiento24h.com\\\/#\\\/schema\\\/logo\\\/image\\\/\"},\"sameAs\":[\"https:\\\/\\\/facebook.com\\\/s24hnoticias\",\"https:\\\/\\\/x.com\\\/sarmiento24h\"]},{\"@type\":\"Person\",\"@id\":\"https:\\\/\\\/sarmiento24h.com\\\/#\\\/schema\\\/person\\\/d653a59725ad629a7e0429af7b939d4d\",\"name\":\"sarmiento24h@gmail.com\",\"image\":{\"@type\":\"ImageObject\",\"inLanguage\":\"es\",\"@id\":\"https:\\\/\\\/sarmiento24h.com\\\/wp-content\\\/litespeed\\\/avatar\\\/d02cbc4e23c747e6659cd45907173c8f.jpg?ver=1777157796\",\"url\":\"https:\\\/\\\/sarmiento24h.com\\\/wp-content\\\/litespeed\\\/avatar\\\/d02cbc4e23c747e6659cd45907173c8f.jpg?ver=1777157796\",\"contentUrl\":\"https:\\\/\\\/sarmiento24h.com\\\/wp-content\\\/litespeed\\\/avatar\\\/d02cbc4e23c747e6659cd45907173c8f.jpg?ver=1777157796\",\"caption\":\"sarmiento24h@gmail.com\"},\"sameAs\":[\"https:\\\/\\\/sarmiento24h.com\"],\"url\":\"https:\\\/\\\/sarmiento24h.com\\\/?author=1\"}]}<\/script>\n<!-- \/ Yoast SEO plugin. -->","yoast_head_json":{"title":"La deportaci\u00f3n masiva tiene un nuevo brazo: polic\u00eda y cortes de Texas tendr\u00e1n competencias migratorias - Sarmiento24h","robots":{"index":"index","follow":"follow","max-snippet":"max-snippet:-1","max-image-preview":"max-image-preview:large","max-video-preview":"max-video-preview:-1"},"canonical":"https:\/\/sarmiento24h.com\/?p=151721","og_locale":"es_ES","og_type":"article","og_title":"La deportaci\u00f3n masiva tiene un nuevo brazo: polic\u00eda y cortes de Texas tendr\u00e1n competencias migratorias - Sarmiento24h","og_description":"La polic\u00eda estatal de Texas podr\u00e1 detener&#46;&#46;&#46;","og_url":"https:\/\/sarmiento24h.com\/?p=151721","og_site_name":"Sarmiento24h","article_publisher":"https:\/\/facebook.com\/s24hnoticias","article_published_time":"2026-04-25T02:57:37+00:00","og_image":[{"url":"https:\/\/s.france24.com\/media\/display\/797ae39e-3f52-11f1-a0d9-005056a90284\/w:1024\/p:16x9\/ES-20260423-124217-124410-CS.jpg","type":"","width":"","height":""}],"author":"sarmiento24h@gmail.com","twitter_card":"summary_large_image","twitter_creator":"@sarmiento24h","twitter_site":"@sarmiento24h","twitter_misc":{"Escrito por":"sarmiento24h@gmail.com","Tiempo de lectura":"3 minutos"},"schema":{"@context":"https:\/\/schema.org","@graph":[{"@type":"Article","@id":"https:\/\/sarmiento24h.com\/?p=151721#article","isPartOf":{"@id":"https:\/\/sarmiento24h.com\/?p=151721"},"author":{"name":"sarmiento24h@gmail.com","@id":"https:\/\/sarmiento24h.com\/#\/schema\/person\/d653a59725ad629a7e0429af7b939d4d"},"headline":"La deportaci\u00f3n masiva tiene un nuevo brazo: polic\u00eda y cortes de Texas tendr\u00e1n competencias migratorias","datePublished":"2026-04-25T02:57:37+00:00","mainEntityOfPage":{"@id":"https:\/\/sarmiento24h.com\/?p=151721"},"wordCount":635,"publisher":{"@id":"https:\/\/sarmiento24h.com\/#organization"},"image":{"@id":"https:\/\/sarmiento24h.com\/?p=151721#primaryimage"},"thumbnailUrl":"https:\/\/sarmiento24h.com\/wp-content\/uploads\/2026\/04\/la-deportacion-masiva-tiene-un-nuevo-brazo-policia-y-cortes-de-texas-tendran-competencias-migratorias.jpg","articleSection":["Internacionales"],"inLanguage":"es"},{"@type":"WebPage","@id":"https:\/\/sarmiento24h.com\/?p=151721","url":"https:\/\/sarmiento24h.com\/?p=151721","name":"La deportaci\u00f3n masiva tiene un nuevo brazo: polic\u00eda y cortes de Texas tendr\u00e1n competencias migratorias - Sarmiento24h","isPartOf":{"@id":"https:\/\/sarmiento24h.com\/#website"},"primaryImageOfPage":{"@id":"https:\/\/sarmiento24h.com\/?p=151721#primaryimage"},"image":{"@id":"https:\/\/sarmiento24h.com\/?p=151721#primaryimage"},"thumbnailUrl":"https:\/\/sarmiento24h.com\/wp-content\/uploads\/2026\/04\/la-deportacion-masiva-tiene-un-nuevo-brazo-policia-y-cortes-de-texas-tendran-competencias-migratorias.jpg","datePublished":"2026-04-25T02:57:37+00:00","breadcrumb":{"@id":"https:\/\/sarmiento24h.com\/?p=151721#breadcrumb"},"inLanguage":"es","potentialAction":[{"@type":"ReadAction","target":["https:\/\/sarmiento24h.com\/?p=151721"]}]},{"@type":"ImageObject","inLanguage":"es","@id":"https:\/\/sarmiento24h.com\/?p=151721#primaryimage","url":"https:\/\/sarmiento24h.com\/wp-content\/uploads\/2026\/04\/la-deportacion-masiva-tiene-un-nuevo-brazo-policia-y-cortes-de-texas-tendran-competencias-migratorias.jpg","contentUrl":"https:\/\/sarmiento24h.com\/wp-content\/uploads\/2026\/04\/la-deportacion-masiva-tiene-un-nuevo-brazo-policia-y-cortes-de-texas-tendran-competencias-migratorias.jpg","width":1024,"height":576},{"@type":"BreadcrumbList","@id":"https:\/\/sarmiento24h.com\/?p=151721#breadcrumb","itemListElement":[{"@type":"ListItem","position":1,"name":"Home","item":"https:\/\/sarmiento24h.com\/"},{"@type":"ListItem","position":2,"name":"La deportaci\u00f3n masiva tiene un nuevo brazo: polic\u00eda y cortes de Texas tendr\u00e1n competencias migratorias"}]},{"@type":"WebSite","@id":"https:\/\/sarmiento24h.com\/#website","url":"https:\/\/sarmiento24h.com\/","name":"Sarmiento24h","description":"","publisher":{"@id":"https:\/\/sarmiento24h.com\/#organization"},"potentialAction":[{"@type":"SearchAction","target":{"@type":"EntryPoint","urlTemplate":"https:\/\/sarmiento24h.com\/?s={search_term_string}"},"query-input":{"@type":"PropertyValueSpecification","valueRequired":true,"valueName":"search_term_string"}}],"inLanguage":"es"},{"@type":"Organization","@id":"https:\/\/sarmiento24h.com\/#organization","name":"Sarmiento24h","url":"https:\/\/sarmiento24h.com\/","logo":{"@type":"ImageObject","inLanguage":"es","@id":"https:\/\/sarmiento24h.com\/#\/schema\/logo\/image\/","url":"https:\/\/sarmiento24h.com\/wp-content\/uploads\/2025\/12\/AddText_12-16-10.30.52.jpg","contentUrl":"https:\/\/sarmiento24h.com\/wp-content\/uploads\/2025\/12\/AddText_12-16-10.30.52.jpg","width":1220,"height":324,"caption":"Sarmiento24h"},"image":{"@id":"https:\/\/sarmiento24h.com\/#\/schema\/logo\/image\/"},"sameAs":["https:\/\/facebook.com\/s24hnoticias","https:\/\/x.com\/sarmiento24h"]},{"@type":"Person","@id":"https:\/\/sarmiento24h.com\/#\/schema\/person\/d653a59725ad629a7e0429af7b939d4d","name":"sarmiento24h@gmail.com","image":{"@type":"ImageObject","inLanguage":"es","@id":"https:\/\/sarmiento24h.com\/wp-content\/litespeed\/avatar\/d02cbc4e23c747e6659cd45907173c8f.jpg?ver=1777157796","url":"https:\/\/sarmiento24h.com\/wp-content\/litespeed\/avatar\/d02cbc4e23c747e6659cd45907173c8f.jpg?ver=1777157796","contentUrl":"https:\/\/sarmiento24h.com\/wp-content\/litespeed\/avatar\/d02cbc4e23c747e6659cd45907173c8f.jpg?ver=1777157796","caption":"sarmiento24h@gmail.com"},"sameAs":["https:\/\/sarmiento24h.com"],"url":"https:\/\/sarmiento24h.com\/?author=1"}]}},"jetpack_publicize_connections":[],"jetpack_featured_media_url":"https:\/\/sarmiento24h.com\/wp-content\/uploads\/2026\/04\/la-deportacion-masiva-tiene-un-nuevo-brazo-policia-y-cortes-de-texas-tendran-competencias-migratorias.jpg","jetpack_sharing_enabled":true,"_links":{"self":[{"href":"https:\/\/sarmiento24h.com\/index.php?rest_route=\/wp\/v2\/posts\/151721","targetHints":{"allow":["GET"]}}],"collection":[{"href":"https:\/\/sarmiento24h.com\/index.php?rest_route=\/wp\/v2\/posts"}],"about":[{"href":"https:\/\/sarmiento24h.com\/index.php?rest_route=\/wp\/v2\/types\/post"}],"author":[{"embeddable":true,"href":"https:\/\/sarmiento24h.com\/index.php?rest_route=\/wp\/v2\/users\/1"}],"replies":[{"embeddable":true,"href":"https:\/\/sarmiento24h.com\/index.php?rest_route=%2Fwp%2Fv2%2Fcomments&post=151721"}],"version-history":[{"count":0,"href":"https:\/\/sarmiento24h.com\/index.php?rest_route=\/wp\/v2\/posts\/151721\/revisions"}],"wp:featuredmedia":[{"embeddable":true,"href":"https:\/\/sarmiento24h.com\/index.php?rest_route=\/wp\/v2\/media\/151722"}],"wp:attachment":[{"href":"https:\/\/sarmiento24h.com\/index.php?rest_route=%2Fwp%2Fv2%2Fmedia&parent=151721"}],"wp:term":[{"taxonomy":"category","embeddable":true,"href":"https:\/\/sarmiento24h.com\/index.php?rest_route=%2Fwp%2Fv2%2Fcategories&post=151721"},{"taxonomy":"post_tag","embeddable":true,"href":"https:\/\/sarmiento24h.com\/index.php?rest_route=%2Fwp%2Fv2%2Ftags&post=151721"}],"curies":[{"name":"wp","href":"https:\/\/api.w.org\/{rel}","templated":true}]}}