{"id":151855,"date":"2026-04-25T03:58:12","date_gmt":"2026-04-25T03:58:12","guid":{"rendered":"http:\/\/fca394a6-403c-11f1-9e2e-0b7417ff02fb"},"modified":"2026-04-25T03:58:12","modified_gmt":"2026-04-25T03:58:12","slug":"lamine-estevao-cuti-la-enfermeria-se-llena-y-amenaza-con-deslucir-el-mundial","status":"publish","type":"post","link":"https:\/\/sarmiento24h.com\/?p=151855","title":{"rendered":"Lamine, Est\u00eav\u00e3o, Cuti&#8230; La enfermer\u00eda se llena y amenaza con deslucir el Mundial"},"content":{"rendered":"<p>A 50 d\u00edas de la Copa del Mundo de Norteam\u00e9rica, que se disputar\u00e1 del 11 junio al 19 de julio, la enfermer\u00eda no para de recibir pacientes de prestigio.<\/p>\n<p><strong><a href=\"https:\/\/www.france24.com\/es\/tag\/espa\u00f1a\/\" target=\"_self\" class=\"gtm-add-suggested-tag\">Espa\u00f1a<\/a>: la contrarreloj de <a href=\"https:\/\/www.france24.com\/es\/tag\/lamine-yamal\/\" target=\"_self\" class=\"gtm-add-suggested-tag\">Lamine Yamal<\/a><\/strong><\/p>\n<p>El jarro de agua fr\u00eda cay\u00f3 en la Roja cuando Lamine Yamal pate\u00f3 un penalti para marcar el gol de la victoria 1-0 del <a href=\"https:\/\/www.france24.com\/es\/tag\/barcelona\/\" target=\"_self\" class=\"gtm-add-suggested-tag\">Barcelona<\/a> ante el Celta el 22 de abril y se rompi\u00f3.<\/p>\n<p>Sufre \u00abuna lesi\u00f3n en el b\u00edceps femoral de la pierna izquierda\u00bb y no volver\u00e1 a jugar con el Barcelona esta temporada.<\/p>\n<div id=\"em-WBMZ386550-F24-ES-20260425\" class=\"m-em-flash\" data-xtwitter-script><figcaption class=\"a-figcaption\"> <\/figcaption><div class=\"o-em-consent \" readability=\"7\">\n<div class=\"o-em-consent__content\" readability=\"34\">\n<p class=\"o-em-consent__content__text\">Para mostrar este contenido de X (Twitter), debe autorizar las cookies de medici\u00f3n de audiencia y publicidad.<\/p>\n<p> <button class=\"a-master-button a-master-button--dark\" data-action=\"accept\"> Aceptar <svg class=\"a-svg a-svg--icon-check\"> <use xlink:href=\"\/build\/images\/svg\/sprite.c98bf387c90bc4a87186b0b783f15ba0.svg#icon-check\" href=\"\/build\/images\/svg\/sprite.c98bf387c90bc4a87186b0b783f15ba0.svg#icon-check\" \/> <\/svg> <\/button> <button class=\"a-link\" data-action=\"manage\">Gestionar mis opciones<i class=\"a-svg a-svg--icon-edit\"><\/i><\/button> <\/div>\n<\/div>\n<\/div>\n<p>El Mundial parece que no peligra, pero la cuesti\u00f3n es si llegar\u00e1 en plena forma.<\/p>\n<p>El doctor Pedro Luis Ripoll se\u00f1al\u00f3 a la Cadena Ser que la tasa de reca\u00edda en este tipo de <a href=\"https:\/\/www.france24.com\/es\/tag\/lesiones\/\" target=\"_self\" class=\"gtm-add-suggested-tag\">lesiones<\/a> es del 30% y llam\u00f3 a Yamal, de 18 a\u00f1os, a ser \u00abmuy prudente\u00bb.<\/p>\n<p>\u00abVeo a Lamine Yamal a tope en la segunda fase, ser\u00eda lo m\u00e1s prudente y creo que es lo que va a pasar\u00bb, se\u00f1al\u00f3 Ripoll sobre la Copa del Mundo.<\/p>\n<p>La lesi\u00f3n de Lamine se a\u00f1ade a la incertidumbre en la campeona de Europa sobre varios jugadores importantes actualmente lesionados, en convalecencia o reci\u00e9n incorporados a sus equipos como Rodri (<a href=\"https:\/\/www.france24.com\/es\/tag\/manchester-city\/\" target=\"_self\" class=\"gtm-add-suggested-tag\">Manchester City<\/a>), Fabi\u00e1n Ruiz (<a href=\"https:\/\/www.france24.com\/es\/tag\/psg\/\" target=\"_self\" class=\"gtm-add-suggested-tag\">PSG<\/a>), Mikel Merino (Arsenal) o Nico Williams (Athletic de Bilbao).<\/p>\n<p><strong><a href=\"https:\/\/www.france24.com\/es\/tag\/brasil\/\" target=\"_self\" class=\"gtm-add-suggested-tag\">Brasil<\/a>: Adi\u00f3s Rodrygo, Est\u00eav\u00e3o duda, \u00bfcalienta <a href=\"https:\/\/www.france24.com\/es\/tag\/neymar\/\" target=\"_self\" class=\"gtm-add-suggested-tag\">Neymar<\/a>?<\/strong><\/p>\n<p>Lesionado entre febrero y marzo, la sensaci\u00f3n brasile\u00f1a Est\u00eav\u00e3o, de 19 a\u00f1os, volvi\u00f3 a sufrir un problema muscular el pasado fin de semana en la derrota 1-0 del <a href=\"https:\/\/www.france24.com\/es\/tag\/chelsea\/\" target=\"_self\" class=\"gtm-add-suggested-tag\">Chelsea<\/a> ante el <a href=\"https:\/\/www.france24.com\/es\/tag\/manchester-united\/\" target=\"_self\" class=\"gtm-add-suggested-tag\">Manchester United<\/a>.<\/p>\n<div class=\"m-em-image\">\n<figure class=\"m-item-image m-item-image--original m-item-image--has-caption\"> <picture class=\"a-picture a-picture--original\"><source type=\"image\/webp\" srcset=\"https:\/\/s.france24.com\/media\/display\/ed1f68a0-3fe4-11f1-8915-005056bf30b7\/w:246\/7b90bd14a3200e0b4a875b807135d3dd69f7216e.webp 246w, https:\/\/s.france24.com\/media\/display\/ed1f68a0-3fe4-11f1-8915-005056bf30b7\/w:388\/7b90bd14a3200e0b4a875b807135d3dd69f7216e.webp 388w, https:\/\/s.france24.com\/media\/display\/ed1f68a0-3fe4-11f1-8915-005056bf30b7\/w:720\/7b90bd14a3200e0b4a875b807135d3dd69f7216e.webp 720w, https:\/\/s.france24.com\/media\/display\/ed1f68a0-3fe4-11f1-8915-005056bf30b7\/w:980\/7b90bd14a3200e0b4a875b807135d3dd69f7216e.webp 980w\" sizes=\"(max-width: 1023px) calc(100vw - 32px), (min-width: 1024px) 850px\"><img fetchpriority=\"low\" decoding=\"async\" src=\"https:\/\/s.france24.com\/media\/display\/ed1f68a0-3fe4-11f1-8915-005056bf30b7\/w:980\/7b90bd14a3200e0b4a875b807135d3dd69f7216e.jpg\" srcset=\"https:\/\/s.france24.com\/media\/display\/ed1f68a0-3fe4-11f1-8915-005056bf30b7\/w:246\/7b90bd14a3200e0b4a875b807135d3dd69f7216e.jpg 246w, https:\/\/s.france24.com\/media\/display\/ed1f68a0-3fe4-11f1-8915-005056bf30b7\/w:388\/7b90bd14a3200e0b4a875b807135d3dd69f7216e.jpg 388w, https:\/\/s.france24.com\/media\/display\/ed1f68a0-3fe4-11f1-8915-005056bf30b7\/w:720\/7b90bd14a3200e0b4a875b807135d3dd69f7216e.jpg 720w, https:\/\/s.france24.com\/media\/display\/ed1f68a0-3fe4-11f1-8915-005056bf30b7\/w:980\/7b90bd14a3200e0b4a875b807135d3dd69f7216e.jpg 980w\" sizes=\"(max-width: 1023px) calc(100vw - 32px), (min-width: 1024px) 850px\" alt=\"El jugador brasile\u00f1o del Chelsea Est\u00eav\u00e3o tras lesionarse frente al Manchester United, el 19 de abril de 2026 en Londres\" loading=\"lazy\" class=\"a-img \">\n<\/picture><figcaption class=\"a-figcaption\"> <span>El jugador brasile\u00f1o del Chelsea Est\u00eav\u00e3o tras lesionarse frente al Manchester United, el 19 de abril de 2026 en Londres<\/span> <span>\u00a9 Glyn KIRK \/ AFP\/Archivos<\/span> <\/figcaption><\/figure>\n<\/p><\/div>\n<p>El brasile\u00f1o queda en una situaci\u00f3n similar a la de Yamal y se perder\u00e1 lo que resta de temporada, por lo que llegar\u00eda justo de forma al gran torneo.<\/p>\n<p>\u00abSi soy sincero, no estoy seguro. Solo s\u00e9 que no estar\u00e1 disponible para nosotros, as\u00ed que estoy seguro de que tiene muchas esperanzas de poder llegar al Mundial, pero no lo s\u00e9\u00bb, se\u00f1al\u00f3 este viernes el t\u00e9cnico interino del Chelsea, Calum McFarlane.<\/p>\n<p>Su problema f\u00edsico, unido a la baja de Rodrygo, confirmada en marzo, podr\u00eda abrir la puerta en la lista de <a href=\"https:\/\/www.france24.com\/es\/tag\/carlo-ancelotti\/\" target=\"_self\" class=\"gtm-add-suggested-tag\">Carlo Ancelotti<\/a> a la leyenda <a href=\"https:\/\/www.france24.com\/es\/tag\/neymar\/\" target=\"_self\" class=\"gtm-add-suggested-tag\">Neymar<\/a>,<\/p>\n<p>El 10, tambi\u00e9n aquejado por problemas f\u00edsicos en los \u00faltimos a\u00f1os, busca ritmo con el Santos de su pa\u00eds para convencer al italiano. Su presencia con la Sele\u00e7\u00e3o en Norteam\u00e9rica se ha convertido en debate nacional.<\/p>\n<p>Adem\u00e1s, el central del <a href=\"https:\/\/www.france24.com\/es\/tag\/real-madrid\/\" target=\"_self\" class=\"gtm-add-suggested-tag\">Real Madrid<\/a> \u00c9der Milit\u00e3o, que acababa de regresar de una grave lesi\u00f3n, sufre otro problema muscular y estar\u00e1 de baja \u00abvarias semanas\u00bb.<\/p>\n<p><strong><a href=\"https:\/\/www.france24.com\/es\/tag\/argentina\/\" target=\"_self\" class=\"gtm-add-suggested-tag\">Argentina<\/a>: las l\u00e1grimas del Cuti<\/strong><\/p>\n<p>La campeona del mundo en Qatar 2022 tambi\u00e9n padece los rigores del calendario.<\/p>\n<div class=\"m-em-image\">\n<figure class=\"m-item-image m-item-image--original m-item-image--has-caption\"> <picture class=\"a-picture a-picture--original\"><source type=\"image\/webp\" srcset=\"https:\/\/s.france24.com\/media\/display\/acc8db16-4029-11f1-818e-005056a90284\/w:246\/66d3a6ceb9f2f3032f8b3686592641fa52447bbc.webp 246w, https:\/\/s.france24.com\/media\/display\/acc8db16-4029-11f1-818e-005056a90284\/w:388\/66d3a6ceb9f2f3032f8b3686592641fa52447bbc.webp 388w, https:\/\/s.france24.com\/media\/display\/acc8db16-4029-11f1-818e-005056a90284\/w:720\/66d3a6ceb9f2f3032f8b3686592641fa52447bbc.webp 720w, https:\/\/s.france24.com\/media\/display\/acc8db16-4029-11f1-818e-005056a90284\/w:980\/66d3a6ceb9f2f3032f8b3686592641fa52447bbc.webp 980w\" sizes=\"(max-width: 1023px) calc(100vw - 32px), (min-width: 1024px) 850px\"><img fetchpriority=\"low\" decoding=\"async\" src=\"https:\/\/s.france24.com\/media\/display\/acc8db16-4029-11f1-818e-005056a90284\/w:980\/66d3a6ceb9f2f3032f8b3686592641fa52447bbc.jpg\" srcset=\"https:\/\/s.france24.com\/media\/display\/acc8db16-4029-11f1-818e-005056a90284\/w:246\/66d3a6ceb9f2f3032f8b3686592641fa52447bbc.jpg 246w, https:\/\/s.france24.com\/media\/display\/acc8db16-4029-11f1-818e-005056a90284\/w:388\/66d3a6ceb9f2f3032f8b3686592641fa52447bbc.jpg 388w, https:\/\/s.france24.com\/media\/display\/acc8db16-4029-11f1-818e-005056a90284\/w:720\/66d3a6ceb9f2f3032f8b3686592641fa52447bbc.jpg 720w, https:\/\/s.france24.com\/media\/display\/acc8db16-4029-11f1-818e-005056a90284\/w:980\/66d3a6ceb9f2f3032f8b3686592641fa52447bbc.jpg 980w\" sizes=\"(max-width: 1023px) calc(100vw - 32px), (min-width: 1024px) 850px\" alt=\"El defensa argentino del Tottenham Cristian Romero se retira lesionado en el duelo contra el Sunderland, en el Stadium of Light, el 12 de abril de 2026\" loading=\"lazy\" class=\"a-img \">\n<\/picture><figcaption class=\"a-figcaption\"> <span>El defensa argentino del Tottenham Cristian Romero se retira lesionado en el duelo contra el Sunderland, en el Stadium of Light, el 12 de abril de 2026<\/span> <span>\u00a9 ANDY BUCHANAN \/ AFP<\/span> <\/figcaption><\/figure>\n<\/p><\/div>\n<p>En la ventana de marzo, durante un entrenamiento en Buenos Aires, perdi\u00f3 al prometedor delantero Joaqu\u00edn Panichelli, m\u00e1ximo goleador del campeonato franc\u00e9s con el Estrasburgo, que sufri\u00f3 una segunda rotura de ligamentos de la rodilla.<\/p>\n<p>Tampoco tuvo suerte un peso pesado de la Albiceleste, el central del Tottenham Cuti Romero, que se lesion\u00f3 hace dos semanas al chocar con su portero y tiene un problema en el ligamento cruzado de una rodilla.<\/p>\n<p>Se retir\u00f3 entre l\u00e1grimas en aquella derrota ante el <a href=\"https:\/\/www.france24.com\/es\/tag\/sunderland\/\" target=\"_self\" class=\"gtm-add-suggested-tag\">Sunderland<\/a> y comenz\u00f3 la cuenta atr\u00e1s para poder estar a disposici\u00f3n de su seleccionador, <a href=\"https:\/\/www.france24.com\/es\/tag\/lionel-scaloni\/\" target=\"_self\" class=\"gtm-add-suggested-tag\">Lionel Scaloni<\/a>.<\/p>\n<p>\u00abRomero, ante todo, ama al Tottenham y la gente tiene que saber que est\u00e1 sufriendo por esta lesi\u00f3n y porque ya no puede jugar m\u00e1s para nosotros esta temporada\u00bb, dijo su t\u00e9cnico, Roberto De Zerbi, con el club londinense jugando por evitar el descenso.<\/p>\n<p><strong>Ekitik\u00e9 y Gnabry, bajas de <a href=\"https:\/\/www.france24.com\/es\/tag\/francia\/\" target=\"_self\" class=\"gtm-add-suggested-tag\">Francia<\/a> y <a href=\"https:\/\/www.france24.com\/es\/tag\/alemania\/\" target=\"_self\" class=\"gtm-add-suggested-tag\">Alemania<\/a><\/strong><\/p>\n<p>El delantero Hugo Ekitik\u00e9, del Liverpool, que parec\u00eda haberse ganado un puesto de titular en la concurrida delantera de la selecci\u00f3n francesa con vistosas actuaciones en la ventana de marzo, se rompi\u00f3 el tend\u00f3n de Aquiles y estar\u00e1 de baja largos meses.<\/p>\n<p><a href=\"https:\/\/www.france24.com\/es\/tag\/kylian-mbapp\u00e9\/\" target=\"_self\" class=\"gtm-add-suggested-tag\">Kylian Mbapp\u00e9<\/a>, la estrella de Francia, preocup\u00f3 el viernes al pedir el cambio durante el empate 1-1 de <a href=\"https:\/\/www.france24.com\/es\/tag\/real-madrid\/\" target=\"_self\" class=\"gtm-add-suggested-tag\">Real Madrid<\/a> ante el <a href=\"https:\/\/www.france24.com\/es\/tag\/betis\/\" target=\"_self\" class=\"gtm-add-suggested-tag\">Betis<\/a> en la Liga espa\u00f1ola.<\/p>\n<p>Su entrenador, \u00c1lvaro Arbeloa, habl\u00f3 de \u00abmolestias\u00bb y su club puntualiz\u00f3 poco despu\u00e9s que hab\u00eda sido por \u00abuna sobrecarga muscular en los isquiotibiales de la pierna izquierda\u00bb, descartando de entrada un percance m\u00e1s serio.<\/p>\n<div class=\"m-em-image\">\n<figure class=\"m-item-image m-item-image--original m-item-image--has-caption\"> <picture class=\"a-picture a-picture--original\"><source type=\"image\/webp\" srcset=\"https:\/\/s.france24.com\/media\/display\/b07643bc-3984-11f1-a730-005056bfb2b6\/w:246\/aaefd155cee9f8bc4e7d1803c3bfa286d238361c.webp 246w, https:\/\/s.france24.com\/media\/display\/b07643bc-3984-11f1-a730-005056bfb2b6\/w:388\/aaefd155cee9f8bc4e7d1803c3bfa286d238361c.webp 388w, https:\/\/s.france24.com\/media\/display\/b07643bc-3984-11f1-a730-005056bfb2b6\/w:720\/aaefd155cee9f8bc4e7d1803c3bfa286d238361c.webp 720w, https:\/\/s.france24.com\/media\/display\/b07643bc-3984-11f1-a730-005056bfb2b6\/w:980\/aaefd155cee9f8bc4e7d1803c3bfa286d238361c.webp 980w\" sizes=\"(max-width: 1023px) calc(100vw - 32px), (min-width: 1024px) 850px\"><img fetchpriority=\"low\" decoding=\"async\" src=\"https:\/\/s.france24.com\/media\/display\/b07643bc-3984-11f1-a730-005056bfb2b6\/w:980\/aaefd155cee9f8bc4e7d1803c3bfa286d238361c.jpg\" srcset=\"https:\/\/s.france24.com\/media\/display\/b07643bc-3984-11f1-a730-005056bfb2b6\/w:246\/aaefd155cee9f8bc4e7d1803c3bfa286d238361c.jpg 246w, https:\/\/s.france24.com\/media\/display\/b07643bc-3984-11f1-a730-005056bfb2b6\/w:388\/aaefd155cee9f8bc4e7d1803c3bfa286d238361c.jpg 388w, https:\/\/s.france24.com\/media\/display\/b07643bc-3984-11f1-a730-005056bfb2b6\/w:720\/aaefd155cee9f8bc4e7d1803c3bfa286d238361c.jpg 720w, https:\/\/s.france24.com\/media\/display\/b07643bc-3984-11f1-a730-005056bfb2b6\/w:980\/aaefd155cee9f8bc4e7d1803c3bfa286d238361c.jpg 980w\" sizes=\"(max-width: 1023px) calc(100vw - 32px), (min-width: 1024px) 850px\" alt=\"Jugadores del PSG y del Liverpool se interesan por el estado del delantero franc\u00e9s del Liverpool, Hugo Ekitik\u00e9, tendido sobre el c\u00e9sped tras lesionarse en cuartos de Champions, el 14 de abril en Anfield\" loading=\"lazy\" class=\"a-img \">\n<\/picture><figcaption class=\"a-figcaption\"> <span>Jugadores del PSG y del Liverpool se interesan por el estado del delantero franc\u00e9s del Liverpool, Hugo Ekitik\u00e9, tendido sobre el c\u00e9sped tras lesionarse en cuartos de Champions, el 14 de abril en Anfield<\/span> <span>\u00a9 FRANCK FIFE \/ AFP<\/span> <\/figcaption><\/figure>\n<\/p><\/div>\n<p>Serge Gnabry, pieza importante del <a href=\"https:\/\/www.france24.com\/es\/tag\/bayern-m\u00fanich\/\" target=\"_self\" class=\"gtm-add-suggested-tag\">Bayern M\u00fanich<\/a> y de la selecci\u00f3n alemana, tampoco estar\u00e1 en Norteam\u00e9rica 2026 debido a un desgarro muscular en el aductor derecho.<\/p>\n<p>\u00abComo el resto del pa\u00eds, animar\u00e9 a los chicos desde casa\u00bb, se\u00f1al\u00f3 el atacante de 30 a\u00f1os.<\/p>\n<p>Para paliar la ausencia de Gnabry, el seleccionador Julian Nagelsmann puede contar con el regreso progresivo de Jamal Musiala despu\u00e9s de su grave lesi\u00f3n en el <a href=\"https:\/\/www.france24.com\/es\/tag\/mundial-de-clubes\/\" target=\"_self\" class=\"gtm-add-suggested-tag\">Mundial de Clubes<\/a> de 2025.<\/p>\n<p>Todav\u00eda de baja, Marc-Andr\u00e9 Ter Stegen, llamado a ocupar el arco alem\u00e1n en el Mundial 2026, tiene opciones \u00abmuy escasas\u00bb, seg\u00fan Nagelsmann, debido a una larga serie de lesiones.<\/p>\n<p><a href=\"https:\/\/www.france24.com\/es\/tag\/m\u00e9xico\/\" target=\"_self\" class=\"gtm-add-suggested-tag\">M\u00e9xico<\/a>, uno de los pa\u00edses anfitriones, descart\u00f3 a un guardameta clave, Luis Malag\u00f3n, mientras que Croacia cruza dedos para contar con el defensa Jo\u0161ko Gvardiol, baja del <a href=\"https:\/\/www.france24.com\/es\/tag\/manchester-city\/\" target=\"_self\" class=\"gtm-add-suggested-tag\">Manchester City<\/a> desde enero por una fractura de tibia.<\/p>\n<p>Tambi\u00e9n se uni\u00f3 a la lista de jugadores tocados el centrocampista turco del Real Madrid Arda G\u00fcller. Sufre \u00abuna lesi\u00f3n muscular en el b\u00edceps femoral de la pierna derecha\u00bb y estar\u00e1 varias semanas fuera.<\/p>\n","protected":false},"excerpt":{"rendered":"<p>A 50 d\u00edas de la Copa del&#46;&#46;&#46;<\/p>\n","protected":false},"author":1,"featured_media":151856,"comment_status":"closed","ping_status":"closed","sticky":false,"template":"","format":"standard","meta":{"_jetpack_memberships_contains_paid_content":false,"footnotes":"","jetpack_publicize_message":"","jetpack_publicize_feature_enabled":true,"jetpack_social_post_already_shared":true,"jetpack_social_options":{"image_generator_settings":{"template":"highway","default_image_id":0,"font":"","enabled":false},"version":2}},"categories":[48,43],"tags":[],"class_list":["post-151855","post","type-post","status-publish","format-standard","has-post-thumbnail","hentry","category-deportes","category-internacionales"],"yoast_head":"<!-- This site is optimized with the Yoast SEO plugin v27.3 - https:\/\/yoast.com\/product\/yoast-seo-wordpress\/ -->\n<title>Lamine, Est\u00eav\u00e3o, Cuti... La enfermer\u00eda se llena y amenaza con deslucir el Mundial - Sarmiento24h<\/title>\n<meta name=\"robots\" content=\"index, follow, max-snippet:-1, max-image-preview:large, max-video-preview:-1\" \/>\n<link rel=\"canonical\" href=\"https:\/\/sarmiento24h.com\/?p=151855\" \/>\n<meta property=\"og:locale\" content=\"es_ES\" \/>\n<meta property=\"og:type\" content=\"article\" \/>\n<meta property=\"og:title\" content=\"Lamine, Est\u00eav\u00e3o, Cuti... La enfermer\u00eda se llena y amenaza con deslucir el Mundial - Sarmiento24h\" \/>\n<meta property=\"og:description\" content=\"A 50 d\u00edas de la Copa del&#046;&#046;&#046;\" \/>\n<meta property=\"og:url\" content=\"https:\/\/sarmiento24h.com\/?p=151855\" \/>\n<meta property=\"og:site_name\" content=\"Sarmiento24h\" \/>\n<meta property=\"article:publisher\" content=\"https:\/\/facebook.com\/s24hnoticias\" \/>\n<meta property=\"article:published_time\" content=\"2026-04-25T03:58:12+00:00\" \/>\n<meta property=\"og:image\" content=\"https:\/\/s.france24.com\/media\/display\/ed1f68a0-3fe4-11f1-8915-005056bf30b7\/w:980\/7b90bd14a3200e0b4a875b807135d3dd69f7216e.jpg\" \/>\n<meta name=\"author\" content=\"sarmiento24h@gmail.com\" \/>\n<meta name=\"twitter:card\" content=\"summary_large_image\" \/>\n<meta name=\"twitter:creator\" content=\"@sarmiento24h\" \/>\n<meta name=\"twitter:site\" content=\"@sarmiento24h\" \/>\n<meta name=\"twitter:label1\" content=\"Escrito por\" \/>\n\t<meta name=\"twitter:data1\" content=\"sarmiento24h@gmail.com\" \/>\n\t<meta name=\"twitter:label2\" content=\"Tiempo de lectura\" \/>\n\t<meta name=\"twitter:data2\" content=\"5 minutos\" \/>\n<script type=\"application\/ld+json\" class=\"yoast-schema-graph\">{\"@context\":\"https:\\\/\\\/schema.org\",\"@graph\":[{\"@type\":\"Article\",\"@id\":\"https:\\\/\\\/sarmiento24h.com\\\/?p=151855#article\",\"isPartOf\":{\"@id\":\"https:\\\/\\\/sarmiento24h.com\\\/?p=151855\"},\"author\":{\"name\":\"sarmiento24h@gmail.com\",\"@id\":\"https:\\\/\\\/sarmiento24h.com\\\/#\\\/schema\\\/person\\\/d653a59725ad629a7e0429af7b939d4d\"},\"headline\":\"Lamine, Est\u00eav\u00e3o, Cuti&#8230; La enfermer\u00eda se llena y amenaza con deslucir el Mundial\",\"datePublished\":\"2026-04-25T03:58:12+00:00\",\"mainEntityOfPage\":{\"@id\":\"https:\\\/\\\/sarmiento24h.com\\\/?p=151855\"},\"wordCount\":1051,\"publisher\":{\"@id\":\"https:\\\/\\\/sarmiento24h.com\\\/#organization\"},\"image\":{\"@id\":\"https:\\\/\\\/sarmiento24h.com\\\/?p=151855#primaryimage\"},\"thumbnailUrl\":\"https:\\\/\\\/sarmiento24h.com\\\/wp-content\\\/uploads\\\/2026\\\/04\\\/lamine-estevao-cuti-la-enfermeria-se-llena-y-amenaza-con-deslucir-el-mundial.jpg\",\"articleSection\":[\"Deportes\",\"Internacionales\"],\"inLanguage\":\"es\"},{\"@type\":\"WebPage\",\"@id\":\"https:\\\/\\\/sarmiento24h.com\\\/?p=151855\",\"url\":\"https:\\\/\\\/sarmiento24h.com\\\/?p=151855\",\"name\":\"Lamine, Est\u00eav\u00e3o, Cuti... La enfermer\u00eda se llena y amenaza con deslucir el Mundial - Sarmiento24h\",\"isPartOf\":{\"@id\":\"https:\\\/\\\/sarmiento24h.com\\\/#website\"},\"primaryImageOfPage\":{\"@id\":\"https:\\\/\\\/sarmiento24h.com\\\/?p=151855#primaryimage\"},\"image\":{\"@id\":\"https:\\\/\\\/sarmiento24h.com\\\/?p=151855#primaryimage\"},\"thumbnailUrl\":\"https:\\\/\\\/sarmiento24h.com\\\/wp-content\\\/uploads\\\/2026\\\/04\\\/lamine-estevao-cuti-la-enfermeria-se-llena-y-amenaza-con-deslucir-el-mundial.jpg\",\"datePublished\":\"2026-04-25T03:58:12+00:00\",\"breadcrumb\":{\"@id\":\"https:\\\/\\\/sarmiento24h.com\\\/?p=151855#breadcrumb\"},\"inLanguage\":\"es\",\"potentialAction\":[{\"@type\":\"ReadAction\",\"target\":[\"https:\\\/\\\/sarmiento24h.com\\\/?p=151855\"]}]},{\"@type\":\"ImageObject\",\"inLanguage\":\"es\",\"@id\":\"https:\\\/\\\/sarmiento24h.com\\\/?p=151855#primaryimage\",\"url\":\"https:\\\/\\\/sarmiento24h.com\\\/wp-content\\\/uploads\\\/2026\\\/04\\\/lamine-estevao-cuti-la-enfermeria-se-llena-y-amenaza-con-deslucir-el-mundial.jpg\",\"contentUrl\":\"https:\\\/\\\/sarmiento24h.com\\\/wp-content\\\/uploads\\\/2026\\\/04\\\/lamine-estevao-cuti-la-enfermeria-se-llena-y-amenaza-con-deslucir-el-mundial.jpg\",\"width\":980,\"height\":653},{\"@type\":\"BreadcrumbList\",\"@id\":\"https:\\\/\\\/sarmiento24h.com\\\/?p=151855#breadcrumb\",\"itemListElement\":[{\"@type\":\"ListItem\",\"position\":1,\"name\":\"Home\",\"item\":\"https:\\\/\\\/sarmiento24h.com\\\/\"},{\"@type\":\"ListItem\",\"position\":2,\"name\":\"Lamine, Est\u00eav\u00e3o, Cuti&#8230; La enfermer\u00eda se llena y amenaza con deslucir el Mundial\"}]},{\"@type\":\"WebSite\",\"@id\":\"https:\\\/\\\/sarmiento24h.com\\\/#website\",\"url\":\"https:\\\/\\\/sarmiento24h.com\\\/\",\"name\":\"Sarmiento24h\",\"description\":\"\",\"publisher\":{\"@id\":\"https:\\\/\\\/sarmiento24h.com\\\/#organization\"},\"potentialAction\":[{\"@type\":\"SearchAction\",\"target\":{\"@type\":\"EntryPoint\",\"urlTemplate\":\"https:\\\/\\\/sarmiento24h.com\\\/?s={search_term_string}\"},\"query-input\":{\"@type\":\"PropertyValueSpecification\",\"valueRequired\":true,\"valueName\":\"search_term_string\"}}],\"inLanguage\":\"es\"},{\"@type\":\"Organization\",\"@id\":\"https:\\\/\\\/sarmiento24h.com\\\/#organization\",\"name\":\"Sarmiento24h\",\"url\":\"https:\\\/\\\/sarmiento24h.com\\\/\",\"logo\":{\"@type\":\"ImageObject\",\"inLanguage\":\"es\",\"@id\":\"https:\\\/\\\/sarmiento24h.com\\\/#\\\/schema\\\/logo\\\/image\\\/\",\"url\":\"https:\\\/\\\/sarmiento24h.com\\\/wp-content\\\/uploads\\\/2025\\\/12\\\/AddText_12-16-10.30.52.jpg\",\"contentUrl\":\"https:\\\/\\\/sarmiento24h.com\\\/wp-content\\\/uploads\\\/2025\\\/12\\\/AddText_12-16-10.30.52.jpg\",\"width\":1220,\"height\":324,\"caption\":\"Sarmiento24h\"},\"image\":{\"@id\":\"https:\\\/\\\/sarmiento24h.com\\\/#\\\/schema\\\/logo\\\/image\\\/\"},\"sameAs\":[\"https:\\\/\\\/facebook.com\\\/s24hnoticias\",\"https:\\\/\\\/x.com\\\/sarmiento24h\"]},{\"@type\":\"Person\",\"@id\":\"https:\\\/\\\/sarmiento24h.com\\\/#\\\/schema\\\/person\\\/d653a59725ad629a7e0429af7b939d4d\",\"name\":\"sarmiento24h@gmail.com\",\"image\":{\"@type\":\"ImageObject\",\"inLanguage\":\"es\",\"@id\":\"https:\\\/\\\/sarmiento24h.com\\\/wp-content\\\/litespeed\\\/avatar\\\/d02cbc4e23c747e6659cd45907173c8f.jpg?ver=1777157796\",\"url\":\"https:\\\/\\\/sarmiento24h.com\\\/wp-content\\\/litespeed\\\/avatar\\\/d02cbc4e23c747e6659cd45907173c8f.jpg?ver=1777157796\",\"contentUrl\":\"https:\\\/\\\/sarmiento24h.com\\\/wp-content\\\/litespeed\\\/avatar\\\/d02cbc4e23c747e6659cd45907173c8f.jpg?ver=1777157796\",\"caption\":\"sarmiento24h@gmail.com\"},\"sameAs\":[\"https:\\\/\\\/sarmiento24h.com\"],\"url\":\"https:\\\/\\\/sarmiento24h.com\\\/?author=1\"}]}<\/script>\n<!-- \/ Yoast SEO plugin. -->","yoast_head_json":{"title":"Lamine, Est\u00eav\u00e3o, Cuti... La enfermer\u00eda se llena y amenaza con deslucir el Mundial - Sarmiento24h","robots":{"index":"index","follow":"follow","max-snippet":"max-snippet:-1","max-image-preview":"max-image-preview:large","max-video-preview":"max-video-preview:-1"},"canonical":"https:\/\/sarmiento24h.com\/?p=151855","og_locale":"es_ES","og_type":"article","og_title":"Lamine, Est\u00eav\u00e3o, Cuti... La enfermer\u00eda se llena y amenaza con deslucir el Mundial - Sarmiento24h","og_description":"A 50 d\u00edas de la Copa del&#46;&#46;&#46;","og_url":"https:\/\/sarmiento24h.com\/?p=151855","og_site_name":"Sarmiento24h","article_publisher":"https:\/\/facebook.com\/s24hnoticias","article_published_time":"2026-04-25T03:58:12+00:00","og_image":[{"url":"https:\/\/s.france24.com\/media\/display\/ed1f68a0-3fe4-11f1-8915-005056bf30b7\/w:980\/7b90bd14a3200e0b4a875b807135d3dd69f7216e.jpg","type":"","width":"","height":""}],"author":"sarmiento24h@gmail.com","twitter_card":"summary_large_image","twitter_creator":"@sarmiento24h","twitter_site":"@sarmiento24h","twitter_misc":{"Escrito por":"sarmiento24h@gmail.com","Tiempo de lectura":"5 minutos"},"schema":{"@context":"https:\/\/schema.org","@graph":[{"@type":"Article","@id":"https:\/\/sarmiento24h.com\/?p=151855#article","isPartOf":{"@id":"https:\/\/sarmiento24h.com\/?p=151855"},"author":{"name":"sarmiento24h@gmail.com","@id":"https:\/\/sarmiento24h.com\/#\/schema\/person\/d653a59725ad629a7e0429af7b939d4d"},"headline":"Lamine, Est\u00eav\u00e3o, Cuti&#8230; La enfermer\u00eda se llena y amenaza con deslucir el Mundial","datePublished":"2026-04-25T03:58:12+00:00","mainEntityOfPage":{"@id":"https:\/\/sarmiento24h.com\/?p=151855"},"wordCount":1051,"publisher":{"@id":"https:\/\/sarmiento24h.com\/#organization"},"image":{"@id":"https:\/\/sarmiento24h.com\/?p=151855#primaryimage"},"thumbnailUrl":"https:\/\/sarmiento24h.com\/wp-content\/uploads\/2026\/04\/lamine-estevao-cuti-la-enfermeria-se-llena-y-amenaza-con-deslucir-el-mundial.jpg","articleSection":["Deportes","Internacionales"],"inLanguage":"es"},{"@type":"WebPage","@id":"https:\/\/sarmiento24h.com\/?p=151855","url":"https:\/\/sarmiento24h.com\/?p=151855","name":"Lamine, Est\u00eav\u00e3o, Cuti... La enfermer\u00eda se llena y amenaza con deslucir el Mundial - Sarmiento24h","isPartOf":{"@id":"https:\/\/sarmiento24h.com\/#website"},"primaryImageOfPage":{"@id":"https:\/\/sarmiento24h.com\/?p=151855#primaryimage"},"image":{"@id":"https:\/\/sarmiento24h.com\/?p=151855#primaryimage"},"thumbnailUrl":"https:\/\/sarmiento24h.com\/wp-content\/uploads\/2026\/04\/lamine-estevao-cuti-la-enfermeria-se-llena-y-amenaza-con-deslucir-el-mundial.jpg","datePublished":"2026-04-25T03:58:12+00:00","breadcrumb":{"@id":"https:\/\/sarmiento24h.com\/?p=151855#breadcrumb"},"inLanguage":"es","potentialAction":[{"@type":"ReadAction","target":["https:\/\/sarmiento24h.com\/?p=151855"]}]},{"@type":"ImageObject","inLanguage":"es","@id":"https:\/\/sarmiento24h.com\/?p=151855#primaryimage","url":"https:\/\/sarmiento24h.com\/wp-content\/uploads\/2026\/04\/lamine-estevao-cuti-la-enfermeria-se-llena-y-amenaza-con-deslucir-el-mundial.jpg","contentUrl":"https:\/\/sarmiento24h.com\/wp-content\/uploads\/2026\/04\/lamine-estevao-cuti-la-enfermeria-se-llena-y-amenaza-con-deslucir-el-mundial.jpg","width":980,"height":653},{"@type":"BreadcrumbList","@id":"https:\/\/sarmiento24h.com\/?p=151855#breadcrumb","itemListElement":[{"@type":"ListItem","position":1,"name":"Home","item":"https:\/\/sarmiento24h.com\/"},{"@type":"ListItem","position":2,"name":"Lamine, Est\u00eav\u00e3o, Cuti&#8230; La enfermer\u00eda se llena y amenaza con deslucir el Mundial"}]},{"@type":"WebSite","@id":"https:\/\/sarmiento24h.com\/#website","url":"https:\/\/sarmiento24h.com\/","name":"Sarmiento24h","description":"","publisher":{"@id":"https:\/\/sarmiento24h.com\/#organization"},"potentialAction":[{"@type":"SearchAction","target":{"@type":"EntryPoint","urlTemplate":"https:\/\/sarmiento24h.com\/?s={search_term_string}"},"query-input":{"@type":"PropertyValueSpecification","valueRequired":true,"valueName":"search_term_string"}}],"inLanguage":"es"},{"@type":"Organization","@id":"https:\/\/sarmiento24h.com\/#organization","name":"Sarmiento24h","url":"https:\/\/sarmiento24h.com\/","logo":{"@type":"ImageObject","inLanguage":"es","@id":"https:\/\/sarmiento24h.com\/#\/schema\/logo\/image\/","url":"https:\/\/sarmiento24h.com\/wp-content\/uploads\/2025\/12\/AddText_12-16-10.30.52.jpg","contentUrl":"https:\/\/sarmiento24h.com\/wp-content\/uploads\/2025\/12\/AddText_12-16-10.30.52.jpg","width":1220,"height":324,"caption":"Sarmiento24h"},"image":{"@id":"https:\/\/sarmiento24h.com\/#\/schema\/logo\/image\/"},"sameAs":["https:\/\/facebook.com\/s24hnoticias","https:\/\/x.com\/sarmiento24h"]},{"@type":"Person","@id":"https:\/\/sarmiento24h.com\/#\/schema\/person\/d653a59725ad629a7e0429af7b939d4d","name":"sarmiento24h@gmail.com","image":{"@type":"ImageObject","inLanguage":"es","@id":"https:\/\/sarmiento24h.com\/wp-content\/litespeed\/avatar\/d02cbc4e23c747e6659cd45907173c8f.jpg?ver=1777157796","url":"https:\/\/sarmiento24h.com\/wp-content\/litespeed\/avatar\/d02cbc4e23c747e6659cd45907173c8f.jpg?ver=1777157796","contentUrl":"https:\/\/sarmiento24h.com\/wp-content\/litespeed\/avatar\/d02cbc4e23c747e6659cd45907173c8f.jpg?ver=1777157796","caption":"sarmiento24h@gmail.com"},"sameAs":["https:\/\/sarmiento24h.com"],"url":"https:\/\/sarmiento24h.com\/?author=1"}]}},"jetpack_publicize_connections":[],"jetpack_featured_media_url":"https:\/\/sarmiento24h.com\/wp-content\/uploads\/2026\/04\/lamine-estevao-cuti-la-enfermeria-se-llena-y-amenaza-con-deslucir-el-mundial.jpg","jetpack_sharing_enabled":true,"_links":{"self":[{"href":"https:\/\/sarmiento24h.com\/index.php?rest_route=\/wp\/v2\/posts\/151855","targetHints":{"allow":["GET"]}}],"collection":[{"href":"https:\/\/sarmiento24h.com\/index.php?rest_route=\/wp\/v2\/posts"}],"about":[{"href":"https:\/\/sarmiento24h.com\/index.php?rest_route=\/wp\/v2\/types\/post"}],"author":[{"embeddable":true,"href":"https:\/\/sarmiento24h.com\/index.php?rest_route=\/wp\/v2\/users\/1"}],"replies":[{"embeddable":true,"href":"https:\/\/sarmiento24h.com\/index.php?rest_route=%2Fwp%2Fv2%2Fcomments&post=151855"}],"version-history":[{"count":0,"href":"https:\/\/sarmiento24h.com\/index.php?rest_route=\/wp\/v2\/posts\/151855\/revisions"}],"wp:featuredmedia":[{"embeddable":true,"href":"https:\/\/sarmiento24h.com\/index.php?rest_route=\/wp\/v2\/media\/151856"}],"wp:attachment":[{"href":"https:\/\/sarmiento24h.com\/index.php?rest_route=%2Fwp%2Fv2%2Fmedia&parent=151855"}],"wp:term":[{"taxonomy":"category","embeddable":true,"href":"https:\/\/sarmiento24h.com\/index.php?rest_route=%2Fwp%2Fv2%2Fcategories&post=151855"},{"taxonomy":"post_tag","embeddable":true,"href":"https:\/\/sarmiento24h.com\/index.php?rest_route=%2Fwp%2Fv2%2Ftags&post=151855"}],"curies":[{"name":"wp","href":"https:\/\/api.w.org\/{rel}","templated":true}]}}