{"id":152117,"date":"2026-04-25T06:16:59","date_gmt":"2026-04-25T06:16:59","guid":{"rendered":"http:\/\/390f6dda-4032-11f1-9629-f55abefcf2bf"},"modified":"2026-04-25T06:16:59","modified_gmt":"2026-04-25T06:16:59","slug":"delcy-rodriguez-y-gustavo-petro-anuncian-cooperacion-en-inteligencia-para-combatir-el-crimen","status":"publish","type":"post","link":"https:\/\/sarmiento24h.com\/?p=152117","title":{"rendered":"Delcy Rodr\u00edguez y Gustavo Petro anuncian cooperaci\u00f3n en inteligencia para combatir el crimen"},"content":{"rendered":"<p>El esperado encuentro entre <a href=\"https:\/\/www.france24.com\/es\/tag\/delcy-rodr\u00edguez\/\" target=\"_self\">Delcy Rodr\u00edguez<\/a> y <a href=\"https:\/\/www.france24.com\/es\/tag\/gustavo-petro\/\" target=\"_self\">Gustavo Petro<\/a> finalmente tuvo lugar en Miraflores, luego de la cancelaci\u00f3n s\u00fabita de una reuni\u00f3n pautada para principios de marzo en el puente binacional \u2018Atanasio Girardot\u2019, conocido como \u2018Tienditas\u2019.<\/p>\n<p>Los mandatarios anunciaron planes de cooperaci\u00f3n en distintas \u00e1reas, como energ\u00eda y seguridad, mientras Petro recib\u00eda presiones por parte de familiares de colombianos detenidos por razones pol\u00edticas en <a href=\"https:\/\/www.france24.com\/es\/tag\/venezuela\/\" target=\"_self\">Venezuela<\/a> para mediar por su liberaci\u00f3n.<\/p>\n<p>\u201cLa humanidad hermana comienza por los vecinos\u201d, record\u00f3 Petro durante una breve alocuci\u00f3n tras varias horas de reuni\u00f3n.<\/p>\n<div class=\"m-em-image\">\n<figure class=\"m-item-image m-item-image--original m-item-image--has-caption\"> <picture class=\"a-picture a-picture--original\"><source type=\"image\/webp\" srcset=\"https:\/\/s.france24.com\/media\/display\/0210f3e6-4008-11f1-9b9f-005056bf30b7\/w:246\/67bf7f68dbbefc0d5ffa63fd23957c95ba8e8326w.webp 246w, https:\/\/s.france24.com\/media\/display\/0210f3e6-4008-11f1-9b9f-005056bf30b7\/w:388\/67bf7f68dbbefc0d5ffa63fd23957c95ba8e8326w.webp 388w, https:\/\/s.france24.com\/media\/display\/0210f3e6-4008-11f1-9b9f-005056bf30b7\/w:720\/67bf7f68dbbefc0d5ffa63fd23957c95ba8e8326w.webp 720w, https:\/\/s.france24.com\/media\/display\/0210f3e6-4008-11f1-9b9f-005056bf30b7\/w:980\/67bf7f68dbbefc0d5ffa63fd23957c95ba8e8326w.webp 980w\" sizes=\"(max-width: 1023px) calc(100vw - 32px), (min-width: 1024px) 850px\"><img fetchpriority=\"low\" decoding=\"async\" src=\"https:\/\/s.france24.com\/media\/display\/0210f3e6-4008-11f1-9b9f-005056bf30b7\/w:980\/67bf7f68dbbefc0d5ffa63fd23957c95ba8e8326w.jpg\" srcset=\"https:\/\/s.france24.com\/media\/display\/0210f3e6-4008-11f1-9b9f-005056bf30b7\/w:246\/67bf7f68dbbefc0d5ffa63fd23957c95ba8e8326w.jpg 246w, https:\/\/s.france24.com\/media\/display\/0210f3e6-4008-11f1-9b9f-005056bf30b7\/w:388\/67bf7f68dbbefc0d5ffa63fd23957c95ba8e8326w.jpg 388w, https:\/\/s.france24.com\/media\/display\/0210f3e6-4008-11f1-9b9f-005056bf30b7\/w:720\/67bf7f68dbbefc0d5ffa63fd23957c95ba8e8326w.jpg 720w, https:\/\/s.france24.com\/media\/display\/0210f3e6-4008-11f1-9b9f-005056bf30b7\/w:980\/67bf7f68dbbefc0d5ffa63fd23957c95ba8e8326w.jpg 980w\" sizes=\"(max-width: 1023px) calc(100vw - 32px), (min-width: 1024px) 850px\" alt=\"El presidente de Colombia, Gustavo Petro (i), saluda junto a la presidenta encargada de Venezuela, Delcy Rodr\u00edguez (d), a su llegada al palacio de Miraflores este viernes, para sostener una reuni\u00f3n centrada en la seguridad fronteriza y la cooperaci\u00f3n bilateral, en Caracas (Venezuela).\" loading=\"lazy\" class=\"a-img \">\n<\/picture><figcaption class=\"a-figcaption\"> <span>El presidente de Colombia, Gustavo Petro (i), saluda junto a la presidenta encargada de Venezuela, Delcy Rodr\u00edguez (d), a su llegada al palacio de Miraflores este viernes, para sostener una reuni\u00f3n centrada en la seguridad fronteriza y la cooperaci\u00f3n bilateral, en Caracas (Venezuela).<\/span> <span>\u00a9 EFE\/Miguel Guti\u00e9rrez<\/span> <\/figcaption><\/figure>\n<\/p><\/div>\n<h2><strong>Colaboraci\u00f3n en Defensa <\/strong><\/h2>\n<p>Ambos pa\u00edses anunciaron una nueva estrategia conjunta contra el crimen organizado en los 2.219 kil\u00f3metros de frontera que comparten.<\/p>\n<p>La presidenta encargada venezolana anunci\u00f3 nuevas herramientas de <a href=\"https:\/\/www.france24.com\/es\/tag\/cooperaci\u00f3n\/\" target=\"_self\">cooperaci\u00f3n<\/a> alrededor del intercambio de informaci\u00f3n y el desarrollo de inteligencia que deben \u00abentrar en vigencia inmediata\u00bb para&nbsp;combatir a las bandas criminales y grupos de delito transnacionales.<\/p>\n<div class=\"em-video-wrapper m-em-video\" data-media-video-wbmz386611-f24-es-20260425 data-wrapper-video-player data-show-hidden-video-player=\"WBMZ386611-F24-ES-20260425\" data-youtube-script>\n<div class=\"m-em-video__video\">\n<div class=\"o-em-consent \" readability=\"7\">\n<div class=\"o-em-consent__content\" readability=\"34\">\n<p class=\"o-em-consent__content__text\">Para mostrar este contenido de YouTube, debe autorizar las cookies de medici\u00f3n de audiencia y publicidad.<\/p>\n<p> <button class=\"a-master-button a-master-button--dark\" data-action=\"accept\"> Aceptar <svg class=\"a-svg a-svg--icon-check\"> <use xlink:href=\"\/build\/images\/svg\/sprite.c98bf387c90bc4a87186b0b783f15ba0.svg#icon-check\" href=\"\/build\/images\/svg\/sprite.c98bf387c90bc4a87186b0b783f15ba0.svg#icon-check\" \/> <\/svg> <\/button> <button class=\"a-link\" data-action=\"manage\">Gestionar mis opciones<i class=\"a-svg a-svg--icon-edit\"><\/i><\/button> <\/div>\n<\/div>\n<div class=\"o-em-adblock\" data-adblock-content readability=\"7\">\n<div class=\"o-em-adblock__content\" readability=\"34\">\n<p class=\"o-em-adblock__content__text\">Una extensi\u00f3n de tu navegador parece estar bloqueando la carga del reproductor de video. Para poder ver este contenido, debes desactivarla en este sitio.<\/p>\n<p> <button class=\"a-master-button a-master-button--dark\" data-action=\"reload\">Reintentar<\/button> <\/div>\n<\/div>\n<figure class=\"m-item-image m-item-image--16x9 m-item-image--has-caption\"> <picture class=\"a-picture a-picture--16x9\"><source type=\"image\/webp\" srcset=\"https:\/\/s.france24.com\/media\/display\/2dd991b2-404a-11f1-97a9-005056bf30b7\/w:388\/p:16x9\/ES-20260424-200801-201339-CS.webp 388w, https:\/\/s.france24.com\/media\/display\/2dd991b2-404a-11f1-97a9-005056bf30b7\/w:720\/p:16x9\/ES-20260424-200801-201339-CS.webp 720w, https:\/\/s.france24.com\/media\/display\/2dd991b2-404a-11f1-97a9-005056bf30b7\/w:1024\/p:16x9\/ES-20260424-200801-201339-CS.webp 1024w\" sizes=\"(max-width: 639px) calc(100vw - 32px), (max-width: 1076px) calc(100vw - 44px), 850px\"><img fetchpriority=\"low\" decoding=\"async\" src=\"https:\/\/s.france24.com\/media\/display\/2dd991b2-404a-11f1-97a9-005056bf30b7\/w:1024\/p:16x9\/ES-20260424-200801-201339-CS.jpg\" srcset=\"https:\/\/s.france24.com\/media\/display\/2dd991b2-404a-11f1-97a9-005056bf30b7\/w:388\/p:16x9\/ES-20260424-200801-201339-CS.jpg 388w, https:\/\/s.france24.com\/media\/display\/2dd991b2-404a-11f1-97a9-005056bf30b7\/w:720\/p:16x9\/ES-20260424-200801-201339-CS.jpg 720w, https:\/\/s.france24.com\/media\/display\/2dd991b2-404a-11f1-97a9-005056bf30b7\/w:1024\/p:16x9\/ES-20260424-200801-201339-CS.jpg 1024w\" sizes=\"auto, (max-width: 639px) calc(100vw - 32px), (max-width: 1076px) calc(100vw - 44px), 850px\" width=\"1024\" height=\"576\" alt loading=\"lazy\" class=\"a-img \">\n<\/picture><figcaption class=\"a-figcaption\"> <span>\u00a9 France 24<\/span> <\/figcaption><\/figure>\n<\/p><\/div>\n<\/p><\/div>\n<p>\u00abQue sepan los grupos del narcotr\u00e1fico, grupos que est\u00e1n inmiscuidos en el contrabando de combustible y otro tipo de contrabando que estamos dando pasos firmes para el combate a estos delitos\u00bb, expres\u00f3.<\/p>\n<p>Por su parte, el presidente Gustavo Petro propuso usar acciones militares, policiales y sociales para&nbsp;erradicar las organizaciones mafiosas,&nbsp;entre las que cit\u00f3 las del <a href=\"https:\/\/www.france24.com\/es\/tag\/narcotr\u00e1fico\/\" target=\"_self\">narcotr\u00e1fico<\/a>, la trata de personas y la <a href=\"https:\/\/www.france24.com\/es\/tag\/miner\u00eda\/\" target=\"_self\">miner\u00eda<\/a> il\u00edcita, y se comprometi\u00f3 a que \u201cla frontera solo sea para el pueblo\u201d.<\/p>\n<h2><strong>Interconexi\u00f3n el\u00e9ctrica y de gas<\/strong><\/h2>\n<p>Durante el encuentro, tambi\u00e9n se plante\u00f3 la posibilidad de retomar el suministro de electricidad y gas entre ambas naciones.<\/p>\n<p>\u00abLa interconexi\u00f3n el\u00e9ctrica est\u00e1 ya a un paso y tambi\u00e9n la interconexi\u00f3n gas\u00edfera\u00bb, dijo Delcy Rodr\u00edguez, quien reconoci\u00f3 que la red venezolana \u00abpadece lo que ha sido el proceso de desinversi\u00f3n del sistema el\u00e9ctrico nacional\u00bb.<\/p>\n<p>La presidenta encargada tambi\u00e9n explic\u00f3 que habl\u00f3 con Petro sobre la posibilidad de transportar gas a Colombia y de realizar exportaciones conjuntas.<\/p>\n<div class=\"m-em-image\">\n<figure class=\"m-item-image m-item-image--original m-item-image--has-caption\"> <picture class=\"a-picture a-picture--original\"><source type=\"image\/webp\" srcset=\"https:\/\/s.france24.com\/media\/display\/deeeb4de-1e65-11f1-9f59-005056a97e36\/w:246\/AP22349777361672.webp 246w, https:\/\/s.france24.com\/media\/display\/deeeb4de-1e65-11f1-9f59-005056a97e36\/w:388\/AP22349777361672.webp 388w, https:\/\/s.france24.com\/media\/display\/deeeb4de-1e65-11f1-9f59-005056a97e36\/w:720\/AP22349777361672.webp 720w, https:\/\/s.france24.com\/media\/display\/deeeb4de-1e65-11f1-9f59-005056a97e36\/w:980\/AP22349777361672.webp 980w\" sizes=\"(max-width: 1023px) calc(100vw - 32px), (min-width: 1024px) 850px\"><img fetchpriority=\"low\" decoding=\"async\" src=\"https:\/\/s.france24.com\/media\/display\/deeeb4de-1e65-11f1-9f59-005056a97e36\/w:980\/AP22349777361672.jpg\" srcset=\"https:\/\/s.france24.com\/media\/display\/deeeb4de-1e65-11f1-9f59-005056a97e36\/w:246\/AP22349777361672.jpg 246w, https:\/\/s.france24.com\/media\/display\/deeeb4de-1e65-11f1-9f59-005056a97e36\/w:388\/AP22349777361672.jpg 388w, https:\/\/s.france24.com\/media\/display\/deeeb4de-1e65-11f1-9f59-005056a97e36\/w:720\/AP22349777361672.jpg 720w, https:\/\/s.france24.com\/media\/display\/deeeb4de-1e65-11f1-9f59-005056a97e36\/w:980\/AP22349777361672.jpg 980w\" sizes=\"(max-width: 1023px) calc(100vw - 32px), (min-width: 1024px) 850px\" alt=\"Un cami\u00f3n de carga colombiano cruza el Puente Internacional Sim\u00f3n Bol\u00edvar desde C\u00facuta hacia San Antonio del T\u00e1chira, Venezuela, el jueves 15 de diciembre de 2022.\" loading=\"lazy\" class=\"a-img \">\n<\/picture><figcaption class=\"a-figcaption\"> <span>Un cami\u00f3n de carga colombiano cruza el Puente Internacional Sim\u00f3n Bol\u00edvar desde C\u00facuta hacia San Antonio del T\u00e1chira, Venezuela, el jueves 15 de diciembre de 2022.<\/span> <span>AP &#8211; Ivan Valencia<\/span> <\/figcaption><\/figure>\n<\/p><\/div>\n<p>Tambi\u00e9n se mencion\u00f3 el tema del turismo, destacando que, el a\u00f1o pasado, el comercio binacional ascendi\u00f3 a los 1.200 millones de d\u00f3lares.<\/p>\n<p>En general, Rodr\u00edguez destac\u00f3 la \u00abprofunda necesidad de uni\u00f3n e integraci\u00f3n\u00bb de ambos pa\u00edses ahora, algo que Petro tambi\u00e9n apoy\u00f3.<\/p>\n<h2><strong>Familiares de presos pol\u00edticos presionan a Petro <\/strong><\/h2>\n<p>Aprovechando el encuentro, un colectivo de familiares de presos pol\u00edticos colombianos pidi\u00f3 a Petro su ayuda para liberar a 16 colombianos encarcelados en Venezuela y acusados de \u00abterrorismo\u00bb.<\/p>\n<p>El llamado Comit\u00e9 de Familiares por la Libertad de los Falsos Positivos Tancol (acr\u00f3nimo usado por las autoridades venezolanas para hablar de \u00abterroristas armados narcotraficantes colombianos\u00bb) pidi\u00f3 la \u00abrevisi\u00f3n inmediata\u00bb de las causas judiciales de los colombianos en cuesti\u00f3n.<\/p>\n<div class=\"m-em-image\">\n<figure class=\"m-item-image m-item-image--original m-item-image--has-caption\"> <picture class=\"a-picture a-picture--original\"><source type=\"image\/webp\" srcset=\"https:\/\/s.france24.com\/media\/display\/668a5c9e-3b6d-11f1-a6cb-005056a97e36\/w:246\/8023413090001w.webp 246w, https:\/\/s.france24.com\/media\/display\/668a5c9e-3b6d-11f1-a6cb-005056a97e36\/w:388\/8023413090001w.webp 388w, https:\/\/s.france24.com\/media\/display\/668a5c9e-3b6d-11f1-a6cb-005056a97e36\/w:720\/8023413090001w.webp 720w, https:\/\/s.france24.com\/media\/display\/668a5c9e-3b6d-11f1-a6cb-005056a97e36\/w:980\/8023413090001w.webp 980w\" sizes=\"(max-width: 1023px) calc(100vw - 32px), (min-width: 1024px) 850px\"><img fetchpriority=\"low\" decoding=\"async\" src=\"https:\/\/s.france24.com\/media\/display\/668a5c9e-3b6d-11f1-a6cb-005056a97e36\/w:980\/8023413090001w.jpg\" srcset=\"https:\/\/s.france24.com\/media\/display\/668a5c9e-3b6d-11f1-a6cb-005056a97e36\/w:246\/8023413090001w.jpg 246w, https:\/\/s.france24.com\/media\/display\/668a5c9e-3b6d-11f1-a6cb-005056a97e36\/w:388\/8023413090001w.jpg 388w, https:\/\/s.france24.com\/media\/display\/668a5c9e-3b6d-11f1-a6cb-005056a97e36\/w:720\/8023413090001w.jpg 720w, https:\/\/s.france24.com\/media\/display\/668a5c9e-3b6d-11f1-a6cb-005056a97e36\/w:980\/8023413090001w.jpg 980w\" sizes=\"(max-width: 1023px) calc(100vw - 32px), (min-width: 1024px) 850px\" alt=\"Familiares de los considerados presos pol\u00edticos sostienen carteles durante una manifestaci\u00f3n frente a la Asamblea Nacional en Caracas. 19 de marzo de 2026\" loading=\"lazy\" class=\"a-img \">\n<\/picture><figcaption class=\"a-figcaption\"> <span>Familiares de los considerados presos pol\u00edticos sostienen carteles durante una manifestaci\u00f3n frente a la Asamblea Nacional en Caracas. 19 de marzo de 2026<\/span> <span>(EPA) EFE &#8211; Ronald Pe\u00f1a R<\/span> <\/figcaption><\/figure>\n<\/p><\/div>\n<p>Los familiares piden al Gobierno de Bogot\u00e1 informaci\u00f3n sobre el estado de salud de los recluidos, y una amnist\u00eda para los 16 ciudadanos colombianos.<\/p>\n<p>&nbsp;\u00abFueron detenidos sin orden judicial ni flagrancia, la mayor\u00eda de ellos fueron torturados, fueron incomunicados, se les forj\u00f3 un expediente judicial y enfrentan cargos o han sido condenados ya por el delito de terrorismo\u00bb, explic\u00f3 el colectivo.<\/p>\n<p>Seg\u00fan el activista Oglis Ramos, se tienen registrados alrededor de 140 casos de personas acusadas por supuestas vinculaciones con los llamados grupos \u00abtancol\u00bb.<\/p>\n<p>En marzo pasado, la ONG Surgentes exigi\u00f3 que el Parlamento de Venezuela revisara los casos de detenidos acusados con cargos de terrorismo y que han sido excluidos de la Ley de Amnist\u00eda aprobada en febrero.<\/p>\n<p>Sin embargo, este jueves, Delcy Rodr\u00edguez afirm\u00f3 que ese instrumento llegaba a su fin y que los casos pendientes podr\u00e1n revisarse a trav\u00e9s de otros mecanismos.<\/p>\n<p>Con EFE&nbsp;<\/p>\n","protected":false},"excerpt":{"rendered":"<p>El esperado encuentro entre Delcy Rodr\u00edguez y&#46;&#46;&#46;<\/p>\n","protected":false},"author":1,"featured_media":152118,"comment_status":"closed","ping_status":"closed","sticky":false,"template":"","format":"standard","meta":{"_jetpack_memberships_contains_paid_content":false,"footnotes":"","jetpack_publicize_message":"","jetpack_publicize_feature_enabled":true,"jetpack_social_post_already_shared":true,"jetpack_social_options":{"image_generator_settings":{"template":"highway","default_image_id":0,"font":"","enabled":false},"version":2}},"categories":[43],"tags":[],"class_list":["post-152117","post","type-post","status-publish","format-standard","has-post-thumbnail","hentry","category-internacionales"],"yoast_head":"<!-- This site is optimized with the Yoast SEO plugin v27.3 - https:\/\/yoast.com\/product\/yoast-seo-wordpress\/ -->\n<title>Delcy Rodr\u00edguez y Gustavo Petro anuncian cooperaci\u00f3n en inteligencia para combatir el crimen - Sarmiento24h<\/title>\n<meta name=\"robots\" content=\"index, follow, max-snippet:-1, max-image-preview:large, max-video-preview:-1\" \/>\n<link rel=\"canonical\" href=\"https:\/\/sarmiento24h.com\/?p=152117\" \/>\n<meta property=\"og:locale\" content=\"es_ES\" \/>\n<meta property=\"og:type\" content=\"article\" \/>\n<meta property=\"og:title\" content=\"Delcy Rodr\u00edguez y Gustavo Petro anuncian cooperaci\u00f3n en inteligencia para combatir el crimen - Sarmiento24h\" \/>\n<meta property=\"og:description\" content=\"El esperado encuentro entre Delcy Rodr\u00edguez y&#046;&#046;&#046;\" \/>\n<meta property=\"og:url\" content=\"https:\/\/sarmiento24h.com\/?p=152117\" \/>\n<meta property=\"og:site_name\" content=\"Sarmiento24h\" \/>\n<meta property=\"article:publisher\" content=\"https:\/\/facebook.com\/s24hnoticias\" \/>\n<meta property=\"article:published_time\" content=\"2026-04-25T06:16:59+00:00\" \/>\n<meta property=\"og:image\" content=\"https:\/\/s.france24.com\/media\/display\/0210f3e6-4008-11f1-9b9f-005056bf30b7\/w:980\/67bf7f68dbbefc0d5ffa63fd23957c95ba8e8326w.jpg\" \/>\n<meta name=\"author\" content=\"sarmiento24h@gmail.com\" \/>\n<meta name=\"twitter:card\" content=\"summary_large_image\" \/>\n<meta name=\"twitter:creator\" content=\"@sarmiento24h\" \/>\n<meta name=\"twitter:site\" content=\"@sarmiento24h\" \/>\n<meta name=\"twitter:label1\" content=\"Escrito por\" \/>\n\t<meta name=\"twitter:data1\" content=\"sarmiento24h@gmail.com\" \/>\n\t<meta name=\"twitter:label2\" content=\"Tiempo de lectura\" \/>\n\t<meta name=\"twitter:data2\" content=\"4 minutos\" \/>\n<script type=\"application\/ld+json\" class=\"yoast-schema-graph\">{\"@context\":\"https:\\\/\\\/schema.org\",\"@graph\":[{\"@type\":\"Article\",\"@id\":\"https:\\\/\\\/sarmiento24h.com\\\/?p=152117#article\",\"isPartOf\":{\"@id\":\"https:\\\/\\\/sarmiento24h.com\\\/?p=152117\"},\"author\":{\"name\":\"sarmiento24h@gmail.com\",\"@id\":\"https:\\\/\\\/sarmiento24h.com\\\/#\\\/schema\\\/person\\\/d653a59725ad629a7e0429af7b939d4d\"},\"headline\":\"Delcy Rodr\u00edguez y Gustavo Petro anuncian cooperaci\u00f3n en inteligencia para combatir el crimen\",\"datePublished\":\"2026-04-25T06:16:59+00:00\",\"mainEntityOfPage\":{\"@id\":\"https:\\\/\\\/sarmiento24h.com\\\/?p=152117\"},\"wordCount\":798,\"publisher\":{\"@id\":\"https:\\\/\\\/sarmiento24h.com\\\/#organization\"},\"image\":{\"@id\":\"https:\\\/\\\/sarmiento24h.com\\\/?p=152117#primaryimage\"},\"thumbnailUrl\":\"https:\\\/\\\/sarmiento24h.com\\\/wp-content\\\/uploads\\\/2026\\\/04\\\/delcy-rodriguez-y-gustavo-petro-anuncian-cooperacion-en-inteligencia-para-combatir-el-crimen.jpg\",\"articleSection\":[\"Internacionales\"],\"inLanguage\":\"es\"},{\"@type\":\"WebPage\",\"@id\":\"https:\\\/\\\/sarmiento24h.com\\\/?p=152117\",\"url\":\"https:\\\/\\\/sarmiento24h.com\\\/?p=152117\",\"name\":\"Delcy Rodr\u00edguez y Gustavo Petro anuncian cooperaci\u00f3n en inteligencia para combatir el crimen - Sarmiento24h\",\"isPartOf\":{\"@id\":\"https:\\\/\\\/sarmiento24h.com\\\/#website\"},\"primaryImageOfPage\":{\"@id\":\"https:\\\/\\\/sarmiento24h.com\\\/?p=152117#primaryimage\"},\"image\":{\"@id\":\"https:\\\/\\\/sarmiento24h.com\\\/?p=152117#primaryimage\"},\"thumbnailUrl\":\"https:\\\/\\\/sarmiento24h.com\\\/wp-content\\\/uploads\\\/2026\\\/04\\\/delcy-rodriguez-y-gustavo-petro-anuncian-cooperacion-en-inteligencia-para-combatir-el-crimen.jpg\",\"datePublished\":\"2026-04-25T06:16:59+00:00\",\"breadcrumb\":{\"@id\":\"https:\\\/\\\/sarmiento24h.com\\\/?p=152117#breadcrumb\"},\"inLanguage\":\"es\",\"potentialAction\":[{\"@type\":\"ReadAction\",\"target\":[\"https:\\\/\\\/sarmiento24h.com\\\/?p=152117\"]}]},{\"@type\":\"ImageObject\",\"inLanguage\":\"es\",\"@id\":\"https:\\\/\\\/sarmiento24h.com\\\/?p=152117#primaryimage\",\"url\":\"https:\\\/\\\/sarmiento24h.com\\\/wp-content\\\/uploads\\\/2026\\\/04\\\/delcy-rodriguez-y-gustavo-petro-anuncian-cooperacion-en-inteligencia-para-combatir-el-crimen.jpg\",\"contentUrl\":\"https:\\\/\\\/sarmiento24h.com\\\/wp-content\\\/uploads\\\/2026\\\/04\\\/delcy-rodriguez-y-gustavo-petro-anuncian-cooperacion-en-inteligencia-para-combatir-el-crimen.jpg\",\"width\":980,\"height\":653},{\"@type\":\"BreadcrumbList\",\"@id\":\"https:\\\/\\\/sarmiento24h.com\\\/?p=152117#breadcrumb\",\"itemListElement\":[{\"@type\":\"ListItem\",\"position\":1,\"name\":\"Home\",\"item\":\"https:\\\/\\\/sarmiento24h.com\\\/\"},{\"@type\":\"ListItem\",\"position\":2,\"name\":\"Delcy Rodr\u00edguez y Gustavo Petro anuncian cooperaci\u00f3n en inteligencia para combatir el crimen\"}]},{\"@type\":\"WebSite\",\"@id\":\"https:\\\/\\\/sarmiento24h.com\\\/#website\",\"url\":\"https:\\\/\\\/sarmiento24h.com\\\/\",\"name\":\"Sarmiento24h\",\"description\":\"\",\"publisher\":{\"@id\":\"https:\\\/\\\/sarmiento24h.com\\\/#organization\"},\"potentialAction\":[{\"@type\":\"SearchAction\",\"target\":{\"@type\":\"EntryPoint\",\"urlTemplate\":\"https:\\\/\\\/sarmiento24h.com\\\/?s={search_term_string}\"},\"query-input\":{\"@type\":\"PropertyValueSpecification\",\"valueRequired\":true,\"valueName\":\"search_term_string\"}}],\"inLanguage\":\"es\"},{\"@type\":\"Organization\",\"@id\":\"https:\\\/\\\/sarmiento24h.com\\\/#organization\",\"name\":\"Sarmiento24h\",\"url\":\"https:\\\/\\\/sarmiento24h.com\\\/\",\"logo\":{\"@type\":\"ImageObject\",\"inLanguage\":\"es\",\"@id\":\"https:\\\/\\\/sarmiento24h.com\\\/#\\\/schema\\\/logo\\\/image\\\/\",\"url\":\"https:\\\/\\\/sarmiento24h.com\\\/wp-content\\\/uploads\\\/2025\\\/12\\\/AddText_12-16-10.30.52.jpg\",\"contentUrl\":\"https:\\\/\\\/sarmiento24h.com\\\/wp-content\\\/uploads\\\/2025\\\/12\\\/AddText_12-16-10.30.52.jpg\",\"width\":1220,\"height\":324,\"caption\":\"Sarmiento24h\"},\"image\":{\"@id\":\"https:\\\/\\\/sarmiento24h.com\\\/#\\\/schema\\\/logo\\\/image\\\/\"},\"sameAs\":[\"https:\\\/\\\/facebook.com\\\/s24hnoticias\",\"https:\\\/\\\/x.com\\\/sarmiento24h\"]},{\"@type\":\"Person\",\"@id\":\"https:\\\/\\\/sarmiento24h.com\\\/#\\\/schema\\\/person\\\/d653a59725ad629a7e0429af7b939d4d\",\"name\":\"sarmiento24h@gmail.com\",\"image\":{\"@type\":\"ImageObject\",\"inLanguage\":\"es\",\"@id\":\"https:\\\/\\\/sarmiento24h.com\\\/wp-content\\\/litespeed\\\/avatar\\\/d02cbc4e23c747e6659cd45907173c8f.jpg?ver=1776552964\",\"url\":\"https:\\\/\\\/sarmiento24h.com\\\/wp-content\\\/litespeed\\\/avatar\\\/d02cbc4e23c747e6659cd45907173c8f.jpg?ver=1776552964\",\"contentUrl\":\"https:\\\/\\\/sarmiento24h.com\\\/wp-content\\\/litespeed\\\/avatar\\\/d02cbc4e23c747e6659cd45907173c8f.jpg?ver=1776552964\",\"caption\":\"sarmiento24h@gmail.com\"},\"sameAs\":[\"https:\\\/\\\/sarmiento24h.com\"],\"url\":\"https:\\\/\\\/sarmiento24h.com\\\/?author=1\"}]}<\/script>\n<!-- \/ Yoast SEO plugin. -->","yoast_head_json":{"title":"Delcy Rodr\u00edguez y Gustavo Petro anuncian cooperaci\u00f3n en inteligencia para combatir el crimen - Sarmiento24h","robots":{"index":"index","follow":"follow","max-snippet":"max-snippet:-1","max-image-preview":"max-image-preview:large","max-video-preview":"max-video-preview:-1"},"canonical":"https:\/\/sarmiento24h.com\/?p=152117","og_locale":"es_ES","og_type":"article","og_title":"Delcy Rodr\u00edguez y Gustavo Petro anuncian cooperaci\u00f3n en inteligencia para combatir el crimen - Sarmiento24h","og_description":"El esperado encuentro entre Delcy Rodr\u00edguez y&#46;&#46;&#46;","og_url":"https:\/\/sarmiento24h.com\/?p=152117","og_site_name":"Sarmiento24h","article_publisher":"https:\/\/facebook.com\/s24hnoticias","article_published_time":"2026-04-25T06:16:59+00:00","og_image":[{"url":"https:\/\/s.france24.com\/media\/display\/0210f3e6-4008-11f1-9b9f-005056bf30b7\/w:980\/67bf7f68dbbefc0d5ffa63fd23957c95ba8e8326w.jpg","type":"","width":"","height":""}],"author":"sarmiento24h@gmail.com","twitter_card":"summary_large_image","twitter_creator":"@sarmiento24h","twitter_site":"@sarmiento24h","twitter_misc":{"Escrito por":"sarmiento24h@gmail.com","Tiempo de lectura":"4 minutos"},"schema":{"@context":"https:\/\/schema.org","@graph":[{"@type":"Article","@id":"https:\/\/sarmiento24h.com\/?p=152117#article","isPartOf":{"@id":"https:\/\/sarmiento24h.com\/?p=152117"},"author":{"name":"sarmiento24h@gmail.com","@id":"https:\/\/sarmiento24h.com\/#\/schema\/person\/d653a59725ad629a7e0429af7b939d4d"},"headline":"Delcy Rodr\u00edguez y Gustavo Petro anuncian cooperaci\u00f3n en inteligencia para combatir el crimen","datePublished":"2026-04-25T06:16:59+00:00","mainEntityOfPage":{"@id":"https:\/\/sarmiento24h.com\/?p=152117"},"wordCount":798,"publisher":{"@id":"https:\/\/sarmiento24h.com\/#organization"},"image":{"@id":"https:\/\/sarmiento24h.com\/?p=152117#primaryimage"},"thumbnailUrl":"https:\/\/sarmiento24h.com\/wp-content\/uploads\/2026\/04\/delcy-rodriguez-y-gustavo-petro-anuncian-cooperacion-en-inteligencia-para-combatir-el-crimen.jpg","articleSection":["Internacionales"],"inLanguage":"es"},{"@type":"WebPage","@id":"https:\/\/sarmiento24h.com\/?p=152117","url":"https:\/\/sarmiento24h.com\/?p=152117","name":"Delcy Rodr\u00edguez y Gustavo Petro anuncian cooperaci\u00f3n en inteligencia para combatir el crimen - Sarmiento24h","isPartOf":{"@id":"https:\/\/sarmiento24h.com\/#website"},"primaryImageOfPage":{"@id":"https:\/\/sarmiento24h.com\/?p=152117#primaryimage"},"image":{"@id":"https:\/\/sarmiento24h.com\/?p=152117#primaryimage"},"thumbnailUrl":"https:\/\/sarmiento24h.com\/wp-content\/uploads\/2026\/04\/delcy-rodriguez-y-gustavo-petro-anuncian-cooperacion-en-inteligencia-para-combatir-el-crimen.jpg","datePublished":"2026-04-25T06:16:59+00:00","breadcrumb":{"@id":"https:\/\/sarmiento24h.com\/?p=152117#breadcrumb"},"inLanguage":"es","potentialAction":[{"@type":"ReadAction","target":["https:\/\/sarmiento24h.com\/?p=152117"]}]},{"@type":"ImageObject","inLanguage":"es","@id":"https:\/\/sarmiento24h.com\/?p=152117#primaryimage","url":"https:\/\/sarmiento24h.com\/wp-content\/uploads\/2026\/04\/delcy-rodriguez-y-gustavo-petro-anuncian-cooperacion-en-inteligencia-para-combatir-el-crimen.jpg","contentUrl":"https:\/\/sarmiento24h.com\/wp-content\/uploads\/2026\/04\/delcy-rodriguez-y-gustavo-petro-anuncian-cooperacion-en-inteligencia-para-combatir-el-crimen.jpg","width":980,"height":653},{"@type":"BreadcrumbList","@id":"https:\/\/sarmiento24h.com\/?p=152117#breadcrumb","itemListElement":[{"@type":"ListItem","position":1,"name":"Home","item":"https:\/\/sarmiento24h.com\/"},{"@type":"ListItem","position":2,"name":"Delcy Rodr\u00edguez y Gustavo Petro anuncian cooperaci\u00f3n en inteligencia para combatir el crimen"}]},{"@type":"WebSite","@id":"https:\/\/sarmiento24h.com\/#website","url":"https:\/\/sarmiento24h.com\/","name":"Sarmiento24h","description":"","publisher":{"@id":"https:\/\/sarmiento24h.com\/#organization"},"potentialAction":[{"@type":"SearchAction","target":{"@type":"EntryPoint","urlTemplate":"https:\/\/sarmiento24h.com\/?s={search_term_string}"},"query-input":{"@type":"PropertyValueSpecification","valueRequired":true,"valueName":"search_term_string"}}],"inLanguage":"es"},{"@type":"Organization","@id":"https:\/\/sarmiento24h.com\/#organization","name":"Sarmiento24h","url":"https:\/\/sarmiento24h.com\/","logo":{"@type":"ImageObject","inLanguage":"es","@id":"https:\/\/sarmiento24h.com\/#\/schema\/logo\/image\/","url":"https:\/\/sarmiento24h.com\/wp-content\/uploads\/2025\/12\/AddText_12-16-10.30.52.jpg","contentUrl":"https:\/\/sarmiento24h.com\/wp-content\/uploads\/2025\/12\/AddText_12-16-10.30.52.jpg","width":1220,"height":324,"caption":"Sarmiento24h"},"image":{"@id":"https:\/\/sarmiento24h.com\/#\/schema\/logo\/image\/"},"sameAs":["https:\/\/facebook.com\/s24hnoticias","https:\/\/x.com\/sarmiento24h"]},{"@type":"Person","@id":"https:\/\/sarmiento24h.com\/#\/schema\/person\/d653a59725ad629a7e0429af7b939d4d","name":"sarmiento24h@gmail.com","image":{"@type":"ImageObject","inLanguage":"es","@id":"https:\/\/sarmiento24h.com\/wp-content\/litespeed\/avatar\/d02cbc4e23c747e6659cd45907173c8f.jpg?ver=1776552964","url":"https:\/\/sarmiento24h.com\/wp-content\/litespeed\/avatar\/d02cbc4e23c747e6659cd45907173c8f.jpg?ver=1776552964","contentUrl":"https:\/\/sarmiento24h.com\/wp-content\/litespeed\/avatar\/d02cbc4e23c747e6659cd45907173c8f.jpg?ver=1776552964","caption":"sarmiento24h@gmail.com"},"sameAs":["https:\/\/sarmiento24h.com"],"url":"https:\/\/sarmiento24h.com\/?author=1"}]}},"jetpack_publicize_connections":[],"jetpack_featured_media_url":"https:\/\/sarmiento24h.com\/wp-content\/uploads\/2026\/04\/delcy-rodriguez-y-gustavo-petro-anuncian-cooperacion-en-inteligencia-para-combatir-el-crimen.jpg","jetpack_sharing_enabled":true,"_links":{"self":[{"href":"https:\/\/sarmiento24h.com\/index.php?rest_route=\/wp\/v2\/posts\/152117","targetHints":{"allow":["GET"]}}],"collection":[{"href":"https:\/\/sarmiento24h.com\/index.php?rest_route=\/wp\/v2\/posts"}],"about":[{"href":"https:\/\/sarmiento24h.com\/index.php?rest_route=\/wp\/v2\/types\/post"}],"author":[{"embeddable":true,"href":"https:\/\/sarmiento24h.com\/index.php?rest_route=\/wp\/v2\/users\/1"}],"replies":[{"embeddable":true,"href":"https:\/\/sarmiento24h.com\/index.php?rest_route=%2Fwp%2Fv2%2Fcomments&post=152117"}],"version-history":[{"count":0,"href":"https:\/\/sarmiento24h.com\/index.php?rest_route=\/wp\/v2\/posts\/152117\/revisions"}],"wp:featuredmedia":[{"embeddable":true,"href":"https:\/\/sarmiento24h.com\/index.php?rest_route=\/wp\/v2\/media\/152118"}],"wp:attachment":[{"href":"https:\/\/sarmiento24h.com\/index.php?rest_route=%2Fwp%2Fv2%2Fmedia&parent=152117"}],"wp:term":[{"taxonomy":"category","embeddable":true,"href":"https:\/\/sarmiento24h.com\/index.php?rest_route=%2Fwp%2Fv2%2Fcategories&post=152117"},{"taxonomy":"post_tag","embeddable":true,"href":"https:\/\/sarmiento24h.com\/index.php?rest_route=%2Fwp%2Fv2%2Ftags&post=152117"}],"curies":[{"name":"wp","href":"https:\/\/api.w.org\/{rel}","templated":true}]}}