{"id":155734,"date":"2026-04-26T13:07:16","date_gmt":"2026-04-26T13:07:16","guid":{"rendered":"http:\/\/19f7489a-416e-11f1-91e6-97f30aa51f90"},"modified":"2026-04-26T13:07:16","modified_gmt":"2026-04-26T13:07:16","slug":"el-sospechoso-tenia-como-objetivo-a-funcionarios-de-la-administracion-trump-segun-el-fiscal-general","status":"publish","type":"post","link":"https:\/\/sarmiento24h.com\/?p=155734","title":{"rendered":"El sospechoso ten\u00eda como objetivo a funcionarios de la administraci\u00f3n Trump, seg\u00fan el fiscal general"},"content":{"rendered":"<nav class=\"m-breadcrumb\" role=\"navigation\">\n<ol class=\"m-breadcrumb__list\">\n<li class=\"m-breadcrumb__list__item\"><a href=\"https:\/\/www.france24.com\/es\/\" class=\"m-breadcrumb__list__item__link\"> Portada <\/a><\/li>\n<li class=\"m-breadcrumb__list__item\"> <svg class=\"a-svg a-svg--icon-caret-right a-svg--rotate-minus-90\"> <use xlink:href=\"\/build\/images\/svg\/sprite.c98bf387c90bc4a87186b0b783f15ba0.svg#icon-caret-down\" href=\"\/build\/images\/svg\/sprite.c98bf387c90bc4a87186b0b783f15ba0.svg#icon-caret-down\" \/> <\/svg><br \/>\n<a href=\"https:\/\/www.france24.com\/es\/eeuu-canad%C3%A1\/\" class=\"m-breadcrumb__list__item__link\"> EE. UU. y Canad\u00e1 <\/a><\/li>\n<\/ol>\n<\/nav>\n<div class=\"t-content__above-main\">\n<p>En Directo<\/p>\n<div class=\"m-master-tag\">\n<p> <span class=\"a-section-color\"><\/span> EE. UU. y Canad\u00e1 <\/p>\n<\/p><\/div>\n<div class=\"t-content__metadata\" readability=\"5.4953271028037\">\n<div class=\"t-content__dates\" readability=\"32\">\n<p class=\"m-pub-dates\"><span class=\"m-pub-dates__date\">Primera modificaci\u00f3n: <time datetime=\"2026-04-26T12:58:49+00:00\" pubdate=\"pubdate\">26\/04\/2026 &#8211; 14:58<\/time><\/span><span class=\"m-pub-dates__date\">\u00daltima modificaci\u00f3n: <time datetime=\"2026-04-26T13:06:31+00:00\">26\/04\/2026 &#8211; 15:06<\/time><\/span><\/p>\n<\/p><\/div>\n<\/p><\/div>\n<div class=\"t-content__main-media\">\n<figure class=\"m-item-image m-item-image--16x9 m-item-image--has-caption\"> <picture class=\"a-picture a-picture--16x9\"><source type=\"image\/webp\" srcset=\"https:\/\/s.france24.com\/media\/display\/2d65978a-416c-11f1-a446-005056bf30b7\/w:388\/p:16x9\/AP26116148340051.webp 388w, https:\/\/s.france24.com\/media\/display\/2d65978a-416c-11f1-a446-005056bf30b7\/w:720\/p:16x9\/AP26116148340051.webp 720w, https:\/\/s.france24.com\/media\/display\/2d65978a-416c-11f1-a446-005056bf30b7\/w:1024\/p:16x9\/AP26116148340051.webp 1024w\" sizes=\"(max-width: 1076px) 100vw, 1012px\"><img fetchpriority=\"high\" decoding=\"auto\" src=\"https:\/\/s.france24.com\/media\/display\/2d65978a-416c-11f1-a446-005056bf30b7\/w:1024\/p:16x9\/AP26116148340051.jpg\" srcset=\"https:\/\/s.france24.com\/media\/display\/2d65978a-416c-11f1-a446-005056bf30b7\/w:388\/p:16x9\/AP26116148340051.jpg 388w, https:\/\/s.france24.com\/media\/display\/2d65978a-416c-11f1-a446-005056bf30b7\/w:720\/p:16x9\/AP26116148340051.jpg 720w, https:\/\/s.france24.com\/media\/display\/2d65978a-416c-11f1-a446-005056bf30b7\/w:1024\/p:16x9\/AP26116148340051.jpg 1024w\" sizes=\"(max-width: 1076px) 100vw, 1012px\" width=\"1024\" height=\"576\" alt=\"El presidente Donald Trump llega a la sala de prensa de la Casa Blanca tras un tiroteo ocurrido fuera del sal\u00f3n de baile durante la cena anual de la Asociaci\u00f3n de Corresponsales de la Casa Blanca, celebrada en Washington, Estados Unidos, el 25 de abril de 2026.\" loading=\"eager\" class=\"a-img \">\n<\/picture><figcaption class=\"a-figcaption\"> <span>El presidente Donald Trump llega a la sala de prensa de la Casa Blanca tras un tiroteo ocurrido fuera del sal\u00f3n de baile durante la cena anual de la Asociaci\u00f3n de Corresponsales de la Casa Blanca, celebrada en Washington, Estados Unidos, el 25 de abril de 2026.<\/span> <span>\u00a9 Tom Brenner \/ AP<\/span> <\/figcaption><\/figure>\n<\/p><\/div>\n<\/p><\/div>\n<div class=\"t-content__main\" data-article-content readability=\"41.24308088393\">\n<p class=\"t-content__chapo\"> Las reacciones internacionales se multiplican despu\u00e9s de que un tirador intentara irrumpir en la cena anual de la Asociaci\u00f3n de Corresponsales de la Casa Blanca (WHCA), a la que asist\u00eda Donald Trump el s\u00e1bado por la noche. El presidente estadounidense ha sido evacuado tras los disparos y un sospechoso fue detenido. <\/p>\n<div class=\"t-content__body u-clearfix\" readability=\"41.187096774194\">\n<h2><strong>\u200b\u200b\u200b\u200b\u200b\u200bLo ensencial:<\/strong><\/h2>\n<ul>\n<li>Donald Trump y otros miembros de la administraci\u00f3n<strong> fueron evacuados tras disparos en la cena de los corresponsales el s\u00e1bado 25 de abril.<\/strong><\/li>\n<li><strong>Se ha detenido a un sospechoso,<\/strong> identificado por varios medios de comunicaci\u00f3n estadounidenses, que citan fuentes policiales, como Cole Tomas Allen, de 31 a\u00f1os.<\/li>\n<li>El fiscal general interino de <a href=\"https:\/\/www.france24.com\/es\/tag\/estados-unidos\/\" target=\"_self\" class=\"gtm-add-suggested-tag\">Estados Unidos<\/a> afirma que<strong> el sospechoso probablemente ten\u00eda como objetivo a funcionarios de la administraci\u00f3n Trump<\/strong><\/li>\n<li>Varios dirigentes internacionales, como el presidente <a href=\"https:\/\/www.france24.com\/es\/tag\/franc\u00e9s\/\" target=\"_self\" class=\"gtm-add-suggested-tag\">franc\u00e9s<\/a> <a href=\"https:\/\/www.france24.com\/es\/tag\/emmanuel-macron\/\" target=\"_self\" class=\"gtm-add-suggested-tag\">Emmanuel Macron<\/a> y el primer ministro brit\u00e1nico <a href=\"https:\/\/www.france24.com\/es\/tag\/keir-starmer\/\" target=\"_self\" class=\"gtm-add-suggested-tag\">Keir Starmer<\/a> expresaron solidaridad con&nbsp;<a href=\"https:\/\/www.france24.com\/es\/tag\/donald-trump\/\" target=\"_self\" class=\"gtm-add-suggested-tag\">Donald Trump<\/a>.<\/li>\n<\/ul>\n<p>A continuaci\u00f3n, las reacciones y el desarrollo de la noticia relacionada con los disparos que interrumpieron el s\u00e1bado una cena de gala en el hotel Hilton de Washington, obligando a la evacuaci\u00f3n inmediata de Donald Trump, <a href=\"https:\/\/www.france24.com\/es\/tag\/melania-trump\/\" target=\"_self\" class=\"gtm-add-suggested-tag\">Melania Trump<\/a> y <a href=\"https:\/\/www.france24.com\/es\/tag\/j-d-vance\/\" target=\"_self\" class=\"gtm-add-suggested-tag\">J.D. Vance<\/a>:<\/p>\n<div id=\"em-WBMZ386734-F24-ES-20260426\" class=\"m-em-liveblog\" data-liveblog>\n<div readability=\"38\">\n<div readability=\"16\"> <time datetime=\"2026-04-26T13:03:31+00:00\">26\/04\/2026 &#8211; 15:03<\/time><\/p>\n<h2 aria-level=\"3\">Keir Starmer dice estar \u201cconmocionado\u201d y condena el tiroteo<\/h2>\n<p><span>El primer ministro brit\u00e1nico, Keir Starmer, dijo estar \u201cconmocionado\u201d por el tiroteo ocurrido durante la cena de la prensa en Washington, y expres\u00f3 su \u00abinmenso alivio\u00bb al saber que el presidente Donald Trump y los dem\u00e1s participantes se encontraran a salvo.<\/span><\/p>\n<p><span><span class=\"ql-cursor\">\ufeff<\/span><\/span><\/p>\n<p><span>\u201cCualquier ataque contra las instituciones democr\u00e1ticas o contra la libertad de prensa debe ser condenado con la mayor firmeza\u201d, declar\u00f3 Keir Starmer en su cuenta de X el domingo.<\/span><\/p>\n<\/p><\/div>\n<div readability=\"12\"> <time datetime=\"2026-04-26T12:56:47+00:00\">26\/04\/2026 &#8211; 14:56<\/time><\/p>\n<h2 aria-level=\"3\">El sospechoso \u201cno coopera activamente\u201d con la investigaci\u00f3n del ataque contra Trump, seg\u00fan el fiscal general interino<\/h2>\n<p><span>El fiscal general interino, Todd Blanche, indic\u00f3 que el presunto agresor \u201cno est\u00e1 cooperando activamente\u201d y que se cree que viaj\u00f3 a Washington en tren desde Los \u00c1ngeles pasando por Chicago, en declaraciones al programa \u201cFace the Nation\u201d del canal CBS News.<\/span><\/p>\n<\/p><\/div>\n<div readability=\"16\"> <time datetime=\"2026-04-26T12:47:27+00:00\">26\/04\/2026 &#8211; 14:47<\/time><\/p>\n<h2 aria-level=\"3\">El sospechoso probablemente ten\u00eda como objetivo a funcionarios de la administraci\u00f3n Trump, seg\u00fan el fiscal general interino<\/h2>\n<p><span>El fiscal general interino de Estados Unidos, Todd Blanche, declar\u00f3 que las fuerzas del orden consideran que el presunto tirador ten\u00eda como objetivo a funcionarios de la administraci\u00f3n Trump.<\/span><\/p>\n<p><span><span class=\"ql-cursor\">\ufeff<\/span><\/span><\/p>\n<p><span>\u201cParece claro que ten\u00eda la intenci\u00f3n de atacar a personas que trabajan en la administraci\u00f3n, incluyendo probablemente al presidente\u201d, declar\u00f3 Todd Blanche en el programa \u00abMeet the Press\u00bb del canal NBC News.<\/span><\/p>\n<\/p><\/div>\n<div readability=\"15\"> <time datetime=\"2026-04-26T12:43:49+00:00\">26\/04\/2026 &#8211; 14:43<\/time><\/p>\n<h2 aria-level=\"3\">Un sospechoso detenido, comparecer\u00e1 ante la justicia el lunes<\/h2>\n<p><span>Donald Trump comparti\u00f3 fotos del presunto tirador en lo que parece ser el vest\u00edbulo del Hilton. Las autoridades a\u00fan no han confirmado p\u00fablicamente su identidad, pero seg\u00fan los medios de comunicaci\u00f3n estadounidenses, se trata de un hombre de 31 a\u00f1os llamado Cole Tomas Allen, originario de Torrance, California. Actualmente enfrenta los cargos de uso de un arma de fuego en un delito violento y agresi\u00f3n a un agente federal con un arma, precis\u00f3 la fiscal federal Jeanine Pirro. <\/span><\/p>\n<\/p><\/div>\n<div readability=\"32\"> <time datetime=\"2026-04-26T12:41:27+00:00\">26\/04\/2026 &#8211; 14:41<\/time><\/p>\n<h2 aria-level=\"3\">\u00daltimos elementos:<\/h2>\n<ul>\n<li><strong>Donald Trump evacuado tras un tiroteo en la cena de corresponsales<\/strong><\/li>\n<\/ul>\n<p><span>Seg\u00fan periodistas de la AFP y otros testigos, se escucharon disparos tras el discurso de bienvenida durante la cena de gala celebrada el s\u00e1bado por la noche en el hotel Hilton de Washington D. C. Equipos de seguridad, con armas en mano, tomaron posiciones en el escenario donde Donald Trump estaba sentado junto a su esposa Melania, el vicepresidente, J.D. Vance, y otros funcionarios, quienes fueron r\u00e1pidamente evacuados. Seg\u00fan las autoridades, un \u201ctirador solitario\u201d forz\u00f3 un control de seguridad en el vest\u00edbulo del hotel, justo afuera del sal\u00f3n de baile donde se celebraba la cena.<\/span><\/p>\n<ul>\n<li><strong>La investigaci\u00f3n a cargo del FBI<\/strong><\/li>\n<\/ul>\n<p><span>Se encontraron un rifle y casquillos en el lugar de los hechos, indic\u00f3 el director del FBI, Kash Patel, y agreg\u00f3 que la agencia federal estaba tomando declaraci\u00f3n a testigos como parte de sus investigaciones. <\/span><\/p>\n<ul>\n<li><strong>La seguridad del hotel en cuesti\u00f3n<\/strong><\/li>\n<\/ul>\n<p><span>Se han planteado dudas sobre el dispositivo de seguridad de la recepci\u00f3n y sobre c\u00f3mo se pudo introducir un arma en el hotel. Algunos participantes indicaron que se hab\u00eda instalado un arco detector de metales fuera del sal\u00f3n de baile, pero que no hab\u00eda ning\u00fan control de este tipo antes ni en la propia entrada del hotel.<\/span><\/p>\n<\/p><\/div>\n<\/p><\/div>\n<\/p><\/div>\n<p>Con informaci\u00f3n de EFE, AFP, Reuters, AP y medios locales<\/p>\n<\/p><\/div>\n<\/p><\/div>\n","protected":false},"excerpt":{"rendered":"<p>Portada EE. UU. y Canad\u00e1 En Directo&#46;&#46;&#46;<\/p>\n","protected":false},"author":1,"featured_media":155735,"comment_status":"closed","ping_status":"closed","sticky":false,"template":"","format":"standard","meta":{"_jetpack_memberships_contains_paid_content":false,"footnotes":"","jetpack_publicize_message":"","jetpack_publicize_feature_enabled":true,"jetpack_social_post_already_shared":true,"jetpack_social_options":{"image_generator_settings":{"template":"highway","default_image_id":0,"font":"","enabled":false},"version":2}},"categories":[43],"tags":[],"class_list":["post-155734","post","type-post","status-publish","format-standard","has-post-thumbnail","hentry","category-internacionales"],"yoast_head":"<!-- This site is optimized with the Yoast SEO plugin v27.3 - https:\/\/yoast.com\/product\/yoast-seo-wordpress\/ -->\n<title>El sospechoso ten\u00eda como objetivo a funcionarios de la administraci\u00f3n Trump, seg\u00fan el fiscal general - Sarmiento24h<\/title>\n<meta name=\"robots\" content=\"index, follow, max-snippet:-1, max-image-preview:large, max-video-preview:-1\" \/>\n<link rel=\"canonical\" href=\"https:\/\/sarmiento24h.com\/?p=155734\" \/>\n<meta property=\"og:locale\" content=\"es_ES\" \/>\n<meta property=\"og:type\" content=\"article\" \/>\n<meta property=\"og:title\" content=\"El sospechoso ten\u00eda como objetivo a funcionarios de la administraci\u00f3n Trump, seg\u00fan el fiscal general - Sarmiento24h\" \/>\n<meta property=\"og:description\" content=\"Portada EE. UU. y Canad\u00e1 En Directo&#046;&#046;&#046;\" \/>\n<meta property=\"og:url\" content=\"https:\/\/sarmiento24h.com\/?p=155734\" \/>\n<meta property=\"og:site_name\" content=\"Sarmiento24h\" \/>\n<meta property=\"article:publisher\" content=\"https:\/\/facebook.com\/s24hnoticias\" \/>\n<meta property=\"article:published_time\" content=\"2026-04-26T13:07:16+00:00\" \/>\n<meta property=\"og:image\" content=\"https:\/\/s.france24.com\/media\/display\/2d65978a-416c-11f1-a446-005056bf30b7\/w:1024\/p:16x9\/AP26116148340051.jpg\" \/>\n<meta name=\"author\" content=\"sarmiento24h@gmail.com\" \/>\n<meta name=\"twitter:card\" content=\"summary_large_image\" \/>\n<meta name=\"twitter:creator\" content=\"@sarmiento24h\" \/>\n<meta name=\"twitter:site\" content=\"@sarmiento24h\" \/>\n<meta name=\"twitter:label1\" content=\"Escrito por\" \/>\n\t<meta name=\"twitter:data1\" content=\"sarmiento24h@gmail.com\" \/>\n\t<meta name=\"twitter:label2\" content=\"Tiempo de lectura\" \/>\n\t<meta name=\"twitter:data2\" content=\"4 minutos\" \/>\n<script type=\"application\/ld+json\" class=\"yoast-schema-graph\">{\"@context\":\"https:\\\/\\\/schema.org\",\"@graph\":[{\"@type\":\"Article\",\"@id\":\"https:\\\/\\\/sarmiento24h.com\\\/?p=155734#article\",\"isPartOf\":{\"@id\":\"https:\\\/\\\/sarmiento24h.com\\\/?p=155734\"},\"author\":{\"name\":\"sarmiento24h@gmail.com\",\"@id\":\"https:\\\/\\\/sarmiento24h.com\\\/#\\\/schema\\\/person\\\/d653a59725ad629a7e0429af7b939d4d\"},\"headline\":\"El sospechoso ten\u00eda como objetivo a funcionarios de la administraci\u00f3n Trump, seg\u00fan el fiscal general\",\"datePublished\":\"2026-04-26T13:07:16+00:00\",\"mainEntityOfPage\":{\"@id\":\"https:\\\/\\\/sarmiento24h.com\\\/?p=155734\"},\"wordCount\":851,\"publisher\":{\"@id\":\"https:\\\/\\\/sarmiento24h.com\\\/#organization\"},\"image\":{\"@id\":\"https:\\\/\\\/sarmiento24h.com\\\/?p=155734#primaryimage\"},\"thumbnailUrl\":\"https:\\\/\\\/sarmiento24h.com\\\/wp-content\\\/uploads\\\/2026\\\/04\\\/el-sospechoso-tenia-como-objetivo-a-funcionarios-de-la-administracion-trump-segun-el-fiscal-general.jpg\",\"articleSection\":[\"Internacionales\"],\"inLanguage\":\"es\"},{\"@type\":\"WebPage\",\"@id\":\"https:\\\/\\\/sarmiento24h.com\\\/?p=155734\",\"url\":\"https:\\\/\\\/sarmiento24h.com\\\/?p=155734\",\"name\":\"El sospechoso ten\u00eda como objetivo a funcionarios de la administraci\u00f3n Trump, seg\u00fan el fiscal general - Sarmiento24h\",\"isPartOf\":{\"@id\":\"https:\\\/\\\/sarmiento24h.com\\\/#website\"},\"primaryImageOfPage\":{\"@id\":\"https:\\\/\\\/sarmiento24h.com\\\/?p=155734#primaryimage\"},\"image\":{\"@id\":\"https:\\\/\\\/sarmiento24h.com\\\/?p=155734#primaryimage\"},\"thumbnailUrl\":\"https:\\\/\\\/sarmiento24h.com\\\/wp-content\\\/uploads\\\/2026\\\/04\\\/el-sospechoso-tenia-como-objetivo-a-funcionarios-de-la-administracion-trump-segun-el-fiscal-general.jpg\",\"datePublished\":\"2026-04-26T13:07:16+00:00\",\"breadcrumb\":{\"@id\":\"https:\\\/\\\/sarmiento24h.com\\\/?p=155734#breadcrumb\"},\"inLanguage\":\"es\",\"potentialAction\":[{\"@type\":\"ReadAction\",\"target\":[\"https:\\\/\\\/sarmiento24h.com\\\/?p=155734\"]}]},{\"@type\":\"ImageObject\",\"inLanguage\":\"es\",\"@id\":\"https:\\\/\\\/sarmiento24h.com\\\/?p=155734#primaryimage\",\"url\":\"https:\\\/\\\/sarmiento24h.com\\\/wp-content\\\/uploads\\\/2026\\\/04\\\/el-sospechoso-tenia-como-objetivo-a-funcionarios-de-la-administracion-trump-segun-el-fiscal-general.jpg\",\"contentUrl\":\"https:\\\/\\\/sarmiento24h.com\\\/wp-content\\\/uploads\\\/2026\\\/04\\\/el-sospechoso-tenia-como-objetivo-a-funcionarios-de-la-administracion-trump-segun-el-fiscal-general.jpg\",\"width\":1024,\"height\":576},{\"@type\":\"BreadcrumbList\",\"@id\":\"https:\\\/\\\/sarmiento24h.com\\\/?p=155734#breadcrumb\",\"itemListElement\":[{\"@type\":\"ListItem\",\"position\":1,\"name\":\"Home\",\"item\":\"https:\\\/\\\/sarmiento24h.com\\\/\"},{\"@type\":\"ListItem\",\"position\":2,\"name\":\"El sospechoso ten\u00eda como objetivo a funcionarios de la administraci\u00f3n Trump, seg\u00fan el fiscal general\"}]},{\"@type\":\"WebSite\",\"@id\":\"https:\\\/\\\/sarmiento24h.com\\\/#website\",\"url\":\"https:\\\/\\\/sarmiento24h.com\\\/\",\"name\":\"Sarmiento24h\",\"description\":\"\",\"publisher\":{\"@id\":\"https:\\\/\\\/sarmiento24h.com\\\/#organization\"},\"potentialAction\":[{\"@type\":\"SearchAction\",\"target\":{\"@type\":\"EntryPoint\",\"urlTemplate\":\"https:\\\/\\\/sarmiento24h.com\\\/?s={search_term_string}\"},\"query-input\":{\"@type\":\"PropertyValueSpecification\",\"valueRequired\":true,\"valueName\":\"search_term_string\"}}],\"inLanguage\":\"es\"},{\"@type\":\"Organization\",\"@id\":\"https:\\\/\\\/sarmiento24h.com\\\/#organization\",\"name\":\"Sarmiento24h\",\"url\":\"https:\\\/\\\/sarmiento24h.com\\\/\",\"logo\":{\"@type\":\"ImageObject\",\"inLanguage\":\"es\",\"@id\":\"https:\\\/\\\/sarmiento24h.com\\\/#\\\/schema\\\/logo\\\/image\\\/\",\"url\":\"https:\\\/\\\/sarmiento24h.com\\\/wp-content\\\/uploads\\\/2025\\\/12\\\/AddText_12-16-10.30.52.jpg\",\"contentUrl\":\"https:\\\/\\\/sarmiento24h.com\\\/wp-content\\\/uploads\\\/2025\\\/12\\\/AddText_12-16-10.30.52.jpg\",\"width\":1220,\"height\":324,\"caption\":\"Sarmiento24h\"},\"image\":{\"@id\":\"https:\\\/\\\/sarmiento24h.com\\\/#\\\/schema\\\/logo\\\/image\\\/\"},\"sameAs\":[\"https:\\\/\\\/facebook.com\\\/s24hnoticias\",\"https:\\\/\\\/x.com\\\/sarmiento24h\"]},{\"@type\":\"Person\",\"@id\":\"https:\\\/\\\/sarmiento24h.com\\\/#\\\/schema\\\/person\\\/d653a59725ad629a7e0429af7b939d4d\",\"name\":\"sarmiento24h@gmail.com\",\"image\":{\"@type\":\"ImageObject\",\"inLanguage\":\"es\",\"@id\":\"https:\\\/\\\/sarmiento24h.com\\\/wp-content\\\/litespeed\\\/avatar\\\/d02cbc4e23c747e6659cd45907173c8f.jpg?ver=1777157796\",\"url\":\"https:\\\/\\\/sarmiento24h.com\\\/wp-content\\\/litespeed\\\/avatar\\\/d02cbc4e23c747e6659cd45907173c8f.jpg?ver=1777157796\",\"contentUrl\":\"https:\\\/\\\/sarmiento24h.com\\\/wp-content\\\/litespeed\\\/avatar\\\/d02cbc4e23c747e6659cd45907173c8f.jpg?ver=1777157796\",\"caption\":\"sarmiento24h@gmail.com\"},\"sameAs\":[\"https:\\\/\\\/sarmiento24h.com\"],\"url\":\"https:\\\/\\\/sarmiento24h.com\\\/?author=1\"}]}<\/script>\n<!-- \/ Yoast SEO plugin. -->","yoast_head_json":{"title":"El sospechoso ten\u00eda como objetivo a funcionarios de la administraci\u00f3n Trump, seg\u00fan el fiscal general - Sarmiento24h","robots":{"index":"index","follow":"follow","max-snippet":"max-snippet:-1","max-image-preview":"max-image-preview:large","max-video-preview":"max-video-preview:-1"},"canonical":"https:\/\/sarmiento24h.com\/?p=155734","og_locale":"es_ES","og_type":"article","og_title":"El sospechoso ten\u00eda como objetivo a funcionarios de la administraci\u00f3n Trump, seg\u00fan el fiscal general - Sarmiento24h","og_description":"Portada EE. UU. y Canad\u00e1 En Directo&#46;&#46;&#46;","og_url":"https:\/\/sarmiento24h.com\/?p=155734","og_site_name":"Sarmiento24h","article_publisher":"https:\/\/facebook.com\/s24hnoticias","article_published_time":"2026-04-26T13:07:16+00:00","og_image":[{"url":"https:\/\/s.france24.com\/media\/display\/2d65978a-416c-11f1-a446-005056bf30b7\/w:1024\/p:16x9\/AP26116148340051.jpg","type":"","width":"","height":""}],"author":"sarmiento24h@gmail.com","twitter_card":"summary_large_image","twitter_creator":"@sarmiento24h","twitter_site":"@sarmiento24h","twitter_misc":{"Escrito por":"sarmiento24h@gmail.com","Tiempo de lectura":"4 minutos"},"schema":{"@context":"https:\/\/schema.org","@graph":[{"@type":"Article","@id":"https:\/\/sarmiento24h.com\/?p=155734#article","isPartOf":{"@id":"https:\/\/sarmiento24h.com\/?p=155734"},"author":{"name":"sarmiento24h@gmail.com","@id":"https:\/\/sarmiento24h.com\/#\/schema\/person\/d653a59725ad629a7e0429af7b939d4d"},"headline":"El sospechoso ten\u00eda como objetivo a funcionarios de la administraci\u00f3n Trump, seg\u00fan el fiscal general","datePublished":"2026-04-26T13:07:16+00:00","mainEntityOfPage":{"@id":"https:\/\/sarmiento24h.com\/?p=155734"},"wordCount":851,"publisher":{"@id":"https:\/\/sarmiento24h.com\/#organization"},"image":{"@id":"https:\/\/sarmiento24h.com\/?p=155734#primaryimage"},"thumbnailUrl":"https:\/\/sarmiento24h.com\/wp-content\/uploads\/2026\/04\/el-sospechoso-tenia-como-objetivo-a-funcionarios-de-la-administracion-trump-segun-el-fiscal-general.jpg","articleSection":["Internacionales"],"inLanguage":"es"},{"@type":"WebPage","@id":"https:\/\/sarmiento24h.com\/?p=155734","url":"https:\/\/sarmiento24h.com\/?p=155734","name":"El sospechoso ten\u00eda como objetivo a funcionarios de la administraci\u00f3n Trump, seg\u00fan el fiscal general - Sarmiento24h","isPartOf":{"@id":"https:\/\/sarmiento24h.com\/#website"},"primaryImageOfPage":{"@id":"https:\/\/sarmiento24h.com\/?p=155734#primaryimage"},"image":{"@id":"https:\/\/sarmiento24h.com\/?p=155734#primaryimage"},"thumbnailUrl":"https:\/\/sarmiento24h.com\/wp-content\/uploads\/2026\/04\/el-sospechoso-tenia-como-objetivo-a-funcionarios-de-la-administracion-trump-segun-el-fiscal-general.jpg","datePublished":"2026-04-26T13:07:16+00:00","breadcrumb":{"@id":"https:\/\/sarmiento24h.com\/?p=155734#breadcrumb"},"inLanguage":"es","potentialAction":[{"@type":"ReadAction","target":["https:\/\/sarmiento24h.com\/?p=155734"]}]},{"@type":"ImageObject","inLanguage":"es","@id":"https:\/\/sarmiento24h.com\/?p=155734#primaryimage","url":"https:\/\/sarmiento24h.com\/wp-content\/uploads\/2026\/04\/el-sospechoso-tenia-como-objetivo-a-funcionarios-de-la-administracion-trump-segun-el-fiscal-general.jpg","contentUrl":"https:\/\/sarmiento24h.com\/wp-content\/uploads\/2026\/04\/el-sospechoso-tenia-como-objetivo-a-funcionarios-de-la-administracion-trump-segun-el-fiscal-general.jpg","width":1024,"height":576},{"@type":"BreadcrumbList","@id":"https:\/\/sarmiento24h.com\/?p=155734#breadcrumb","itemListElement":[{"@type":"ListItem","position":1,"name":"Home","item":"https:\/\/sarmiento24h.com\/"},{"@type":"ListItem","position":2,"name":"El sospechoso ten\u00eda como objetivo a funcionarios de la administraci\u00f3n Trump, seg\u00fan el fiscal general"}]},{"@type":"WebSite","@id":"https:\/\/sarmiento24h.com\/#website","url":"https:\/\/sarmiento24h.com\/","name":"Sarmiento24h","description":"","publisher":{"@id":"https:\/\/sarmiento24h.com\/#organization"},"potentialAction":[{"@type":"SearchAction","target":{"@type":"EntryPoint","urlTemplate":"https:\/\/sarmiento24h.com\/?s={search_term_string}"},"query-input":{"@type":"PropertyValueSpecification","valueRequired":true,"valueName":"search_term_string"}}],"inLanguage":"es"},{"@type":"Organization","@id":"https:\/\/sarmiento24h.com\/#organization","name":"Sarmiento24h","url":"https:\/\/sarmiento24h.com\/","logo":{"@type":"ImageObject","inLanguage":"es","@id":"https:\/\/sarmiento24h.com\/#\/schema\/logo\/image\/","url":"https:\/\/sarmiento24h.com\/wp-content\/uploads\/2025\/12\/AddText_12-16-10.30.52.jpg","contentUrl":"https:\/\/sarmiento24h.com\/wp-content\/uploads\/2025\/12\/AddText_12-16-10.30.52.jpg","width":1220,"height":324,"caption":"Sarmiento24h"},"image":{"@id":"https:\/\/sarmiento24h.com\/#\/schema\/logo\/image\/"},"sameAs":["https:\/\/facebook.com\/s24hnoticias","https:\/\/x.com\/sarmiento24h"]},{"@type":"Person","@id":"https:\/\/sarmiento24h.com\/#\/schema\/person\/d653a59725ad629a7e0429af7b939d4d","name":"sarmiento24h@gmail.com","image":{"@type":"ImageObject","inLanguage":"es","@id":"https:\/\/sarmiento24h.com\/wp-content\/litespeed\/avatar\/d02cbc4e23c747e6659cd45907173c8f.jpg?ver=1777157796","url":"https:\/\/sarmiento24h.com\/wp-content\/litespeed\/avatar\/d02cbc4e23c747e6659cd45907173c8f.jpg?ver=1777157796","contentUrl":"https:\/\/sarmiento24h.com\/wp-content\/litespeed\/avatar\/d02cbc4e23c747e6659cd45907173c8f.jpg?ver=1777157796","caption":"sarmiento24h@gmail.com"},"sameAs":["https:\/\/sarmiento24h.com"],"url":"https:\/\/sarmiento24h.com\/?author=1"}]}},"jetpack_publicize_connections":[],"jetpack_featured_media_url":"https:\/\/sarmiento24h.com\/wp-content\/uploads\/2026\/04\/el-sospechoso-tenia-como-objetivo-a-funcionarios-de-la-administracion-trump-segun-el-fiscal-general.jpg","jetpack_sharing_enabled":true,"_links":{"self":[{"href":"https:\/\/sarmiento24h.com\/index.php?rest_route=\/wp\/v2\/posts\/155734","targetHints":{"allow":["GET"]}}],"collection":[{"href":"https:\/\/sarmiento24h.com\/index.php?rest_route=\/wp\/v2\/posts"}],"about":[{"href":"https:\/\/sarmiento24h.com\/index.php?rest_route=\/wp\/v2\/types\/post"}],"author":[{"embeddable":true,"href":"https:\/\/sarmiento24h.com\/index.php?rest_route=\/wp\/v2\/users\/1"}],"replies":[{"embeddable":true,"href":"https:\/\/sarmiento24h.com\/index.php?rest_route=%2Fwp%2Fv2%2Fcomments&post=155734"}],"version-history":[{"count":0,"href":"https:\/\/sarmiento24h.com\/index.php?rest_route=\/wp\/v2\/posts\/155734\/revisions"}],"wp:featuredmedia":[{"embeddable":true,"href":"https:\/\/sarmiento24h.com\/index.php?rest_route=\/wp\/v2\/media\/155735"}],"wp:attachment":[{"href":"https:\/\/sarmiento24h.com\/index.php?rest_route=%2Fwp%2Fv2%2Fmedia&parent=155734"}],"wp:term":[{"taxonomy":"category","embeddable":true,"href":"https:\/\/sarmiento24h.com\/index.php?rest_route=%2Fwp%2Fv2%2Fcategories&post=155734"},{"taxonomy":"post_tag","embeddable":true,"href":"https:\/\/sarmiento24h.com\/index.php?rest_route=%2Fwp%2Fv2%2Ftags&post=155734"}],"curies":[{"name":"wp","href":"https:\/\/api.w.org\/{rel}","templated":true}]}}