{"id":155736,"date":"2026-04-26T13:07:18","date_gmt":"2026-04-26T13:07:18","guid":{"rendered":"http:\/\/869eb278-416c-11f1-bf7b-97f30aa51f90"},"modified":"2026-04-26T13:07:18","modified_gmt":"2026-04-26T13:07:18","slug":"ataques-israelies-tras-ordenes-de-evacuacion-en-libano-gestiones-diplomaticas-de-iran-en-oman","status":"publish","type":"post","link":"https:\/\/sarmiento24h.com\/?p=155736","title":{"rendered":"Ataques israel\u00edes tras \u00f3rdenes de evacuaci\u00f3n en L\u00edbano; gestiones diplom\u00e1ticas de Ir\u00e1n en Om\u00e1n"},"content":{"rendered":"<nav class=\"m-breadcrumb\" role=\"navigation\">\n<ol class=\"m-breadcrumb__list\">\n<li class=\"m-breadcrumb__list__item\"><a href=\"https:\/\/www.france24.com\/es\/\" class=\"m-breadcrumb__list__item__link\"> Portada <\/a><\/li>\n<li class=\"m-breadcrumb__list__item\"> <svg class=\"a-svg a-svg--icon-caret-right a-svg--rotate-minus-90\"> <use xlink:href=\"\/build\/images\/svg\/sprite.c98bf387c90bc4a87186b0b783f15ba0.svg#icon-caret-down\" href=\"\/build\/images\/svg\/sprite.c98bf387c90bc4a87186b0b783f15ba0.svg#icon-caret-down\" \/> <\/svg><br \/>\n<a href=\"https:\/\/www.france24.com\/es\/medio-oriente\/\" class=\"m-breadcrumb__list__item__link\"> Medio Oriente <\/a><\/li>\n<\/ol>\n<\/nav>\n<div class=\"t-content__above-main\">\n<p>En Directo<\/p>\n<div class=\"m-master-tag\">\n<p> <span class=\"a-section-color\"><\/span> Medio Oriente <\/p>\n<\/p><\/div>\n<div class=\"t-content__metadata\" readability=\"5.4953271028037\">\n<div class=\"t-content__dates\" readability=\"32\">\n<p class=\"m-pub-dates\"><span class=\"m-pub-dates__date\">Primera modificaci\u00f3n: <time datetime=\"2026-04-26T12:36:18+00:00\" pubdate=\"pubdate\">26\/04\/2026 &#8211; 14:36<\/time><\/span><span class=\"m-pub-dates__date\">\u00daltima modificaci\u00f3n: <time datetime=\"2026-04-26T12:44:48+00:00\">26\/04\/2026 &#8211; 14:44<\/time><\/span><\/p>\n<\/p><\/div>\n<\/p><\/div>\n<div class=\"t-content__main-media\">\n<div class=\"m-item-image m-item-image--16x9\"> <picture class=\"a-picture a-picture--16x9\"><source type=\"image\/webp\" srcset=\"https:\/\/s.france24.com\/media\/display\/fd9dfe8a-416a-11f1-a85e-005056a90284\/w:388\/p:16x9\/2026-04-26T122334Z-1356619738-RC2ZWKATABX4-RTRMADP-3-IRAN-CRISIS-ISRAEL-LEBANON.webp 388w, https:\/\/s.france24.com\/media\/display\/fd9dfe8a-416a-11f1-a85e-005056a90284\/w:720\/p:16x9\/2026-04-26T122334Z-1356619738-RC2ZWKATABX4-RTRMADP-3-IRAN-CRISIS-ISRAEL-LEBANON.webp 720w, https:\/\/s.france24.com\/media\/display\/fd9dfe8a-416a-11f1-a85e-005056a90284\/w:1024\/p:16x9\/2026-04-26T122334Z-1356619738-RC2ZWKATABX4-RTRMADP-3-IRAN-CRISIS-ISRAEL-LEBANON.webp 1024w\" sizes=\"(max-width: 1076px) 100vw, 1012px\"><img fetchpriority=\"high\" decoding=\"auto\" src=\"https:\/\/s.france24.com\/media\/display\/fd9dfe8a-416a-11f1-a85e-005056a90284\/w:1024\/p:16x9\/2026-04-26T122334Z-1356619738-RC2ZWKATABX4-RTRMADP-3-IRAN-CRISIS-ISRAEL-LEBANON.jpg\" srcset=\"https:\/\/s.france24.com\/media\/display\/fd9dfe8a-416a-11f1-a85e-005056a90284\/w:388\/p:16x9\/2026-04-26T122334Z-1356619738-RC2ZWKATABX4-RTRMADP-3-IRAN-CRISIS-ISRAEL-LEBANON.jpg 388w, https:\/\/s.france24.com\/media\/display\/fd9dfe8a-416a-11f1-a85e-005056a90284\/w:720\/p:16x9\/2026-04-26T122334Z-1356619738-RC2ZWKATABX4-RTRMADP-3-IRAN-CRISIS-ISRAEL-LEBANON.jpg 720w, https:\/\/s.france24.com\/media\/display\/fd9dfe8a-416a-11f1-a85e-005056a90284\/w:1024\/p:16x9\/2026-04-26T122334Z-1356619738-RC2ZWKATABX4-RTRMADP-3-IRAN-CRISIS-ISRAEL-LEBANON.jpg 1024w\" sizes=\"(max-width: 1076px) 100vw, 1012px\" width=\"1024\" height=\"576\" alt=\"Ataques israel\u00edes tras \u00f3rdenes de evacuaci\u00f3n en L\u00edbano; gestiones diplom\u00e1ticas de Ir\u00e1n en Om\u00e1n\" loading=\"eager\" class=\"a-img \">\n<\/picture> <\/div>\n<\/p><\/div>\n<\/p><\/div>\n<div class=\"t-content__main\" data-article-content readability=\"45.256865912763\">\n<p class=\"t-content__chapo\"> El Ej\u00e9rcito de Israel lanz\u00f3 ataques a\u00e9reos en el sur de L\u00edbano este domingo, seg\u00fan reportan medios locales, despu\u00e9s de ordenar la evacuaci\u00f3n inmediata de siete localidades argumentando infracciones de Hezbol\u00e1 al alto al fuego. En el \u00e1mbito diplom\u00e1tico, el ministro de Exteriores de Ir\u00e1n, Abbas Araqchi, plante\u00f3 en Om\u00e1n un esquema de seguridad para la regi\u00f3n que excluye la presencia de Estados Unidos, previo a su traslado a Pakist\u00e1n para proseguir con las negociaciones de paz en ausencia de la delegaci\u00f3n estadounidense en Islamabad. <\/p>\n<div class=\"t-content__body u-clearfix\" readability=\"39.25945517059\">\n<h2><strong>Lo esencial:<\/strong><\/h2>\n<ul>\n<li>El Ej\u00e9rcito de Israel lanz\u00f3 ataques a\u00e9reos en el sur de L\u00edbano, incluyendo la localidad de Kfar Tibnit, <strong>tras ordenar la evacuaci\u00f3n de siete poblaciones por supuestas violaciones de la tregua.&nbsp;<\/strong><\/li>\n<li>El canciller iran\u00ed <strong><a href=\"https:\/\/www.france24.com\/es\/tag\/abbas-araqchi\/\" target=\"_self\" class=\"gtm-add-suggested-tag\">Abbas Araqchi<\/a> propuso en <a href=\"https:\/\/www.france24.com\/es\/tag\/om\u00e1n\/\" target=\"_self\" class=\"gtm-add-suggested-tag\">Om\u00e1n<\/a> crear un marco de seguridad regional en el <a href=\"https:\/\/www.france24.com\/es\/tag\/golfo-p\u00e9rsico\/\" target=\"_self\" class=\"gtm-add-suggested-tag\">Golfo P\u00e9rsico<\/a> <\/strong>sin presencia militar de Estados Unidos.&nbsp;<\/li>\n<\/ul>\n<p>A continuaci\u00f3n, la informaci\u00f3n m\u00e1s importante de la jornada del 26 de abril relacionada con el conflicto en <a href=\"https:\/\/www.france24.com\/es\/tag\/medio-oriente\/\" target=\"_self\" class=\"gtm-add-suggested-tag\">Medio Oriente<\/a>, que escal\u00f3 tras la ofensiva conjunta de <a href=\"https:\/\/www.france24.com\/es\/tag\/israel\/\" target=\"_self\" class=\"gtm-add-suggested-tag\">Israel<\/a> y <a href=\"https:\/\/www.france24.com\/es\/tag\/estados-unidos\/\" target=\"_self\" class=\"gtm-add-suggested-tag\">Estados Unidos<\/a> contra <a href=\"https:\/\/www.france24.com\/es\/tag\/ir\u00e1n\/\" target=\"_self\" class=\"gtm-add-suggested-tag\">Ir\u00e1n<\/a> y la posterior respuesta militar de Teher\u00e1n:<\/p>\n<div id=\"em-WBMZ386733-F24-ES-20260426\" class=\"m-em-liveblog\" data-liveblog>\n<div readability=\"41.5\">\n<div readability=\"24\"> <time datetime=\"2026-04-26T12:22:13+00:00\">26\/04\/2026 &#8211; 14:22<\/time><\/p>\n<h2 aria-level=\"3\">Israel inicia ataques en el sur tras una advertencia de evacuaci\u00f3n ( medios libaneses)<\/h2>\n<p>Los medios oficiales libaneses informaron que el Ej\u00e9rcito de Israel comenz\u00f3 a atacar el sur del pa\u00eds este domingo tras emitir una advertencia de evacuaci\u00f3n para siete localidades, a pesar del alto al fuego vigente con el grupo Hezbol\u00e1, respaldado por Ir\u00e1n.<\/p>\n<p>\u00abAviones de combate israel\u00edes lanzaron un ataque\u00bb en Kfar Tibnit, una de las ubicaciones incluidas en la advertencia, seg\u00fan indic\u00f3 la Agencia Nacional de Noticias estatal, a\u00f1adiendo que hubo informes de v\u00edctimas.<\/p>\n<p>El ej\u00e9rcito de Israel ha llevado a cabo repetidos ataques en L\u00edbano desde que la tregua entr\u00f3 en vigor el 17 de abril, y sus tropas operan dentro de lo que llaman una \u00abl\u00ednea amarilla\u00bb anunciada por Israel cerca de la frontera, donde se ha advertido a los residentes libaneses que no regresen.<\/p>\n<\/p><\/div>\n<div readability=\"19\"> <time datetime=\"2026-04-26T12:20:35+00:00\">26\/04\/2026 &#8211; 14:20<\/time><\/p>\n<h2 aria-level=\"3\">Ir\u00e1n busca marco de seguridad regional sin presencia de EE. UU. en conversaciones con Om\u00e1n<\/h2>\n<p>El ministro de Asuntos Exteriores de Ir\u00e1n, Abbas Araqchi, se reuni\u00f3 en Mascate con el sult\u00e1n Haitham bin Tariq al-Said para abordar la seguridad en el estrecho de Ormuz y los esfuerzos diplom\u00e1ticos para poner fin al conflicto con Estados Unidos.<\/p>\n<p>Durante el encuentro, Araqchi afirm\u00f3 que la presencia militar estadounidense genera inseguridad y divisi\u00f3n en el Medio Oriente, por lo que abog\u00f3 por establecer un sistema de seguridad regional gestionado exclusivamente por los pa\u00edses de la zona y libre de interferencias externas, seg\u00fan inform\u00f3 el ministerio de Asuntos Exteriores iran\u00ed.<\/p>\n<\/p><\/div>\n<div readability=\"26\"> <time datetime=\"2026-04-26T12:18:08+00:00\">26\/04\/2026 &#8211; 14:18<\/time><\/p>\n<h2 aria-level=\"3\">El ej\u00e9rcito de Israel ordena evacuar siete localidades en el sur de L\u00edbano<\/h2>\n<p>Seg\u00fan la publicaci\u00f3n del portavoz del Ej\u00e9rcito de Israel, Avichay Adraee, en la red social X, el Ej\u00e9rcito de Israel ha emitido una alerta urgente de evacuaci\u00f3n para los residentes de las localidades libanesas de Mivdon, Shoqin, Yahmar, Arnun, Zutar al-Sharkiyya, Zutar al-Gharbiyya y Kafr Tabnit. <\/p>\n<p>La advertencia se\u00f1ala que, d<strong>ebido a violaciones del acuerdo de alto al fuego por parte de Hezbol\u00e1, las fuerzas militares actuar\u00e1n con firmeza en estas zonas,<\/strong> por lo que se insta a la poblaci\u00f3n civil a alejarse de inmediato a una distancia m\u00ednima de 1.000 metros de las \u00e1reas especificadas y de cualquier instalaci\u00f3n vinculada a la organizaci\u00f3n para garantizar su seguridad.<\/p>\n<\/p><\/div>\n<div readability=\"21\"> <time datetime=\"2026-04-26T12:12:13+00:00\">26\/04\/2026 &#8211; 14:12<\/time><\/p>\n<h2 aria-level=\"3\">Ejecuci\u00f3n de un hombre condenado por pertenencia a un grupo yihadista en Ir\u00e1n<\/h2>\n<p>Amer Ramesh fue detenido durante una operaci\u00f3n antiterrorista llevada a cabo en el condado de Chabahar, en la provincia de Sist\u00e1n y Baluchist\u00e1n (sureste), seg\u00fan indic\u00f3 Mizan Online, el \u00f3rgano del poder judicial, sin precisar la fecha.<\/p>\n<p>Posteriormente, fue condenado a muerte por \u00abrebeli\u00f3n armada, atentados con bomba y emboscadas contra militares\u00bb, as\u00ed como por pertenencia a Jaish al-Adl, grupo prohibido en Ir\u00e1n e incluido en la lista de organizaciones terroristas de Estados Unidos.<\/p>\n<\/p><\/div>\n<div readability=\"8\"> <time datetime=\"2026-04-26T12:07:44+00:00\">26\/04\/2026 &#8211; 14:07<\/time> <\/p>\n<p>Bienvenidos al cubrimiento de los hechos m\u00e1s relevantes de la jornada del 26 de abril relacionados con la guerra en Medio Oriente. <\/p>\n<\/p><\/div>\n<\/p><\/div>\n<\/p><\/div>\n<p>Con informaci\u00f3n de EFE, AFP. Reuters, AP y medios locales.<\/p>\n<\/p><\/div>\n<\/p><\/div>\n","protected":false},"excerpt":{"rendered":"<p>Portada Medio Oriente En Directo Medio Oriente&#46;&#46;&#46;<\/p>\n","protected":false},"author":1,"featured_media":155737,"comment_status":"closed","ping_status":"closed","sticky":false,"template":"","format":"standard","meta":{"_jetpack_memberships_contains_paid_content":false,"footnotes":"","jetpack_publicize_message":"","jetpack_publicize_feature_enabled":true,"jetpack_social_post_already_shared":true,"jetpack_social_options":{"image_generator_settings":{"template":"highway","default_image_id":0,"font":"","enabled":false},"version":2}},"categories":[43],"tags":[],"class_list":["post-155736","post","type-post","status-publish","format-standard","has-post-thumbnail","hentry","category-internacionales"],"yoast_head":"<!-- This site is optimized with the Yoast SEO plugin v27.3 - https:\/\/yoast.com\/product\/yoast-seo-wordpress\/ -->\n<title>Ataques israel\u00edes tras \u00f3rdenes de evacuaci\u00f3n en L\u00edbano; gestiones diplom\u00e1ticas de Ir\u00e1n en Om\u00e1n - Sarmiento24h<\/title>\n<meta name=\"robots\" content=\"index, follow, max-snippet:-1, max-image-preview:large, max-video-preview:-1\" \/>\n<link rel=\"canonical\" href=\"https:\/\/sarmiento24h.com\/?p=155736\" \/>\n<meta property=\"og:locale\" content=\"es_ES\" \/>\n<meta property=\"og:type\" content=\"article\" \/>\n<meta property=\"og:title\" content=\"Ataques israel\u00edes tras \u00f3rdenes de evacuaci\u00f3n en L\u00edbano; gestiones diplom\u00e1ticas de Ir\u00e1n en Om\u00e1n - Sarmiento24h\" \/>\n<meta property=\"og:description\" content=\"Portada Medio Oriente En Directo Medio Oriente&#046;&#046;&#046;\" \/>\n<meta property=\"og:url\" content=\"https:\/\/sarmiento24h.com\/?p=155736\" \/>\n<meta property=\"og:site_name\" content=\"Sarmiento24h\" \/>\n<meta property=\"article:publisher\" content=\"https:\/\/facebook.com\/s24hnoticias\" \/>\n<meta property=\"article:published_time\" content=\"2026-04-26T13:07:18+00:00\" \/>\n<meta property=\"og:image\" content=\"https:\/\/s.france24.com\/media\/display\/fd9dfe8a-416a-11f1-a85e-005056a90284\/w:1024\/p:16x9\/2026-04-26T122334Z-1356619738-RC2ZWKATABX4-RTRMADP-3-IRAN-CRISIS-ISRAEL-LEBANON.jpg\" \/>\n<meta name=\"author\" content=\"sarmiento24h@gmail.com\" \/>\n<meta name=\"twitter:card\" content=\"summary_large_image\" \/>\n<meta name=\"twitter:creator\" content=\"@sarmiento24h\" \/>\n<meta name=\"twitter:site\" content=\"@sarmiento24h\" \/>\n<meta name=\"twitter:label1\" content=\"Escrito por\" \/>\n\t<meta name=\"twitter:data1\" content=\"sarmiento24h@gmail.com\" \/>\n\t<meta name=\"twitter:label2\" content=\"Tiempo de lectura\" \/>\n\t<meta name=\"twitter:data2\" content=\"4 minutos\" \/>\n<script type=\"application\/ld+json\" class=\"yoast-schema-graph\">{\"@context\":\"https:\\\/\\\/schema.org\",\"@graph\":[{\"@type\":\"Article\",\"@id\":\"https:\\\/\\\/sarmiento24h.com\\\/?p=155736#article\",\"isPartOf\":{\"@id\":\"https:\\\/\\\/sarmiento24h.com\\\/?p=155736\"},\"author\":{\"name\":\"sarmiento24h@gmail.com\",\"@id\":\"https:\\\/\\\/sarmiento24h.com\\\/#\\\/schema\\\/person\\\/d653a59725ad629a7e0429af7b939d4d\"},\"headline\":\"Ataques israel\u00edes tras \u00f3rdenes de evacuaci\u00f3n en L\u00edbano; gestiones diplom\u00e1ticas de Ir\u00e1n en Om\u00e1n\",\"datePublished\":\"2026-04-26T13:07:18+00:00\",\"mainEntityOfPage\":{\"@id\":\"https:\\\/\\\/sarmiento24h.com\\\/?p=155736\"},\"wordCount\":772,\"publisher\":{\"@id\":\"https:\\\/\\\/sarmiento24h.com\\\/#organization\"},\"image\":{\"@id\":\"https:\\\/\\\/sarmiento24h.com\\\/?p=155736#primaryimage\"},\"thumbnailUrl\":\"https:\\\/\\\/sarmiento24h.com\\\/wp-content\\\/uploads\\\/2026\\\/04\\\/ataques-israelies-tras-ordenes-de-evacuacion-en-libano-gestiones-diplomaticas-de-iran-en-oman.jpg\",\"articleSection\":[\"Internacionales\"],\"inLanguage\":\"es\"},{\"@type\":\"WebPage\",\"@id\":\"https:\\\/\\\/sarmiento24h.com\\\/?p=155736\",\"url\":\"https:\\\/\\\/sarmiento24h.com\\\/?p=155736\",\"name\":\"Ataques israel\u00edes tras \u00f3rdenes de evacuaci\u00f3n en L\u00edbano; gestiones diplom\u00e1ticas de Ir\u00e1n en Om\u00e1n - Sarmiento24h\",\"isPartOf\":{\"@id\":\"https:\\\/\\\/sarmiento24h.com\\\/#website\"},\"primaryImageOfPage\":{\"@id\":\"https:\\\/\\\/sarmiento24h.com\\\/?p=155736#primaryimage\"},\"image\":{\"@id\":\"https:\\\/\\\/sarmiento24h.com\\\/?p=155736#primaryimage\"},\"thumbnailUrl\":\"https:\\\/\\\/sarmiento24h.com\\\/wp-content\\\/uploads\\\/2026\\\/04\\\/ataques-israelies-tras-ordenes-de-evacuacion-en-libano-gestiones-diplomaticas-de-iran-en-oman.jpg\",\"datePublished\":\"2026-04-26T13:07:18+00:00\",\"breadcrumb\":{\"@id\":\"https:\\\/\\\/sarmiento24h.com\\\/?p=155736#breadcrumb\"},\"inLanguage\":\"es\",\"potentialAction\":[{\"@type\":\"ReadAction\",\"target\":[\"https:\\\/\\\/sarmiento24h.com\\\/?p=155736\"]}]},{\"@type\":\"ImageObject\",\"inLanguage\":\"es\",\"@id\":\"https:\\\/\\\/sarmiento24h.com\\\/?p=155736#primaryimage\",\"url\":\"https:\\\/\\\/sarmiento24h.com\\\/wp-content\\\/uploads\\\/2026\\\/04\\\/ataques-israelies-tras-ordenes-de-evacuacion-en-libano-gestiones-diplomaticas-de-iran-en-oman.jpg\",\"contentUrl\":\"https:\\\/\\\/sarmiento24h.com\\\/wp-content\\\/uploads\\\/2026\\\/04\\\/ataques-israelies-tras-ordenes-de-evacuacion-en-libano-gestiones-diplomaticas-de-iran-en-oman.jpg\",\"width\":1024,\"height\":576},{\"@type\":\"BreadcrumbList\",\"@id\":\"https:\\\/\\\/sarmiento24h.com\\\/?p=155736#breadcrumb\",\"itemListElement\":[{\"@type\":\"ListItem\",\"position\":1,\"name\":\"Home\",\"item\":\"https:\\\/\\\/sarmiento24h.com\\\/\"},{\"@type\":\"ListItem\",\"position\":2,\"name\":\"Ataques israel\u00edes tras \u00f3rdenes de evacuaci\u00f3n en L\u00edbano; gestiones diplom\u00e1ticas de Ir\u00e1n en Om\u00e1n\"}]},{\"@type\":\"WebSite\",\"@id\":\"https:\\\/\\\/sarmiento24h.com\\\/#website\",\"url\":\"https:\\\/\\\/sarmiento24h.com\\\/\",\"name\":\"Sarmiento24h\",\"description\":\"\",\"publisher\":{\"@id\":\"https:\\\/\\\/sarmiento24h.com\\\/#organization\"},\"potentialAction\":[{\"@type\":\"SearchAction\",\"target\":{\"@type\":\"EntryPoint\",\"urlTemplate\":\"https:\\\/\\\/sarmiento24h.com\\\/?s={search_term_string}\"},\"query-input\":{\"@type\":\"PropertyValueSpecification\",\"valueRequired\":true,\"valueName\":\"search_term_string\"}}],\"inLanguage\":\"es\"},{\"@type\":\"Organization\",\"@id\":\"https:\\\/\\\/sarmiento24h.com\\\/#organization\",\"name\":\"Sarmiento24h\",\"url\":\"https:\\\/\\\/sarmiento24h.com\\\/\",\"logo\":{\"@type\":\"ImageObject\",\"inLanguage\":\"es\",\"@id\":\"https:\\\/\\\/sarmiento24h.com\\\/#\\\/schema\\\/logo\\\/image\\\/\",\"url\":\"https:\\\/\\\/sarmiento24h.com\\\/wp-content\\\/uploads\\\/2025\\\/12\\\/AddText_12-16-10.30.52.jpg\",\"contentUrl\":\"https:\\\/\\\/sarmiento24h.com\\\/wp-content\\\/uploads\\\/2025\\\/12\\\/AddText_12-16-10.30.52.jpg\",\"width\":1220,\"height\":324,\"caption\":\"Sarmiento24h\"},\"image\":{\"@id\":\"https:\\\/\\\/sarmiento24h.com\\\/#\\\/schema\\\/logo\\\/image\\\/\"},\"sameAs\":[\"https:\\\/\\\/facebook.com\\\/s24hnoticias\",\"https:\\\/\\\/x.com\\\/sarmiento24h\"]},{\"@type\":\"Person\",\"@id\":\"https:\\\/\\\/sarmiento24h.com\\\/#\\\/schema\\\/person\\\/d653a59725ad629a7e0429af7b939d4d\",\"name\":\"sarmiento24h@gmail.com\",\"image\":{\"@type\":\"ImageObject\",\"inLanguage\":\"es\",\"@id\":\"https:\\\/\\\/sarmiento24h.com\\\/wp-content\\\/litespeed\\\/avatar\\\/d02cbc4e23c747e6659cd45907173c8f.jpg?ver=1777157796\",\"url\":\"https:\\\/\\\/sarmiento24h.com\\\/wp-content\\\/litespeed\\\/avatar\\\/d02cbc4e23c747e6659cd45907173c8f.jpg?ver=1777157796\",\"contentUrl\":\"https:\\\/\\\/sarmiento24h.com\\\/wp-content\\\/litespeed\\\/avatar\\\/d02cbc4e23c747e6659cd45907173c8f.jpg?ver=1777157796\",\"caption\":\"sarmiento24h@gmail.com\"},\"sameAs\":[\"https:\\\/\\\/sarmiento24h.com\"],\"url\":\"https:\\\/\\\/sarmiento24h.com\\\/?author=1\"}]}<\/script>\n<!-- \/ Yoast SEO plugin. -->","yoast_head_json":{"title":"Ataques israel\u00edes tras \u00f3rdenes de evacuaci\u00f3n en L\u00edbano; gestiones diplom\u00e1ticas de Ir\u00e1n en Om\u00e1n - Sarmiento24h","robots":{"index":"index","follow":"follow","max-snippet":"max-snippet:-1","max-image-preview":"max-image-preview:large","max-video-preview":"max-video-preview:-1"},"canonical":"https:\/\/sarmiento24h.com\/?p=155736","og_locale":"es_ES","og_type":"article","og_title":"Ataques israel\u00edes tras \u00f3rdenes de evacuaci\u00f3n en L\u00edbano; gestiones diplom\u00e1ticas de Ir\u00e1n en Om\u00e1n - Sarmiento24h","og_description":"Portada Medio Oriente En Directo Medio Oriente&#46;&#46;&#46;","og_url":"https:\/\/sarmiento24h.com\/?p=155736","og_site_name":"Sarmiento24h","article_publisher":"https:\/\/facebook.com\/s24hnoticias","article_published_time":"2026-04-26T13:07:18+00:00","og_image":[{"url":"https:\/\/s.france24.com\/media\/display\/fd9dfe8a-416a-11f1-a85e-005056a90284\/w:1024\/p:16x9\/2026-04-26T122334Z-1356619738-RC2ZWKATABX4-RTRMADP-3-IRAN-CRISIS-ISRAEL-LEBANON.jpg","type":"","width":"","height":""}],"author":"sarmiento24h@gmail.com","twitter_card":"summary_large_image","twitter_creator":"@sarmiento24h","twitter_site":"@sarmiento24h","twitter_misc":{"Escrito por":"sarmiento24h@gmail.com","Tiempo de lectura":"4 minutos"},"schema":{"@context":"https:\/\/schema.org","@graph":[{"@type":"Article","@id":"https:\/\/sarmiento24h.com\/?p=155736#article","isPartOf":{"@id":"https:\/\/sarmiento24h.com\/?p=155736"},"author":{"name":"sarmiento24h@gmail.com","@id":"https:\/\/sarmiento24h.com\/#\/schema\/person\/d653a59725ad629a7e0429af7b939d4d"},"headline":"Ataques israel\u00edes tras \u00f3rdenes de evacuaci\u00f3n en L\u00edbano; gestiones diplom\u00e1ticas de Ir\u00e1n en Om\u00e1n","datePublished":"2026-04-26T13:07:18+00:00","mainEntityOfPage":{"@id":"https:\/\/sarmiento24h.com\/?p=155736"},"wordCount":772,"publisher":{"@id":"https:\/\/sarmiento24h.com\/#organization"},"image":{"@id":"https:\/\/sarmiento24h.com\/?p=155736#primaryimage"},"thumbnailUrl":"https:\/\/sarmiento24h.com\/wp-content\/uploads\/2026\/04\/ataques-israelies-tras-ordenes-de-evacuacion-en-libano-gestiones-diplomaticas-de-iran-en-oman.jpg","articleSection":["Internacionales"],"inLanguage":"es"},{"@type":"WebPage","@id":"https:\/\/sarmiento24h.com\/?p=155736","url":"https:\/\/sarmiento24h.com\/?p=155736","name":"Ataques israel\u00edes tras \u00f3rdenes de evacuaci\u00f3n en L\u00edbano; gestiones diplom\u00e1ticas de Ir\u00e1n en Om\u00e1n - Sarmiento24h","isPartOf":{"@id":"https:\/\/sarmiento24h.com\/#website"},"primaryImageOfPage":{"@id":"https:\/\/sarmiento24h.com\/?p=155736#primaryimage"},"image":{"@id":"https:\/\/sarmiento24h.com\/?p=155736#primaryimage"},"thumbnailUrl":"https:\/\/sarmiento24h.com\/wp-content\/uploads\/2026\/04\/ataques-israelies-tras-ordenes-de-evacuacion-en-libano-gestiones-diplomaticas-de-iran-en-oman.jpg","datePublished":"2026-04-26T13:07:18+00:00","breadcrumb":{"@id":"https:\/\/sarmiento24h.com\/?p=155736#breadcrumb"},"inLanguage":"es","potentialAction":[{"@type":"ReadAction","target":["https:\/\/sarmiento24h.com\/?p=155736"]}]},{"@type":"ImageObject","inLanguage":"es","@id":"https:\/\/sarmiento24h.com\/?p=155736#primaryimage","url":"https:\/\/sarmiento24h.com\/wp-content\/uploads\/2026\/04\/ataques-israelies-tras-ordenes-de-evacuacion-en-libano-gestiones-diplomaticas-de-iran-en-oman.jpg","contentUrl":"https:\/\/sarmiento24h.com\/wp-content\/uploads\/2026\/04\/ataques-israelies-tras-ordenes-de-evacuacion-en-libano-gestiones-diplomaticas-de-iran-en-oman.jpg","width":1024,"height":576},{"@type":"BreadcrumbList","@id":"https:\/\/sarmiento24h.com\/?p=155736#breadcrumb","itemListElement":[{"@type":"ListItem","position":1,"name":"Home","item":"https:\/\/sarmiento24h.com\/"},{"@type":"ListItem","position":2,"name":"Ataques israel\u00edes tras \u00f3rdenes de evacuaci\u00f3n en L\u00edbano; gestiones diplom\u00e1ticas de Ir\u00e1n en Om\u00e1n"}]},{"@type":"WebSite","@id":"https:\/\/sarmiento24h.com\/#website","url":"https:\/\/sarmiento24h.com\/","name":"Sarmiento24h","description":"","publisher":{"@id":"https:\/\/sarmiento24h.com\/#organization"},"potentialAction":[{"@type":"SearchAction","target":{"@type":"EntryPoint","urlTemplate":"https:\/\/sarmiento24h.com\/?s={search_term_string}"},"query-input":{"@type":"PropertyValueSpecification","valueRequired":true,"valueName":"search_term_string"}}],"inLanguage":"es"},{"@type":"Organization","@id":"https:\/\/sarmiento24h.com\/#organization","name":"Sarmiento24h","url":"https:\/\/sarmiento24h.com\/","logo":{"@type":"ImageObject","inLanguage":"es","@id":"https:\/\/sarmiento24h.com\/#\/schema\/logo\/image\/","url":"https:\/\/sarmiento24h.com\/wp-content\/uploads\/2025\/12\/AddText_12-16-10.30.52.jpg","contentUrl":"https:\/\/sarmiento24h.com\/wp-content\/uploads\/2025\/12\/AddText_12-16-10.30.52.jpg","width":1220,"height":324,"caption":"Sarmiento24h"},"image":{"@id":"https:\/\/sarmiento24h.com\/#\/schema\/logo\/image\/"},"sameAs":["https:\/\/facebook.com\/s24hnoticias","https:\/\/x.com\/sarmiento24h"]},{"@type":"Person","@id":"https:\/\/sarmiento24h.com\/#\/schema\/person\/d653a59725ad629a7e0429af7b939d4d","name":"sarmiento24h@gmail.com","image":{"@type":"ImageObject","inLanguage":"es","@id":"https:\/\/sarmiento24h.com\/wp-content\/litespeed\/avatar\/d02cbc4e23c747e6659cd45907173c8f.jpg?ver=1777157796","url":"https:\/\/sarmiento24h.com\/wp-content\/litespeed\/avatar\/d02cbc4e23c747e6659cd45907173c8f.jpg?ver=1777157796","contentUrl":"https:\/\/sarmiento24h.com\/wp-content\/litespeed\/avatar\/d02cbc4e23c747e6659cd45907173c8f.jpg?ver=1777157796","caption":"sarmiento24h@gmail.com"},"sameAs":["https:\/\/sarmiento24h.com"],"url":"https:\/\/sarmiento24h.com\/?author=1"}]}},"jetpack_publicize_connections":[],"jetpack_featured_media_url":"https:\/\/sarmiento24h.com\/wp-content\/uploads\/2026\/04\/ataques-israelies-tras-ordenes-de-evacuacion-en-libano-gestiones-diplomaticas-de-iran-en-oman.jpg","jetpack_sharing_enabled":true,"_links":{"self":[{"href":"https:\/\/sarmiento24h.com\/index.php?rest_route=\/wp\/v2\/posts\/155736","targetHints":{"allow":["GET"]}}],"collection":[{"href":"https:\/\/sarmiento24h.com\/index.php?rest_route=\/wp\/v2\/posts"}],"about":[{"href":"https:\/\/sarmiento24h.com\/index.php?rest_route=\/wp\/v2\/types\/post"}],"author":[{"embeddable":true,"href":"https:\/\/sarmiento24h.com\/index.php?rest_route=\/wp\/v2\/users\/1"}],"replies":[{"embeddable":true,"href":"https:\/\/sarmiento24h.com\/index.php?rest_route=%2Fwp%2Fv2%2Fcomments&post=155736"}],"version-history":[{"count":0,"href":"https:\/\/sarmiento24h.com\/index.php?rest_route=\/wp\/v2\/posts\/155736\/revisions"}],"wp:featuredmedia":[{"embeddable":true,"href":"https:\/\/sarmiento24h.com\/index.php?rest_route=\/wp\/v2\/media\/155737"}],"wp:attachment":[{"href":"https:\/\/sarmiento24h.com\/index.php?rest_route=%2Fwp%2Fv2%2Fmedia&parent=155736"}],"wp:term":[{"taxonomy":"category","embeddable":true,"href":"https:\/\/sarmiento24h.com\/index.php?rest_route=%2Fwp%2Fv2%2Fcategories&post=155736"},{"taxonomy":"post_tag","embeddable":true,"href":"https:\/\/sarmiento24h.com\/index.php?rest_route=%2Fwp%2Fv2%2Ftags&post=155736"}],"curies":[{"name":"wp","href":"https:\/\/api.w.org\/{rel}","templated":true}]}}