{"id":155867,"date":"2026-04-26T14:16:46","date_gmt":"2026-04-26T14:16:46","guid":{"rendered":"http:\/\/f236eefa-4172-11f1-9d20-259f8ef596fc"},"modified":"2026-04-26T14:16:46","modified_gmt":"2026-04-26T14:16:46","slug":"la-junta-militar-de-mali-enfrenta-su-mayor-crisis-tras-la-caida-de-kidal-y-la-muerte-del-ministro-de-defensa","status":"publish","type":"post","link":"https:\/\/sarmiento24h.com\/?p=155867","title":{"rendered":"La junta militar de Mali enfrenta su mayor crisis tras la ca\u00edda de Kidal y la muerte del ministro de Defensa"},"content":{"rendered":"<p>Nuevos combates estallaron este domingo en la ciudad clave maliense de Kidal entre rebeldes tuareg, respaldados por yihadistas, y fuerzas gubernamentales apoyadas por mercenarios rusos, un d\u00eda despu\u00e9s de que los insurgentes lanzaran ataques coordinados en toda la naci\u00f3n del <a href=\"https:\/\/www.france24.com\/es\/tag\/sahel\/\" target=\"_self\" class=\"gtm-add-suggested-tag\">Sahel<\/a>.<\/p>\n<p>\u00abSe ha alcanzado un acuerdo que permite al ej\u00e9rcito (maliense) y a sus aliados del Africa Corps (ruso) abandonar el campo 2, donde se encontraban atrincherados desde ayer\u00bb, declar\u00f3 un funcionario tuareg a la AFP.<\/p>\n<p>Un residente de Kidal coment\u00f3 a la AFP: \u00abVimos salir un convoy militar, pero no conocemos los detalles de lo que ocurre&#8230; Combatientes de los movimientos armados han tomado ahora las calles\u00bb.<\/p>\n<p>El Africa Corps, organizaci\u00f3n bajo control directo del ministerio de defensa ruso, asumi\u00f3 gran parte de las operaciones en <a href=\"https:\/\/www.france24.com\/es\/tag\/\u00e1frica\/\" target=\"_self\" class=\"gtm-add-suggested-tag\">\u00c1frica<\/a> del grupo Wagner tras la muerte de su fundador, <a href=\"https:\/\/www.france24.com\/es\/tag\/yevgeny-prigozhin\/\" target=\"_self\" class=\"gtm-add-suggested-tag\">Yevgeny Prigozhin<\/a>, en 2023.<\/p>\n<div id=\"em-WBMZ386740-F24-ES-20260426\" class=\"m-em-flash\" data-xtwitter-script><figcaption class=\"a-figcaption\"> <\/figcaption><div class=\"o-em-consent \" readability=\"7\">\n<div class=\"o-em-consent__content\" readability=\"34\">\n<p class=\"o-em-consent__content__text\">Para mostrar este contenido de X (Twitter), debe autorizar las cookies de medici\u00f3n de audiencia y publicidad.<\/p>\n<p> <button class=\"a-master-button a-master-button--dark\" data-action=\"accept\"> Aceptar <svg class=\"a-svg a-svg--icon-check\"> <use xlink:href=\"\/build\/images\/svg\/sprite.c98bf387c90bc4a87186b0b783f15ba0.svg#icon-check\" href=\"\/build\/images\/svg\/sprite.c98bf387c90bc4a87186b0b783f15ba0.svg#icon-check\" \/> <\/svg> <\/button> <button class=\"a-link\" data-action=\"manage\">Gestionar mis opciones<i class=\"a-svg a-svg--icon-edit\"><\/i><\/button> <\/div>\n<\/div>\n<\/div>\n<p><strong>El grupo ha estado ayudando a la junta de Mali a combatir a los yihadistas en la naci\u00f3n de \u00c1frica Occidental.<\/strong> Kidal, basti\u00f3n tuareg, fue recuperada en noviembre de 2023 por el ej\u00e9rcito maliense con el apoyo del grupo paramilitar ruso Wagner, poniendo fin a m\u00e1s de una d\u00e9cada de control rebelde. El FLA tambi\u00e9n afirma haber tomado posiciones en la regi\u00f3n de Gao, al norte.<\/p>\n<blockquote class=\"quote\" readability=\"10\">\n<p>\u00abEl objetivo de los atacantes no era tomar y controlar ciudades, sino llevar a cabo acciones coordinadas para capturar al menos Kidal, que es un s\u00edmbolo bastante poderoso\u00bb, dijo una fuente de seguridad a la AFP este domingo.<\/p>\n<\/blockquote>\n<div class=\"m-em-image\">\n<figure class=\"m-item-image m-item-image--original m-item-image--has-caption\"> <picture class=\"a-picture a-picture--original\"><source type=\"image\/webp\" srcset=\"https:\/\/s.france24.com\/media\/display\/13a091d2-40e1-11f1-8d26-005056a90284\/w:246\/000-A8XP2KE.webp 246w, https:\/\/s.france24.com\/media\/display\/13a091d2-40e1-11f1-8d26-005056a90284\/w:388\/000-A8XP2KE.webp 388w, https:\/\/s.france24.com\/media\/display\/13a091d2-40e1-11f1-8d26-005056a90284\/w:720\/000-A8XP2KE.webp 720w, https:\/\/s.france24.com\/media\/display\/13a091d2-40e1-11f1-8d26-005056a90284\/w:980\/000-A8XP2KE.webp 980w\" sizes=\"(max-width: 1023px) calc(100vw - 32px), (min-width: 1024px) 850px\"><img fetchpriority=\"low\" decoding=\"async\" src=\"https:\/\/s.france24.com\/media\/display\/13a091d2-40e1-11f1-8d26-005056a90284\/w:980\/000-A8XP2KE.jpg\" srcset=\"https:\/\/s.france24.com\/media\/display\/13a091d2-40e1-11f1-8d26-005056a90284\/w:246\/000-A8XP2KE.jpg 246w, https:\/\/s.france24.com\/media\/display\/13a091d2-40e1-11f1-8d26-005056a90284\/w:388\/000-A8XP2KE.jpg 388w, https:\/\/s.france24.com\/media\/display\/13a091d2-40e1-11f1-8d26-005056a90284\/w:720\/000-A8XP2KE.jpg 720w, https:\/\/s.france24.com\/media\/display\/13a091d2-40e1-11f1-8d26-005056a90284\/w:980\/000-A8XP2KE.jpg 980w\" sizes=\"(max-width: 1023px) calc(100vw - 32px), (min-width: 1024px) 850px\" alt=\"Malian soldiers arrive in Kidal after a patrol from Gao on July 26, 2013 in northern Mali\" loading=\"lazy\" class=\"a-img \">\n<\/picture><figcaption class=\"a-figcaption\"> <span>Soldados malienses llegan a Kidal tras una patrulla desde Gao el 26 de julio de 2013 en el norte de Mali. <\/span> <span>\u00a9 Kenzo Tribouillard, AFP<\/span> <\/figcaption><\/figure>\n<\/p><\/div>\n<h2><strong>Ministro de Defensa asesinado en un ataque cerca de Bamako<\/strong><\/h2>\n<p>Combatientes yihadistas mataron al ministro de <a href=\"https:\/\/www.france24.com\/es\/tag\/defensa\/\" target=\"_self\" class=\"gtm-add-suggested-tag\">Defensa<\/a> de la junta de <a href=\"https:\/\/www.france24.com\/es\/tag\/mali\/\" target=\"_self\" class=\"gtm-add-suggested-tag\">Mali<\/a>, el general Sadio Camara, con un carro bomba colocado frente a su residencia cerca de la capital, Bamako, informaron este domingo su familia y fuentes gubernamentales y militares.<\/p>\n<p>El ataque se produjo el s\u00e1bado, cuando grupos yihadistas y rebeldes lanzaron ataques coordinados en toda la naci\u00f3n africana, incluyendo el basti\u00f3n de la junta en Kati, cerca de la capital. Camara y otros l\u00edderes de la junta viven en Kati.<\/p>\n<p>Un familiar, bajo condici\u00f3n de anonimato, dijo que el ministro y al menos tres miembros de su familia murieron por el coche bomba dejado por un grupo afiliado a <a href=\"https:\/\/www.france24.com\/es\/tag\/al-qaeda-1\/\" target=\"_self\" class=\"gtm-add-suggested-tag\">Al Qaeda<\/a>.<\/p>\n<p>Tambi\u00e9n estallaron combates el domingo en Kati, seg\u00fan residentes. Un habitante dijo que l<strong>os combates se hab\u00edan reanudado \u00aben todas partes\u00bb en la ciudad guarnici\u00f3n y que los \u00abyihadistas est\u00e1n en una colina\u00bb sobre Kati.<\/strong> Otro residente mencion\u00f3 que aviones sobrevolaban la ciudad.<\/p>\n<p>Mali ha sido devastada durante m\u00e1s de una d\u00e9cada por conflictos y <a href=\"https:\/\/www.france24.com\/es\/tag\/violencia\/\" target=\"_self\" class=\"gtm-add-suggested-tag\">violencia<\/a> yihadista, pero los ataques del s\u00e1bado fueron los peores desde 2020, cuando la junta tom\u00f3 el poder. Estos tuvieron lugar en las afueras de la capital, Bamako, y en varias ciudades del extenso pa\u00eds del Sahel.<\/p>\n<h2><strong>Residentes en vilo<\/strong><\/h2>\n<p>Los combates dejaron 16 civiles y soldados heridos y causaron \u00abda\u00f1os materiales limitados\u00bb, afirm\u00f3 el gobierno en un comunicado el s\u00e1bado por la noche. A\u00f1adi\u00f3 que \u00abla situaci\u00f3n est\u00e1 totalmente bajo control en todas las localidades\u00bb que fueron atacadas.<\/p>\n<p>En Bamako, soldados fueron estacionados el domingo por la ma\u00f1ana alrededor de una cl\u00ednica donde el ministro de Defensa, Sadio Camara, fue ingresado el d\u00eda anterior, seg\u00fan una fuente m\u00e9dica y testigos. Seg\u00fan los residentes, <strong>la residencia del ministro en Kati fue destruida en gran parte por una poderosa explosi\u00f3n<\/strong>. Los ayudantes de Camara negaron que estuviera herido.<\/p>\n<p>En la capital, el acceso a las instalaciones militares ha sido bloqueado con barreras y neum\u00e1ticos, inform\u00f3 un periodista de la AFP. En el distrito perif\u00e9rico de Senou, donde se encuentra el aeropuerto y donde hubo fuertes combates el s\u00e1bado, el ambiente era de nerviosismo.<\/p>\n<p>El jefe de las Naciones Unidas, Antonio Guterres, conden\u00f3 los \u00abactos de violencia\u00bb en Mali y pidi\u00f3 apoyo internacional coordinado para abordar la amenaza del extremismo violento en el Sahel.<\/p>\n<p>Mali cuenta con recursos que incluyen <a href=\"https:\/\/www.france24.com\/es\/tag\/oro\/\" target=\"_self\" class=\"gtm-add-suggested-tag\">oro<\/a> y otros minerales valiosos. Sus gobernantes, al igual que sus hom\u00f3logos militares en <a href=\"https:\/\/www.france24.com\/es\/tag\/n\u00edger\/\" target=\"_self\" class=\"gtm-add-suggested-tag\">N\u00edger<\/a> y <a href=\"https:\/\/www.france24.com\/es\/tag\/burkina-faso\/\" target=\"_self\" class=\"gtm-add-suggested-tag\">Burkina Faso<\/a>, han roto v\u00ednculos con la antigua potencia colonial, <a href=\"https:\/\/www.france24.com\/es\/tag\/francia\/\" target=\"_self\" class=\"gtm-add-suggested-tag\">Francia<\/a>, y varios pa\u00edses occidentales, acerc\u00e1ndose m\u00e1s a <a href=\"https:\/\/www.france24.com\/es\/tag\/rusia\/\" target=\"_self\" class=\"gtm-add-suggested-tag\">Rusia<\/a>.<\/p>\n<p>Este art\u00edculo es una adaptaci\u00f3n de su <a href=\"https:\/\/www.france24.com\/fr\/afrique\/20260426-mali-reprise-des-combats-\u00e0-kidal-entre-l-arm\u00e9e-et-les-rebelles-touareg-alli\u00e9s-aux-jihadistes\" target=\"_self\">original en ingl\u00e9s<\/a><\/p>\n","protected":false},"excerpt":{"rendered":"<p>Nuevos combates estallaron este domingo en la&#46;&#46;&#46;<\/p>\n","protected":false},"author":1,"featured_media":155868,"comment_status":"closed","ping_status":"closed","sticky":false,"template":"","format":"standard","meta":{"_jetpack_memberships_contains_paid_content":false,"footnotes":"","jetpack_publicize_message":"","jetpack_publicize_feature_enabled":true,"jetpack_social_post_already_shared":true,"jetpack_social_options":{"image_generator_settings":{"template":"highway","default_image_id":0,"font":"","enabled":false},"version":2}},"categories":[43],"tags":[],"class_list":["post-155867","post","type-post","status-publish","format-standard","has-post-thumbnail","hentry","category-internacionales"],"yoast_head":"<!-- This site is optimized with the Yoast SEO plugin v27.3 - https:\/\/yoast.com\/product\/yoast-seo-wordpress\/ -->\n<title>La junta militar de Mali enfrenta su mayor crisis tras la ca\u00edda de Kidal y la muerte del ministro de Defensa - Sarmiento24h<\/title>\n<meta name=\"robots\" content=\"index, follow, max-snippet:-1, max-image-preview:large, max-video-preview:-1\" \/>\n<link rel=\"canonical\" href=\"https:\/\/sarmiento24h.com\/?p=155867\" \/>\n<meta property=\"og:locale\" content=\"es_ES\" \/>\n<meta property=\"og:type\" content=\"article\" \/>\n<meta property=\"og:title\" content=\"La junta militar de Mali enfrenta su mayor crisis tras la ca\u00edda de Kidal y la muerte del ministro de Defensa - Sarmiento24h\" \/>\n<meta property=\"og:description\" content=\"Nuevos combates estallaron este domingo en la&#046;&#046;&#046;\" \/>\n<meta property=\"og:url\" content=\"https:\/\/sarmiento24h.com\/?p=155867\" \/>\n<meta property=\"og:site_name\" content=\"Sarmiento24h\" \/>\n<meta property=\"article:publisher\" content=\"https:\/\/facebook.com\/s24hnoticias\" \/>\n<meta property=\"article:published_time\" content=\"2026-04-26T14:16:46+00:00\" \/>\n<meta property=\"og:image\" content=\"https:\/\/s.france24.com\/media\/display\/13a091d2-40e1-11f1-8d26-005056a90284\/w:980\/000-A8XP2KE.jpg\" \/>\n<meta name=\"author\" content=\"sarmiento24h@gmail.com\" \/>\n<meta name=\"twitter:card\" content=\"summary_large_image\" \/>\n<meta name=\"twitter:creator\" content=\"@sarmiento24h\" \/>\n<meta name=\"twitter:site\" content=\"@sarmiento24h\" \/>\n<meta name=\"twitter:label1\" content=\"Escrito por\" \/>\n\t<meta name=\"twitter:data1\" content=\"sarmiento24h@gmail.com\" \/>\n\t<meta name=\"twitter:label2\" content=\"Tiempo de lectura\" \/>\n\t<meta name=\"twitter:data2\" content=\"4 minutos\" \/>\n<script type=\"application\/ld+json\" class=\"yoast-schema-graph\">{\"@context\":\"https:\\\/\\\/schema.org\",\"@graph\":[{\"@type\":\"Article\",\"@id\":\"https:\\\/\\\/sarmiento24h.com\\\/?p=155867#article\",\"isPartOf\":{\"@id\":\"https:\\\/\\\/sarmiento24h.com\\\/?p=155867\"},\"author\":{\"name\":\"sarmiento24h@gmail.com\",\"@id\":\"https:\\\/\\\/sarmiento24h.com\\\/#\\\/schema\\\/person\\\/d653a59725ad629a7e0429af7b939d4d\"},\"headline\":\"La junta militar de Mali enfrenta su mayor crisis tras la ca\u00edda de Kidal y la muerte del ministro de Defensa\",\"datePublished\":\"2026-04-26T14:16:46+00:00\",\"mainEntityOfPage\":{\"@id\":\"https:\\\/\\\/sarmiento24h.com\\\/?p=155867\"},\"wordCount\":796,\"publisher\":{\"@id\":\"https:\\\/\\\/sarmiento24h.com\\\/#organization\"},\"image\":{\"@id\":\"https:\\\/\\\/sarmiento24h.com\\\/?p=155867#primaryimage\"},\"thumbnailUrl\":\"https:\\\/\\\/sarmiento24h.com\\\/wp-content\\\/uploads\\\/2026\\\/04\\\/la-junta-militar-de-mali-enfrenta-su-mayor-crisis-tras-la-caida-de-kidal-y-la-muerte-del-ministro-de-defensa.jpg\",\"articleSection\":[\"Internacionales\"],\"inLanguage\":\"es\"},{\"@type\":\"WebPage\",\"@id\":\"https:\\\/\\\/sarmiento24h.com\\\/?p=155867\",\"url\":\"https:\\\/\\\/sarmiento24h.com\\\/?p=155867\",\"name\":\"La junta militar de Mali enfrenta su mayor crisis tras la ca\u00edda de Kidal y la muerte del ministro de Defensa - Sarmiento24h\",\"isPartOf\":{\"@id\":\"https:\\\/\\\/sarmiento24h.com\\\/#website\"},\"primaryImageOfPage\":{\"@id\":\"https:\\\/\\\/sarmiento24h.com\\\/?p=155867#primaryimage\"},\"image\":{\"@id\":\"https:\\\/\\\/sarmiento24h.com\\\/?p=155867#primaryimage\"},\"thumbnailUrl\":\"https:\\\/\\\/sarmiento24h.com\\\/wp-content\\\/uploads\\\/2026\\\/04\\\/la-junta-militar-de-mali-enfrenta-su-mayor-crisis-tras-la-caida-de-kidal-y-la-muerte-del-ministro-de-defensa.jpg\",\"datePublished\":\"2026-04-26T14:16:46+00:00\",\"breadcrumb\":{\"@id\":\"https:\\\/\\\/sarmiento24h.com\\\/?p=155867#breadcrumb\"},\"inLanguage\":\"es\",\"potentialAction\":[{\"@type\":\"ReadAction\",\"target\":[\"https:\\\/\\\/sarmiento24h.com\\\/?p=155867\"]}]},{\"@type\":\"ImageObject\",\"inLanguage\":\"es\",\"@id\":\"https:\\\/\\\/sarmiento24h.com\\\/?p=155867#primaryimage\",\"url\":\"https:\\\/\\\/sarmiento24h.com\\\/wp-content\\\/uploads\\\/2026\\\/04\\\/la-junta-militar-de-mali-enfrenta-su-mayor-crisis-tras-la-caida-de-kidal-y-la-muerte-del-ministro-de-defensa.jpg\",\"contentUrl\":\"https:\\\/\\\/sarmiento24h.com\\\/wp-content\\\/uploads\\\/2026\\\/04\\\/la-junta-militar-de-mali-enfrenta-su-mayor-crisis-tras-la-caida-de-kidal-y-la-muerte-del-ministro-de-defensa.jpg\",\"width\":980,\"height\":653},{\"@type\":\"BreadcrumbList\",\"@id\":\"https:\\\/\\\/sarmiento24h.com\\\/?p=155867#breadcrumb\",\"itemListElement\":[{\"@type\":\"ListItem\",\"position\":1,\"name\":\"Home\",\"item\":\"https:\\\/\\\/sarmiento24h.com\\\/\"},{\"@type\":\"ListItem\",\"position\":2,\"name\":\"La junta militar de Mali enfrenta su mayor crisis tras la ca\u00edda de Kidal y la muerte del ministro de Defensa\"}]},{\"@type\":\"WebSite\",\"@id\":\"https:\\\/\\\/sarmiento24h.com\\\/#website\",\"url\":\"https:\\\/\\\/sarmiento24h.com\\\/\",\"name\":\"Sarmiento24h\",\"description\":\"\",\"publisher\":{\"@id\":\"https:\\\/\\\/sarmiento24h.com\\\/#organization\"},\"potentialAction\":[{\"@type\":\"SearchAction\",\"target\":{\"@type\":\"EntryPoint\",\"urlTemplate\":\"https:\\\/\\\/sarmiento24h.com\\\/?s={search_term_string}\"},\"query-input\":{\"@type\":\"PropertyValueSpecification\",\"valueRequired\":true,\"valueName\":\"search_term_string\"}}],\"inLanguage\":\"es\"},{\"@type\":\"Organization\",\"@id\":\"https:\\\/\\\/sarmiento24h.com\\\/#organization\",\"name\":\"Sarmiento24h\",\"url\":\"https:\\\/\\\/sarmiento24h.com\\\/\",\"logo\":{\"@type\":\"ImageObject\",\"inLanguage\":\"es\",\"@id\":\"https:\\\/\\\/sarmiento24h.com\\\/#\\\/schema\\\/logo\\\/image\\\/\",\"url\":\"https:\\\/\\\/sarmiento24h.com\\\/wp-content\\\/uploads\\\/2025\\\/12\\\/AddText_12-16-10.30.52.jpg\",\"contentUrl\":\"https:\\\/\\\/sarmiento24h.com\\\/wp-content\\\/uploads\\\/2025\\\/12\\\/AddText_12-16-10.30.52.jpg\",\"width\":1220,\"height\":324,\"caption\":\"Sarmiento24h\"},\"image\":{\"@id\":\"https:\\\/\\\/sarmiento24h.com\\\/#\\\/schema\\\/logo\\\/image\\\/\"},\"sameAs\":[\"https:\\\/\\\/facebook.com\\\/s24hnoticias\",\"https:\\\/\\\/x.com\\\/sarmiento24h\"]},{\"@type\":\"Person\",\"@id\":\"https:\\\/\\\/sarmiento24h.com\\\/#\\\/schema\\\/person\\\/d653a59725ad629a7e0429af7b939d4d\",\"name\":\"sarmiento24h@gmail.com\",\"image\":{\"@type\":\"ImageObject\",\"inLanguage\":\"es\",\"@id\":\"https:\\\/\\\/sarmiento24h.com\\\/wp-content\\\/litespeed\\\/avatar\\\/d02cbc4e23c747e6659cd45907173c8f.jpg?ver=1777157796\",\"url\":\"https:\\\/\\\/sarmiento24h.com\\\/wp-content\\\/litespeed\\\/avatar\\\/d02cbc4e23c747e6659cd45907173c8f.jpg?ver=1777157796\",\"contentUrl\":\"https:\\\/\\\/sarmiento24h.com\\\/wp-content\\\/litespeed\\\/avatar\\\/d02cbc4e23c747e6659cd45907173c8f.jpg?ver=1777157796\",\"caption\":\"sarmiento24h@gmail.com\"},\"sameAs\":[\"https:\\\/\\\/sarmiento24h.com\"],\"url\":\"https:\\\/\\\/sarmiento24h.com\\\/?author=1\"}]}<\/script>\n<!-- \/ Yoast SEO plugin. -->","yoast_head_json":{"title":"La junta militar de Mali enfrenta su mayor crisis tras la ca\u00edda de Kidal y la muerte del ministro de Defensa - Sarmiento24h","robots":{"index":"index","follow":"follow","max-snippet":"max-snippet:-1","max-image-preview":"max-image-preview:large","max-video-preview":"max-video-preview:-1"},"canonical":"https:\/\/sarmiento24h.com\/?p=155867","og_locale":"es_ES","og_type":"article","og_title":"La junta militar de Mali enfrenta su mayor crisis tras la ca\u00edda de Kidal y la muerte del ministro de Defensa - Sarmiento24h","og_description":"Nuevos combates estallaron este domingo en la&#46;&#46;&#46;","og_url":"https:\/\/sarmiento24h.com\/?p=155867","og_site_name":"Sarmiento24h","article_publisher":"https:\/\/facebook.com\/s24hnoticias","article_published_time":"2026-04-26T14:16:46+00:00","og_image":[{"url":"https:\/\/s.france24.com\/media\/display\/13a091d2-40e1-11f1-8d26-005056a90284\/w:980\/000-A8XP2KE.jpg","type":"","width":"","height":""}],"author":"sarmiento24h@gmail.com","twitter_card":"summary_large_image","twitter_creator":"@sarmiento24h","twitter_site":"@sarmiento24h","twitter_misc":{"Escrito por":"sarmiento24h@gmail.com","Tiempo de lectura":"4 minutos"},"schema":{"@context":"https:\/\/schema.org","@graph":[{"@type":"Article","@id":"https:\/\/sarmiento24h.com\/?p=155867#article","isPartOf":{"@id":"https:\/\/sarmiento24h.com\/?p=155867"},"author":{"name":"sarmiento24h@gmail.com","@id":"https:\/\/sarmiento24h.com\/#\/schema\/person\/d653a59725ad629a7e0429af7b939d4d"},"headline":"La junta militar de Mali enfrenta su mayor crisis tras la ca\u00edda de Kidal y la muerte del ministro de Defensa","datePublished":"2026-04-26T14:16:46+00:00","mainEntityOfPage":{"@id":"https:\/\/sarmiento24h.com\/?p=155867"},"wordCount":796,"publisher":{"@id":"https:\/\/sarmiento24h.com\/#organization"},"image":{"@id":"https:\/\/sarmiento24h.com\/?p=155867#primaryimage"},"thumbnailUrl":"https:\/\/sarmiento24h.com\/wp-content\/uploads\/2026\/04\/la-junta-militar-de-mali-enfrenta-su-mayor-crisis-tras-la-caida-de-kidal-y-la-muerte-del-ministro-de-defensa.jpg","articleSection":["Internacionales"],"inLanguage":"es"},{"@type":"WebPage","@id":"https:\/\/sarmiento24h.com\/?p=155867","url":"https:\/\/sarmiento24h.com\/?p=155867","name":"La junta militar de Mali enfrenta su mayor crisis tras la ca\u00edda de Kidal y la muerte del ministro de Defensa - Sarmiento24h","isPartOf":{"@id":"https:\/\/sarmiento24h.com\/#website"},"primaryImageOfPage":{"@id":"https:\/\/sarmiento24h.com\/?p=155867#primaryimage"},"image":{"@id":"https:\/\/sarmiento24h.com\/?p=155867#primaryimage"},"thumbnailUrl":"https:\/\/sarmiento24h.com\/wp-content\/uploads\/2026\/04\/la-junta-militar-de-mali-enfrenta-su-mayor-crisis-tras-la-caida-de-kidal-y-la-muerte-del-ministro-de-defensa.jpg","datePublished":"2026-04-26T14:16:46+00:00","breadcrumb":{"@id":"https:\/\/sarmiento24h.com\/?p=155867#breadcrumb"},"inLanguage":"es","potentialAction":[{"@type":"ReadAction","target":["https:\/\/sarmiento24h.com\/?p=155867"]}]},{"@type":"ImageObject","inLanguage":"es","@id":"https:\/\/sarmiento24h.com\/?p=155867#primaryimage","url":"https:\/\/sarmiento24h.com\/wp-content\/uploads\/2026\/04\/la-junta-militar-de-mali-enfrenta-su-mayor-crisis-tras-la-caida-de-kidal-y-la-muerte-del-ministro-de-defensa.jpg","contentUrl":"https:\/\/sarmiento24h.com\/wp-content\/uploads\/2026\/04\/la-junta-militar-de-mali-enfrenta-su-mayor-crisis-tras-la-caida-de-kidal-y-la-muerte-del-ministro-de-defensa.jpg","width":980,"height":653},{"@type":"BreadcrumbList","@id":"https:\/\/sarmiento24h.com\/?p=155867#breadcrumb","itemListElement":[{"@type":"ListItem","position":1,"name":"Home","item":"https:\/\/sarmiento24h.com\/"},{"@type":"ListItem","position":2,"name":"La junta militar de Mali enfrenta su mayor crisis tras la ca\u00edda de Kidal y la muerte del ministro de Defensa"}]},{"@type":"WebSite","@id":"https:\/\/sarmiento24h.com\/#website","url":"https:\/\/sarmiento24h.com\/","name":"Sarmiento24h","description":"","publisher":{"@id":"https:\/\/sarmiento24h.com\/#organization"},"potentialAction":[{"@type":"SearchAction","target":{"@type":"EntryPoint","urlTemplate":"https:\/\/sarmiento24h.com\/?s={search_term_string}"},"query-input":{"@type":"PropertyValueSpecification","valueRequired":true,"valueName":"search_term_string"}}],"inLanguage":"es"},{"@type":"Organization","@id":"https:\/\/sarmiento24h.com\/#organization","name":"Sarmiento24h","url":"https:\/\/sarmiento24h.com\/","logo":{"@type":"ImageObject","inLanguage":"es","@id":"https:\/\/sarmiento24h.com\/#\/schema\/logo\/image\/","url":"https:\/\/sarmiento24h.com\/wp-content\/uploads\/2025\/12\/AddText_12-16-10.30.52.jpg","contentUrl":"https:\/\/sarmiento24h.com\/wp-content\/uploads\/2025\/12\/AddText_12-16-10.30.52.jpg","width":1220,"height":324,"caption":"Sarmiento24h"},"image":{"@id":"https:\/\/sarmiento24h.com\/#\/schema\/logo\/image\/"},"sameAs":["https:\/\/facebook.com\/s24hnoticias","https:\/\/x.com\/sarmiento24h"]},{"@type":"Person","@id":"https:\/\/sarmiento24h.com\/#\/schema\/person\/d653a59725ad629a7e0429af7b939d4d","name":"sarmiento24h@gmail.com","image":{"@type":"ImageObject","inLanguage":"es","@id":"https:\/\/sarmiento24h.com\/wp-content\/litespeed\/avatar\/d02cbc4e23c747e6659cd45907173c8f.jpg?ver=1777157796","url":"https:\/\/sarmiento24h.com\/wp-content\/litespeed\/avatar\/d02cbc4e23c747e6659cd45907173c8f.jpg?ver=1777157796","contentUrl":"https:\/\/sarmiento24h.com\/wp-content\/litespeed\/avatar\/d02cbc4e23c747e6659cd45907173c8f.jpg?ver=1777157796","caption":"sarmiento24h@gmail.com"},"sameAs":["https:\/\/sarmiento24h.com"],"url":"https:\/\/sarmiento24h.com\/?author=1"}]}},"jetpack_publicize_connections":[],"jetpack_featured_media_url":"https:\/\/sarmiento24h.com\/wp-content\/uploads\/2026\/04\/la-junta-militar-de-mali-enfrenta-su-mayor-crisis-tras-la-caida-de-kidal-y-la-muerte-del-ministro-de-defensa.jpg","jetpack_sharing_enabled":true,"_links":{"self":[{"href":"https:\/\/sarmiento24h.com\/index.php?rest_route=\/wp\/v2\/posts\/155867","targetHints":{"allow":["GET"]}}],"collection":[{"href":"https:\/\/sarmiento24h.com\/index.php?rest_route=\/wp\/v2\/posts"}],"about":[{"href":"https:\/\/sarmiento24h.com\/index.php?rest_route=\/wp\/v2\/types\/post"}],"author":[{"embeddable":true,"href":"https:\/\/sarmiento24h.com\/index.php?rest_route=\/wp\/v2\/users\/1"}],"replies":[{"embeddable":true,"href":"https:\/\/sarmiento24h.com\/index.php?rest_route=%2Fwp%2Fv2%2Fcomments&post=155867"}],"version-history":[{"count":0,"href":"https:\/\/sarmiento24h.com\/index.php?rest_route=\/wp\/v2\/posts\/155867\/revisions"}],"wp:featuredmedia":[{"embeddable":true,"href":"https:\/\/sarmiento24h.com\/index.php?rest_route=\/wp\/v2\/media\/155868"}],"wp:attachment":[{"href":"https:\/\/sarmiento24h.com\/index.php?rest_route=%2Fwp%2Fv2%2Fmedia&parent=155867"}],"wp:term":[{"taxonomy":"category","embeddable":true,"href":"https:\/\/sarmiento24h.com\/index.php?rest_route=%2Fwp%2Fv2%2Fcategories&post=155867"},{"taxonomy":"post_tag","embeddable":true,"href":"https:\/\/sarmiento24h.com\/index.php?rest_route=%2Fwp%2Fv2%2Ftags&post=155867"}],"curies":[{"name":"wp","href":"https:\/\/api.w.org\/{rel}","templated":true}]}}