{"id":155869,"date":"2026-04-26T14:16:48","date_gmt":"2026-04-26T14:16:48","guid":{"rendered":"http:\/\/19f7489a-416e-11f1-91e6-97f30aa51f90"},"modified":"2026-04-26T14:16:48","modified_gmt":"2026-04-26T14:16:48","slug":"el-sospechoso-no-coopera-con-la-investigacion-del-ataque-contra-trump-segun-el-fiscal-general","status":"publish","type":"post","link":"https:\/\/sarmiento24h.com\/?p=155869","title":{"rendered":"El sospechoso \u201cno coopera\u201d con la investigaci\u00f3n del ataque contra Trump, seg\u00fan el fiscal general"},"content":{"rendered":"<div readability=\"10\"> <time datetime=\"2026-04-26T14:12:44+00:00\">26\/04\/2026 &#8211; 16:12<\/time><\/p>\n<h2 aria-level=\"3\">Los investigadores examinan los escritos del sospechoso<\/h2>\n<p><span>Los investigadores est\u00e1n examinando los escritos del presunto autor de los disparos como parte de la investigaci\u00f3n en curso sobre el motivo del ataque, seg\u00fan informaron tres funcionarios de las fuerzas del orden federales al canal CBS News.&nbsp;<\/span><\/p>\n<\/p><\/div>\n<div readability=\"24\"> <time datetime=\"2026-04-26T13:51:50+00:00\">26\/04\/2026 &#8211; 15:51<\/time><\/p>\n<h2 aria-level=\"3\">El fiscal general interino anuncia la ejecuci\u00f3n de \u00f3rdenes de registro contra el sospechoso<\/h2>\n<p><span>En declaraciones al canal NBC News, Todd Blanche, el fiscal general interino de Estados Unidos, anunci\u00f3 la ejecuci\u00f3n de \u00f3rdenes de registro contra el presunto autor de los disparos en la cena de los corresponsales.<\/span><\/p>\n<p><span>Al mismo tiempo, agencias de prensa observaban un importante dispositivo policial alrededor del domicilio del sospecho en Torrance, California.<\/span><\/p>\n<p><span><img decoding=\"async\" src=\"https:\/\/arena-cdn-g.eu.getarena.im\/site-media\/661e9848fa496b0a97abf8004f1ae8afc70c8fa42104bb5169359a64.jpg\"><\/span><\/p>\n<p>Agentes del FBI acuden a una direcci\u00f3n relacionada con Cole Tomas Allen, el sospechoso del tiroteo ocurrido durante la cena de corresponsales de la Casa Blanca el 25 de abril de 2026, en Torrance, Estados Unidos. (AP\/William Lang)<\/p>\n<\/p><\/div>\n<div readability=\"21\"> <time datetime=\"2026-04-26T13:37:57+00:00\">26\/04\/2026 &#8211; 15:37<\/time><\/p>\n<h2 aria-level=\"3\">\u00bfQu\u00e9 sabemos sobre el presunto autor de los disparos?<\/h2>\n<p><span>Mientras algunos medios de comunicaci\u00f3n estadounidense identifican el sospechoso como Cole Tomas Allen, se conoce pocos detalles sobre este hombre de 31 a\u00f1os.<\/span><\/p>\n<p><span><span class=\"ql-cursor\">\ufeff<\/span>Se sabe que el sospechoso viene de la localidad de Torrance en California, cerca de Los \u00c1ngeles. Sus perfiles en redes sociales indicar\u00edan que Allen seria ingeniero mec\u00e1nico, inform\u00e1tico, desarrollador de videojuegos y profesor.<\/span><\/p>\n<p><span>\u201cMi impresi\u00f3n es que era un lobo solitario\u201d, coment\u00f3, por otro lado, el presidente Trump.<\/span><\/p>\n<\/p><\/div>\n<div readability=\"12\"> <time datetime=\"2026-04-26T13:30:47+00:00\">26\/04\/2026 &#8211; 15:30<\/time><\/p>\n<h2 aria-level=\"3\">Claudia Sheinbaum expres\u00f3 alivio al saber que el presidente Trump se encuentra bien<\/h2>\n<p><span>\u201cQu\u00e9 bueno que el presidente Trump y su esposa se encuentren bien, tras los recientes acontecimientos. Le enviamos nuestro respeto. La violencia no debe ser nunca el camino\u201d, escribi\u00f3 la presidente mexicana Claudia Sheinbaum en su cuenta X, tras el ataque que sufri\u00f3 la pareja presidencial.&nbsp;<\/span><\/p>\n<\/p><\/div>\n<div readability=\"28\"> <time datetime=\"2026-04-26T13:23:11+00:00\">26\/04\/2026 &#8211; 15:23<\/time><\/p>\n<h2 aria-level=\"3\">Donald Trump afirma que el ataque subraya la necesidad de contar con un sal\u00f3n de baile en la Casa Blanca<\/h2>\n<p><span>\ufeffEl presidente Trump afirm\u00f3 que el ataque ocurrido fuera del sal\u00f3n de baile, donde se celebraba la cena con la prensa, refuerza la necesidad de contar con el sal\u00f3n de baile que se est\u00e1 construyendo en la Casa Blanca.<\/span><\/p>\n<p><span>\u201cLo que ocurri\u00f3 anoche es exactamente la raz\u00f3n por la que nuestras magn\u00edficas Fuerzas Armadas, el Servicio Secreto, las fuerzas del orden y, por diferentes motivos, todos los presidentes de los \u00faltimos 150 a\u00f1os, han estado EXIGIENDO que se construya un sal\u00f3n de baile amplio, seguro y protegido en los terrenos de la Casa Blanca\u201d, escribi\u00f3 en la red Truth Social. <\/span><\/p>\n<p><span>\ufeff\u201cEste suceso nunca habr\u00eda ocurrido si se hubiera contado con el sal\u00f3n de baile de alto secreto militar que se est\u00e1 construyendo actualmente en la Casa Blanca. \u00a1No se puede construir lo suficientemente r\u00e1pido!\u201d, agreg\u00f3.<\/span><\/p>\n<p><span><img decoding=\"async\" src=\"https:\/\/arena-cdn-g.eu.getarena.im\/site-media\/661e9848fa496b0a97abf8009715041cd6cccea4d1fc340cc3f87f17.jpg\"><\/span><\/p>\n<\/p><\/div>\n<div readability=\"19\"> <time datetime=\"2026-04-26T13:13:26+00:00\">26\/04\/2026 &#8211; 15:13<\/time><\/p>\n<h2 aria-level=\"3\">Emmanuel Macron denuncia un ataque \u201cinaceptable\u201d<\/h2>\n<p><span>El presidente franc\u00e9s, Emmanuel Macron, denunci\u00f3 el domingo un ataque \u201cinaceptable\u201d tras el tiroteo ocurrido durante la cena de los corresponsales de prensa en Washington, y expres\u00f3 \u201ctodo su apoyo\u201d a Donald Trump, quien fue evacuado de la ceremonia.<\/span><\/p>\n<p><span><span class=\"ql-cursor\">\ufeff<\/span>\u201cEl ataque armado perpetrado anoche contra el presidente de los Estados Unidos es inaceptable. La violencia nunca tiene cabida en la democracia\u201d, escribi\u00f3 el presidente franc\u00e9s en la red X. \u201cLe expreso a Donald Trump todo mi apoyo\u201d, a\u00f1adi\u00f3.<\/span><\/p>\n<\/p><\/div>\n<div readability=\"16\"> <time datetime=\"2026-04-26T13:03:31+00:00\">26\/04\/2026 &#8211; 15:03<\/time><\/p>\n<h2 aria-level=\"3\">Keir Starmer dice estar \u201cconmocionado\u201d y condena el tiroteo<\/h2>\n<p><span>El primer ministro brit\u00e1nico, Keir Starmer, dijo estar \u201cconmocionado\u201d por el tiroteo ocurrido durante la cena de la prensa en Washington, y expres\u00f3 su \u00abinmenso alivio\u00bb al saber que el presidente Donald Trump y los dem\u00e1s participantes se encontraran a salvo.<\/span><\/p>\n<p><span><span class=\"ql-cursor\">\ufeff<\/span>\u201cCualquier ataque contra las instituciones democr\u00e1ticas o contra la libertad de prensa debe ser condenado con la mayor firmeza\u201d, declar\u00f3 Keir Starmer en su cuenta de X el domingo.<\/span><\/p>\n<\/p><\/div>\n<div readability=\"12\"> <time datetime=\"2026-04-26T12:56:47+00:00\">26\/04\/2026 &#8211; 14:56<\/time><\/p>\n<h2 aria-level=\"3\">El sospechoso \u201cno coopera activamente\u201d con la investigaci\u00f3n del ataque contra Trump, seg\u00fan el fiscal general interino<\/h2>\n<p><span>El fiscal general interino, Todd Blanche, indic\u00f3 que el presunto agresor \u201cno est\u00e1 cooperando activamente\u201d y que se cree que viaj\u00f3 a Washington en tren desde Los \u00c1ngeles pasando por Chicago, en declaraciones al programa \u201cFace the Nation\u201d del canal CBS News.<\/span><\/p>\n<\/p><\/div>\n<div readability=\"16\"> <time datetime=\"2026-04-26T12:47:27+00:00\">26\/04\/2026 &#8211; 14:47<\/time><\/p>\n<h2 aria-level=\"3\">El sospechoso probablemente ten\u00eda como objetivo a funcionarios de la administraci\u00f3n Trump, seg\u00fan el fiscal general interino<\/h2>\n<p><span>El fiscal general interino de Estados Unidos, Todd Blanche, declar\u00f3 que las fuerzas del orden consideran que el presunto tirador ten\u00eda como objetivo a funcionarios de la administraci\u00f3n Trump.<\/span><\/p>\n<p><span><span class=\"ql-cursor\">\ufeff<\/span>\u201cParece claro que ten\u00eda la intenci\u00f3n de atacar a personas que trabajan en la administraci\u00f3n, incluyendo probablemente al presidente\u201d, declar\u00f3 Todd Blanche en el programa \u00abMeet the Press\u00bb del canal NBC News.<\/span><\/p>\n<\/p><\/div>\n<div readability=\"15\"> <time datetime=\"2026-04-26T12:43:49+00:00\">26\/04\/2026 &#8211; 14:43<\/time><\/p>\n<h2 aria-level=\"3\">Un sospechoso detenido, comparecer\u00e1 ante la justicia el lunes<\/h2>\n<p><span>Donald Trump comparti\u00f3 fotos del presunto tirador en lo que parece ser el vest\u00edbulo del Hilton. Las autoridades a\u00fan no han confirmado p\u00fablicamente su identidad, pero seg\u00fan los medios de comunicaci\u00f3n estadounidenses, se trata de un hombre de 31 a\u00f1os llamado Cole Tomas Allen, originario de Torrance, California. Actualmente enfrenta los cargos de uso de un arma de fuego en un delito violento y agresi\u00f3n a un agente federal con un arma, precis\u00f3 la fiscal federal Jeanine Pirro. <\/span><\/p>\n<\/p><\/div>\n<div readability=\"32\"> <time datetime=\"2026-04-26T12:41:27+00:00\">26\/04\/2026 &#8211; 14:41<\/time><\/p>\n<h2 aria-level=\"3\">\u00daltimos elementos:<\/h2>\n<ul>\n<li><strong>Donald Trump evacuado tras un tiroteo en la cena de corresponsales<\/strong><\/li>\n<\/ul>\n<p><span>Seg\u00fan periodistas de la AFP y otros testigos, se escucharon disparos tras el discurso de bienvenida durante la cena de gala celebrada el s\u00e1bado por la noche en el hotel Hilton de Washington D. C. Equipos de seguridad, con armas en mano, tomaron posiciones en el escenario donde Donald Trump estaba sentado junto a su esposa Melania, el vicepresidente, J.D. Vance, y otros funcionarios, quienes fueron r\u00e1pidamente evacuados. Seg\u00fan las autoridades, un \u201ctirador solitario\u201d forz\u00f3 un control de seguridad en el vest\u00edbulo del hotel, justo afuera del sal\u00f3n de baile donde se celebraba la cena.<\/span><\/p>\n<ul>\n<li><strong>La investigaci\u00f3n a cargo del FBI<\/strong><\/li>\n<\/ul>\n<p><span>Se encontraron un rifle y casquillos en el lugar de los hechos, indic\u00f3 el director del FBI, Kash Patel, y agreg\u00f3 que la agencia federal estaba tomando declaraci\u00f3n a testigos como parte de sus investigaciones. <\/span><\/p>\n<ul>\n<li><strong>La seguridad del hotel en cuesti\u00f3n<\/strong><\/li>\n<\/ul>\n<p><span>Se han planteado dudas sobre el dispositivo de seguridad de la recepci\u00f3n y sobre c\u00f3mo se pudo introducir un arma en el hotel. Algunos participantes indicaron que se hab\u00eda instalado un arco detector de metales fuera del sal\u00f3n de baile, pero que no hab\u00eda ning\u00fan control de este tipo antes ni en la propia entrada del hotel.<\/span><\/p>\n<\/p><\/div>\n","protected":false},"excerpt":{"rendered":"<p>26\/04\/2026 &#8211; 16:12 Los investigadores examinan los&#46;&#46;&#46;<\/p>\n","protected":false},"author":1,"featured_media":155870,"comment_status":"closed","ping_status":"closed","sticky":false,"template":"","format":"standard","meta":{"_jetpack_memberships_contains_paid_content":false,"footnotes":"","jetpack_publicize_message":"","jetpack_publicize_feature_enabled":true,"jetpack_social_post_already_shared":true,"jetpack_social_options":{"image_generator_settings":{"template":"highway","default_image_id":0,"font":"","enabled":false},"version":2}},"categories":[43],"tags":[],"class_list":["post-155869","post","type-post","status-publish","format-standard","has-post-thumbnail","hentry","category-internacionales"],"yoast_head":"<!-- This site is optimized with the Yoast SEO plugin v27.3 - https:\/\/yoast.com\/product\/yoast-seo-wordpress\/ -->\n<title>El sospechoso \u201cno coopera\u201d con la investigaci\u00f3n del ataque contra Trump, seg\u00fan el fiscal general - Sarmiento24h<\/title>\n<meta name=\"robots\" content=\"index, follow, max-snippet:-1, max-image-preview:large, max-video-preview:-1\" \/>\n<link rel=\"canonical\" href=\"https:\/\/sarmiento24h.com\/?p=155869\" \/>\n<meta property=\"og:locale\" content=\"es_ES\" \/>\n<meta property=\"og:type\" content=\"article\" \/>\n<meta property=\"og:title\" content=\"El sospechoso \u201cno coopera\u201d con la investigaci\u00f3n del ataque contra Trump, seg\u00fan el fiscal general - Sarmiento24h\" \/>\n<meta property=\"og:description\" content=\"26\/04\/2026 &#8211; 16:12 Los investigadores examinan los&#046;&#046;&#046;\" \/>\n<meta property=\"og:url\" content=\"https:\/\/sarmiento24h.com\/?p=155869\" \/>\n<meta property=\"og:site_name\" content=\"Sarmiento24h\" \/>\n<meta property=\"article:publisher\" content=\"https:\/\/facebook.com\/s24hnoticias\" \/>\n<meta property=\"article:published_time\" content=\"2026-04-26T14:16:48+00:00\" \/>\n<meta property=\"og:image\" content=\"https:\/\/arena-cdn-g.eu.getarena.im\/site-media\/661e9848fa496b0a97abf8004f1ae8afc70c8fa42104bb5169359a64.jpg\" \/>\n<meta name=\"author\" content=\"sarmiento24h@gmail.com\" \/>\n<meta name=\"twitter:card\" content=\"summary_large_image\" \/>\n<meta name=\"twitter:creator\" content=\"@sarmiento24h\" \/>\n<meta name=\"twitter:site\" content=\"@sarmiento24h\" \/>\n<meta name=\"twitter:label1\" content=\"Escrito por\" \/>\n\t<meta name=\"twitter:data1\" content=\"sarmiento24h@gmail.com\" \/>\n\t<meta name=\"twitter:label2\" content=\"Tiempo de lectura\" \/>\n\t<meta name=\"twitter:data2\" content=\"6 minutos\" \/>\n<script type=\"application\/ld+json\" class=\"yoast-schema-graph\">{\"@context\":\"https:\\\/\\\/schema.org\",\"@graph\":[{\"@type\":\"Article\",\"@id\":\"https:\\\/\\\/sarmiento24h.com\\\/?p=155869#article\",\"isPartOf\":{\"@id\":\"https:\\\/\\\/sarmiento24h.com\\\/?p=155869\"},\"author\":{\"name\":\"sarmiento24h@gmail.com\",\"@id\":\"https:\\\/\\\/sarmiento24h.com\\\/#\\\/schema\\\/person\\\/d653a59725ad629a7e0429af7b939d4d\"},\"headline\":\"El sospechoso \u201cno coopera\u201d con la investigaci\u00f3n del ataque contra Trump, seg\u00fan el fiscal general\",\"datePublished\":\"2026-04-26T14:16:48+00:00\",\"mainEntityOfPage\":{\"@id\":\"https:\\\/\\\/sarmiento24h.com\\\/?p=155869\"},\"wordCount\":1132,\"publisher\":{\"@id\":\"https:\\\/\\\/sarmiento24h.com\\\/#organization\"},\"image\":{\"@id\":\"https:\\\/\\\/sarmiento24h.com\\\/?p=155869#primaryimage\"},\"thumbnailUrl\":\"https:\\\/\\\/sarmiento24h.com\\\/wp-content\\\/uploads\\\/2026\\\/04\\\/el-sospechoso-no-coopera-con-la-investigacion-del-ataque-contra-trump-segun-el-fiscal-general.jpg\",\"articleSection\":[\"Internacionales\"],\"inLanguage\":\"es\"},{\"@type\":\"WebPage\",\"@id\":\"https:\\\/\\\/sarmiento24h.com\\\/?p=155869\",\"url\":\"https:\\\/\\\/sarmiento24h.com\\\/?p=155869\",\"name\":\"El sospechoso \u201cno coopera\u201d con la investigaci\u00f3n del ataque contra Trump, seg\u00fan el fiscal general - Sarmiento24h\",\"isPartOf\":{\"@id\":\"https:\\\/\\\/sarmiento24h.com\\\/#website\"},\"primaryImageOfPage\":{\"@id\":\"https:\\\/\\\/sarmiento24h.com\\\/?p=155869#primaryimage\"},\"image\":{\"@id\":\"https:\\\/\\\/sarmiento24h.com\\\/?p=155869#primaryimage\"},\"thumbnailUrl\":\"https:\\\/\\\/sarmiento24h.com\\\/wp-content\\\/uploads\\\/2026\\\/04\\\/el-sospechoso-no-coopera-con-la-investigacion-del-ataque-contra-trump-segun-el-fiscal-general.jpg\",\"datePublished\":\"2026-04-26T14:16:48+00:00\",\"breadcrumb\":{\"@id\":\"https:\\\/\\\/sarmiento24h.com\\\/?p=155869#breadcrumb\"},\"inLanguage\":\"es\",\"potentialAction\":[{\"@type\":\"ReadAction\",\"target\":[\"https:\\\/\\\/sarmiento24h.com\\\/?p=155869\"]}]},{\"@type\":\"ImageObject\",\"inLanguage\":\"es\",\"@id\":\"https:\\\/\\\/sarmiento24h.com\\\/?p=155869#primaryimage\",\"url\":\"https:\\\/\\\/sarmiento24h.com\\\/wp-content\\\/uploads\\\/2026\\\/04\\\/el-sospechoso-no-coopera-con-la-investigacion-del-ataque-contra-trump-segun-el-fiscal-general.jpg\",\"contentUrl\":\"https:\\\/\\\/sarmiento24h.com\\\/wp-content\\\/uploads\\\/2026\\\/04\\\/el-sospechoso-no-coopera-con-la-investigacion-del-ataque-contra-trump-segun-el-fiscal-general.jpg\",\"width\":500,\"height\":333},{\"@type\":\"BreadcrumbList\",\"@id\":\"https:\\\/\\\/sarmiento24h.com\\\/?p=155869#breadcrumb\",\"itemListElement\":[{\"@type\":\"ListItem\",\"position\":1,\"name\":\"Home\",\"item\":\"https:\\\/\\\/sarmiento24h.com\\\/\"},{\"@type\":\"ListItem\",\"position\":2,\"name\":\"El sospechoso \u201cno coopera\u201d con la investigaci\u00f3n del ataque contra Trump, seg\u00fan el fiscal general\"}]},{\"@type\":\"WebSite\",\"@id\":\"https:\\\/\\\/sarmiento24h.com\\\/#website\",\"url\":\"https:\\\/\\\/sarmiento24h.com\\\/\",\"name\":\"Sarmiento24h\",\"description\":\"\",\"publisher\":{\"@id\":\"https:\\\/\\\/sarmiento24h.com\\\/#organization\"},\"potentialAction\":[{\"@type\":\"SearchAction\",\"target\":{\"@type\":\"EntryPoint\",\"urlTemplate\":\"https:\\\/\\\/sarmiento24h.com\\\/?s={search_term_string}\"},\"query-input\":{\"@type\":\"PropertyValueSpecification\",\"valueRequired\":true,\"valueName\":\"search_term_string\"}}],\"inLanguage\":\"es\"},{\"@type\":\"Organization\",\"@id\":\"https:\\\/\\\/sarmiento24h.com\\\/#organization\",\"name\":\"Sarmiento24h\",\"url\":\"https:\\\/\\\/sarmiento24h.com\\\/\",\"logo\":{\"@type\":\"ImageObject\",\"inLanguage\":\"es\",\"@id\":\"https:\\\/\\\/sarmiento24h.com\\\/#\\\/schema\\\/logo\\\/image\\\/\",\"url\":\"https:\\\/\\\/sarmiento24h.com\\\/wp-content\\\/uploads\\\/2025\\\/12\\\/AddText_12-16-10.30.52.jpg\",\"contentUrl\":\"https:\\\/\\\/sarmiento24h.com\\\/wp-content\\\/uploads\\\/2025\\\/12\\\/AddText_12-16-10.30.52.jpg\",\"width\":1220,\"height\":324,\"caption\":\"Sarmiento24h\"},\"image\":{\"@id\":\"https:\\\/\\\/sarmiento24h.com\\\/#\\\/schema\\\/logo\\\/image\\\/\"},\"sameAs\":[\"https:\\\/\\\/facebook.com\\\/s24hnoticias\",\"https:\\\/\\\/x.com\\\/sarmiento24h\"]},{\"@type\":\"Person\",\"@id\":\"https:\\\/\\\/sarmiento24h.com\\\/#\\\/schema\\\/person\\\/d653a59725ad629a7e0429af7b939d4d\",\"name\":\"sarmiento24h@gmail.com\",\"image\":{\"@type\":\"ImageObject\",\"inLanguage\":\"es\",\"@id\":\"https:\\\/\\\/sarmiento24h.com\\\/wp-content\\\/litespeed\\\/avatar\\\/d02cbc4e23c747e6659cd45907173c8f.jpg?ver=1777157796\",\"url\":\"https:\\\/\\\/sarmiento24h.com\\\/wp-content\\\/litespeed\\\/avatar\\\/d02cbc4e23c747e6659cd45907173c8f.jpg?ver=1777157796\",\"contentUrl\":\"https:\\\/\\\/sarmiento24h.com\\\/wp-content\\\/litespeed\\\/avatar\\\/d02cbc4e23c747e6659cd45907173c8f.jpg?ver=1777157796\",\"caption\":\"sarmiento24h@gmail.com\"},\"sameAs\":[\"https:\\\/\\\/sarmiento24h.com\"],\"url\":\"https:\\\/\\\/sarmiento24h.com\\\/?author=1\"}]}<\/script>\n<!-- \/ Yoast SEO plugin. -->","yoast_head_json":{"title":"El sospechoso \u201cno coopera\u201d con la investigaci\u00f3n del ataque contra Trump, seg\u00fan el fiscal general - Sarmiento24h","robots":{"index":"index","follow":"follow","max-snippet":"max-snippet:-1","max-image-preview":"max-image-preview:large","max-video-preview":"max-video-preview:-1"},"canonical":"https:\/\/sarmiento24h.com\/?p=155869","og_locale":"es_ES","og_type":"article","og_title":"El sospechoso \u201cno coopera\u201d con la investigaci\u00f3n del ataque contra Trump, seg\u00fan el fiscal general - Sarmiento24h","og_description":"26\/04\/2026 &#8211; 16:12 Los investigadores examinan los&#46;&#46;&#46;","og_url":"https:\/\/sarmiento24h.com\/?p=155869","og_site_name":"Sarmiento24h","article_publisher":"https:\/\/facebook.com\/s24hnoticias","article_published_time":"2026-04-26T14:16:48+00:00","og_image":[{"url":"https:\/\/arena-cdn-g.eu.getarena.im\/site-media\/661e9848fa496b0a97abf8004f1ae8afc70c8fa42104bb5169359a64.jpg","type":"","width":"","height":""}],"author":"sarmiento24h@gmail.com","twitter_card":"summary_large_image","twitter_creator":"@sarmiento24h","twitter_site":"@sarmiento24h","twitter_misc":{"Escrito por":"sarmiento24h@gmail.com","Tiempo de lectura":"6 minutos"},"schema":{"@context":"https:\/\/schema.org","@graph":[{"@type":"Article","@id":"https:\/\/sarmiento24h.com\/?p=155869#article","isPartOf":{"@id":"https:\/\/sarmiento24h.com\/?p=155869"},"author":{"name":"sarmiento24h@gmail.com","@id":"https:\/\/sarmiento24h.com\/#\/schema\/person\/d653a59725ad629a7e0429af7b939d4d"},"headline":"El sospechoso \u201cno coopera\u201d con la investigaci\u00f3n del ataque contra Trump, seg\u00fan el fiscal general","datePublished":"2026-04-26T14:16:48+00:00","mainEntityOfPage":{"@id":"https:\/\/sarmiento24h.com\/?p=155869"},"wordCount":1132,"publisher":{"@id":"https:\/\/sarmiento24h.com\/#organization"},"image":{"@id":"https:\/\/sarmiento24h.com\/?p=155869#primaryimage"},"thumbnailUrl":"https:\/\/sarmiento24h.com\/wp-content\/uploads\/2026\/04\/el-sospechoso-no-coopera-con-la-investigacion-del-ataque-contra-trump-segun-el-fiscal-general.jpg","articleSection":["Internacionales"],"inLanguage":"es"},{"@type":"WebPage","@id":"https:\/\/sarmiento24h.com\/?p=155869","url":"https:\/\/sarmiento24h.com\/?p=155869","name":"El sospechoso \u201cno coopera\u201d con la investigaci\u00f3n del ataque contra Trump, seg\u00fan el fiscal general - Sarmiento24h","isPartOf":{"@id":"https:\/\/sarmiento24h.com\/#website"},"primaryImageOfPage":{"@id":"https:\/\/sarmiento24h.com\/?p=155869#primaryimage"},"image":{"@id":"https:\/\/sarmiento24h.com\/?p=155869#primaryimage"},"thumbnailUrl":"https:\/\/sarmiento24h.com\/wp-content\/uploads\/2026\/04\/el-sospechoso-no-coopera-con-la-investigacion-del-ataque-contra-trump-segun-el-fiscal-general.jpg","datePublished":"2026-04-26T14:16:48+00:00","breadcrumb":{"@id":"https:\/\/sarmiento24h.com\/?p=155869#breadcrumb"},"inLanguage":"es","potentialAction":[{"@type":"ReadAction","target":["https:\/\/sarmiento24h.com\/?p=155869"]}]},{"@type":"ImageObject","inLanguage":"es","@id":"https:\/\/sarmiento24h.com\/?p=155869#primaryimage","url":"https:\/\/sarmiento24h.com\/wp-content\/uploads\/2026\/04\/el-sospechoso-no-coopera-con-la-investigacion-del-ataque-contra-trump-segun-el-fiscal-general.jpg","contentUrl":"https:\/\/sarmiento24h.com\/wp-content\/uploads\/2026\/04\/el-sospechoso-no-coopera-con-la-investigacion-del-ataque-contra-trump-segun-el-fiscal-general.jpg","width":500,"height":333},{"@type":"BreadcrumbList","@id":"https:\/\/sarmiento24h.com\/?p=155869#breadcrumb","itemListElement":[{"@type":"ListItem","position":1,"name":"Home","item":"https:\/\/sarmiento24h.com\/"},{"@type":"ListItem","position":2,"name":"El sospechoso \u201cno coopera\u201d con la investigaci\u00f3n del ataque contra Trump, seg\u00fan el fiscal general"}]},{"@type":"WebSite","@id":"https:\/\/sarmiento24h.com\/#website","url":"https:\/\/sarmiento24h.com\/","name":"Sarmiento24h","description":"","publisher":{"@id":"https:\/\/sarmiento24h.com\/#organization"},"potentialAction":[{"@type":"SearchAction","target":{"@type":"EntryPoint","urlTemplate":"https:\/\/sarmiento24h.com\/?s={search_term_string}"},"query-input":{"@type":"PropertyValueSpecification","valueRequired":true,"valueName":"search_term_string"}}],"inLanguage":"es"},{"@type":"Organization","@id":"https:\/\/sarmiento24h.com\/#organization","name":"Sarmiento24h","url":"https:\/\/sarmiento24h.com\/","logo":{"@type":"ImageObject","inLanguage":"es","@id":"https:\/\/sarmiento24h.com\/#\/schema\/logo\/image\/","url":"https:\/\/sarmiento24h.com\/wp-content\/uploads\/2025\/12\/AddText_12-16-10.30.52.jpg","contentUrl":"https:\/\/sarmiento24h.com\/wp-content\/uploads\/2025\/12\/AddText_12-16-10.30.52.jpg","width":1220,"height":324,"caption":"Sarmiento24h"},"image":{"@id":"https:\/\/sarmiento24h.com\/#\/schema\/logo\/image\/"},"sameAs":["https:\/\/facebook.com\/s24hnoticias","https:\/\/x.com\/sarmiento24h"]},{"@type":"Person","@id":"https:\/\/sarmiento24h.com\/#\/schema\/person\/d653a59725ad629a7e0429af7b939d4d","name":"sarmiento24h@gmail.com","image":{"@type":"ImageObject","inLanguage":"es","@id":"https:\/\/sarmiento24h.com\/wp-content\/litespeed\/avatar\/d02cbc4e23c747e6659cd45907173c8f.jpg?ver=1777157796","url":"https:\/\/sarmiento24h.com\/wp-content\/litespeed\/avatar\/d02cbc4e23c747e6659cd45907173c8f.jpg?ver=1777157796","contentUrl":"https:\/\/sarmiento24h.com\/wp-content\/litespeed\/avatar\/d02cbc4e23c747e6659cd45907173c8f.jpg?ver=1777157796","caption":"sarmiento24h@gmail.com"},"sameAs":["https:\/\/sarmiento24h.com"],"url":"https:\/\/sarmiento24h.com\/?author=1"}]}},"jetpack_publicize_connections":[],"jetpack_featured_media_url":"https:\/\/sarmiento24h.com\/wp-content\/uploads\/2026\/04\/el-sospechoso-no-coopera-con-la-investigacion-del-ataque-contra-trump-segun-el-fiscal-general.jpg","jetpack_sharing_enabled":true,"_links":{"self":[{"href":"https:\/\/sarmiento24h.com\/index.php?rest_route=\/wp\/v2\/posts\/155869","targetHints":{"allow":["GET"]}}],"collection":[{"href":"https:\/\/sarmiento24h.com\/index.php?rest_route=\/wp\/v2\/posts"}],"about":[{"href":"https:\/\/sarmiento24h.com\/index.php?rest_route=\/wp\/v2\/types\/post"}],"author":[{"embeddable":true,"href":"https:\/\/sarmiento24h.com\/index.php?rest_route=\/wp\/v2\/users\/1"}],"replies":[{"embeddable":true,"href":"https:\/\/sarmiento24h.com\/index.php?rest_route=%2Fwp%2Fv2%2Fcomments&post=155869"}],"version-history":[{"count":0,"href":"https:\/\/sarmiento24h.com\/index.php?rest_route=\/wp\/v2\/posts\/155869\/revisions"}],"wp:featuredmedia":[{"embeddable":true,"href":"https:\/\/sarmiento24h.com\/index.php?rest_route=\/wp\/v2\/media\/155870"}],"wp:attachment":[{"href":"https:\/\/sarmiento24h.com\/index.php?rest_route=%2Fwp%2Fv2%2Fmedia&parent=155869"}],"wp:term":[{"taxonomy":"category","embeddable":true,"href":"https:\/\/sarmiento24h.com\/index.php?rest_route=%2Fwp%2Fv2%2Fcategories&post=155869"},{"taxonomy":"post_tag","embeddable":true,"href":"https:\/\/sarmiento24h.com\/index.php?rest_route=%2Fwp%2Fv2%2Ftags&post=155869"}],"curies":[{"name":"wp","href":"https:\/\/api.w.org\/{rel}","templated":true}]}}