{"id":155902,"date":"2026-04-26T14:16:59","date_gmt":"2026-04-26T14:16:59","guid":{"rendered":"https:\/\/noticiassin.com\/?p=1986626"},"modified":"2026-04-26T14:16:59","modified_gmt":"2026-04-26T14:16:59","slug":"joven-denuncia-agresion-con-piedra-en-las-americas-que-dejo-herida-a-su-abuela-de-79-anos","status":"publish","type":"post","link":"https:\/\/sarmiento24h.com\/?p=155902","title":{"rendered":"Joven denuncia agresi\u00f3n con piedra en Las Am\u00e9ricas que dej\u00f3 herida a su abuela de 79 a\u00f1os"},"content":{"rendered":"<p><strong>SANTO DOMINGO<\/strong>.- Un joven denunci\u00f3 que el pasado domingo, alrededor de las 12:30 del mediod\u00eda, fue v\u00edctima de un hecho violento mientras regresaba del aeropuerto junto a su abuela, <strong>Mercedes Gil<\/strong>, de 79 a\u00f1os.<\/p>\n<h2 class=\"wp-block-heading\">Ataque bajo el puente<\/h2>\n<p>Seg\u00fan relat\u00f3, al pasar por debajo del puente seco que conecta la avenida 25 con <strong>San Isidro<\/strong>, una persona lanz\u00f3 un pe\u00f1\u00f3n que impact\u00f3 el veh\u00edculo, rompiendo el cristal e hiriendo gravemente a la se\u00f1ora, quien requiri\u00f3 aproximadamente 30 puntos en el rostro.<\/p>\n<figure class=\"wp-block-image size-full is-resized\"><img loading=\"lazy\" decoding=\"async\" width=\"960\" height=\"1280\" src=\"https:\/\/multimedia.noticiassin.com\/wp-content\/uploads\/2026\/04\/borrador-automatico-20260426-135132-KLm4.jpg\" alt class=\"wp-image-1986627 lazy\" data-sizes=\"(max-width: 960px) 100vw, 960px\" srcset=\"https:\/\/multimedia.noticiassin.com\/wp-content\/uploads\/2026\/04\/borrador-automatico-20260426-135132-KLm4.jpg 960w, https:\/\/multimedia.noticiassin.com\/wp-content\/uploads\/2026\/04\/borrador-automatico-20260426-135132-KLm4-768x1024.jpg 768w, https:\/\/multimedia.noticiassin.com\/wp-content\/uploads\/2026\/04\/borrador-automatico-20260426-135132-KLm4-1200x1600.jpg 1200w\"><\/figure>\n<p>El denunciante tambi\u00e9n result\u00f3 con golpes en el hombro derecho, <strong>la pierna derecha y parte del torso.<\/strong><\/p>\n<figure class=\"wp-block-image size-full is-resized\"><img loading=\"lazy\" decoding=\"async\" width=\"900\" height=\"1200\" src=\"https:\/\/multimedia.noticiassin.com\/wp-content\/uploads\/2026\/04\/borrador-automatico-20260426-135220-AlOv.jpg\" alt class=\"wp-image-1986629 lazy\" data-sizes=\"(max-width: 900px) 100vw, 900px\" srcset=\"https:\/\/multimedia.noticiassin.com\/wp-content\/uploads\/2026\/04\/borrador-automatico-20260426-135220-AlOv.jpg 900w, https:\/\/multimedia.noticiassin.com\/wp-content\/uploads\/2026\/04\/borrador-automatico-20260426-135220-AlOv-768x1024.jpg 768w, https:\/\/multimedia.noticiassin.com\/wp-content\/uploads\/2026\/04\/borrador-automatico-20260426-135220-AlOv-1200x1600.jpg 1200w\"><\/figure>\n<h2 class=\"wp-block-heading\">Llamado a autoridades<\/h2>\n<p>De acuerdo con la informaci\u00f3n ofrecida, el presunto responsable ser\u00eda un hombre de tez morena, de baja estatura, que vest\u00eda un polo shirt rojo, <strong>identificado en la zona como una persona con aparentes <\/strong>trastornos mentales.<\/p>\n<p>El joven advirti\u00f3 que el hecho pudo haber terminado en una tragedia mayor, por lo que hizo un llamado urgente a las autoridades para intervenir y evitar que situaciones similares contin\u00faen poniendo en peligro <strong>la vida de ciudadanos inocentes.<\/strong><\/p>\n","protected":false},"excerpt":{"rendered":"<p>SANTO DOMINGO.- Un joven denunci\u00f3 que el&#46;&#46;&#46;<\/p>\n","protected":false},"author":1,"featured_media":155903,"comment_status":"closed","ping_status":"closed","sticky":false,"template":"","format":"standard","meta":{"_jetpack_memberships_contains_paid_content":false,"footnotes":"","jetpack_publicize_message":"","jetpack_publicize_feature_enabled":true,"jetpack_social_post_already_shared":true,"jetpack_social_options":{"image_generator_settings":{"template":"highway","default_image_id":0,"font":"","enabled":false},"version":2}},"categories":[42],"tags":[],"class_list":["post-155902","post","type-post","status-publish","format-standard","has-post-thumbnail","hentry","category-nacionales"],"yoast_head":"<!-- This site is optimized with the Yoast SEO plugin v27.3 - https:\/\/yoast.com\/product\/yoast-seo-wordpress\/ -->\n<title>Joven denuncia agresi\u00f3n con piedra en Las Am\u00e9ricas que dej\u00f3 herida a su abuela de 79 a\u00f1os - Sarmiento24h<\/title>\n<meta name=\"robots\" content=\"index, follow, max-snippet:-1, max-image-preview:large, max-video-preview:-1\" \/>\n<link rel=\"canonical\" href=\"https:\/\/sarmiento24h.com\/?p=155902\" \/>\n<meta property=\"og:locale\" content=\"es_ES\" \/>\n<meta property=\"og:type\" content=\"article\" \/>\n<meta property=\"og:title\" content=\"Joven denuncia agresi\u00f3n con piedra en Las Am\u00e9ricas que dej\u00f3 herida a su abuela de 79 a\u00f1os - Sarmiento24h\" \/>\n<meta property=\"og:description\" content=\"SANTO DOMINGO.- Un joven denunci\u00f3 que el&#046;&#046;&#046;\" \/>\n<meta property=\"og:url\" content=\"https:\/\/sarmiento24h.com\/?p=155902\" \/>\n<meta property=\"og:site_name\" content=\"Sarmiento24h\" \/>\n<meta property=\"article:publisher\" content=\"https:\/\/facebook.com\/s24hnoticias\" \/>\n<meta property=\"article:published_time\" content=\"2026-04-26T14:16:59+00:00\" \/>\n<meta name=\"author\" content=\"sarmiento24h@gmail.com\" \/>\n<meta name=\"twitter:card\" content=\"summary_large_image\" \/>\n<meta name=\"twitter:creator\" content=\"@sarmiento24h\" \/>\n<meta name=\"twitter:site\" content=\"@sarmiento24h\" \/>\n<meta name=\"twitter:label1\" content=\"Escrito por\" \/>\n\t<meta name=\"twitter:data1\" content=\"sarmiento24h@gmail.com\" \/>\n\t<meta name=\"twitter:label2\" content=\"Tiempo de lectura\" \/>\n\t<meta name=\"twitter:data2\" content=\"1 minuto\" \/>\n<script type=\"application\/ld+json\" class=\"yoast-schema-graph\">{\"@context\":\"https:\\\/\\\/schema.org\",\"@graph\":[{\"@type\":\"Article\",\"@id\":\"https:\\\/\\\/sarmiento24h.com\\\/?p=155902#article\",\"isPartOf\":{\"@id\":\"https:\\\/\\\/sarmiento24h.com\\\/?p=155902\"},\"author\":{\"name\":\"sarmiento24h@gmail.com\",\"@id\":\"https:\\\/\\\/sarmiento24h.com\\\/#\\\/schema\\\/person\\\/d653a59725ad629a7e0429af7b939d4d\"},\"headline\":\"Joven denuncia agresi\u00f3n con piedra en Las Am\u00e9ricas que dej\u00f3 herida a su abuela de 79 a\u00f1os\",\"datePublished\":\"2026-04-26T14:16:59+00:00\",\"mainEntityOfPage\":{\"@id\":\"https:\\\/\\\/sarmiento24h.com\\\/?p=155902\"},\"wordCount\":203,\"publisher\":{\"@id\":\"https:\\\/\\\/sarmiento24h.com\\\/#organization\"},\"image\":{\"@id\":\"https:\\\/\\\/sarmiento24h.com\\\/?p=155902#primaryimage\"},\"thumbnailUrl\":\"https:\\\/\\\/sarmiento24h.com\\\/wp-content\\\/uploads\\\/2026\\\/04\\\/joven-denuncia-agresion-con-piedra-en-las-americas-que-dejo-herida-a-su-abuela-de-79-anos.jpg\",\"articleSection\":[\"Nacionales\"],\"inLanguage\":\"es\"},{\"@type\":\"WebPage\",\"@id\":\"https:\\\/\\\/sarmiento24h.com\\\/?p=155902\",\"url\":\"https:\\\/\\\/sarmiento24h.com\\\/?p=155902\",\"name\":\"Joven denuncia agresi\u00f3n con piedra en Las Am\u00e9ricas que dej\u00f3 herida a su abuela de 79 a\u00f1os - Sarmiento24h\",\"isPartOf\":{\"@id\":\"https:\\\/\\\/sarmiento24h.com\\\/#website\"},\"primaryImageOfPage\":{\"@id\":\"https:\\\/\\\/sarmiento24h.com\\\/?p=155902#primaryimage\"},\"image\":{\"@id\":\"https:\\\/\\\/sarmiento24h.com\\\/?p=155902#primaryimage\"},\"thumbnailUrl\":\"https:\\\/\\\/sarmiento24h.com\\\/wp-content\\\/uploads\\\/2026\\\/04\\\/joven-denuncia-agresion-con-piedra-en-las-americas-que-dejo-herida-a-su-abuela-de-79-anos.jpg\",\"datePublished\":\"2026-04-26T14:16:59+00:00\",\"breadcrumb\":{\"@id\":\"https:\\\/\\\/sarmiento24h.com\\\/?p=155902#breadcrumb\"},\"inLanguage\":\"es\",\"potentialAction\":[{\"@type\":\"ReadAction\",\"target\":[\"https:\\\/\\\/sarmiento24h.com\\\/?p=155902\"]}]},{\"@type\":\"ImageObject\",\"inLanguage\":\"es\",\"@id\":\"https:\\\/\\\/sarmiento24h.com\\\/?p=155902#primaryimage\",\"url\":\"https:\\\/\\\/sarmiento24h.com\\\/wp-content\\\/uploads\\\/2026\\\/04\\\/joven-denuncia-agresion-con-piedra-en-las-americas-que-dejo-herida-a-su-abuela-de-79-anos.jpg\",\"contentUrl\":\"https:\\\/\\\/sarmiento24h.com\\\/wp-content\\\/uploads\\\/2026\\\/04\\\/joven-denuncia-agresion-con-piedra-en-las-americas-que-dejo-herida-a-su-abuela-de-79-anos.jpg\",\"width\":960,\"height\":1280},{\"@type\":\"BreadcrumbList\",\"@id\":\"https:\\\/\\\/sarmiento24h.com\\\/?p=155902#breadcrumb\",\"itemListElement\":[{\"@type\":\"ListItem\",\"position\":1,\"name\":\"Home\",\"item\":\"https:\\\/\\\/sarmiento24h.com\\\/\"},{\"@type\":\"ListItem\",\"position\":2,\"name\":\"Joven denuncia agresi\u00f3n con piedra en Las Am\u00e9ricas que dej\u00f3 herida a su abuela de 79 a\u00f1os\"}]},{\"@type\":\"WebSite\",\"@id\":\"https:\\\/\\\/sarmiento24h.com\\\/#website\",\"url\":\"https:\\\/\\\/sarmiento24h.com\\\/\",\"name\":\"Sarmiento24h\",\"description\":\"\",\"publisher\":{\"@id\":\"https:\\\/\\\/sarmiento24h.com\\\/#organization\"},\"potentialAction\":[{\"@type\":\"SearchAction\",\"target\":{\"@type\":\"EntryPoint\",\"urlTemplate\":\"https:\\\/\\\/sarmiento24h.com\\\/?s={search_term_string}\"},\"query-input\":{\"@type\":\"PropertyValueSpecification\",\"valueRequired\":true,\"valueName\":\"search_term_string\"}}],\"inLanguage\":\"es\"},{\"@type\":\"Organization\",\"@id\":\"https:\\\/\\\/sarmiento24h.com\\\/#organization\",\"name\":\"Sarmiento24h\",\"url\":\"https:\\\/\\\/sarmiento24h.com\\\/\",\"logo\":{\"@type\":\"ImageObject\",\"inLanguage\":\"es\",\"@id\":\"https:\\\/\\\/sarmiento24h.com\\\/#\\\/schema\\\/logo\\\/image\\\/\",\"url\":\"https:\\\/\\\/sarmiento24h.com\\\/wp-content\\\/uploads\\\/2025\\\/12\\\/AddText_12-16-10.30.52.jpg\",\"contentUrl\":\"https:\\\/\\\/sarmiento24h.com\\\/wp-content\\\/uploads\\\/2025\\\/12\\\/AddText_12-16-10.30.52.jpg\",\"width\":1220,\"height\":324,\"caption\":\"Sarmiento24h\"},\"image\":{\"@id\":\"https:\\\/\\\/sarmiento24h.com\\\/#\\\/schema\\\/logo\\\/image\\\/\"},\"sameAs\":[\"https:\\\/\\\/facebook.com\\\/s24hnoticias\",\"https:\\\/\\\/x.com\\\/sarmiento24h\"]},{\"@type\":\"Person\",\"@id\":\"https:\\\/\\\/sarmiento24h.com\\\/#\\\/schema\\\/person\\\/d653a59725ad629a7e0429af7b939d4d\",\"name\":\"sarmiento24h@gmail.com\",\"image\":{\"@type\":\"ImageObject\",\"inLanguage\":\"es\",\"@id\":\"https:\\\/\\\/sarmiento24h.com\\\/wp-content\\\/litespeed\\\/avatar\\\/d02cbc4e23c747e6659cd45907173c8f.jpg?ver=1777157796\",\"url\":\"https:\\\/\\\/sarmiento24h.com\\\/wp-content\\\/litespeed\\\/avatar\\\/d02cbc4e23c747e6659cd45907173c8f.jpg?ver=1777157796\",\"contentUrl\":\"https:\\\/\\\/sarmiento24h.com\\\/wp-content\\\/litespeed\\\/avatar\\\/d02cbc4e23c747e6659cd45907173c8f.jpg?ver=1777157796\",\"caption\":\"sarmiento24h@gmail.com\"},\"sameAs\":[\"https:\\\/\\\/sarmiento24h.com\"],\"url\":\"https:\\\/\\\/sarmiento24h.com\\\/?author=1\"}]}<\/script>\n<!-- \/ Yoast SEO plugin. -->","yoast_head_json":{"title":"Joven denuncia agresi\u00f3n con piedra en Las Am\u00e9ricas que dej\u00f3 herida a su abuela de 79 a\u00f1os - Sarmiento24h","robots":{"index":"index","follow":"follow","max-snippet":"max-snippet:-1","max-image-preview":"max-image-preview:large","max-video-preview":"max-video-preview:-1"},"canonical":"https:\/\/sarmiento24h.com\/?p=155902","og_locale":"es_ES","og_type":"article","og_title":"Joven denuncia agresi\u00f3n con piedra en Las Am\u00e9ricas que dej\u00f3 herida a su abuela de 79 a\u00f1os - Sarmiento24h","og_description":"SANTO DOMINGO.- Un joven denunci\u00f3 que el&#46;&#46;&#46;","og_url":"https:\/\/sarmiento24h.com\/?p=155902","og_site_name":"Sarmiento24h","article_publisher":"https:\/\/facebook.com\/s24hnoticias","article_published_time":"2026-04-26T14:16:59+00:00","author":"sarmiento24h@gmail.com","twitter_card":"summary_large_image","twitter_creator":"@sarmiento24h","twitter_site":"@sarmiento24h","twitter_misc":{"Escrito por":"sarmiento24h@gmail.com","Tiempo de lectura":"1 minuto"},"schema":{"@context":"https:\/\/schema.org","@graph":[{"@type":"Article","@id":"https:\/\/sarmiento24h.com\/?p=155902#article","isPartOf":{"@id":"https:\/\/sarmiento24h.com\/?p=155902"},"author":{"name":"sarmiento24h@gmail.com","@id":"https:\/\/sarmiento24h.com\/#\/schema\/person\/d653a59725ad629a7e0429af7b939d4d"},"headline":"Joven denuncia agresi\u00f3n con piedra en Las Am\u00e9ricas que dej\u00f3 herida a su abuela de 79 a\u00f1os","datePublished":"2026-04-26T14:16:59+00:00","mainEntityOfPage":{"@id":"https:\/\/sarmiento24h.com\/?p=155902"},"wordCount":203,"publisher":{"@id":"https:\/\/sarmiento24h.com\/#organization"},"image":{"@id":"https:\/\/sarmiento24h.com\/?p=155902#primaryimage"},"thumbnailUrl":"https:\/\/sarmiento24h.com\/wp-content\/uploads\/2026\/04\/joven-denuncia-agresion-con-piedra-en-las-americas-que-dejo-herida-a-su-abuela-de-79-anos.jpg","articleSection":["Nacionales"],"inLanguage":"es"},{"@type":"WebPage","@id":"https:\/\/sarmiento24h.com\/?p=155902","url":"https:\/\/sarmiento24h.com\/?p=155902","name":"Joven denuncia agresi\u00f3n con piedra en Las Am\u00e9ricas que dej\u00f3 herida a su abuela de 79 a\u00f1os - Sarmiento24h","isPartOf":{"@id":"https:\/\/sarmiento24h.com\/#website"},"primaryImageOfPage":{"@id":"https:\/\/sarmiento24h.com\/?p=155902#primaryimage"},"image":{"@id":"https:\/\/sarmiento24h.com\/?p=155902#primaryimage"},"thumbnailUrl":"https:\/\/sarmiento24h.com\/wp-content\/uploads\/2026\/04\/joven-denuncia-agresion-con-piedra-en-las-americas-que-dejo-herida-a-su-abuela-de-79-anos.jpg","datePublished":"2026-04-26T14:16:59+00:00","breadcrumb":{"@id":"https:\/\/sarmiento24h.com\/?p=155902#breadcrumb"},"inLanguage":"es","potentialAction":[{"@type":"ReadAction","target":["https:\/\/sarmiento24h.com\/?p=155902"]}]},{"@type":"ImageObject","inLanguage":"es","@id":"https:\/\/sarmiento24h.com\/?p=155902#primaryimage","url":"https:\/\/sarmiento24h.com\/wp-content\/uploads\/2026\/04\/joven-denuncia-agresion-con-piedra-en-las-americas-que-dejo-herida-a-su-abuela-de-79-anos.jpg","contentUrl":"https:\/\/sarmiento24h.com\/wp-content\/uploads\/2026\/04\/joven-denuncia-agresion-con-piedra-en-las-americas-que-dejo-herida-a-su-abuela-de-79-anos.jpg","width":960,"height":1280},{"@type":"BreadcrumbList","@id":"https:\/\/sarmiento24h.com\/?p=155902#breadcrumb","itemListElement":[{"@type":"ListItem","position":1,"name":"Home","item":"https:\/\/sarmiento24h.com\/"},{"@type":"ListItem","position":2,"name":"Joven denuncia agresi\u00f3n con piedra en Las Am\u00e9ricas que dej\u00f3 herida a su abuela de 79 a\u00f1os"}]},{"@type":"WebSite","@id":"https:\/\/sarmiento24h.com\/#website","url":"https:\/\/sarmiento24h.com\/","name":"Sarmiento24h","description":"","publisher":{"@id":"https:\/\/sarmiento24h.com\/#organization"},"potentialAction":[{"@type":"SearchAction","target":{"@type":"EntryPoint","urlTemplate":"https:\/\/sarmiento24h.com\/?s={search_term_string}"},"query-input":{"@type":"PropertyValueSpecification","valueRequired":true,"valueName":"search_term_string"}}],"inLanguage":"es"},{"@type":"Organization","@id":"https:\/\/sarmiento24h.com\/#organization","name":"Sarmiento24h","url":"https:\/\/sarmiento24h.com\/","logo":{"@type":"ImageObject","inLanguage":"es","@id":"https:\/\/sarmiento24h.com\/#\/schema\/logo\/image\/","url":"https:\/\/sarmiento24h.com\/wp-content\/uploads\/2025\/12\/AddText_12-16-10.30.52.jpg","contentUrl":"https:\/\/sarmiento24h.com\/wp-content\/uploads\/2025\/12\/AddText_12-16-10.30.52.jpg","width":1220,"height":324,"caption":"Sarmiento24h"},"image":{"@id":"https:\/\/sarmiento24h.com\/#\/schema\/logo\/image\/"},"sameAs":["https:\/\/facebook.com\/s24hnoticias","https:\/\/x.com\/sarmiento24h"]},{"@type":"Person","@id":"https:\/\/sarmiento24h.com\/#\/schema\/person\/d653a59725ad629a7e0429af7b939d4d","name":"sarmiento24h@gmail.com","image":{"@type":"ImageObject","inLanguage":"es","@id":"https:\/\/sarmiento24h.com\/wp-content\/litespeed\/avatar\/d02cbc4e23c747e6659cd45907173c8f.jpg?ver=1777157796","url":"https:\/\/sarmiento24h.com\/wp-content\/litespeed\/avatar\/d02cbc4e23c747e6659cd45907173c8f.jpg?ver=1777157796","contentUrl":"https:\/\/sarmiento24h.com\/wp-content\/litespeed\/avatar\/d02cbc4e23c747e6659cd45907173c8f.jpg?ver=1777157796","caption":"sarmiento24h@gmail.com"},"sameAs":["https:\/\/sarmiento24h.com"],"url":"https:\/\/sarmiento24h.com\/?author=1"}]}},"jetpack_publicize_connections":[],"jetpack_featured_media_url":"https:\/\/sarmiento24h.com\/wp-content\/uploads\/2026\/04\/joven-denuncia-agresion-con-piedra-en-las-americas-que-dejo-herida-a-su-abuela-de-79-anos.jpg","jetpack_sharing_enabled":true,"_links":{"self":[{"href":"https:\/\/sarmiento24h.com\/index.php?rest_route=\/wp\/v2\/posts\/155902","targetHints":{"allow":["GET"]}}],"collection":[{"href":"https:\/\/sarmiento24h.com\/index.php?rest_route=\/wp\/v2\/posts"}],"about":[{"href":"https:\/\/sarmiento24h.com\/index.php?rest_route=\/wp\/v2\/types\/post"}],"author":[{"embeddable":true,"href":"https:\/\/sarmiento24h.com\/index.php?rest_route=\/wp\/v2\/users\/1"}],"replies":[{"embeddable":true,"href":"https:\/\/sarmiento24h.com\/index.php?rest_route=%2Fwp%2Fv2%2Fcomments&post=155902"}],"version-history":[{"count":0,"href":"https:\/\/sarmiento24h.com\/index.php?rest_route=\/wp\/v2\/posts\/155902\/revisions"}],"wp:featuredmedia":[{"embeddable":true,"href":"https:\/\/sarmiento24h.com\/index.php?rest_route=\/wp\/v2\/media\/155903"}],"wp:attachment":[{"href":"https:\/\/sarmiento24h.com\/index.php?rest_route=%2Fwp%2Fv2%2Fmedia&parent=155902"}],"wp:term":[{"taxonomy":"category","embeddable":true,"href":"https:\/\/sarmiento24h.com\/index.php?rest_route=%2Fwp%2Fv2%2Fcategories&post=155902"},{"taxonomy":"post_tag","embeddable":true,"href":"https:\/\/sarmiento24h.com\/index.php?rest_route=%2Fwp%2Fv2%2Ftags&post=155902"}],"curies":[{"name":"wp","href":"https:\/\/api.w.org\/{rel}","templated":true}]}}