{"id":155914,"date":"2026-04-26T14:18:04","date_gmt":"2026-04-26T14:18:04","guid":{"rendered":"https:\/\/diariodigitalrd.com\/?p=701128"},"modified":"2026-04-26T14:18:04","modified_gmt":"2026-04-26T14:18:04","slug":"pld-activa-estructuras-politicas-con-juramentaciones-en-valverde-y-santiago","status":"publish","type":"post","link":"https:\/\/sarmiento24h.com\/?p=155914","title":{"rendered":"PLD activa estructuras pol\u00edticas con juramentaciones en Valverde y Santiago"},"content":{"rendered":"<div><img decoding=\"async\" src=\"https:\/\/diariodigitalrd.b-cdn.net\/2026\/04\/Foto-Medina-y-Silvio-Duran.jpg\" class=\"ff-og-image-inserted\"><\/div>\n<p><strong>Danilo Medina lidera actos para sumar apoyos como el retorno del dirigente Silvio Dur\u00e1n<\/strong><\/p>\n<p class=\"has-drop-cap has-medium-font-size\"><strong>El Partido de la Liberaci\u00f3n Dominicana (PLD) desarrollar\u00e1 este domingo una jornada pol\u00edtica estrat\u00e9gica con dos actos de juramentaci\u00f3n encabezados por su presidente, Danilo Medina, en las provincias Valverde y Santiago.<\/strong><\/p>\n<p>Las actividades forman parte de un esfuerzo por consolidar su estructura territorial y ampliar su base de apoyo en un contexto de reorganizaci\u00f3n interna y reactivaci\u00f3n pol\u00edtica.<\/p>\n<p class=\"has-medium-font-size\"><strong>Juramentaciones buscan ampliar base pol\u00edtica partidaria<\/strong><\/p>\n<p>El primer acto se celebrar\u00e1 en Mao, provincia Valverde, a partir de las 10:00 de la ma\u00f1ana, donde se integrar\u00e1n formalmente los miembros del movimiento Unidos Firmes al Futuro. Esta agrupaci\u00f3n, coordinada por John Reyes Flores, est\u00e1 compuesta principalmente por j\u00f3venes y ciudadanos que promueven propuestas enfocadas en un pa\u00eds m\u00e1s <strong>justo, inclusivo y solidario<\/strong>.<\/p>\n<p><a href=\"https:\/\/diariodigitalrd.com\/2026\/04\/25\/el-date-2026-cerro-con-mas-de-8000-citas-de-negocios.html\/\">El DATE 2026 cerr\u00f3 con m\u00e1s de 8,000 citas de negocios<\/a><\/p>\n<p>Durante el encuentro, se espera la participaci\u00f3n de dirigentes del Comit\u00e9 Pol\u00edtico y de la direcci\u00f3n provincial del PLD, en un evento que busca reforzar el liderazgo local y proyectar nuevas figuras dentro de la organizaci\u00f3n.<\/p>\n<p>El movimiento surge, seg\u00fan sus coordinadores, como una respuesta a las preocupaciones sociales y econ\u00f3micas discutidas previamente con Medina, lo que evidencia un intento del partido por conectar con sectores emergentes de la sociedad.<\/p>\n<p class=\"has-medium-font-size\"><strong>Retorno de Dur\u00e1n fortalece liderazgo en Santiago<\/strong><\/p>\n<p>En horas de la tarde, la agenda continuar\u00e1 en Santiago, donde Medina, acompa\u00f1ado de miembros del Comit\u00e9 Pol\u00edtico y Central, encabezar\u00e1 la juramentaci\u00f3n del ingeniero Silvio Dur\u00e1n, quien regresa al partido tras un per\u00edodo fuera de sus filas.<\/p>\n<p>El acto tendr\u00e1 lugar a las 3:00 de la tarde en el Hotel Aloha Sol, marcando un momento clave para el PLD en la regi\u00f3n norte. Dur\u00e1n, exdirector de la Corporaci\u00f3n de Acueducto y Alcantarillado de Santiago (CORAASAN), es considerado una figura con amplio respaldo en sectores <strong>empresariales, industriales y pol\u00edticos<\/strong>.<\/p>\n<p>Su reincorporaci\u00f3n al partido, con rango de miembro del Comit\u00e9 Central, es vista como un movimiento estrat\u00e9gico para fortalecer la presencia del PLD en Santiago, una de las plazas electorales m\u00e1s importantes del pa\u00eds.<\/p>\n<p><a href=\"https:\/\/diariodigitalrd.com\/2026\/04\/25\/cerca-de-mil-jovenes-desafian-mito-de-juventud-perdida-claman-por-justicia-a-orillas-del-rio-ozama.html\/\">Cerca de mil j\u00f3venes desaf\u00edan mito de \u201cjuventud perdida\u201d: Claman por justicia a orillas del R\u00edo Ozama<\/a><\/p>\n<p>El dirigente mantiene una trayectoria cercana a Medina, lo que refuerza la cohesi\u00f3n interna en torno al liderazgo del expresidente. Adem\u00e1s, cuenta con una base de apoyo que podr\u00eda influir en la din\u00e1mica pol\u00edtica local.<\/p>\n<p>Estas juramentaciones reflejan una estrategia m\u00e1s amplia del PLD orientada a recuperar espacios, consolidar alianzas y proyectar una imagen de unidad. En medio de un escenario pol\u00edtico competitivo, la organizaci\u00f3n busca reposicionarse mediante la integraci\u00f3n de nuevos actores y el retorno de figuras clave.<\/p>\n<p>La jornada del domingo se perfila as\u00ed como un term\u00f3metro del momento pol\u00edtico del partido y su capacidad de movilizaci\u00f3n en distintos puntos del territorio nacional.<\/p>\n","protected":false},"excerpt":{"rendered":"<p>Danilo Medina lidera actos para sumar apoyos&#46;&#46;&#46;<\/p>\n","protected":false},"author":1,"featured_media":155915,"comment_status":"closed","ping_status":"closed","sticky":false,"template":"","format":"standard","meta":{"_jetpack_memberships_contains_paid_content":false,"footnotes":"","jetpack_publicize_message":"","jetpack_publicize_feature_enabled":true,"jetpack_social_post_already_shared":true,"jetpack_social_options":{"image_generator_settings":{"template":"highway","default_image_id":0,"font":"","enabled":false},"version":2}},"categories":[59,61],"tags":[],"class_list":["post-155914","post","type-post","status-publish","format-standard","has-post-thumbnail","hentry","category-actualidad","category-politica"],"yoast_head":"<!-- This site is optimized with the Yoast SEO plugin v27.3 - https:\/\/yoast.com\/product\/yoast-seo-wordpress\/ -->\n<title>PLD activa estructuras pol\u00edticas con juramentaciones en Valverde y Santiago - Sarmiento24h<\/title>\n<meta name=\"robots\" content=\"index, follow, max-snippet:-1, max-image-preview:large, max-video-preview:-1\" \/>\n<link rel=\"canonical\" href=\"https:\/\/sarmiento24h.com\/?p=155914\" \/>\n<meta property=\"og:locale\" content=\"es_ES\" \/>\n<meta property=\"og:type\" content=\"article\" \/>\n<meta property=\"og:title\" content=\"PLD activa estructuras pol\u00edticas con juramentaciones en Valverde y Santiago - Sarmiento24h\" \/>\n<meta property=\"og:description\" content=\"Danilo Medina lidera actos para sumar apoyos&#046;&#046;&#046;\" \/>\n<meta property=\"og:url\" content=\"https:\/\/sarmiento24h.com\/?p=155914\" \/>\n<meta property=\"og:site_name\" content=\"Sarmiento24h\" \/>\n<meta property=\"article:publisher\" content=\"https:\/\/facebook.com\/s24hnoticias\" \/>\n<meta property=\"article:published_time\" content=\"2026-04-26T14:18:04+00:00\" \/>\n<meta property=\"og:image\" content=\"https:\/\/diariodigitalrd.b-cdn.net\/2026\/04\/Foto-Medina-y-Silvio-Duran.jpg\" \/>\n<meta name=\"author\" content=\"sarmiento24h@gmail.com\" \/>\n<meta name=\"twitter:card\" content=\"summary_large_image\" \/>\n<meta name=\"twitter:creator\" content=\"@sarmiento24h\" \/>\n<meta name=\"twitter:site\" content=\"@sarmiento24h\" \/>\n<meta name=\"twitter:label1\" content=\"Escrito por\" \/>\n\t<meta name=\"twitter:data1\" content=\"sarmiento24h@gmail.com\" \/>\n\t<meta name=\"twitter:label2\" content=\"Tiempo de lectura\" \/>\n\t<meta name=\"twitter:data2\" content=\"3 minutos\" \/>\n<script type=\"application\/ld+json\" class=\"yoast-schema-graph\">{\"@context\":\"https:\\\/\\\/schema.org\",\"@graph\":[{\"@type\":\"Article\",\"@id\":\"https:\\\/\\\/sarmiento24h.com\\\/?p=155914#article\",\"isPartOf\":{\"@id\":\"https:\\\/\\\/sarmiento24h.com\\\/?p=155914\"},\"author\":{\"name\":\"sarmiento24h@gmail.com\",\"@id\":\"https:\\\/\\\/sarmiento24h.com\\\/#\\\/schema\\\/person\\\/d653a59725ad629a7e0429af7b939d4d\"},\"headline\":\"PLD activa estructuras pol\u00edticas con juramentaciones en Valverde y Santiago\",\"datePublished\":\"2026-04-26T14:18:04+00:00\",\"mainEntityOfPage\":{\"@id\":\"https:\\\/\\\/sarmiento24h.com\\\/?p=155914\"},\"wordCount\":524,\"publisher\":{\"@id\":\"https:\\\/\\\/sarmiento24h.com\\\/#organization\"},\"image\":{\"@id\":\"https:\\\/\\\/sarmiento24h.com\\\/?p=155914#primaryimage\"},\"thumbnailUrl\":\"https:\\\/\\\/sarmiento24h.com\\\/wp-content\\\/uploads\\\/2026\\\/04\\\/pld-activa-estructuras-politicas-con-juramentaciones-en-valverde-y-santiago.jpg\",\"articleSection\":[\"Actualidad\",\"Politica\"],\"inLanguage\":\"es\"},{\"@type\":\"WebPage\",\"@id\":\"https:\\\/\\\/sarmiento24h.com\\\/?p=155914\",\"url\":\"https:\\\/\\\/sarmiento24h.com\\\/?p=155914\",\"name\":\"PLD activa estructuras pol\u00edticas con juramentaciones en Valverde y Santiago - Sarmiento24h\",\"isPartOf\":{\"@id\":\"https:\\\/\\\/sarmiento24h.com\\\/#website\"},\"primaryImageOfPage\":{\"@id\":\"https:\\\/\\\/sarmiento24h.com\\\/?p=155914#primaryimage\"},\"image\":{\"@id\":\"https:\\\/\\\/sarmiento24h.com\\\/?p=155914#primaryimage\"},\"thumbnailUrl\":\"https:\\\/\\\/sarmiento24h.com\\\/wp-content\\\/uploads\\\/2026\\\/04\\\/pld-activa-estructuras-politicas-con-juramentaciones-en-valverde-y-santiago.jpg\",\"datePublished\":\"2026-04-26T14:18:04+00:00\",\"breadcrumb\":{\"@id\":\"https:\\\/\\\/sarmiento24h.com\\\/?p=155914#breadcrumb\"},\"inLanguage\":\"es\",\"potentialAction\":[{\"@type\":\"ReadAction\",\"target\":[\"https:\\\/\\\/sarmiento24h.com\\\/?p=155914\"]}]},{\"@type\":\"ImageObject\",\"inLanguage\":\"es\",\"@id\":\"https:\\\/\\\/sarmiento24h.com\\\/?p=155914#primaryimage\",\"url\":\"https:\\\/\\\/sarmiento24h.com\\\/wp-content\\\/uploads\\\/2026\\\/04\\\/pld-activa-estructuras-politicas-con-juramentaciones-en-valverde-y-santiago.jpg\",\"contentUrl\":\"https:\\\/\\\/sarmiento24h.com\\\/wp-content\\\/uploads\\\/2026\\\/04\\\/pld-activa-estructuras-politicas-con-juramentaciones-en-valverde-y-santiago.jpg\",\"width\":500,\"height\":299},{\"@type\":\"BreadcrumbList\",\"@id\":\"https:\\\/\\\/sarmiento24h.com\\\/?p=155914#breadcrumb\",\"itemListElement\":[{\"@type\":\"ListItem\",\"position\":1,\"name\":\"Home\",\"item\":\"https:\\\/\\\/sarmiento24h.com\\\/\"},{\"@type\":\"ListItem\",\"position\":2,\"name\":\"PLD activa estructuras pol\u00edticas con juramentaciones en Valverde y Santiago\"}]},{\"@type\":\"WebSite\",\"@id\":\"https:\\\/\\\/sarmiento24h.com\\\/#website\",\"url\":\"https:\\\/\\\/sarmiento24h.com\\\/\",\"name\":\"Sarmiento24h\",\"description\":\"\",\"publisher\":{\"@id\":\"https:\\\/\\\/sarmiento24h.com\\\/#organization\"},\"potentialAction\":[{\"@type\":\"SearchAction\",\"target\":{\"@type\":\"EntryPoint\",\"urlTemplate\":\"https:\\\/\\\/sarmiento24h.com\\\/?s={search_term_string}\"},\"query-input\":{\"@type\":\"PropertyValueSpecification\",\"valueRequired\":true,\"valueName\":\"search_term_string\"}}],\"inLanguage\":\"es\"},{\"@type\":\"Organization\",\"@id\":\"https:\\\/\\\/sarmiento24h.com\\\/#organization\",\"name\":\"Sarmiento24h\",\"url\":\"https:\\\/\\\/sarmiento24h.com\\\/\",\"logo\":{\"@type\":\"ImageObject\",\"inLanguage\":\"es\",\"@id\":\"https:\\\/\\\/sarmiento24h.com\\\/#\\\/schema\\\/logo\\\/image\\\/\",\"url\":\"https:\\\/\\\/sarmiento24h.com\\\/wp-content\\\/uploads\\\/2025\\\/12\\\/AddText_12-16-10.30.52.jpg\",\"contentUrl\":\"https:\\\/\\\/sarmiento24h.com\\\/wp-content\\\/uploads\\\/2025\\\/12\\\/AddText_12-16-10.30.52.jpg\",\"width\":1220,\"height\":324,\"caption\":\"Sarmiento24h\"},\"image\":{\"@id\":\"https:\\\/\\\/sarmiento24h.com\\\/#\\\/schema\\\/logo\\\/image\\\/\"},\"sameAs\":[\"https:\\\/\\\/facebook.com\\\/s24hnoticias\",\"https:\\\/\\\/x.com\\\/sarmiento24h\"]},{\"@type\":\"Person\",\"@id\":\"https:\\\/\\\/sarmiento24h.com\\\/#\\\/schema\\\/person\\\/d653a59725ad629a7e0429af7b939d4d\",\"name\":\"sarmiento24h@gmail.com\",\"image\":{\"@type\":\"ImageObject\",\"inLanguage\":\"es\",\"@id\":\"https:\\\/\\\/sarmiento24h.com\\\/wp-content\\\/litespeed\\\/avatar\\\/d02cbc4e23c747e6659cd45907173c8f.jpg?ver=1777157796\",\"url\":\"https:\\\/\\\/sarmiento24h.com\\\/wp-content\\\/litespeed\\\/avatar\\\/d02cbc4e23c747e6659cd45907173c8f.jpg?ver=1777157796\",\"contentUrl\":\"https:\\\/\\\/sarmiento24h.com\\\/wp-content\\\/litespeed\\\/avatar\\\/d02cbc4e23c747e6659cd45907173c8f.jpg?ver=1777157796\",\"caption\":\"sarmiento24h@gmail.com\"},\"sameAs\":[\"https:\\\/\\\/sarmiento24h.com\"],\"url\":\"https:\\\/\\\/sarmiento24h.com\\\/?author=1\"}]}<\/script>\n<!-- \/ Yoast SEO plugin. -->","yoast_head_json":{"title":"PLD activa estructuras pol\u00edticas con juramentaciones en Valverde y Santiago - Sarmiento24h","robots":{"index":"index","follow":"follow","max-snippet":"max-snippet:-1","max-image-preview":"max-image-preview:large","max-video-preview":"max-video-preview:-1"},"canonical":"https:\/\/sarmiento24h.com\/?p=155914","og_locale":"es_ES","og_type":"article","og_title":"PLD activa estructuras pol\u00edticas con juramentaciones en Valverde y Santiago - Sarmiento24h","og_description":"Danilo Medina lidera actos para sumar apoyos&#46;&#46;&#46;","og_url":"https:\/\/sarmiento24h.com\/?p=155914","og_site_name":"Sarmiento24h","article_publisher":"https:\/\/facebook.com\/s24hnoticias","article_published_time":"2026-04-26T14:18:04+00:00","og_image":[{"url":"https:\/\/diariodigitalrd.b-cdn.net\/2026\/04\/Foto-Medina-y-Silvio-Duran.jpg","type":"","width":"","height":""}],"author":"sarmiento24h@gmail.com","twitter_card":"summary_large_image","twitter_creator":"@sarmiento24h","twitter_site":"@sarmiento24h","twitter_misc":{"Escrito por":"sarmiento24h@gmail.com","Tiempo de lectura":"3 minutos"},"schema":{"@context":"https:\/\/schema.org","@graph":[{"@type":"Article","@id":"https:\/\/sarmiento24h.com\/?p=155914#article","isPartOf":{"@id":"https:\/\/sarmiento24h.com\/?p=155914"},"author":{"name":"sarmiento24h@gmail.com","@id":"https:\/\/sarmiento24h.com\/#\/schema\/person\/d653a59725ad629a7e0429af7b939d4d"},"headline":"PLD activa estructuras pol\u00edticas con juramentaciones en Valverde y Santiago","datePublished":"2026-04-26T14:18:04+00:00","mainEntityOfPage":{"@id":"https:\/\/sarmiento24h.com\/?p=155914"},"wordCount":524,"publisher":{"@id":"https:\/\/sarmiento24h.com\/#organization"},"image":{"@id":"https:\/\/sarmiento24h.com\/?p=155914#primaryimage"},"thumbnailUrl":"https:\/\/sarmiento24h.com\/wp-content\/uploads\/2026\/04\/pld-activa-estructuras-politicas-con-juramentaciones-en-valverde-y-santiago.jpg","articleSection":["Actualidad","Politica"],"inLanguage":"es"},{"@type":"WebPage","@id":"https:\/\/sarmiento24h.com\/?p=155914","url":"https:\/\/sarmiento24h.com\/?p=155914","name":"PLD activa estructuras pol\u00edticas con juramentaciones en Valverde y Santiago - Sarmiento24h","isPartOf":{"@id":"https:\/\/sarmiento24h.com\/#website"},"primaryImageOfPage":{"@id":"https:\/\/sarmiento24h.com\/?p=155914#primaryimage"},"image":{"@id":"https:\/\/sarmiento24h.com\/?p=155914#primaryimage"},"thumbnailUrl":"https:\/\/sarmiento24h.com\/wp-content\/uploads\/2026\/04\/pld-activa-estructuras-politicas-con-juramentaciones-en-valverde-y-santiago.jpg","datePublished":"2026-04-26T14:18:04+00:00","breadcrumb":{"@id":"https:\/\/sarmiento24h.com\/?p=155914#breadcrumb"},"inLanguage":"es","potentialAction":[{"@type":"ReadAction","target":["https:\/\/sarmiento24h.com\/?p=155914"]}]},{"@type":"ImageObject","inLanguage":"es","@id":"https:\/\/sarmiento24h.com\/?p=155914#primaryimage","url":"https:\/\/sarmiento24h.com\/wp-content\/uploads\/2026\/04\/pld-activa-estructuras-politicas-con-juramentaciones-en-valverde-y-santiago.jpg","contentUrl":"https:\/\/sarmiento24h.com\/wp-content\/uploads\/2026\/04\/pld-activa-estructuras-politicas-con-juramentaciones-en-valverde-y-santiago.jpg","width":500,"height":299},{"@type":"BreadcrumbList","@id":"https:\/\/sarmiento24h.com\/?p=155914#breadcrumb","itemListElement":[{"@type":"ListItem","position":1,"name":"Home","item":"https:\/\/sarmiento24h.com\/"},{"@type":"ListItem","position":2,"name":"PLD activa estructuras pol\u00edticas con juramentaciones en Valverde y Santiago"}]},{"@type":"WebSite","@id":"https:\/\/sarmiento24h.com\/#website","url":"https:\/\/sarmiento24h.com\/","name":"Sarmiento24h","description":"","publisher":{"@id":"https:\/\/sarmiento24h.com\/#organization"},"potentialAction":[{"@type":"SearchAction","target":{"@type":"EntryPoint","urlTemplate":"https:\/\/sarmiento24h.com\/?s={search_term_string}"},"query-input":{"@type":"PropertyValueSpecification","valueRequired":true,"valueName":"search_term_string"}}],"inLanguage":"es"},{"@type":"Organization","@id":"https:\/\/sarmiento24h.com\/#organization","name":"Sarmiento24h","url":"https:\/\/sarmiento24h.com\/","logo":{"@type":"ImageObject","inLanguage":"es","@id":"https:\/\/sarmiento24h.com\/#\/schema\/logo\/image\/","url":"https:\/\/sarmiento24h.com\/wp-content\/uploads\/2025\/12\/AddText_12-16-10.30.52.jpg","contentUrl":"https:\/\/sarmiento24h.com\/wp-content\/uploads\/2025\/12\/AddText_12-16-10.30.52.jpg","width":1220,"height":324,"caption":"Sarmiento24h"},"image":{"@id":"https:\/\/sarmiento24h.com\/#\/schema\/logo\/image\/"},"sameAs":["https:\/\/facebook.com\/s24hnoticias","https:\/\/x.com\/sarmiento24h"]},{"@type":"Person","@id":"https:\/\/sarmiento24h.com\/#\/schema\/person\/d653a59725ad629a7e0429af7b939d4d","name":"sarmiento24h@gmail.com","image":{"@type":"ImageObject","inLanguage":"es","@id":"https:\/\/sarmiento24h.com\/wp-content\/litespeed\/avatar\/d02cbc4e23c747e6659cd45907173c8f.jpg?ver=1777157796","url":"https:\/\/sarmiento24h.com\/wp-content\/litespeed\/avatar\/d02cbc4e23c747e6659cd45907173c8f.jpg?ver=1777157796","contentUrl":"https:\/\/sarmiento24h.com\/wp-content\/litespeed\/avatar\/d02cbc4e23c747e6659cd45907173c8f.jpg?ver=1777157796","caption":"sarmiento24h@gmail.com"},"sameAs":["https:\/\/sarmiento24h.com"],"url":"https:\/\/sarmiento24h.com\/?author=1"}]}},"jetpack_publicize_connections":[],"jetpack_featured_media_url":"https:\/\/sarmiento24h.com\/wp-content\/uploads\/2026\/04\/pld-activa-estructuras-politicas-con-juramentaciones-en-valverde-y-santiago.jpg","jetpack_sharing_enabled":true,"_links":{"self":[{"href":"https:\/\/sarmiento24h.com\/index.php?rest_route=\/wp\/v2\/posts\/155914","targetHints":{"allow":["GET"]}}],"collection":[{"href":"https:\/\/sarmiento24h.com\/index.php?rest_route=\/wp\/v2\/posts"}],"about":[{"href":"https:\/\/sarmiento24h.com\/index.php?rest_route=\/wp\/v2\/types\/post"}],"author":[{"embeddable":true,"href":"https:\/\/sarmiento24h.com\/index.php?rest_route=\/wp\/v2\/users\/1"}],"replies":[{"embeddable":true,"href":"https:\/\/sarmiento24h.com\/index.php?rest_route=%2Fwp%2Fv2%2Fcomments&post=155914"}],"version-history":[{"count":0,"href":"https:\/\/sarmiento24h.com\/index.php?rest_route=\/wp\/v2\/posts\/155914\/revisions"}],"wp:featuredmedia":[{"embeddable":true,"href":"https:\/\/sarmiento24h.com\/index.php?rest_route=\/wp\/v2\/media\/155915"}],"wp:attachment":[{"href":"https:\/\/sarmiento24h.com\/index.php?rest_route=%2Fwp%2Fv2%2Fmedia&parent=155914"}],"wp:term":[{"taxonomy":"category","embeddable":true,"href":"https:\/\/sarmiento24h.com\/index.php?rest_route=%2Fwp%2Fv2%2Fcategories&post=155914"},{"taxonomy":"post_tag","embeddable":true,"href":"https:\/\/sarmiento24h.com\/index.php?rest_route=%2Fwp%2Fv2%2Ftags&post=155914"}],"curies":[{"name":"wp","href":"https:\/\/api.w.org\/{rel}","templated":true}]}}