{"id":155983,"date":"2026-04-26T14:47:36","date_gmt":"2026-04-26T14:47:36","guid":{"rendered":"https:\/\/diariodigitalrd.com\/?p=701169"},"modified":"2026-04-26T14:47:36","modified_gmt":"2026-04-26T14:47:36","slug":"celebra-asamblea-grupo-popular-refuerza-capital-y-consolida-crecimiento-en-2025","status":"publish","type":"post","link":"https:\/\/sarmiento24h.com\/?p=155983","title":{"rendered":"Celebra asamblea: Grupo Popular refuerza capital y consolida crecimiento en 2025"},"content":{"rendered":"<h2 class=\"wp-block-heading\">La entidad reporta activos por m\u00e1s de RD$1.1 billones y utilidades netas de RD$34,783 millones<\/h2>\n<p class=\"has-drop-cap has-medium-font-size\">Santo Domingo, R.D. \u2013 El <strong>Grupo Popular, S. A.<\/strong> celebr\u00f3 su <strong>Asamblea General Extraordinaria y Ordinaria Anual de Accionistas<\/strong>, un encuentro marcado por resultados financieros robustos y decisiones estrat\u00e9gicas orientadas a fortalecer su estructura patrimonial y su proyecci\u00f3n a largo plazo.<\/p>\n<figure class=\"wp-block-gallery has-nested-images columns-default is-cropped wp-block-gallery-1 is-layout-flex wp-block-gallery-is-layout-flex\">\n<figure class=\"wp-block-image size-large\"><img loading=\"lazy\" decoding=\"async\" width=\"1024\" height=\"682\" data-id=\"701172\" src=\"https:\/\/diariodigitalrd.b-cdn.net\/2026\/04\/IMG_3223-1024x682.jpeg\" alt class=\"wp-image-701172\" srcset=\"https:\/\/diariodigitalrd.b-cdn.net\/2026\/04\/IMG_3223-1024x682.jpeg 1024w, https:\/\/diariodigitalrd.b-cdn.net\/2026\/04\/IMG_3223-300x200.jpeg 300w, https:\/\/diariodigitalrd.b-cdn.net\/2026\/04\/IMG_3223-768x512.jpeg 768w, https:\/\/diariodigitalrd.b-cdn.net\/2026\/04\/IMG_3223.jpeg 1280w\" sizes=\"auto, (max-width: 1024px) 100vw, 1024px\"><figcaption class=\"wp-element-caption\">Los accionistas conocieron y aprobaron el presupuesto correspondiente al ejercicio 2026.<\/figcaption><\/figure>\n<figure class=\"wp-block-image size-large\"><img loading=\"lazy\" decoding=\"async\" width=\"1024\" height=\"831\" data-id=\"701173\" src=\"https:\/\/diariodigitalrd.b-cdn.net\/2026\/04\/IMG_3222-1024x831.jpeg\" alt class=\"wp-image-701173\" srcset=\"https:\/\/diariodigitalrd.b-cdn.net\/2026\/04\/IMG_3222-1024x831.jpeg 1024w, https:\/\/diariodigitalrd.b-cdn.net\/2026\/04\/IMG_3222-300x244.jpeg 300w, https:\/\/diariodigitalrd.b-cdn.net\/2026\/04\/IMG_3222-768x623.jpeg 768w, https:\/\/diariodigitalrd.b-cdn.net\/2026\/04\/IMG_3222.jpeg 1280w\" sizes=\"auto, (max-width: 1024px) 100vw, 1024px\"><figcaption class=\"wp-element-caption\">El presidente del Consejo de Administraci\u00f3n de Grupo Popular, se\u00f1or Manuel A. Grull\u00f3n.<\/figcaption><\/figure>\n<\/figure>\n<p>Durante la sesi\u00f3n extraordinaria, realizada conforme a los estatutos sociales y tras comprobar el qu\u00f3rum reglamentario, los accionistas aprobaron el aumento del capital social autorizado, que pasa de <strong>RD$30,000 millones a RD$35,000 millones<\/strong>. La decisi\u00f3n tambi\u00e9n incluy\u00f3 la modificaci\u00f3n de los estatutos sociales, como parte de una estrategia enfocada en reforzar la solvencia y la capacidad de crecimiento del grupo.<\/p>\n<figure class=\"wp-block-embed is-type-wp-embed is-provider-diariodigitalrd wp-block-embed-diariodigitalrd\"><\/figure>\n<p>M\u00e1s adelante, en la Asamblea General Ordinaria Anual, los accionistas conocieron y aprobaron el informe de gesti\u00f3n del <strong>Consejo de Administraci\u00f3n, los estados financieros auditados<\/strong>, el informe del comisario de cuentas y la distribuci\u00f3n de utilidades correspondientes al ejercicio social de 2025. Tambi\u00e9n fue aprobado el presupuesto para 2026, alineado con los planes de expansi\u00f3n y sostenibilidad de la organizaci\u00f3n.<\/p>\n<p><a href=\"https:\/\/diariodigitalrd.com\/2026\/04\/23\/construccion-turismo-y-zonas-francas-lideran-el-repunte-economico-en-rd.html\/\">Construcci\u00f3n, turismo y zonas francas lideran el repunte econ\u00f3mico en RD<\/a><\/p>\n<p class=\"has-medium-font-size\">Los trabajos de la asamblea fueron encabezados por el <strong>presidente ejecutivo del Grupo Popular, Ren\u00e9 Grull\u00f3n F<\/strong>., quien destac\u00f3 que los resultados obtenidos responden a una estrategia coherente, sostenida en la transformaci\u00f3n digital, la innovaci\u00f3n constante y una visi\u00f3n de negocios centrada en el cliente.<\/p>\n<p><strong>Grull\u00f3n F. <\/strong>se\u00f1al\u00f3 que, a finales de 2025, el Consejo de Administraci\u00f3n aprob\u00f3 un nuevo plan estrat\u00e9gico que apuesta por diversificar las fuentes de crecimiento, fortalecer la presencia en ecosistemas de alto potencial y mantener una disciplina de capital con enfoque intergeneracional.<\/p>\n<p><a href=\"https:\/\/diariodigitalrd.com\/2026\/04\/23\/mercados-rompen-records-pese-a-la-guerra-contra-iran.html\/\">Mercados rompen r\u00e9cords pese a la guerra contra Ir\u00e1n<\/a><\/p>\n<h3 class=\"wp-block-heading\">Resultados financieros s\u00f3lidos<\/h3>\n<p>En su mensaje a los accionistas, el presidente del Consejo de Administraci\u00f3n, <strong>Manuel A. Grull\u00f3n<\/strong>, inform\u00f3 que los activos totales consolidados del grupo alcanzaron <strong>RD$1,119,480 millones al cierre de 2025,<\/strong> lo que representa un crecimiento interanual de 11.7%.<\/p>\n<p>La <strong>cartera de pr\u00e9stamos<\/strong> neta consolidada se situ\u00f3 en RD$656,800 millones, con un aumento de RD$52,718 millones, equivalente a un crecimiento de 8.7%. Los <strong>dep\u00f3sitos totales consolidados ascendieron a RD$777,522 millones<\/strong>, mientras que los fondos patrimoniales alcanzaron RD$208,516 millones, reflejando un incremento de RD$26,788 millones.<\/p>\n<p><a href=\"https:\/\/diariodigitalrd.com\/2026\/04\/23\/carreras-universitarias-que-enrutan-hacia-la-riqueza-multimillonaria-global.html\/\">Carreras universitarias que enrutan hacia la riqueza multimillonaria global<\/a><\/p>\n<p>En t\u00e9rminos de rentabilidad, el <strong>Grupo Popular<\/strong> report\u00f3 utilidades brutas consolidadas por RD$46,067 millones, que se tradujeron en utilidades netas de RD$34,783 millones, luego del pago de RD$11,284 millones por concepto de Impuesto sobre la Renta.<\/p>\n<p><strong>Manuel A. Grull\u00f3n<\/strong> afirm\u00f3 que estos resultados confirman la solidez del modelo de negocio del grupo y la confianza sostenida de sus clientes, incluso en un contexto internacional complejo.<\/p>\n<blockquote class=\"wp-block-quote is-layout-flow wp-block-quote-is-layout-flow\" readability=\"12\">\n<p><strong>\u201cEl desempe\u00f1o financiero del Grupo Popular est\u00e1 directamente ligado al desarrollo econ\u00f3mico, social y ambiental del pa\u00eds\u201d, expres\u00f3, al tiempo que resalt\u00f3 los avances en transformaci\u00f3n digital y el fortalecimiento de capacidades para ofrecer soluciones financieras m\u00e1s \u00e1giles, accesibles e inclusivas.<\/strong><\/p>\n<\/blockquote>\n<h3 class=\"wp-block-heading\">Aporte de las filiales<\/h3>\n<p>El Consejo de Administraci\u00f3n destac\u00f3 que el desempe\u00f1o positivo del grupo fue respaldado por la contribuci\u00f3n de sus empresas filiales, las cuales mantuvieron un comportamiento consistente y alineado con los objetivos estrat\u00e9gicos de la organizaci\u00f3n, consolidando al Grupo Popular como uno de los principales actores del sistema financiero dominicano.<\/p>\n","protected":false},"excerpt":{"rendered":"<p>La entidad reporta activos por m\u00e1s de&#46;&#46;&#46;<\/p>\n","protected":false},"author":1,"featured_media":155984,"comment_status":"closed","ping_status":"closed","sticky":false,"template":"","format":"standard","meta":{"_jetpack_memberships_contains_paid_content":false,"footnotes":"","jetpack_publicize_message":"","jetpack_publicize_feature_enabled":true,"jetpack_social_post_already_shared":true,"jetpack_social_options":{"image_generator_settings":{"template":"highway","default_image_id":0,"font":"","enabled":false},"version":2}},"categories":[60],"tags":[],"class_list":["post-155983","post","type-post","status-publish","format-standard","has-post-thumbnail","hentry","category-economicas"],"yoast_head":"<!-- This site is optimized with the Yoast SEO plugin v27.3 - https:\/\/yoast.com\/product\/yoast-seo-wordpress\/ -->\n<title>Celebra asamblea: Grupo Popular refuerza capital y consolida crecimiento en 2025 - Sarmiento24h<\/title>\n<meta name=\"robots\" content=\"index, follow, max-snippet:-1, max-image-preview:large, max-video-preview:-1\" \/>\n<link rel=\"canonical\" href=\"https:\/\/sarmiento24h.com\/?p=155983\" \/>\n<meta property=\"og:locale\" content=\"es_ES\" \/>\n<meta property=\"og:type\" content=\"article\" \/>\n<meta property=\"og:title\" content=\"Celebra asamblea: Grupo Popular refuerza capital y consolida crecimiento en 2025 - Sarmiento24h\" \/>\n<meta property=\"og:description\" content=\"La entidad reporta activos por m\u00e1s de&#046;&#046;&#046;\" \/>\n<meta property=\"og:url\" content=\"https:\/\/sarmiento24h.com\/?p=155983\" \/>\n<meta property=\"og:site_name\" content=\"Sarmiento24h\" \/>\n<meta property=\"article:publisher\" content=\"https:\/\/facebook.com\/s24hnoticias\" \/>\n<meta property=\"article:published_time\" content=\"2026-04-26T14:47:36+00:00\" \/>\n<meta name=\"author\" content=\"sarmiento24h@gmail.com\" \/>\n<meta name=\"twitter:card\" content=\"summary_large_image\" \/>\n<meta name=\"twitter:creator\" content=\"@sarmiento24h\" \/>\n<meta name=\"twitter:site\" content=\"@sarmiento24h\" \/>\n<meta name=\"twitter:label1\" content=\"Escrito por\" \/>\n\t<meta name=\"twitter:data1\" content=\"sarmiento24h@gmail.com\" \/>\n\t<meta name=\"twitter:label2\" content=\"Tiempo de lectura\" \/>\n\t<meta name=\"twitter:data2\" content=\"3 minutos\" \/>\n<script type=\"application\/ld+json\" class=\"yoast-schema-graph\">{\"@context\":\"https:\\\/\\\/schema.org\",\"@graph\":[{\"@type\":\"Article\",\"@id\":\"https:\\\/\\\/sarmiento24h.com\\\/?p=155983#article\",\"isPartOf\":{\"@id\":\"https:\\\/\\\/sarmiento24h.com\\\/?p=155983\"},\"author\":{\"name\":\"sarmiento24h@gmail.com\",\"@id\":\"https:\\\/\\\/sarmiento24h.com\\\/#\\\/schema\\\/person\\\/d653a59725ad629a7e0429af7b939d4d\"},\"headline\":\"Celebra asamblea: Grupo Popular refuerza capital y consolida crecimiento en 2025\",\"datePublished\":\"2026-04-26T14:47:36+00:00\",\"mainEntityOfPage\":{\"@id\":\"https:\\\/\\\/sarmiento24h.com\\\/?p=155983\"},\"wordCount\":611,\"publisher\":{\"@id\":\"https:\\\/\\\/sarmiento24h.com\\\/#organization\"},\"image\":{\"@id\":\"https:\\\/\\\/sarmiento24h.com\\\/?p=155983#primaryimage\"},\"thumbnailUrl\":\"https:\\\/\\\/sarmiento24h.com\\\/wp-content\\\/uploads\\\/2026\\\/04\\\/celebra-asamblea-grupo-popular-refuerza-capital-y-consolida-crecimiento-en-2025.jpg\",\"articleSection\":[\"Economicas\"],\"inLanguage\":\"es\"},{\"@type\":\"WebPage\",\"@id\":\"https:\\\/\\\/sarmiento24h.com\\\/?p=155983\",\"url\":\"https:\\\/\\\/sarmiento24h.com\\\/?p=155983\",\"name\":\"Celebra asamblea: Grupo Popular refuerza capital y consolida crecimiento en 2025 - Sarmiento24h\",\"isPartOf\":{\"@id\":\"https:\\\/\\\/sarmiento24h.com\\\/#website\"},\"primaryImageOfPage\":{\"@id\":\"https:\\\/\\\/sarmiento24h.com\\\/?p=155983#primaryimage\"},\"image\":{\"@id\":\"https:\\\/\\\/sarmiento24h.com\\\/?p=155983#primaryimage\"},\"thumbnailUrl\":\"https:\\\/\\\/sarmiento24h.com\\\/wp-content\\\/uploads\\\/2026\\\/04\\\/celebra-asamblea-grupo-popular-refuerza-capital-y-consolida-crecimiento-en-2025.jpg\",\"datePublished\":\"2026-04-26T14:47:36+00:00\",\"breadcrumb\":{\"@id\":\"https:\\\/\\\/sarmiento24h.com\\\/?p=155983#breadcrumb\"},\"inLanguage\":\"es\",\"potentialAction\":[{\"@type\":\"ReadAction\",\"target\":[\"https:\\\/\\\/sarmiento24h.com\\\/?p=155983\"]}]},{\"@type\":\"ImageObject\",\"inLanguage\":\"es\",\"@id\":\"https:\\\/\\\/sarmiento24h.com\\\/?p=155983#primaryimage\",\"url\":\"https:\\\/\\\/sarmiento24h.com\\\/wp-content\\\/uploads\\\/2026\\\/04\\\/celebra-asamblea-grupo-popular-refuerza-capital-y-consolida-crecimiento-en-2025.jpg\",\"contentUrl\":\"https:\\\/\\\/sarmiento24h.com\\\/wp-content\\\/uploads\\\/2026\\\/04\\\/celebra-asamblea-grupo-popular-refuerza-capital-y-consolida-crecimiento-en-2025.jpg\",\"width\":1024,\"height\":682},{\"@type\":\"BreadcrumbList\",\"@id\":\"https:\\\/\\\/sarmiento24h.com\\\/?p=155983#breadcrumb\",\"itemListElement\":[{\"@type\":\"ListItem\",\"position\":1,\"name\":\"Home\",\"item\":\"https:\\\/\\\/sarmiento24h.com\\\/\"},{\"@type\":\"ListItem\",\"position\":2,\"name\":\"Celebra asamblea: Grupo Popular refuerza capital y consolida crecimiento en 2025\"}]},{\"@type\":\"WebSite\",\"@id\":\"https:\\\/\\\/sarmiento24h.com\\\/#website\",\"url\":\"https:\\\/\\\/sarmiento24h.com\\\/\",\"name\":\"Sarmiento24h\",\"description\":\"\",\"publisher\":{\"@id\":\"https:\\\/\\\/sarmiento24h.com\\\/#organization\"},\"potentialAction\":[{\"@type\":\"SearchAction\",\"target\":{\"@type\":\"EntryPoint\",\"urlTemplate\":\"https:\\\/\\\/sarmiento24h.com\\\/?s={search_term_string}\"},\"query-input\":{\"@type\":\"PropertyValueSpecification\",\"valueRequired\":true,\"valueName\":\"search_term_string\"}}],\"inLanguage\":\"es\"},{\"@type\":\"Organization\",\"@id\":\"https:\\\/\\\/sarmiento24h.com\\\/#organization\",\"name\":\"Sarmiento24h\",\"url\":\"https:\\\/\\\/sarmiento24h.com\\\/\",\"logo\":{\"@type\":\"ImageObject\",\"inLanguage\":\"es\",\"@id\":\"https:\\\/\\\/sarmiento24h.com\\\/#\\\/schema\\\/logo\\\/image\\\/\",\"url\":\"https:\\\/\\\/sarmiento24h.com\\\/wp-content\\\/uploads\\\/2025\\\/12\\\/AddText_12-16-10.30.52.jpg\",\"contentUrl\":\"https:\\\/\\\/sarmiento24h.com\\\/wp-content\\\/uploads\\\/2025\\\/12\\\/AddText_12-16-10.30.52.jpg\",\"width\":1220,\"height\":324,\"caption\":\"Sarmiento24h\"},\"image\":{\"@id\":\"https:\\\/\\\/sarmiento24h.com\\\/#\\\/schema\\\/logo\\\/image\\\/\"},\"sameAs\":[\"https:\\\/\\\/facebook.com\\\/s24hnoticias\",\"https:\\\/\\\/x.com\\\/sarmiento24h\"]},{\"@type\":\"Person\",\"@id\":\"https:\\\/\\\/sarmiento24h.com\\\/#\\\/schema\\\/person\\\/d653a59725ad629a7e0429af7b939d4d\",\"name\":\"sarmiento24h@gmail.com\",\"image\":{\"@type\":\"ImageObject\",\"inLanguage\":\"es\",\"@id\":\"https:\\\/\\\/sarmiento24h.com\\\/wp-content\\\/litespeed\\\/avatar\\\/d02cbc4e23c747e6659cd45907173c8f.jpg?ver=1777157796\",\"url\":\"https:\\\/\\\/sarmiento24h.com\\\/wp-content\\\/litespeed\\\/avatar\\\/d02cbc4e23c747e6659cd45907173c8f.jpg?ver=1777157796\",\"contentUrl\":\"https:\\\/\\\/sarmiento24h.com\\\/wp-content\\\/litespeed\\\/avatar\\\/d02cbc4e23c747e6659cd45907173c8f.jpg?ver=1777157796\",\"caption\":\"sarmiento24h@gmail.com\"},\"sameAs\":[\"https:\\\/\\\/sarmiento24h.com\"],\"url\":\"https:\\\/\\\/sarmiento24h.com\\\/?author=1\"}]}<\/script>\n<!-- \/ Yoast SEO plugin. -->","yoast_head_json":{"title":"Celebra asamblea: Grupo Popular refuerza capital y consolida crecimiento en 2025 - Sarmiento24h","robots":{"index":"index","follow":"follow","max-snippet":"max-snippet:-1","max-image-preview":"max-image-preview:large","max-video-preview":"max-video-preview:-1"},"canonical":"https:\/\/sarmiento24h.com\/?p=155983","og_locale":"es_ES","og_type":"article","og_title":"Celebra asamblea: Grupo Popular refuerza capital y consolida crecimiento en 2025 - Sarmiento24h","og_description":"La entidad reporta activos por m\u00e1s de&#46;&#46;&#46;","og_url":"https:\/\/sarmiento24h.com\/?p=155983","og_site_name":"Sarmiento24h","article_publisher":"https:\/\/facebook.com\/s24hnoticias","article_published_time":"2026-04-26T14:47:36+00:00","author":"sarmiento24h@gmail.com","twitter_card":"summary_large_image","twitter_creator":"@sarmiento24h","twitter_site":"@sarmiento24h","twitter_misc":{"Escrito por":"sarmiento24h@gmail.com","Tiempo de lectura":"3 minutos"},"schema":{"@context":"https:\/\/schema.org","@graph":[{"@type":"Article","@id":"https:\/\/sarmiento24h.com\/?p=155983#article","isPartOf":{"@id":"https:\/\/sarmiento24h.com\/?p=155983"},"author":{"name":"sarmiento24h@gmail.com","@id":"https:\/\/sarmiento24h.com\/#\/schema\/person\/d653a59725ad629a7e0429af7b939d4d"},"headline":"Celebra asamblea: Grupo Popular refuerza capital y consolida crecimiento en 2025","datePublished":"2026-04-26T14:47:36+00:00","mainEntityOfPage":{"@id":"https:\/\/sarmiento24h.com\/?p=155983"},"wordCount":611,"publisher":{"@id":"https:\/\/sarmiento24h.com\/#organization"},"image":{"@id":"https:\/\/sarmiento24h.com\/?p=155983#primaryimage"},"thumbnailUrl":"https:\/\/sarmiento24h.com\/wp-content\/uploads\/2026\/04\/celebra-asamblea-grupo-popular-refuerza-capital-y-consolida-crecimiento-en-2025.jpg","articleSection":["Economicas"],"inLanguage":"es"},{"@type":"WebPage","@id":"https:\/\/sarmiento24h.com\/?p=155983","url":"https:\/\/sarmiento24h.com\/?p=155983","name":"Celebra asamblea: Grupo Popular refuerza capital y consolida crecimiento en 2025 - Sarmiento24h","isPartOf":{"@id":"https:\/\/sarmiento24h.com\/#website"},"primaryImageOfPage":{"@id":"https:\/\/sarmiento24h.com\/?p=155983#primaryimage"},"image":{"@id":"https:\/\/sarmiento24h.com\/?p=155983#primaryimage"},"thumbnailUrl":"https:\/\/sarmiento24h.com\/wp-content\/uploads\/2026\/04\/celebra-asamblea-grupo-popular-refuerza-capital-y-consolida-crecimiento-en-2025.jpg","datePublished":"2026-04-26T14:47:36+00:00","breadcrumb":{"@id":"https:\/\/sarmiento24h.com\/?p=155983#breadcrumb"},"inLanguage":"es","potentialAction":[{"@type":"ReadAction","target":["https:\/\/sarmiento24h.com\/?p=155983"]}]},{"@type":"ImageObject","inLanguage":"es","@id":"https:\/\/sarmiento24h.com\/?p=155983#primaryimage","url":"https:\/\/sarmiento24h.com\/wp-content\/uploads\/2026\/04\/celebra-asamblea-grupo-popular-refuerza-capital-y-consolida-crecimiento-en-2025.jpg","contentUrl":"https:\/\/sarmiento24h.com\/wp-content\/uploads\/2026\/04\/celebra-asamblea-grupo-popular-refuerza-capital-y-consolida-crecimiento-en-2025.jpg","width":1024,"height":682},{"@type":"BreadcrumbList","@id":"https:\/\/sarmiento24h.com\/?p=155983#breadcrumb","itemListElement":[{"@type":"ListItem","position":1,"name":"Home","item":"https:\/\/sarmiento24h.com\/"},{"@type":"ListItem","position":2,"name":"Celebra asamblea: Grupo Popular refuerza capital y consolida crecimiento en 2025"}]},{"@type":"WebSite","@id":"https:\/\/sarmiento24h.com\/#website","url":"https:\/\/sarmiento24h.com\/","name":"Sarmiento24h","description":"","publisher":{"@id":"https:\/\/sarmiento24h.com\/#organization"},"potentialAction":[{"@type":"SearchAction","target":{"@type":"EntryPoint","urlTemplate":"https:\/\/sarmiento24h.com\/?s={search_term_string}"},"query-input":{"@type":"PropertyValueSpecification","valueRequired":true,"valueName":"search_term_string"}}],"inLanguage":"es"},{"@type":"Organization","@id":"https:\/\/sarmiento24h.com\/#organization","name":"Sarmiento24h","url":"https:\/\/sarmiento24h.com\/","logo":{"@type":"ImageObject","inLanguage":"es","@id":"https:\/\/sarmiento24h.com\/#\/schema\/logo\/image\/","url":"https:\/\/sarmiento24h.com\/wp-content\/uploads\/2025\/12\/AddText_12-16-10.30.52.jpg","contentUrl":"https:\/\/sarmiento24h.com\/wp-content\/uploads\/2025\/12\/AddText_12-16-10.30.52.jpg","width":1220,"height":324,"caption":"Sarmiento24h"},"image":{"@id":"https:\/\/sarmiento24h.com\/#\/schema\/logo\/image\/"},"sameAs":["https:\/\/facebook.com\/s24hnoticias","https:\/\/x.com\/sarmiento24h"]},{"@type":"Person","@id":"https:\/\/sarmiento24h.com\/#\/schema\/person\/d653a59725ad629a7e0429af7b939d4d","name":"sarmiento24h@gmail.com","image":{"@type":"ImageObject","inLanguage":"es","@id":"https:\/\/sarmiento24h.com\/wp-content\/litespeed\/avatar\/d02cbc4e23c747e6659cd45907173c8f.jpg?ver=1777157796","url":"https:\/\/sarmiento24h.com\/wp-content\/litespeed\/avatar\/d02cbc4e23c747e6659cd45907173c8f.jpg?ver=1777157796","contentUrl":"https:\/\/sarmiento24h.com\/wp-content\/litespeed\/avatar\/d02cbc4e23c747e6659cd45907173c8f.jpg?ver=1777157796","caption":"sarmiento24h@gmail.com"},"sameAs":["https:\/\/sarmiento24h.com"],"url":"https:\/\/sarmiento24h.com\/?author=1"}]}},"jetpack_publicize_connections":[],"jetpack_featured_media_url":"https:\/\/sarmiento24h.com\/wp-content\/uploads\/2026\/04\/celebra-asamblea-grupo-popular-refuerza-capital-y-consolida-crecimiento-en-2025.jpg","jetpack_sharing_enabled":true,"_links":{"self":[{"href":"https:\/\/sarmiento24h.com\/index.php?rest_route=\/wp\/v2\/posts\/155983","targetHints":{"allow":["GET"]}}],"collection":[{"href":"https:\/\/sarmiento24h.com\/index.php?rest_route=\/wp\/v2\/posts"}],"about":[{"href":"https:\/\/sarmiento24h.com\/index.php?rest_route=\/wp\/v2\/types\/post"}],"author":[{"embeddable":true,"href":"https:\/\/sarmiento24h.com\/index.php?rest_route=\/wp\/v2\/users\/1"}],"replies":[{"embeddable":true,"href":"https:\/\/sarmiento24h.com\/index.php?rest_route=%2Fwp%2Fv2%2Fcomments&post=155983"}],"version-history":[{"count":0,"href":"https:\/\/sarmiento24h.com\/index.php?rest_route=\/wp\/v2\/posts\/155983\/revisions"}],"wp:featuredmedia":[{"embeddable":true,"href":"https:\/\/sarmiento24h.com\/index.php?rest_route=\/wp\/v2\/media\/155984"}],"wp:attachment":[{"href":"https:\/\/sarmiento24h.com\/index.php?rest_route=%2Fwp%2Fv2%2Fmedia&parent=155983"}],"wp:term":[{"taxonomy":"category","embeddable":true,"href":"https:\/\/sarmiento24h.com\/index.php?rest_route=%2Fwp%2Fv2%2Fcategories&post=155983"},{"taxonomy":"post_tag","embeddable":true,"href":"https:\/\/sarmiento24h.com\/index.php?rest_route=%2Fwp%2Fv2%2Ftags&post=155983"}],"curies":[{"name":"wp","href":"https:\/\/api.w.org\/{rel}","templated":true}]}}