{"id":156004,"date":"2026-04-26T15:17:36","date_gmt":"2026-04-26T15:17:36","guid":{"rendered":"https:\/\/pinceldigital.do\/?p=66813"},"modified":"2026-04-26T15:17:36","modified_gmt":"2026-04-26T15:17:36","slug":"adopae-elige-nueva-directiva-y-fausto-polanco-asume-presidencia","status":"publish","type":"post","link":"https:\/\/sarmiento24h.com\/?p=156004","title":{"rendered":"Adopae elige nueva directiva y Fausto Polanco asume presidencia"},"content":{"rendered":"<p>La Academia Dominicana de Periodistas de Arte y Espect\u00e1culos renueva sus autoridades para el per\u00edodo 2026-2028 y fortalece su estructura institucional<\/p>\n<p>Adopae eligi\u00f3 este s\u00e1bado a su nuevo Consejo Directivo y a los integrantes de la Comisi\u00f3n de \u00c9tica, durante una asamblea celebrada con amplia participaci\u00f3n de sus miembros.<\/p>\n<p>La elecci\u00f3n se realiz\u00f3 de manera un\u00e1nime y design\u00f3 como nuevo presidente al periodista y escritor Fausto Polanco, miembro fundador de la entidad y actual editor de Espect\u00e1culos del peri\u00f3dico El D\u00eda.<\/p>\n<p>La nueva directiva tendr\u00e1 la responsabilidad de conducir la instituci\u00f3n durante los pr\u00f3ximos dos a\u00f1os, en una etapa enfocada en el fortalecimiento gremial, la capacitaci\u00f3n profesional y el impulso de nuevos proyectos vinculados al periodismo cultural y de entretenimiento en Rep\u00fablica Dominicana.<\/p>\n<p><strong>Nueva direcci\u00f3n de Adopae<\/strong><\/p>\n<p>Adem\u00e1s de Fausto Polanco en la presidencia, el Consejo Directivo qued\u00f3 integrado por Jos\u00e9 Antonio Aybar como primer vicepresidente, Ricardo Rodr\u00edguez Rosa como segundo vicepresidente, Cristina Liriano en la Secretar\u00eda General y Alfonso Qui\u00f1ones como secretario de Finanzas.<\/p>\n<p>Tambi\u00e9n forman parte de la directiva Rosmery Mart\u00ednez como encargada de Asuntos Internacionales, Ram\u00f3n Alm\u00e1nzar al frente de Asuntos Interinstitucionales, Ynmaculada Cruz como encargada de Relaciones P\u00fablicas y Napole\u00f3n Beras en el \u00e1rea de Educaci\u00f3n y Formaci\u00f3n Profesional.<\/p>\n<p>Completan la estructura Muriel Soriano, quien asumir\u00e1 Tecnolog\u00eda y Plataformas Digitales, y Rafael Padilla como encargado de Eventos y Protocolo.<\/p>\n<p>Durante la jornada tambi\u00e9n fue ratificada como directora ejecutiva la periodista Yenny Polanco Lovera.<\/p>\n<p><strong>Mensaje del nuevo presidente<\/strong><\/p>\n<p>El electo presidente, Fausto Polanco, agradeci\u00f3 la confianza depositada por los miembros de Adopae y adelant\u00f3 que continuar\u00e1 trabajando a favor del fortalecimiento institucional.<\/p>\n<p>Polanco expres\u00f3 su compromiso de impulsar nuevas iniciativas en beneficio de los asociados, promover la unidad del gremio y defender el ejercicio \u00e9tico del periodismo de arte y espect\u00e1culos.<\/p>\n<p><strong>Reconocimiento a la gesti\u00f3n saliente<\/strong><\/p>\n<p>De su lado, el periodista Severo Rivera, quien ocup\u00f3 la presidencia de la academia, destac\u00f3 los avances alcanzados durante su gesti\u00f3n y sostuvo que seguir\u00e1 trabajando para hacer m\u00e1s fuerte a Adopae.<\/p>\n<p>Rivera valor\u00f3 el crecimiento institucional, la integraci\u00f3n de nuevos miembros y el posicionamiento alcanzado por la entidad en los \u00faltimos a\u00f1os.<\/p>\n<p><strong>Asamblea en ambiente fraterno<\/strong><\/p>\n<p>La asamblea se desarroll\u00f3 en un ambiente de confraternidad, integraci\u00f3n y armon\u00eda entre los asistentes.<\/p>\n<p>A la jornada acudieron representantes de distintas demarcaciones del pa\u00eds, incluyendo miembros procedentes de Santiago y El Seibo.<\/p>\n<p><strong>Asamblea dedicada a Carlos Batista Matos<\/strong><\/p>\n<p>La reuni\u00f3n estuvo dedicada a honrar la memoria del fenecido periodista y escritor Carlos Batista Matos, figura hist\u00f3rica de la comunicaci\u00f3n dominicana y referente del periodismo de espect\u00e1culos en el pa\u00eds.<\/p>\n<p>Los asistentes resaltaron su legado profesional, su trayectoria en radio, televisi\u00f3n y prensa escrita, as\u00ed como su aporte a varias generaciones de comunicadores.<\/p>\n<p><strong>Comisi\u00f3n de \u00c9tica y nuevos ingresosa<\/strong><\/p>\n<p>En la asamblea fue aprobado adem\u00e1s el ingreso del experimentado periodista Reyes Guzm\u00e1n, quien pasa a formar parte de la Comisi\u00f3n de \u00c9tica.<\/p>\n<p>Ese organismo qued\u00f3 integrado por Estuardo Arias- Presidente&nbsp;<\/p>\n<p>Reyes Guzm\u00e1n, Abel Rojas- Secretario y &nbsp;Reyes Guzm\u00e1n, Miguelina Terrero, y Fior D\u2019aliza Taveras, miembros.<\/p>\n<p><strong>Comit\u00e9 de desarrollo de proyectos<\/strong><\/p>\n<p>La entidad tambi\u00e9n present\u00f3 su Comit\u00e9 de Desarrollo de Proyectos, conformado por Severo Rivera, Jos\u00e9 Tejada G\u00f3mez y Dar\u00edo Fern\u00e1ndez.<\/p>\n<p>Historia de Adopae<\/p>\n<p>Adopae fue creada el 6 de julio de 2022 con el objetivo de reunir a profesionales especializados en cobertura cultural, art\u00edstica y de entretenimiento, promover la \u00e9tica period\u00edstica y defender el ejercicio responsable de la comunicaci\u00f3n en esa \u00e1rea.<\/p>\n<p>Desde su fundaci\u00f3n, la instituci\u00f3n ha impulsado encuentros formativos, reconocimientos, debates sectoriales y acciones orientadas a elevar la calidad del periodismo de espect\u00e1culos en Rep\u00fablica Dominicana.<\/p>\n<p>Adopae es una fundaci\u00f3n sin fines de lucro, debidamente incorporada, integrada por l\u00edderes de opini\u00f3n vinculados al arte, la cultura, el entretenimiento y la comunicaci\u00f3n especializada en el pa\u00eds.<\/p>\n<p><strong>Nueva etapa institucional<\/strong><\/p>\n<p>Con la elecci\u00f3n de sus nuevas autoridades, Adopae inicia una nueva etapa en la que busca consolidar su presencia nacional, ampliar programas de formaci\u00f3n y adaptarse a los desaf\u00edos digitales que enfrenta la comunicaci\u00f3n moderna.<\/p>\n<p>La elecci\u00f3n de Fausto Polanco al frente de la entidad ha sido valorada por miembros del sector como una apuesta por la experiencia, la institucionalidad y el compromiso con el periodismo especializado.<\/p>\n<figure class=\"wp-block-gallery has-nested-images columns-default is-cropped wp-block-gallery-1 is-layout-flex wp-block-gallery-is-layout-flex\">\n<figure class=\"wp-block-image size-large\"><img loading=\"lazy\" decoding=\"async\" data-recalc-dims=\"1\" width=\"696\" height=\"193\" data-id=\"66816\" src=\"https:\/\/i0.wp.com\/pinceldigital.do\/wp-content\/uploads\/2026\/04\/cd424f21-f9da-4ce4-a21e-342ac5d86105.jpeg?resize=696%2C193&amp;ssl=1\" alt class=\"wp-image-66816\" srcset=\"https:\/\/i0.wp.com\/pinceldigital.do\/wp-content\/uploads\/2026\/04\/cd424f21-f9da-4ce4-a21e-342ac5d86105.jpeg?w=696&amp;ssl=1 696w, https:\/\/i0.wp.com\/pinceldigital.do\/wp-content\/uploads\/2026\/04\/cd424f21-f9da-4ce4-a21e-342ac5d86105.jpeg?resize=300%2C83&amp;ssl=1 300w\" sizes=\"auto, (max-width: 696px) 100vw, 696px\"><\/figure>\n<figure class=\"wp-block-image size-full\"><img loading=\"lazy\" decoding=\"async\" data-recalc-dims=\"1\" width=\"696\" height=\"392\" data-id=\"66817\" src=\"https:\/\/i0.wp.com\/pinceldigital.do\/wp-content\/uploads\/2026\/04\/970eb2f4-32b0-40d3-a696-d4730cd68b82.jpeg?resize=696%2C392&amp;ssl=1\" alt class=\"wp-image-66817\" srcset=\"https:\/\/i0.wp.com\/pinceldigital.do\/wp-content\/uploads\/2026\/04\/970eb2f4-32b0-40d3-a696-d4730cd68b82.jpeg?w=696&amp;ssl=1 696w, https:\/\/i0.wp.com\/pinceldigital.do\/wp-content\/uploads\/2026\/04\/970eb2f4-32b0-40d3-a696-d4730cd68b82.jpeg?resize=300%2C169&amp;ssl=1 300w\" sizes=\"auto, (max-width: 696px) 100vw, 696px\"><\/figure>\n<figure class=\"wp-block-image size-full\"><img loading=\"lazy\" decoding=\"async\" data-recalc-dims=\"1\" width=\"696\" height=\"392\" data-id=\"66819\" src=\"https:\/\/i0.wp.com\/pinceldigital.do\/wp-content\/uploads\/2026\/04\/cfbbf15f-400d-4f41-95d9-9334a231593b.jpeg?resize=696%2C392&amp;ssl=1\" alt class=\"wp-image-66819\" srcset=\"https:\/\/i0.wp.com\/pinceldigital.do\/wp-content\/uploads\/2026\/04\/cfbbf15f-400d-4f41-95d9-9334a231593b.jpeg?w=696&amp;ssl=1 696w, https:\/\/i0.wp.com\/pinceldigital.do\/wp-content\/uploads\/2026\/04\/cfbbf15f-400d-4f41-95d9-9334a231593b.jpeg?resize=300%2C169&amp;ssl=1 300w\" sizes=\"auto, (max-width: 696px) 100vw, 696px\"><\/figure>\n<figure class=\"wp-block-image size-full\"><img decoding=\"async\" data-recalc-dims=\"1\" loading=\"lazy\" width=\"696\" height=\"392\" data-id=\"66818\" src=\"https:\/\/i0.wp.com\/pinceldigital.do\/wp-content\/uploads\/2026\/04\/b8464cff-adde-474a-a198-e98d29c380e7.jpeg?resize=696%2C392&amp;ssl=1\" alt class=\"wp-image-66818\" srcset=\"https:\/\/i0.wp.com\/pinceldigital.do\/wp-content\/uploads\/2026\/04\/b8464cff-adde-474a-a198-e98d29c380e7.jpeg?w=696&amp;ssl=1 696w, https:\/\/i0.wp.com\/pinceldigital.do\/wp-content\/uploads\/2026\/04\/b8464cff-adde-474a-a198-e98d29c380e7.jpeg?resize=300%2C169&amp;ssl=1 300w\" sizes=\"auto, (max-width: 696px) 100vw, 696px\"><\/figure>\n<figure class=\"wp-block-image size-large\"><img decoding=\"async\" data-recalc-dims=\"1\" loading=\"lazy\" width=\"696\" height=\"193\" data-id=\"66815\" src=\"https:\/\/i0.wp.com\/pinceldigital.do\/wp-content\/uploads\/2026\/04\/cd424f21-f9da-4ce4-a21e-342ac5d86105.jpeg?resize=696%2C193&amp;ssl=1\" alt class=\"wp-image-66815\" srcset=\"https:\/\/i0.wp.com\/pinceldigital.do\/wp-content\/uploads\/2026\/04\/cd424f21-f9da-4ce4-a21e-342ac5d86105.jpeg?w=696&amp;ssl=1 696w, https:\/\/i0.wp.com\/pinceldigital.do\/wp-content\/uploads\/2026\/04\/cd424f21-f9da-4ce4-a21e-342ac5d86105.jpeg?resize=300%2C83&amp;ssl=1 300w\" sizes=\"auto, (max-width: 696px) 100vw, 696px\"><\/figure>\n<\/figure>\n","protected":false},"excerpt":{"rendered":"<p>La Academia Dominicana de Periodistas de Arte&#46;&#46;&#46;<\/p>\n","protected":false},"author":1,"featured_media":156005,"comment_status":"closed","ping_status":"closed","sticky":false,"template":"","format":"standard","meta":{"_jetpack_memberships_contains_paid_content":false,"footnotes":"","jetpack_publicize_message":"","jetpack_publicize_feature_enabled":true,"jetpack_social_post_already_shared":true,"jetpack_social_options":{"image_generator_settings":{"template":"highway","default_image_id":0,"font":"","enabled":false},"version":2}},"categories":[42],"tags":[],"class_list":["post-156004","post","type-post","status-publish","format-standard","has-post-thumbnail","hentry","category-nacionales"],"yoast_head":"<!-- This site is optimized with the Yoast SEO plugin v27.3 - https:\/\/yoast.com\/product\/yoast-seo-wordpress\/ -->\n<title>Adopae elige nueva directiva y Fausto Polanco asume presidencia - Sarmiento24h<\/title>\n<meta name=\"robots\" content=\"index, follow, max-snippet:-1, max-image-preview:large, max-video-preview:-1\" \/>\n<link rel=\"canonical\" href=\"https:\/\/sarmiento24h.com\/?p=156004\" \/>\n<meta property=\"og:locale\" content=\"es_ES\" \/>\n<meta property=\"og:type\" content=\"article\" \/>\n<meta property=\"og:title\" content=\"Adopae elige nueva directiva y Fausto Polanco asume presidencia - Sarmiento24h\" \/>\n<meta property=\"og:description\" content=\"La Academia Dominicana de Periodistas de Arte&#046;&#046;&#046;\" \/>\n<meta property=\"og:url\" content=\"https:\/\/sarmiento24h.com\/?p=156004\" \/>\n<meta property=\"og:site_name\" content=\"Sarmiento24h\" \/>\n<meta property=\"article:publisher\" content=\"https:\/\/facebook.com\/s24hnoticias\" \/>\n<meta property=\"article:published_time\" content=\"2026-04-26T15:17:36+00:00\" \/>\n<meta name=\"author\" content=\"sarmiento24h@gmail.com\" \/>\n<meta name=\"twitter:card\" content=\"summary_large_image\" \/>\n<meta name=\"twitter:creator\" content=\"@sarmiento24h\" \/>\n<meta name=\"twitter:site\" content=\"@sarmiento24h\" \/>\n<meta name=\"twitter:label1\" content=\"Escrito por\" \/>\n\t<meta name=\"twitter:data1\" content=\"sarmiento24h@gmail.com\" \/>\n\t<meta name=\"twitter:label2\" content=\"Tiempo de lectura\" \/>\n\t<meta name=\"twitter:data2\" content=\"4 minutos\" \/>\n<script type=\"application\/ld+json\" class=\"yoast-schema-graph\">{\"@context\":\"https:\\\/\\\/schema.org\",\"@graph\":[{\"@type\":\"Article\",\"@id\":\"https:\\\/\\\/sarmiento24h.com\\\/?p=156004#article\",\"isPartOf\":{\"@id\":\"https:\\\/\\\/sarmiento24h.com\\\/?p=156004\"},\"author\":{\"name\":\"sarmiento24h@gmail.com\",\"@id\":\"https:\\\/\\\/sarmiento24h.com\\\/#\\\/schema\\\/person\\\/d653a59725ad629a7e0429af7b939d4d\"},\"headline\":\"Adopae elige nueva directiva y Fausto Polanco asume presidencia\",\"datePublished\":\"2026-04-26T15:17:36+00:00\",\"mainEntityOfPage\":{\"@id\":\"https:\\\/\\\/sarmiento24h.com\\\/?p=156004\"},\"wordCount\":775,\"publisher\":{\"@id\":\"https:\\\/\\\/sarmiento24h.com\\\/#organization\"},\"image\":{\"@id\":\"https:\\\/\\\/sarmiento24h.com\\\/?p=156004#primaryimage\"},\"thumbnailUrl\":\"https:\\\/\\\/sarmiento24h.com\\\/wp-content\\\/uploads\\\/2026\\\/04\\\/adopae-elige-nueva-directiva-y-fausto-polanco-asume-presidencia.jpg\",\"articleSection\":[\"Nacionales\"],\"inLanguage\":\"es\"},{\"@type\":\"WebPage\",\"@id\":\"https:\\\/\\\/sarmiento24h.com\\\/?p=156004\",\"url\":\"https:\\\/\\\/sarmiento24h.com\\\/?p=156004\",\"name\":\"Adopae elige nueva directiva y Fausto Polanco asume presidencia - Sarmiento24h\",\"isPartOf\":{\"@id\":\"https:\\\/\\\/sarmiento24h.com\\\/#website\"},\"primaryImageOfPage\":{\"@id\":\"https:\\\/\\\/sarmiento24h.com\\\/?p=156004#primaryimage\"},\"image\":{\"@id\":\"https:\\\/\\\/sarmiento24h.com\\\/?p=156004#primaryimage\"},\"thumbnailUrl\":\"https:\\\/\\\/sarmiento24h.com\\\/wp-content\\\/uploads\\\/2026\\\/04\\\/adopae-elige-nueva-directiva-y-fausto-polanco-asume-presidencia.jpg\",\"datePublished\":\"2026-04-26T15:17:36+00:00\",\"breadcrumb\":{\"@id\":\"https:\\\/\\\/sarmiento24h.com\\\/?p=156004#breadcrumb\"},\"inLanguage\":\"es\",\"potentialAction\":[{\"@type\":\"ReadAction\",\"target\":[\"https:\\\/\\\/sarmiento24h.com\\\/?p=156004\"]}]},{\"@type\":\"ImageObject\",\"inLanguage\":\"es\",\"@id\":\"https:\\\/\\\/sarmiento24h.com\\\/?p=156004#primaryimage\",\"url\":\"https:\\\/\\\/sarmiento24h.com\\\/wp-content\\\/uploads\\\/2026\\\/04\\\/adopae-elige-nueva-directiva-y-fausto-polanco-asume-presidencia.jpg\",\"contentUrl\":\"https:\\\/\\\/sarmiento24h.com\\\/wp-content\\\/uploads\\\/2026\\\/04\\\/adopae-elige-nueva-directiva-y-fausto-polanco-asume-presidencia.jpg\",\"width\":696,\"height\":193},{\"@type\":\"BreadcrumbList\",\"@id\":\"https:\\\/\\\/sarmiento24h.com\\\/?p=156004#breadcrumb\",\"itemListElement\":[{\"@type\":\"ListItem\",\"position\":1,\"name\":\"Home\",\"item\":\"https:\\\/\\\/sarmiento24h.com\\\/\"},{\"@type\":\"ListItem\",\"position\":2,\"name\":\"Adopae elige nueva directiva y Fausto Polanco asume presidencia\"}]},{\"@type\":\"WebSite\",\"@id\":\"https:\\\/\\\/sarmiento24h.com\\\/#website\",\"url\":\"https:\\\/\\\/sarmiento24h.com\\\/\",\"name\":\"Sarmiento24h\",\"description\":\"\",\"publisher\":{\"@id\":\"https:\\\/\\\/sarmiento24h.com\\\/#organization\"},\"potentialAction\":[{\"@type\":\"SearchAction\",\"target\":{\"@type\":\"EntryPoint\",\"urlTemplate\":\"https:\\\/\\\/sarmiento24h.com\\\/?s={search_term_string}\"},\"query-input\":{\"@type\":\"PropertyValueSpecification\",\"valueRequired\":true,\"valueName\":\"search_term_string\"}}],\"inLanguage\":\"es\"},{\"@type\":\"Organization\",\"@id\":\"https:\\\/\\\/sarmiento24h.com\\\/#organization\",\"name\":\"Sarmiento24h\",\"url\":\"https:\\\/\\\/sarmiento24h.com\\\/\",\"logo\":{\"@type\":\"ImageObject\",\"inLanguage\":\"es\",\"@id\":\"https:\\\/\\\/sarmiento24h.com\\\/#\\\/schema\\\/logo\\\/image\\\/\",\"url\":\"https:\\\/\\\/sarmiento24h.com\\\/wp-content\\\/uploads\\\/2025\\\/12\\\/AddText_12-16-10.30.52.jpg\",\"contentUrl\":\"https:\\\/\\\/sarmiento24h.com\\\/wp-content\\\/uploads\\\/2025\\\/12\\\/AddText_12-16-10.30.52.jpg\",\"width\":1220,\"height\":324,\"caption\":\"Sarmiento24h\"},\"image\":{\"@id\":\"https:\\\/\\\/sarmiento24h.com\\\/#\\\/schema\\\/logo\\\/image\\\/\"},\"sameAs\":[\"https:\\\/\\\/facebook.com\\\/s24hnoticias\",\"https:\\\/\\\/x.com\\\/sarmiento24h\"]},{\"@type\":\"Person\",\"@id\":\"https:\\\/\\\/sarmiento24h.com\\\/#\\\/schema\\\/person\\\/d653a59725ad629a7e0429af7b939d4d\",\"name\":\"sarmiento24h@gmail.com\",\"image\":{\"@type\":\"ImageObject\",\"inLanguage\":\"es\",\"@id\":\"https:\\\/\\\/sarmiento24h.com\\\/wp-content\\\/litespeed\\\/avatar\\\/d02cbc4e23c747e6659cd45907173c8f.jpg?ver=1777157796\",\"url\":\"https:\\\/\\\/sarmiento24h.com\\\/wp-content\\\/litespeed\\\/avatar\\\/d02cbc4e23c747e6659cd45907173c8f.jpg?ver=1777157796\",\"contentUrl\":\"https:\\\/\\\/sarmiento24h.com\\\/wp-content\\\/litespeed\\\/avatar\\\/d02cbc4e23c747e6659cd45907173c8f.jpg?ver=1777157796\",\"caption\":\"sarmiento24h@gmail.com\"},\"sameAs\":[\"https:\\\/\\\/sarmiento24h.com\"],\"url\":\"https:\\\/\\\/sarmiento24h.com\\\/?author=1\"}]}<\/script>\n<!-- \/ Yoast SEO plugin. -->","yoast_head_json":{"title":"Adopae elige nueva directiva y Fausto Polanco asume presidencia - Sarmiento24h","robots":{"index":"index","follow":"follow","max-snippet":"max-snippet:-1","max-image-preview":"max-image-preview:large","max-video-preview":"max-video-preview:-1"},"canonical":"https:\/\/sarmiento24h.com\/?p=156004","og_locale":"es_ES","og_type":"article","og_title":"Adopae elige nueva directiva y Fausto Polanco asume presidencia - Sarmiento24h","og_description":"La Academia Dominicana de Periodistas de Arte&#46;&#46;&#46;","og_url":"https:\/\/sarmiento24h.com\/?p=156004","og_site_name":"Sarmiento24h","article_publisher":"https:\/\/facebook.com\/s24hnoticias","article_published_time":"2026-04-26T15:17:36+00:00","author":"sarmiento24h@gmail.com","twitter_card":"summary_large_image","twitter_creator":"@sarmiento24h","twitter_site":"@sarmiento24h","twitter_misc":{"Escrito por":"sarmiento24h@gmail.com","Tiempo de lectura":"4 minutos"},"schema":{"@context":"https:\/\/schema.org","@graph":[{"@type":"Article","@id":"https:\/\/sarmiento24h.com\/?p=156004#article","isPartOf":{"@id":"https:\/\/sarmiento24h.com\/?p=156004"},"author":{"name":"sarmiento24h@gmail.com","@id":"https:\/\/sarmiento24h.com\/#\/schema\/person\/d653a59725ad629a7e0429af7b939d4d"},"headline":"Adopae elige nueva directiva y Fausto Polanco asume presidencia","datePublished":"2026-04-26T15:17:36+00:00","mainEntityOfPage":{"@id":"https:\/\/sarmiento24h.com\/?p=156004"},"wordCount":775,"publisher":{"@id":"https:\/\/sarmiento24h.com\/#organization"},"image":{"@id":"https:\/\/sarmiento24h.com\/?p=156004#primaryimage"},"thumbnailUrl":"https:\/\/sarmiento24h.com\/wp-content\/uploads\/2026\/04\/adopae-elige-nueva-directiva-y-fausto-polanco-asume-presidencia.jpg","articleSection":["Nacionales"],"inLanguage":"es"},{"@type":"WebPage","@id":"https:\/\/sarmiento24h.com\/?p=156004","url":"https:\/\/sarmiento24h.com\/?p=156004","name":"Adopae elige nueva directiva y Fausto Polanco asume presidencia - Sarmiento24h","isPartOf":{"@id":"https:\/\/sarmiento24h.com\/#website"},"primaryImageOfPage":{"@id":"https:\/\/sarmiento24h.com\/?p=156004#primaryimage"},"image":{"@id":"https:\/\/sarmiento24h.com\/?p=156004#primaryimage"},"thumbnailUrl":"https:\/\/sarmiento24h.com\/wp-content\/uploads\/2026\/04\/adopae-elige-nueva-directiva-y-fausto-polanco-asume-presidencia.jpg","datePublished":"2026-04-26T15:17:36+00:00","breadcrumb":{"@id":"https:\/\/sarmiento24h.com\/?p=156004#breadcrumb"},"inLanguage":"es","potentialAction":[{"@type":"ReadAction","target":["https:\/\/sarmiento24h.com\/?p=156004"]}]},{"@type":"ImageObject","inLanguage":"es","@id":"https:\/\/sarmiento24h.com\/?p=156004#primaryimage","url":"https:\/\/sarmiento24h.com\/wp-content\/uploads\/2026\/04\/adopae-elige-nueva-directiva-y-fausto-polanco-asume-presidencia.jpg","contentUrl":"https:\/\/sarmiento24h.com\/wp-content\/uploads\/2026\/04\/adopae-elige-nueva-directiva-y-fausto-polanco-asume-presidencia.jpg","width":696,"height":193},{"@type":"BreadcrumbList","@id":"https:\/\/sarmiento24h.com\/?p=156004#breadcrumb","itemListElement":[{"@type":"ListItem","position":1,"name":"Home","item":"https:\/\/sarmiento24h.com\/"},{"@type":"ListItem","position":2,"name":"Adopae elige nueva directiva y Fausto Polanco asume presidencia"}]},{"@type":"WebSite","@id":"https:\/\/sarmiento24h.com\/#website","url":"https:\/\/sarmiento24h.com\/","name":"Sarmiento24h","description":"","publisher":{"@id":"https:\/\/sarmiento24h.com\/#organization"},"potentialAction":[{"@type":"SearchAction","target":{"@type":"EntryPoint","urlTemplate":"https:\/\/sarmiento24h.com\/?s={search_term_string}"},"query-input":{"@type":"PropertyValueSpecification","valueRequired":true,"valueName":"search_term_string"}}],"inLanguage":"es"},{"@type":"Organization","@id":"https:\/\/sarmiento24h.com\/#organization","name":"Sarmiento24h","url":"https:\/\/sarmiento24h.com\/","logo":{"@type":"ImageObject","inLanguage":"es","@id":"https:\/\/sarmiento24h.com\/#\/schema\/logo\/image\/","url":"https:\/\/sarmiento24h.com\/wp-content\/uploads\/2025\/12\/AddText_12-16-10.30.52.jpg","contentUrl":"https:\/\/sarmiento24h.com\/wp-content\/uploads\/2025\/12\/AddText_12-16-10.30.52.jpg","width":1220,"height":324,"caption":"Sarmiento24h"},"image":{"@id":"https:\/\/sarmiento24h.com\/#\/schema\/logo\/image\/"},"sameAs":["https:\/\/facebook.com\/s24hnoticias","https:\/\/x.com\/sarmiento24h"]},{"@type":"Person","@id":"https:\/\/sarmiento24h.com\/#\/schema\/person\/d653a59725ad629a7e0429af7b939d4d","name":"sarmiento24h@gmail.com","image":{"@type":"ImageObject","inLanguage":"es","@id":"https:\/\/sarmiento24h.com\/wp-content\/litespeed\/avatar\/d02cbc4e23c747e6659cd45907173c8f.jpg?ver=1777157796","url":"https:\/\/sarmiento24h.com\/wp-content\/litespeed\/avatar\/d02cbc4e23c747e6659cd45907173c8f.jpg?ver=1777157796","contentUrl":"https:\/\/sarmiento24h.com\/wp-content\/litespeed\/avatar\/d02cbc4e23c747e6659cd45907173c8f.jpg?ver=1777157796","caption":"sarmiento24h@gmail.com"},"sameAs":["https:\/\/sarmiento24h.com"],"url":"https:\/\/sarmiento24h.com\/?author=1"}]}},"jetpack_publicize_connections":[],"jetpack_featured_media_url":"https:\/\/sarmiento24h.com\/wp-content\/uploads\/2026\/04\/adopae-elige-nueva-directiva-y-fausto-polanco-asume-presidencia.jpg","jetpack_sharing_enabled":true,"_links":{"self":[{"href":"https:\/\/sarmiento24h.com\/index.php?rest_route=\/wp\/v2\/posts\/156004","targetHints":{"allow":["GET"]}}],"collection":[{"href":"https:\/\/sarmiento24h.com\/index.php?rest_route=\/wp\/v2\/posts"}],"about":[{"href":"https:\/\/sarmiento24h.com\/index.php?rest_route=\/wp\/v2\/types\/post"}],"author":[{"embeddable":true,"href":"https:\/\/sarmiento24h.com\/index.php?rest_route=\/wp\/v2\/users\/1"}],"replies":[{"embeddable":true,"href":"https:\/\/sarmiento24h.com\/index.php?rest_route=%2Fwp%2Fv2%2Fcomments&post=156004"}],"version-history":[{"count":0,"href":"https:\/\/sarmiento24h.com\/index.php?rest_route=\/wp\/v2\/posts\/156004\/revisions"}],"wp:featuredmedia":[{"embeddable":true,"href":"https:\/\/sarmiento24h.com\/index.php?rest_route=\/wp\/v2\/media\/156005"}],"wp:attachment":[{"href":"https:\/\/sarmiento24h.com\/index.php?rest_route=%2Fwp%2Fv2%2Fmedia&parent=156004"}],"wp:term":[{"taxonomy":"category","embeddable":true,"href":"https:\/\/sarmiento24h.com\/index.php?rest_route=%2Fwp%2Fv2%2Fcategories&post=156004"},{"taxonomy":"post_tag","embeddable":true,"href":"https:\/\/sarmiento24h.com\/index.php?rest_route=%2Fwp%2Fv2%2Ftags&post=156004"}],"curies":[{"name":"wp","href":"https:\/\/api.w.org\/{rel}","templated":true}]}}