{"id":156006,"date":"2026-04-26T15:17:37","date_gmt":"2026-04-26T15:17:37","guid":{"rendered":"https:\/\/pinceldigital.do\/?p=66807"},"modified":"2026-04-26T15:17:37","modified_gmt":"2026-04-26T15:17:37","slug":"grupo-popular-celebra-asamblea-general-de-accionistas-2026","status":"publish","type":"post","link":"https:\/\/sarmiento24h.com\/?p=156006","title":{"rendered":"Grupo Popular celebra Asamblea General de Accionistas 2026"},"content":{"rendered":"<p><strong>Santo Domingo<\/strong>,&nbsp;<strong>R<\/strong>.<strong>D<\/strong>. \u2013 El Grupo Popular, S. A. celebr\u00f3 su Asamblea General Extraordinaria \u2013 Ordinaria Anual de Accionistas, en la cual inform\u00f3 sobre el sobresaliente desempe\u00f1o alcanzado por sus empresas filiales durante el ejercicio social de 2025, reafirmando su compromiso con el desarrollo econ\u00f3mico, social y medioambiental del pa\u00eds, y posicion\u00e1ndose como un motor clave en la transformaci\u00f3n del ecosistema econ\u00f3mico y financiero nacional.<\/p>\n<p><strong>Asamblea General Extraordinaria<\/strong><\/p>\n<p>La asamblea se desarroll\u00f3 conforme a los estatutos sociales y tras comprobar el qu\u00f3rum reglamentario.<\/p>\n<p>En una primera sesi\u00f3n, correspondiente a la Asamblea General Extraordinaria, los accionistas aprobaron el aumento del capital social autorizado de RD$30,000 millones a RD$35,000 millones, as\u00ed como la modificaci\u00f3n de los estatutos sociales, en l\u00ednea con la estrategia de fortalecimiento patrimonial del grupo.<\/p>\n<p><strong>Asamblea General Ordinaria Anual<\/strong><\/p>\n<p>Posteriormente, sesionando como Asamblea General Ordinaria Anual, los accionistas tomaron acta de las acciones suscritas y pagadas con cargo al capital autorizado, conocieron y aprobaron el informe de gesti\u00f3n del Consejo de Administraci\u00f3n, los estados financieros auditados, el informe del comisario de cuentas y la distribuci\u00f3n de utilidades del ejercicio.<\/p>\n<p>Por igual, se conoci\u00f3 y aprob\u00f3 el presupuesto correspondiente al ejercicio 2026, alineado con la estrategia de crecimiento y sostenibilidad del grupo.<\/p>\n<p>Los trabajos de la asamblea fueron conducidos por el presidente ejecutivo de la organizaci\u00f3n, se\u00f1or Ren\u00e9 Grull\u00f3n F., quien dijo que estos resultados reflejan la consistencia de una estrategia basada en la transformaci\u00f3n digital, la innovaci\u00f3n orientada a mejorar la experiencia del usuario, el compromiso con la sostenibilidad, la inclusi\u00f3n financiera y la diversificaci\u00f3n de su ecosistema de negocios para generar valor a largo plazo.<\/p>\n<p>En este sentido, anunci\u00f3 que, a finales de 2025, el Consejo de Administraci\u00f3n aprob\u00f3 un nuevo plan estrat\u00e9gico para Grupo Popular, sustentado en la diversificaci\u00f3n de sus fuentes de crecimiento, el posicionamiento estrat\u00e9gico en ecosistemas de alto potencial y una rigurosa disciplina de capital con visi\u00f3n intergeneracional.<\/p>\n<p><strong>Resultados financieros<\/strong><\/p>\n<p>Por su parte, en un mensaje a los accionistas, el presidente del Consejo de Administraci\u00f3n de Grupo Popular, se\u00f1or Manuel A. Grull\u00f3n, inform\u00f3 que, al cierre del ejercicio 2025, los activos totales consolidados de la organizaci\u00f3n ascendieron a RD$1,119,480 millones, lo que representa un crecimiento de 11.7%.<\/p>\n<p>La cartera de pr\u00e9stamos neta consolidada alcanz\u00f3 RD$656,800 millones, con un incremento de RD$52,718 millones, equivalente a 8.7%, mientras que los dep\u00f3sitos totales consolidados se situaron en RD$777,522 millones.<\/p>\n<p>Los fondos patrimoniales alcanzaron RD$208,516 millones, reflejando un aumento de RD$26,788 millones.<\/p>\n<p>Como resultado de sus operaciones, dijo que el Grupo Popular obtuvo utilidades brutas consolidadas por RD$46,067 millones, que se tradujeron en utilidades netas de RD$34,783 millones, luego del pago de RD$11,284 millones por concepto de Impuesto sobre la Renta.<\/p>\n<p>Asimismo, el presidente del Consejo de Administraci\u00f3n del Grupo Popular inform\u00f3 a los accionistas que estos resultados evidencian la fortaleza del modelo de negocio y la confianza de los clientes, en un entorno global desafiante.<\/p>\n<p>\u201cEl \u00e9xito de nuestra organizaci\u00f3n est\u00e1 estrechamente vinculado al progreso social y ambiental del pa\u00eds\u201d, expres\u00f3 el se\u00f1or Manuel A. Grull\u00f3n, quien destac\u00f3 que la organizaci\u00f3n contin\u00faa avanzando en su transformaci\u00f3n digital, fortaleciendo sus capacidades para ofrecer soluciones financieras m\u00e1s \u00e1giles, accesibles e inclusivas.<\/p>\n<p><strong>Desempe\u00f1o de las filiales<\/strong><\/p>\n<p>En el Informe del Consejo de Administraci\u00f3n de la casa matriz Grupo Popular, el se\u00f1or Manuel A. Grull\u00f3n inform\u00f3 que esa entidad continu\u00f3 consolidando el desempe\u00f1o de sus filiales, reflejando avances significativos en crecimiento, innovaci\u00f3n y liderazgo en sus respectivos segmentos de mercado.<\/p>\n<p>El Banco Popular Dominicano alcanz\u00f3 activos por RD$929,748 millones, con un crecimiento de 9.4%, mientras su cartera de pr\u00e9stamos neta se situ\u00f3 en RD$579,145 millones y los dep\u00f3sitos en RD$702,933 millones.<\/p>\n<p>La AFP Popular fortaleci\u00f3 su liderazgo en el sistema previsional, con 1.6 millones de afiliados y fondos administrados por RD$428,450 millones. &nbsp;<\/p>\n<p>En tanto, la marca AZUL, de la filial Servicios Digitales Popular, impuls\u00f3 la transformaci\u00f3n digital registrando un incremento de 23.3% en facturaci\u00f3n y alcanz\u00f3 m\u00e1s de 223 millones de transacciones, mientras que AVANCE otorg\u00f3 5,758 facilidades crediticias, lo que representa un incremento de 14.2%.<\/p>\n<p>El presidente del Consejo de Administraci\u00f3n a\u00f1adi\u00f3 que, en el mercado de valores, Inversiones Popular alcanz\u00f3 utilidades netas por RD$924 millones y su portafolio de inversi\u00f3n creci\u00f3 35% respecto a 2024, manteni\u00e9ndose entre los principales puestos de bolsa del pa\u00eds.<\/p>\n<p>La Administradora de Fondos de Inversi\u00f3n Popular (AFI Popular) cerr\u00f3 el ejercicio con activos administrados por RD$45,000 millones, para un crecimiento de 28%.<\/p>\n<p>Fiduciaria Popular registr\u00f3 un crecimiento de 24.4% en activos totales, alcanzando m\u00e1s de RD$972 millones, y sum\u00f3 49 nuevos contratos, gestionando actualmente 426 patrimonios aut\u00f3nomos.<\/p>\n<p>En la regi\u00f3n, Popular Bank Ltd., filial con licencia bancaria internacional en Panam\u00e1, continu\u00f3 mostrando un firme desempe\u00f1o, con activos totales de US$1,786 millones y utilidades netas de US$51 millones.<\/p>\n<p>Tambi\u00e9n Qik Banco Digital, el primer neobanco del pa\u00eds, prosigui\u00f3 su expansi\u00f3n a trav\u00e9s de la digitalizaci\u00f3n del ecosistema financiero, alcanzando m\u00e1s de 800,000 clientes capturados y activos por RD$12,764 millones, para un incremento de 66.1%.<\/p>\n<p>La filial GCS International mantuvo su liderazgo en tecnolog\u00eda financiera. Su plataforma tPago registr\u00f3 138,000 nuevos afiliados y 18.9 millones de transacciones, mientras que la red de subagentes bancarios Mi Punto alcanz\u00f3 5.6 millones de transacciones y una cobertura de 1,130 comercios a nivel nacional.<\/p>\n<p><strong>Nombramientos y ratificaciones<\/strong><\/p>\n<p>En el marco de la asamblea, los accionistas aprobaron la ratificaci\u00f3n y designaci\u00f3n de miembros del Consejo de Administraci\u00f3n, fortaleciendo la gobernanza corporativa de la organizaci\u00f3n.<\/p>\n<p>Fueron ratificados como miembros del Consejo, dentro del Grupo III y por un per\u00edodo de tres a\u00f1os, los se\u00f1ores Manuel A. Grull\u00f3n, Marcial M. Najri, Erich Schumann y Pr\u00e1xedes J. Castillo B\u00e1ez.<\/p>\n<p>Los accionistas aprobaron la incorporaci\u00f3n del se\u00f1or Manuel E. Jim\u00e9nez F. al Grupo II, y de las se\u00f1oras Dolores Pozo Perell\u00f3 y Mar\u00eda Jes\u00fas Fern\u00e1ndez de Schad al Grupo III.<\/p>\n<p>De igual forma, se aprob\u00f3 la integraci\u00f3n del se\u00f1or Manuel Grull\u00f3n Hern\u00e1ndez al Grupo I del Consejo de Administraci\u00f3n.<\/p>\n<p>Adicionalmente, la asamblea design\u00f3 al se\u00f1or Rafael A. Del Toro G. como nuevo miembro del Consejo de Administraci\u00f3n de Grupo Popular por un per\u00edodo de un a\u00f1o.<\/p>\n<figure class=\"wp-block-gallery has-nested-images columns-default is-cropped wp-block-gallery-1 is-layout-flex wp-block-gallery-is-layout-flex\">\n<figure class=\"wp-block-image size-large\"><img loading=\"lazy\" decoding=\"async\" data-recalc-dims=\"1\" width=\"515\" height=\"696\" data-id=\"66811\" src=\"https:\/\/i0.wp.com\/pinceldigital.do\/wp-content\/uploads\/2026\/04\/IMG_3799.jpg?resize=515%2C696&amp;ssl=1\" alt class=\"wp-image-66811\" srcset=\"https:\/\/i0.wp.com\/pinceldigital.do\/wp-content\/uploads\/2026\/04\/IMG_3799.jpg?w=515&amp;ssl=1 515w, https:\/\/i0.wp.com\/pinceldigital.do\/wp-content\/uploads\/2026\/04\/IMG_3799.jpg?resize=222%2C300&amp;ssl=1 222w, https:\/\/i0.wp.com\/pinceldigital.do\/wp-content\/uploads\/2026\/04\/IMG_3799.jpg?resize=311%2C420&amp;ssl=1 311w\" sizes=\"auto, (max-width: 515px) 100vw, 515px\"><\/figure>\n<figure class=\"wp-block-image size-large\"><img loading=\"lazy\" decoding=\"async\" data-recalc-dims=\"1\" width=\"696\" height=\"464\" data-id=\"66810\" src=\"https:\/\/i0.wp.com\/pinceldigital.do\/wp-content\/uploads\/2026\/04\/ISM09581.jpeg?resize=696%2C464&amp;ssl=1\" alt class=\"wp-image-66810\" srcset=\"https:\/\/i0.wp.com\/pinceldigital.do\/wp-content\/uploads\/2026\/04\/ISM09581.jpeg?w=696&amp;ssl=1 696w, https:\/\/i0.wp.com\/pinceldigital.do\/wp-content\/uploads\/2026\/04\/ISM09581.jpeg?resize=300%2C200&amp;ssl=1 300w, https:\/\/i0.wp.com\/pinceldigital.do\/wp-content\/uploads\/2026\/04\/ISM09581.jpeg?resize=630%2C420&amp;ssl=1 630w\" sizes=\"auto, (max-width: 696px) 100vw, 696px\"><\/figure>\n<figure class=\"wp-block-image size-large\"><img loading=\"lazy\" decoding=\"async\" data-recalc-dims=\"1\" width=\"696\" height=\"464\" data-id=\"66809\" src=\"https:\/\/i0.wp.com\/pinceldigital.do\/wp-content\/uploads\/2026\/04\/ISM09640.jpeg?resize=696%2C464&amp;ssl=1\" alt class=\"wp-image-66809\" srcset=\"https:\/\/i0.wp.com\/pinceldigital.do\/wp-content\/uploads\/2026\/04\/ISM09640.jpeg?w=696&amp;ssl=1 696w, https:\/\/i0.wp.com\/pinceldigital.do\/wp-content\/uploads\/2026\/04\/ISM09640.jpeg?resize=300%2C200&amp;ssl=1 300w, https:\/\/i0.wp.com\/pinceldigital.do\/wp-content\/uploads\/2026\/04\/ISM09640.jpeg?resize=630%2C420&amp;ssl=1 630w\" sizes=\"auto, (max-width: 696px) 100vw, 696px\"><\/figure>\n<\/figure>\n","protected":false},"excerpt":{"rendered":"<p>Santo Domingo,&nbsp;R.D. \u2013 El Grupo Popular, S.&#46;&#46;&#46;<\/p>\n","protected":false},"author":1,"featured_media":156007,"comment_status":"closed","ping_status":"closed","sticky":false,"template":"","format":"standard","meta":{"_jetpack_memberships_contains_paid_content":false,"footnotes":"","jetpack_publicize_message":"","jetpack_publicize_feature_enabled":true,"jetpack_social_post_already_shared":true,"jetpack_social_options":{"image_generator_settings":{"template":"highway","default_image_id":0,"font":"","enabled":false},"version":2}},"categories":[42],"tags":[],"class_list":["post-156006","post","type-post","status-publish","format-standard","has-post-thumbnail","hentry","category-nacionales"],"yoast_head":"<!-- This site is optimized with the Yoast SEO plugin v27.3 - https:\/\/yoast.com\/product\/yoast-seo-wordpress\/ -->\n<title>Grupo Popular celebra Asamblea General de Accionistas 2026 - Sarmiento24h<\/title>\n<meta name=\"robots\" content=\"index, follow, max-snippet:-1, max-image-preview:large, max-video-preview:-1\" \/>\n<link rel=\"canonical\" href=\"https:\/\/sarmiento24h.com\/?p=156006\" \/>\n<meta property=\"og:locale\" content=\"es_ES\" \/>\n<meta property=\"og:type\" content=\"article\" \/>\n<meta property=\"og:title\" content=\"Grupo Popular celebra Asamblea General de Accionistas 2026 - Sarmiento24h\" \/>\n<meta property=\"og:description\" content=\"Santo Domingo,&nbsp;R.D. \u2013 El Grupo Popular, S.&#046;&#046;&#046;\" \/>\n<meta property=\"og:url\" content=\"https:\/\/sarmiento24h.com\/?p=156006\" \/>\n<meta property=\"og:site_name\" content=\"Sarmiento24h\" \/>\n<meta property=\"article:publisher\" content=\"https:\/\/facebook.com\/s24hnoticias\" \/>\n<meta property=\"article:published_time\" content=\"2026-04-26T15:17:37+00:00\" \/>\n<meta name=\"author\" content=\"sarmiento24h@gmail.com\" \/>\n<meta name=\"twitter:card\" content=\"summary_large_image\" \/>\n<meta name=\"twitter:creator\" content=\"@sarmiento24h\" \/>\n<meta name=\"twitter:site\" content=\"@sarmiento24h\" \/>\n<meta name=\"twitter:label1\" content=\"Escrito por\" \/>\n\t<meta name=\"twitter:data1\" content=\"sarmiento24h@gmail.com\" \/>\n\t<meta name=\"twitter:label2\" content=\"Tiempo de lectura\" \/>\n\t<meta name=\"twitter:data2\" content=\"5 minutos\" \/>\n<script type=\"application\/ld+json\" class=\"yoast-schema-graph\">{\"@context\":\"https:\\\/\\\/schema.org\",\"@graph\":[{\"@type\":\"Article\",\"@id\":\"https:\\\/\\\/sarmiento24h.com\\\/?p=156006#article\",\"isPartOf\":{\"@id\":\"https:\\\/\\\/sarmiento24h.com\\\/?p=156006\"},\"author\":{\"name\":\"sarmiento24h@gmail.com\",\"@id\":\"https:\\\/\\\/sarmiento24h.com\\\/#\\\/schema\\\/person\\\/d653a59725ad629a7e0429af7b939d4d\"},\"headline\":\"Grupo Popular celebra Asamblea General de Accionistas 2026\",\"datePublished\":\"2026-04-26T15:17:37+00:00\",\"mainEntityOfPage\":{\"@id\":\"https:\\\/\\\/sarmiento24h.com\\\/?p=156006\"},\"wordCount\":1079,\"publisher\":{\"@id\":\"https:\\\/\\\/sarmiento24h.com\\\/#organization\"},\"image\":{\"@id\":\"https:\\\/\\\/sarmiento24h.com\\\/?p=156006#primaryimage\"},\"thumbnailUrl\":\"https:\\\/\\\/sarmiento24h.com\\\/wp-content\\\/uploads\\\/2026\\\/04\\\/grupo-popular-celebra-asamblea-general-de-accionistas-2026.jpg\",\"articleSection\":[\"Nacionales\"],\"inLanguage\":\"es\"},{\"@type\":\"WebPage\",\"@id\":\"https:\\\/\\\/sarmiento24h.com\\\/?p=156006\",\"url\":\"https:\\\/\\\/sarmiento24h.com\\\/?p=156006\",\"name\":\"Grupo Popular celebra Asamblea General de Accionistas 2026 - Sarmiento24h\",\"isPartOf\":{\"@id\":\"https:\\\/\\\/sarmiento24h.com\\\/#website\"},\"primaryImageOfPage\":{\"@id\":\"https:\\\/\\\/sarmiento24h.com\\\/?p=156006#primaryimage\"},\"image\":{\"@id\":\"https:\\\/\\\/sarmiento24h.com\\\/?p=156006#primaryimage\"},\"thumbnailUrl\":\"https:\\\/\\\/sarmiento24h.com\\\/wp-content\\\/uploads\\\/2026\\\/04\\\/grupo-popular-celebra-asamblea-general-de-accionistas-2026.jpg\",\"datePublished\":\"2026-04-26T15:17:37+00:00\",\"breadcrumb\":{\"@id\":\"https:\\\/\\\/sarmiento24h.com\\\/?p=156006#breadcrumb\"},\"inLanguage\":\"es\",\"potentialAction\":[{\"@type\":\"ReadAction\",\"target\":[\"https:\\\/\\\/sarmiento24h.com\\\/?p=156006\"]}]},{\"@type\":\"ImageObject\",\"inLanguage\":\"es\",\"@id\":\"https:\\\/\\\/sarmiento24h.com\\\/?p=156006#primaryimage\",\"url\":\"https:\\\/\\\/sarmiento24h.com\\\/wp-content\\\/uploads\\\/2026\\\/04\\\/grupo-popular-celebra-asamblea-general-de-accionistas-2026.jpg\",\"contentUrl\":\"https:\\\/\\\/sarmiento24h.com\\\/wp-content\\\/uploads\\\/2026\\\/04\\\/grupo-popular-celebra-asamblea-general-de-accionistas-2026.jpg\",\"width\":515,\"height\":696},{\"@type\":\"BreadcrumbList\",\"@id\":\"https:\\\/\\\/sarmiento24h.com\\\/?p=156006#breadcrumb\",\"itemListElement\":[{\"@type\":\"ListItem\",\"position\":1,\"name\":\"Home\",\"item\":\"https:\\\/\\\/sarmiento24h.com\\\/\"},{\"@type\":\"ListItem\",\"position\":2,\"name\":\"Grupo Popular celebra Asamblea General de Accionistas 2026\"}]},{\"@type\":\"WebSite\",\"@id\":\"https:\\\/\\\/sarmiento24h.com\\\/#website\",\"url\":\"https:\\\/\\\/sarmiento24h.com\\\/\",\"name\":\"Sarmiento24h\",\"description\":\"\",\"publisher\":{\"@id\":\"https:\\\/\\\/sarmiento24h.com\\\/#organization\"},\"potentialAction\":[{\"@type\":\"SearchAction\",\"target\":{\"@type\":\"EntryPoint\",\"urlTemplate\":\"https:\\\/\\\/sarmiento24h.com\\\/?s={search_term_string}\"},\"query-input\":{\"@type\":\"PropertyValueSpecification\",\"valueRequired\":true,\"valueName\":\"search_term_string\"}}],\"inLanguage\":\"es\"},{\"@type\":\"Organization\",\"@id\":\"https:\\\/\\\/sarmiento24h.com\\\/#organization\",\"name\":\"Sarmiento24h\",\"url\":\"https:\\\/\\\/sarmiento24h.com\\\/\",\"logo\":{\"@type\":\"ImageObject\",\"inLanguage\":\"es\",\"@id\":\"https:\\\/\\\/sarmiento24h.com\\\/#\\\/schema\\\/logo\\\/image\\\/\",\"url\":\"https:\\\/\\\/sarmiento24h.com\\\/wp-content\\\/uploads\\\/2025\\\/12\\\/AddText_12-16-10.30.52.jpg\",\"contentUrl\":\"https:\\\/\\\/sarmiento24h.com\\\/wp-content\\\/uploads\\\/2025\\\/12\\\/AddText_12-16-10.30.52.jpg\",\"width\":1220,\"height\":324,\"caption\":\"Sarmiento24h\"},\"image\":{\"@id\":\"https:\\\/\\\/sarmiento24h.com\\\/#\\\/schema\\\/logo\\\/image\\\/\"},\"sameAs\":[\"https:\\\/\\\/facebook.com\\\/s24hnoticias\",\"https:\\\/\\\/x.com\\\/sarmiento24h\"]},{\"@type\":\"Person\",\"@id\":\"https:\\\/\\\/sarmiento24h.com\\\/#\\\/schema\\\/person\\\/d653a59725ad629a7e0429af7b939d4d\",\"name\":\"sarmiento24h@gmail.com\",\"image\":{\"@type\":\"ImageObject\",\"inLanguage\":\"es\",\"@id\":\"https:\\\/\\\/sarmiento24h.com\\\/wp-content\\\/litespeed\\\/avatar\\\/d02cbc4e23c747e6659cd45907173c8f.jpg?ver=1777157796\",\"url\":\"https:\\\/\\\/sarmiento24h.com\\\/wp-content\\\/litespeed\\\/avatar\\\/d02cbc4e23c747e6659cd45907173c8f.jpg?ver=1777157796\",\"contentUrl\":\"https:\\\/\\\/sarmiento24h.com\\\/wp-content\\\/litespeed\\\/avatar\\\/d02cbc4e23c747e6659cd45907173c8f.jpg?ver=1777157796\",\"caption\":\"sarmiento24h@gmail.com\"},\"sameAs\":[\"https:\\\/\\\/sarmiento24h.com\"],\"url\":\"https:\\\/\\\/sarmiento24h.com\\\/?author=1\"}]}<\/script>\n<!-- \/ Yoast SEO plugin. -->","yoast_head_json":{"title":"Grupo Popular celebra Asamblea General de Accionistas 2026 - Sarmiento24h","robots":{"index":"index","follow":"follow","max-snippet":"max-snippet:-1","max-image-preview":"max-image-preview:large","max-video-preview":"max-video-preview:-1"},"canonical":"https:\/\/sarmiento24h.com\/?p=156006","og_locale":"es_ES","og_type":"article","og_title":"Grupo Popular celebra Asamblea General de Accionistas 2026 - Sarmiento24h","og_description":"Santo Domingo,&nbsp;R.D. \u2013 El Grupo Popular, S.&#46;&#46;&#46;","og_url":"https:\/\/sarmiento24h.com\/?p=156006","og_site_name":"Sarmiento24h","article_publisher":"https:\/\/facebook.com\/s24hnoticias","article_published_time":"2026-04-26T15:17:37+00:00","author":"sarmiento24h@gmail.com","twitter_card":"summary_large_image","twitter_creator":"@sarmiento24h","twitter_site":"@sarmiento24h","twitter_misc":{"Escrito por":"sarmiento24h@gmail.com","Tiempo de lectura":"5 minutos"},"schema":{"@context":"https:\/\/schema.org","@graph":[{"@type":"Article","@id":"https:\/\/sarmiento24h.com\/?p=156006#article","isPartOf":{"@id":"https:\/\/sarmiento24h.com\/?p=156006"},"author":{"name":"sarmiento24h@gmail.com","@id":"https:\/\/sarmiento24h.com\/#\/schema\/person\/d653a59725ad629a7e0429af7b939d4d"},"headline":"Grupo Popular celebra Asamblea General de Accionistas 2026","datePublished":"2026-04-26T15:17:37+00:00","mainEntityOfPage":{"@id":"https:\/\/sarmiento24h.com\/?p=156006"},"wordCount":1079,"publisher":{"@id":"https:\/\/sarmiento24h.com\/#organization"},"image":{"@id":"https:\/\/sarmiento24h.com\/?p=156006#primaryimage"},"thumbnailUrl":"https:\/\/sarmiento24h.com\/wp-content\/uploads\/2026\/04\/grupo-popular-celebra-asamblea-general-de-accionistas-2026.jpg","articleSection":["Nacionales"],"inLanguage":"es"},{"@type":"WebPage","@id":"https:\/\/sarmiento24h.com\/?p=156006","url":"https:\/\/sarmiento24h.com\/?p=156006","name":"Grupo Popular celebra Asamblea General de Accionistas 2026 - Sarmiento24h","isPartOf":{"@id":"https:\/\/sarmiento24h.com\/#website"},"primaryImageOfPage":{"@id":"https:\/\/sarmiento24h.com\/?p=156006#primaryimage"},"image":{"@id":"https:\/\/sarmiento24h.com\/?p=156006#primaryimage"},"thumbnailUrl":"https:\/\/sarmiento24h.com\/wp-content\/uploads\/2026\/04\/grupo-popular-celebra-asamblea-general-de-accionistas-2026.jpg","datePublished":"2026-04-26T15:17:37+00:00","breadcrumb":{"@id":"https:\/\/sarmiento24h.com\/?p=156006#breadcrumb"},"inLanguage":"es","potentialAction":[{"@type":"ReadAction","target":["https:\/\/sarmiento24h.com\/?p=156006"]}]},{"@type":"ImageObject","inLanguage":"es","@id":"https:\/\/sarmiento24h.com\/?p=156006#primaryimage","url":"https:\/\/sarmiento24h.com\/wp-content\/uploads\/2026\/04\/grupo-popular-celebra-asamblea-general-de-accionistas-2026.jpg","contentUrl":"https:\/\/sarmiento24h.com\/wp-content\/uploads\/2026\/04\/grupo-popular-celebra-asamblea-general-de-accionistas-2026.jpg","width":515,"height":696},{"@type":"BreadcrumbList","@id":"https:\/\/sarmiento24h.com\/?p=156006#breadcrumb","itemListElement":[{"@type":"ListItem","position":1,"name":"Home","item":"https:\/\/sarmiento24h.com\/"},{"@type":"ListItem","position":2,"name":"Grupo Popular celebra Asamblea General de Accionistas 2026"}]},{"@type":"WebSite","@id":"https:\/\/sarmiento24h.com\/#website","url":"https:\/\/sarmiento24h.com\/","name":"Sarmiento24h","description":"","publisher":{"@id":"https:\/\/sarmiento24h.com\/#organization"},"potentialAction":[{"@type":"SearchAction","target":{"@type":"EntryPoint","urlTemplate":"https:\/\/sarmiento24h.com\/?s={search_term_string}"},"query-input":{"@type":"PropertyValueSpecification","valueRequired":true,"valueName":"search_term_string"}}],"inLanguage":"es"},{"@type":"Organization","@id":"https:\/\/sarmiento24h.com\/#organization","name":"Sarmiento24h","url":"https:\/\/sarmiento24h.com\/","logo":{"@type":"ImageObject","inLanguage":"es","@id":"https:\/\/sarmiento24h.com\/#\/schema\/logo\/image\/","url":"https:\/\/sarmiento24h.com\/wp-content\/uploads\/2025\/12\/AddText_12-16-10.30.52.jpg","contentUrl":"https:\/\/sarmiento24h.com\/wp-content\/uploads\/2025\/12\/AddText_12-16-10.30.52.jpg","width":1220,"height":324,"caption":"Sarmiento24h"},"image":{"@id":"https:\/\/sarmiento24h.com\/#\/schema\/logo\/image\/"},"sameAs":["https:\/\/facebook.com\/s24hnoticias","https:\/\/x.com\/sarmiento24h"]},{"@type":"Person","@id":"https:\/\/sarmiento24h.com\/#\/schema\/person\/d653a59725ad629a7e0429af7b939d4d","name":"sarmiento24h@gmail.com","image":{"@type":"ImageObject","inLanguage":"es","@id":"https:\/\/sarmiento24h.com\/wp-content\/litespeed\/avatar\/d02cbc4e23c747e6659cd45907173c8f.jpg?ver=1777157796","url":"https:\/\/sarmiento24h.com\/wp-content\/litespeed\/avatar\/d02cbc4e23c747e6659cd45907173c8f.jpg?ver=1777157796","contentUrl":"https:\/\/sarmiento24h.com\/wp-content\/litespeed\/avatar\/d02cbc4e23c747e6659cd45907173c8f.jpg?ver=1777157796","caption":"sarmiento24h@gmail.com"},"sameAs":["https:\/\/sarmiento24h.com"],"url":"https:\/\/sarmiento24h.com\/?author=1"}]}},"jetpack_publicize_connections":[],"jetpack_featured_media_url":"https:\/\/sarmiento24h.com\/wp-content\/uploads\/2026\/04\/grupo-popular-celebra-asamblea-general-de-accionistas-2026.jpg","jetpack_sharing_enabled":true,"_links":{"self":[{"href":"https:\/\/sarmiento24h.com\/index.php?rest_route=\/wp\/v2\/posts\/156006","targetHints":{"allow":["GET"]}}],"collection":[{"href":"https:\/\/sarmiento24h.com\/index.php?rest_route=\/wp\/v2\/posts"}],"about":[{"href":"https:\/\/sarmiento24h.com\/index.php?rest_route=\/wp\/v2\/types\/post"}],"author":[{"embeddable":true,"href":"https:\/\/sarmiento24h.com\/index.php?rest_route=\/wp\/v2\/users\/1"}],"replies":[{"embeddable":true,"href":"https:\/\/sarmiento24h.com\/index.php?rest_route=%2Fwp%2Fv2%2Fcomments&post=156006"}],"version-history":[{"count":0,"href":"https:\/\/sarmiento24h.com\/index.php?rest_route=\/wp\/v2\/posts\/156006\/revisions"}],"wp:featuredmedia":[{"embeddable":true,"href":"https:\/\/sarmiento24h.com\/index.php?rest_route=\/wp\/v2\/media\/156007"}],"wp:attachment":[{"href":"https:\/\/sarmiento24h.com\/index.php?rest_route=%2Fwp%2Fv2%2Fmedia&parent=156006"}],"wp:term":[{"taxonomy":"category","embeddable":true,"href":"https:\/\/sarmiento24h.com\/index.php?rest_route=%2Fwp%2Fv2%2Fcategories&post=156006"},{"taxonomy":"post_tag","embeddable":true,"href":"https:\/\/sarmiento24h.com\/index.php?rest_route=%2Fwp%2Fv2%2Ftags&post=156006"}],"curies":[{"name":"wp","href":"https:\/\/api.w.org\/{rel}","templated":true}]}}