{"id":156159,"date":"2026-04-26T16:28:25","date_gmt":"2026-04-26T16:28:25","guid":{"rendered":"http:\/\/938ce4ee-411e-11f1-b0c9-8bdd31805773"},"modified":"2026-04-26T16:28:25","modified_gmt":"2026-04-26T16:28:25","slug":"colombia-una-ola-de-violencia-marca-la-recta-final-hacia-las-elecciones-presidenciales","status":"publish","type":"post","link":"https:\/\/sarmiento24h.com\/?p=156159","title":{"rendered":"Colombia: una ola de violencia marca la recta final hacia las elecciones presidenciales"},"content":{"rendered":"<div><img decoding=\"async\" src=\"https:\/\/s.france24.com\/media\/display\/0ff7d600-417a-11f1-9327-005056bfb2b6\/w:1280\/p:16x9\/2026-04-26T133606Z-1665061850-RC20XKAETLFZ-RTRMADP-3-COLOMBIA-VIOLENCE.jpg\" class=\"ff-og-image-inserted\"><\/div>\n<p><a href=\"https:\/\/www.france24.com\/es\/tag\/colombia\/\" target=\"_self\" class=\"gtm-add-suggested-tag\">Colombia<\/a>&nbsp; enfrenta un repunte de la <a href=\"https:\/\/www.france24.com\/es\/tag\/violencia\/\" target=\"_self\" class=\"gtm-add-suggested-tag\">violencia<\/a> y el auge de ataques contra civiles y militares en un momento crucial para el pa\u00eds, que celebrar\u00e1 el pr\u00f3ximo 31 de mayo elecciones presidenciales.<\/p>\n<p>El s\u00e1bado 25 de abril, un <a href=\"https:\/\/www.france24.com\/es\/tag\/ataque\/\" target=\"_self\" class=\"gtm-add-suggested-tag\">ataque<\/a> perpetrado en la v\u00eda Panamericana mat\u00f3 a 19 personas, seg\u00fan la m\u00e1s reciente informaci\u00f3n del domingo. Incialmente el s\u00e1bado se contabilizaban 14 muertos. Seg\u00fan el <a href=\"https:\/\/www.france24.com\/es\/tag\/ej\u00e9rcito\/\" target=\"_self\" class=\"gtm-add-suggested-tag\">Ej\u00e9rcito<\/a>, un cilindro cargado con explosivos fue lanzado por guerrilleros y deton\u00f3 en plena carretera, en una zona conocida como El T\u00fanel, en el municipio de Cajib\u00edo, a casi 35 kil\u00f3metros de la ciudad de Popay\u00e1n, capital del departamento del Cauca.<\/p>\n<p>La explosi\u00f3n y su impacto<strong> mataron a los pasajeros de un autob\u00fas, caus\u00f3 da\u00f1os a otros 15 veh\u00edculos que recorr\u00edan la v\u00eda y provoc\u00f3 un enorme cr\u00e1ter en el pavimento, <\/strong>seg\u00fan las primeras im\u00e1genes y videos difundidos por testigos y &nbsp;autoridades locales.<\/p>\n<p>En otro incidente,<strong> hombres armados atacaron este s\u00e1bado el radar ubicado en el Cerro Santana, en la localidad colombiana de El Tambo<\/strong>, del departamento del Cauca (suroeste), usado para controlar el tr\u00e1fico a\u00e9reo en esa regi\u00f3n del pa\u00eds.<\/p>\n<p>El d\u00eda anterior, ocurrieron<strong> dos ataques contra instalaciones militares en <a href=\"https:\/\/www.france24.com\/es\/tag\/cali\/\" target=\"_self\" class=\"gtm-add-suggested-tag\">Cali<\/a> y Palmira, en el Valle del Cauca. <\/strong>Un veh\u00edculo cargado con explosivos estall\u00f3 cerca del Batall\u00f3n Pichincha, una unidad militar que tambi\u00e9n alberga la sede de la Tercera Brigada del <a href=\"https:\/\/www.france24.com\/es\/tag\/ej\u00e9rcito\/\" target=\"_self\" class=\"gtm-add-suggested-tag\">Ej\u00e9rcito<\/a>, y el Batall\u00f3n de Ingenieros Agust\u00edn Codazzi, en Palmira. Ataques que, en ambos casos, no causaron v\u00edctimas<\/p>\n<p>El Estado colombiano atribuye esta <a href=\"https:\/\/www.france24.com\/es\/tag\/violencia\/\" target=\"_self\" class=\"gtm-add-suggested-tag\">violencia<\/a> a grupos armados ilegales y disidencias del grupo guerrillero FARC y las milicias del Ej\u00e9rcito de Liberaci\u00f3n Nacional (ELN).<\/p>\n<p>Las autoridades atribuyeron los ataques en <a href=\"https:\/\/www.france24.com\/es\/tag\/cali\/\" target=\"_self\" class=\"gtm-add-suggested-tag\">Cali<\/a> y Palmira a la columna \u2018Jaime Mart\u00ednez\u2019, que hace parte del Estado Mayor Central (EMC), la principal disidencia de las <a href=\"https:\/\/www.france24.com\/es\/tag\/farc\/\" target=\"_self\" class=\"gtm-add-suggested-tag\">FARC<\/a>, dirigida por alias Iv\u00e1n Mordisco, el hombre m\u00e1s buscado de <a href=\"https:\/\/www.france24.com\/es\/tag\/colombia\/\" target=\"_self\" class=\"gtm-add-suggested-tag\">Colombia<\/a>.<\/p>\n<p>El gobernador del Cauca, Octavio Guzm\u00e1n \u2014que vincul\u00f3 el <a href=\"https:\/\/www.france24.com\/es\/tag\/ataque\/\" target=\"_self\" class=\"gtm-add-suggested-tag\">ataque<\/a> del s\u00e1bado en la Panamericana a una \u00ab<a href=\"https:\/\/www.france24.com\/es\/tag\/escalada\/\" target=\"_self\" class=\"gtm-add-suggested-tag\">escalada<\/a> terrorista\u00bb\u2014 declar\u00f3 que el <a href=\"https:\/\/www.france24.com\/es\/tag\/ataque\/\" target=\"_self\" class=\"gtm-add-suggested-tag\">ataque<\/a> fue uno de varios actos perpetrados en el departamento durante el s\u00e1bado en otros sectores: El Tambo, Caloto, Popay\u00e1n, Guachen\u00e9, Mercaderes y Miranda.&nbsp;<\/p>\n<div id=\"em-WBMZ386747-F24-ES-20260426\" class=\"m-em-flash\" data-xtwitter-script><figcaption class=\"a-figcaption\"> <\/figcaption><div class=\"o-em-consent \" readability=\"7\">\n<div class=\"o-em-consent__content\" readability=\"34\">\n<p class=\"o-em-consent__content__text\">Para mostrar este contenido de X (Twitter), debe autorizar las cookies de medici\u00f3n de audiencia y publicidad.<\/p>\n<p> <button class=\"a-master-button a-master-button--dark\" data-action=\"accept\"> Aceptar <svg class=\"a-svg a-svg--icon-check\"> <use xlink:href=\"\/build\/images\/svg\/sprite.c98bf387c90bc4a87186b0b783f15ba0.svg#icon-check\" href=\"\/build\/images\/svg\/sprite.c98bf387c90bc4a87186b0b783f15ba0.svg#icon-check\" \/> <\/svg> <\/button> <button class=\"a-link\" data-action=\"manage\">Gestionar mis opciones<i class=\"a-svg a-svg--icon-edit\"><\/i><\/button> <\/div>\n<\/div>\n<\/div>\n<p>\u201cNos enfrentamos a una <a href=\"https:\/\/www.france24.com\/es\/tag\/escalada\/\" target=\"_self\" class=\"gtm-add-suggested-tag\">escalada<\/a> terrorista que exige respuestas inmediatas. Exigimos acciones contundentes, sostenidas y efectivas del gobierno nacional ante la grave crisis de orden p\u00fablico que estamos viviendo\u2026 Esto es una ofensiva directa contra la vida, contra un pueblo indefenso. No vamos a permitir que los violentos sigan imponiendo el miedo y desafiando al Estado\u201d, escribi\u00f3 en un mensaje difundido en la red social X.<\/p>\n<p>A esta declaraci\u00f3n sigui\u00f3 tambi\u00e9n la del Comandante General de las Fuerzas Militares, general Hugo Alejandro L\u00f3pez Barreto, para quien el repunte de la <a href=\"https:\/\/www.france24.com\/es\/tag\/violencia\/\" target=\"_self\" class=\"gtm-add-suggested-tag\">violencia<\/a> en el pa\u00eds es consecuencia directa de la acci\u00f3n del Estado contra los grupos ilegales y milicias, que se multiplicaron tras la firma del acuerdo de paz con las FARC y mantienen una constante guerra por el control de territorios y v\u00edas de tr\u00e1nsito de droga.<\/p>\n<p>\u201cEvidentemente, estos actos de terrorismo son una reacci\u00f3n directa a la contundencia de nuestras operaciones militares. La presi\u00f3n sostenida que venimos ejerciendo ha afectado de manera significativa sus econom\u00edas il\u00edcitas, especialmente el <a href=\"https:\/\/www.france24.com\/es\/tag\/narcotr\u00e1fico\/\" target=\"_self\" class=\"gtm-add-suggested-tag\">narcotr\u00e1fico<\/a>, as\u00ed como su accionar delictivo\u201d, afirm\u00f3 en una conferencia de prensa el s\u00e1bado, que fue tambi\u00e9n difundida en X.<\/p>\n<div id=\"em-WBMZ386749-F24-ES-20260426\" class=\"m-em-flash\" data-xtwitter-script><figcaption class=\"a-figcaption\"> <\/figcaption><div class=\"o-em-consent \" readability=\"7\">\n<div class=\"o-em-consent__content\" readability=\"34\">\n<p class=\"o-em-consent__content__text\">Para mostrar este contenido de X (Twitter), debe autorizar las cookies de medici\u00f3n de audiencia y publicidad.<\/p>\n<p> <button class=\"a-master-button a-master-button--dark\" data-action=\"accept\"> Aceptar <svg class=\"a-svg a-svg--icon-check\"> <use xlink:href=\"\/build\/images\/svg\/sprite.c98bf387c90bc4a87186b0b783f15ba0.svg#icon-check\" href=\"\/build\/images\/svg\/sprite.c98bf387c90bc4a87186b0b783f15ba0.svg#icon-check\" \/> <\/svg> <\/button> <button class=\"a-link\" data-action=\"manage\">Gestionar mis opciones<i class=\"a-svg a-svg--icon-edit\"><\/i><\/button> <\/div>\n<\/div>\n<\/div>\n<p>L\u00f3pez Barreto tambi\u00e9n afirm\u00f3 que hab\u00eda ordenado el despliegue inmediato de unidades y operaciones militares conjuntas \u201ccon el prop\u00f3sito de restablecer el control militar territorial y proteger a la poblaci\u00f3n\u201d.<\/p>\n<p>En el departamento del Cauca operan distintos grupos armados ilegales, entre ellos varios frentes de disidencias de las <a href=\"https:\/\/www.france24.com\/es\/tag\/farc\/\" target=\"_self\" class=\"gtm-add-suggested-tag\">FARC<\/a> y la guerrilla del <a href=\"https:\/\/www.france24.com\/es\/tag\/ej\u00e9rcito\/\" target=\"_self\" class=\"gtm-add-suggested-tag\">Ej\u00e9rcito<\/a> de Liberaci\u00f3n Nacional (ELN), as\u00ed como bandas de narcotraficantes que se disputan zonas estrat\u00e9gicas de esa regi\u00f3n que es una importante salida al oc\u00e9ano Pac\u00edfico para el tr\u00e1fico de <a href=\"https:\/\/www.france24.com\/es\/tag\/drogas\/\" target=\"_self\" class=\"gtm-add-suggested-tag\">drogas<\/a>.<\/p>\n<h2><strong>Terrorismo, violencia y responsabilidades&nbsp;<\/strong><\/h2>\n<p>El presidente <a href=\"https:\/\/www.france24.com\/es\/tag\/gustavo-petro\/\" target=\"_self\" class=\"gtm-add-suggested-tag\">Gustavo Petro<\/a> tild\u00f3 de \u00abterroristas, fascistas y narcotraficantes\u00bb a los responsables del <a href=\"https:\/\/www.france24.com\/es\/tag\/ataque\/\" target=\"_self\" class=\"gtm-add-suggested-tag\">ataque<\/a> en la v\u00eda Panamericana, a la altura del municipio de Cajib\u00edo, Cauca. El mandatario \u2014el primero de izquierdas en el pa\u00eds y que acabar\u00e1 su mandato en agosto\u2014 asegur\u00f3 que los grupos buscan sembrar \u201cel miedo &nbsp;en la poblaci\u00f3n a trav\u00e9s de la <a href=\"https:\/\/www.france24.com\/es\/tag\/violencia\/\" target=\"_self\" class=\"gtm-add-suggested-tag\">violencia<\/a>\u00bb y sostuvo que ese temor es utilizado tanto por el <a href=\"https:\/\/www.france24.com\/es\/tag\/narcotr\u00e1fico\/\" target=\"_self\" class=\"gtm-add-suggested-tag\">narcotr\u00e1fico<\/a> como por sectores extremistas para ejercer control territorial y pol\u00edtico.<\/p>\n<p>\u00abLos que atentaron y mataron a siete civiles e hirieron a 17 civiles m\u00e1s en Cajib\u00edo (&#8230;) son terroristas, fascistas y narcotraficantes\u00bb, escribi\u00f3 el mandatario en su cuenta de X, en la que responsabiliz\u00f3 del <a href=\"https:\/\/www.france24.com\/es\/tag\/ataque\/\" target=\"_self\" class=\"gtm-add-suggested-tag\">ataque<\/a> a grupos armados bajo el mando de alias Marlon,&nbsp;figura central de las disidencias de las FARC&nbsp;y apodado el \u201camo de Jamund\u00ed\u201d, por su dominio sobre la estructura Jaime Mart\u00ednez.&nbsp;<\/p>\n<p>Petro, quien en su juventud milit\u00f3 en el movimiento guerrillero urbano M-19, impuls\u00f3 una pol\u00edtica de &#8216;paz total&#8217; mediante negociaciones y ceses del fuego con distintos grupos armados, entre ellos guerrillas, bandas criminales y carteles del <a href=\"https:\/\/www.france24.com\/es\/tag\/narcotr\u00e1fico\/\" target=\"_self\" class=\"gtm-add-suggested-tag\">narcotr\u00e1fico<\/a>.&nbsp;<\/p>\n<p>Sin embargo, diversos sectores de la oposici\u00f3n y analistas de seguridad cuestionan la efectividad de esta pol\u00edtica ante la persistencia de las acciones armadas en regiones como el Cauca.<\/p>\n<div id=\"em-WBMZ386753-F24-ES-20260426\" class=\"m-em-flash\" data-xtwitter-script><figcaption class=\"a-figcaption\"> <\/figcaption><div class=\"o-em-consent \" readability=\"7\">\n<div class=\"o-em-consent__content\" readability=\"34\">\n<p class=\"o-em-consent__content__text\">Para mostrar este contenido de X (Twitter), debe autorizar las cookies de medici\u00f3n de audiencia y publicidad.<\/p>\n<p> <button class=\"a-master-button a-master-button--dark\" data-action=\"accept\"> Aceptar <svg class=\"a-svg a-svg--icon-check\"> <use xlink:href=\"\/build\/images\/svg\/sprite.c98bf387c90bc4a87186b0b783f15ba0.svg#icon-check\" href=\"\/build\/images\/svg\/sprite.c98bf387c90bc4a87186b0b783f15ba0.svg#icon-check\" \/> <\/svg> <\/button> <button class=\"a-link\" data-action=\"manage\">Gestionar mis opciones<i class=\"a-svg a-svg--icon-edit\"><\/i><\/button> <\/div>\n<\/div>\n<\/div>\n<p>La candidata presidencial <a href=\"https:\/\/www.france24.com\/es\/tag\/paloma-valencia\/\" target=\"_self\" class=\"gtm-add-suggested-tag\">Paloma Valencia<\/a>, miembro del partido de oposici\u00f3n de derecha <a href=\"https:\/\/www.france24.com\/es\/tag\/centro-democr\u00e1tico\/\" target=\"_self\" class=\"gtm-add-suggested-tag\">Centro Democr\u00e1tico<\/a> y originaria del Cauca, calific\u00f3 de \u00abterrorismo\u00bb el ataque perpetrado por la facci\u00f3n disidente FARC, que rechaz\u00f3 el acuerdo de paz en 2016 firmado con el presidente <a href=\"https:\/\/www.france24.com\/es\/tag\/juan-manuel-santos\/\" target=\"_self\" class=\"gtm-add-suggested-tag\">Juan Manuel Santos<\/a>.&nbsp;<\/p>\n<p>\u00abEl gobierno del presidente Gustavo Petro no puede seguir minimizando la violencia ni desmantelando el Estado\u00bb, declar\u00f3. \u00abExigimos medidas inmediatas, pleno respaldo a nuestras <a href=\"https:\/\/www.france24.com\/es\/tag\/fuerzas-armadas\/\" target=\"_self\" class=\"gtm-add-suggested-tag\">Fuerzas Armadas<\/a> y a la polic\u00eda, y resultados concretos\u00bb.<\/p>\n<p>No es la primera vez que la violencia aumenta en \u00e9poca de elecciones en <a href=\"https:\/\/www.france24.com\/es\/tag\/colombia\/\" target=\"_self\" class=\"gtm-add-suggested-tag\">Colombia<\/a>. De hecho,<strong> las elecciones presidenciales y legislativas de 2022 fueron las m\u00e1s violentas en Colombia en los \u00faltimos 12 a\u00f1os, registrando un aumento del 109% <\/strong>en hechos de <a href=\"https:\/\/www.france24.com\/es\/tag\/violencia\/\" target=\"_self\" class=\"gtm-add-suggested-tag\">violencia<\/a> en comparaci\u00f3n con 2018, seg\u00fan la Misi\u00f3n de Observaci\u00f3n Electoral.<\/p>\n<p>En aquel entonces, el deterioro de la seguridad se atribu\u00eda a la consolidaci\u00f3n de m\u00faltiples grupos armados que ocuparon los vac\u00edos de poder tras el proceso de paz con las <a href=\"https:\/\/www.france24.com\/es\/tag\/farc\/\" target=\"_self\" class=\"gtm-add-suggested-tag\">FARC<\/a>, siendo Los Urabe\u00f1os y el ELN los principales responsables de acciones violentas en departamentos estrat\u00e9gicos como Cauca, Nari\u00f1o y <a href=\"https:\/\/www.france24.com\/es\/tag\/choc\u00f3\/\" target=\"_self\" class=\"gtm-add-suggested-tag\">Choc\u00f3<\/a>; mientras las disidencias de las FARC se enfocaron primordialmente en el control de las rutas del <a href=\"https:\/\/www.france24.com\/es\/tag\/narcotr\u00e1fico\/\" target=\"_self\" class=\"gtm-add-suggested-tag\">narcotr\u00e1fico<\/a>, seg\u00fan informaron en su momento la Defensor\u00eda del Pueblo e InSight Crime.&nbsp;<\/p>\n<p>Con Reuters, AP, AFP, EFE y medios locales<\/p>\n","protected":false},"excerpt":{"rendered":"<p>Colombia&nbsp; enfrenta un repunte de la violencia&#46;&#46;&#46;<\/p>\n","protected":false},"author":1,"featured_media":156160,"comment_status":"closed","ping_status":"closed","sticky":false,"template":"","format":"standard","meta":{"_jetpack_memberships_contains_paid_content":false,"footnotes":"","jetpack_publicize_message":"","jetpack_publicize_feature_enabled":true,"jetpack_social_post_already_shared":true,"jetpack_social_options":{"image_generator_settings":{"template":"highway","default_image_id":0,"font":"","enabled":false},"version":2}},"categories":[43],"tags":[],"class_list":["post-156159","post","type-post","status-publish","format-standard","has-post-thumbnail","hentry","category-internacionales"],"yoast_head":"<!-- This site is optimized with the Yoast SEO plugin v27.3 - https:\/\/yoast.com\/product\/yoast-seo-wordpress\/ -->\n<title>Colombia: una ola de violencia marca la recta final hacia las elecciones presidenciales - Sarmiento24h<\/title>\n<meta name=\"robots\" content=\"index, follow, max-snippet:-1, max-image-preview:large, max-video-preview:-1\" \/>\n<link rel=\"canonical\" href=\"https:\/\/sarmiento24h.com\/?p=156159\" \/>\n<meta property=\"og:locale\" content=\"es_ES\" \/>\n<meta property=\"og:type\" content=\"article\" \/>\n<meta property=\"og:title\" content=\"Colombia: una ola de violencia marca la recta final hacia las elecciones presidenciales - Sarmiento24h\" \/>\n<meta property=\"og:description\" content=\"Colombia&nbsp; enfrenta un repunte de la violencia&#046;&#046;&#046;\" \/>\n<meta property=\"og:url\" content=\"https:\/\/sarmiento24h.com\/?p=156159\" \/>\n<meta property=\"og:site_name\" content=\"Sarmiento24h\" \/>\n<meta property=\"article:publisher\" content=\"https:\/\/facebook.com\/s24hnoticias\" \/>\n<meta property=\"article:published_time\" content=\"2026-04-26T16:28:25+00:00\" \/>\n<meta property=\"og:image\" content=\"https:\/\/s.france24.com\/media\/display\/0ff7d600-417a-11f1-9327-005056bfb2b6\/w:1280\/p:16x9\/2026-04-26T133606Z-1665061850-RC20XKAETLFZ-RTRMADP-3-COLOMBIA-VIOLENCE.jpg\" \/>\n<meta name=\"author\" content=\"sarmiento24h@gmail.com\" \/>\n<meta name=\"twitter:card\" content=\"summary_large_image\" \/>\n<meta name=\"twitter:creator\" content=\"@sarmiento24h\" \/>\n<meta name=\"twitter:site\" content=\"@sarmiento24h\" \/>\n<meta name=\"twitter:label1\" content=\"Escrito por\" \/>\n\t<meta name=\"twitter:data1\" content=\"sarmiento24h@gmail.com\" \/>\n\t<meta name=\"twitter:label2\" content=\"Tiempo de lectura\" \/>\n\t<meta name=\"twitter:data2\" content=\"6 minutos\" \/>\n<script type=\"application\/ld+json\" class=\"yoast-schema-graph\">{\"@context\":\"https:\\\/\\\/schema.org\",\"@graph\":[{\"@type\":\"Article\",\"@id\":\"https:\\\/\\\/sarmiento24h.com\\\/?p=156159#article\",\"isPartOf\":{\"@id\":\"https:\\\/\\\/sarmiento24h.com\\\/?p=156159\"},\"author\":{\"name\":\"sarmiento24h@gmail.com\",\"@id\":\"https:\\\/\\\/sarmiento24h.com\\\/#\\\/schema\\\/person\\\/d653a59725ad629a7e0429af7b939d4d\"},\"headline\":\"Colombia: una ola de violencia marca la recta final hacia las elecciones presidenciales\",\"datePublished\":\"2026-04-26T16:28:25+00:00\",\"mainEntityOfPage\":{\"@id\":\"https:\\\/\\\/sarmiento24h.com\\\/?p=156159\"},\"wordCount\":1246,\"publisher\":{\"@id\":\"https:\\\/\\\/sarmiento24h.com\\\/#organization\"},\"image\":{\"@id\":\"https:\\\/\\\/sarmiento24h.com\\\/?p=156159#primaryimage\"},\"thumbnailUrl\":\"https:\\\/\\\/sarmiento24h.com\\\/wp-content\\\/uploads\\\/2026\\\/04\\\/colombia-una-ola-de-violencia-marca-la-recta-final-hacia-las-elecciones-presidenciales.jpg\",\"articleSection\":[\"Internacionales\"],\"inLanguage\":\"es\"},{\"@type\":\"WebPage\",\"@id\":\"https:\\\/\\\/sarmiento24h.com\\\/?p=156159\",\"url\":\"https:\\\/\\\/sarmiento24h.com\\\/?p=156159\",\"name\":\"Colombia: una ola de violencia marca la recta final hacia las elecciones presidenciales - Sarmiento24h\",\"isPartOf\":{\"@id\":\"https:\\\/\\\/sarmiento24h.com\\\/#website\"},\"primaryImageOfPage\":{\"@id\":\"https:\\\/\\\/sarmiento24h.com\\\/?p=156159#primaryimage\"},\"image\":{\"@id\":\"https:\\\/\\\/sarmiento24h.com\\\/?p=156159#primaryimage\"},\"thumbnailUrl\":\"https:\\\/\\\/sarmiento24h.com\\\/wp-content\\\/uploads\\\/2026\\\/04\\\/colombia-una-ola-de-violencia-marca-la-recta-final-hacia-las-elecciones-presidenciales.jpg\",\"datePublished\":\"2026-04-26T16:28:25+00:00\",\"breadcrumb\":{\"@id\":\"https:\\\/\\\/sarmiento24h.com\\\/?p=156159#breadcrumb\"},\"inLanguage\":\"es\",\"potentialAction\":[{\"@type\":\"ReadAction\",\"target\":[\"https:\\\/\\\/sarmiento24h.com\\\/?p=156159\"]}]},{\"@type\":\"ImageObject\",\"inLanguage\":\"es\",\"@id\":\"https:\\\/\\\/sarmiento24h.com\\\/?p=156159#primaryimage\",\"url\":\"https:\\\/\\\/sarmiento24h.com\\\/wp-content\\\/uploads\\\/2026\\\/04\\\/colombia-una-ola-de-violencia-marca-la-recta-final-hacia-las-elecciones-presidenciales.jpg\",\"contentUrl\":\"https:\\\/\\\/sarmiento24h.com\\\/wp-content\\\/uploads\\\/2026\\\/04\\\/colombia-una-ola-de-violencia-marca-la-recta-final-hacia-las-elecciones-presidenciales.jpg\",\"width\":1280,\"height\":720},{\"@type\":\"BreadcrumbList\",\"@id\":\"https:\\\/\\\/sarmiento24h.com\\\/?p=156159#breadcrumb\",\"itemListElement\":[{\"@type\":\"ListItem\",\"position\":1,\"name\":\"Home\",\"item\":\"https:\\\/\\\/sarmiento24h.com\\\/\"},{\"@type\":\"ListItem\",\"position\":2,\"name\":\"Colombia: una ola de violencia marca la recta final hacia las elecciones presidenciales\"}]},{\"@type\":\"WebSite\",\"@id\":\"https:\\\/\\\/sarmiento24h.com\\\/#website\",\"url\":\"https:\\\/\\\/sarmiento24h.com\\\/\",\"name\":\"Sarmiento24h\",\"description\":\"\",\"publisher\":{\"@id\":\"https:\\\/\\\/sarmiento24h.com\\\/#organization\"},\"potentialAction\":[{\"@type\":\"SearchAction\",\"target\":{\"@type\":\"EntryPoint\",\"urlTemplate\":\"https:\\\/\\\/sarmiento24h.com\\\/?s={search_term_string}\"},\"query-input\":{\"@type\":\"PropertyValueSpecification\",\"valueRequired\":true,\"valueName\":\"search_term_string\"}}],\"inLanguage\":\"es\"},{\"@type\":\"Organization\",\"@id\":\"https:\\\/\\\/sarmiento24h.com\\\/#organization\",\"name\":\"Sarmiento24h\",\"url\":\"https:\\\/\\\/sarmiento24h.com\\\/\",\"logo\":{\"@type\":\"ImageObject\",\"inLanguage\":\"es\",\"@id\":\"https:\\\/\\\/sarmiento24h.com\\\/#\\\/schema\\\/logo\\\/image\\\/\",\"url\":\"https:\\\/\\\/sarmiento24h.com\\\/wp-content\\\/uploads\\\/2025\\\/12\\\/AddText_12-16-10.30.52.jpg\",\"contentUrl\":\"https:\\\/\\\/sarmiento24h.com\\\/wp-content\\\/uploads\\\/2025\\\/12\\\/AddText_12-16-10.30.52.jpg\",\"width\":1220,\"height\":324,\"caption\":\"Sarmiento24h\"},\"image\":{\"@id\":\"https:\\\/\\\/sarmiento24h.com\\\/#\\\/schema\\\/logo\\\/image\\\/\"},\"sameAs\":[\"https:\\\/\\\/facebook.com\\\/s24hnoticias\",\"https:\\\/\\\/x.com\\\/sarmiento24h\"]},{\"@type\":\"Person\",\"@id\":\"https:\\\/\\\/sarmiento24h.com\\\/#\\\/schema\\\/person\\\/d653a59725ad629a7e0429af7b939d4d\",\"name\":\"sarmiento24h@gmail.com\",\"image\":{\"@type\":\"ImageObject\",\"inLanguage\":\"es\",\"@id\":\"https:\\\/\\\/sarmiento24h.com\\\/wp-content\\\/litespeed\\\/avatar\\\/d02cbc4e23c747e6659cd45907173c8f.jpg?ver=1777157796\",\"url\":\"https:\\\/\\\/sarmiento24h.com\\\/wp-content\\\/litespeed\\\/avatar\\\/d02cbc4e23c747e6659cd45907173c8f.jpg?ver=1777157796\",\"contentUrl\":\"https:\\\/\\\/sarmiento24h.com\\\/wp-content\\\/litespeed\\\/avatar\\\/d02cbc4e23c747e6659cd45907173c8f.jpg?ver=1777157796\",\"caption\":\"sarmiento24h@gmail.com\"},\"sameAs\":[\"https:\\\/\\\/sarmiento24h.com\"],\"url\":\"https:\\\/\\\/sarmiento24h.com\\\/?author=1\"}]}<\/script>\n<!-- \/ Yoast SEO plugin. -->","yoast_head_json":{"title":"Colombia: una ola de violencia marca la recta final hacia las elecciones presidenciales - Sarmiento24h","robots":{"index":"index","follow":"follow","max-snippet":"max-snippet:-1","max-image-preview":"max-image-preview:large","max-video-preview":"max-video-preview:-1"},"canonical":"https:\/\/sarmiento24h.com\/?p=156159","og_locale":"es_ES","og_type":"article","og_title":"Colombia: una ola de violencia marca la recta final hacia las elecciones presidenciales - Sarmiento24h","og_description":"Colombia&nbsp; enfrenta un repunte de la violencia&#46;&#46;&#46;","og_url":"https:\/\/sarmiento24h.com\/?p=156159","og_site_name":"Sarmiento24h","article_publisher":"https:\/\/facebook.com\/s24hnoticias","article_published_time":"2026-04-26T16:28:25+00:00","og_image":[{"url":"https:\/\/s.france24.com\/media\/display\/0ff7d600-417a-11f1-9327-005056bfb2b6\/w:1280\/p:16x9\/2026-04-26T133606Z-1665061850-RC20XKAETLFZ-RTRMADP-3-COLOMBIA-VIOLENCE.jpg","type":"","width":"","height":""}],"author":"sarmiento24h@gmail.com","twitter_card":"summary_large_image","twitter_creator":"@sarmiento24h","twitter_site":"@sarmiento24h","twitter_misc":{"Escrito por":"sarmiento24h@gmail.com","Tiempo de lectura":"6 minutos"},"schema":{"@context":"https:\/\/schema.org","@graph":[{"@type":"Article","@id":"https:\/\/sarmiento24h.com\/?p=156159#article","isPartOf":{"@id":"https:\/\/sarmiento24h.com\/?p=156159"},"author":{"name":"sarmiento24h@gmail.com","@id":"https:\/\/sarmiento24h.com\/#\/schema\/person\/d653a59725ad629a7e0429af7b939d4d"},"headline":"Colombia: una ola de violencia marca la recta final hacia las elecciones presidenciales","datePublished":"2026-04-26T16:28:25+00:00","mainEntityOfPage":{"@id":"https:\/\/sarmiento24h.com\/?p=156159"},"wordCount":1246,"publisher":{"@id":"https:\/\/sarmiento24h.com\/#organization"},"image":{"@id":"https:\/\/sarmiento24h.com\/?p=156159#primaryimage"},"thumbnailUrl":"https:\/\/sarmiento24h.com\/wp-content\/uploads\/2026\/04\/colombia-una-ola-de-violencia-marca-la-recta-final-hacia-las-elecciones-presidenciales.jpg","articleSection":["Internacionales"],"inLanguage":"es"},{"@type":"WebPage","@id":"https:\/\/sarmiento24h.com\/?p=156159","url":"https:\/\/sarmiento24h.com\/?p=156159","name":"Colombia: una ola de violencia marca la recta final hacia las elecciones presidenciales - Sarmiento24h","isPartOf":{"@id":"https:\/\/sarmiento24h.com\/#website"},"primaryImageOfPage":{"@id":"https:\/\/sarmiento24h.com\/?p=156159#primaryimage"},"image":{"@id":"https:\/\/sarmiento24h.com\/?p=156159#primaryimage"},"thumbnailUrl":"https:\/\/sarmiento24h.com\/wp-content\/uploads\/2026\/04\/colombia-una-ola-de-violencia-marca-la-recta-final-hacia-las-elecciones-presidenciales.jpg","datePublished":"2026-04-26T16:28:25+00:00","breadcrumb":{"@id":"https:\/\/sarmiento24h.com\/?p=156159#breadcrumb"},"inLanguage":"es","potentialAction":[{"@type":"ReadAction","target":["https:\/\/sarmiento24h.com\/?p=156159"]}]},{"@type":"ImageObject","inLanguage":"es","@id":"https:\/\/sarmiento24h.com\/?p=156159#primaryimage","url":"https:\/\/sarmiento24h.com\/wp-content\/uploads\/2026\/04\/colombia-una-ola-de-violencia-marca-la-recta-final-hacia-las-elecciones-presidenciales.jpg","contentUrl":"https:\/\/sarmiento24h.com\/wp-content\/uploads\/2026\/04\/colombia-una-ola-de-violencia-marca-la-recta-final-hacia-las-elecciones-presidenciales.jpg","width":1280,"height":720},{"@type":"BreadcrumbList","@id":"https:\/\/sarmiento24h.com\/?p=156159#breadcrumb","itemListElement":[{"@type":"ListItem","position":1,"name":"Home","item":"https:\/\/sarmiento24h.com\/"},{"@type":"ListItem","position":2,"name":"Colombia: una ola de violencia marca la recta final hacia las elecciones presidenciales"}]},{"@type":"WebSite","@id":"https:\/\/sarmiento24h.com\/#website","url":"https:\/\/sarmiento24h.com\/","name":"Sarmiento24h","description":"","publisher":{"@id":"https:\/\/sarmiento24h.com\/#organization"},"potentialAction":[{"@type":"SearchAction","target":{"@type":"EntryPoint","urlTemplate":"https:\/\/sarmiento24h.com\/?s={search_term_string}"},"query-input":{"@type":"PropertyValueSpecification","valueRequired":true,"valueName":"search_term_string"}}],"inLanguage":"es"},{"@type":"Organization","@id":"https:\/\/sarmiento24h.com\/#organization","name":"Sarmiento24h","url":"https:\/\/sarmiento24h.com\/","logo":{"@type":"ImageObject","inLanguage":"es","@id":"https:\/\/sarmiento24h.com\/#\/schema\/logo\/image\/","url":"https:\/\/sarmiento24h.com\/wp-content\/uploads\/2025\/12\/AddText_12-16-10.30.52.jpg","contentUrl":"https:\/\/sarmiento24h.com\/wp-content\/uploads\/2025\/12\/AddText_12-16-10.30.52.jpg","width":1220,"height":324,"caption":"Sarmiento24h"},"image":{"@id":"https:\/\/sarmiento24h.com\/#\/schema\/logo\/image\/"},"sameAs":["https:\/\/facebook.com\/s24hnoticias","https:\/\/x.com\/sarmiento24h"]},{"@type":"Person","@id":"https:\/\/sarmiento24h.com\/#\/schema\/person\/d653a59725ad629a7e0429af7b939d4d","name":"sarmiento24h@gmail.com","image":{"@type":"ImageObject","inLanguage":"es","@id":"https:\/\/sarmiento24h.com\/wp-content\/litespeed\/avatar\/d02cbc4e23c747e6659cd45907173c8f.jpg?ver=1777157796","url":"https:\/\/sarmiento24h.com\/wp-content\/litespeed\/avatar\/d02cbc4e23c747e6659cd45907173c8f.jpg?ver=1777157796","contentUrl":"https:\/\/sarmiento24h.com\/wp-content\/litespeed\/avatar\/d02cbc4e23c747e6659cd45907173c8f.jpg?ver=1777157796","caption":"sarmiento24h@gmail.com"},"sameAs":["https:\/\/sarmiento24h.com"],"url":"https:\/\/sarmiento24h.com\/?author=1"}]}},"jetpack_publicize_connections":[],"jetpack_featured_media_url":"https:\/\/sarmiento24h.com\/wp-content\/uploads\/2026\/04\/colombia-una-ola-de-violencia-marca-la-recta-final-hacia-las-elecciones-presidenciales.jpg","jetpack_sharing_enabled":true,"_links":{"self":[{"href":"https:\/\/sarmiento24h.com\/index.php?rest_route=\/wp\/v2\/posts\/156159","targetHints":{"allow":["GET"]}}],"collection":[{"href":"https:\/\/sarmiento24h.com\/index.php?rest_route=\/wp\/v2\/posts"}],"about":[{"href":"https:\/\/sarmiento24h.com\/index.php?rest_route=\/wp\/v2\/types\/post"}],"author":[{"embeddable":true,"href":"https:\/\/sarmiento24h.com\/index.php?rest_route=\/wp\/v2\/users\/1"}],"replies":[{"embeddable":true,"href":"https:\/\/sarmiento24h.com\/index.php?rest_route=%2Fwp%2Fv2%2Fcomments&post=156159"}],"version-history":[{"count":0,"href":"https:\/\/sarmiento24h.com\/index.php?rest_route=\/wp\/v2\/posts\/156159\/revisions"}],"wp:featuredmedia":[{"embeddable":true,"href":"https:\/\/sarmiento24h.com\/index.php?rest_route=\/wp\/v2\/media\/156160"}],"wp:attachment":[{"href":"https:\/\/sarmiento24h.com\/index.php?rest_route=%2Fwp%2Fv2%2Fmedia&parent=156159"}],"wp:term":[{"taxonomy":"category","embeddable":true,"href":"https:\/\/sarmiento24h.com\/index.php?rest_route=%2Fwp%2Fv2%2Fcategories&post=156159"},{"taxonomy":"post_tag","embeddable":true,"href":"https:\/\/sarmiento24h.com\/index.php?rest_route=%2Fwp%2Fv2%2Ftags&post=156159"}],"curies":[{"name":"wp","href":"https:\/\/api.w.org\/{rel}","templated":true}]}}