{"id":156290,"date":"2026-04-26T17:36:52","date_gmt":"2026-04-26T17:36:52","guid":{"rendered":"http:\/\/45e0427a-418e-11f1-9b2f-273e97501b18"},"modified":"2026-04-26T17:36:52","modified_gmt":"2026-04-26T17:36:52","slug":"lo-que-sabemos-del-tiroteo-que-interrumpio-la-cena-de-corresponsales-con-trump","status":"publish","type":"post","link":"https:\/\/sarmiento24h.com\/?p=156290","title":{"rendered":"Lo que sabemos del tiroteo que interrumpi\u00f3 la cena de corresponsales con Trump"},"content":{"rendered":"<p>Se trata de un nuevo ataque contra <a href=\"https:\/\/www.france24.com\/es\/tag\/donald-trump\/\" target=\"_self\">Donald Trump<\/a>. El s\u00e1bado 25 de abril, un hombre armado irrumpi\u00f3 en la cena anual de la Asociaci\u00f3n de Corresponsales de la Casa Blanca (WHCA) y dispar\u00f3.<\/p>\n<p>El mandatario estadounidense, quien presenciaba por primera vez como presidente este tipo de eventos junto a su esposa Melania Trump, y otros altos funcionarios de su administraci\u00f3n, fueron <strong>evacuados de manera urgente<\/strong> por agentes federales.<\/p>\n<p>El sospechoso,<strong> identificado como Cole Tomas Allen, ha sido detenido. <\/strong>Todav\u00eda se desconocen las motivaciones exactas detr\u00e1s del ataque, pero el fiscal general interino de <a href=\"https:\/\/www.france24.com\/es\/tag\/estados-unidos\/\" target=\"_self\">Estados Unidos<\/a>, Todd Blanche, indic\u00f3 que el presunto autor de los disparos probablemente ten\u00eda como objetivo funcionarios de la administraci\u00f3n.<\/p>\n<p>El <a href=\"https:\/\/www.france24.com\/es\/tag\/fbi\/\" target=\"_self\">FBI <\/a>est\u00e1 llevando a cabo la investigaci\u00f3n. France 24 les explica lo que se sabe sobre el ataque.<\/p>\n<div class=\"m-em-image\">\n<figure class=\"m-item-image m-item-image--original m-item-image--has-caption\"> <picture class=\"a-picture a-picture--original\"><source type=\"image\/webp\" srcset=\"https:\/\/s.france24.com\/media\/display\/84290e4e-418f-11f1-a19d-005056a97e36\/w:246\/2026-04-26T051407Z-352958602-RC2PWKAE3NDD-RTRMADP-3-USA-WHITEHOUSE-DINNER.webp 246w, https:\/\/s.france24.com\/media\/display\/84290e4e-418f-11f1-a19d-005056a97e36\/w:388\/2026-04-26T051407Z-352958602-RC2PWKAE3NDD-RTRMADP-3-USA-WHITEHOUSE-DINNER.webp 388w, https:\/\/s.france24.com\/media\/display\/84290e4e-418f-11f1-a19d-005056a97e36\/w:720\/2026-04-26T051407Z-352958602-RC2PWKAE3NDD-RTRMADP-3-USA-WHITEHOUSE-DINNER.webp 720w, https:\/\/s.france24.com\/media\/display\/84290e4e-418f-11f1-a19d-005056a97e36\/w:980\/2026-04-26T051407Z-352958602-RC2PWKAE3NDD-RTRMADP-3-USA-WHITEHOUSE-DINNER.webp 980w\" sizes=\"(max-width: 1023px) calc(100vw - 32px), (min-width: 1024px) 850px\"><img fetchpriority=\"low\" decoding=\"async\" src=\"https:\/\/s.france24.com\/media\/display\/84290e4e-418f-11f1-a19d-005056a97e36\/w:980\/2026-04-26T051407Z-352958602-RC2PWKAE3NDD-RTRMADP-3-USA-WHITEHOUSE-DINNER.jpg\" srcset=\"https:\/\/s.france24.com\/media\/display\/84290e4e-418f-11f1-a19d-005056a97e36\/w:246\/2026-04-26T051407Z-352958602-RC2PWKAE3NDD-RTRMADP-3-USA-WHITEHOUSE-DINNER.jpg 246w, https:\/\/s.france24.com\/media\/display\/84290e4e-418f-11f1-a19d-005056a97e36\/w:388\/2026-04-26T051407Z-352958602-RC2PWKAE3NDD-RTRMADP-3-USA-WHITEHOUSE-DINNER.jpg 388w, https:\/\/s.france24.com\/media\/display\/84290e4e-418f-11f1-a19d-005056a97e36\/w:720\/2026-04-26T051407Z-352958602-RC2PWKAE3NDD-RTRMADP-3-USA-WHITEHOUSE-DINNER.jpg 720w, https:\/\/s.france24.com\/media\/display\/84290e4e-418f-11f1-a19d-005056a97e36\/w:980\/2026-04-26T051407Z-352958602-RC2PWKAE3NDD-RTRMADP-3-USA-WHITEHOUSE-DINNER.jpg 980w\" sizes=\"(max-width: 1023px) calc(100vw - 32px), (min-width: 1024px) 850px\" alt=\"El presidente de Estados Unidos, Donald Trump, la primera dama, Melania Trump, y la corresponsal principal de CBS News en la Casa Blanca, Weijia Jiang, asisten a la cena anual de la Asociaci\u00f3n de Corresponsales de la Casa Blanca en Washington, D.C., Estados Unidos, el 25 de abril de 2026.\" loading=\"lazy\" class=\"a-img \">\n<\/picture><figcaption class=\"a-figcaption\"> <span>El presidente de Estados Unidos, Donald Trump, la primera dama, Melania Trump, y la corresponsal principal de CBS News en la Casa Blanca, Weijia Jiang, asisten a la cena anual de la Asociaci\u00f3n de Corresponsales de la Casa Blanca en Washington, D.C., Estados Unidos, el 25 de abril de 2026.<\/span> <span>\u00a9 Jonathan Ernst \/ REUTERS<\/span> <\/figcaption><\/figure>\n<\/p><\/div>\n<h2><strong>\u00bfC\u00f3mo se desarroll\u00f3 el ataque? <\/strong><\/h2>\n<p>El s\u00e1bado 25 de abril por la noche, se organizaba <strong>la cena anual de la Asociaci\u00f3n de Corresponsales de la Casa Blanca<\/strong> (WHCA). El evento tuvo lugar en el sal\u00f3n de baile situado en el s\u00f3tano del hotel Hilton de Washington D.C.<\/p>\n<p>Por primera vez, el presidente Donald Trump, presenciaba el evento. Le acompa\u00f1aba su esposa Melania y otros funcionarios de su administraci\u00f3n.<strong> En total 2.600 personas participaban en el evento,<\/strong> seg\u00fan indic\u00f3 la agencia de noticias Reuters.<\/p>\n<p>Seg\u00fan las autoridades, <strong>un \u00abtirador solitario\u00bb irrumpi\u00f3 en un puesto de seguridad situado en el vest\u00edbulo del hotel<\/strong>, justo a las afueras del sal\u00f3n de baile, donde se encontraban los participantes.<\/p>\n<div id=\"em-WBMZ386775-F24-ES-20260426\" class=\"m-em-flash\" data-truthsocial-script><figcaption class=\"a-figcaption\"> <\/figcaption><div class=\"o-em-consent \" readability=\"7\">\n<div class=\"o-em-consent__content\" readability=\"34\">\n<p class=\"o-em-consent__content__text\">Para mostrar este contenido de Truth Social, debe autorizar las cookies de medici\u00f3n de audiencia y publicidad.<\/p>\n<p> <button class=\"a-master-button a-master-button--dark\" data-action=\"accept\"> Aceptar <svg class=\"a-svg a-svg--icon-check\"> <use xlink:href=\"\/build\/images\/svg\/sprite.c98bf387c90bc4a87186b0b783f15ba0.svg#icon-check\" href=\"\/build\/images\/svg\/sprite.c98bf387c90bc4a87186b0b783f15ba0.svg#icon-check\" \/> <\/svg> <\/button> <button class=\"a-link\" data-action=\"manage\">Gestionar mis opciones<i class=\"a-svg a-svg--icon-edit\"><\/i><\/button> <\/div>\n<\/div>\n<\/div>\n<p>Armado con una escopeta,<strong> el hombre dispar\u00f3 contra un agente del servicio de protecci\u00f3n presidencial.<\/strong><\/p>\n<p>Al mismo tiempo, im\u00e1genes de c\u00e1maras de vigilancia mostraron a Donald Trump y a su esposa sentados en una mesa, cuando disparos generaron agitaci\u00f3n en la parte trasera del sal\u00f3n.<\/p>\n<p>Mientras los participantes se escond\u00edan debajo de las mesas, <strong>agentes del Servicio Secreto irrumpieron en la sala para evacuar a Donald y Melania Trump y a los dem\u00e1s miembros de la administraci\u00f3n<\/strong>. Todos escaparon del ataque sin sufrir da\u00f1os. &nbsp;<\/p>\n<h2><strong>\u00bfQu\u00e9 se sabe del sospechoso detenido?<\/strong><\/h2>\n<p>Una hora despu\u00e9s del ataque, Donald Trump escribi\u00f3 en la red Truth Social que \u201cse hab\u00eda detenido a un tirador\u201d.<\/p>\n<p>Luego, medios de comunicaci\u00f3n estadounidenses, que citan fuentes policiales, identificaron el presunto autor de los disparos como <strong>Cole Tomas Allen<\/strong>.<\/p>\n<p>De 31 a\u00f1os, vive en la localidad de Torrance, en los suburbios de Los \u00c1ngeles, en California. Se conocen pocos detalles sobre la vida y los antecedentes de este hombre. Sin embargo, su perfil LinkedIn lo presenta como <strong>\u201cingeniero mec\u00e1nico e inform\u00e1tico de formaci\u00f3n, desarrollador independiente de videojuegos, y profesor\u201d<\/strong>.<\/p>\n<p>Seg\u00fan los primeros elementos de la investigaci\u00f3n, Cole Tomas Allen tiene el perfil de una persona bastante educada, pero con <strong>una opini\u00f3n pol\u00edtica contraria a Donald Trump<\/strong>.<\/p>\n<div class=\"m-em-image\">\n<figure class=\"m-item-image m-item-image--original m-item-image--has-caption\"> <picture class=\"a-picture a-picture--original\"><source type=\"image\/webp\" srcset=\"https:\/\/s.france24.com\/media\/display\/fc0be260-418f-11f1-9167-005056a90284\/w:246\/AP26116116775455.webp 246w, https:\/\/s.france24.com\/media\/display\/fc0be260-418f-11f1-9167-005056a90284\/w:388\/AP26116116775455.webp 388w, https:\/\/s.france24.com\/media\/display\/fc0be260-418f-11f1-9167-005056a90284\/w:720\/AP26116116775455.webp 720w, https:\/\/s.france24.com\/media\/display\/fc0be260-418f-11f1-9167-005056a90284\/w:980\/AP26116116775455.webp 980w\" sizes=\"(max-width: 1023px) calc(100vw - 32px), (min-width: 1024px) 850px\"><img fetchpriority=\"low\" decoding=\"async\" src=\"https:\/\/s.france24.com\/media\/display\/fc0be260-418f-11f1-9167-005056a90284\/w:980\/AP26116116775455.jpg\" srcset=\"https:\/\/s.france24.com\/media\/display\/fc0be260-418f-11f1-9167-005056a90284\/w:246\/AP26116116775455.jpg 246w, https:\/\/s.france24.com\/media\/display\/fc0be260-418f-11f1-9167-005056a90284\/w:388\/AP26116116775455.jpg 388w, https:\/\/s.france24.com\/media\/display\/fc0be260-418f-11f1-9167-005056a90284\/w:720\/AP26116116775455.jpg 720w, https:\/\/s.france24.com\/media\/display\/fc0be260-418f-11f1-9167-005056a90284\/w:980\/AP26116116775455.jpg 980w\" sizes=\"(max-width: 1023px) calc(100vw - 32px), (min-width: 1024px) 850px\" alt=\"La alcaldesa del Distrito de Columbia, Muriel Bowser, habla en una conferencia de prensa tras un tiroteo ocurrido durante la cena de la Asociaci\u00f3n de Corresponsales de la Casa Blanca en Washington D.C., Estados Unidos, el 25 de abril de 2026.\" loading=\"lazy\" class=\"a-img \">\n<\/picture><figcaption class=\"a-figcaption\"> <span>La alcaldesa del Distrito de Columbia, Muriel Bowser, habla en una conferencia de prensa tras un tiroteo ocurrido durante la cena de la Asociaci\u00f3n de Corresponsales de la Casa Blanca en Washington D.C., Estados Unidos, el 25 de abril de 2026.<\/span> <span>\u00a9 Allison Robbert \/ AP<\/span> <\/figcaption><\/figure>\n<\/p><\/div>\n<p>Y seg\u00fan indic\u00f3 <a href=\"https:\/\/www.cbsnews.com\/live-updates\/trump-evacuated-white-house-correspondents-dinner-security-incident\/\" target=\"_blank\">el Canal CBS News<\/a>, que habl\u00f3 con un funcionario cercano a la investigaci\u00f3n, <strong>los investigadores revisaron mensajes en redes sociales y escritos<\/strong> encontrados en el mismo hotel donde se hospedaba el sospechoso. <strong>Estos escritos contienen comentarios contra Trump y los cristianos.<\/strong><\/p>\n<p>Allen envi\u00f3 algunos de sus escritos a miembros de su familia antes del ataque, y uno de ellos alert\u00f3 a la polic\u00eda sobre los escritos. Al parecer,<strong> estos escritos no mencionaban espec\u00edficamente el evento del s\u00e1bado<\/strong>.<\/p>\n<p>Sin embargo, sus familiares dijeron a los investigadores que Allen acud\u00eda regularmente al campo de tiro para entrenarse con sus armas de fuego.<\/p>\n<div class=\"em-video-wrapper m-em-video\" data-media-video-wbmz386778-f24-es-20260426 data-wrapper-video-player data-show-hidden-video-player=\"WBMZ386778-F24-ES-20260426\" data-youtube-script>\n<div class=\"m-em-video__video\">\n<div class=\"o-em-consent \" readability=\"7\">\n<div class=\"o-em-consent__content\" readability=\"34\">\n<p class=\"o-em-consent__content__text\">Para mostrar este contenido de YouTube, debe autorizar las cookies de medici\u00f3n de audiencia y publicidad.<\/p>\n<p> <button class=\"a-master-button a-master-button--dark\" data-action=\"accept\"> Aceptar <svg class=\"a-svg a-svg--icon-check\"> <use xlink:href=\"\/build\/images\/svg\/sprite.c98bf387c90bc4a87186b0b783f15ba0.svg#icon-check\" href=\"\/build\/images\/svg\/sprite.c98bf387c90bc4a87186b0b783f15ba0.svg#icon-check\" \/> <\/svg> <\/button> <button class=\"a-link\" data-action=\"manage\">Gestionar mis opciones<i class=\"a-svg a-svg--icon-edit\"><\/i><\/button> <\/div>\n<\/div>\n<div class=\"o-em-adblock\" data-adblock-content readability=\"7\">\n<div class=\"o-em-adblock__content\" readability=\"34\">\n<p class=\"o-em-adblock__content__text\">Una extensi\u00f3n de tu navegador parece estar bloqueando la carga del reproductor de video. Para poder ver este contenido, debes desactivarla en este sitio.<\/p>\n<p> <button class=\"a-master-button a-master-button--dark\" data-action=\"reload\">Reintentar<\/button> <\/div>\n<\/div>\n<figure class=\"m-item-image m-item-image--16x9 m-item-image--has-caption\"> <picture class=\"a-picture a-picture--16x9\"><source type=\"image\/webp\" srcset=\"https:\/\/s.france24.com\/media\/display\/707a51a8-417d-11f1-b8c5-005056a97e36\/w:388\/p:16x9\/ES-20260426-070351-070749-CS.webp 388w, https:\/\/s.france24.com\/media\/display\/707a51a8-417d-11f1-b8c5-005056a97e36\/w:720\/p:16x9\/ES-20260426-070351-070749-CS.webp 720w, https:\/\/s.france24.com\/media\/display\/707a51a8-417d-11f1-b8c5-005056a97e36\/w:1024\/p:16x9\/ES-20260426-070351-070749-CS.webp 1024w\" sizes=\"(max-width: 639px) calc(100vw - 32px), (max-width: 1076px) calc(100vw - 44px), 850px\"><img fetchpriority=\"low\" decoding=\"async\" src=\"https:\/\/s.france24.com\/media\/display\/707a51a8-417d-11f1-b8c5-005056a97e36\/w:1024\/p:16x9\/ES-20260426-070351-070749-CS.jpg\" srcset=\"https:\/\/s.france24.com\/media\/display\/707a51a8-417d-11f1-b8c5-005056a97e36\/w:388\/p:16x9\/ES-20260426-070351-070749-CS.jpg 388w, https:\/\/s.france24.com\/media\/display\/707a51a8-417d-11f1-b8c5-005056a97e36\/w:720\/p:16x9\/ES-20260426-070351-070749-CS.jpg 720w, https:\/\/s.france24.com\/media\/display\/707a51a8-417d-11f1-b8c5-005056a97e36\/w:1024\/p:16x9\/ES-20260426-070351-070749-CS.jpg 1024w\" sizes=\"auto, (max-width: 639px) calc(100vw - 32px), (max-width: 1076px) calc(100vw - 44px), 850px\" width=\"1024\" height=\"576\" alt loading=\"lazy\" class=\"a-img \">\n<\/picture><figcaption class=\"a-figcaption\"> <span>\u00a9 France 24<\/span> <\/figcaption><\/figure>\n<\/p><\/div>\n<\/p><\/div>\n<p>\u2060Por otra parte, el fiscal general interino de Estados Unidos, Todd Blanche, declar\u00f3 que <strong>el presunto tirador ten\u00eda como blanco a funcionarios de la administraci\u00f3n Trump<\/strong>.<\/p>\n<p>\u201cParece claro que ten\u00eda la intenci\u00f3n de atacar a personas que trabajan en la administraci\u00f3n, incluyendo probablemente al presidente\u201d, declar\u00f3 el domingo Todd Blanche en el programa <em>Meet the Press <\/em>del canal NBC News.<\/p>\n<h2><strong>\u00bfC\u00f3mo sigue la investigaci\u00f3n? <\/strong><\/h2>\n<p>Las autoridades judiciales estadounidenses indicaron que el sospechoso ser\u00e1 procesado el lunes ante un tribunal local.<\/p>\n<p>Hasta el momento, enfrenta dos cargos: <strong>uso de un arma de fuego durante un delito violento y agresi\u00f3n a un agente federal con un arma peligrosa.<\/strong><\/p>\n<p>\u201cEsta persona ten\u00eda la intenci\u00f3n de causar tanto da\u00f1o como pudiera\u201d, indic\u00f3 la fiscal federal Jeanine Pirro durante una rueda de prensa el domingo.<\/p>\n<p>Sin embargo, otros cargos podr\u00edan agregarse, a medida que avance la investigaci\u00f3n.<\/p>\n<p>En especial, <strong>la investigaci\u00f3n busca evidenciar c\u00f3mo el tirador pudo introducir de manera clandestina una escopeta en el hotel<\/strong>.<\/p>\n<div class=\"m-em-image\">\n<figure class=\"m-item-image m-item-image--original m-item-image--has-caption\"> <picture class=\"a-picture a-picture--original\"><source type=\"image\/webp\" srcset=\"https:\/\/s.france24.com\/media\/display\/fc369f60-418e-11f1-a7aa-005056a97e36\/w:246\/AP26116160793023.webp 246w, https:\/\/s.france24.com\/media\/display\/fc369f60-418e-11f1-a7aa-005056a97e36\/w:388\/AP26116160793023.webp 388w, https:\/\/s.france24.com\/media\/display\/fc369f60-418e-11f1-a7aa-005056a97e36\/w:720\/AP26116160793023.webp 720w, https:\/\/s.france24.com\/media\/display\/fc369f60-418e-11f1-a7aa-005056a97e36\/w:980\/AP26116160793023.webp 980w\" sizes=\"(max-width: 1023px) calc(100vw - 32px), (min-width: 1024px) 850px\"><img fetchpriority=\"low\" decoding=\"async\" src=\"https:\/\/s.france24.com\/media\/display\/fc369f60-418e-11f1-a7aa-005056a97e36\/w:980\/AP26116160793023.jpg\" srcset=\"https:\/\/s.france24.com\/media\/display\/fc369f60-418e-11f1-a7aa-005056a97e36\/w:246\/AP26116160793023.jpg 246w, https:\/\/s.france24.com\/media\/display\/fc369f60-418e-11f1-a7aa-005056a97e36\/w:388\/AP26116160793023.jpg 388w, https:\/\/s.france24.com\/media\/display\/fc369f60-418e-11f1-a7aa-005056a97e36\/w:720\/AP26116160793023.jpg 720w, https:\/\/s.france24.com\/media\/display\/fc369f60-418e-11f1-a7aa-005056a97e36\/w:980\/AP26116160793023.jpg 980w\" sizes=\"(max-width: 1023px) calc(100vw - 32px), (min-width: 1024px) 850px\" alt=\"Agentes de las fuerzas del orden acuden a una direcci\u00f3n relacionada con Cole Tomas Allen, el sospechoso del tiroteo ocurrido en la cena de corresponsales de la Casa Blanca, el s\u00e1bado 25 de abril de 2026 en Torrance, Estados Unidos.\" loading=\"lazy\" class=\"a-img \">\n<\/picture><figcaption class=\"a-figcaption\"> <span>Agentes de las fuerzas del orden acuden a una direcci\u00f3n relacionada con Cole Tomas Allen, el sospechoso del tiroteo ocurrido en la cena de corresponsales de la Casa Blanca, el s\u00e1bado 25 de abril de 2026 en Torrance, Estados Unidos.<\/span> <span>AP &#8211; Ethan Swope<\/span> <\/figcaption><\/figure>\n<\/p><\/div>\n<p>El fiscal Todd Blanche tambi\u00e9n inform\u00f3 de que se emitieron ordenes de registro para adelantar b\u00fasquedas en el domicilio del sospechoso en California.<\/p>\n<p><strong>El presunto autor de los disparos actualmente \u201cno coopera activamente\u201d con la investigaci\u00f3n<\/strong>, agreg\u00f3 el fiscal general en declaraciones al programa \u201cFace the Nation\u201d del canal CBS News.<\/p>\n<p>Por su parte, Donald Trump dijo&nbsp;que se tratar\u00eda de un acto cometido por un <strong>\u201clobo solitario\u201d<\/strong>.<\/p>\n<h2><strong>\u00bfCu\u00e1les fueron las reacciones tras el ataque? <\/strong><\/h2>\n<p>Despu\u00e9s del ataque, Donald Trump salud\u00f3 el trabajo \u201cformidable\u201d de las fuerzas de seguridad, en un mensaje publicado en la red social Truth Social.<\/p>\n<p>\u201c\u00a1Qu\u00e9 noche en Washington! El Servicio Secreto y las fuerzas del orden hicieron un trabajo formidable\u201d, escribi\u00f3 el presidente estadounidense. Agreg\u00f3 que espera que se pueda organizar una nueva cena en un plazo de 30 d\u00edas.<\/p>\n<div id=\"em-WBMZ386772-F24-ES-20260426\" class=\"m-em-flash\" data-xtwitter-script><figcaption class=\"a-figcaption\"> <\/figcaption><div class=\"o-em-consent \" readability=\"7\">\n<div class=\"o-em-consent__content\" readability=\"34\">\n<p class=\"o-em-consent__content__text\">Para mostrar este contenido de X (Twitter), debe autorizar las cookies de medici\u00f3n de audiencia y publicidad.<\/p>\n<p> <button class=\"a-master-button a-master-button--dark\" data-action=\"accept\"> Aceptar <svg class=\"a-svg a-svg--icon-check\"> <use xlink:href=\"\/build\/images\/svg\/sprite.c98bf387c90bc4a87186b0b783f15ba0.svg#icon-check\" href=\"\/build\/images\/svg\/sprite.c98bf387c90bc4a87186b0b783f15ba0.svg#icon-check\" \/> <\/svg> <\/button> <button class=\"a-link\" data-action=\"manage\">Gestionar mis opciones<i class=\"a-svg a-svg--icon-edit\"><\/i><\/button> <\/div>\n<\/div>\n<\/div>\n<p>Numerosos mensajes tambi\u00e9n vinieron por parte de la comunidad internacional. Por ejemplo, el primer ministro brit\u00e1nico<strong> <a href=\"https:\/\/www.france24.com\/es\/tag\/keir-starmer\/\" target=\"_self\">Keir Starmer<\/a> dijo estar \u201cconmocionado\u201d por el tiroteo en Washington<\/strong>, y expres\u00f3 su \u201cinmenso alivio\u201d al saber que el presidente Donald Trump y los dem\u00e1s participantes se encontraran a salvo.<\/p>\n<p>El presidente franc\u00e9s <strong><a href=\"https:\/\/www.france24.com\/es\/tag\/emmanuel-macron\/\" target=\"_self\">Emmanuel Macron<\/a> tambi\u00e9n denunci\u00f3 un ataque \u201cinaceptable\u201d<\/strong> tras y expres\u00f3 \u201ctodo su apoyo\u201d a Donald Trump.<\/p>\n<div id=\"em-WBMZ386773-F24-ES-20260426\" class=\"m-em-flash\" data-xtwitter-script><figcaption class=\"a-figcaption\"> <\/figcaption><div class=\"o-em-consent \" readability=\"7\">\n<div class=\"o-em-consent__content\" readability=\"34\">\n<p class=\"o-em-consent__content__text\">Para mostrar este contenido de X (Twitter), debe autorizar las cookies de medici\u00f3n de audiencia y publicidad.<\/p>\n<p> <button class=\"a-master-button a-master-button--dark\" data-action=\"accept\"> Aceptar <svg class=\"a-svg a-svg--icon-check\"> <use xlink:href=\"\/build\/images\/svg\/sprite.c98bf387c90bc4a87186b0b783f15ba0.svg#icon-check\" href=\"\/build\/images\/svg\/sprite.c98bf387c90bc4a87186b0b783f15ba0.svg#icon-check\" \/> <\/svg> <\/button> <button class=\"a-link\" data-action=\"manage\">Gestionar mis opciones<i class=\"a-svg a-svg--icon-edit\"><\/i><\/button> <\/div>\n<\/div>\n<\/div>\n<p>El primer ministro israel\u00ed <strong><a href=\"https:\/\/www.france24.com\/es\/tag\/benjamin-netanyahu\/\" target=\"_self\">Benjamin Netanyahu<\/a> tambi\u00e9n declar\u00f3 estar \u201cconmocionado\u201d por \u201cel intento de asesinato\u201d<\/strong> que sufri\u00f3 su fiel aliado estadounidense, mientras que otros dirigentes mundiales, como el primer ministro indio <a href=\"https:\/\/www.france24.com\/es\/tag\/narendra-modi\/\" target=\"_self\">Narendra Modi<\/a>, la presidenta mexicana <a href=\"https:\/\/www.france24.com\/es\/tag\/claudia-sheinbaum\/\" target=\"_self\">Claudia Sheinbaum<\/a> y el jefe del Gobierno espa\u00f1ol <a href=\"https:\/\/www.france24.com\/es\/tag\/pedro-s\u00e1nchez\/\" target=\"_self\">Pedro S\u00e1nchez<\/a> tambi\u00e9n expresaron apoyo al presidente estadounidense.<\/p>\n<p>Con Reuters, AFP y medios locales.<\/p>\n","protected":false},"excerpt":{"rendered":"<p>Se trata de un nuevo ataque contra&#46;&#46;&#46;<\/p>\n","protected":false},"author":1,"featured_media":156291,"comment_status":"closed","ping_status":"closed","sticky":false,"template":"","format":"standard","meta":{"_jetpack_memberships_contains_paid_content":false,"footnotes":"","jetpack_publicize_message":"","jetpack_publicize_feature_enabled":true,"jetpack_social_post_already_shared":true,"jetpack_social_options":{"image_generator_settings":{"template":"highway","default_image_id":0,"font":"","enabled":false},"version":2}},"categories":[43],"tags":[],"class_list":["post-156290","post","type-post","status-publish","format-standard","has-post-thumbnail","hentry","category-internacionales"],"yoast_head":"<!-- This site is optimized with the Yoast SEO plugin v27.3 - https:\/\/yoast.com\/product\/yoast-seo-wordpress\/ -->\n<title>Lo que sabemos del tiroteo que interrumpi\u00f3 la cena de corresponsales con Trump - Sarmiento24h<\/title>\n<meta name=\"robots\" content=\"index, follow, max-snippet:-1, max-image-preview:large, max-video-preview:-1\" \/>\n<link rel=\"canonical\" href=\"https:\/\/sarmiento24h.com\/?p=156290\" \/>\n<meta property=\"og:locale\" content=\"es_ES\" \/>\n<meta property=\"og:type\" content=\"article\" \/>\n<meta property=\"og:title\" content=\"Lo que sabemos del tiroteo que interrumpi\u00f3 la cena de corresponsales con Trump - Sarmiento24h\" \/>\n<meta property=\"og:description\" content=\"Se trata de un nuevo ataque contra&#046;&#046;&#046;\" \/>\n<meta property=\"og:url\" content=\"https:\/\/sarmiento24h.com\/?p=156290\" \/>\n<meta property=\"og:site_name\" content=\"Sarmiento24h\" \/>\n<meta property=\"article:publisher\" content=\"https:\/\/facebook.com\/s24hnoticias\" \/>\n<meta property=\"article:published_time\" content=\"2026-04-26T17:36:52+00:00\" \/>\n<meta property=\"og:image\" content=\"https:\/\/s.france24.com\/media\/display\/84290e4e-418f-11f1-a19d-005056a97e36\/w:980\/2026-04-26T051407Z-352958602-RC2PWKAE3NDD-RTRMADP-3-USA-WHITEHOUSE-DINNER.jpg\" \/>\n<meta name=\"author\" content=\"sarmiento24h@gmail.com\" \/>\n<meta name=\"twitter:card\" content=\"summary_large_image\" \/>\n<meta name=\"twitter:creator\" content=\"@sarmiento24h\" \/>\n<meta name=\"twitter:site\" content=\"@sarmiento24h\" \/>\n<meta name=\"twitter:label1\" content=\"Escrito por\" \/>\n\t<meta name=\"twitter:data1\" content=\"sarmiento24h@gmail.com\" \/>\n\t<meta name=\"twitter:label2\" content=\"Tiempo de lectura\" \/>\n\t<meta name=\"twitter:data2\" content=\"7 minutos\" \/>\n<script type=\"application\/ld+json\" class=\"yoast-schema-graph\">{\"@context\":\"https:\\\/\\\/schema.org\",\"@graph\":[{\"@type\":\"Article\",\"@id\":\"https:\\\/\\\/sarmiento24h.com\\\/?p=156290#article\",\"isPartOf\":{\"@id\":\"https:\\\/\\\/sarmiento24h.com\\\/?p=156290\"},\"author\":{\"name\":\"sarmiento24h@gmail.com\",\"@id\":\"https:\\\/\\\/sarmiento24h.com\\\/#\\\/schema\\\/person\\\/d653a59725ad629a7e0429af7b939d4d\"},\"headline\":\"Lo que sabemos del tiroteo que interrumpi\u00f3 la cena de corresponsales con Trump\",\"datePublished\":\"2026-04-26T17:36:52+00:00\",\"mainEntityOfPage\":{\"@id\":\"https:\\\/\\\/sarmiento24h.com\\\/?p=156290\"},\"wordCount\":1317,\"publisher\":{\"@id\":\"https:\\\/\\\/sarmiento24h.com\\\/#organization\"},\"image\":{\"@id\":\"https:\\\/\\\/sarmiento24h.com\\\/?p=156290#primaryimage\"},\"thumbnailUrl\":\"https:\\\/\\\/sarmiento24h.com\\\/wp-content\\\/uploads\\\/2026\\\/04\\\/lo-que-sabemos-del-tiroteo-que-interrumpio-la-cena-de-corresponsales-con-trump.jpg\",\"articleSection\":[\"Internacionales\"],\"inLanguage\":\"es\"},{\"@type\":\"WebPage\",\"@id\":\"https:\\\/\\\/sarmiento24h.com\\\/?p=156290\",\"url\":\"https:\\\/\\\/sarmiento24h.com\\\/?p=156290\",\"name\":\"Lo que sabemos del tiroteo que interrumpi\u00f3 la cena de corresponsales con Trump - Sarmiento24h\",\"isPartOf\":{\"@id\":\"https:\\\/\\\/sarmiento24h.com\\\/#website\"},\"primaryImageOfPage\":{\"@id\":\"https:\\\/\\\/sarmiento24h.com\\\/?p=156290#primaryimage\"},\"image\":{\"@id\":\"https:\\\/\\\/sarmiento24h.com\\\/?p=156290#primaryimage\"},\"thumbnailUrl\":\"https:\\\/\\\/sarmiento24h.com\\\/wp-content\\\/uploads\\\/2026\\\/04\\\/lo-que-sabemos-del-tiroteo-que-interrumpio-la-cena-de-corresponsales-con-trump.jpg\",\"datePublished\":\"2026-04-26T17:36:52+00:00\",\"breadcrumb\":{\"@id\":\"https:\\\/\\\/sarmiento24h.com\\\/?p=156290#breadcrumb\"},\"inLanguage\":\"es\",\"potentialAction\":[{\"@type\":\"ReadAction\",\"target\":[\"https:\\\/\\\/sarmiento24h.com\\\/?p=156290\"]}]},{\"@type\":\"ImageObject\",\"inLanguage\":\"es\",\"@id\":\"https:\\\/\\\/sarmiento24h.com\\\/?p=156290#primaryimage\",\"url\":\"https:\\\/\\\/sarmiento24h.com\\\/wp-content\\\/uploads\\\/2026\\\/04\\\/lo-que-sabemos-del-tiroteo-que-interrumpio-la-cena-de-corresponsales-con-trump.jpg\",\"contentUrl\":\"https:\\\/\\\/sarmiento24h.com\\\/wp-content\\\/uploads\\\/2026\\\/04\\\/lo-que-sabemos-del-tiroteo-que-interrumpio-la-cena-de-corresponsales-con-trump.jpg\",\"width\":980,\"height\":652},{\"@type\":\"BreadcrumbList\",\"@id\":\"https:\\\/\\\/sarmiento24h.com\\\/?p=156290#breadcrumb\",\"itemListElement\":[{\"@type\":\"ListItem\",\"position\":1,\"name\":\"Home\",\"item\":\"https:\\\/\\\/sarmiento24h.com\\\/\"},{\"@type\":\"ListItem\",\"position\":2,\"name\":\"Lo que sabemos del tiroteo que interrumpi\u00f3 la cena de corresponsales con Trump\"}]},{\"@type\":\"WebSite\",\"@id\":\"https:\\\/\\\/sarmiento24h.com\\\/#website\",\"url\":\"https:\\\/\\\/sarmiento24h.com\\\/\",\"name\":\"Sarmiento24h\",\"description\":\"\",\"publisher\":{\"@id\":\"https:\\\/\\\/sarmiento24h.com\\\/#organization\"},\"potentialAction\":[{\"@type\":\"SearchAction\",\"target\":{\"@type\":\"EntryPoint\",\"urlTemplate\":\"https:\\\/\\\/sarmiento24h.com\\\/?s={search_term_string}\"},\"query-input\":{\"@type\":\"PropertyValueSpecification\",\"valueRequired\":true,\"valueName\":\"search_term_string\"}}],\"inLanguage\":\"es\"},{\"@type\":\"Organization\",\"@id\":\"https:\\\/\\\/sarmiento24h.com\\\/#organization\",\"name\":\"Sarmiento24h\",\"url\":\"https:\\\/\\\/sarmiento24h.com\\\/\",\"logo\":{\"@type\":\"ImageObject\",\"inLanguage\":\"es\",\"@id\":\"https:\\\/\\\/sarmiento24h.com\\\/#\\\/schema\\\/logo\\\/image\\\/\",\"url\":\"https:\\\/\\\/sarmiento24h.com\\\/wp-content\\\/uploads\\\/2025\\\/12\\\/AddText_12-16-10.30.52.jpg\",\"contentUrl\":\"https:\\\/\\\/sarmiento24h.com\\\/wp-content\\\/uploads\\\/2025\\\/12\\\/AddText_12-16-10.30.52.jpg\",\"width\":1220,\"height\":324,\"caption\":\"Sarmiento24h\"},\"image\":{\"@id\":\"https:\\\/\\\/sarmiento24h.com\\\/#\\\/schema\\\/logo\\\/image\\\/\"},\"sameAs\":[\"https:\\\/\\\/facebook.com\\\/s24hnoticias\",\"https:\\\/\\\/x.com\\\/sarmiento24h\"]},{\"@type\":\"Person\",\"@id\":\"https:\\\/\\\/sarmiento24h.com\\\/#\\\/schema\\\/person\\\/d653a59725ad629a7e0429af7b939d4d\",\"name\":\"sarmiento24h@gmail.com\",\"image\":{\"@type\":\"ImageObject\",\"inLanguage\":\"es\",\"@id\":\"https:\\\/\\\/sarmiento24h.com\\\/wp-content\\\/litespeed\\\/avatar\\\/d02cbc4e23c747e6659cd45907173c8f.jpg?ver=1777157796\",\"url\":\"https:\\\/\\\/sarmiento24h.com\\\/wp-content\\\/litespeed\\\/avatar\\\/d02cbc4e23c747e6659cd45907173c8f.jpg?ver=1777157796\",\"contentUrl\":\"https:\\\/\\\/sarmiento24h.com\\\/wp-content\\\/litespeed\\\/avatar\\\/d02cbc4e23c747e6659cd45907173c8f.jpg?ver=1777157796\",\"caption\":\"sarmiento24h@gmail.com\"},\"sameAs\":[\"https:\\\/\\\/sarmiento24h.com\"],\"url\":\"https:\\\/\\\/sarmiento24h.com\\\/?author=1\"}]}<\/script>\n<!-- \/ Yoast SEO plugin. -->","yoast_head_json":{"title":"Lo que sabemos del tiroteo que interrumpi\u00f3 la cena de corresponsales con Trump - Sarmiento24h","robots":{"index":"index","follow":"follow","max-snippet":"max-snippet:-1","max-image-preview":"max-image-preview:large","max-video-preview":"max-video-preview:-1"},"canonical":"https:\/\/sarmiento24h.com\/?p=156290","og_locale":"es_ES","og_type":"article","og_title":"Lo que sabemos del tiroteo que interrumpi\u00f3 la cena de corresponsales con Trump - Sarmiento24h","og_description":"Se trata de un nuevo ataque contra&#46;&#46;&#46;","og_url":"https:\/\/sarmiento24h.com\/?p=156290","og_site_name":"Sarmiento24h","article_publisher":"https:\/\/facebook.com\/s24hnoticias","article_published_time":"2026-04-26T17:36:52+00:00","og_image":[{"url":"https:\/\/s.france24.com\/media\/display\/84290e4e-418f-11f1-a19d-005056a97e36\/w:980\/2026-04-26T051407Z-352958602-RC2PWKAE3NDD-RTRMADP-3-USA-WHITEHOUSE-DINNER.jpg","type":"","width":"","height":""}],"author":"sarmiento24h@gmail.com","twitter_card":"summary_large_image","twitter_creator":"@sarmiento24h","twitter_site":"@sarmiento24h","twitter_misc":{"Escrito por":"sarmiento24h@gmail.com","Tiempo de lectura":"7 minutos"},"schema":{"@context":"https:\/\/schema.org","@graph":[{"@type":"Article","@id":"https:\/\/sarmiento24h.com\/?p=156290#article","isPartOf":{"@id":"https:\/\/sarmiento24h.com\/?p=156290"},"author":{"name":"sarmiento24h@gmail.com","@id":"https:\/\/sarmiento24h.com\/#\/schema\/person\/d653a59725ad629a7e0429af7b939d4d"},"headline":"Lo que sabemos del tiroteo que interrumpi\u00f3 la cena de corresponsales con Trump","datePublished":"2026-04-26T17:36:52+00:00","mainEntityOfPage":{"@id":"https:\/\/sarmiento24h.com\/?p=156290"},"wordCount":1317,"publisher":{"@id":"https:\/\/sarmiento24h.com\/#organization"},"image":{"@id":"https:\/\/sarmiento24h.com\/?p=156290#primaryimage"},"thumbnailUrl":"https:\/\/sarmiento24h.com\/wp-content\/uploads\/2026\/04\/lo-que-sabemos-del-tiroteo-que-interrumpio-la-cena-de-corresponsales-con-trump.jpg","articleSection":["Internacionales"],"inLanguage":"es"},{"@type":"WebPage","@id":"https:\/\/sarmiento24h.com\/?p=156290","url":"https:\/\/sarmiento24h.com\/?p=156290","name":"Lo que sabemos del tiroteo que interrumpi\u00f3 la cena de corresponsales con Trump - Sarmiento24h","isPartOf":{"@id":"https:\/\/sarmiento24h.com\/#website"},"primaryImageOfPage":{"@id":"https:\/\/sarmiento24h.com\/?p=156290#primaryimage"},"image":{"@id":"https:\/\/sarmiento24h.com\/?p=156290#primaryimage"},"thumbnailUrl":"https:\/\/sarmiento24h.com\/wp-content\/uploads\/2026\/04\/lo-que-sabemos-del-tiroteo-que-interrumpio-la-cena-de-corresponsales-con-trump.jpg","datePublished":"2026-04-26T17:36:52+00:00","breadcrumb":{"@id":"https:\/\/sarmiento24h.com\/?p=156290#breadcrumb"},"inLanguage":"es","potentialAction":[{"@type":"ReadAction","target":["https:\/\/sarmiento24h.com\/?p=156290"]}]},{"@type":"ImageObject","inLanguage":"es","@id":"https:\/\/sarmiento24h.com\/?p=156290#primaryimage","url":"https:\/\/sarmiento24h.com\/wp-content\/uploads\/2026\/04\/lo-que-sabemos-del-tiroteo-que-interrumpio-la-cena-de-corresponsales-con-trump.jpg","contentUrl":"https:\/\/sarmiento24h.com\/wp-content\/uploads\/2026\/04\/lo-que-sabemos-del-tiroteo-que-interrumpio-la-cena-de-corresponsales-con-trump.jpg","width":980,"height":652},{"@type":"BreadcrumbList","@id":"https:\/\/sarmiento24h.com\/?p=156290#breadcrumb","itemListElement":[{"@type":"ListItem","position":1,"name":"Home","item":"https:\/\/sarmiento24h.com\/"},{"@type":"ListItem","position":2,"name":"Lo que sabemos del tiroteo que interrumpi\u00f3 la cena de corresponsales con Trump"}]},{"@type":"WebSite","@id":"https:\/\/sarmiento24h.com\/#website","url":"https:\/\/sarmiento24h.com\/","name":"Sarmiento24h","description":"","publisher":{"@id":"https:\/\/sarmiento24h.com\/#organization"},"potentialAction":[{"@type":"SearchAction","target":{"@type":"EntryPoint","urlTemplate":"https:\/\/sarmiento24h.com\/?s={search_term_string}"},"query-input":{"@type":"PropertyValueSpecification","valueRequired":true,"valueName":"search_term_string"}}],"inLanguage":"es"},{"@type":"Organization","@id":"https:\/\/sarmiento24h.com\/#organization","name":"Sarmiento24h","url":"https:\/\/sarmiento24h.com\/","logo":{"@type":"ImageObject","inLanguage":"es","@id":"https:\/\/sarmiento24h.com\/#\/schema\/logo\/image\/","url":"https:\/\/sarmiento24h.com\/wp-content\/uploads\/2025\/12\/AddText_12-16-10.30.52.jpg","contentUrl":"https:\/\/sarmiento24h.com\/wp-content\/uploads\/2025\/12\/AddText_12-16-10.30.52.jpg","width":1220,"height":324,"caption":"Sarmiento24h"},"image":{"@id":"https:\/\/sarmiento24h.com\/#\/schema\/logo\/image\/"},"sameAs":["https:\/\/facebook.com\/s24hnoticias","https:\/\/x.com\/sarmiento24h"]},{"@type":"Person","@id":"https:\/\/sarmiento24h.com\/#\/schema\/person\/d653a59725ad629a7e0429af7b939d4d","name":"sarmiento24h@gmail.com","image":{"@type":"ImageObject","inLanguage":"es","@id":"https:\/\/sarmiento24h.com\/wp-content\/litespeed\/avatar\/d02cbc4e23c747e6659cd45907173c8f.jpg?ver=1777157796","url":"https:\/\/sarmiento24h.com\/wp-content\/litespeed\/avatar\/d02cbc4e23c747e6659cd45907173c8f.jpg?ver=1777157796","contentUrl":"https:\/\/sarmiento24h.com\/wp-content\/litespeed\/avatar\/d02cbc4e23c747e6659cd45907173c8f.jpg?ver=1777157796","caption":"sarmiento24h@gmail.com"},"sameAs":["https:\/\/sarmiento24h.com"],"url":"https:\/\/sarmiento24h.com\/?author=1"}]}},"jetpack_publicize_connections":[],"jetpack_featured_media_url":"https:\/\/sarmiento24h.com\/wp-content\/uploads\/2026\/04\/lo-que-sabemos-del-tiroteo-que-interrumpio-la-cena-de-corresponsales-con-trump.jpg","jetpack_sharing_enabled":true,"_links":{"self":[{"href":"https:\/\/sarmiento24h.com\/index.php?rest_route=\/wp\/v2\/posts\/156290","targetHints":{"allow":["GET"]}}],"collection":[{"href":"https:\/\/sarmiento24h.com\/index.php?rest_route=\/wp\/v2\/posts"}],"about":[{"href":"https:\/\/sarmiento24h.com\/index.php?rest_route=\/wp\/v2\/types\/post"}],"author":[{"embeddable":true,"href":"https:\/\/sarmiento24h.com\/index.php?rest_route=\/wp\/v2\/users\/1"}],"replies":[{"embeddable":true,"href":"https:\/\/sarmiento24h.com\/index.php?rest_route=%2Fwp%2Fv2%2Fcomments&post=156290"}],"version-history":[{"count":0,"href":"https:\/\/sarmiento24h.com\/index.php?rest_route=\/wp\/v2\/posts\/156290\/revisions"}],"wp:featuredmedia":[{"embeddable":true,"href":"https:\/\/sarmiento24h.com\/index.php?rest_route=\/wp\/v2\/media\/156291"}],"wp:attachment":[{"href":"https:\/\/sarmiento24h.com\/index.php?rest_route=%2Fwp%2Fv2%2Fmedia&parent=156290"}],"wp:term":[{"taxonomy":"category","embeddable":true,"href":"https:\/\/sarmiento24h.com\/index.php?rest_route=%2Fwp%2Fv2%2Fcategories&post=156290"},{"taxonomy":"post_tag","embeddable":true,"href":"https:\/\/sarmiento24h.com\/index.php?rest_route=%2Fwp%2Fv2%2Ftags&post=156290"}],"curies":[{"name":"wp","href":"https:\/\/api.w.org\/{rel}","templated":true}]}}