{"id":156325,"date":"2026-04-26T17:37:11","date_gmt":"2026-04-26T17:37:11","guid":{"rendered":"https:\/\/noticiassin.com\/?p=1986692"},"modified":"2026-04-26T17:37:11","modified_gmt":"2026-04-26T17:37:11","slug":"jarabacoa-refuerza-la-lucha-contra-la-violencia-con-nueva-unidad-de-atencion-a-victimas","status":"publish","type":"post","link":"https:\/\/sarmiento24h.com\/?p=156325","title":{"rendered":"Jarabacoa refuerza la lucha contra la violencia con nueva unidad de atenci\u00f3n a v\u00edctimas"},"content":{"rendered":"<p>La <strong>Procuradur\u00eda General de la Rep\u00fablica<\/strong> dej\u00f3 en funcionamiento en <strong>Jarabacoa<\/strong> una nueva Unidad de Atenci\u00f3n Integral a V\u00edctimas de Violencia de G\u00e9nero, Intrafamiliar y Delitos Sexuales, junto a oficinas del Servicio Legal de Representaci\u00f3n de V\u00edctimas (<strong>Relevic<\/strong>) y del fiscalizador de Tr\u00e1nsito.<\/p>\n<p>La iniciativa forma parte de los esfuerzos institucionales para acercar los servicios del <strong>Ministerio P\u00fablico<\/strong> a las comunidades y ofrecer asistencia m\u00e1s completa a quienes enfrentan situaciones de violencia.<\/p>\n<figure class=\"wp-block-image size-full is-resized\"><img loading=\"lazy\" decoding=\"async\" width=\"1040\" height=\"694\" src=\"https:\/\/multimedia.noticiassin.com\/wp-content\/uploads\/2026\/04\/borrador-automatico-20260426-172422-Bx3g.jpg\" alt class=\"wp-image-1986694 lazy\" data-sizes=\"(max-width: 1040px) 100vw, 1040px\" srcset=\"https:\/\/multimedia.noticiassin.com\/wp-content\/uploads\/2026\/04\/borrador-automatico-20260426-172422-Bx3g.jpg 1040w, https:\/\/multimedia.noticiassin.com\/wp-content\/uploads\/2026\/04\/borrador-automatico-20260426-172422-Bx3g-768x512.jpg 768w, https:\/\/multimedia.noticiassin.com\/wp-content\/uploads\/2026\/04\/borrador-automatico-20260426-172422-Bx3g-1200x801.jpg 1200w\"><\/figure>\n<p>Durante el acto, la procuradora general <strong>Yeni Berenice Reynoso<\/strong> destac\u00f3 que estas instalaciones permitir\u00e1n brindar atenci\u00f3n digna, oportuna y gratuita a las v\u00edctimas, especialmente a aquellas que no cuentan con recursos para acceder a representaci\u00f3n legal.<\/p>\n<ul class=\"wp-block-list\">\n<li>Record\u00f3 que actualmente existen 37 oficinas de <strong>Relevic<\/strong> en todo el pa\u00eds, con m\u00e1s de un centenar de abogados dedicados a acompa\u00f1ar a las personas afectadas.<\/li>\n<\/ul>\n<h3 class=\"wp-block-heading\">Alcance y cifras<\/h3>\n<p>Reynoso expres\u00f3 preocupaci\u00f3n por las cifras de violencia, se\u00f1alando que el <strong>Ministerio P\u00fablico<\/strong> recibi\u00f3 m\u00e1s de 73 mil denuncias en 2025 relacionadas con violencia de g\u00e9nero, intrafamiliar y delitos sexuales. En ese contexto, reiter\u00f3 su llamado a construir una cultura de paz basada en la prevenci\u00f3n, el di\u00e1logo y el fortalecimiento de la familia y la educaci\u00f3n.<\/p>\n<p>La actividad cont\u00f3 con la presencia de autoridades como <strong>Gloria Reyes<\/strong> y <strong>Jos\u00e9 Manuel Cabrera Ulloa<\/strong>, adem\u00e1s de representantes del sistema judicial y del <strong>Ministerio P\u00fablico<\/strong>. Tambi\u00e9n particip\u00f3 el sacerdote <strong>Alberto Espinal<\/strong>, quien bendijo las nuevas instalaciones y exhort\u00f3 a desarrollar programas de acompa\u00f1amiento continuo para las v\u00edctimas.<\/p>\n<h3 class=\"wp-block-heading\">Respuesta local<\/h3>\n<p>A nivel local, las autoridades informaron que en <strong>Jarabacoa<\/strong> se han registrado decenas de denuncias en lo que va de a\u00f1o, reflejando la necesidad de fortalecer los mecanismos de atenci\u00f3n y prevenci\u00f3n. La fiscal titular del municipio subray\u00f3 que esta nueva unidad busca humanizar el proceso, evitando la revictimizaci\u00f3n y garantizando un trato integral.<\/p>\n<p>Reynoso insisti\u00f3 en que gran parte de la violencia surge de conflictos que podr\u00edan resolverse mediante el di\u00e1logo y advirti\u00f3 sobre el impacto que tiene la exposici\u00f3n a entornos violentos en ni\u00f1os y adolescentes. En ese sentido, llam\u00f3 a todos los sectores de la sociedad a <strong>involucrarse en la construcci\u00f3n de un entorno m\u00e1s seguro y justo.<\/strong><\/p>\n<p>Con esta apertura, el <strong>Ministerio P\u00fablico<\/strong> reafirma su compromiso de transformaci\u00f3n institucional y de colocar a las personas en el centro de sus acciones.<\/p>\n","protected":false},"excerpt":{"rendered":"<p>La Procuradur\u00eda General de la Rep\u00fablica dej\u00f3&#46;&#46;&#46;<\/p>\n","protected":false},"author":1,"featured_media":156326,"comment_status":"closed","ping_status":"closed","sticky":false,"template":"","format":"standard","meta":{"_jetpack_memberships_contains_paid_content":false,"footnotes":"","jetpack_publicize_message":"","jetpack_publicize_feature_enabled":true,"jetpack_social_post_already_shared":true,"jetpack_social_options":{"image_generator_settings":{"template":"highway","default_image_id":0,"font":"","enabled":false},"version":2}},"categories":[42],"tags":[],"class_list":["post-156325","post","type-post","status-publish","format-standard","has-post-thumbnail","hentry","category-nacionales"],"yoast_head":"<!-- This site is optimized with the Yoast SEO plugin v27.3 - https:\/\/yoast.com\/product\/yoast-seo-wordpress\/ -->\n<title>Jarabacoa refuerza la lucha contra la violencia con nueva unidad de atenci\u00f3n a v\u00edctimas - Sarmiento24h<\/title>\n<meta name=\"robots\" content=\"index, follow, max-snippet:-1, max-image-preview:large, max-video-preview:-1\" \/>\n<link rel=\"canonical\" href=\"https:\/\/sarmiento24h.com\/?p=156325\" \/>\n<meta property=\"og:locale\" content=\"es_ES\" \/>\n<meta property=\"og:type\" content=\"article\" \/>\n<meta property=\"og:title\" content=\"Jarabacoa refuerza la lucha contra la violencia con nueva unidad de atenci\u00f3n a v\u00edctimas - Sarmiento24h\" \/>\n<meta property=\"og:description\" content=\"La Procuradur\u00eda General de la Rep\u00fablica dej\u00f3&#046;&#046;&#046;\" \/>\n<meta property=\"og:url\" content=\"https:\/\/sarmiento24h.com\/?p=156325\" \/>\n<meta property=\"og:site_name\" content=\"Sarmiento24h\" \/>\n<meta property=\"article:publisher\" content=\"https:\/\/facebook.com\/s24hnoticias\" \/>\n<meta property=\"article:published_time\" content=\"2026-04-26T17:37:11+00:00\" \/>\n<meta name=\"author\" content=\"sarmiento24h@gmail.com\" \/>\n<meta name=\"twitter:card\" content=\"summary_large_image\" \/>\n<meta name=\"twitter:creator\" content=\"@sarmiento24h\" \/>\n<meta name=\"twitter:site\" content=\"@sarmiento24h\" \/>\n<meta name=\"twitter:label1\" content=\"Escrito por\" \/>\n\t<meta name=\"twitter:data1\" content=\"sarmiento24h@gmail.com\" \/>\n\t<meta name=\"twitter:label2\" content=\"Tiempo de lectura\" \/>\n\t<meta name=\"twitter:data2\" content=\"2 minutos\" \/>\n<script type=\"application\/ld+json\" class=\"yoast-schema-graph\">{\"@context\":\"https:\\\/\\\/schema.org\",\"@graph\":[{\"@type\":\"Article\",\"@id\":\"https:\\\/\\\/sarmiento24h.com\\\/?p=156325#article\",\"isPartOf\":{\"@id\":\"https:\\\/\\\/sarmiento24h.com\\\/?p=156325\"},\"author\":{\"name\":\"sarmiento24h@gmail.com\",\"@id\":\"https:\\\/\\\/sarmiento24h.com\\\/#\\\/schema\\\/person\\\/d653a59725ad629a7e0429af7b939d4d\"},\"headline\":\"Jarabacoa refuerza la lucha contra la violencia con nueva unidad de atenci\u00f3n a v\u00edctimas\",\"datePublished\":\"2026-04-26T17:37:11+00:00\",\"mainEntityOfPage\":{\"@id\":\"https:\\\/\\\/sarmiento24h.com\\\/?p=156325\"},\"wordCount\":434,\"publisher\":{\"@id\":\"https:\\\/\\\/sarmiento24h.com\\\/#organization\"},\"image\":{\"@id\":\"https:\\\/\\\/sarmiento24h.com\\\/?p=156325#primaryimage\"},\"thumbnailUrl\":\"https:\\\/\\\/sarmiento24h.com\\\/wp-content\\\/uploads\\\/2026\\\/04\\\/jarabacoa-refuerza-la-lucha-contra-la-violencia-con-nueva-unidad-de-atencion-a-victimas.jpg\",\"articleSection\":[\"Nacionales\"],\"inLanguage\":\"es\"},{\"@type\":\"WebPage\",\"@id\":\"https:\\\/\\\/sarmiento24h.com\\\/?p=156325\",\"url\":\"https:\\\/\\\/sarmiento24h.com\\\/?p=156325\",\"name\":\"Jarabacoa refuerza la lucha contra la violencia con nueva unidad de atenci\u00f3n a v\u00edctimas - Sarmiento24h\",\"isPartOf\":{\"@id\":\"https:\\\/\\\/sarmiento24h.com\\\/#website\"},\"primaryImageOfPage\":{\"@id\":\"https:\\\/\\\/sarmiento24h.com\\\/?p=156325#primaryimage\"},\"image\":{\"@id\":\"https:\\\/\\\/sarmiento24h.com\\\/?p=156325#primaryimage\"},\"thumbnailUrl\":\"https:\\\/\\\/sarmiento24h.com\\\/wp-content\\\/uploads\\\/2026\\\/04\\\/jarabacoa-refuerza-la-lucha-contra-la-violencia-con-nueva-unidad-de-atencion-a-victimas.jpg\",\"datePublished\":\"2026-04-26T17:37:11+00:00\",\"breadcrumb\":{\"@id\":\"https:\\\/\\\/sarmiento24h.com\\\/?p=156325#breadcrumb\"},\"inLanguage\":\"es\",\"potentialAction\":[{\"@type\":\"ReadAction\",\"target\":[\"https:\\\/\\\/sarmiento24h.com\\\/?p=156325\"]}]},{\"@type\":\"ImageObject\",\"inLanguage\":\"es\",\"@id\":\"https:\\\/\\\/sarmiento24h.com\\\/?p=156325#primaryimage\",\"url\":\"https:\\\/\\\/sarmiento24h.com\\\/wp-content\\\/uploads\\\/2026\\\/04\\\/jarabacoa-refuerza-la-lucha-contra-la-violencia-con-nueva-unidad-de-atencion-a-victimas.jpg\",\"contentUrl\":\"https:\\\/\\\/sarmiento24h.com\\\/wp-content\\\/uploads\\\/2026\\\/04\\\/jarabacoa-refuerza-la-lucha-contra-la-violencia-con-nueva-unidad-de-atencion-a-victimas.jpg\",\"width\":1040,\"height\":694},{\"@type\":\"BreadcrumbList\",\"@id\":\"https:\\\/\\\/sarmiento24h.com\\\/?p=156325#breadcrumb\",\"itemListElement\":[{\"@type\":\"ListItem\",\"position\":1,\"name\":\"Home\",\"item\":\"https:\\\/\\\/sarmiento24h.com\\\/\"},{\"@type\":\"ListItem\",\"position\":2,\"name\":\"Jarabacoa refuerza la lucha contra la violencia con nueva unidad de atenci\u00f3n a v\u00edctimas\"}]},{\"@type\":\"WebSite\",\"@id\":\"https:\\\/\\\/sarmiento24h.com\\\/#website\",\"url\":\"https:\\\/\\\/sarmiento24h.com\\\/\",\"name\":\"Sarmiento24h\",\"description\":\"\",\"publisher\":{\"@id\":\"https:\\\/\\\/sarmiento24h.com\\\/#organization\"},\"potentialAction\":[{\"@type\":\"SearchAction\",\"target\":{\"@type\":\"EntryPoint\",\"urlTemplate\":\"https:\\\/\\\/sarmiento24h.com\\\/?s={search_term_string}\"},\"query-input\":{\"@type\":\"PropertyValueSpecification\",\"valueRequired\":true,\"valueName\":\"search_term_string\"}}],\"inLanguage\":\"es\"},{\"@type\":\"Organization\",\"@id\":\"https:\\\/\\\/sarmiento24h.com\\\/#organization\",\"name\":\"Sarmiento24h\",\"url\":\"https:\\\/\\\/sarmiento24h.com\\\/\",\"logo\":{\"@type\":\"ImageObject\",\"inLanguage\":\"es\",\"@id\":\"https:\\\/\\\/sarmiento24h.com\\\/#\\\/schema\\\/logo\\\/image\\\/\",\"url\":\"https:\\\/\\\/sarmiento24h.com\\\/wp-content\\\/uploads\\\/2025\\\/12\\\/AddText_12-16-10.30.52.jpg\",\"contentUrl\":\"https:\\\/\\\/sarmiento24h.com\\\/wp-content\\\/uploads\\\/2025\\\/12\\\/AddText_12-16-10.30.52.jpg\",\"width\":1220,\"height\":324,\"caption\":\"Sarmiento24h\"},\"image\":{\"@id\":\"https:\\\/\\\/sarmiento24h.com\\\/#\\\/schema\\\/logo\\\/image\\\/\"},\"sameAs\":[\"https:\\\/\\\/facebook.com\\\/s24hnoticias\",\"https:\\\/\\\/x.com\\\/sarmiento24h\"]},{\"@type\":\"Person\",\"@id\":\"https:\\\/\\\/sarmiento24h.com\\\/#\\\/schema\\\/person\\\/d653a59725ad629a7e0429af7b939d4d\",\"name\":\"sarmiento24h@gmail.com\",\"image\":{\"@type\":\"ImageObject\",\"inLanguage\":\"es\",\"@id\":\"https:\\\/\\\/sarmiento24h.com\\\/wp-content\\\/litespeed\\\/avatar\\\/d02cbc4e23c747e6659cd45907173c8f.jpg?ver=1777157796\",\"url\":\"https:\\\/\\\/sarmiento24h.com\\\/wp-content\\\/litespeed\\\/avatar\\\/d02cbc4e23c747e6659cd45907173c8f.jpg?ver=1777157796\",\"contentUrl\":\"https:\\\/\\\/sarmiento24h.com\\\/wp-content\\\/litespeed\\\/avatar\\\/d02cbc4e23c747e6659cd45907173c8f.jpg?ver=1777157796\",\"caption\":\"sarmiento24h@gmail.com\"},\"sameAs\":[\"https:\\\/\\\/sarmiento24h.com\"],\"url\":\"https:\\\/\\\/sarmiento24h.com\\\/?author=1\"}]}<\/script>\n<!-- \/ Yoast SEO plugin. -->","yoast_head_json":{"title":"Jarabacoa refuerza la lucha contra la violencia con nueva unidad de atenci\u00f3n a v\u00edctimas - Sarmiento24h","robots":{"index":"index","follow":"follow","max-snippet":"max-snippet:-1","max-image-preview":"max-image-preview:large","max-video-preview":"max-video-preview:-1"},"canonical":"https:\/\/sarmiento24h.com\/?p=156325","og_locale":"es_ES","og_type":"article","og_title":"Jarabacoa refuerza la lucha contra la violencia con nueva unidad de atenci\u00f3n a v\u00edctimas - Sarmiento24h","og_description":"La Procuradur\u00eda General de la Rep\u00fablica dej\u00f3&#46;&#46;&#46;","og_url":"https:\/\/sarmiento24h.com\/?p=156325","og_site_name":"Sarmiento24h","article_publisher":"https:\/\/facebook.com\/s24hnoticias","article_published_time":"2026-04-26T17:37:11+00:00","author":"sarmiento24h@gmail.com","twitter_card":"summary_large_image","twitter_creator":"@sarmiento24h","twitter_site":"@sarmiento24h","twitter_misc":{"Escrito por":"sarmiento24h@gmail.com","Tiempo de lectura":"2 minutos"},"schema":{"@context":"https:\/\/schema.org","@graph":[{"@type":"Article","@id":"https:\/\/sarmiento24h.com\/?p=156325#article","isPartOf":{"@id":"https:\/\/sarmiento24h.com\/?p=156325"},"author":{"name":"sarmiento24h@gmail.com","@id":"https:\/\/sarmiento24h.com\/#\/schema\/person\/d653a59725ad629a7e0429af7b939d4d"},"headline":"Jarabacoa refuerza la lucha contra la violencia con nueva unidad de atenci\u00f3n a v\u00edctimas","datePublished":"2026-04-26T17:37:11+00:00","mainEntityOfPage":{"@id":"https:\/\/sarmiento24h.com\/?p=156325"},"wordCount":434,"publisher":{"@id":"https:\/\/sarmiento24h.com\/#organization"},"image":{"@id":"https:\/\/sarmiento24h.com\/?p=156325#primaryimage"},"thumbnailUrl":"https:\/\/sarmiento24h.com\/wp-content\/uploads\/2026\/04\/jarabacoa-refuerza-la-lucha-contra-la-violencia-con-nueva-unidad-de-atencion-a-victimas.jpg","articleSection":["Nacionales"],"inLanguage":"es"},{"@type":"WebPage","@id":"https:\/\/sarmiento24h.com\/?p=156325","url":"https:\/\/sarmiento24h.com\/?p=156325","name":"Jarabacoa refuerza la lucha contra la violencia con nueva unidad de atenci\u00f3n a v\u00edctimas - Sarmiento24h","isPartOf":{"@id":"https:\/\/sarmiento24h.com\/#website"},"primaryImageOfPage":{"@id":"https:\/\/sarmiento24h.com\/?p=156325#primaryimage"},"image":{"@id":"https:\/\/sarmiento24h.com\/?p=156325#primaryimage"},"thumbnailUrl":"https:\/\/sarmiento24h.com\/wp-content\/uploads\/2026\/04\/jarabacoa-refuerza-la-lucha-contra-la-violencia-con-nueva-unidad-de-atencion-a-victimas.jpg","datePublished":"2026-04-26T17:37:11+00:00","breadcrumb":{"@id":"https:\/\/sarmiento24h.com\/?p=156325#breadcrumb"},"inLanguage":"es","potentialAction":[{"@type":"ReadAction","target":["https:\/\/sarmiento24h.com\/?p=156325"]}]},{"@type":"ImageObject","inLanguage":"es","@id":"https:\/\/sarmiento24h.com\/?p=156325#primaryimage","url":"https:\/\/sarmiento24h.com\/wp-content\/uploads\/2026\/04\/jarabacoa-refuerza-la-lucha-contra-la-violencia-con-nueva-unidad-de-atencion-a-victimas.jpg","contentUrl":"https:\/\/sarmiento24h.com\/wp-content\/uploads\/2026\/04\/jarabacoa-refuerza-la-lucha-contra-la-violencia-con-nueva-unidad-de-atencion-a-victimas.jpg","width":1040,"height":694},{"@type":"BreadcrumbList","@id":"https:\/\/sarmiento24h.com\/?p=156325#breadcrumb","itemListElement":[{"@type":"ListItem","position":1,"name":"Home","item":"https:\/\/sarmiento24h.com\/"},{"@type":"ListItem","position":2,"name":"Jarabacoa refuerza la lucha contra la violencia con nueva unidad de atenci\u00f3n a v\u00edctimas"}]},{"@type":"WebSite","@id":"https:\/\/sarmiento24h.com\/#website","url":"https:\/\/sarmiento24h.com\/","name":"Sarmiento24h","description":"","publisher":{"@id":"https:\/\/sarmiento24h.com\/#organization"},"potentialAction":[{"@type":"SearchAction","target":{"@type":"EntryPoint","urlTemplate":"https:\/\/sarmiento24h.com\/?s={search_term_string}"},"query-input":{"@type":"PropertyValueSpecification","valueRequired":true,"valueName":"search_term_string"}}],"inLanguage":"es"},{"@type":"Organization","@id":"https:\/\/sarmiento24h.com\/#organization","name":"Sarmiento24h","url":"https:\/\/sarmiento24h.com\/","logo":{"@type":"ImageObject","inLanguage":"es","@id":"https:\/\/sarmiento24h.com\/#\/schema\/logo\/image\/","url":"https:\/\/sarmiento24h.com\/wp-content\/uploads\/2025\/12\/AddText_12-16-10.30.52.jpg","contentUrl":"https:\/\/sarmiento24h.com\/wp-content\/uploads\/2025\/12\/AddText_12-16-10.30.52.jpg","width":1220,"height":324,"caption":"Sarmiento24h"},"image":{"@id":"https:\/\/sarmiento24h.com\/#\/schema\/logo\/image\/"},"sameAs":["https:\/\/facebook.com\/s24hnoticias","https:\/\/x.com\/sarmiento24h"]},{"@type":"Person","@id":"https:\/\/sarmiento24h.com\/#\/schema\/person\/d653a59725ad629a7e0429af7b939d4d","name":"sarmiento24h@gmail.com","image":{"@type":"ImageObject","inLanguage":"es","@id":"https:\/\/sarmiento24h.com\/wp-content\/litespeed\/avatar\/d02cbc4e23c747e6659cd45907173c8f.jpg?ver=1777157796","url":"https:\/\/sarmiento24h.com\/wp-content\/litespeed\/avatar\/d02cbc4e23c747e6659cd45907173c8f.jpg?ver=1777157796","contentUrl":"https:\/\/sarmiento24h.com\/wp-content\/litespeed\/avatar\/d02cbc4e23c747e6659cd45907173c8f.jpg?ver=1777157796","caption":"sarmiento24h@gmail.com"},"sameAs":["https:\/\/sarmiento24h.com"],"url":"https:\/\/sarmiento24h.com\/?author=1"}]}},"jetpack_publicize_connections":[],"jetpack_featured_media_url":"https:\/\/sarmiento24h.com\/wp-content\/uploads\/2026\/04\/jarabacoa-refuerza-la-lucha-contra-la-violencia-con-nueva-unidad-de-atencion-a-victimas.jpg","jetpack_sharing_enabled":true,"_links":{"self":[{"href":"https:\/\/sarmiento24h.com\/index.php?rest_route=\/wp\/v2\/posts\/156325","targetHints":{"allow":["GET"]}}],"collection":[{"href":"https:\/\/sarmiento24h.com\/index.php?rest_route=\/wp\/v2\/posts"}],"about":[{"href":"https:\/\/sarmiento24h.com\/index.php?rest_route=\/wp\/v2\/types\/post"}],"author":[{"embeddable":true,"href":"https:\/\/sarmiento24h.com\/index.php?rest_route=\/wp\/v2\/users\/1"}],"replies":[{"embeddable":true,"href":"https:\/\/sarmiento24h.com\/index.php?rest_route=%2Fwp%2Fv2%2Fcomments&post=156325"}],"version-history":[{"count":0,"href":"https:\/\/sarmiento24h.com\/index.php?rest_route=\/wp\/v2\/posts\/156325\/revisions"}],"wp:featuredmedia":[{"embeddable":true,"href":"https:\/\/sarmiento24h.com\/index.php?rest_route=\/wp\/v2\/media\/156326"}],"wp:attachment":[{"href":"https:\/\/sarmiento24h.com\/index.php?rest_route=%2Fwp%2Fv2%2Fmedia&parent=156325"}],"wp:term":[{"taxonomy":"category","embeddable":true,"href":"https:\/\/sarmiento24h.com\/index.php?rest_route=%2Fwp%2Fv2%2Fcategories&post=156325"},{"taxonomy":"post_tag","embeddable":true,"href":"https:\/\/sarmiento24h.com\/index.php?rest_route=%2Fwp%2Fv2%2Ftags&post=156325"}],"curies":[{"name":"wp","href":"https:\/\/api.w.org\/{rel}","templated":true}]}}