{"id":156403,"date":"2026-04-26T18:27:15","date_gmt":"2026-04-26T18:27:15","guid":{"rendered":"https:\/\/diariodigitalrd.com\/?p=701245"},"modified":"2026-04-26T18:27:15","modified_gmt":"2026-04-26T18:27:15","slug":"adopae-renueva-su-directiva-y-fausto-polanco-asume-la-presidencia","status":"publish","type":"post","link":"https:\/\/sarmiento24h.com\/?p=156403","title":{"rendered":"Adopae renueva su directiva y Fausto Polanco asume la presidencia"},"content":{"rendered":"<h2 class=\"wp-block-heading\">La academia inicia el per\u00edodo 2026-2028 con \u00e9nfasis en \u00e9tica y formaci\u00f3n<\/h2>\n<p class=\"has-drop-cap has-medium-font-size\">La Academia Dominicana de Periodistas de Arte y Espect\u00e1culos (Adopae) entra en una nueva etapa institucional tras elegir este s\u00e1bado a su Consejo Directivo y a los integrantes de la <strong>Comisi\u00f3n de \u00c9tica,<\/strong> durante una asamblea. dedicada al reci\u00e9n fallecido cronista <strong>Carlos Batista<\/strong>, que reuni\u00f3 a una amplia representaci\u00f3n de sus miembros.<\/p>\n<figure class=\"wp-block-image size-large\"><img loading=\"lazy\" decoding=\"async\" width=\"1024\" height=\"576\" src=\"https:\/\/diariodigitalrd.b-cdn.net\/2026\/04\/IMG_3234-1024x576.jpeg\" alt class=\"wp-image-701247\" srcset=\"https:\/\/diariodigitalrd.b-cdn.net\/2026\/04\/IMG_3234-1024x576.jpeg 1024w, https:\/\/diariodigitalrd.b-cdn.net\/2026\/04\/IMG_3234-300x169.jpeg 300w, https:\/\/diariodigitalrd.b-cdn.net\/2026\/04\/IMG_3234-768x432.jpeg 768w, https:\/\/diariodigitalrd.b-cdn.net\/2026\/04\/IMG_3234-384x216.jpeg 384w, https:\/\/diariodigitalrd.b-cdn.net\/2026\/04\/IMG_3234-1200x675.jpeg 1200w, https:\/\/diariodigitalrd.b-cdn.net\/2026\/04\/IMG_3234.jpeg 1280w\" sizes=\"auto, (max-width: 1024px) 100vw, 1024px\"><\/figure>\n<p>La elecci\u00f3n se realiz\u00f3 de forma un\u00e1nime y design\u00f3 como presidente al periodista y escritor Fausto Polanco, miembro fundador de la entidad y actual editor de Espect\u00e1culos del peri\u00f3dico <em>El D\u00eda<\/em>. La decisi\u00f3n fue recibida con respaldo pleno, en un ambiente marcado por la integraci\u00f3n y el consenso.<\/p>\n<p>La nueva directiva asumir\u00e1 la conducci\u00f3n de Adopae durante el per\u00edodo 2026-2028, con una agenda centrada en el fortalecimiento del gremio, la capacitaci\u00f3n continua y el desarrollo de iniciativas vinculadas al periodismo cultural y de entretenimiento en la Rep\u00fablica Dominicana. Se trata de una etapa que busca consolidar lo alcanzado y responder a los retos actuales del ejercicio period\u00edstico.<\/p>\n<p>Junto a Polanco, el Consejo Directivo qued\u00f3 conformado por <strong>Jos\u00e9 Antonio Aybar como primer vicepresidente; Ricardo Rodr\u00edguez Rosa, segundo vicepresidente; Cristina Liriano, secretaria general; y Alfonso Qui\u00f1ones, secretario de Finanzas. Tambi\u00e9n integran la directiva Rosmery Mart\u00ednez, encargada de Asuntos Internacionales; Ram\u00f3n Alm\u00e1nzar, en Asuntos Interinstitucionales; Ynmaculada Cruz, responsable de Relaciones P\u00fablicas; y Napole\u00f3n Beras, <\/strong>al frente del \u00e1rea de Educaci\u00f3n y Formaci\u00f3n Profesional.<\/p>\n<p class=\"has-medium-font-size\">La estructura se completa con Muriel Soriano, encargada de Tecnolog\u00eda y Plataformas Digitales, y <strong>Rafael Padilla, <\/strong>responsable de Eventos y Protocolo. Durante la misma jornada fue escogida como directora ejecutiva la periodista <strong>Yenny Polanco Lovera.<\/strong><\/p>\n<p>Al dirigirse a los presentes, Fausto Polanco agradeci\u00f3 la confianza depositada por los miembros de la academia y reafirm\u00f3 su compromiso con el fortalecimiento institucional. Se\u00f1al\u00f3 que su gesti\u00f3n priorizar\u00e1 la unidad del gremio, el impulso de proyectos de formaci\u00f3n y la defensa del ejercicio \u00e9tico del periodismo de arte y espect\u00e1culos.<\/p>\n<figure class=\"wp-block-image size-full\"><img loading=\"lazy\" decoding=\"async\" width=\"974\" height=\"524\" src=\"https:\/\/diariodigitalrd.b-cdn.net\/2026\/04\/IMG_3236.png\" alt class=\"wp-image-701248\" srcset=\"https:\/\/diariodigitalrd.b-cdn.net\/2026\/04\/IMG_3236.png 974w, https:\/\/diariodigitalrd.b-cdn.net\/2026\/04\/IMG_3236-300x161.png 300w, https:\/\/diariodigitalrd.b-cdn.net\/2026\/04\/IMG_3236-768x413.png 768w\" sizes=\"auto, (max-width: 974px) 100vw, 974px\"><\/figure>\n<p>La asamblea tambi\u00e9n sirvi\u00f3 de espacio para reconocer la labor de la directiva saliente, encabezada por el periodista <strong>Severo Rivera<\/strong>. Rivera destac\u00f3 los avances logrados durante su gesti\u00f3n, entre ellos el crecimiento institucional, la integraci\u00f3n de nuevos miembros y el posicionamiento alcanzado por Adopae en el \u00e1mbito cultural y medi\u00e1tico.<\/p>\n<p>El encuentro se desarroll\u00f3 en un ambiente fraterno y participativo, con asistencia de miembros procedentes de distintas demarcaciones del pa\u00eds, incluyendo Santiago y El Seibo. La jornada estuvo dedicada a honrar la memoria del fenecido <strong>periodista y escritor Carlos Batista Matos<\/strong>, figura clave del periodismo de espect\u00e1culos dominicano, cuyo legado fue resaltado por los asistentes.<\/p>\n<p class=\"has-medium-font-size\">Durante la asamblea se aprob\u00f3 adem\u00e1s el ingreso del periodista Reyes Guzm\u00e1n a la Comisi\u00f3n de \u00c9tica. Dicho organismo qued\u00f3 presidido por <strong>Estuardo Arias, con Abel Rojas como secretario, y como miembros Reyes Guzm\u00e1n, Miguelina Terrero y Fior D\u2019aliza Taveras.<\/strong><\/p>\n<p>Asimismo, fue presentado el Comit\u00e9 de Desarrollo de Proyectos, integrado por Severo Rivera, Jos\u00e9 Tejada G\u00f3mez y Dar\u00edo Fern\u00e1ndez, con la misi\u00f3n de impulsar nuevas iniciativas para la instituci\u00f3n.<\/p>\n<p>Fundada el 6 de julio de 2022, Adopae es una entidad sin fines de lucro que agrupa a profesionales del periodismo cultural y de entretenimiento. Con la elecci\u00f3n de sus nuevas autoridades, la academia reafirma su prop\u00f3sito de crecer, adaptarse a los desaf\u00edos digitales y seguir elevando la calidad del periodismo especializado en el pa\u00eds.<\/p>\n","protected":false},"excerpt":{"rendered":"<p>La academia inicia el per\u00edodo 2026-2028 con&#46;&#46;&#46;<\/p>\n","protected":false},"author":1,"featured_media":156404,"comment_status":"closed","ping_status":"closed","sticky":false,"template":"","format":"standard","meta":{"_jetpack_memberships_contains_paid_content":false,"footnotes":"","jetpack_publicize_message":"","jetpack_publicize_feature_enabled":true,"jetpack_social_post_already_shared":true,"jetpack_social_options":{"image_generator_settings":{"template":"highway","default_image_id":0,"font":"","enabled":false},"version":2}},"categories":[55],"tags":[],"class_list":["post-156403","post","type-post","status-publish","format-standard","has-post-thumbnail","hentry","category-entretenimiento"],"yoast_head":"<!-- This site is optimized with the Yoast SEO plugin v27.3 - https:\/\/yoast.com\/product\/yoast-seo-wordpress\/ -->\n<title>Adopae renueva su directiva y Fausto Polanco asume la presidencia - Sarmiento24h<\/title>\n<meta name=\"robots\" content=\"index, follow, max-snippet:-1, max-image-preview:large, max-video-preview:-1\" \/>\n<link rel=\"canonical\" href=\"https:\/\/sarmiento24h.com\/?p=156403\" \/>\n<meta property=\"og:locale\" content=\"es_ES\" \/>\n<meta property=\"og:type\" content=\"article\" \/>\n<meta property=\"og:title\" content=\"Adopae renueva su directiva y Fausto Polanco asume la presidencia - Sarmiento24h\" \/>\n<meta property=\"og:description\" content=\"La academia inicia el per\u00edodo 2026-2028 con&#046;&#046;&#046;\" \/>\n<meta property=\"og:url\" content=\"https:\/\/sarmiento24h.com\/?p=156403\" \/>\n<meta property=\"og:site_name\" content=\"Sarmiento24h\" \/>\n<meta property=\"article:publisher\" content=\"https:\/\/facebook.com\/s24hnoticias\" \/>\n<meta property=\"article:published_time\" content=\"2026-04-26T18:27:15+00:00\" \/>\n<meta name=\"author\" content=\"sarmiento24h@gmail.com\" \/>\n<meta name=\"twitter:card\" content=\"summary_large_image\" \/>\n<meta name=\"twitter:creator\" content=\"@sarmiento24h\" \/>\n<meta name=\"twitter:site\" content=\"@sarmiento24h\" \/>\n<meta name=\"twitter:label1\" content=\"Escrito por\" \/>\n\t<meta name=\"twitter:data1\" content=\"sarmiento24h@gmail.com\" \/>\n\t<meta name=\"twitter:label2\" content=\"Tiempo de lectura\" \/>\n\t<meta name=\"twitter:data2\" content=\"3 minutos\" \/>\n<script type=\"application\/ld+json\" class=\"yoast-schema-graph\">{\"@context\":\"https:\\\/\\\/schema.org\",\"@graph\":[{\"@type\":\"Article\",\"@id\":\"https:\\\/\\\/sarmiento24h.com\\\/?p=156403#article\",\"isPartOf\":{\"@id\":\"https:\\\/\\\/sarmiento24h.com\\\/?p=156403\"},\"author\":{\"name\":\"sarmiento24h@gmail.com\",\"@id\":\"https:\\\/\\\/sarmiento24h.com\\\/#\\\/schema\\\/person\\\/d653a59725ad629a7e0429af7b939d4d\"},\"headline\":\"Adopae renueva su directiva y Fausto Polanco asume la presidencia\",\"datePublished\":\"2026-04-26T18:27:15+00:00\",\"mainEntityOfPage\":{\"@id\":\"https:\\\/\\\/sarmiento24h.com\\\/?p=156403\"},\"wordCount\":612,\"publisher\":{\"@id\":\"https:\\\/\\\/sarmiento24h.com\\\/#organization\"},\"image\":{\"@id\":\"https:\\\/\\\/sarmiento24h.com\\\/?p=156403#primaryimage\"},\"thumbnailUrl\":\"https:\\\/\\\/sarmiento24h.com\\\/wp-content\\\/uploads\\\/2026\\\/04\\\/adopae-renueva-su-directiva-y-fausto-polanco-asume-la-presidencia.jpg\",\"articleSection\":[\"Entretenimiento\"],\"inLanguage\":\"es\"},{\"@type\":\"WebPage\",\"@id\":\"https:\\\/\\\/sarmiento24h.com\\\/?p=156403\",\"url\":\"https:\\\/\\\/sarmiento24h.com\\\/?p=156403\",\"name\":\"Adopae renueva su directiva y Fausto Polanco asume la presidencia - Sarmiento24h\",\"isPartOf\":{\"@id\":\"https:\\\/\\\/sarmiento24h.com\\\/#website\"},\"primaryImageOfPage\":{\"@id\":\"https:\\\/\\\/sarmiento24h.com\\\/?p=156403#primaryimage\"},\"image\":{\"@id\":\"https:\\\/\\\/sarmiento24h.com\\\/?p=156403#primaryimage\"},\"thumbnailUrl\":\"https:\\\/\\\/sarmiento24h.com\\\/wp-content\\\/uploads\\\/2026\\\/04\\\/adopae-renueva-su-directiva-y-fausto-polanco-asume-la-presidencia.jpg\",\"datePublished\":\"2026-04-26T18:27:15+00:00\",\"breadcrumb\":{\"@id\":\"https:\\\/\\\/sarmiento24h.com\\\/?p=156403#breadcrumb\"},\"inLanguage\":\"es\",\"potentialAction\":[{\"@type\":\"ReadAction\",\"target\":[\"https:\\\/\\\/sarmiento24h.com\\\/?p=156403\"]}]},{\"@type\":\"ImageObject\",\"inLanguage\":\"es\",\"@id\":\"https:\\\/\\\/sarmiento24h.com\\\/?p=156403#primaryimage\",\"url\":\"https:\\\/\\\/sarmiento24h.com\\\/wp-content\\\/uploads\\\/2026\\\/04\\\/adopae-renueva-su-directiva-y-fausto-polanco-asume-la-presidencia.jpg\",\"contentUrl\":\"https:\\\/\\\/sarmiento24h.com\\\/wp-content\\\/uploads\\\/2026\\\/04\\\/adopae-renueva-su-directiva-y-fausto-polanco-asume-la-presidencia.jpg\",\"width\":1024,\"height\":576},{\"@type\":\"BreadcrumbList\",\"@id\":\"https:\\\/\\\/sarmiento24h.com\\\/?p=156403#breadcrumb\",\"itemListElement\":[{\"@type\":\"ListItem\",\"position\":1,\"name\":\"Home\",\"item\":\"https:\\\/\\\/sarmiento24h.com\\\/\"},{\"@type\":\"ListItem\",\"position\":2,\"name\":\"Adopae renueva su directiva y Fausto Polanco asume la presidencia\"}]},{\"@type\":\"WebSite\",\"@id\":\"https:\\\/\\\/sarmiento24h.com\\\/#website\",\"url\":\"https:\\\/\\\/sarmiento24h.com\\\/\",\"name\":\"Sarmiento24h\",\"description\":\"\",\"publisher\":{\"@id\":\"https:\\\/\\\/sarmiento24h.com\\\/#organization\"},\"potentialAction\":[{\"@type\":\"SearchAction\",\"target\":{\"@type\":\"EntryPoint\",\"urlTemplate\":\"https:\\\/\\\/sarmiento24h.com\\\/?s={search_term_string}\"},\"query-input\":{\"@type\":\"PropertyValueSpecification\",\"valueRequired\":true,\"valueName\":\"search_term_string\"}}],\"inLanguage\":\"es\"},{\"@type\":\"Organization\",\"@id\":\"https:\\\/\\\/sarmiento24h.com\\\/#organization\",\"name\":\"Sarmiento24h\",\"url\":\"https:\\\/\\\/sarmiento24h.com\\\/\",\"logo\":{\"@type\":\"ImageObject\",\"inLanguage\":\"es\",\"@id\":\"https:\\\/\\\/sarmiento24h.com\\\/#\\\/schema\\\/logo\\\/image\\\/\",\"url\":\"https:\\\/\\\/sarmiento24h.com\\\/wp-content\\\/uploads\\\/2025\\\/12\\\/AddText_12-16-10.30.52.jpg\",\"contentUrl\":\"https:\\\/\\\/sarmiento24h.com\\\/wp-content\\\/uploads\\\/2025\\\/12\\\/AddText_12-16-10.30.52.jpg\",\"width\":1220,\"height\":324,\"caption\":\"Sarmiento24h\"},\"image\":{\"@id\":\"https:\\\/\\\/sarmiento24h.com\\\/#\\\/schema\\\/logo\\\/image\\\/\"},\"sameAs\":[\"https:\\\/\\\/facebook.com\\\/s24hnoticias\",\"https:\\\/\\\/x.com\\\/sarmiento24h\"]},{\"@type\":\"Person\",\"@id\":\"https:\\\/\\\/sarmiento24h.com\\\/#\\\/schema\\\/person\\\/d653a59725ad629a7e0429af7b939d4d\",\"name\":\"sarmiento24h@gmail.com\",\"image\":{\"@type\":\"ImageObject\",\"inLanguage\":\"es\",\"@id\":\"https:\\\/\\\/sarmiento24h.com\\\/wp-content\\\/litespeed\\\/avatar\\\/d02cbc4e23c747e6659cd45907173c8f.jpg?ver=1777157796\",\"url\":\"https:\\\/\\\/sarmiento24h.com\\\/wp-content\\\/litespeed\\\/avatar\\\/d02cbc4e23c747e6659cd45907173c8f.jpg?ver=1777157796\",\"contentUrl\":\"https:\\\/\\\/sarmiento24h.com\\\/wp-content\\\/litespeed\\\/avatar\\\/d02cbc4e23c747e6659cd45907173c8f.jpg?ver=1777157796\",\"caption\":\"sarmiento24h@gmail.com\"},\"sameAs\":[\"https:\\\/\\\/sarmiento24h.com\"],\"url\":\"https:\\\/\\\/sarmiento24h.com\\\/?author=1\"}]}<\/script>\n<!-- \/ Yoast SEO plugin. -->","yoast_head_json":{"title":"Adopae renueva su directiva y Fausto Polanco asume la presidencia - Sarmiento24h","robots":{"index":"index","follow":"follow","max-snippet":"max-snippet:-1","max-image-preview":"max-image-preview:large","max-video-preview":"max-video-preview:-1"},"canonical":"https:\/\/sarmiento24h.com\/?p=156403","og_locale":"es_ES","og_type":"article","og_title":"Adopae renueva su directiva y Fausto Polanco asume la presidencia - Sarmiento24h","og_description":"La academia inicia el per\u00edodo 2026-2028 con&#46;&#46;&#46;","og_url":"https:\/\/sarmiento24h.com\/?p=156403","og_site_name":"Sarmiento24h","article_publisher":"https:\/\/facebook.com\/s24hnoticias","article_published_time":"2026-04-26T18:27:15+00:00","author":"sarmiento24h@gmail.com","twitter_card":"summary_large_image","twitter_creator":"@sarmiento24h","twitter_site":"@sarmiento24h","twitter_misc":{"Escrito por":"sarmiento24h@gmail.com","Tiempo de lectura":"3 minutos"},"schema":{"@context":"https:\/\/schema.org","@graph":[{"@type":"Article","@id":"https:\/\/sarmiento24h.com\/?p=156403#article","isPartOf":{"@id":"https:\/\/sarmiento24h.com\/?p=156403"},"author":{"name":"sarmiento24h@gmail.com","@id":"https:\/\/sarmiento24h.com\/#\/schema\/person\/d653a59725ad629a7e0429af7b939d4d"},"headline":"Adopae renueva su directiva y Fausto Polanco asume la presidencia","datePublished":"2026-04-26T18:27:15+00:00","mainEntityOfPage":{"@id":"https:\/\/sarmiento24h.com\/?p=156403"},"wordCount":612,"publisher":{"@id":"https:\/\/sarmiento24h.com\/#organization"},"image":{"@id":"https:\/\/sarmiento24h.com\/?p=156403#primaryimage"},"thumbnailUrl":"https:\/\/sarmiento24h.com\/wp-content\/uploads\/2026\/04\/adopae-renueva-su-directiva-y-fausto-polanco-asume-la-presidencia.jpg","articleSection":["Entretenimiento"],"inLanguage":"es"},{"@type":"WebPage","@id":"https:\/\/sarmiento24h.com\/?p=156403","url":"https:\/\/sarmiento24h.com\/?p=156403","name":"Adopae renueva su directiva y Fausto Polanco asume la presidencia - Sarmiento24h","isPartOf":{"@id":"https:\/\/sarmiento24h.com\/#website"},"primaryImageOfPage":{"@id":"https:\/\/sarmiento24h.com\/?p=156403#primaryimage"},"image":{"@id":"https:\/\/sarmiento24h.com\/?p=156403#primaryimage"},"thumbnailUrl":"https:\/\/sarmiento24h.com\/wp-content\/uploads\/2026\/04\/adopae-renueva-su-directiva-y-fausto-polanco-asume-la-presidencia.jpg","datePublished":"2026-04-26T18:27:15+00:00","breadcrumb":{"@id":"https:\/\/sarmiento24h.com\/?p=156403#breadcrumb"},"inLanguage":"es","potentialAction":[{"@type":"ReadAction","target":["https:\/\/sarmiento24h.com\/?p=156403"]}]},{"@type":"ImageObject","inLanguage":"es","@id":"https:\/\/sarmiento24h.com\/?p=156403#primaryimage","url":"https:\/\/sarmiento24h.com\/wp-content\/uploads\/2026\/04\/adopae-renueva-su-directiva-y-fausto-polanco-asume-la-presidencia.jpg","contentUrl":"https:\/\/sarmiento24h.com\/wp-content\/uploads\/2026\/04\/adopae-renueva-su-directiva-y-fausto-polanco-asume-la-presidencia.jpg","width":1024,"height":576},{"@type":"BreadcrumbList","@id":"https:\/\/sarmiento24h.com\/?p=156403#breadcrumb","itemListElement":[{"@type":"ListItem","position":1,"name":"Home","item":"https:\/\/sarmiento24h.com\/"},{"@type":"ListItem","position":2,"name":"Adopae renueva su directiva y Fausto Polanco asume la presidencia"}]},{"@type":"WebSite","@id":"https:\/\/sarmiento24h.com\/#website","url":"https:\/\/sarmiento24h.com\/","name":"Sarmiento24h","description":"","publisher":{"@id":"https:\/\/sarmiento24h.com\/#organization"},"potentialAction":[{"@type":"SearchAction","target":{"@type":"EntryPoint","urlTemplate":"https:\/\/sarmiento24h.com\/?s={search_term_string}"},"query-input":{"@type":"PropertyValueSpecification","valueRequired":true,"valueName":"search_term_string"}}],"inLanguage":"es"},{"@type":"Organization","@id":"https:\/\/sarmiento24h.com\/#organization","name":"Sarmiento24h","url":"https:\/\/sarmiento24h.com\/","logo":{"@type":"ImageObject","inLanguage":"es","@id":"https:\/\/sarmiento24h.com\/#\/schema\/logo\/image\/","url":"https:\/\/sarmiento24h.com\/wp-content\/uploads\/2025\/12\/AddText_12-16-10.30.52.jpg","contentUrl":"https:\/\/sarmiento24h.com\/wp-content\/uploads\/2025\/12\/AddText_12-16-10.30.52.jpg","width":1220,"height":324,"caption":"Sarmiento24h"},"image":{"@id":"https:\/\/sarmiento24h.com\/#\/schema\/logo\/image\/"},"sameAs":["https:\/\/facebook.com\/s24hnoticias","https:\/\/x.com\/sarmiento24h"]},{"@type":"Person","@id":"https:\/\/sarmiento24h.com\/#\/schema\/person\/d653a59725ad629a7e0429af7b939d4d","name":"sarmiento24h@gmail.com","image":{"@type":"ImageObject","inLanguage":"es","@id":"https:\/\/sarmiento24h.com\/wp-content\/litespeed\/avatar\/d02cbc4e23c747e6659cd45907173c8f.jpg?ver=1777157796","url":"https:\/\/sarmiento24h.com\/wp-content\/litespeed\/avatar\/d02cbc4e23c747e6659cd45907173c8f.jpg?ver=1777157796","contentUrl":"https:\/\/sarmiento24h.com\/wp-content\/litespeed\/avatar\/d02cbc4e23c747e6659cd45907173c8f.jpg?ver=1777157796","caption":"sarmiento24h@gmail.com"},"sameAs":["https:\/\/sarmiento24h.com"],"url":"https:\/\/sarmiento24h.com\/?author=1"}]}},"jetpack_publicize_connections":[],"jetpack_featured_media_url":"https:\/\/sarmiento24h.com\/wp-content\/uploads\/2026\/04\/adopae-renueva-su-directiva-y-fausto-polanco-asume-la-presidencia.jpg","jetpack_sharing_enabled":true,"_links":{"self":[{"href":"https:\/\/sarmiento24h.com\/index.php?rest_route=\/wp\/v2\/posts\/156403","targetHints":{"allow":["GET"]}}],"collection":[{"href":"https:\/\/sarmiento24h.com\/index.php?rest_route=\/wp\/v2\/posts"}],"about":[{"href":"https:\/\/sarmiento24h.com\/index.php?rest_route=\/wp\/v2\/types\/post"}],"author":[{"embeddable":true,"href":"https:\/\/sarmiento24h.com\/index.php?rest_route=\/wp\/v2\/users\/1"}],"replies":[{"embeddable":true,"href":"https:\/\/sarmiento24h.com\/index.php?rest_route=%2Fwp%2Fv2%2Fcomments&post=156403"}],"version-history":[{"count":0,"href":"https:\/\/sarmiento24h.com\/index.php?rest_route=\/wp\/v2\/posts\/156403\/revisions"}],"wp:featuredmedia":[{"embeddable":true,"href":"https:\/\/sarmiento24h.com\/index.php?rest_route=\/wp\/v2\/media\/156404"}],"wp:attachment":[{"href":"https:\/\/sarmiento24h.com\/index.php?rest_route=%2Fwp%2Fv2%2Fmedia&parent=156403"}],"wp:term":[{"taxonomy":"category","embeddable":true,"href":"https:\/\/sarmiento24h.com\/index.php?rest_route=%2Fwp%2Fv2%2Fcategories&post=156403"},{"taxonomy":"post_tag","embeddable":true,"href":"https:\/\/sarmiento24h.com\/index.php?rest_route=%2Fwp%2Fv2%2Ftags&post=156403"}],"curies":[{"name":"wp","href":"https:\/\/api.w.org\/{rel}","templated":true}]}}