{"id":156614,"date":"2026-04-26T19:48:53","date_gmt":"2026-04-26T19:48:53","guid":{"rendered":"http:\/\/69ee47301dd18a0c2645dda3"},"modified":"2026-04-26T19:48:53","modified_gmt":"2026-04-26T19:48:53","slug":"estudio-define-los-tiempos-que-hay-que-dormir-y-hacer-ejercicio-para-reducir-los-riesgos-de-demencia","status":"publish","type":"post","link":"https:\/\/sarmiento24h.com\/?p=156614","title":{"rendered":"Estudio define los tiempos que hay que dormir y hacer ejercicio para reducir los riesgos de demencia"},"content":{"rendered":"<p>La mala calidad del sue\u00f1o, el sedentarismo y la falta de ejercicio son malos para la salud. Eso no es ninguna revelaci\u00f3n. Varios estudios han demostrado v\u00ednculos entre estos factores y diversas afectaciones, como enfermedades cardiovasculares, alteraciones neurocognitivas y hasta la muerte prematura por cualquier causa. Ahora bien, \u00bfqu\u00e9 tanto hay que dormir o ejercitarse para llevar una vida m\u00e1s sana? Un nuevo estudio se dio a la tarea de definir en t\u00e9rminos m\u00e1s precisos los tiempos necesarios de sue\u00f1o y actividad f\u00edsica para reducir las probabilidades de desarrollar demencia en personas mayores a 35 a\u00f1os.<\/p>\n<p>Para evaluar tres comportamientos cotidianos respecto al desarrollo de demencia (la actividad f\u00edsica, el tiempo sedentario y la duraci\u00f3n del sue\u00f1o), investigadores de la Universidad York (en Canad\u00e1) hicieron un metaan\u00e1lisis de decenas de investigaciones de cohorte que siguieron durante a\u00f1os a millones de personas adultas sin demencia al inicio. Veamos cada uno.<\/p>\n<hr>\n<div class=\"ContentCardEmbedWrapper-hkvhYu kMYDit content-card-embed content-card-embed--stacked\" data-testid=\"ContentCardEmbedWrapper\" readability=\"22.74024024024\">\n<div class=\"ContentCardEmbedImage-bqahne fjmzkP content-card-embed__image\" data-testid=\"ContentCardEmbedImage\"><span class=\"SpanWrapper-kFnjvc eKnjjD responsive-asset\"><picture class=\"ResponsiveImagePicture-jKunQM gjCCFj responsive-image\"><img decoding=\"async\" alt=\"apnea del sue\u00f1o\" loading=\"lazy\" class=\"ResponsiveImageContainer-dkeESL cQPiWi responsive-image__image\" srcset=\"https:\/\/media.es.wired.com\/photos\/69d2e5dbea42b0748e31956d\/master\/w_120,c_limit\/apnea.jpg 120w, https:\/\/media.es.wired.com\/photos\/69d2e5dbea42b0748e31956d\/master\/w_240,c_limit\/apnea.jpg 240w, https:\/\/media.es.wired.com\/photos\/69d2e5dbea42b0748e31956d\/master\/w_320,c_limit\/apnea.jpg 320w, https:\/\/media.es.wired.com\/photos\/69d2e5dbea42b0748e31956d\/master\/w_640,c_limit\/apnea.jpg 640w\" sizes=\"100vw\" src=\"https:\/\/media.es.wired.com\/photos\/69d2e5dbea42b0748e31956d\/master\/w_775%2Cc_limit\/apnea.jpg\"><\/picture><\/span><\/div>\n<div class=\"ContentCardEmbedInfo-buyHWH gWLOee\" readability=\"24.489489489489\">\n<div class=\"BaseText-fEwdHD ContentCardEmbedHed-kDKGDs fUtEc dlHXUJ content-card-embed__hed\" data-testid=\"ContentCardEmbedHed\"><a class=\"BaseLink-haTOKm ContentCardEmbedHedLink-iBZsco gAoKdC hhUFQU content-card-embed__hed-link link\" href=\"https:\/\/es.wired.com\/articulos\/personas-que-padecen-apnea-del-sueno-tiene-hasta-un-71-mas-de-riesgo-de-morir-por-cualquier-causa\" data-testid=\"ContentCardEmbedHedLink\">Personas que padecen apnea del sue\u00f1o tiene hasta un 71% m\u00e1s de riesgo de morir por cualquier causa<\/a><\/div>\n<p>Un nuevo estudio sugiere que la apnea del sue\u00f1o no solo afecta la calidad del descanso, sino que tambi\u00e9n puede ser un indicador de vulnerabilidad para m\u00faltiples enfermedades cardiovasculares y un factor relevante en la mortalidad.<\/p>\n<\/div>\n<\/div>\n<hr>\n<h2>Actividad f\u00edsica: un efecto protector claro<\/h2>\n<p>Los resultados del estudio arrojaron que las personas que cumplen con niveles regulares de actividad f\u00edsica presentan un riesgo significativamente menor de desarrollar demencia. Una vez m\u00e1s, <a href=\"https:\/\/es.wired.com\/articulos\/las-largas-caminatas-pueden-retrasar-los-efectos-del-alzheimer-por-varios-anos\">esto no es una revelaci\u00f3n nueva<\/a>, pero \u00bfqu\u00e9 son niveles regulares? <strong>Al menos 150 minutos a la semana de ejercicio aer\u00f3bico<\/strong> (20 a 22 minutos al d\u00eda). En t\u00e9rminos generales, el riesgo se reduce en aproximadamente un 25% en comparaci\u00f3n con quienes llevan una vida inactiva.<\/p>\n<p>Este hallazgo se basa en 49 estudios que, en conjunto, analizaron a m\u00e1s de 2.8 millones de personas. Aunque hubo variabilidad entre los resultados individuales, la tendencia general indica que moverse regularmente se asocia con un cerebro m\u00e1s resistente al deterioro cognitivo.<\/p>\n<p>\u00bfPor qu\u00e9? Los autores del estudio explican que la actividad f\u00edsica mejora la circulaci\u00f3n sangu\u00ednea, favorece la salud cardiovascular y estimula la liberaci\u00f3n de sustancias que protegen las neuronas, como el factor neurotr\u00f3fico derivado del cerebro. Tambi\u00e9n podr\u00eda ayudar a reducir la inflamaci\u00f3n y el estr\u00e9s oxidativo, procesos implicados en el <a href=\"https:\/\/es.wired.com\/articulos\/vida-moderna-esta-envejeciendo-tu-cerebro\">envejecimiento cerebral<\/a>.<\/p>\n<h2>El peligro de estar sentado demasiado tiempo<\/h2>\n<p>En el extremo opuesto, el <a href=\"https:\/\/es.wired.com\/articulos\/el-sedentarismo-afecta-tu-salud-aunque-una-dieta-adecuada-puede-contrarrestarlo\">sedentarismo<\/a> emerge como un factor de riesgo relevante. <strong>Pasar ocho horas o m\u00e1s al d\u00eda sentado se asocia con un incremento del 27% en el riesgo de demencia<\/strong>, seg\u00fan los datos analizados.<\/p>\n<p>Aunque el n\u00famero de estudios sobre este aspecto fue menor, los resultados fueron consistentes. Permanecer largos periodos sin actividad f\u00edsica se ha vinculado con problemas metab\u00f3licos como la resistencia a la insulina, la inflamaci\u00f3n cr\u00f3nica y el estr\u00e9s oxidativo, todos ellos factores que pueden afectar negativamente al cerebro.<\/p>\n<p>Es importante subrayar que sedentarismo y falta de ejercicio no son exactamente lo mismo. Una persona puede cumplir con su cuota semanal de actividad f\u00edsica (como la mencionada arriba) y a\u00fan as\u00ed pasar demasiadas horas sentada. Este patr\u00f3n, cada vez m\u00e1s com\u00fan en trabajos de oficina y estilos de vida urbanos, podr\u00eda tener efectos independientes sobre la salud cerebral.<\/p>\n<h2>Dormir: ni poco ni demasiado<\/h2>\n<p>Respecto al sue\u00f1o, la relaci\u00f3n con la demencia adopta una forma de \u201cU\u201d, es decir, tanto dormir poco como dormir demasiado se asocia con un mayor riesgo.<\/p>\n<p>En concreto, <strong>dormir menos de siete horas por noche se vincula con un aumento del 18% en el riesgo de demencia<\/strong>, mientras que dormir m\u00e1s de ocho horas lo incrementa en un 28%, en comparaci\u00f3n con quienes duermen entre siete y ocho horas.<\/p>\n<p>\u00bfPor qu\u00e9 ocurre esto? Durante el sue\u00f1o, el cerebro activa sistemas de limpieza que eliminan desechos metab\u00f3licos y regulan la inflamaci\u00f3n. Dormir poco <a href=\"https:\/\/es.wired.com\/articulos\/la-falta-de-sueno-podria-estar-afectando-tu-memoria\">podr\u00eda interferir<\/a> con estos procesos. En el caso del sue\u00f1o prolongado, las causas son menos claras. Podr\u00eda reflejar problemas de salud subyacentes o incluso cambios tempranos asociados al deterioro cognitivo.<\/p>\n<h2>Un enfoque integrado y limitaciones<\/h2>\n<p>M\u00e1s all\u00e1 de cada factor por separado, el estudio subraya la importancia de considerar estos comportamientos como un conjunto interrelacionado. De hecho, se estima que <strong>hasta el 45% de los casos de demencia podr\u00edan prevenirse o retrasarse mediante la modificaci\u00f3n de factores de riesgo<\/strong> a lo largo de la vida. En este contexto, promover h\u00e1bitos saludables desde la mediana edad (o de preferencia, antes) podr\u00eda tener un gran impacto a nivel poblacional.<\/p>\n<p>Ahora bien, como todo estudio observacional, este an\u00e1lisis no puede establecer una relaci\u00f3n causal definitiva. Adem\u00e1s, muchos de los datos sobre actividad f\u00edsica, sue\u00f1o y sedentarismo se basan en autoinformes, lo que introduce posibles sesgos. Tambi\u00e9n existe la posibilidad de causalidad inversa, es decir, cambios tempranos en el cerebro podr\u00edan influir en los h\u00e1bitos antes de que se diagnostique la demencia.<\/p>\n<p>Aun as\u00ed, la magnitud de la muestra, la duraci\u00f3n de los seguimientos y la consistencia de los resultados refuerzan la relevancia de estos hallazgos, publicados <a href=\"https:\/\/journals.plos.org\/plosone\/article?id=10.1371\/journal.pone.0343621\">este mes<\/a> en la revista <em>PLOS One<\/em>.<\/p>\n","protected":false},"excerpt":{"rendered":"<p>La mala calidad del sue\u00f1o, el sedentarismo&#46;&#46;&#46;<\/p>\n","protected":false},"author":1,"featured_media":156615,"comment_status":"closed","ping_status":"closed","sticky":false,"template":"","format":"standard","meta":{"_jetpack_memberships_contains_paid_content":false,"footnotes":"","jetpack_publicize_message":"","jetpack_publicize_feature_enabled":true,"jetpack_social_post_already_shared":true,"jetpack_social_options":{"image_generator_settings":{"template":"highway","default_image_id":0,"font":"","enabled":false},"version":2}},"categories":[46],"tags":[],"class_list":["post-156614","post","type-post","status-publish","format-standard","has-post-thumbnail","hentry","category-tecnologia"],"yoast_head":"<!-- This site is optimized with the Yoast SEO plugin v27.3 - https:\/\/yoast.com\/product\/yoast-seo-wordpress\/ -->\n<title>Estudio define los tiempos que hay que dormir y hacer ejercicio para reducir los riesgos de demencia - Sarmiento24h<\/title>\n<meta name=\"robots\" content=\"index, follow, max-snippet:-1, max-image-preview:large, max-video-preview:-1\" \/>\n<link rel=\"canonical\" href=\"https:\/\/sarmiento24h.com\/?p=156614\" \/>\n<meta property=\"og:locale\" content=\"es_ES\" \/>\n<meta property=\"og:type\" content=\"article\" \/>\n<meta property=\"og:title\" content=\"Estudio define los tiempos que hay que dormir y hacer ejercicio para reducir los riesgos de demencia - Sarmiento24h\" \/>\n<meta property=\"og:description\" content=\"La mala calidad del sue\u00f1o, el sedentarismo&#046;&#046;&#046;\" \/>\n<meta property=\"og:url\" content=\"https:\/\/sarmiento24h.com\/?p=156614\" \/>\n<meta property=\"og:site_name\" content=\"Sarmiento24h\" \/>\n<meta property=\"article:publisher\" content=\"https:\/\/facebook.com\/s24hnoticias\" \/>\n<meta property=\"article:published_time\" content=\"2026-04-26T19:48:53+00:00\" \/>\n<meta property=\"og:image\" content=\"https:\/\/media.es.wired.com\/photos\/69d2e5dbea42b0748e31956d\/master\/w_775%2Cc_limit\/apnea.jpg\" \/>\n<meta name=\"author\" content=\"sarmiento24h@gmail.com\" \/>\n<meta name=\"twitter:card\" content=\"summary_large_image\" \/>\n<meta name=\"twitter:creator\" content=\"@sarmiento24h\" \/>\n<meta name=\"twitter:site\" content=\"@sarmiento24h\" \/>\n<meta name=\"twitter:label1\" content=\"Escrito por\" \/>\n\t<meta name=\"twitter:data1\" content=\"sarmiento24h@gmail.com\" \/>\n\t<meta name=\"twitter:label2\" content=\"Tiempo de lectura\" \/>\n\t<meta name=\"twitter:data2\" content=\"4 minutos\" \/>\n<script type=\"application\/ld+json\" class=\"yoast-schema-graph\">{\"@context\":\"https:\\\/\\\/schema.org\",\"@graph\":[{\"@type\":\"Article\",\"@id\":\"https:\\\/\\\/sarmiento24h.com\\\/?p=156614#article\",\"isPartOf\":{\"@id\":\"https:\\\/\\\/sarmiento24h.com\\\/?p=156614\"},\"author\":{\"name\":\"sarmiento24h@gmail.com\",\"@id\":\"https:\\\/\\\/sarmiento24h.com\\\/#\\\/schema\\\/person\\\/d653a59725ad629a7e0429af7b939d4d\"},\"headline\":\"Estudio define los tiempos que hay que dormir y hacer ejercicio para reducir los riesgos de demencia\",\"datePublished\":\"2026-04-26T19:48:53+00:00\",\"mainEntityOfPage\":{\"@id\":\"https:\\\/\\\/sarmiento24h.com\\\/?p=156614\"},\"wordCount\":908,\"publisher\":{\"@id\":\"https:\\\/\\\/sarmiento24h.com\\\/#organization\"},\"image\":{\"@id\":\"https:\\\/\\\/sarmiento24h.com\\\/?p=156614#primaryimage\"},\"thumbnailUrl\":\"https:\\\/\\\/sarmiento24h.com\\\/wp-content\\\/uploads\\\/2026\\\/04\\\/estudio-define-los-tiempos-que-hay-que-dormir-y-hacer-ejercicio-para-reducir-los-riesgos-de-demencia.jpg\",\"articleSection\":[\"Tecnologia\"],\"inLanguage\":\"es\"},{\"@type\":\"WebPage\",\"@id\":\"https:\\\/\\\/sarmiento24h.com\\\/?p=156614\",\"url\":\"https:\\\/\\\/sarmiento24h.com\\\/?p=156614\",\"name\":\"Estudio define los tiempos que hay que dormir y hacer ejercicio para reducir los riesgos de demencia - Sarmiento24h\",\"isPartOf\":{\"@id\":\"https:\\\/\\\/sarmiento24h.com\\\/#website\"},\"primaryImageOfPage\":{\"@id\":\"https:\\\/\\\/sarmiento24h.com\\\/?p=156614#primaryimage\"},\"image\":{\"@id\":\"https:\\\/\\\/sarmiento24h.com\\\/?p=156614#primaryimage\"},\"thumbnailUrl\":\"https:\\\/\\\/sarmiento24h.com\\\/wp-content\\\/uploads\\\/2026\\\/04\\\/estudio-define-los-tiempos-que-hay-que-dormir-y-hacer-ejercicio-para-reducir-los-riesgos-de-demencia.jpg\",\"datePublished\":\"2026-04-26T19:48:53+00:00\",\"breadcrumb\":{\"@id\":\"https:\\\/\\\/sarmiento24h.com\\\/?p=156614#breadcrumb\"},\"inLanguage\":\"es\",\"potentialAction\":[{\"@type\":\"ReadAction\",\"target\":[\"https:\\\/\\\/sarmiento24h.com\\\/?p=156614\"]}]},{\"@type\":\"ImageObject\",\"inLanguage\":\"es\",\"@id\":\"https:\\\/\\\/sarmiento24h.com\\\/?p=156614#primaryimage\",\"url\":\"https:\\\/\\\/sarmiento24h.com\\\/wp-content\\\/uploads\\\/2026\\\/04\\\/estudio-define-los-tiempos-que-hay-que-dormir-y-hacer-ejercicio-para-reducir-los-riesgos-de-demencia.jpg\",\"contentUrl\":\"https:\\\/\\\/sarmiento24h.com\\\/wp-content\\\/uploads\\\/2026\\\/04\\\/estudio-define-los-tiempos-que-hay-que-dormir-y-hacer-ejercicio-para-reducir-los-riesgos-de-demencia.jpg\",\"width\":775,\"height\":517},{\"@type\":\"BreadcrumbList\",\"@id\":\"https:\\\/\\\/sarmiento24h.com\\\/?p=156614#breadcrumb\",\"itemListElement\":[{\"@type\":\"ListItem\",\"position\":1,\"name\":\"Home\",\"item\":\"https:\\\/\\\/sarmiento24h.com\\\/\"},{\"@type\":\"ListItem\",\"position\":2,\"name\":\"Estudio define los tiempos que hay que dormir y hacer ejercicio para reducir los riesgos de demencia\"}]},{\"@type\":\"WebSite\",\"@id\":\"https:\\\/\\\/sarmiento24h.com\\\/#website\",\"url\":\"https:\\\/\\\/sarmiento24h.com\\\/\",\"name\":\"Sarmiento24h\",\"description\":\"\",\"publisher\":{\"@id\":\"https:\\\/\\\/sarmiento24h.com\\\/#organization\"},\"potentialAction\":[{\"@type\":\"SearchAction\",\"target\":{\"@type\":\"EntryPoint\",\"urlTemplate\":\"https:\\\/\\\/sarmiento24h.com\\\/?s={search_term_string}\"},\"query-input\":{\"@type\":\"PropertyValueSpecification\",\"valueRequired\":true,\"valueName\":\"search_term_string\"}}],\"inLanguage\":\"es\"},{\"@type\":\"Organization\",\"@id\":\"https:\\\/\\\/sarmiento24h.com\\\/#organization\",\"name\":\"Sarmiento24h\",\"url\":\"https:\\\/\\\/sarmiento24h.com\\\/\",\"logo\":{\"@type\":\"ImageObject\",\"inLanguage\":\"es\",\"@id\":\"https:\\\/\\\/sarmiento24h.com\\\/#\\\/schema\\\/logo\\\/image\\\/\",\"url\":\"https:\\\/\\\/sarmiento24h.com\\\/wp-content\\\/uploads\\\/2025\\\/12\\\/AddText_12-16-10.30.52.jpg\",\"contentUrl\":\"https:\\\/\\\/sarmiento24h.com\\\/wp-content\\\/uploads\\\/2025\\\/12\\\/AddText_12-16-10.30.52.jpg\",\"width\":1220,\"height\":324,\"caption\":\"Sarmiento24h\"},\"image\":{\"@id\":\"https:\\\/\\\/sarmiento24h.com\\\/#\\\/schema\\\/logo\\\/image\\\/\"},\"sameAs\":[\"https:\\\/\\\/facebook.com\\\/s24hnoticias\",\"https:\\\/\\\/x.com\\\/sarmiento24h\"]},{\"@type\":\"Person\",\"@id\":\"https:\\\/\\\/sarmiento24h.com\\\/#\\\/schema\\\/person\\\/d653a59725ad629a7e0429af7b939d4d\",\"name\":\"sarmiento24h@gmail.com\",\"image\":{\"@type\":\"ImageObject\",\"inLanguage\":\"es\",\"@id\":\"https:\\\/\\\/sarmiento24h.com\\\/wp-content\\\/litespeed\\\/avatar\\\/d02cbc4e23c747e6659cd45907173c8f.jpg?ver=1777157796\",\"url\":\"https:\\\/\\\/sarmiento24h.com\\\/wp-content\\\/litespeed\\\/avatar\\\/d02cbc4e23c747e6659cd45907173c8f.jpg?ver=1777157796\",\"contentUrl\":\"https:\\\/\\\/sarmiento24h.com\\\/wp-content\\\/litespeed\\\/avatar\\\/d02cbc4e23c747e6659cd45907173c8f.jpg?ver=1777157796\",\"caption\":\"sarmiento24h@gmail.com\"},\"sameAs\":[\"https:\\\/\\\/sarmiento24h.com\"],\"url\":\"https:\\\/\\\/sarmiento24h.com\\\/?author=1\"}]}<\/script>\n<!-- \/ Yoast SEO plugin. -->","yoast_head_json":{"title":"Estudio define los tiempos que hay que dormir y hacer ejercicio para reducir los riesgos de demencia - Sarmiento24h","robots":{"index":"index","follow":"follow","max-snippet":"max-snippet:-1","max-image-preview":"max-image-preview:large","max-video-preview":"max-video-preview:-1"},"canonical":"https:\/\/sarmiento24h.com\/?p=156614","og_locale":"es_ES","og_type":"article","og_title":"Estudio define los tiempos que hay que dormir y hacer ejercicio para reducir los riesgos de demencia - Sarmiento24h","og_description":"La mala calidad del sue\u00f1o, el sedentarismo&#46;&#46;&#46;","og_url":"https:\/\/sarmiento24h.com\/?p=156614","og_site_name":"Sarmiento24h","article_publisher":"https:\/\/facebook.com\/s24hnoticias","article_published_time":"2026-04-26T19:48:53+00:00","og_image":[{"url":"https:\/\/media.es.wired.com\/photos\/69d2e5dbea42b0748e31956d\/master\/w_775%2Cc_limit\/apnea.jpg","type":"","width":"","height":""}],"author":"sarmiento24h@gmail.com","twitter_card":"summary_large_image","twitter_creator":"@sarmiento24h","twitter_site":"@sarmiento24h","twitter_misc":{"Escrito por":"sarmiento24h@gmail.com","Tiempo de lectura":"4 minutos"},"schema":{"@context":"https:\/\/schema.org","@graph":[{"@type":"Article","@id":"https:\/\/sarmiento24h.com\/?p=156614#article","isPartOf":{"@id":"https:\/\/sarmiento24h.com\/?p=156614"},"author":{"name":"sarmiento24h@gmail.com","@id":"https:\/\/sarmiento24h.com\/#\/schema\/person\/d653a59725ad629a7e0429af7b939d4d"},"headline":"Estudio define los tiempos que hay que dormir y hacer ejercicio para reducir los riesgos de demencia","datePublished":"2026-04-26T19:48:53+00:00","mainEntityOfPage":{"@id":"https:\/\/sarmiento24h.com\/?p=156614"},"wordCount":908,"publisher":{"@id":"https:\/\/sarmiento24h.com\/#organization"},"image":{"@id":"https:\/\/sarmiento24h.com\/?p=156614#primaryimage"},"thumbnailUrl":"https:\/\/sarmiento24h.com\/wp-content\/uploads\/2026\/04\/estudio-define-los-tiempos-que-hay-que-dormir-y-hacer-ejercicio-para-reducir-los-riesgos-de-demencia.jpg","articleSection":["Tecnologia"],"inLanguage":"es"},{"@type":"WebPage","@id":"https:\/\/sarmiento24h.com\/?p=156614","url":"https:\/\/sarmiento24h.com\/?p=156614","name":"Estudio define los tiempos que hay que dormir y hacer ejercicio para reducir los riesgos de demencia - Sarmiento24h","isPartOf":{"@id":"https:\/\/sarmiento24h.com\/#website"},"primaryImageOfPage":{"@id":"https:\/\/sarmiento24h.com\/?p=156614#primaryimage"},"image":{"@id":"https:\/\/sarmiento24h.com\/?p=156614#primaryimage"},"thumbnailUrl":"https:\/\/sarmiento24h.com\/wp-content\/uploads\/2026\/04\/estudio-define-los-tiempos-que-hay-que-dormir-y-hacer-ejercicio-para-reducir-los-riesgos-de-demencia.jpg","datePublished":"2026-04-26T19:48:53+00:00","breadcrumb":{"@id":"https:\/\/sarmiento24h.com\/?p=156614#breadcrumb"},"inLanguage":"es","potentialAction":[{"@type":"ReadAction","target":["https:\/\/sarmiento24h.com\/?p=156614"]}]},{"@type":"ImageObject","inLanguage":"es","@id":"https:\/\/sarmiento24h.com\/?p=156614#primaryimage","url":"https:\/\/sarmiento24h.com\/wp-content\/uploads\/2026\/04\/estudio-define-los-tiempos-que-hay-que-dormir-y-hacer-ejercicio-para-reducir-los-riesgos-de-demencia.jpg","contentUrl":"https:\/\/sarmiento24h.com\/wp-content\/uploads\/2026\/04\/estudio-define-los-tiempos-que-hay-que-dormir-y-hacer-ejercicio-para-reducir-los-riesgos-de-demencia.jpg","width":775,"height":517},{"@type":"BreadcrumbList","@id":"https:\/\/sarmiento24h.com\/?p=156614#breadcrumb","itemListElement":[{"@type":"ListItem","position":1,"name":"Home","item":"https:\/\/sarmiento24h.com\/"},{"@type":"ListItem","position":2,"name":"Estudio define los tiempos que hay que dormir y hacer ejercicio para reducir los riesgos de demencia"}]},{"@type":"WebSite","@id":"https:\/\/sarmiento24h.com\/#website","url":"https:\/\/sarmiento24h.com\/","name":"Sarmiento24h","description":"","publisher":{"@id":"https:\/\/sarmiento24h.com\/#organization"},"potentialAction":[{"@type":"SearchAction","target":{"@type":"EntryPoint","urlTemplate":"https:\/\/sarmiento24h.com\/?s={search_term_string}"},"query-input":{"@type":"PropertyValueSpecification","valueRequired":true,"valueName":"search_term_string"}}],"inLanguage":"es"},{"@type":"Organization","@id":"https:\/\/sarmiento24h.com\/#organization","name":"Sarmiento24h","url":"https:\/\/sarmiento24h.com\/","logo":{"@type":"ImageObject","inLanguage":"es","@id":"https:\/\/sarmiento24h.com\/#\/schema\/logo\/image\/","url":"https:\/\/sarmiento24h.com\/wp-content\/uploads\/2025\/12\/AddText_12-16-10.30.52.jpg","contentUrl":"https:\/\/sarmiento24h.com\/wp-content\/uploads\/2025\/12\/AddText_12-16-10.30.52.jpg","width":1220,"height":324,"caption":"Sarmiento24h"},"image":{"@id":"https:\/\/sarmiento24h.com\/#\/schema\/logo\/image\/"},"sameAs":["https:\/\/facebook.com\/s24hnoticias","https:\/\/x.com\/sarmiento24h"]},{"@type":"Person","@id":"https:\/\/sarmiento24h.com\/#\/schema\/person\/d653a59725ad629a7e0429af7b939d4d","name":"sarmiento24h@gmail.com","image":{"@type":"ImageObject","inLanguage":"es","@id":"https:\/\/sarmiento24h.com\/wp-content\/litespeed\/avatar\/d02cbc4e23c747e6659cd45907173c8f.jpg?ver=1777157796","url":"https:\/\/sarmiento24h.com\/wp-content\/litespeed\/avatar\/d02cbc4e23c747e6659cd45907173c8f.jpg?ver=1777157796","contentUrl":"https:\/\/sarmiento24h.com\/wp-content\/litespeed\/avatar\/d02cbc4e23c747e6659cd45907173c8f.jpg?ver=1777157796","caption":"sarmiento24h@gmail.com"},"sameAs":["https:\/\/sarmiento24h.com"],"url":"https:\/\/sarmiento24h.com\/?author=1"}]}},"jetpack_publicize_connections":[],"jetpack_featured_media_url":"https:\/\/sarmiento24h.com\/wp-content\/uploads\/2026\/04\/estudio-define-los-tiempos-que-hay-que-dormir-y-hacer-ejercicio-para-reducir-los-riesgos-de-demencia.jpg","jetpack_sharing_enabled":true,"_links":{"self":[{"href":"https:\/\/sarmiento24h.com\/index.php?rest_route=\/wp\/v2\/posts\/156614","targetHints":{"allow":["GET"]}}],"collection":[{"href":"https:\/\/sarmiento24h.com\/index.php?rest_route=\/wp\/v2\/posts"}],"about":[{"href":"https:\/\/sarmiento24h.com\/index.php?rest_route=\/wp\/v2\/types\/post"}],"author":[{"embeddable":true,"href":"https:\/\/sarmiento24h.com\/index.php?rest_route=\/wp\/v2\/users\/1"}],"replies":[{"embeddable":true,"href":"https:\/\/sarmiento24h.com\/index.php?rest_route=%2Fwp%2Fv2%2Fcomments&post=156614"}],"version-history":[{"count":0,"href":"https:\/\/sarmiento24h.com\/index.php?rest_route=\/wp\/v2\/posts\/156614\/revisions"}],"wp:featuredmedia":[{"embeddable":true,"href":"https:\/\/sarmiento24h.com\/index.php?rest_route=\/wp\/v2\/media\/156615"}],"wp:attachment":[{"href":"https:\/\/sarmiento24h.com\/index.php?rest_route=%2Fwp%2Fv2%2Fmedia&parent=156614"}],"wp:term":[{"taxonomy":"category","embeddable":true,"href":"https:\/\/sarmiento24h.com\/index.php?rest_route=%2Fwp%2Fv2%2Fcategories&post=156614"},{"taxonomy":"post_tag","embeddable":true,"href":"https:\/\/sarmiento24h.com\/index.php?rest_route=%2Fwp%2Fv2%2Ftags&post=156614"}],"curies":[{"name":"wp","href":"https:\/\/api.w.org\/{rel}","templated":true}]}}