{"id":156699,"date":"2026-04-26T20:57:43","date_gmt":"2026-04-26T20:57:43","guid":{"rendered":"http:\/\/3ebc8dc4-417e-11f1-b22b-09d4cbe0874d"},"modified":"2026-04-26T20:57:43","modified_gmt":"2026-04-26T20:57:43","slug":"pogacar-firma-su-cuarta-victoria-en-la-lieja-bastona-lieja-tras-un-duelo-epico-con-seixas","status":"publish","type":"post","link":"https:\/\/sarmiento24h.com\/?p=156699","title":{"rendered":"Pogacar firma su cuarta victoria en la Lieja-Basto\u00f1a-Lieja tras un duelo \u00e9pico con Seixas"},"content":{"rendered":"<p>\u00abSignifica mucho volver a ganar una de las carreras m\u00e1s importantes del a\u00f1o. Tengo mucha presi\u00f3n para responder en d\u00edas como hoy. No puedo estar m\u00e1s orgulloso de mi equipo\u00bb, dijo Pogacar en l\u00ednea de meta.<\/p>\n<p>Escapado junto a Seixas a 34 kil\u00f3metros de meta, <strong>el campe\u00f3n del mundo esloveno se qued\u00f3 solo en cabeza veinte kil\u00f3metros m\u00e1s adelante, en la \u00faltima dificultad del d\u00eda, para firmar su cuarta victoria en la Decana de las cl\u00e1sicas<\/strong>, a un triunfo del r\u00e9cord que posee <a href=\"https:\/\/www.france24.com\/es\/tag\/eddy-merckx\/\" target=\"_self\" class=\"gtm-add-suggested-tag\">Eddy Merckx<\/a>.<\/p>\n<p>El duelo anunciado entre el fen\u00f3meno esloveno, de 27 a\u00f1os, y el prodigio <a href=\"https:\/\/www.france24.com\/es\/tag\/franc\u00e9s\/\" target=\"_self\" class=\"gtm-add-suggested-tag\">franc\u00e9s<\/a>, ocho a\u00f1os m\u00e1s joven, s\u00ed tuvo lugar.<\/p>\n<p>Paul Seixas, del equipo D\u00e9cathlon, solo cedi\u00f3 ante los repetidos ataques de Pogi (UAE) a 14 kil\u00f3metros de la meta.<\/p>\n<p>Los dos hombres dejaron atr\u00e1s a sus rivales en la C\u00f4te de La Redoute, a 34 kil\u00f3metros de la llegada, el lugar elegido por el esloveno para lanzar su <a href=\"https:\/\/www.france24.com\/es\/tag\/ataque\/\" target=\"_self\" class=\"gtm-add-suggested-tag\">ataque<\/a>, como en las dos \u00faltimas ediciones.<\/p>\n<p>Pero si en 2024 y 2025 el ogro del equipo UAE hab\u00eda conseguido marcharse en solitario hacia la victoria, juzgada en el Quai des Ardennes de Lieja, esta vez tuvo que soportar la compa\u00f1\u00eda de Seixas.<\/p>\n<p>El fen\u00f3meno de <a href=\"https:\/\/www.france24.com\/es\/tag\/lyon\/\" target=\"_self\" class=\"gtm-add-suggested-tag\">Lyon<\/a> aguant\u00f3 hasta la \u00faltima dificultad del d\u00eda, donde una aceleraci\u00f3n final del cu\u00e1druple ganador del <a href=\"https:\/\/www.france24.com\/es\/tag\/tour-de-francia\/\" target=\"_self\" class=\"gtm-add-suggested-tag\">Tour de Francia<\/a> acab\u00f3 por doblegar su coraje.<\/p>\n<h2><strong>\u00abImpresionado\u00bb con su nuevo rival\u00bb<\/strong><\/h2>\n<p>\u00abEn La Redoute iba al l\u00edmite. Pero en la cima se puso a mi lado y pens\u00e9: &#8216;vale, estoy realmente impresionado&#8217;. Quiz\u00e1, en el fondo de mi cabeza, ya me estaba preparando para un esprint a dos, porque estaba muy fuerte\u00bb, dijo Pogacar sobre su nuevo rival.<\/p>\n<div class=\"m-em-image\">\n<figure class=\"m-item-image m-item-image--original m-item-image--has-caption\"> <picture class=\"a-picture a-picture--original\"><source type=\"image\/webp\" srcset=\"https:\/\/s.france24.com\/media\/display\/30d50264-4187-11f1-bcf9-005056a90284\/w:246\/bf561554afd5fb196282d3d1c0ba522645489a96.webp 246w, https:\/\/s.france24.com\/media\/display\/30d50264-4187-11f1-bcf9-005056a90284\/w:388\/bf561554afd5fb196282d3d1c0ba522645489a96.webp 388w, https:\/\/s.france24.com\/media\/display\/30d50264-4187-11f1-bcf9-005056a90284\/w:720\/bf561554afd5fb196282d3d1c0ba522645489a96.webp 720w, https:\/\/s.france24.com\/media\/display\/30d50264-4187-11f1-bcf9-005056a90284\/w:980\/bf561554afd5fb196282d3d1c0ba522645489a96.webp 980w\" sizes=\"(max-width: 1023px) calc(100vw - 32px), (min-width: 1024px) 850px\"><img fetchpriority=\"low\" decoding=\"async\" src=\"https:\/\/s.france24.com\/media\/display\/30d50264-4187-11f1-bcf9-005056a90284\/w:980\/bf561554afd5fb196282d3d1c0ba522645489a96.jpg\" srcset=\"https:\/\/s.france24.com\/media\/display\/30d50264-4187-11f1-bcf9-005056a90284\/w:246\/bf561554afd5fb196282d3d1c0ba522645489a96.jpg 246w, https:\/\/s.france24.com\/media\/display\/30d50264-4187-11f1-bcf9-005056a90284\/w:388\/bf561554afd5fb196282d3d1c0ba522645489a96.jpg 388w, https:\/\/s.france24.com\/media\/display\/30d50264-4187-11f1-bcf9-005056a90284\/w:720\/bf561554afd5fb196282d3d1c0ba522645489a96.jpg 720w, https:\/\/s.france24.com\/media\/display\/30d50264-4187-11f1-bcf9-005056a90284\/w:980\/bf561554afd5fb196282d3d1c0ba522645489a96.jpg 980w\" sizes=\"(max-width: 1023px) calc(100vw - 32px), (min-width: 1024px) 850px\" alt=\"El ciclista franc\u00e9s Paul Seixas (derecha) y el esloveno Tadej Pogacar se saludan tras la victoria del segundo en la Lieja-Basto\u00f1a-Lieja, el 26 de abril de 2026 en Lieja\" loading=\"lazy\" class=\"a-img \">\n<\/picture><figcaption class=\"a-figcaption\"> <span>El ciclista franc\u00e9s Paul Seixas (derecha) y el esloveno Tadej Pogacar se saludan tras la victoria del segundo en la Lieja-Basto\u00f1a-Lieja, el 26 de abril de 2026 en Lieja<\/span> <span>\u00a9 MAARTEN STRAETEMANS \/ BELGA\/AFP<\/span> <\/figcaption><\/figure>\n<\/p><\/div>\n<p>El esloveno competir\u00e1 desde el martes en el Tour de Romand\u00eda, en el inicio de su preparaci\u00f3n del Tour de Francia, donde buscar\u00e1 igualar el r\u00e9cord de cinco triunfos.<\/p>\n<p>Con este cuarto triunfo en Lieja, el tercero consecutivo, Pogacar alcanza al espa\u00f1ol Alejandro Valverde y al italiano Moreno Argentin, a una victoria del r\u00e9cord que ostenta el icono Eddy Merckcx.<\/p>\n<p>Tras sus \u00e9xitos en la Mil\u00e1n-San <a href=\"https:\/\/www.france24.com\/es\/tag\/remo\/\" target=\"_self\" class=\"gtm-add-suggested-tag\">Remo<\/a> y en el Tour de Flandes, <strong>Pogi, de 27 a\u00f1os, se adjudica su tercer monumento esta temporada, el 13\u00ba de su carrera,<\/strong> dos semanas despu\u00e9s de haber terminado segundo en la Par\u00eds-Roubaix, solo superado por el belga <a href=\"https:\/\/www.france24.com\/es\/tag\/wout-van-aert\/\" target=\"_self\" class=\"gtm-add-suggested-tag\">Wout Van Aert<\/a>.<\/p>\n<h2><strong>\u00abMano a mano de fuerza bruta\u00bb<\/strong><\/h2>\n<p>En las Ardenas belgas, el l\u00edder del equipo UAE se ha encontrado con un nuevo rival en el terreno de las cl\u00e1sicas, un prodigio de 19 a\u00f1os al que podr\u00eda volver a enfrentarse en julio en las carreteras del Tour de Francia.<\/p>\n<div class=\"m-em-image\">\n<figure class=\"m-item-image m-item-image--original m-item-image--has-caption\"> <picture class=\"a-picture a-picture--original\"><source type=\"image\/webp\" srcset=\"https:\/\/s.france24.com\/media\/display\/305b4f78-4187-11f1-aa79-005056bfb2b6\/w:246\/81cdbde454824461f160c005886e2bbfc5daa6ed.webp 246w, https:\/\/s.france24.com\/media\/display\/305b4f78-4187-11f1-aa79-005056bfb2b6\/w:388\/81cdbde454824461f160c005886e2bbfc5daa6ed.webp 388w, https:\/\/s.france24.com\/media\/display\/305b4f78-4187-11f1-aa79-005056bfb2b6\/w:720\/81cdbde454824461f160c005886e2bbfc5daa6ed.webp 720w, https:\/\/s.france24.com\/media\/display\/305b4f78-4187-11f1-aa79-005056bfb2b6\/w:980\/81cdbde454824461f160c005886e2bbfc5daa6ed.webp 980w\" sizes=\"(max-width: 1023px) calc(100vw - 32px), (min-width: 1024px) 850px\"><img fetchpriority=\"low\" decoding=\"async\" src=\"https:\/\/s.france24.com\/media\/display\/305b4f78-4187-11f1-aa79-005056bfb2b6\/w:980\/81cdbde454824461f160c005886e2bbfc5daa6ed.jpg\" srcset=\"https:\/\/s.france24.com\/media\/display\/305b4f78-4187-11f1-aa79-005056bfb2b6\/w:246\/81cdbde454824461f160c005886e2bbfc5daa6ed.jpg 246w, https:\/\/s.france24.com\/media\/display\/305b4f78-4187-11f1-aa79-005056bfb2b6\/w:388\/81cdbde454824461f160c005886e2bbfc5daa6ed.jpg 388w, https:\/\/s.france24.com\/media\/display\/305b4f78-4187-11f1-aa79-005056bfb2b6\/w:720\/81cdbde454824461f160c005886e2bbfc5daa6ed.jpg 720w, https:\/\/s.france24.com\/media\/display\/305b4f78-4187-11f1-aa79-005056bfb2b6\/w:980\/81cdbde454824461f160c005886e2bbfc5daa6ed.jpg 980w\" sizes=\"(max-width: 1023px) calc(100vw - 32px), (min-width: 1024px) 850px\" alt=\"El ciclista franc\u00e9s Paul Seixas (izquierda) y el esloveno Tadej Pogacar durante la Lieja-Basto\u00f1a-Lieja, el 26 de abril de 2026\" loading=\"lazy\" class=\"a-img \">\n<\/picture><figcaption class=\"a-figcaption\"> <span>El ciclista franc\u00e9s Paul Seixas (izquierda) y el esloveno Tadej Pogacar durante la Lieja-Basto\u00f1a-Lieja, el 26 de abril de 2026<\/span> <span>\u00a9 Bernard PAPON \/ BELGA\/AFP<\/span> <\/figcaption><\/figure>\n<\/p><\/div>\n<p>\u00abFue un mano a mano de fuerza bruta y me falt\u00f3 un poco de potencia\u00bb, reconoci\u00f3 Seixas, \u00aborgulloso\u00bb de su actuaci\u00f3n \u00abfrente al mejor corredor del mundo, quiz\u00e1 de la historia\u00bb, al que ya hab\u00eda sido el \u00faltimo en acompa\u00f1ar el pasado 7 de marzo en las Strade Bianche.<\/p>\n<p>\u00abAhora que he sido segundo, el siguiente paso ser\u00e1 ganar un Monumento\u00bb, se\u00f1al\u00f3 el <a href=\"https:\/\/www.france24.com\/es\/tag\/franc\u00e9s\/\" target=\"_self\" class=\"gtm-add-suggested-tag\">franc\u00e9s<\/a>, que no quiso hablar del resto de su calendario cuando se espera que en los pr\u00f3ximos d\u00edas se tome una decisi\u00f3n sobre su participaci\u00f3n en el pr\u00f3ximo <a href=\"https:\/\/www.france24.com\/es\/tag\/tour-de-francia\/\" target=\"_self\" class=\"gtm-add-suggested-tag\">Tour de Francia<\/a>.<\/p>\n<p>Fue la primera aparici\u00f3n de Seixas en Lieja entre los profesionales \u2014se hab\u00eda impuesto en juniors hace dos a\u00f1os\u2014 y su segundo Monumento, despu\u00e9s de haber terminado en un lejano s\u00e9ptimo puesto por detr\u00e1s de Pogacar en el pasado mes de octubre en el Tour de Lombard\u00eda.<\/p>\n<p>En la Lieja-Basto\u00f1a-Lieja femenina, la victoria fue para la neerlandesa Demi Vollering, que culmin\u00f3 una escapada de 35 kil\u00f3metros, apenas cuatro d\u00edas despu\u00e9s de su \u00e9xito en la Flecha Valona.<\/p>\n<p>Es la tercera vez que Vollering se lleva la victoria en Lieja.<\/p>\n<p>Acab\u00f3 en esta ocasi\u00f3n con un minuto y medio de ventaja sobre su compatriota Puck Pieterse y la polaca Kasia Nieuwiadoma.<\/p>\n","protected":false},"excerpt":{"rendered":"<p>\u00abSignifica mucho volver a ganar una de&#46;&#46;&#46;<\/p>\n","protected":false},"author":1,"featured_media":156700,"comment_status":"closed","ping_status":"closed","sticky":false,"template":"","format":"standard","meta":{"_jetpack_memberships_contains_paid_content":false,"footnotes":"","jetpack_publicize_message":"","jetpack_publicize_feature_enabled":true,"jetpack_social_post_already_shared":true,"jetpack_social_options":{"image_generator_settings":{"template":"highway","default_image_id":0,"font":"","enabled":false},"version":2}},"categories":[48,43],"tags":[],"class_list":["post-156699","post","type-post","status-publish","format-standard","has-post-thumbnail","hentry","category-deportes","category-internacionales"],"yoast_head":"<!-- This site is optimized with the Yoast SEO plugin v27.3 - https:\/\/yoast.com\/product\/yoast-seo-wordpress\/ -->\n<title>Pogacar firma su cuarta victoria en la Lieja-Basto\u00f1a-Lieja tras un duelo \u00e9pico con Seixas - Sarmiento24h<\/title>\n<meta name=\"robots\" content=\"index, follow, max-snippet:-1, max-image-preview:large, max-video-preview:-1\" \/>\n<link rel=\"canonical\" href=\"https:\/\/sarmiento24h.com\/?p=156699\" \/>\n<meta property=\"og:locale\" content=\"es_ES\" \/>\n<meta property=\"og:type\" content=\"article\" \/>\n<meta property=\"og:title\" content=\"Pogacar firma su cuarta victoria en la Lieja-Basto\u00f1a-Lieja tras un duelo \u00e9pico con Seixas - Sarmiento24h\" \/>\n<meta property=\"og:description\" content=\"\u00abSignifica mucho volver a ganar una de&#046;&#046;&#046;\" \/>\n<meta property=\"og:url\" content=\"https:\/\/sarmiento24h.com\/?p=156699\" \/>\n<meta property=\"og:site_name\" content=\"Sarmiento24h\" \/>\n<meta property=\"article:publisher\" content=\"https:\/\/facebook.com\/s24hnoticias\" \/>\n<meta property=\"article:published_time\" content=\"2026-04-26T20:57:43+00:00\" \/>\n<meta property=\"og:image\" content=\"https:\/\/s.france24.com\/media\/display\/30d50264-4187-11f1-bcf9-005056a90284\/w:980\/bf561554afd5fb196282d3d1c0ba522645489a96.jpg\" \/>\n<meta name=\"author\" content=\"sarmiento24h@gmail.com\" \/>\n<meta name=\"twitter:card\" content=\"summary_large_image\" \/>\n<meta name=\"twitter:creator\" content=\"@sarmiento24h\" \/>\n<meta name=\"twitter:site\" content=\"@sarmiento24h\" \/>\n<meta name=\"twitter:label1\" content=\"Escrito por\" \/>\n\t<meta name=\"twitter:data1\" content=\"sarmiento24h@gmail.com\" \/>\n\t<meta name=\"twitter:label2\" content=\"Tiempo de lectura\" \/>\n\t<meta name=\"twitter:data2\" content=\"4 minutos\" \/>\n<script type=\"application\/ld+json\" class=\"yoast-schema-graph\">{\"@context\":\"https:\\\/\\\/schema.org\",\"@graph\":[{\"@type\":\"Article\",\"@id\":\"https:\\\/\\\/sarmiento24h.com\\\/?p=156699#article\",\"isPartOf\":{\"@id\":\"https:\\\/\\\/sarmiento24h.com\\\/?p=156699\"},\"author\":{\"name\":\"sarmiento24h@gmail.com\",\"@id\":\"https:\\\/\\\/sarmiento24h.com\\\/#\\\/schema\\\/person\\\/d653a59725ad629a7e0429af7b939d4d\"},\"headline\":\"Pogacar firma su cuarta victoria en la Lieja-Basto\u00f1a-Lieja tras un duelo \u00e9pico con Seixas\",\"datePublished\":\"2026-04-26T20:57:43+00:00\",\"mainEntityOfPage\":{\"@id\":\"https:\\\/\\\/sarmiento24h.com\\\/?p=156699\"},\"wordCount\":762,\"publisher\":{\"@id\":\"https:\\\/\\\/sarmiento24h.com\\\/#organization\"},\"image\":{\"@id\":\"https:\\\/\\\/sarmiento24h.com\\\/?p=156699#primaryimage\"},\"thumbnailUrl\":\"https:\\\/\\\/sarmiento24h.com\\\/wp-content\\\/uploads\\\/2026\\\/04\\\/pogacar-firma-su-cuarta-victoria-en-la-lieja-bastona-lieja-tras-un-duelo-epico-con-seixas.jpg\",\"articleSection\":[\"Deportes\",\"Internacionales\"],\"inLanguage\":\"es\"},{\"@type\":\"WebPage\",\"@id\":\"https:\\\/\\\/sarmiento24h.com\\\/?p=156699\",\"url\":\"https:\\\/\\\/sarmiento24h.com\\\/?p=156699\",\"name\":\"Pogacar firma su cuarta victoria en la Lieja-Basto\u00f1a-Lieja tras un duelo \u00e9pico con Seixas - Sarmiento24h\",\"isPartOf\":{\"@id\":\"https:\\\/\\\/sarmiento24h.com\\\/#website\"},\"primaryImageOfPage\":{\"@id\":\"https:\\\/\\\/sarmiento24h.com\\\/?p=156699#primaryimage\"},\"image\":{\"@id\":\"https:\\\/\\\/sarmiento24h.com\\\/?p=156699#primaryimage\"},\"thumbnailUrl\":\"https:\\\/\\\/sarmiento24h.com\\\/wp-content\\\/uploads\\\/2026\\\/04\\\/pogacar-firma-su-cuarta-victoria-en-la-lieja-bastona-lieja-tras-un-duelo-epico-con-seixas.jpg\",\"datePublished\":\"2026-04-26T20:57:43+00:00\",\"breadcrumb\":{\"@id\":\"https:\\\/\\\/sarmiento24h.com\\\/?p=156699#breadcrumb\"},\"inLanguage\":\"es\",\"potentialAction\":[{\"@type\":\"ReadAction\",\"target\":[\"https:\\\/\\\/sarmiento24h.com\\\/?p=156699\"]}]},{\"@type\":\"ImageObject\",\"inLanguage\":\"es\",\"@id\":\"https:\\\/\\\/sarmiento24h.com\\\/?p=156699#primaryimage\",\"url\":\"https:\\\/\\\/sarmiento24h.com\\\/wp-content\\\/uploads\\\/2026\\\/04\\\/pogacar-firma-su-cuarta-victoria-en-la-lieja-bastona-lieja-tras-un-duelo-epico-con-seixas.jpg\",\"contentUrl\":\"https:\\\/\\\/sarmiento24h.com\\\/wp-content\\\/uploads\\\/2026\\\/04\\\/pogacar-firma-su-cuarta-victoria-en-la-lieja-bastona-lieja-tras-un-duelo-epico-con-seixas.jpg\",\"width\":980,\"height\":653},{\"@type\":\"BreadcrumbList\",\"@id\":\"https:\\\/\\\/sarmiento24h.com\\\/?p=156699#breadcrumb\",\"itemListElement\":[{\"@type\":\"ListItem\",\"position\":1,\"name\":\"Home\",\"item\":\"https:\\\/\\\/sarmiento24h.com\\\/\"},{\"@type\":\"ListItem\",\"position\":2,\"name\":\"Pogacar firma su cuarta victoria en la Lieja-Basto\u00f1a-Lieja tras un duelo \u00e9pico con Seixas\"}]},{\"@type\":\"WebSite\",\"@id\":\"https:\\\/\\\/sarmiento24h.com\\\/#website\",\"url\":\"https:\\\/\\\/sarmiento24h.com\\\/\",\"name\":\"Sarmiento24h\",\"description\":\"\",\"publisher\":{\"@id\":\"https:\\\/\\\/sarmiento24h.com\\\/#organization\"},\"potentialAction\":[{\"@type\":\"SearchAction\",\"target\":{\"@type\":\"EntryPoint\",\"urlTemplate\":\"https:\\\/\\\/sarmiento24h.com\\\/?s={search_term_string}\"},\"query-input\":{\"@type\":\"PropertyValueSpecification\",\"valueRequired\":true,\"valueName\":\"search_term_string\"}}],\"inLanguage\":\"es\"},{\"@type\":\"Organization\",\"@id\":\"https:\\\/\\\/sarmiento24h.com\\\/#organization\",\"name\":\"Sarmiento24h\",\"url\":\"https:\\\/\\\/sarmiento24h.com\\\/\",\"logo\":{\"@type\":\"ImageObject\",\"inLanguage\":\"es\",\"@id\":\"https:\\\/\\\/sarmiento24h.com\\\/#\\\/schema\\\/logo\\\/image\\\/\",\"url\":\"https:\\\/\\\/sarmiento24h.com\\\/wp-content\\\/uploads\\\/2025\\\/12\\\/AddText_12-16-10.30.52.jpg\",\"contentUrl\":\"https:\\\/\\\/sarmiento24h.com\\\/wp-content\\\/uploads\\\/2025\\\/12\\\/AddText_12-16-10.30.52.jpg\",\"width\":1220,\"height\":324,\"caption\":\"Sarmiento24h\"},\"image\":{\"@id\":\"https:\\\/\\\/sarmiento24h.com\\\/#\\\/schema\\\/logo\\\/image\\\/\"},\"sameAs\":[\"https:\\\/\\\/facebook.com\\\/s24hnoticias\",\"https:\\\/\\\/x.com\\\/sarmiento24h\"]},{\"@type\":\"Person\",\"@id\":\"https:\\\/\\\/sarmiento24h.com\\\/#\\\/schema\\\/person\\\/d653a59725ad629a7e0429af7b939d4d\",\"name\":\"sarmiento24h@gmail.com\",\"image\":{\"@type\":\"ImageObject\",\"inLanguage\":\"es\",\"@id\":\"https:\\\/\\\/sarmiento24h.com\\\/wp-content\\\/litespeed\\\/avatar\\\/d02cbc4e23c747e6659cd45907173c8f.jpg?ver=1777157796\",\"url\":\"https:\\\/\\\/sarmiento24h.com\\\/wp-content\\\/litespeed\\\/avatar\\\/d02cbc4e23c747e6659cd45907173c8f.jpg?ver=1777157796\",\"contentUrl\":\"https:\\\/\\\/sarmiento24h.com\\\/wp-content\\\/litespeed\\\/avatar\\\/d02cbc4e23c747e6659cd45907173c8f.jpg?ver=1777157796\",\"caption\":\"sarmiento24h@gmail.com\"},\"sameAs\":[\"https:\\\/\\\/sarmiento24h.com\"],\"url\":\"https:\\\/\\\/sarmiento24h.com\\\/?author=1\"}]}<\/script>\n<!-- \/ Yoast SEO plugin. -->","yoast_head_json":{"title":"Pogacar firma su cuarta victoria en la Lieja-Basto\u00f1a-Lieja tras un duelo \u00e9pico con Seixas - Sarmiento24h","robots":{"index":"index","follow":"follow","max-snippet":"max-snippet:-1","max-image-preview":"max-image-preview:large","max-video-preview":"max-video-preview:-1"},"canonical":"https:\/\/sarmiento24h.com\/?p=156699","og_locale":"es_ES","og_type":"article","og_title":"Pogacar firma su cuarta victoria en la Lieja-Basto\u00f1a-Lieja tras un duelo \u00e9pico con Seixas - Sarmiento24h","og_description":"\u00abSignifica mucho volver a ganar una de&#46;&#46;&#46;","og_url":"https:\/\/sarmiento24h.com\/?p=156699","og_site_name":"Sarmiento24h","article_publisher":"https:\/\/facebook.com\/s24hnoticias","article_published_time":"2026-04-26T20:57:43+00:00","og_image":[{"url":"https:\/\/s.france24.com\/media\/display\/30d50264-4187-11f1-bcf9-005056a90284\/w:980\/bf561554afd5fb196282d3d1c0ba522645489a96.jpg","type":"","width":"","height":""}],"author":"sarmiento24h@gmail.com","twitter_card":"summary_large_image","twitter_creator":"@sarmiento24h","twitter_site":"@sarmiento24h","twitter_misc":{"Escrito por":"sarmiento24h@gmail.com","Tiempo de lectura":"4 minutos"},"schema":{"@context":"https:\/\/schema.org","@graph":[{"@type":"Article","@id":"https:\/\/sarmiento24h.com\/?p=156699#article","isPartOf":{"@id":"https:\/\/sarmiento24h.com\/?p=156699"},"author":{"name":"sarmiento24h@gmail.com","@id":"https:\/\/sarmiento24h.com\/#\/schema\/person\/d653a59725ad629a7e0429af7b939d4d"},"headline":"Pogacar firma su cuarta victoria en la Lieja-Basto\u00f1a-Lieja tras un duelo \u00e9pico con Seixas","datePublished":"2026-04-26T20:57:43+00:00","mainEntityOfPage":{"@id":"https:\/\/sarmiento24h.com\/?p=156699"},"wordCount":762,"publisher":{"@id":"https:\/\/sarmiento24h.com\/#organization"},"image":{"@id":"https:\/\/sarmiento24h.com\/?p=156699#primaryimage"},"thumbnailUrl":"https:\/\/sarmiento24h.com\/wp-content\/uploads\/2026\/04\/pogacar-firma-su-cuarta-victoria-en-la-lieja-bastona-lieja-tras-un-duelo-epico-con-seixas.jpg","articleSection":["Deportes","Internacionales"],"inLanguage":"es"},{"@type":"WebPage","@id":"https:\/\/sarmiento24h.com\/?p=156699","url":"https:\/\/sarmiento24h.com\/?p=156699","name":"Pogacar firma su cuarta victoria en la Lieja-Basto\u00f1a-Lieja tras un duelo \u00e9pico con Seixas - Sarmiento24h","isPartOf":{"@id":"https:\/\/sarmiento24h.com\/#website"},"primaryImageOfPage":{"@id":"https:\/\/sarmiento24h.com\/?p=156699#primaryimage"},"image":{"@id":"https:\/\/sarmiento24h.com\/?p=156699#primaryimage"},"thumbnailUrl":"https:\/\/sarmiento24h.com\/wp-content\/uploads\/2026\/04\/pogacar-firma-su-cuarta-victoria-en-la-lieja-bastona-lieja-tras-un-duelo-epico-con-seixas.jpg","datePublished":"2026-04-26T20:57:43+00:00","breadcrumb":{"@id":"https:\/\/sarmiento24h.com\/?p=156699#breadcrumb"},"inLanguage":"es","potentialAction":[{"@type":"ReadAction","target":["https:\/\/sarmiento24h.com\/?p=156699"]}]},{"@type":"ImageObject","inLanguage":"es","@id":"https:\/\/sarmiento24h.com\/?p=156699#primaryimage","url":"https:\/\/sarmiento24h.com\/wp-content\/uploads\/2026\/04\/pogacar-firma-su-cuarta-victoria-en-la-lieja-bastona-lieja-tras-un-duelo-epico-con-seixas.jpg","contentUrl":"https:\/\/sarmiento24h.com\/wp-content\/uploads\/2026\/04\/pogacar-firma-su-cuarta-victoria-en-la-lieja-bastona-lieja-tras-un-duelo-epico-con-seixas.jpg","width":980,"height":653},{"@type":"BreadcrumbList","@id":"https:\/\/sarmiento24h.com\/?p=156699#breadcrumb","itemListElement":[{"@type":"ListItem","position":1,"name":"Home","item":"https:\/\/sarmiento24h.com\/"},{"@type":"ListItem","position":2,"name":"Pogacar firma su cuarta victoria en la Lieja-Basto\u00f1a-Lieja tras un duelo \u00e9pico con Seixas"}]},{"@type":"WebSite","@id":"https:\/\/sarmiento24h.com\/#website","url":"https:\/\/sarmiento24h.com\/","name":"Sarmiento24h","description":"","publisher":{"@id":"https:\/\/sarmiento24h.com\/#organization"},"potentialAction":[{"@type":"SearchAction","target":{"@type":"EntryPoint","urlTemplate":"https:\/\/sarmiento24h.com\/?s={search_term_string}"},"query-input":{"@type":"PropertyValueSpecification","valueRequired":true,"valueName":"search_term_string"}}],"inLanguage":"es"},{"@type":"Organization","@id":"https:\/\/sarmiento24h.com\/#organization","name":"Sarmiento24h","url":"https:\/\/sarmiento24h.com\/","logo":{"@type":"ImageObject","inLanguage":"es","@id":"https:\/\/sarmiento24h.com\/#\/schema\/logo\/image\/","url":"https:\/\/sarmiento24h.com\/wp-content\/uploads\/2025\/12\/AddText_12-16-10.30.52.jpg","contentUrl":"https:\/\/sarmiento24h.com\/wp-content\/uploads\/2025\/12\/AddText_12-16-10.30.52.jpg","width":1220,"height":324,"caption":"Sarmiento24h"},"image":{"@id":"https:\/\/sarmiento24h.com\/#\/schema\/logo\/image\/"},"sameAs":["https:\/\/facebook.com\/s24hnoticias","https:\/\/x.com\/sarmiento24h"]},{"@type":"Person","@id":"https:\/\/sarmiento24h.com\/#\/schema\/person\/d653a59725ad629a7e0429af7b939d4d","name":"sarmiento24h@gmail.com","image":{"@type":"ImageObject","inLanguage":"es","@id":"https:\/\/sarmiento24h.com\/wp-content\/litespeed\/avatar\/d02cbc4e23c747e6659cd45907173c8f.jpg?ver=1777157796","url":"https:\/\/sarmiento24h.com\/wp-content\/litespeed\/avatar\/d02cbc4e23c747e6659cd45907173c8f.jpg?ver=1777157796","contentUrl":"https:\/\/sarmiento24h.com\/wp-content\/litespeed\/avatar\/d02cbc4e23c747e6659cd45907173c8f.jpg?ver=1777157796","caption":"sarmiento24h@gmail.com"},"sameAs":["https:\/\/sarmiento24h.com"],"url":"https:\/\/sarmiento24h.com\/?author=1"}]}},"jetpack_publicize_connections":[],"jetpack_featured_media_url":"https:\/\/sarmiento24h.com\/wp-content\/uploads\/2026\/04\/pogacar-firma-su-cuarta-victoria-en-la-lieja-bastona-lieja-tras-un-duelo-epico-con-seixas.jpg","jetpack_sharing_enabled":true,"_links":{"self":[{"href":"https:\/\/sarmiento24h.com\/index.php?rest_route=\/wp\/v2\/posts\/156699","targetHints":{"allow":["GET"]}}],"collection":[{"href":"https:\/\/sarmiento24h.com\/index.php?rest_route=\/wp\/v2\/posts"}],"about":[{"href":"https:\/\/sarmiento24h.com\/index.php?rest_route=\/wp\/v2\/types\/post"}],"author":[{"embeddable":true,"href":"https:\/\/sarmiento24h.com\/index.php?rest_route=\/wp\/v2\/users\/1"}],"replies":[{"embeddable":true,"href":"https:\/\/sarmiento24h.com\/index.php?rest_route=%2Fwp%2Fv2%2Fcomments&post=156699"}],"version-history":[{"count":0,"href":"https:\/\/sarmiento24h.com\/index.php?rest_route=\/wp\/v2\/posts\/156699\/revisions"}],"wp:featuredmedia":[{"embeddable":true,"href":"https:\/\/sarmiento24h.com\/index.php?rest_route=\/wp\/v2\/media\/156700"}],"wp:attachment":[{"href":"https:\/\/sarmiento24h.com\/index.php?rest_route=%2Fwp%2Fv2%2Fmedia&parent=156699"}],"wp:term":[{"taxonomy":"category","embeddable":true,"href":"https:\/\/sarmiento24h.com\/index.php?rest_route=%2Fwp%2Fv2%2Fcategories&post=156699"},{"taxonomy":"post_tag","embeddable":true,"href":"https:\/\/sarmiento24h.com\/index.php?rest_route=%2Fwp%2Fv2%2Ftags&post=156699"}],"curies":[{"name":"wp","href":"https:\/\/api.w.org\/{rel}","templated":true}]}}