{"id":156965,"date":"2026-04-26T23:08:32","date_gmt":"2026-04-26T23:08:32","guid":{"rendered":"http:\/\/5f0616b6-41ad-11f1-b2f7-073f14d7a1c7"},"modified":"2026-04-26T23:08:32","modified_gmt":"2026-04-26T23:08:32","slug":"quien-es-cole-allen-el-profesor-senalado-como-autor-del-tiroteo-en-una-cena-de-periodistas-con-trump","status":"publish","type":"post","link":"https:\/\/sarmiento24h.com\/?p=156965","title":{"rendered":"\u00bfQui\u00e9n es Cole Allen?: el profesor se\u00f1alado como autor del tiroteo en una cena de periodistas con Trump"},"content":{"rendered":"<p>Cole Tomas Allen, residente en Torrance, California, fue identificado como el principal sospechoso del tiroteo ocurrido durante la cena anual de corresponsales de la Casa Blanca en Washington, el s\u00e1bado 25 de abril, en la que, por primera vez desde su segundo mandato, estaba presente el presidente Donald Ttrump.<\/p>\n<p>Su perfil, reconstruido a partir de fuentes oficiales y registros p\u00fablicos,<strong> muestra la trayectoria de un profesional con formaci\u00f3n t\u00e9cnica avanzada, actividad docente y se\u00f1ales recientes de radicalizaci\u00f3n contra un sector espec\u00edfico.<\/strong><\/p>\n<p class=\"a-read-more\"><span class=\"a-read-more__label\">Leer tambi\u00e9n<\/span><a href=\"https:\/\/www.france24.com\/es\/ee-uu-y-canad\u00e1\/20260426-lo-que-sabemos-del-tiroteo-que-interrumpi\u00f3-la-cena-de-corresponsales-con-trump\" target=\"_self\" class=\"a-read-more__link\">Lo que sabemos del tiroteo que interrumpi\u00f3 la cena de corresponsales con Trump &#8211; France 24<\/a><\/p>\n<h2><strong>Un perfil t\u00e9cnico y creativo<\/strong><\/h2>\n<p>Allen se describe en su perfil profesional como ingeniero mec\u00e1nico e inform\u00e1tico, adem\u00e1s de desarrollador independiente de videojuegos. Curs\u00f3 estudios en el Instituto Tecnol\u00f3gico de California (Caltech), donde se gradu\u00f3 en ingenier\u00eda mec\u00e1nica en 2017 y, posteriormente, obtuvo una maestr\u00eda en ciencias de la computaci\u00f3n en 2025 en la Universidad Estatal de California.<\/p>\n<p>En el \u00e1mbito laboral, trabajaba como profesor a tiempo parcial en la empresa de tutor\u00edas C2 Education desde 2020. All\u00ed impart\u00eda clases de preparaci\u00f3n acad\u00e9mica a estudiantes de secundaria y lleg\u00f3 a ser reconocido como \u201cprofesor del mes\u201d en diciembre de 2024.&nbsp;<\/p>\n<div class=\"em-video-wrapper m-em-video\" data-media-video-wbmz386778-f24-es-20260426 data-wrapper-video-player data-show-hidden-video-player=\"WBMZ386778-F24-ES-20260426\" data-youtube-script>\n<div class=\"m-em-video__video\">\n<div class=\"o-em-consent \" readability=\"7\">\n<div class=\"o-em-consent__content\" readability=\"34\">\n<p class=\"o-em-consent__content__text\">Para mostrar este contenido de YouTube, debe autorizar las cookies de medici\u00f3n de audiencia y publicidad.<\/p>\n<p> <button class=\"a-master-button a-master-button--dark\" data-action=\"accept\"> Aceptar <svg class=\"a-svg a-svg--icon-check\"> <use xlink:href=\"\/build\/images\/svg\/sprite.c98bf387c90bc4a87186b0b783f15ba0.svg#icon-check\" href=\"\/build\/images\/svg\/sprite.c98bf387c90bc4a87186b0b783f15ba0.svg#icon-check\" \/> <\/svg> <\/button> <button class=\"a-link\" data-action=\"manage\">Gestionar mis opciones<i class=\"a-svg a-svg--icon-edit\"><\/i><\/button> <\/div>\n<\/div>\n<div class=\"o-em-adblock\" data-adblock-content readability=\"7\">\n<div class=\"o-em-adblock__content\" readability=\"34\">\n<p class=\"o-em-adblock__content__text\">Una extensi\u00f3n de tu navegador parece estar bloqueando la carga del reproductor de video. Para poder ver este contenido, debes desactivarla en este sitio.<\/p>\n<p> <button class=\"a-master-button a-master-button--dark\" data-action=\"reload\">Reintentar<\/button> <\/div>\n<\/div>\n<figure class=\"m-item-image m-item-image--16x9 m-item-image--has-caption\"> <picture class=\"a-picture a-picture--16x9\"><source type=\"image\/webp\" srcset=\"https:\/\/s.france24.com\/media\/display\/707a51a8-417d-11f1-b8c5-005056a97e36\/w:388\/p:16x9\/ES-20260426-070351-070749-CS.webp 388w, https:\/\/s.france24.com\/media\/display\/707a51a8-417d-11f1-b8c5-005056a97e36\/w:720\/p:16x9\/ES-20260426-070351-070749-CS.webp 720w, https:\/\/s.france24.com\/media\/display\/707a51a8-417d-11f1-b8c5-005056a97e36\/w:1024\/p:16x9\/ES-20260426-070351-070749-CS.webp 1024w\" sizes=\"(max-width: 639px) calc(100vw - 32px), (max-width: 1076px) calc(100vw - 44px), 850px\"><img fetchpriority=\"low\" decoding=\"async\" src=\"https:\/\/s.france24.com\/media\/display\/707a51a8-417d-11f1-b8c5-005056a97e36\/w:1024\/p:16x9\/ES-20260426-070351-070749-CS.jpg\" srcset=\"https:\/\/s.france24.com\/media\/display\/707a51a8-417d-11f1-b8c5-005056a97e36\/w:388\/p:16x9\/ES-20260426-070351-070749-CS.jpg 388w, https:\/\/s.france24.com\/media\/display\/707a51a8-417d-11f1-b8c5-005056a97e36\/w:720\/p:16x9\/ES-20260426-070351-070749-CS.jpg 720w, https:\/\/s.france24.com\/media\/display\/707a51a8-417d-11f1-b8c5-005056a97e36\/w:1024\/p:16x9\/ES-20260426-070351-070749-CS.jpg 1024w\" sizes=\"auto, (max-width: 639px) calc(100vw - 32px), (max-width: 1076px) calc(100vw - 44px), 850px\" width=\"1024\" height=\"576\" alt loading=\"lazy\" class=\"a-img \">\n<\/picture><figcaption class=\"a-figcaption\"> <span>\u00a9 France 24<\/span> <\/figcaption><\/figure>\n<\/p><\/div>\n<\/p><\/div>\n<p>Testimonios de alumnos publicados por distintas instituciones educativas <strong>lo describen como una persona inteligente, con amplio dominio de materias cient\u00edficas, y con un comportamiento generalmente tranquilo,&nbsp;<\/strong>en el que basaba sus conversaciones en estudios, investigaciones y el m\u00e9todo cient\u00edfico.<\/p>\n<p>Adem\u00e1s de su labor docente,<strong> Allen desarroll\u00f3 proyectos en el \u00e1mbito de los videojuegos y la programaci\u00f3n tecnol\u00f3gica<\/strong>. Entre ellos figura un juego en l\u00ednea publicado en 2018 en la plataforma Steam, lo que refuerza su perfil t\u00e9cnico y creativo dentro del sector digital.<\/p>\n<p class=\"a-read-more\"><span class=\"a-read-more__label\">Leer tambi\u00e9n<\/span><a href=\"https:\/\/www.france24.com\/es\/ee-uu-y-canad\u00e1\/20260426-el-sospechoso-ten\u00eda-como-objetivo-a-funcionarios-de-la-administraci\u00f3n-trump-seg\u00fan-el-fiscal-general\" target=\"_self\" class=\"a-read-more__link\">Dirigentes internacionales condenan intento de ataque en Washington y expresan solidaridad con Trump &#8211; France 24<\/a><\/p>\n<h2><strong>\u00abArreglar los problemas del mundo\u00bb<\/strong><\/h2>\n<p>Seg\u00fan entrevistas realizadas a familiares, el sospechoso ten\u00eda tendencia a emitir declaraciones cada vez m\u00e1s extremas y a expresar ideas sobre la necesidad de intervenir para \u201carreglar los problemas del mundo\u201d.<\/p>\n<div class=\"m-em-image\">\n<figure class=\"m-item-image m-item-image--original m-item-image--has-caption\"> <picture class=\"a-picture a-picture--original\"><source type=\"image\/webp\" srcset=\"https:\/\/s.france24.com\/media\/display\/311d1e5c-41b2-11f1-a381-005056bfb2b6\/w:246\/2026-04-26T084420Z-1043644506-RC2WWKAOCCY0-RTRMADP-3-USA-TRUMP-DINNER-1.webp 246w, https:\/\/s.france24.com\/media\/display\/311d1e5c-41b2-11f1-a381-005056bfb2b6\/w:388\/2026-04-26T084420Z-1043644506-RC2WWKAOCCY0-RTRMADP-3-USA-TRUMP-DINNER-1.webp 388w, https:\/\/s.france24.com\/media\/display\/311d1e5c-41b2-11f1-a381-005056bfb2b6\/w:720\/2026-04-26T084420Z-1043644506-RC2WWKAOCCY0-RTRMADP-3-USA-TRUMP-DINNER-1.webp 720w, https:\/\/s.france24.com\/media\/display\/311d1e5c-41b2-11f1-a381-005056bfb2b6\/w:980\/2026-04-26T084420Z-1043644506-RC2WWKAOCCY0-RTRMADP-3-USA-TRUMP-DINNER-1.webp 980w\" sizes=\"(max-width: 1023px) calc(100vw - 32px), (min-width: 1024px) 850px\"><img fetchpriority=\"low\" decoding=\"async\" src=\"https:\/\/s.france24.com\/media\/display\/311d1e5c-41b2-11f1-a381-005056bfb2b6\/w:980\/2026-04-26T084420Z-1043644506-RC2WWKAOCCY0-RTRMADP-3-USA-TRUMP-DINNER-1.jpg\" srcset=\"https:\/\/s.france24.com\/media\/display\/311d1e5c-41b2-11f1-a381-005056bfb2b6\/w:246\/2026-04-26T084420Z-1043644506-RC2WWKAOCCY0-RTRMADP-3-USA-TRUMP-DINNER-1.jpg 246w, https:\/\/s.france24.com\/media\/display\/311d1e5c-41b2-11f1-a381-005056bfb2b6\/w:388\/2026-04-26T084420Z-1043644506-RC2WWKAOCCY0-RTRMADP-3-USA-TRUMP-DINNER-1.jpg 388w, https:\/\/s.france24.com\/media\/display\/311d1e5c-41b2-11f1-a381-005056bfb2b6\/w:720\/2026-04-26T084420Z-1043644506-RC2WWKAOCCY0-RTRMADP-3-USA-TRUMP-DINNER-1.jpg 720w, https:\/\/s.france24.com\/media\/display\/311d1e5c-41b2-11f1-a381-005056bfb2b6\/w:980\/2026-04-26T084420Z-1043644506-RC2WWKAOCCY0-RTRMADP-3-USA-TRUMP-DINNER-1.jpg 980w\" sizes=\"(max-width: 1023px) calc(100vw - 32px), (min-width: 1024px) 850px\" alt=\"Cole Tomas Allen, sospechoso del incidente del tiroteo en la cena de la Asociaci\u00f3n de Corresponsales de la Casa Blanca, yace en el suelo tras ser detenido por agentes de la ley, en Washington, D.C., EE.UU., 25 de abril de 2026, en esta captura de pantalla de un v\u00eddeo. Bill Frischling\/CQ Llamada\/Folleto v\u00eda REUTERS ESTA IMAGEN HA SIDO PROPORCIONADA POR UN TERCERO. NO HAY REVENTAS. NO HAY ARCHIVOS DE ARCHIVO. CR\u00c9DITO OBLIGATORIO. VERIFICACI\u00d3N Reuters pudo verificar la ubicaci\u00f3n a partir del suelo, las luces, la televisi\u00f3n y las ventanas que coinciden con las im\u00e1genes corroborativas. Reuters pudo confirmar la fecha a partir de datos de archivos. El hombre armado dispar\u00f3 a un agente del Servicio Secreto, dijo un funcionario del FBI a Reuters.\" loading=\"lazy\" class=\"a-img \">\n<\/picture><figcaption class=\"a-figcaption\"> <span>Cole Tomas Allen, sospechoso del incidente del tiroteo en la cena de la Asociaci\u00f3n de Corresponsales de la Casa Blanca, yace en el suelo tras ser detenido por agentes de la ley, en Washington, D.C., EE.UU., 25 de abril de 2026, en esta captura de pantalla de un v\u00eddeo. Bill Frischling\/CQ Llamada\/Folleto v\u00eda REUTERS ESTA IMAGEN HA SIDO PROPORCIONADA POR UN TERCERO. NO HAY REVENTAS. NO HAY ARCHIVOS DE ARCHIVO. CR\u00c9DITO OBLIGATORIO. VERIFICACI\u00d3N Reuters pudo verificar la ubicaci\u00f3n a partir del suelo, las luces, la televisi\u00f3n y las ventanas que coinciden con las im\u00e1genes corroborativas. Reuters pudo confirmar la fecha a partir de datos de archivos. El hombre armado dispar\u00f3 a un agente del Servicio Secreto, dijo un funcionario del FBI a Reuters.<\/span> <span>via REUTERS &#8211; Bill Frischling\/ CQ Roll Call<\/span> <\/figcaption><\/figure>\n<\/p><\/div>\n<p>Su entorno cercano tambi\u00e9n indic\u00f3 que hab\u00eda participado en protestas pol\u00edticas, incluyendo manifestaciones contra el presidente Trump, y que <strong>manten\u00eda v\u00ednculos con c\u00edrculos de activismo social en contra de la pol\u00edtica republicana estadounidense.<\/strong><\/p>\n<p>En paralelo, registros oficiales muestran que en 2024 realiz\u00f3 una donaci\u00f3n de 25 d\u00f3lares a una campa\u00f1a pol\u00edtica a trav\u00e9s de la plataforma ActBlue, <strong>la reconocida plataforma digital que financia principalmente a candidatos y causas del Partido Dem\u00f3crata y organizaciones progresistas.<\/strong><\/p>\n<p>Otro elemento clave en su perfil es el acceso a armas. De acuerdo con la investigaci\u00f3n, Allen adquiri\u00f3 dos pistolas y una escopeta, que almacen\u00f3 en la vivienda de sus padres sin que estos tuvieran conocimiento del tema. El d\u00eda del suceso en cuesti\u00f3n, la noche del 25 de abril, portaba ese arsenal junto con varios cuchillos, seg\u00fan la Polic\u00eda.<\/p>\n<h2><strong>El manifiesto de Allen<\/strong><\/h2>\n<p>Uno de los aspectos m\u00e1s relevantes del caso es el manifiesto que el sospechoso envi\u00f3 a sus familiares minutos antes del ataque.&nbsp;<\/p>\n<p>El documento, de m\u00e1s de mil palabras, detalla una planificaci\u00f3n estructurada, en la que<strong> Allen se autodenomina \u201cFriendly Federal Assassin\u201d (asesino federal amistoso) y establece una lista de objetivos centrada en funcionarios de alto nivel del Gobierno <\/strong>republicano estadounidense.<\/p>\n<p>En ese texto, el sospechoso expone una visi\u00f3n ideol\u00f3gica marcada por el rechazo a la administraci\u00f3n y cr\u00edticas a sectores religiosos, especialmente al cristianismo.&nbsp;<\/p>\n<p>En uno de los fragmentos, argumenta que \u201cponer la otra mejilla\u201d frente a la opresi\u00f3n de otros constituye complicidad, reinterpretando principios religiosos para justificar la violencia.<\/p>\n<div class=\"m-em-image\">\n<figure class=\"m-item-image m-item-image--original m-item-image--has-caption\"> <picture class=\"a-picture a-picture--original\"><source type=\"image\/webp\" srcset=\"https:\/\/s.france24.com\/media\/display\/fbeaa154-41ad-11f1-b121-005056a90284\/w:246\/2026-04-26T175155Z-1225123908-RC25XKABTSOU-RTRMADP-3-USA-TRUMP-DINNER-SUSPECT.webp 246w, https:\/\/s.france24.com\/media\/display\/fbeaa154-41ad-11f1-b121-005056a90284\/w:388\/2026-04-26T175155Z-1225123908-RC25XKABTSOU-RTRMADP-3-USA-TRUMP-DINNER-SUSPECT.webp 388w, https:\/\/s.france24.com\/media\/display\/fbeaa154-41ad-11f1-b121-005056a90284\/w:720\/2026-04-26T175155Z-1225123908-RC25XKABTSOU-RTRMADP-3-USA-TRUMP-DINNER-SUSPECT.webp 720w, https:\/\/s.france24.com\/media\/display\/fbeaa154-41ad-11f1-b121-005056a90284\/w:980\/2026-04-26T175155Z-1225123908-RC25XKABTSOU-RTRMADP-3-USA-TRUMP-DINNER-SUSPECT.webp 980w\" sizes=\"(max-width: 1023px) calc(100vw - 32px), (min-width: 1024px) 850px\"><img fetchpriority=\"low\" decoding=\"async\" src=\"https:\/\/s.france24.com\/media\/display\/fbeaa154-41ad-11f1-b121-005056a90284\/w:980\/2026-04-26T175155Z-1225123908-RC25XKABTSOU-RTRMADP-3-USA-TRUMP-DINNER-SUSPECT.jpg\" srcset=\"https:\/\/s.france24.com\/media\/display\/fbeaa154-41ad-11f1-b121-005056a90284\/w:246\/2026-04-26T175155Z-1225123908-RC25XKABTSOU-RTRMADP-3-USA-TRUMP-DINNER-SUSPECT.jpg 246w, https:\/\/s.france24.com\/media\/display\/fbeaa154-41ad-11f1-b121-005056a90284\/w:388\/2026-04-26T175155Z-1225123908-RC25XKABTSOU-RTRMADP-3-USA-TRUMP-DINNER-SUSPECT.jpg 388w, https:\/\/s.france24.com\/media\/display\/fbeaa154-41ad-11f1-b121-005056a90284\/w:720\/2026-04-26T175155Z-1225123908-RC25XKABTSOU-RTRMADP-3-USA-TRUMP-DINNER-SUSPECT.jpg 720w, https:\/\/s.france24.com\/media\/display\/fbeaa154-41ad-11f1-b121-005056a90284\/w:980\/2026-04-26T175155Z-1225123908-RC25XKABTSOU-RTRMADP-3-USA-TRUMP-DINNER-SUSPECT.jpg 980w\" sizes=\"(max-width: 1023px) calc(100vw - 32px), (min-width: 1024px) 850px\" alt=\"Miembros del FBI inspeccionan el barrio donde se encuentra la casa asociada con Cole Tomas Allen, el sospechoso del tiroteo en Washington durante la cena anual de la Asociaci\u00f3n de Corresponsales de la Casa Blanca, en Torrance, California, EE. UU., el 26 de abril de 2026.\" loading=\"lazy\" class=\"a-img \">\n<\/picture><figcaption class=\"a-figcaption\"> <span>Miembros del FBI inspeccionan el barrio donde se encuentra la casa asociada con Cole Tomas Allen, el sospechoso del tiroteo en Washington durante la cena anual de la Asociaci\u00f3n de Corresponsales de la Casa Blanca, en Torrance, California, EE. UU., el 26 de abril de 2026.<\/span> <span>REUTERS &#8211; David Swanson<\/span> <\/figcaption><\/figure>\n<\/p><\/div>\n<p><strong>Allen afirma que buscaba minimizar da\u00f1os colaterales, planteando el uso de munici\u00f3n espec\u00edfica y evitando, en la medida de lo posible, atacar a personas ajenas a sus objetivos.&nbsp;<\/strong><\/p>\n<p>Pese a esto, el sospechoso reconoce en ese texto que podr\u00eda causar da\u00f1o indiscriminado si lo consideraba necesario para cumplir su misi\u00f3n.<\/p>\n<p>Otro componente destacado del documento es su an\u00e1lisis de la seguridad del lugar en el que Allen describe lo que percibi\u00f3 como una falta de controles efectivos en el hotel donde se celebraba el evento, se\u00f1alando que pudo ingresar armado sin levantar sospechas. Estas afirmaciones est\u00e1n siendo evaluadas por las autoridades en el marco de la investigaci\u00f3n.<\/p>\n<p>El recorrido previo al ataque tambi\u00e9n forma parte del perfil y los movimientos que las autoridades est\u00e1n estudiando, pues, seg\u00fan fuentes oficiales, el sospechoso viaj\u00f3 en tren desde Los \u00c1ngeles hasta Chicago y posteriormente a Washington, lo que sugiere un desplazamiento planificado con antelaci\u00f3n.<\/p>\n<div class=\"em-video-wrapper m-em-video\" data-media-video-wbmz386808-f24-es-20260426 data-wrapper-video-player data-show-hidden-video-player=\"WBMZ386808-F24-ES-20260426\" data-youtube-script readability=\"7\">\n<p>\u00bfHubo fallas de seguridad en la cena de corresponsales con Trump interrumpida por tiroteo?<\/p>\n<div class=\"m-em-video__video\">\n<div class=\"o-em-consent \" readability=\"7\">\n<div class=\"o-em-consent__content\" readability=\"34\">\n<p class=\"o-em-consent__content__text\">Para mostrar este contenido de YouTube, debe autorizar las cookies de medici\u00f3n de audiencia y publicidad.<\/p>\n<p> <button class=\"a-master-button a-master-button--dark\" data-action=\"accept\"> Aceptar <svg class=\"a-svg a-svg--icon-check\"> <use xlink:href=\"\/build\/images\/svg\/sprite.c98bf387c90bc4a87186b0b783f15ba0.svg#icon-check\" href=\"\/build\/images\/svg\/sprite.c98bf387c90bc4a87186b0b783f15ba0.svg#icon-check\" \/> <\/svg> <\/button> <button class=\"a-link\" data-action=\"manage\">Gestionar mis opciones<i class=\"a-svg a-svg--icon-edit\"><\/i><\/button> <\/div>\n<\/div>\n<div class=\"o-em-adblock\" data-adblock-content readability=\"7\">\n<div class=\"o-em-adblock__content\" readability=\"34\">\n<p class=\"o-em-adblock__content__text\">Una extensi\u00f3n de tu navegador parece estar bloqueando la carga del reproductor de video. Para poder ver este contenido, debes desactivarla en este sitio.<\/p>\n<p> <button class=\"a-master-button a-master-button--dark\" data-action=\"reload\">Reintentar<\/button> <\/div>\n<\/div>\n<figure class=\"m-item-image m-item-image--16x9 m-item-image--has-caption\"> <picture class=\"a-picture a-picture--16x9\"><source type=\"image\/webp\" srcset=\"https:\/\/s.france24.com\/media\/display\/ed0287dc-419a-11f1-a2cd-005056bf30b7\/w:388\/p:16x9\/ES-20260426-100350-100918-CS.webp 388w, https:\/\/s.france24.com\/media\/display\/ed0287dc-419a-11f1-a2cd-005056bf30b7\/w:720\/p:16x9\/ES-20260426-100350-100918-CS.webp 720w, https:\/\/s.france24.com\/media\/display\/ed0287dc-419a-11f1-a2cd-005056bf30b7\/w:1024\/p:16x9\/ES-20260426-100350-100918-CS.webp 1024w\" sizes=\"(max-width: 639px) calc(100vw - 32px), (max-width: 1076px) calc(100vw - 44px), 850px\"><img fetchpriority=\"low\" decoding=\"async\" src=\"https:\/\/s.france24.com\/media\/display\/ed0287dc-419a-11f1-a2cd-005056bf30b7\/w:1024\/p:16x9\/ES-20260426-100350-100918-CS.jpg\" srcset=\"https:\/\/s.france24.com\/media\/display\/ed0287dc-419a-11f1-a2cd-005056bf30b7\/w:388\/p:16x9\/ES-20260426-100350-100918-CS.jpg 388w, https:\/\/s.france24.com\/media\/display\/ed0287dc-419a-11f1-a2cd-005056bf30b7\/w:720\/p:16x9\/ES-20260426-100350-100918-CS.jpg 720w, https:\/\/s.france24.com\/media\/display\/ed0287dc-419a-11f1-a2cd-005056bf30b7\/w:1024\/p:16x9\/ES-20260426-100350-100918-CS.jpg 1024w\" sizes=\"auto, (max-width: 639px) calc(100vw - 32px), (max-width: 1076px) calc(100vw - 44px), 850px\" width=\"1024\" height=\"576\" alt=\"\u00bfHubo fallas de seguridad en la cena de corresponsales con Trump interrumpida por tiroteo?\" loading=\"lazy\" class=\"a-img \">\n<\/picture><figcaption class=\"a-figcaption\"> <span>\u00a9 France 24<\/span> <\/figcaption><\/figure>\n<\/p><\/div>\n<\/p><\/div>\n<p>Luego del esc\u00e1ndalo que concentraba a los medios y periodistas m\u00e1s reconocidos de la capital estadounidense, el sospechoso no result\u00f3 herido durante su detenci\u00f3n, aunque fue trasladado a un hospital para una evaluaci\u00f3n m\u00e9dica.<\/p>\n<p>Ahora, est\u00e1 previsto que Allen comparezca ante un tribunal federal, enfrentando cargos relacionados con el uso de armas de fuego en un delito violento y agresi\u00f3n a un agente federal. Hasta el momento, las autoridades consideran que actu\u00f3 solo y no han confirmado v\u00ednculos directos con organizaciones externas.&nbsp;<\/p>\n<p>Con informaci\u00f3n de Reuters, AP y medios locales.<\/p>\n","protected":false},"excerpt":{"rendered":"<p>Cole Tomas Allen, residente en Torrance, California,&#46;&#46;&#46;<\/p>\n","protected":false},"author":1,"featured_media":156966,"comment_status":"closed","ping_status":"closed","sticky":false,"template":"","format":"standard","meta":{"_jetpack_memberships_contains_paid_content":false,"footnotes":"","jetpack_publicize_message":"","jetpack_publicize_feature_enabled":true,"jetpack_social_post_already_shared":true,"jetpack_social_options":{"image_generator_settings":{"template":"highway","default_image_id":0,"font":"","enabled":false},"version":2}},"categories":[43],"tags":[],"class_list":["post-156965","post","type-post","status-publish","format-standard","has-post-thumbnail","hentry","category-internacionales"],"yoast_head":"<!-- This site is optimized with the Yoast SEO plugin v27.3 - https:\/\/yoast.com\/product\/yoast-seo-wordpress\/ -->\n<title>\u00bfQui\u00e9n es Cole Allen?: el profesor se\u00f1alado como autor del tiroteo en una cena de periodistas con Trump - Sarmiento24h<\/title>\n<meta name=\"robots\" content=\"index, follow, max-snippet:-1, max-image-preview:large, max-video-preview:-1\" \/>\n<link rel=\"canonical\" href=\"https:\/\/sarmiento24h.com\/?p=156965\" \/>\n<meta property=\"og:locale\" content=\"es_ES\" \/>\n<meta property=\"og:type\" content=\"article\" \/>\n<meta property=\"og:title\" content=\"\u00bfQui\u00e9n es Cole Allen?: el profesor se\u00f1alado como autor del tiroteo en una cena de periodistas con Trump - Sarmiento24h\" \/>\n<meta property=\"og:description\" content=\"Cole Tomas Allen, residente en Torrance, California,&#046;&#046;&#046;\" \/>\n<meta property=\"og:url\" content=\"https:\/\/sarmiento24h.com\/?p=156965\" \/>\n<meta property=\"og:site_name\" content=\"Sarmiento24h\" \/>\n<meta property=\"article:publisher\" content=\"https:\/\/facebook.com\/s24hnoticias\" \/>\n<meta property=\"article:published_time\" content=\"2026-04-26T23:08:32+00:00\" \/>\n<meta property=\"og:image\" content=\"https:\/\/s.france24.com\/media\/display\/707a51a8-417d-11f1-b8c5-005056a97e36\/w:1024\/p:16x9\/ES-20260426-070351-070749-CS.jpg\" \/>\n<meta name=\"author\" content=\"sarmiento24h@gmail.com\" \/>\n<meta name=\"twitter:card\" content=\"summary_large_image\" \/>\n<meta name=\"twitter:creator\" content=\"@sarmiento24h\" \/>\n<meta name=\"twitter:site\" content=\"@sarmiento24h\" \/>\n<meta name=\"twitter:label1\" content=\"Escrito por\" \/>\n\t<meta name=\"twitter:data1\" content=\"sarmiento24h@gmail.com\" \/>\n\t<meta name=\"twitter:label2\" content=\"Tiempo de lectura\" \/>\n\t<meta name=\"twitter:data2\" content=\"6 minutos\" \/>\n<script type=\"application\/ld+json\" class=\"yoast-schema-graph\">{\"@context\":\"https:\\\/\\\/schema.org\",\"@graph\":[{\"@type\":\"Article\",\"@id\":\"https:\\\/\\\/sarmiento24h.com\\\/?p=156965#article\",\"isPartOf\":{\"@id\":\"https:\\\/\\\/sarmiento24h.com\\\/?p=156965\"},\"author\":{\"name\":\"sarmiento24h@gmail.com\",\"@id\":\"https:\\\/\\\/sarmiento24h.com\\\/#\\\/schema\\\/person\\\/d653a59725ad629a7e0429af7b939d4d\"},\"headline\":\"\u00bfQui\u00e9n es Cole Allen?: el profesor se\u00f1alado como autor del tiroteo en una cena de periodistas con Trump\",\"datePublished\":\"2026-04-26T23:08:32+00:00\",\"mainEntityOfPage\":{\"@id\":\"https:\\\/\\\/sarmiento24h.com\\\/?p=156965\"},\"wordCount\":1222,\"publisher\":{\"@id\":\"https:\\\/\\\/sarmiento24h.com\\\/#organization\"},\"image\":{\"@id\":\"https:\\\/\\\/sarmiento24h.com\\\/?p=156965#primaryimage\"},\"thumbnailUrl\":\"https:\\\/\\\/sarmiento24h.com\\\/wp-content\\\/uploads\\\/2026\\\/04\\\/quien-es-cole-allen-el-profesor-senalado-como-autor-del-tiroteo-en-una-cena-de-periodistas-con-trump.jpg\",\"articleSection\":[\"Internacionales\"],\"inLanguage\":\"es\"},{\"@type\":\"WebPage\",\"@id\":\"https:\\\/\\\/sarmiento24h.com\\\/?p=156965\",\"url\":\"https:\\\/\\\/sarmiento24h.com\\\/?p=156965\",\"name\":\"\u00bfQui\u00e9n es Cole Allen?: el profesor se\u00f1alado como autor del tiroteo en una cena de periodistas con Trump - Sarmiento24h\",\"isPartOf\":{\"@id\":\"https:\\\/\\\/sarmiento24h.com\\\/#website\"},\"primaryImageOfPage\":{\"@id\":\"https:\\\/\\\/sarmiento24h.com\\\/?p=156965#primaryimage\"},\"image\":{\"@id\":\"https:\\\/\\\/sarmiento24h.com\\\/?p=156965#primaryimage\"},\"thumbnailUrl\":\"https:\\\/\\\/sarmiento24h.com\\\/wp-content\\\/uploads\\\/2026\\\/04\\\/quien-es-cole-allen-el-profesor-senalado-como-autor-del-tiroteo-en-una-cena-de-periodistas-con-trump.jpg\",\"datePublished\":\"2026-04-26T23:08:32+00:00\",\"breadcrumb\":{\"@id\":\"https:\\\/\\\/sarmiento24h.com\\\/?p=156965#breadcrumb\"},\"inLanguage\":\"es\",\"potentialAction\":[{\"@type\":\"ReadAction\",\"target\":[\"https:\\\/\\\/sarmiento24h.com\\\/?p=156965\"]}]},{\"@type\":\"ImageObject\",\"inLanguage\":\"es\",\"@id\":\"https:\\\/\\\/sarmiento24h.com\\\/?p=156965#primaryimage\",\"url\":\"https:\\\/\\\/sarmiento24h.com\\\/wp-content\\\/uploads\\\/2026\\\/04\\\/quien-es-cole-allen-el-profesor-senalado-como-autor-del-tiroteo-en-una-cena-de-periodistas-con-trump.jpg\",\"contentUrl\":\"https:\\\/\\\/sarmiento24h.com\\\/wp-content\\\/uploads\\\/2026\\\/04\\\/quien-es-cole-allen-el-profesor-senalado-como-autor-del-tiroteo-en-una-cena-de-periodistas-con-trump.jpg\",\"width\":1024,\"height\":576},{\"@type\":\"BreadcrumbList\",\"@id\":\"https:\\\/\\\/sarmiento24h.com\\\/?p=156965#breadcrumb\",\"itemListElement\":[{\"@type\":\"ListItem\",\"position\":1,\"name\":\"Home\",\"item\":\"https:\\\/\\\/sarmiento24h.com\\\/\"},{\"@type\":\"ListItem\",\"position\":2,\"name\":\"\u00bfQui\u00e9n es Cole Allen?: el profesor se\u00f1alado como autor del tiroteo en una cena de periodistas con Trump\"}]},{\"@type\":\"WebSite\",\"@id\":\"https:\\\/\\\/sarmiento24h.com\\\/#website\",\"url\":\"https:\\\/\\\/sarmiento24h.com\\\/\",\"name\":\"Sarmiento24h\",\"description\":\"\",\"publisher\":{\"@id\":\"https:\\\/\\\/sarmiento24h.com\\\/#organization\"},\"potentialAction\":[{\"@type\":\"SearchAction\",\"target\":{\"@type\":\"EntryPoint\",\"urlTemplate\":\"https:\\\/\\\/sarmiento24h.com\\\/?s={search_term_string}\"},\"query-input\":{\"@type\":\"PropertyValueSpecification\",\"valueRequired\":true,\"valueName\":\"search_term_string\"}}],\"inLanguage\":\"es\"},{\"@type\":\"Organization\",\"@id\":\"https:\\\/\\\/sarmiento24h.com\\\/#organization\",\"name\":\"Sarmiento24h\",\"url\":\"https:\\\/\\\/sarmiento24h.com\\\/\",\"logo\":{\"@type\":\"ImageObject\",\"inLanguage\":\"es\",\"@id\":\"https:\\\/\\\/sarmiento24h.com\\\/#\\\/schema\\\/logo\\\/image\\\/\",\"url\":\"https:\\\/\\\/sarmiento24h.com\\\/wp-content\\\/uploads\\\/2025\\\/12\\\/AddText_12-16-10.30.52.jpg\",\"contentUrl\":\"https:\\\/\\\/sarmiento24h.com\\\/wp-content\\\/uploads\\\/2025\\\/12\\\/AddText_12-16-10.30.52.jpg\",\"width\":1220,\"height\":324,\"caption\":\"Sarmiento24h\"},\"image\":{\"@id\":\"https:\\\/\\\/sarmiento24h.com\\\/#\\\/schema\\\/logo\\\/image\\\/\"},\"sameAs\":[\"https:\\\/\\\/facebook.com\\\/s24hnoticias\",\"https:\\\/\\\/x.com\\\/sarmiento24h\"]},{\"@type\":\"Person\",\"@id\":\"https:\\\/\\\/sarmiento24h.com\\\/#\\\/schema\\\/person\\\/d653a59725ad629a7e0429af7b939d4d\",\"name\":\"sarmiento24h@gmail.com\",\"image\":{\"@type\":\"ImageObject\",\"inLanguage\":\"es\",\"@id\":\"https:\\\/\\\/sarmiento24h.com\\\/wp-content\\\/litespeed\\\/avatar\\\/d02cbc4e23c747e6659cd45907173c8f.jpg?ver=1777157796\",\"url\":\"https:\\\/\\\/sarmiento24h.com\\\/wp-content\\\/litespeed\\\/avatar\\\/d02cbc4e23c747e6659cd45907173c8f.jpg?ver=1777157796\",\"contentUrl\":\"https:\\\/\\\/sarmiento24h.com\\\/wp-content\\\/litespeed\\\/avatar\\\/d02cbc4e23c747e6659cd45907173c8f.jpg?ver=1777157796\",\"caption\":\"sarmiento24h@gmail.com\"},\"sameAs\":[\"https:\\\/\\\/sarmiento24h.com\"],\"url\":\"https:\\\/\\\/sarmiento24h.com\\\/?author=1\"}]}<\/script>\n<!-- \/ Yoast SEO plugin. -->","yoast_head_json":{"title":"\u00bfQui\u00e9n es Cole Allen?: el profesor se\u00f1alado como autor del tiroteo en una cena de periodistas con Trump - Sarmiento24h","robots":{"index":"index","follow":"follow","max-snippet":"max-snippet:-1","max-image-preview":"max-image-preview:large","max-video-preview":"max-video-preview:-1"},"canonical":"https:\/\/sarmiento24h.com\/?p=156965","og_locale":"es_ES","og_type":"article","og_title":"\u00bfQui\u00e9n es Cole Allen?: el profesor se\u00f1alado como autor del tiroteo en una cena de periodistas con Trump - Sarmiento24h","og_description":"Cole Tomas Allen, residente en Torrance, California,&#46;&#46;&#46;","og_url":"https:\/\/sarmiento24h.com\/?p=156965","og_site_name":"Sarmiento24h","article_publisher":"https:\/\/facebook.com\/s24hnoticias","article_published_time":"2026-04-26T23:08:32+00:00","og_image":[{"url":"https:\/\/s.france24.com\/media\/display\/707a51a8-417d-11f1-b8c5-005056a97e36\/w:1024\/p:16x9\/ES-20260426-070351-070749-CS.jpg","type":"","width":"","height":""}],"author":"sarmiento24h@gmail.com","twitter_card":"summary_large_image","twitter_creator":"@sarmiento24h","twitter_site":"@sarmiento24h","twitter_misc":{"Escrito por":"sarmiento24h@gmail.com","Tiempo de lectura":"6 minutos"},"schema":{"@context":"https:\/\/schema.org","@graph":[{"@type":"Article","@id":"https:\/\/sarmiento24h.com\/?p=156965#article","isPartOf":{"@id":"https:\/\/sarmiento24h.com\/?p=156965"},"author":{"name":"sarmiento24h@gmail.com","@id":"https:\/\/sarmiento24h.com\/#\/schema\/person\/d653a59725ad629a7e0429af7b939d4d"},"headline":"\u00bfQui\u00e9n es Cole Allen?: el profesor se\u00f1alado como autor del tiroteo en una cena de periodistas con Trump","datePublished":"2026-04-26T23:08:32+00:00","mainEntityOfPage":{"@id":"https:\/\/sarmiento24h.com\/?p=156965"},"wordCount":1222,"publisher":{"@id":"https:\/\/sarmiento24h.com\/#organization"},"image":{"@id":"https:\/\/sarmiento24h.com\/?p=156965#primaryimage"},"thumbnailUrl":"https:\/\/sarmiento24h.com\/wp-content\/uploads\/2026\/04\/quien-es-cole-allen-el-profesor-senalado-como-autor-del-tiroteo-en-una-cena-de-periodistas-con-trump.jpg","articleSection":["Internacionales"],"inLanguage":"es"},{"@type":"WebPage","@id":"https:\/\/sarmiento24h.com\/?p=156965","url":"https:\/\/sarmiento24h.com\/?p=156965","name":"\u00bfQui\u00e9n es Cole Allen?: el profesor se\u00f1alado como autor del tiroteo en una cena de periodistas con Trump - Sarmiento24h","isPartOf":{"@id":"https:\/\/sarmiento24h.com\/#website"},"primaryImageOfPage":{"@id":"https:\/\/sarmiento24h.com\/?p=156965#primaryimage"},"image":{"@id":"https:\/\/sarmiento24h.com\/?p=156965#primaryimage"},"thumbnailUrl":"https:\/\/sarmiento24h.com\/wp-content\/uploads\/2026\/04\/quien-es-cole-allen-el-profesor-senalado-como-autor-del-tiroteo-en-una-cena-de-periodistas-con-trump.jpg","datePublished":"2026-04-26T23:08:32+00:00","breadcrumb":{"@id":"https:\/\/sarmiento24h.com\/?p=156965#breadcrumb"},"inLanguage":"es","potentialAction":[{"@type":"ReadAction","target":["https:\/\/sarmiento24h.com\/?p=156965"]}]},{"@type":"ImageObject","inLanguage":"es","@id":"https:\/\/sarmiento24h.com\/?p=156965#primaryimage","url":"https:\/\/sarmiento24h.com\/wp-content\/uploads\/2026\/04\/quien-es-cole-allen-el-profesor-senalado-como-autor-del-tiroteo-en-una-cena-de-periodistas-con-trump.jpg","contentUrl":"https:\/\/sarmiento24h.com\/wp-content\/uploads\/2026\/04\/quien-es-cole-allen-el-profesor-senalado-como-autor-del-tiroteo-en-una-cena-de-periodistas-con-trump.jpg","width":1024,"height":576},{"@type":"BreadcrumbList","@id":"https:\/\/sarmiento24h.com\/?p=156965#breadcrumb","itemListElement":[{"@type":"ListItem","position":1,"name":"Home","item":"https:\/\/sarmiento24h.com\/"},{"@type":"ListItem","position":2,"name":"\u00bfQui\u00e9n es Cole Allen?: el profesor se\u00f1alado como autor del tiroteo en una cena de periodistas con Trump"}]},{"@type":"WebSite","@id":"https:\/\/sarmiento24h.com\/#website","url":"https:\/\/sarmiento24h.com\/","name":"Sarmiento24h","description":"","publisher":{"@id":"https:\/\/sarmiento24h.com\/#organization"},"potentialAction":[{"@type":"SearchAction","target":{"@type":"EntryPoint","urlTemplate":"https:\/\/sarmiento24h.com\/?s={search_term_string}"},"query-input":{"@type":"PropertyValueSpecification","valueRequired":true,"valueName":"search_term_string"}}],"inLanguage":"es"},{"@type":"Organization","@id":"https:\/\/sarmiento24h.com\/#organization","name":"Sarmiento24h","url":"https:\/\/sarmiento24h.com\/","logo":{"@type":"ImageObject","inLanguage":"es","@id":"https:\/\/sarmiento24h.com\/#\/schema\/logo\/image\/","url":"https:\/\/sarmiento24h.com\/wp-content\/uploads\/2025\/12\/AddText_12-16-10.30.52.jpg","contentUrl":"https:\/\/sarmiento24h.com\/wp-content\/uploads\/2025\/12\/AddText_12-16-10.30.52.jpg","width":1220,"height":324,"caption":"Sarmiento24h"},"image":{"@id":"https:\/\/sarmiento24h.com\/#\/schema\/logo\/image\/"},"sameAs":["https:\/\/facebook.com\/s24hnoticias","https:\/\/x.com\/sarmiento24h"]},{"@type":"Person","@id":"https:\/\/sarmiento24h.com\/#\/schema\/person\/d653a59725ad629a7e0429af7b939d4d","name":"sarmiento24h@gmail.com","image":{"@type":"ImageObject","inLanguage":"es","@id":"https:\/\/sarmiento24h.com\/wp-content\/litespeed\/avatar\/d02cbc4e23c747e6659cd45907173c8f.jpg?ver=1777157796","url":"https:\/\/sarmiento24h.com\/wp-content\/litespeed\/avatar\/d02cbc4e23c747e6659cd45907173c8f.jpg?ver=1777157796","contentUrl":"https:\/\/sarmiento24h.com\/wp-content\/litespeed\/avatar\/d02cbc4e23c747e6659cd45907173c8f.jpg?ver=1777157796","caption":"sarmiento24h@gmail.com"},"sameAs":["https:\/\/sarmiento24h.com"],"url":"https:\/\/sarmiento24h.com\/?author=1"}]}},"jetpack_publicize_connections":[],"jetpack_featured_media_url":"https:\/\/sarmiento24h.com\/wp-content\/uploads\/2026\/04\/quien-es-cole-allen-el-profesor-senalado-como-autor-del-tiroteo-en-una-cena-de-periodistas-con-trump.jpg","jetpack_sharing_enabled":true,"_links":{"self":[{"href":"https:\/\/sarmiento24h.com\/index.php?rest_route=\/wp\/v2\/posts\/156965","targetHints":{"allow":["GET"]}}],"collection":[{"href":"https:\/\/sarmiento24h.com\/index.php?rest_route=\/wp\/v2\/posts"}],"about":[{"href":"https:\/\/sarmiento24h.com\/index.php?rest_route=\/wp\/v2\/types\/post"}],"author":[{"embeddable":true,"href":"https:\/\/sarmiento24h.com\/index.php?rest_route=\/wp\/v2\/users\/1"}],"replies":[{"embeddable":true,"href":"https:\/\/sarmiento24h.com\/index.php?rest_route=%2Fwp%2Fv2%2Fcomments&post=156965"}],"version-history":[{"count":0,"href":"https:\/\/sarmiento24h.com\/index.php?rest_route=\/wp\/v2\/posts\/156965\/revisions"}],"wp:featuredmedia":[{"embeddable":true,"href":"https:\/\/sarmiento24h.com\/index.php?rest_route=\/wp\/v2\/media\/156966"}],"wp:attachment":[{"href":"https:\/\/sarmiento24h.com\/index.php?rest_route=%2Fwp%2Fv2%2Fmedia&parent=156965"}],"wp:term":[{"taxonomy":"category","embeddable":true,"href":"https:\/\/sarmiento24h.com\/index.php?rest_route=%2Fwp%2Fv2%2Fcategories&post=156965"},{"taxonomy":"post_tag","embeddable":true,"href":"https:\/\/sarmiento24h.com\/index.php?rest_route=%2Fwp%2Fv2%2Ftags&post=156965"}],"curies":[{"name":"wp","href":"https:\/\/api.w.org\/{rel}","templated":true}]}}