{"id":157098,"date":"2026-04-27T00:08:43","date_gmt":"2026-04-27T00:08:43","guid":{"rendered":"http:\/\/dce145c4-4162-11f1-9041-999f0753810c"},"modified":"2026-04-27T00:08:43","modified_gmt":"2026-04-27T00:08:43","slug":"sabastian-sawe-hace-historia-en-el-maraton-de-londres-primer-record-mundial-por-debajo-de-las-dos-horas","status":"publish","type":"post","link":"https:\/\/sarmiento24h.com\/?p=157098","title":{"rendered":"Sabastian Sawe hace historia en el marat\u00f3n de Londres: primer r\u00e9cord mundial por debajo de las dos horas"},"content":{"rendered":"<p>Sawe, de 29 a\u00f1os, <strong>cruz\u00f3 la l\u00ednea de meta frente al Palacio de Buckingham tras 1 hora, 59 minutos y 30 segundos, <\/strong>pulverizando el antiguo <a href=\"https:\/\/www.france24.com\/es\/tag\/r\u00e9cord-mundial\/\" target=\"_self\" class=\"gtm-add-suggested-tag\">r\u00e9cord mundial<\/a> de <a href=\"https:\/\/www.france24.com\/es\/tag\/kelvin-kiptum\/\" target=\"_self\" class=\"gtm-add-suggested-tag\">Kelvin Kiptum<\/a>; 2 horas, 1 minuto y 25 segundos en abril de 2023, menos de un a\u00f1o antes de su fallecimiento en un accidente de tr\u00e1nsito.<\/p>\n<blockquote class=\"quote\" readability=\"10\">\n<p>\u00abEstoy muy feliz. Es un d\u00eda para recordar. Empezamos bien la carrera, al acercarnos al final de la prueba me sent\u00eda fuerte y al llegar por fin a la meta vi el tiempo y me emocion\u00e9 much\u00edsimo&#8230; Venir a Londres por segunda vez era muy importante para m\u00ed y por eso me prepar\u00e9 bien. Todo lo que hice durante cuatro meses hoy ha dado un buen resultado\u00bb, dijo Sawe.<\/p>\n<\/blockquote>\n<p>Segundo clasificado, Kejelcha (1h59:41) tambi\u00e9n complet\u00f3 los 42,195 km en menos de dos horas, una actuaci\u00f3n a\u00fan m\u00e1s incre\u00edble si se tiene en cuenta que el especialista en medio marat\u00f3n se alineaba por primera vez en la distancia reina.<\/p>\n<p>Kiplimo (2:00:28), segundo el a\u00f1o pasado en su primer marat\u00f3n, tambi\u00e9n firm\u00f3 un mejor crono que el establecido por Kiptum hace tres a\u00f1os.<\/p>\n<p>Sawe encabezaba un grupo de seis corredores cuando lanz\u00f3 un <a href=\"https:\/\/www.france24.com\/es\/tag\/ataque\/\" target=\"_self\" class=\"gtm-add-suggested-tag\">ataque<\/a> antes del kil\u00f3metro 30.<\/p>\n<div class=\"m-em-image\">\n<figure class=\"m-item-image m-item-image--original m-item-image--has-caption\"> <picture class=\"a-picture a-picture--original\"><source type=\"image\/webp\" srcset=\"https:\/\/s.france24.com\/media\/display\/98ab02a4-4181-11f1-95a2-005056a90284\/w:246\/b39926f42242c60f82135dc326d1489cc9e2216c.webp 246w, https:\/\/s.france24.com\/media\/display\/98ab02a4-4181-11f1-95a2-005056a90284\/w:388\/b39926f42242c60f82135dc326d1489cc9e2216c.webp 388w, https:\/\/s.france24.com\/media\/display\/98ab02a4-4181-11f1-95a2-005056a90284\/w:720\/b39926f42242c60f82135dc326d1489cc9e2216c.webp 720w, https:\/\/s.france24.com\/media\/display\/98ab02a4-4181-11f1-95a2-005056a90284\/w:980\/b39926f42242c60f82135dc326d1489cc9e2216c.webp 980w\" sizes=\"(max-width: 1023px) calc(100vw - 32px), (min-width: 1024px) 850px\"><img fetchpriority=\"low\" decoding=\"async\" src=\"https:\/\/s.france24.com\/media\/display\/98ab02a4-4181-11f1-95a2-005056a90284\/w:980\/b39926f42242c60f82135dc326d1489cc9e2216c.jpg\" srcset=\"https:\/\/s.france24.com\/media\/display\/98ab02a4-4181-11f1-95a2-005056a90284\/w:246\/b39926f42242c60f82135dc326d1489cc9e2216c.jpg 246w, https:\/\/s.france24.com\/media\/display\/98ab02a4-4181-11f1-95a2-005056a90284\/w:388\/b39926f42242c60f82135dc326d1489cc9e2216c.jpg 388w, https:\/\/s.france24.com\/media\/display\/98ab02a4-4181-11f1-95a2-005056a90284\/w:720\/b39926f42242c60f82135dc326d1489cc9e2216c.jpg 720w, https:\/\/s.france24.com\/media\/display\/98ab02a4-4181-11f1-95a2-005056a90284\/w:980\/b39926f42242c60f82135dc326d1489cc9e2216c.jpg 980w\" sizes=\"(max-width: 1023px) calc(100vw - 32px), (min-width: 1024px) 850px\" alt=\"El atleta keniano Sabastian Sawe recorre los \u00faltimos metros de la marat\u00f3n de Londres, para bajar de las dos horas por primera vez en la historia, el 26 de abril de 2026 en la capital brit\u00e1nica\" loading=\"lazy\" class=\"a-img \">\n<\/picture><figcaption class=\"a-figcaption\"> <span>El atleta keniano Sabastian Sawe recorre los \u00faltimos metros de la marat\u00f3n de Londres, para bajar de las dos horas por primera vez en la historia, el 26 de abril de 2026 en la capital brit\u00e1nica<\/span> <span>\u00a9 Justin Tallis \/ AFP<\/span> <\/figcaption><\/figure>\n<\/p><\/div>\n<p>S\u00f3lo Kejelcha logr\u00f3 mantenerse a su lado, con Kiplimo unos metros por detr\u00e1s. Un podio que ya es historia del atletismo.<\/p>\n<h2><strong>Kipchoge, marca no homologada<\/strong><\/h2>\n<p>El keniano <a href=\"https:\/\/www.france24.com\/es\/tag\/eliud-kipchoge\/\" target=\"_self\" class=\"gtm-add-suggested-tag\">Eliud Kipchoge<\/a> hab\u00eda corrido un marat\u00f3n en 1:59:40 en octubre de 2019, convirti\u00e9ndose en<strong> <\/strong><strong>la primera persona de la historia registrada en completar un marat\u00f3n por debajo de las dos horas.<\/strong><\/p>\n<p>Sin embargo, su marca no fue homologada como <a href=\"https:\/\/www.france24.com\/es\/tag\/r\u00e9cord-mundial\/\" target=\"_self\" class=\"gtm-add-suggested-tag\">r\u00e9cord mundial<\/a> porque utiliz\u00f3 zapatillas especiales, no se respetaron las reglas est\u00e1ndar de competici\u00f3n sobre liebres y avituallamiento, y no se trat\u00f3 de una prueba abierta.<\/p>\n<p>Sawe, que calzaba las nuevas Pro Evo 3 de <a href=\"https:\/\/www.france24.com\/es\/tag\/adidas\/\" target=\"_self\" class=\"gtm-add-suggested-tag\">Adidas<\/a>, unas \u00absupershoes\u00bb que pesan menos de 100 gramos, hab\u00eda sugerido antes de la carrera del domingo que ten\u00eda en mente el r\u00e9cord del circuito o incluso el <a href=\"https:\/\/www.france24.com\/es\/tag\/r\u00e9cord-mundial\/\" target=\"_self\" class=\"gtm-add-suggested-tag\">r\u00e9cord mundial<\/a>.<\/p>\n<div class=\"m-em-image\">\n<figure class=\"m-item-image m-item-image--original m-item-image--has-caption\"> <picture class=\"a-picture a-picture--original\"><source type=\"image\/webp\" srcset=\"https:\/\/s.france24.com\/media\/display\/98374a08-4181-11f1-b2f1-005056bfb2b6\/w:246\/1460eb809f126562e4af5735a8c54c54dd468407.webp 246w, https:\/\/s.france24.com\/media\/display\/98374a08-4181-11f1-b2f1-005056bfb2b6\/w:388\/1460eb809f126562e4af5735a8c54c54dd468407.webp 388w, https:\/\/s.france24.com\/media\/display\/98374a08-4181-11f1-b2f1-005056bfb2b6\/w:720\/1460eb809f126562e4af5735a8c54c54dd468407.webp 720w, https:\/\/s.france24.com\/media\/display\/98374a08-4181-11f1-b2f1-005056bfb2b6\/w:980\/1460eb809f126562e4af5735a8c54c54dd468407.webp 980w\" sizes=\"(max-width: 1023px) calc(100vw - 32px), (min-width: 1024px) 850px\"><img fetchpriority=\"low\" decoding=\"async\" src=\"https:\/\/s.france24.com\/media\/display\/98374a08-4181-11f1-b2f1-005056bfb2b6\/w:980\/1460eb809f126562e4af5735a8c54c54dd468407.jpg\" srcset=\"https:\/\/s.france24.com\/media\/display\/98374a08-4181-11f1-b2f1-005056bfb2b6\/w:246\/1460eb809f126562e4af5735a8c54c54dd468407.jpg 246w, https:\/\/s.france24.com\/media\/display\/98374a08-4181-11f1-b2f1-005056bfb2b6\/w:388\/1460eb809f126562e4af5735a8c54c54dd468407.jpg 388w, https:\/\/s.france24.com\/media\/display\/98374a08-4181-11f1-b2f1-005056bfb2b6\/w:720\/1460eb809f126562e4af5735a8c54c54dd468407.jpg 720w, https:\/\/s.france24.com\/media\/display\/98374a08-4181-11f1-b2f1-005056bfb2b6\/w:980\/1460eb809f126562e4af5735a8c54c54dd468407.jpg 980w\" sizes=\"(max-width: 1023px) calc(100vw - 32px), (min-width: 1024px) 850px\" alt=\"El atleta keniano Sabastian Sawe celebra su hist\u00f3rica victoria en el podio del marat\u00f3n de Londres, el 26 de abril de 2026 en Londres\" loading=\"lazy\" class=\"a-img \">\n<\/picture><figcaption class=\"a-figcaption\"> <span>El atleta keniano Sabastian Sawe celebra su hist\u00f3rica victoria en el podio del marat\u00f3n de Londres, el 26 de abril de 2026 en Londres<\/span> <span>\u00a9 Justin Tallis \/ AFP<\/span> <\/figcaption><\/figure>\n<\/p><\/div>\n<p>Lider\u00f3 un grupo de seis corredores que pasaron la media marat\u00f3n en un tiempo de 1:00:29. Sawe y Kejelcha se escaparon del resto del grupo y se mantuvieron juntos hasta los tramos finales, antes de que el keniano lanzara su ataque definitivo hacia la victoria.<\/p>\n<h2><strong>Assefa, r\u00e9cord 100% femenino<\/strong><\/h2>\n<p>En la prueba femenina, la atleta et\u00edope Tigst Assefa conserv\u00f3 su t\u00edtulo de campeona del marat\u00f3n de <a href=\"https:\/\/www.france24.com\/es\/tag\/londres\/\" target=\"_self\" class=\"gtm-add-suggested-tag\">Londres<\/a> y mejor\u00f3 el r\u00e9cord del mundo en una carrera exclusivamente femenina, es decir sin &#8216;liebres&#8217; masculinas para marcar el ritmo.<\/p>\n<blockquote class=\"quote\" readability=\"8.6017699115044\">\n<p>\u00abEstoy tan feliz de ganar de nuevo&#8230; Repetir mi victoria del a\u00f1o pasado significa a\u00fan m\u00e1s. La felicidad que siento simplemente me desborda por dentro. Era uno de mis planes al venir realmente a esta competici\u00f3n: batir mi propio <a href=\"https:\/\/www.france24.com\/es\/tag\/r\u00e9cord-mundial\/\" target=\"_self\" class=\"gtm-add-suggested-tag\">r\u00e9cord mundial<\/a> de la carrera del a\u00f1o pasado\u00bb As\u00ed que conseguirlo me ha dado mucha satisfacci\u00f3n\u00bb, dijo.<\/p>\n<\/blockquote>\n<p>La atleta de 29 a\u00f1os protagoniz\u00f3 un esprint en los \u00faltimos metros, en el que dej\u00f3 descolgadas a las kenianas Joyciline Jepkosgei y Hellen Obiri, con quienes hizo toda la carrera.<\/p>\n<p>Assefa<strong> cruz\u00f3 la meta en 2 horas, 15 minutos y 41 segundos, nueve segundos por debajo de la plusmarca anterior<\/strong>, que le pertenec\u00eda desde el marat\u00f3n de <a href=\"https:\/\/www.france24.com\/es\/tag\/londres\/\" target=\"_self\" class=\"gtm-add-suggested-tag\">Londres<\/a> del a\u00f1o pasado.<\/p>\n<div class=\"m-em-image\">\n<figure class=\"m-item-image m-item-image--original m-item-image--has-caption\"> <picture class=\"a-picture a-picture--original\"><source type=\"image\/webp\" srcset=\"https:\/\/s.france24.com\/media\/display\/fd352be0-4182-11f1-b9c6-005056bf30b7\/w:246\/fda02f3ce36657fc5bc908fd0ba00b2d54bbb89f.webp 246w, https:\/\/s.france24.com\/media\/display\/fd352be0-4182-11f1-b9c6-005056bf30b7\/w:388\/fda02f3ce36657fc5bc908fd0ba00b2d54bbb89f.webp 388w, https:\/\/s.france24.com\/media\/display\/fd352be0-4182-11f1-b9c6-005056bf30b7\/w:720\/fda02f3ce36657fc5bc908fd0ba00b2d54bbb89f.webp 720w, https:\/\/s.france24.com\/media\/display\/fd352be0-4182-11f1-b9c6-005056bf30b7\/w:980\/fda02f3ce36657fc5bc908fd0ba00b2d54bbb89f.webp 980w\" sizes=\"(max-width: 1023px) calc(100vw - 32px), (min-width: 1024px) 850px\"><img fetchpriority=\"low\" decoding=\"async\" src=\"https:\/\/s.france24.com\/media\/display\/fd352be0-4182-11f1-b9c6-005056bf30b7\/w:980\/fda02f3ce36657fc5bc908fd0ba00b2d54bbb89f.jpg\" srcset=\"https:\/\/s.france24.com\/media\/display\/fd352be0-4182-11f1-b9c6-005056bf30b7\/w:246\/fda02f3ce36657fc5bc908fd0ba00b2d54bbb89f.jpg 246w, https:\/\/s.france24.com\/media\/display\/fd352be0-4182-11f1-b9c6-005056bf30b7\/w:388\/fda02f3ce36657fc5bc908fd0ba00b2d54bbb89f.jpg 388w, https:\/\/s.france24.com\/media\/display\/fd352be0-4182-11f1-b9c6-005056bf30b7\/w:720\/fda02f3ce36657fc5bc908fd0ba00b2d54bbb89f.jpg 720w, https:\/\/s.france24.com\/media\/display\/fd352be0-4182-11f1-b9c6-005056bf30b7\/w:980\/fda02f3ce36657fc5bc908fd0ba00b2d54bbb89f.jpg 980w\" sizes=\"(max-width: 1023px) calc(100vw - 32px), (min-width: 1024px) 850px\" alt=\"La atleta et\u00edope Tigst Assefa, tras cruzar victoriosa la l\u00ednea de meta del marat\u00f3n femenino de Londres, donde estableci\u00f3 un nuevo r\u00e9cord mundial, el 26 de abril de 2026 en la capital brit\u00e1nica\" loading=\"lazy\" class=\"a-img \">\n<\/picture><figcaption class=\"a-figcaption\"> <span>La atleta et\u00edope Tigst Assefa, tras cruzar victoriosa la l\u00ednea de meta del marat\u00f3n femenino de Londres, donde estableci\u00f3 un nuevo r\u00e9cord mundial, el 26 de abril de 2026 en la capital brit\u00e1nica<\/span> <span>\u00a9 Justin Tallis \/ AFP<\/span> <\/figcaption><\/figure>\n<\/p><\/div>\n<p>Obiri, dos veces campeona mundial de 5.000 m y bronce en el marat\u00f3n de los <a href=\"https:\/\/www.france24.com\/es\/tag\/juegos-ol\u00edmpicos\/\" target=\"_self\" class=\"gtm-add-suggested-tag\">Juegos Ol\u00edmpicos<\/a> de <a href=\"https:\/\/www.france24.com\/es\/tag\/par\u00eds-2024\/\" target=\"_self\" class=\"gtm-add-suggested-tag\">Par\u00eds 2024<\/a>, termin\u00f3 segunda con una marca personal de 2:15:53.<\/p>\n<p>Cruz\u00f3 la meta solo dos cent\u00e9simas de segundo por delante de su compatriota Jepkosgei.<\/p>\n<p>El <a href=\"https:\/\/www.france24.com\/es\/tag\/r\u00e9cord-mundial\/\" target=\"_self\" class=\"gtm-add-suggested-tag\">r\u00e9cord mundial<\/a> establecido en una carrera mixta, en la que las atletas se benefician de liebres masculinas, pertenece a la keniana Ruth Chepngetich, que par\u00f3 el crono en 2:09:56 en el marat\u00f3n de <a href=\"https:\/\/www.france24.com\/es\/tag\/chicago\/\" target=\"_self\" class=\"gtm-add-suggested-tag\">Chicago<\/a> en octubre de <a href=\"https:\/\/www.france24.com\/es\/tag\/2024\/\" target=\"_self\" class=\"gtm-add-suggested-tag\">2024<\/a>.<\/p>\n<p>Chepngetich recibi\u00f3 una sanci\u00f3n de tres a\u00f1os por dopaje en octubre de 2025, aunque se mantienen los resultados y r\u00e9cords anteriores a la muestra de marzo de 2025.<\/p>\n<h2><strong>Participaci\u00f3n espectacular<\/strong><\/h2>\n<p>Unas <strong>59.000 personas completan este domingo los 26,2 millas (42,2 km) del recorrido en la 46\u00aa edici\u00f3n del Marat\u00f3n de Londres<\/strong>, en un c\u00e1lido <a href=\"https:\/\/www.france24.com\/es\/tag\/clima\/\" target=\"_self\" class=\"gtm-add-suggested-tag\">clima<\/a> primaveral.<\/p>\n<p>Los organizadores de la prueba se\u00f1alaron en marzo que est\u00e1n estudiando celebrar el evento en dos d\u00edas el a\u00f1o que viene, lo que permitir\u00eda la participaci\u00f3n de hasta 100.000 corredores.<\/p>\n<p>La edici\u00f3n de 2025 r<strong>ecaud\u00f3 la cifra r\u00e9cord de 87,3 millones de libras (118 millones de <a href=\"https:\/\/www.france24.com\/es\/tag\/d\u00f3lares\/\" target=\"_self\" class=\"gtm-add-suggested-tag\">d\u00f3lares<\/a>)<\/strong> para fines ben\u00e9ficos, estableciendo un nuevo <a href=\"https:\/\/www.france24.com\/es\/tag\/r\u00e9cord-mundial\/\" target=\"_self\" class=\"gtm-add-suggested-tag\">r\u00e9cord mundial<\/a> como el mayor evento anual de recaudaci\u00f3n de fondos de un solo d\u00eda.<\/p>\n","protected":false},"excerpt":{"rendered":"<p>Sawe, de 29 a\u00f1os, cruz\u00f3 la l\u00ednea&#46;&#46;&#46;<\/p>\n","protected":false},"author":1,"featured_media":157099,"comment_status":"closed","ping_status":"closed","sticky":false,"template":"","format":"standard","meta":{"_jetpack_memberships_contains_paid_content":false,"footnotes":"","jetpack_publicize_message":"","jetpack_publicize_feature_enabled":true,"jetpack_social_post_already_shared":true,"jetpack_social_options":{"image_generator_settings":{"template":"highway","default_image_id":0,"font":"","enabled":false},"version":2}},"categories":[48,43],"tags":[],"class_list":["post-157098","post","type-post","status-publish","format-standard","has-post-thumbnail","hentry","category-deportes","category-internacionales"],"yoast_head":"<!-- This site is optimized with the Yoast SEO plugin v27.3 - https:\/\/yoast.com\/product\/yoast-seo-wordpress\/ -->\n<title>Sabastian Sawe hace historia en el marat\u00f3n de Londres: primer r\u00e9cord mundial por debajo de las dos horas - Sarmiento24h<\/title>\n<meta name=\"robots\" content=\"index, follow, max-snippet:-1, max-image-preview:large, max-video-preview:-1\" \/>\n<link rel=\"canonical\" href=\"https:\/\/sarmiento24h.com\/?p=157098\" \/>\n<meta property=\"og:locale\" content=\"es_ES\" \/>\n<meta property=\"og:type\" content=\"article\" \/>\n<meta property=\"og:title\" content=\"Sabastian Sawe hace historia en el marat\u00f3n de Londres: primer r\u00e9cord mundial por debajo de las dos horas - Sarmiento24h\" \/>\n<meta property=\"og:description\" content=\"Sawe, de 29 a\u00f1os, cruz\u00f3 la l\u00ednea&#046;&#046;&#046;\" \/>\n<meta property=\"og:url\" content=\"https:\/\/sarmiento24h.com\/?p=157098\" \/>\n<meta property=\"og:site_name\" content=\"Sarmiento24h\" \/>\n<meta property=\"article:publisher\" content=\"https:\/\/facebook.com\/s24hnoticias\" \/>\n<meta property=\"article:published_time\" content=\"2026-04-27T00:08:43+00:00\" \/>\n<meta property=\"og:image\" content=\"https:\/\/s.france24.com\/media\/display\/98ab02a4-4181-11f1-95a2-005056a90284\/w:980\/b39926f42242c60f82135dc326d1489cc9e2216c.jpg\" \/>\n<meta name=\"author\" content=\"sarmiento24h@gmail.com\" \/>\n<meta name=\"twitter:card\" content=\"summary_large_image\" \/>\n<meta name=\"twitter:creator\" content=\"@sarmiento24h\" \/>\n<meta name=\"twitter:site\" content=\"@sarmiento24h\" \/>\n<meta name=\"twitter:label1\" content=\"Escrito por\" \/>\n\t<meta name=\"twitter:data1\" content=\"sarmiento24h@gmail.com\" \/>\n\t<meta name=\"twitter:label2\" content=\"Tiempo de lectura\" \/>\n\t<meta name=\"twitter:data2\" content=\"4 minutos\" \/>\n<script type=\"application\/ld+json\" class=\"yoast-schema-graph\">{\"@context\":\"https:\\\/\\\/schema.org\",\"@graph\":[{\"@type\":\"Article\",\"@id\":\"https:\\\/\\\/sarmiento24h.com\\\/?p=157098#article\",\"isPartOf\":{\"@id\":\"https:\\\/\\\/sarmiento24h.com\\\/?p=157098\"},\"author\":{\"name\":\"sarmiento24h@gmail.com\",\"@id\":\"https:\\\/\\\/sarmiento24h.com\\\/#\\\/schema\\\/person\\\/d653a59725ad629a7e0429af7b939d4d\"},\"headline\":\"Sabastian Sawe hace historia en el marat\u00f3n de Londres: primer r\u00e9cord mundial por debajo de las dos horas\",\"datePublished\":\"2026-04-27T00:08:43+00:00\",\"mainEntityOfPage\":{\"@id\":\"https:\\\/\\\/sarmiento24h.com\\\/?p=157098\"},\"wordCount\":905,\"publisher\":{\"@id\":\"https:\\\/\\\/sarmiento24h.com\\\/#organization\"},\"image\":{\"@id\":\"https:\\\/\\\/sarmiento24h.com\\\/?p=157098#primaryimage\"},\"thumbnailUrl\":\"https:\\\/\\\/sarmiento24h.com\\\/wp-content\\\/uploads\\\/2026\\\/04\\\/sabastian-sawe-hace-historia-en-el-maraton-de-londres-primer-record-mundial-por-debajo-de-las-dos-horas.jpg\",\"articleSection\":[\"Deportes\",\"Internacionales\"],\"inLanguage\":\"es\"},{\"@type\":\"WebPage\",\"@id\":\"https:\\\/\\\/sarmiento24h.com\\\/?p=157098\",\"url\":\"https:\\\/\\\/sarmiento24h.com\\\/?p=157098\",\"name\":\"Sabastian Sawe hace historia en el marat\u00f3n de Londres: primer r\u00e9cord mundial por debajo de las dos horas - Sarmiento24h\",\"isPartOf\":{\"@id\":\"https:\\\/\\\/sarmiento24h.com\\\/#website\"},\"primaryImageOfPage\":{\"@id\":\"https:\\\/\\\/sarmiento24h.com\\\/?p=157098#primaryimage\"},\"image\":{\"@id\":\"https:\\\/\\\/sarmiento24h.com\\\/?p=157098#primaryimage\"},\"thumbnailUrl\":\"https:\\\/\\\/sarmiento24h.com\\\/wp-content\\\/uploads\\\/2026\\\/04\\\/sabastian-sawe-hace-historia-en-el-maraton-de-londres-primer-record-mundial-por-debajo-de-las-dos-horas.jpg\",\"datePublished\":\"2026-04-27T00:08:43+00:00\",\"breadcrumb\":{\"@id\":\"https:\\\/\\\/sarmiento24h.com\\\/?p=157098#breadcrumb\"},\"inLanguage\":\"es\",\"potentialAction\":[{\"@type\":\"ReadAction\",\"target\":[\"https:\\\/\\\/sarmiento24h.com\\\/?p=157098\"]}]},{\"@type\":\"ImageObject\",\"inLanguage\":\"es\",\"@id\":\"https:\\\/\\\/sarmiento24h.com\\\/?p=157098#primaryimage\",\"url\":\"https:\\\/\\\/sarmiento24h.com\\\/wp-content\\\/uploads\\\/2026\\\/04\\\/sabastian-sawe-hace-historia-en-el-maraton-de-londres-primer-record-mundial-por-debajo-de-las-dos-horas.jpg\",\"contentUrl\":\"https:\\\/\\\/sarmiento24h.com\\\/wp-content\\\/uploads\\\/2026\\\/04\\\/sabastian-sawe-hace-historia-en-el-maraton-de-londres-primer-record-mundial-por-debajo-de-las-dos-horas.jpg\",\"width\":980,\"height\":653},{\"@type\":\"BreadcrumbList\",\"@id\":\"https:\\\/\\\/sarmiento24h.com\\\/?p=157098#breadcrumb\",\"itemListElement\":[{\"@type\":\"ListItem\",\"position\":1,\"name\":\"Home\",\"item\":\"https:\\\/\\\/sarmiento24h.com\\\/\"},{\"@type\":\"ListItem\",\"position\":2,\"name\":\"Sabastian Sawe hace historia en el marat\u00f3n de Londres: primer r\u00e9cord mundial por debajo de las dos horas\"}]},{\"@type\":\"WebSite\",\"@id\":\"https:\\\/\\\/sarmiento24h.com\\\/#website\",\"url\":\"https:\\\/\\\/sarmiento24h.com\\\/\",\"name\":\"Sarmiento24h\",\"description\":\"\",\"publisher\":{\"@id\":\"https:\\\/\\\/sarmiento24h.com\\\/#organization\"},\"potentialAction\":[{\"@type\":\"SearchAction\",\"target\":{\"@type\":\"EntryPoint\",\"urlTemplate\":\"https:\\\/\\\/sarmiento24h.com\\\/?s={search_term_string}\"},\"query-input\":{\"@type\":\"PropertyValueSpecification\",\"valueRequired\":true,\"valueName\":\"search_term_string\"}}],\"inLanguage\":\"es\"},{\"@type\":\"Organization\",\"@id\":\"https:\\\/\\\/sarmiento24h.com\\\/#organization\",\"name\":\"Sarmiento24h\",\"url\":\"https:\\\/\\\/sarmiento24h.com\\\/\",\"logo\":{\"@type\":\"ImageObject\",\"inLanguage\":\"es\",\"@id\":\"https:\\\/\\\/sarmiento24h.com\\\/#\\\/schema\\\/logo\\\/image\\\/\",\"url\":\"https:\\\/\\\/sarmiento24h.com\\\/wp-content\\\/uploads\\\/2025\\\/12\\\/AddText_12-16-10.30.52.jpg\",\"contentUrl\":\"https:\\\/\\\/sarmiento24h.com\\\/wp-content\\\/uploads\\\/2025\\\/12\\\/AddText_12-16-10.30.52.jpg\",\"width\":1220,\"height\":324,\"caption\":\"Sarmiento24h\"},\"image\":{\"@id\":\"https:\\\/\\\/sarmiento24h.com\\\/#\\\/schema\\\/logo\\\/image\\\/\"},\"sameAs\":[\"https:\\\/\\\/facebook.com\\\/s24hnoticias\",\"https:\\\/\\\/x.com\\\/sarmiento24h\"]},{\"@type\":\"Person\",\"@id\":\"https:\\\/\\\/sarmiento24h.com\\\/#\\\/schema\\\/person\\\/d653a59725ad629a7e0429af7b939d4d\",\"name\":\"sarmiento24h@gmail.com\",\"image\":{\"@type\":\"ImageObject\",\"inLanguage\":\"es\",\"@id\":\"https:\\\/\\\/sarmiento24h.com\\\/wp-content\\\/litespeed\\\/avatar\\\/d02cbc4e23c747e6659cd45907173c8f.jpg?ver=1777157796\",\"url\":\"https:\\\/\\\/sarmiento24h.com\\\/wp-content\\\/litespeed\\\/avatar\\\/d02cbc4e23c747e6659cd45907173c8f.jpg?ver=1777157796\",\"contentUrl\":\"https:\\\/\\\/sarmiento24h.com\\\/wp-content\\\/litespeed\\\/avatar\\\/d02cbc4e23c747e6659cd45907173c8f.jpg?ver=1777157796\",\"caption\":\"sarmiento24h@gmail.com\"},\"sameAs\":[\"https:\\\/\\\/sarmiento24h.com\"],\"url\":\"https:\\\/\\\/sarmiento24h.com\\\/?author=1\"}]}<\/script>\n<!-- \/ Yoast SEO plugin. -->","yoast_head_json":{"title":"Sabastian Sawe hace historia en el marat\u00f3n de Londres: primer r\u00e9cord mundial por debajo de las dos horas - Sarmiento24h","robots":{"index":"index","follow":"follow","max-snippet":"max-snippet:-1","max-image-preview":"max-image-preview:large","max-video-preview":"max-video-preview:-1"},"canonical":"https:\/\/sarmiento24h.com\/?p=157098","og_locale":"es_ES","og_type":"article","og_title":"Sabastian Sawe hace historia en el marat\u00f3n de Londres: primer r\u00e9cord mundial por debajo de las dos horas - Sarmiento24h","og_description":"Sawe, de 29 a\u00f1os, cruz\u00f3 la l\u00ednea&#46;&#46;&#46;","og_url":"https:\/\/sarmiento24h.com\/?p=157098","og_site_name":"Sarmiento24h","article_publisher":"https:\/\/facebook.com\/s24hnoticias","article_published_time":"2026-04-27T00:08:43+00:00","og_image":[{"url":"https:\/\/s.france24.com\/media\/display\/98ab02a4-4181-11f1-95a2-005056a90284\/w:980\/b39926f42242c60f82135dc326d1489cc9e2216c.jpg","type":"","width":"","height":""}],"author":"sarmiento24h@gmail.com","twitter_card":"summary_large_image","twitter_creator":"@sarmiento24h","twitter_site":"@sarmiento24h","twitter_misc":{"Escrito por":"sarmiento24h@gmail.com","Tiempo de lectura":"4 minutos"},"schema":{"@context":"https:\/\/schema.org","@graph":[{"@type":"Article","@id":"https:\/\/sarmiento24h.com\/?p=157098#article","isPartOf":{"@id":"https:\/\/sarmiento24h.com\/?p=157098"},"author":{"name":"sarmiento24h@gmail.com","@id":"https:\/\/sarmiento24h.com\/#\/schema\/person\/d653a59725ad629a7e0429af7b939d4d"},"headline":"Sabastian Sawe hace historia en el marat\u00f3n de Londres: primer r\u00e9cord mundial por debajo de las dos horas","datePublished":"2026-04-27T00:08:43+00:00","mainEntityOfPage":{"@id":"https:\/\/sarmiento24h.com\/?p=157098"},"wordCount":905,"publisher":{"@id":"https:\/\/sarmiento24h.com\/#organization"},"image":{"@id":"https:\/\/sarmiento24h.com\/?p=157098#primaryimage"},"thumbnailUrl":"https:\/\/sarmiento24h.com\/wp-content\/uploads\/2026\/04\/sabastian-sawe-hace-historia-en-el-maraton-de-londres-primer-record-mundial-por-debajo-de-las-dos-horas.jpg","articleSection":["Deportes","Internacionales"],"inLanguage":"es"},{"@type":"WebPage","@id":"https:\/\/sarmiento24h.com\/?p=157098","url":"https:\/\/sarmiento24h.com\/?p=157098","name":"Sabastian Sawe hace historia en el marat\u00f3n de Londres: primer r\u00e9cord mundial por debajo de las dos horas - Sarmiento24h","isPartOf":{"@id":"https:\/\/sarmiento24h.com\/#website"},"primaryImageOfPage":{"@id":"https:\/\/sarmiento24h.com\/?p=157098#primaryimage"},"image":{"@id":"https:\/\/sarmiento24h.com\/?p=157098#primaryimage"},"thumbnailUrl":"https:\/\/sarmiento24h.com\/wp-content\/uploads\/2026\/04\/sabastian-sawe-hace-historia-en-el-maraton-de-londres-primer-record-mundial-por-debajo-de-las-dos-horas.jpg","datePublished":"2026-04-27T00:08:43+00:00","breadcrumb":{"@id":"https:\/\/sarmiento24h.com\/?p=157098#breadcrumb"},"inLanguage":"es","potentialAction":[{"@type":"ReadAction","target":["https:\/\/sarmiento24h.com\/?p=157098"]}]},{"@type":"ImageObject","inLanguage":"es","@id":"https:\/\/sarmiento24h.com\/?p=157098#primaryimage","url":"https:\/\/sarmiento24h.com\/wp-content\/uploads\/2026\/04\/sabastian-sawe-hace-historia-en-el-maraton-de-londres-primer-record-mundial-por-debajo-de-las-dos-horas.jpg","contentUrl":"https:\/\/sarmiento24h.com\/wp-content\/uploads\/2026\/04\/sabastian-sawe-hace-historia-en-el-maraton-de-londres-primer-record-mundial-por-debajo-de-las-dos-horas.jpg","width":980,"height":653},{"@type":"BreadcrumbList","@id":"https:\/\/sarmiento24h.com\/?p=157098#breadcrumb","itemListElement":[{"@type":"ListItem","position":1,"name":"Home","item":"https:\/\/sarmiento24h.com\/"},{"@type":"ListItem","position":2,"name":"Sabastian Sawe hace historia en el marat\u00f3n de Londres: primer r\u00e9cord mundial por debajo de las dos horas"}]},{"@type":"WebSite","@id":"https:\/\/sarmiento24h.com\/#website","url":"https:\/\/sarmiento24h.com\/","name":"Sarmiento24h","description":"","publisher":{"@id":"https:\/\/sarmiento24h.com\/#organization"},"potentialAction":[{"@type":"SearchAction","target":{"@type":"EntryPoint","urlTemplate":"https:\/\/sarmiento24h.com\/?s={search_term_string}"},"query-input":{"@type":"PropertyValueSpecification","valueRequired":true,"valueName":"search_term_string"}}],"inLanguage":"es"},{"@type":"Organization","@id":"https:\/\/sarmiento24h.com\/#organization","name":"Sarmiento24h","url":"https:\/\/sarmiento24h.com\/","logo":{"@type":"ImageObject","inLanguage":"es","@id":"https:\/\/sarmiento24h.com\/#\/schema\/logo\/image\/","url":"https:\/\/sarmiento24h.com\/wp-content\/uploads\/2025\/12\/AddText_12-16-10.30.52.jpg","contentUrl":"https:\/\/sarmiento24h.com\/wp-content\/uploads\/2025\/12\/AddText_12-16-10.30.52.jpg","width":1220,"height":324,"caption":"Sarmiento24h"},"image":{"@id":"https:\/\/sarmiento24h.com\/#\/schema\/logo\/image\/"},"sameAs":["https:\/\/facebook.com\/s24hnoticias","https:\/\/x.com\/sarmiento24h"]},{"@type":"Person","@id":"https:\/\/sarmiento24h.com\/#\/schema\/person\/d653a59725ad629a7e0429af7b939d4d","name":"sarmiento24h@gmail.com","image":{"@type":"ImageObject","inLanguage":"es","@id":"https:\/\/sarmiento24h.com\/wp-content\/litespeed\/avatar\/d02cbc4e23c747e6659cd45907173c8f.jpg?ver=1777157796","url":"https:\/\/sarmiento24h.com\/wp-content\/litespeed\/avatar\/d02cbc4e23c747e6659cd45907173c8f.jpg?ver=1777157796","contentUrl":"https:\/\/sarmiento24h.com\/wp-content\/litespeed\/avatar\/d02cbc4e23c747e6659cd45907173c8f.jpg?ver=1777157796","caption":"sarmiento24h@gmail.com"},"sameAs":["https:\/\/sarmiento24h.com"],"url":"https:\/\/sarmiento24h.com\/?author=1"}]}},"jetpack_publicize_connections":[],"jetpack_featured_media_url":"https:\/\/sarmiento24h.com\/wp-content\/uploads\/2026\/04\/sabastian-sawe-hace-historia-en-el-maraton-de-londres-primer-record-mundial-por-debajo-de-las-dos-horas.jpg","jetpack_sharing_enabled":true,"_links":{"self":[{"href":"https:\/\/sarmiento24h.com\/index.php?rest_route=\/wp\/v2\/posts\/157098","targetHints":{"allow":["GET"]}}],"collection":[{"href":"https:\/\/sarmiento24h.com\/index.php?rest_route=\/wp\/v2\/posts"}],"about":[{"href":"https:\/\/sarmiento24h.com\/index.php?rest_route=\/wp\/v2\/types\/post"}],"author":[{"embeddable":true,"href":"https:\/\/sarmiento24h.com\/index.php?rest_route=\/wp\/v2\/users\/1"}],"replies":[{"embeddable":true,"href":"https:\/\/sarmiento24h.com\/index.php?rest_route=%2Fwp%2Fv2%2Fcomments&post=157098"}],"version-history":[{"count":0,"href":"https:\/\/sarmiento24h.com\/index.php?rest_route=\/wp\/v2\/posts\/157098\/revisions"}],"wp:featuredmedia":[{"embeddable":true,"href":"https:\/\/sarmiento24h.com\/index.php?rest_route=\/wp\/v2\/media\/157099"}],"wp:attachment":[{"href":"https:\/\/sarmiento24h.com\/index.php?rest_route=%2Fwp%2Fv2%2Fmedia&parent=157098"}],"wp:term":[{"taxonomy":"category","embeddable":true,"href":"https:\/\/sarmiento24h.com\/index.php?rest_route=%2Fwp%2Fv2%2Fcategories&post=157098"},{"taxonomy":"post_tag","embeddable":true,"href":"https:\/\/sarmiento24h.com\/index.php?rest_route=%2Fwp%2Fv2%2Ftags&post=157098"}],"curies":[{"name":"wp","href":"https:\/\/api.w.org\/{rel}","templated":true}]}}