{"id":157487,"date":"2026-04-27T03:28:05","date_gmt":"2026-04-27T03:28:05","guid":{"rendered":"http:\/\/21768a58-41dd-11f1-b71c-bfe593684b5a"},"modified":"2026-04-27T03:28:05","modified_gmt":"2026-04-27T03:28:05","slug":"siria-inicia-el-primer-juicio-contra-bashar-al-assad-y-sus-aliados-tras-su-derrocamiento","status":"publish","type":"post","link":"https:\/\/sarmiento24h.com\/?p=157487","title":{"rendered":"Siria inicia el primer juicio contra Bashar al-Assad y sus aliados tras su derrocamiento"},"content":{"rendered":"<p><a href=\"https:\/\/www.france24.com\/es\/tag\/bashar-al-assad\/\" target=\"_self\">Bashar al-Assad<\/a> y su hermano Maher huyeron de <a href=\"https:\/\/www.france24.com\/es\/tag\/siria\/\" target=\"_self\">Siria<\/a> y ser\u00e1n juzgados en ausencia, pero uno de sus familiares, el exfuncionario de seguridad Atif Najib, se encontraba esposado, presencialmente, en el banquillo de los acusados este 26 de abril.<\/p>\n<blockquote class=\"quote\" readability=\"7\">\n<p>\u00abHoy comenzamos los primeros juicios de la justicia transicional en Siria\u00bb, declar\u00f3 el juez Fakhr al-Din al-Aryan al inaugurar la sesi\u00f3n.<\/p>\n<\/blockquote>\n<p>\u00abEsto incluye a un acusado que se encuentra detenido, presente en el banquillo, as\u00ed como a acusados \u200b\u200bque han huido de la justicia\u00bb, a\u00f1adi\u00f3.<\/p>\n<p>Una fuente judicial, que habl\u00f3 con la agencia de noticias AFP bajo condici\u00f3n de anonimato, afirm\u00f3 que el proceso marcaba el inicio de los preparativos para los juicios contra Assad, su hermano y otras figuras prominentes, como Najib.<\/p>\n<p><strong>Najib, arrestado en enero de 2025 tras el colapso del gobierno de Assad, compareci\u00f3 ante el tribunal en Damasco con un uniforme de prisi\u00f3n a rayas.&nbsp;<\/strong><\/p>\n<div class=\"em-video-wrapper m-em-video\" data-media-video-wbmz386839-f24-es-20260427 data-wrapper-video-player data-show-hidden-video-player=\"WBMZ386839-F24-ES-20260427\" data-youtube-script readability=\"7\">\n<p>Siria: familiares de desaparecidos en r\u00e9gimen de Al-Assad a\u00fan buscan justicia<\/p>\n<div class=\"m-em-video__video\">\n<div class=\"o-em-consent \" readability=\"7\">\n<div class=\"o-em-consent__content\" readability=\"34\">\n<p class=\"o-em-consent__content__text\">Para mostrar este contenido de YouTube, debe autorizar las cookies de medici\u00f3n de audiencia y publicidad.<\/p>\n<p> <button class=\"a-master-button a-master-button--dark\" data-action=\"accept\"> Aceptar <svg class=\"a-svg a-svg--icon-check\"> <use xlink:href=\"\/build\/images\/svg\/sprite.c98bf387c90bc4a87186b0b783f15ba0.svg#icon-check\" href=\"\/build\/images\/svg\/sprite.c98bf387c90bc4a87186b0b783f15ba0.svg#icon-check\" \/> <\/svg> <\/button> <button class=\"a-link\" data-action=\"manage\">Gestionar mis opciones<i class=\"a-svg a-svg--icon-edit\"><\/i><\/button> <\/div>\n<\/div>\n<div class=\"o-em-adblock\" data-adblock-content readability=\"7\">\n<div class=\"o-em-adblock__content\" readability=\"34\">\n<p class=\"o-em-adblock__content__text\">Una extensi\u00f3n de tu navegador parece estar bloqueando la carga del reproductor de video. Para poder ver este contenido, debes desactivarla en este sitio.<\/p>\n<p> <button class=\"a-master-button a-master-button--dark\" data-action=\"reload\">Reintentar<\/button> <\/div>\n<\/div>\n<figure class=\"m-item-image m-item-image--16x9 m-item-image--has-caption\"> <picture class=\"a-picture a-picture--16x9\"><source type=\"image\/webp\" srcset=\"https:\/\/s.france24.com\/media\/display\/dc8addda-1f46-11f1-862c-005056bfb2b6\/w:388\/p:16x9\/ES-20260313-170701-170904-CS.webp 388w, https:\/\/s.france24.com\/media\/display\/dc8addda-1f46-11f1-862c-005056bfb2b6\/w:720\/p:16x9\/ES-20260313-170701-170904-CS.webp 720w, https:\/\/s.france24.com\/media\/display\/dc8addda-1f46-11f1-862c-005056bfb2b6\/w:1024\/p:16x9\/ES-20260313-170701-170904-CS.webp 1024w\" sizes=\"(max-width: 639px) calc(100vw - 32px), (max-width: 1076px) calc(100vw - 44px), 850px\"><img fetchpriority=\"low\" decoding=\"async\" src=\"https:\/\/s.france24.com\/media\/display\/dc8addda-1f46-11f1-862c-005056bfb2b6\/w:1024\/p:16x9\/ES-20260313-170701-170904-CS.jpg\" srcset=\"https:\/\/s.france24.com\/media\/display\/dc8addda-1f46-11f1-862c-005056bfb2b6\/w:388\/p:16x9\/ES-20260313-170701-170904-CS.jpg 388w, https:\/\/s.france24.com\/media\/display\/dc8addda-1f46-11f1-862c-005056bfb2b6\/w:720\/p:16x9\/ES-20260313-170701-170904-CS.jpg 720w, https:\/\/s.france24.com\/media\/display\/dc8addda-1f46-11f1-862c-005056bfb2b6\/w:1024\/p:16x9\/ES-20260313-170701-170904-CS.jpg 1024w\" sizes=\"auto, (max-width: 639px) calc(100vw - 32px), (max-width: 1076px) calc(100vw - 44px), 850px\" width=\"1024\" height=\"576\" alt=\"Siria: familiares de desaparecidos en r\u00e9gimen de Al-Assad a\u00fan buscan justicia\" loading=\"lazy\" class=\"a-img \">\n<\/picture><figcaption class=\"a-figcaption\"> <span>\u00a9 France 24<\/span> <\/figcaption><\/figure>\n<\/p><\/div>\n<\/p><\/div>\n<p>Anteriormente, dirigi\u00f3 la rama de seguridad pol\u00edtica de Siria en la provincia sure\u00f1a de Daraa, <a href=\"https:\/\/www.france24.com\/es\/20180315-guerra-siria-balance-muertos-desplazados\" target=\"_self\">donde estall\u00f3 el levantamiento sirio de 2011.<\/a><\/p>\n<p class=\"a-read-more\"><span class=\"a-read-more__label\">Leer tambi\u00e9n<\/span><a href=\"https:\/\/www.france24.com\/es\/medio-oriente\/20210315-siria-10-a\u00f1os-g\u00e9nesis-conflicto-v\u00edctimas\" target=\"_self\" class=\"a-read-more__link\">Siria, la g\u00e9nesis del conflicto (1\/3)<\/a><\/p>\n<p>A \u00e9l se le acusa de haber liderado una amplia campa\u00f1a de represi\u00f3n y arrestos en la zona.<\/p>\n<p><a href=\"https:\/\/www.france24.com\/es\/medio-oriente\/20210315-siria-10-a\u00f1os-g\u00e9nesis-conflicto-v\u00edctimas\" target=\"_self\">La guerra civil siria, que dur\u00f3 13 a\u00f1os, caus\u00f3 la muerte de m\u00e1s de medio mill\u00f3n de personas <\/a>y el desplazamiento de otras millones m\u00e1s. Decenas de miles de personas desaparecieron, algunas de ellas en el brutal sistema penitenciario del pa\u00eds.<\/p>\n<p>Las nuevas autoridades sirias han prometido reiteradamente impartir justicia y exigir responsabilidades por las atrocidades de la era Assad, mientras que activistas y la comunidad internacional han destacado la importancia de la justicia transicional en el pa\u00eds devastado por la guerra.<\/p>\n<p class=\"a-read-more\"><span class=\"a-read-more__label\">Leer tambi\u00e9n<\/span><a href=\"https:\/\/www.france24.com\/es\/video\/20260321-siria-busca-acuerdos-mientras-crece-la-tensi\u00f3n-con-israel-por-ataques-en-el-sur\" target=\"_self\" class=\"a-read-more__link\">Siria busca acuerdos mientras crece la tensi\u00f3n con Israel por ataques en el sur &#8211; France 24<\/a><\/p>\n<p>El presidente de facto sirio, <a href=\"https:\/\/www.france24.com\/es\/tag\/ahmed-al-sharaa\/\" target=\"_self\">Ahmed al-Sharaa<\/a>, declar\u00f3 el domingo que la Justicia seguir\u00e1 siendo \u00abun objetivo primordial que el Estado y sus instituciones se esfuerzan por alcanzar\u00bb.<\/p>\n<p>El juez no interrog\u00f3 a Najib durante la sesi\u00f3n, dedicada a \u00abtr\u00e1mites administrativos y legales preparatorios\u00bb, y anunci\u00f3 que se celebrar\u00eda una segunda audiencia el 10 de mayo.<\/p>\n<p>Seg\u00fan la fuente judicial, en los juicios presenciales figurar\u00e1n Wassim al-Assad, otro familiar del expresidente depuesto, el ex gran muft\u00ed Ahmed Badreddin Hassoun, as\u00ed como oficiales militares y de seguridad detenidos por las nuevas autoridades en los \u00faltimos meses.<\/p>\n<p>Assad huy\u00f3 a Mosc\u00fa con solo un pu\u00f1ado de confidentes cuando las fuerzas islamistas se acercaban a Damasco en diciembre de 2024, abandonando a altos funcionarios y oficiales de seguridad, algunos de los cuales, seg\u00fan se informa, se exiliaron o se refugiaron en la regi\u00f3n costera, cuna de la minor\u00eda alauita de Assad.<\/p>\n<p>Con AFP<\/p>\n","protected":false},"excerpt":{"rendered":"<p>Bashar al-Assad y su hermano Maher huyeron&#46;&#46;&#46;<\/p>\n","protected":false},"author":1,"featured_media":157488,"comment_status":"closed","ping_status":"closed","sticky":false,"template":"","format":"standard","meta":{"_jetpack_memberships_contains_paid_content":false,"footnotes":"","jetpack_publicize_message":"","jetpack_publicize_feature_enabled":true,"jetpack_social_post_already_shared":true,"jetpack_social_options":{"image_generator_settings":{"template":"highway","default_image_id":0,"font":"","enabled":false},"version":2}},"categories":[43],"tags":[],"class_list":["post-157487","post","type-post","status-publish","format-standard","has-post-thumbnail","hentry","category-internacionales"],"yoast_head":"<!-- This site is optimized with the Yoast SEO plugin v27.3 - https:\/\/yoast.com\/product\/yoast-seo-wordpress\/ -->\n<title>Siria inicia el primer juicio contra Bashar al-Assad y sus aliados tras su derrocamiento - Sarmiento24h<\/title>\n<meta name=\"robots\" content=\"index, follow, max-snippet:-1, max-image-preview:large, max-video-preview:-1\" \/>\n<link rel=\"canonical\" href=\"https:\/\/sarmiento24h.com\/?p=157487\" \/>\n<meta property=\"og:locale\" content=\"es_ES\" \/>\n<meta property=\"og:type\" content=\"article\" \/>\n<meta property=\"og:title\" content=\"Siria inicia el primer juicio contra Bashar al-Assad y sus aliados tras su derrocamiento - Sarmiento24h\" \/>\n<meta property=\"og:description\" content=\"Bashar al-Assad y su hermano Maher huyeron&#046;&#046;&#046;\" \/>\n<meta property=\"og:url\" content=\"https:\/\/sarmiento24h.com\/?p=157487\" \/>\n<meta property=\"og:site_name\" content=\"Sarmiento24h\" \/>\n<meta property=\"article:publisher\" content=\"https:\/\/facebook.com\/s24hnoticias\" \/>\n<meta property=\"article:published_time\" content=\"2026-04-27T03:28:05+00:00\" \/>\n<meta property=\"og:image\" content=\"https:\/\/s.france24.com\/media\/display\/dc8addda-1f46-11f1-862c-005056bfb2b6\/w:1024\/p:16x9\/ES-20260313-170701-170904-CS.jpg\" \/>\n<meta name=\"author\" content=\"sarmiento24h@gmail.com\" \/>\n<meta name=\"twitter:card\" content=\"summary_large_image\" \/>\n<meta name=\"twitter:creator\" content=\"@sarmiento24h\" \/>\n<meta name=\"twitter:site\" content=\"@sarmiento24h\" \/>\n<meta name=\"twitter:label1\" content=\"Escrito por\" \/>\n\t<meta name=\"twitter:data1\" content=\"sarmiento24h@gmail.com\" \/>\n\t<meta name=\"twitter:label2\" content=\"Tiempo de lectura\" \/>\n\t<meta name=\"twitter:data2\" content=\"3 minutos\" \/>\n<script type=\"application\/ld+json\" class=\"yoast-schema-graph\">{\"@context\":\"https:\\\/\\\/schema.org\",\"@graph\":[{\"@type\":\"Article\",\"@id\":\"https:\\\/\\\/sarmiento24h.com\\\/?p=157487#article\",\"isPartOf\":{\"@id\":\"https:\\\/\\\/sarmiento24h.com\\\/?p=157487\"},\"author\":{\"name\":\"sarmiento24h@gmail.com\",\"@id\":\"https:\\\/\\\/sarmiento24h.com\\\/#\\\/schema\\\/person\\\/d653a59725ad629a7e0429af7b939d4d\"},\"headline\":\"Siria inicia el primer juicio contra Bashar al-Assad y sus aliados tras su derrocamiento\",\"datePublished\":\"2026-04-27T03:28:05+00:00\",\"mainEntityOfPage\":{\"@id\":\"https:\\\/\\\/sarmiento24h.com\\\/?p=157487\"},\"wordCount\":543,\"publisher\":{\"@id\":\"https:\\\/\\\/sarmiento24h.com\\\/#organization\"},\"image\":{\"@id\":\"https:\\\/\\\/sarmiento24h.com\\\/?p=157487#primaryimage\"},\"thumbnailUrl\":\"https:\\\/\\\/sarmiento24h.com\\\/wp-content\\\/uploads\\\/2026\\\/04\\\/siria-inicia-el-primer-juicio-contra-bashar-al-assad-y-sus-aliados-tras-su-derrocamiento.jpg\",\"articleSection\":[\"Internacionales\"],\"inLanguage\":\"es\"},{\"@type\":\"WebPage\",\"@id\":\"https:\\\/\\\/sarmiento24h.com\\\/?p=157487\",\"url\":\"https:\\\/\\\/sarmiento24h.com\\\/?p=157487\",\"name\":\"Siria inicia el primer juicio contra Bashar al-Assad y sus aliados tras su derrocamiento - Sarmiento24h\",\"isPartOf\":{\"@id\":\"https:\\\/\\\/sarmiento24h.com\\\/#website\"},\"primaryImageOfPage\":{\"@id\":\"https:\\\/\\\/sarmiento24h.com\\\/?p=157487#primaryimage\"},\"image\":{\"@id\":\"https:\\\/\\\/sarmiento24h.com\\\/?p=157487#primaryimage\"},\"thumbnailUrl\":\"https:\\\/\\\/sarmiento24h.com\\\/wp-content\\\/uploads\\\/2026\\\/04\\\/siria-inicia-el-primer-juicio-contra-bashar-al-assad-y-sus-aliados-tras-su-derrocamiento.jpg\",\"datePublished\":\"2026-04-27T03:28:05+00:00\",\"breadcrumb\":{\"@id\":\"https:\\\/\\\/sarmiento24h.com\\\/?p=157487#breadcrumb\"},\"inLanguage\":\"es\",\"potentialAction\":[{\"@type\":\"ReadAction\",\"target\":[\"https:\\\/\\\/sarmiento24h.com\\\/?p=157487\"]}]},{\"@type\":\"ImageObject\",\"inLanguage\":\"es\",\"@id\":\"https:\\\/\\\/sarmiento24h.com\\\/?p=157487#primaryimage\",\"url\":\"https:\\\/\\\/sarmiento24h.com\\\/wp-content\\\/uploads\\\/2026\\\/04\\\/siria-inicia-el-primer-juicio-contra-bashar-al-assad-y-sus-aliados-tras-su-derrocamiento.jpg\",\"contentUrl\":\"https:\\\/\\\/sarmiento24h.com\\\/wp-content\\\/uploads\\\/2026\\\/04\\\/siria-inicia-el-primer-juicio-contra-bashar-al-assad-y-sus-aliados-tras-su-derrocamiento.jpg\",\"width\":1024,\"height\":576},{\"@type\":\"BreadcrumbList\",\"@id\":\"https:\\\/\\\/sarmiento24h.com\\\/?p=157487#breadcrumb\",\"itemListElement\":[{\"@type\":\"ListItem\",\"position\":1,\"name\":\"Home\",\"item\":\"https:\\\/\\\/sarmiento24h.com\\\/\"},{\"@type\":\"ListItem\",\"position\":2,\"name\":\"Siria inicia el primer juicio contra Bashar al-Assad y sus aliados tras su derrocamiento\"}]},{\"@type\":\"WebSite\",\"@id\":\"https:\\\/\\\/sarmiento24h.com\\\/#website\",\"url\":\"https:\\\/\\\/sarmiento24h.com\\\/\",\"name\":\"Sarmiento24h\",\"description\":\"\",\"publisher\":{\"@id\":\"https:\\\/\\\/sarmiento24h.com\\\/#organization\"},\"potentialAction\":[{\"@type\":\"SearchAction\",\"target\":{\"@type\":\"EntryPoint\",\"urlTemplate\":\"https:\\\/\\\/sarmiento24h.com\\\/?s={search_term_string}\"},\"query-input\":{\"@type\":\"PropertyValueSpecification\",\"valueRequired\":true,\"valueName\":\"search_term_string\"}}],\"inLanguage\":\"es\"},{\"@type\":\"Organization\",\"@id\":\"https:\\\/\\\/sarmiento24h.com\\\/#organization\",\"name\":\"Sarmiento24h\",\"url\":\"https:\\\/\\\/sarmiento24h.com\\\/\",\"logo\":{\"@type\":\"ImageObject\",\"inLanguage\":\"es\",\"@id\":\"https:\\\/\\\/sarmiento24h.com\\\/#\\\/schema\\\/logo\\\/image\\\/\",\"url\":\"https:\\\/\\\/sarmiento24h.com\\\/wp-content\\\/uploads\\\/2025\\\/12\\\/AddText_12-16-10.30.52.jpg\",\"contentUrl\":\"https:\\\/\\\/sarmiento24h.com\\\/wp-content\\\/uploads\\\/2025\\\/12\\\/AddText_12-16-10.30.52.jpg\",\"width\":1220,\"height\":324,\"caption\":\"Sarmiento24h\"},\"image\":{\"@id\":\"https:\\\/\\\/sarmiento24h.com\\\/#\\\/schema\\\/logo\\\/image\\\/\"},\"sameAs\":[\"https:\\\/\\\/facebook.com\\\/s24hnoticias\",\"https:\\\/\\\/x.com\\\/sarmiento24h\"]},{\"@type\":\"Person\",\"@id\":\"https:\\\/\\\/sarmiento24h.com\\\/#\\\/schema\\\/person\\\/d653a59725ad629a7e0429af7b939d4d\",\"name\":\"sarmiento24h@gmail.com\",\"image\":{\"@type\":\"ImageObject\",\"inLanguage\":\"es\",\"@id\":\"https:\\\/\\\/sarmiento24h.com\\\/wp-content\\\/litespeed\\\/avatar\\\/d02cbc4e23c747e6659cd45907173c8f.jpg?ver=1777157796\",\"url\":\"https:\\\/\\\/sarmiento24h.com\\\/wp-content\\\/litespeed\\\/avatar\\\/d02cbc4e23c747e6659cd45907173c8f.jpg?ver=1777157796\",\"contentUrl\":\"https:\\\/\\\/sarmiento24h.com\\\/wp-content\\\/litespeed\\\/avatar\\\/d02cbc4e23c747e6659cd45907173c8f.jpg?ver=1777157796\",\"caption\":\"sarmiento24h@gmail.com\"},\"sameAs\":[\"https:\\\/\\\/sarmiento24h.com\"],\"url\":\"https:\\\/\\\/sarmiento24h.com\\\/?author=1\"}]}<\/script>\n<!-- \/ Yoast SEO plugin. -->","yoast_head_json":{"title":"Siria inicia el primer juicio contra Bashar al-Assad y sus aliados tras su derrocamiento - Sarmiento24h","robots":{"index":"index","follow":"follow","max-snippet":"max-snippet:-1","max-image-preview":"max-image-preview:large","max-video-preview":"max-video-preview:-1"},"canonical":"https:\/\/sarmiento24h.com\/?p=157487","og_locale":"es_ES","og_type":"article","og_title":"Siria inicia el primer juicio contra Bashar al-Assad y sus aliados tras su derrocamiento - Sarmiento24h","og_description":"Bashar al-Assad y su hermano Maher huyeron&#46;&#46;&#46;","og_url":"https:\/\/sarmiento24h.com\/?p=157487","og_site_name":"Sarmiento24h","article_publisher":"https:\/\/facebook.com\/s24hnoticias","article_published_time":"2026-04-27T03:28:05+00:00","og_image":[{"url":"https:\/\/s.france24.com\/media\/display\/dc8addda-1f46-11f1-862c-005056bfb2b6\/w:1024\/p:16x9\/ES-20260313-170701-170904-CS.jpg","type":"","width":"","height":""}],"author":"sarmiento24h@gmail.com","twitter_card":"summary_large_image","twitter_creator":"@sarmiento24h","twitter_site":"@sarmiento24h","twitter_misc":{"Escrito por":"sarmiento24h@gmail.com","Tiempo de lectura":"3 minutos"},"schema":{"@context":"https:\/\/schema.org","@graph":[{"@type":"Article","@id":"https:\/\/sarmiento24h.com\/?p=157487#article","isPartOf":{"@id":"https:\/\/sarmiento24h.com\/?p=157487"},"author":{"name":"sarmiento24h@gmail.com","@id":"https:\/\/sarmiento24h.com\/#\/schema\/person\/d653a59725ad629a7e0429af7b939d4d"},"headline":"Siria inicia el primer juicio contra Bashar al-Assad y sus aliados tras su derrocamiento","datePublished":"2026-04-27T03:28:05+00:00","mainEntityOfPage":{"@id":"https:\/\/sarmiento24h.com\/?p=157487"},"wordCount":543,"publisher":{"@id":"https:\/\/sarmiento24h.com\/#organization"},"image":{"@id":"https:\/\/sarmiento24h.com\/?p=157487#primaryimage"},"thumbnailUrl":"https:\/\/sarmiento24h.com\/wp-content\/uploads\/2026\/04\/siria-inicia-el-primer-juicio-contra-bashar-al-assad-y-sus-aliados-tras-su-derrocamiento.jpg","articleSection":["Internacionales"],"inLanguage":"es"},{"@type":"WebPage","@id":"https:\/\/sarmiento24h.com\/?p=157487","url":"https:\/\/sarmiento24h.com\/?p=157487","name":"Siria inicia el primer juicio contra Bashar al-Assad y sus aliados tras su derrocamiento - Sarmiento24h","isPartOf":{"@id":"https:\/\/sarmiento24h.com\/#website"},"primaryImageOfPage":{"@id":"https:\/\/sarmiento24h.com\/?p=157487#primaryimage"},"image":{"@id":"https:\/\/sarmiento24h.com\/?p=157487#primaryimage"},"thumbnailUrl":"https:\/\/sarmiento24h.com\/wp-content\/uploads\/2026\/04\/siria-inicia-el-primer-juicio-contra-bashar-al-assad-y-sus-aliados-tras-su-derrocamiento.jpg","datePublished":"2026-04-27T03:28:05+00:00","breadcrumb":{"@id":"https:\/\/sarmiento24h.com\/?p=157487#breadcrumb"},"inLanguage":"es","potentialAction":[{"@type":"ReadAction","target":["https:\/\/sarmiento24h.com\/?p=157487"]}]},{"@type":"ImageObject","inLanguage":"es","@id":"https:\/\/sarmiento24h.com\/?p=157487#primaryimage","url":"https:\/\/sarmiento24h.com\/wp-content\/uploads\/2026\/04\/siria-inicia-el-primer-juicio-contra-bashar-al-assad-y-sus-aliados-tras-su-derrocamiento.jpg","contentUrl":"https:\/\/sarmiento24h.com\/wp-content\/uploads\/2026\/04\/siria-inicia-el-primer-juicio-contra-bashar-al-assad-y-sus-aliados-tras-su-derrocamiento.jpg","width":1024,"height":576},{"@type":"BreadcrumbList","@id":"https:\/\/sarmiento24h.com\/?p=157487#breadcrumb","itemListElement":[{"@type":"ListItem","position":1,"name":"Home","item":"https:\/\/sarmiento24h.com\/"},{"@type":"ListItem","position":2,"name":"Siria inicia el primer juicio contra Bashar al-Assad y sus aliados tras su derrocamiento"}]},{"@type":"WebSite","@id":"https:\/\/sarmiento24h.com\/#website","url":"https:\/\/sarmiento24h.com\/","name":"Sarmiento24h","description":"","publisher":{"@id":"https:\/\/sarmiento24h.com\/#organization"},"potentialAction":[{"@type":"SearchAction","target":{"@type":"EntryPoint","urlTemplate":"https:\/\/sarmiento24h.com\/?s={search_term_string}"},"query-input":{"@type":"PropertyValueSpecification","valueRequired":true,"valueName":"search_term_string"}}],"inLanguage":"es"},{"@type":"Organization","@id":"https:\/\/sarmiento24h.com\/#organization","name":"Sarmiento24h","url":"https:\/\/sarmiento24h.com\/","logo":{"@type":"ImageObject","inLanguage":"es","@id":"https:\/\/sarmiento24h.com\/#\/schema\/logo\/image\/","url":"https:\/\/sarmiento24h.com\/wp-content\/uploads\/2025\/12\/AddText_12-16-10.30.52.jpg","contentUrl":"https:\/\/sarmiento24h.com\/wp-content\/uploads\/2025\/12\/AddText_12-16-10.30.52.jpg","width":1220,"height":324,"caption":"Sarmiento24h"},"image":{"@id":"https:\/\/sarmiento24h.com\/#\/schema\/logo\/image\/"},"sameAs":["https:\/\/facebook.com\/s24hnoticias","https:\/\/x.com\/sarmiento24h"]},{"@type":"Person","@id":"https:\/\/sarmiento24h.com\/#\/schema\/person\/d653a59725ad629a7e0429af7b939d4d","name":"sarmiento24h@gmail.com","image":{"@type":"ImageObject","inLanguage":"es","@id":"https:\/\/sarmiento24h.com\/wp-content\/litespeed\/avatar\/d02cbc4e23c747e6659cd45907173c8f.jpg?ver=1777157796","url":"https:\/\/sarmiento24h.com\/wp-content\/litespeed\/avatar\/d02cbc4e23c747e6659cd45907173c8f.jpg?ver=1777157796","contentUrl":"https:\/\/sarmiento24h.com\/wp-content\/litespeed\/avatar\/d02cbc4e23c747e6659cd45907173c8f.jpg?ver=1777157796","caption":"sarmiento24h@gmail.com"},"sameAs":["https:\/\/sarmiento24h.com"],"url":"https:\/\/sarmiento24h.com\/?author=1"}]}},"jetpack_publicize_connections":[],"jetpack_featured_media_url":"https:\/\/sarmiento24h.com\/wp-content\/uploads\/2026\/04\/siria-inicia-el-primer-juicio-contra-bashar-al-assad-y-sus-aliados-tras-su-derrocamiento.jpg","jetpack_sharing_enabled":true,"_links":{"self":[{"href":"https:\/\/sarmiento24h.com\/index.php?rest_route=\/wp\/v2\/posts\/157487","targetHints":{"allow":["GET"]}}],"collection":[{"href":"https:\/\/sarmiento24h.com\/index.php?rest_route=\/wp\/v2\/posts"}],"about":[{"href":"https:\/\/sarmiento24h.com\/index.php?rest_route=\/wp\/v2\/types\/post"}],"author":[{"embeddable":true,"href":"https:\/\/sarmiento24h.com\/index.php?rest_route=\/wp\/v2\/users\/1"}],"replies":[{"embeddable":true,"href":"https:\/\/sarmiento24h.com\/index.php?rest_route=%2Fwp%2Fv2%2Fcomments&post=157487"}],"version-history":[{"count":0,"href":"https:\/\/sarmiento24h.com\/index.php?rest_route=\/wp\/v2\/posts\/157487\/revisions"}],"wp:featuredmedia":[{"embeddable":true,"href":"https:\/\/sarmiento24h.com\/index.php?rest_route=\/wp\/v2\/media\/157488"}],"wp:attachment":[{"href":"https:\/\/sarmiento24h.com\/index.php?rest_route=%2Fwp%2Fv2%2Fmedia&parent=157487"}],"wp:term":[{"taxonomy":"category","embeddable":true,"href":"https:\/\/sarmiento24h.com\/index.php?rest_route=%2Fwp%2Fv2%2Fcategories&post=157487"},{"taxonomy":"post_tag","embeddable":true,"href":"https:\/\/sarmiento24h.com\/index.php?rest_route=%2Fwp%2Fv2%2Ftags&post=157487"}],"curies":[{"name":"wp","href":"https:\/\/api.w.org\/{rel}","templated":true}]}}