{"id":157712,"date":"2026-04-27T05:18:11","date_gmt":"2026-04-27T05:18:11","guid":{"rendered":"http:\/\/almomento.net\/?p=1115355"},"modified":"2026-04-27T05:18:11","modified_gmt":"2026-04-27T05:18:11","slug":"la-economia-de-america-latina-y-el-caribe-opinion","status":"publish","type":"post","link":"https:\/\/sarmiento24h.com\/?p=157712","title":{"rendered":"La econom\u00eda de Am\u00e9rica Latina y el Caribe (OPINION)"},"content":{"rendered":"<p>El informe que presenta el Banco Mundial al mes de abril de 2026 sobre el Panorama econ\u00f3mico de Am\u00e9rica Latina y el Caribe (ALC), resalta el comportamiento econ\u00f3mico de los pa\u00edses que conforman la regi\u00f3n.<\/p>\n<p>El informe trae que Am\u00e9rica Latina y el Caribe entrar\u00e1n al a\u00f1o 2026 con un crecimiento a\u00fan limitado por desaf\u00edos estructurales de larga data.<\/p>\n<p>Se prev\u00e9 que en el a\u00f1o 2026 el crecimiento del PIB regional ser\u00e1 de un 2.1% ligeramente por debajo del 2,4% del a\u00f1o 2025, dejando a ALC nuevamente como una de las regiones del mundo con crecimiento m\u00e1s lento, con un PIB per c\u00e1pita apenas creciendo.<\/p>\n<p>La falta de mejora convive con revisiones a la baja en las proyecciones de algunos pa\u00edses y, refleja una combinaci\u00f3n de la demanda que resulta familiar: el consumo privado sigue siendo el principal motor, mientras que la inversi\u00f3n se mantiene en niveles bajos en medio de una elevada incertidumbre mundial e interna y condiciones de financiamiento real (ajustadas por inflaci\u00f3n) aun restrictivas.<\/p>\n<p><img loading=\"lazy\" decoding=\"async\" class=\"size-full wp-image-1115356 alignleft\" src=\"https:\/\/almomento.net\/wp-content\/uploads\/2026\/04\/eu.png\" alt width=\"263\" height=\"192\" srcset=\"https:\/\/almomento.net\/wp-content\/uploads\/2026\/04\/eu.png 263w, https:\/\/almomento.net\/wp-content\/uploads\/2026\/04\/eu-130x95.png 130w\" sizes=\"auto, (max-width: 263px) 100vw, 263px\"><\/p>\n<p>Los avances contra la inflaci\u00f3n contin\u00faan, aunque m\u00e1s lentamente de lo previsto. Los cambios en el entorno mundial plantean nuevos riesgos y oportunidades.<\/p>\n<p>Si bien las reglas del orden comercial internacional son inciertas, los aranceles aplicados a la regi\u00f3n han aumentado menos de lo previsto, a\u00fan existe la posibilidad de alineaci\u00f3n con los centros de producci\u00f3n hemisf\u00e9ricos, y la transici\u00f3n energ\u00e9tica ampl\u00eda el rol potencial de la regi\u00f3n en las cadenas de valor de tecnolog\u00edas limpias, dada la combinaci\u00f3n energ\u00e9tica comparativamente limpia de ALC y sus grandes dotaciones de minerales cr\u00edticos.<\/p>\n<p>Para aprovechar estas oportunidades se requieren reformas internas complementarias que reduzcan la incertidumbre de pol\u00edtica, cierren las brechas en infraestructura y capital humano, y fortalezcan las instituciones de modo que el capital privado pueda responder cuando la incertidumbre mundial se disipe.<\/p>\n<p>Estas perspectivas al alza coexisten con riesgos a la baja, en particular por el resurgimiento de los conflictos en Medio Oriente, donde la volatilidad de los precios de la energ\u00eda podr\u00eda retrasar la desinflaci\u00f3n y afectar el crecimiento.<\/p>\n<p><b>Banco Mundial<\/b><\/p>\n<p>El Banco Mundial analiza la evoluci\u00f3n macroecon\u00f3mica y social reciente de la regi\u00f3n y los desaf\u00edos que enfrenta en el corto plazo a medida que la inflaci\u00f3n se acerca a su \u00faltima milla, el crecimiento sigue siendo moderado&nbsp; el espacio fiscal sigue siendo limitado bajo elevadas cargas de intereses de la deuda.<\/p>\n<p>Se\u00f1ala el Banco Mundial que con el surgimiento de pol\u00edticas industriales con las que los pa\u00edses est\u00e1n experimentando para darle m\u00e1s dinamismo a sus econom\u00edas y crear mejores empleos.<\/p>\n<p>El crecimiento sigue siendo moderado pero las trayectorias de los pa\u00edses divergen. En el Caribe, la expansi\u00f3n impulsada por el petr\u00f3leo en Guyana y pr\u00f3ximamente, en Surinam y, en menor medida, en Trinidad y Tobago, est\u00e1 ampliando su divergencia con respecto a las econom\u00edas que dependen en gran medida del turismo.<\/p>\n<p>Jamaica se est\u00e1 recuperando de un devastador hurac\u00e1n, mientras que las perspectivas de Hait\u00ed dependen fundamentalmente del \u00e9xito de las nuevas iniciativas de seguridad.<\/p>\n<p>Los vientos adversos externos se estaban moderando, pero la incertidumbre est\u00e1 creciendo, las condiciones mundiales eran algo m\u00e1s favorables que a mediados de 2025, pero la incertidumbre mundial est\u00e1 aumentando nuevamente.<\/p>\n<p>La Reserva Federal de Estados Unidos inici\u00f3 la relajaci\u00f3n monetaria a fines de 2025 y luego hizo una pausa en el 3.50% y 3.75% en enero del a\u00f1o 2026, mientras que otros bancos centrales importantes se han movido con cautela manteniendo las tasas mundiales m\u00e1s altas durante m\u00e1s tiempo de lo previsto.<\/p>\n<p>Adem\u00e1s, el aumento de la volatilidad de los precios de la energ\u00eda vinculado al conflicto en Medio Oriente podr\u00eda retrasar la desinflaci\u00f3n y afectar el crecimiento.<\/p>\n<p>La inflaci\u00f3n se ha moderado pero los bancos centrales permanecen cautelosos.<\/p>\n<p>Los d\u00e9ficits fiscales siguen siendo persistentes en gran parte de la regi\u00f3n, incluso donde los balances primarios han mejorado, porque los elevados pagos de intereses contin\u00faan afectando, reduciendo el espacio para los gastos prioritarios.<\/p>\n<p>La din\u00e1mica del mercado laboral desempe\u00f1a un papel central en la configuraci\u00f3n de los resultados sociales en ALC. La informalidad es persistente, estrechamente asociada al bajo nivel de educaci\u00f3n.<\/p>\n<p>Acuerdos comerciales, acceso a los mercados y diversificaci\u00f3n son lecciones para ALC.<\/p>\n<p>El comercio internacional sigue siendo un canal clave a trav\u00e9s del cual las econom\u00edas de ALC pueden ampliar el acceso a los mercados, reducir los riesgos de concentraci\u00f3n y apoyar la diversificaci\u00f3n.<\/p>\n<p>Las principales perspectivas de crecimiento para la regi\u00f3n para los a\u00f1os 2026 y 2027 es encabezada por Paraguay con 4.4% y 4.2%, luego Surinam con 4.0% y 4.5%, Rep\u00fablica Dominicana con 3.6% y 4.4%, Argentina con 3.6% y 3.7%, Costa Rica con 3.6% 3.7%, Guatemala con 3.7% y 3.8%, Panam\u00e1 con 3.9% y 4.1%, respectivamente y, las de menor crecimiento en el a\u00f1o 2026 ser\u00e1n Bolivia, Jamaica y Hait\u00ed.<\/p>\n<p>El informe concluye al se\u00f1alar que el crecimiento y la creaci\u00f3n de empleo de calidad en Am\u00e9rica Latina y el Caribe (ALC) siguen siendo moderados en un entorno global desafiante.<\/p>\n<p>La inflaci\u00f3n sigue disminuyendo pero la relajaci\u00f3n de la pol\u00edtica monetaria ha avanzado m\u00e1s lentamente de lo previsto, los precios de las materias primas no vinculadas a la energ\u00eda se est\u00e1n moderando.<\/p>\n<p>Los persistentes d\u00e9ficits fiscales siguen limitando la inversi\u00f3n necesaria.<\/p>\n<p>La r\u00e1pida evoluci\u00f3n del r\u00e9gimen comercial global, junto con la mayor volatilidad en los mercados energ\u00e9ticos vinculada al reciente conflicto en Medio Oriente, genera altos niveles de incertidumbre en torno a la inversi\u00f3n, la inflaci\u00f3n y la pol\u00edtica monetaria, lo que debilita las perspectivas de crecimiento a mediano plazo.<\/p>\n<p>La pol\u00edtica industrial ha vuelto al centro del debate pol\u00edtico en gran parte del mundo en desarrollo, por tanto la pol\u00edtica industrial debe considerase como pol\u00edtica de &nbsp;agendas: desarrollar capacidades en todo el espectro del capital humano, facilitar la experimentaci\u00f3n y la asunci\u00f3n de riesgos, explotar la apertura de forma productiva y para corregir las fallas de mercado asociadas a cada agenda, fortalecer al Estado.<\/p>\n<p>El Banco Central de la Rep\u00fablica Dominicana, inform\u00f3 recientemente que las cifras preliminares del Indicador Mensual de las Actividades Econ\u00f3micas (IMAE) de la naci\u00f3n dominicana, correspondiente a marzo del a\u00f1o 2026, reflej\u00f3 un incremento interanual de 5.1%, constituyendo el ritmo de expansi\u00f3n de la actividad econ\u00f3mica m\u00e1s elevado de los \u00faltimos once meses.<\/p>\n<p>El crecimiento promedio acumulado durante el primer trimestre del a\u00f1o 2026 se ubic\u00f3 en 4.1% producto del valor agregado real del sector construcci\u00f3n con un crecimiento de un 8% y manufactura de Zonas Francas de un 7.8%, la miner\u00eda registr\u00f3 una variaci\u00f3n interanual de 4.3% por el oro y la plata.<\/p>\n<p>La reducci\u00f3n de las tasas de inter\u00e9s activas ha contribuido a ampliar el acceso al cr\u00e9dito, dinamizando la actividad del sector construcci\u00f3n.<\/p>\n<p>Mientras la situaci\u00f3n econ\u00f3mica global se encuentra en incertidumbre, la econ\u00f3mica dominicana presenta un crecimiento positivo en los primeros tres meses del a\u00f1o 2026, mostrando una significativa resiliencia, eficiencia y efectividad.<\/p>\n<p>De detenerse la lucha por el estrecho Ormuz entre Estados Unidos e Ir\u00e1n, se espera de manera halag\u00fce\u00f1a que la econom\u00eda dominicana cierre al 31 de diciembre del a\u00f1o 2026, c\u00f3nsono con el pron\u00f3stico del Banco Mundial, anteriormente se\u00f1alado, pues no se duda de la competencia de las autoridades gubernamentales y la disciplina, efectividad y eficiencia de las pol\u00edticas monetaria y fiscal que siempre han caracterizado al Banco Central y el Ministerio de Hacienda y Econom\u00eda de la naci\u00f3n dominicana.<\/p>\n<p><a id=\"m_-8924309176791093381OWA9ac1b8b5-8d90-77f6-8f9c-8748710a145e\" href=\"mailto:Felix.felixsantana.santanagarc@gmail.com\" target=\"_blank\" rel=\"noopener\"><i>Felix.felixsantana.<wbr>santanagarc@gmail.com<\/i><\/a><\/p>\n<p><i>jpm-am<\/i><\/p>\n<div class=\"heateor_sss_sharing_container heateor_sss_horizontal_sharing\" data-heateor-sss-href=\"https:\/\/almomento.net\/la-economia-de-america-latina-y-el-caribe-opinion\/\" readability=\"7\">\n<p>Comp\u00e1rtelo en tus redes:<\/p>\n<\/div>\n<p> <!-- 468x60 --><br \/>\n<ins class=\"adsbygoogle\" data-ad-client=\"ca-pub-3511341636159665\" data-ad-slot=\"3538255450\"><\/ins> <!-- .entry-content --> <\/p>\n","protected":false},"excerpt":{"rendered":"<p>El informe que presenta el Banco Mundial&#46;&#46;&#46;<\/p>\n","protected":false},"author":1,"featured_media":157713,"comment_status":"closed","ping_status":"closed","sticky":false,"template":"","format":"standard","meta":{"_jetpack_memberships_contains_paid_content":false,"footnotes":"","jetpack_publicize_message":"","jetpack_publicize_feature_enabled":true,"jetpack_social_post_already_shared":true,"jetpack_social_options":{"image_generator_settings":{"template":"highway","default_image_id":0,"font":"","enabled":false},"version":2}},"categories":[60],"tags":[],"class_list":["post-157712","post","type-post","status-publish","format-standard","has-post-thumbnail","hentry","category-economicas"],"yoast_head":"<!-- This site is optimized with the Yoast SEO plugin v27.3 - https:\/\/yoast.com\/product\/yoast-seo-wordpress\/ -->\n<title>La econom\u00eda de Am\u00e9rica Latina y el Caribe (OPINION) - Sarmiento24h<\/title>\n<meta name=\"robots\" content=\"index, follow, max-snippet:-1, max-image-preview:large, max-video-preview:-1\" \/>\n<link rel=\"canonical\" href=\"https:\/\/sarmiento24h.com\/?p=157712\" \/>\n<meta property=\"og:locale\" content=\"es_ES\" \/>\n<meta property=\"og:type\" content=\"article\" \/>\n<meta property=\"og:title\" content=\"La econom\u00eda de Am\u00e9rica Latina y el Caribe (OPINION) - Sarmiento24h\" \/>\n<meta property=\"og:description\" content=\"El informe que presenta el Banco Mundial&#046;&#046;&#046;\" \/>\n<meta property=\"og:url\" content=\"https:\/\/sarmiento24h.com\/?p=157712\" \/>\n<meta property=\"og:site_name\" content=\"Sarmiento24h\" \/>\n<meta property=\"article:publisher\" content=\"https:\/\/facebook.com\/s24hnoticias\" \/>\n<meta property=\"article:published_time\" content=\"2026-04-27T05:18:11+00:00\" \/>\n<meta name=\"author\" content=\"sarmiento24h@gmail.com\" \/>\n<meta name=\"twitter:card\" content=\"summary_large_image\" \/>\n<meta name=\"twitter:creator\" content=\"@sarmiento24h\" \/>\n<meta name=\"twitter:site\" content=\"@sarmiento24h\" \/>\n<meta name=\"twitter:label1\" content=\"Escrito por\" \/>\n\t<meta name=\"twitter:data1\" content=\"sarmiento24h@gmail.com\" \/>\n\t<meta name=\"twitter:label2\" content=\"Tiempo de lectura\" \/>\n\t<meta name=\"twitter:data2\" content=\"7 minutos\" \/>\n<script type=\"application\/ld+json\" class=\"yoast-schema-graph\">{\"@context\":\"https:\\\/\\\/schema.org\",\"@graph\":[{\"@type\":\"Article\",\"@id\":\"https:\\\/\\\/sarmiento24h.com\\\/?p=157712#article\",\"isPartOf\":{\"@id\":\"https:\\\/\\\/sarmiento24h.com\\\/?p=157712\"},\"author\":{\"name\":\"sarmiento24h@gmail.com\",\"@id\":\"https:\\\/\\\/sarmiento24h.com\\\/#\\\/schema\\\/person\\\/d653a59725ad629a7e0429af7b939d4d\"},\"headline\":\"La econom\u00eda de Am\u00e9rica Latina y el Caribe (OPINION)\",\"datePublished\":\"2026-04-27T05:18:11+00:00\",\"mainEntityOfPage\":{\"@id\":\"https:\\\/\\\/sarmiento24h.com\\\/?p=157712\"},\"wordCount\":1335,\"publisher\":{\"@id\":\"https:\\\/\\\/sarmiento24h.com\\\/#organization\"},\"image\":{\"@id\":\"https:\\\/\\\/sarmiento24h.com\\\/?p=157712#primaryimage\"},\"thumbnailUrl\":\"https:\\\/\\\/sarmiento24h.com\\\/wp-content\\\/uploads\\\/2026\\\/04\\\/la-economia-de-america-latina-y-el-caribe-opinion.png\",\"articleSection\":[\"Economicas\"],\"inLanguage\":\"es\"},{\"@type\":\"WebPage\",\"@id\":\"https:\\\/\\\/sarmiento24h.com\\\/?p=157712\",\"url\":\"https:\\\/\\\/sarmiento24h.com\\\/?p=157712\",\"name\":\"La econom\u00eda de Am\u00e9rica Latina y el Caribe (OPINION) - Sarmiento24h\",\"isPartOf\":{\"@id\":\"https:\\\/\\\/sarmiento24h.com\\\/#website\"},\"primaryImageOfPage\":{\"@id\":\"https:\\\/\\\/sarmiento24h.com\\\/?p=157712#primaryimage\"},\"image\":{\"@id\":\"https:\\\/\\\/sarmiento24h.com\\\/?p=157712#primaryimage\"},\"thumbnailUrl\":\"https:\\\/\\\/sarmiento24h.com\\\/wp-content\\\/uploads\\\/2026\\\/04\\\/la-economia-de-america-latina-y-el-caribe-opinion.png\",\"datePublished\":\"2026-04-27T05:18:11+00:00\",\"breadcrumb\":{\"@id\":\"https:\\\/\\\/sarmiento24h.com\\\/?p=157712#breadcrumb\"},\"inLanguage\":\"es\",\"potentialAction\":[{\"@type\":\"ReadAction\",\"target\":[\"https:\\\/\\\/sarmiento24h.com\\\/?p=157712\"]}]},{\"@type\":\"ImageObject\",\"inLanguage\":\"es\",\"@id\":\"https:\\\/\\\/sarmiento24h.com\\\/?p=157712#primaryimage\",\"url\":\"https:\\\/\\\/sarmiento24h.com\\\/wp-content\\\/uploads\\\/2026\\\/04\\\/la-economia-de-america-latina-y-el-caribe-opinion.png\",\"contentUrl\":\"https:\\\/\\\/sarmiento24h.com\\\/wp-content\\\/uploads\\\/2026\\\/04\\\/la-economia-de-america-latina-y-el-caribe-opinion.png\",\"width\":263,\"height\":192},{\"@type\":\"BreadcrumbList\",\"@id\":\"https:\\\/\\\/sarmiento24h.com\\\/?p=157712#breadcrumb\",\"itemListElement\":[{\"@type\":\"ListItem\",\"position\":1,\"name\":\"Home\",\"item\":\"https:\\\/\\\/sarmiento24h.com\\\/\"},{\"@type\":\"ListItem\",\"position\":2,\"name\":\"La econom\u00eda de Am\u00e9rica Latina y el Caribe (OPINION)\"}]},{\"@type\":\"WebSite\",\"@id\":\"https:\\\/\\\/sarmiento24h.com\\\/#website\",\"url\":\"https:\\\/\\\/sarmiento24h.com\\\/\",\"name\":\"Sarmiento24h\",\"description\":\"\",\"publisher\":{\"@id\":\"https:\\\/\\\/sarmiento24h.com\\\/#organization\"},\"potentialAction\":[{\"@type\":\"SearchAction\",\"target\":{\"@type\":\"EntryPoint\",\"urlTemplate\":\"https:\\\/\\\/sarmiento24h.com\\\/?s={search_term_string}\"},\"query-input\":{\"@type\":\"PropertyValueSpecification\",\"valueRequired\":true,\"valueName\":\"search_term_string\"}}],\"inLanguage\":\"es\"},{\"@type\":\"Organization\",\"@id\":\"https:\\\/\\\/sarmiento24h.com\\\/#organization\",\"name\":\"Sarmiento24h\",\"url\":\"https:\\\/\\\/sarmiento24h.com\\\/\",\"logo\":{\"@type\":\"ImageObject\",\"inLanguage\":\"es\",\"@id\":\"https:\\\/\\\/sarmiento24h.com\\\/#\\\/schema\\\/logo\\\/image\\\/\",\"url\":\"https:\\\/\\\/sarmiento24h.com\\\/wp-content\\\/uploads\\\/2025\\\/12\\\/AddText_12-16-10.30.52.jpg\",\"contentUrl\":\"https:\\\/\\\/sarmiento24h.com\\\/wp-content\\\/uploads\\\/2025\\\/12\\\/AddText_12-16-10.30.52.jpg\",\"width\":1220,\"height\":324,\"caption\":\"Sarmiento24h\"},\"image\":{\"@id\":\"https:\\\/\\\/sarmiento24h.com\\\/#\\\/schema\\\/logo\\\/image\\\/\"},\"sameAs\":[\"https:\\\/\\\/facebook.com\\\/s24hnoticias\",\"https:\\\/\\\/x.com\\\/sarmiento24h\"]},{\"@type\":\"Person\",\"@id\":\"https:\\\/\\\/sarmiento24h.com\\\/#\\\/schema\\\/person\\\/d653a59725ad629a7e0429af7b939d4d\",\"name\":\"sarmiento24h@gmail.com\",\"image\":{\"@type\":\"ImageObject\",\"inLanguage\":\"es\",\"@id\":\"https:\\\/\\\/sarmiento24h.com\\\/wp-content\\\/litespeed\\\/avatar\\\/d02cbc4e23c747e6659cd45907173c8f.jpg?ver=1777157796\",\"url\":\"https:\\\/\\\/sarmiento24h.com\\\/wp-content\\\/litespeed\\\/avatar\\\/d02cbc4e23c747e6659cd45907173c8f.jpg?ver=1777157796\",\"contentUrl\":\"https:\\\/\\\/sarmiento24h.com\\\/wp-content\\\/litespeed\\\/avatar\\\/d02cbc4e23c747e6659cd45907173c8f.jpg?ver=1777157796\",\"caption\":\"sarmiento24h@gmail.com\"},\"sameAs\":[\"https:\\\/\\\/sarmiento24h.com\"],\"url\":\"https:\\\/\\\/sarmiento24h.com\\\/?author=1\"}]}<\/script>\n<!-- \/ Yoast SEO plugin. -->","yoast_head_json":{"title":"La econom\u00eda de Am\u00e9rica Latina y el Caribe (OPINION) - Sarmiento24h","robots":{"index":"index","follow":"follow","max-snippet":"max-snippet:-1","max-image-preview":"max-image-preview:large","max-video-preview":"max-video-preview:-1"},"canonical":"https:\/\/sarmiento24h.com\/?p=157712","og_locale":"es_ES","og_type":"article","og_title":"La econom\u00eda de Am\u00e9rica Latina y el Caribe (OPINION) - Sarmiento24h","og_description":"El informe que presenta el Banco Mundial&#46;&#46;&#46;","og_url":"https:\/\/sarmiento24h.com\/?p=157712","og_site_name":"Sarmiento24h","article_publisher":"https:\/\/facebook.com\/s24hnoticias","article_published_time":"2026-04-27T05:18:11+00:00","author":"sarmiento24h@gmail.com","twitter_card":"summary_large_image","twitter_creator":"@sarmiento24h","twitter_site":"@sarmiento24h","twitter_misc":{"Escrito por":"sarmiento24h@gmail.com","Tiempo de lectura":"7 minutos"},"schema":{"@context":"https:\/\/schema.org","@graph":[{"@type":"Article","@id":"https:\/\/sarmiento24h.com\/?p=157712#article","isPartOf":{"@id":"https:\/\/sarmiento24h.com\/?p=157712"},"author":{"name":"sarmiento24h@gmail.com","@id":"https:\/\/sarmiento24h.com\/#\/schema\/person\/d653a59725ad629a7e0429af7b939d4d"},"headline":"La econom\u00eda de Am\u00e9rica Latina y el Caribe (OPINION)","datePublished":"2026-04-27T05:18:11+00:00","mainEntityOfPage":{"@id":"https:\/\/sarmiento24h.com\/?p=157712"},"wordCount":1335,"publisher":{"@id":"https:\/\/sarmiento24h.com\/#organization"},"image":{"@id":"https:\/\/sarmiento24h.com\/?p=157712#primaryimage"},"thumbnailUrl":"https:\/\/sarmiento24h.com\/wp-content\/uploads\/2026\/04\/la-economia-de-america-latina-y-el-caribe-opinion.png","articleSection":["Economicas"],"inLanguage":"es"},{"@type":"WebPage","@id":"https:\/\/sarmiento24h.com\/?p=157712","url":"https:\/\/sarmiento24h.com\/?p=157712","name":"La econom\u00eda de Am\u00e9rica Latina y el Caribe (OPINION) - Sarmiento24h","isPartOf":{"@id":"https:\/\/sarmiento24h.com\/#website"},"primaryImageOfPage":{"@id":"https:\/\/sarmiento24h.com\/?p=157712#primaryimage"},"image":{"@id":"https:\/\/sarmiento24h.com\/?p=157712#primaryimage"},"thumbnailUrl":"https:\/\/sarmiento24h.com\/wp-content\/uploads\/2026\/04\/la-economia-de-america-latina-y-el-caribe-opinion.png","datePublished":"2026-04-27T05:18:11+00:00","breadcrumb":{"@id":"https:\/\/sarmiento24h.com\/?p=157712#breadcrumb"},"inLanguage":"es","potentialAction":[{"@type":"ReadAction","target":["https:\/\/sarmiento24h.com\/?p=157712"]}]},{"@type":"ImageObject","inLanguage":"es","@id":"https:\/\/sarmiento24h.com\/?p=157712#primaryimage","url":"https:\/\/sarmiento24h.com\/wp-content\/uploads\/2026\/04\/la-economia-de-america-latina-y-el-caribe-opinion.png","contentUrl":"https:\/\/sarmiento24h.com\/wp-content\/uploads\/2026\/04\/la-economia-de-america-latina-y-el-caribe-opinion.png","width":263,"height":192},{"@type":"BreadcrumbList","@id":"https:\/\/sarmiento24h.com\/?p=157712#breadcrumb","itemListElement":[{"@type":"ListItem","position":1,"name":"Home","item":"https:\/\/sarmiento24h.com\/"},{"@type":"ListItem","position":2,"name":"La econom\u00eda de Am\u00e9rica Latina y el Caribe (OPINION)"}]},{"@type":"WebSite","@id":"https:\/\/sarmiento24h.com\/#website","url":"https:\/\/sarmiento24h.com\/","name":"Sarmiento24h","description":"","publisher":{"@id":"https:\/\/sarmiento24h.com\/#organization"},"potentialAction":[{"@type":"SearchAction","target":{"@type":"EntryPoint","urlTemplate":"https:\/\/sarmiento24h.com\/?s={search_term_string}"},"query-input":{"@type":"PropertyValueSpecification","valueRequired":true,"valueName":"search_term_string"}}],"inLanguage":"es"},{"@type":"Organization","@id":"https:\/\/sarmiento24h.com\/#organization","name":"Sarmiento24h","url":"https:\/\/sarmiento24h.com\/","logo":{"@type":"ImageObject","inLanguage":"es","@id":"https:\/\/sarmiento24h.com\/#\/schema\/logo\/image\/","url":"https:\/\/sarmiento24h.com\/wp-content\/uploads\/2025\/12\/AddText_12-16-10.30.52.jpg","contentUrl":"https:\/\/sarmiento24h.com\/wp-content\/uploads\/2025\/12\/AddText_12-16-10.30.52.jpg","width":1220,"height":324,"caption":"Sarmiento24h"},"image":{"@id":"https:\/\/sarmiento24h.com\/#\/schema\/logo\/image\/"},"sameAs":["https:\/\/facebook.com\/s24hnoticias","https:\/\/x.com\/sarmiento24h"]},{"@type":"Person","@id":"https:\/\/sarmiento24h.com\/#\/schema\/person\/d653a59725ad629a7e0429af7b939d4d","name":"sarmiento24h@gmail.com","image":{"@type":"ImageObject","inLanguage":"es","@id":"https:\/\/sarmiento24h.com\/wp-content\/litespeed\/avatar\/d02cbc4e23c747e6659cd45907173c8f.jpg?ver=1777157796","url":"https:\/\/sarmiento24h.com\/wp-content\/litespeed\/avatar\/d02cbc4e23c747e6659cd45907173c8f.jpg?ver=1777157796","contentUrl":"https:\/\/sarmiento24h.com\/wp-content\/litespeed\/avatar\/d02cbc4e23c747e6659cd45907173c8f.jpg?ver=1777157796","caption":"sarmiento24h@gmail.com"},"sameAs":["https:\/\/sarmiento24h.com"],"url":"https:\/\/sarmiento24h.com\/?author=1"}]}},"jetpack_publicize_connections":[],"jetpack_featured_media_url":"https:\/\/sarmiento24h.com\/wp-content\/uploads\/2026\/04\/la-economia-de-america-latina-y-el-caribe-opinion.png","jetpack_sharing_enabled":true,"_links":{"self":[{"href":"https:\/\/sarmiento24h.com\/index.php?rest_route=\/wp\/v2\/posts\/157712","targetHints":{"allow":["GET"]}}],"collection":[{"href":"https:\/\/sarmiento24h.com\/index.php?rest_route=\/wp\/v2\/posts"}],"about":[{"href":"https:\/\/sarmiento24h.com\/index.php?rest_route=\/wp\/v2\/types\/post"}],"author":[{"embeddable":true,"href":"https:\/\/sarmiento24h.com\/index.php?rest_route=\/wp\/v2\/users\/1"}],"replies":[{"embeddable":true,"href":"https:\/\/sarmiento24h.com\/index.php?rest_route=%2Fwp%2Fv2%2Fcomments&post=157712"}],"version-history":[{"count":0,"href":"https:\/\/sarmiento24h.com\/index.php?rest_route=\/wp\/v2\/posts\/157712\/revisions"}],"wp:featuredmedia":[{"embeddable":true,"href":"https:\/\/sarmiento24h.com\/index.php?rest_route=\/wp\/v2\/media\/157713"}],"wp:attachment":[{"href":"https:\/\/sarmiento24h.com\/index.php?rest_route=%2Fwp%2Fv2%2Fmedia&parent=157712"}],"wp:term":[{"taxonomy":"category","embeddable":true,"href":"https:\/\/sarmiento24h.com\/index.php?rest_route=%2Fwp%2Fv2%2Fcategories&post=157712"},{"taxonomy":"post_tag","embeddable":true,"href":"https:\/\/sarmiento24h.com\/index.php?rest_route=%2Fwp%2Fv2%2Ftags&post=157712"}],"curies":[{"name":"wp","href":"https:\/\/api.w.org\/{rel}","templated":true}]}}