{"id":158192,"date":"2026-04-27T03:35:18","date_gmt":"2026-04-27T03:35:18","guid":{"rendered":"https:\/\/sarmiento24h.com\/?p=158192"},"modified":"2026-04-27T09:22:34","modified_gmt":"2026-04-27T09:22:34","slug":"carlos-pena-es-elegido-presidente-de-gens-junto-a-nuevas-autoridades-en-congreso-de-esee-partido","status":"publish","type":"post","link":"https:\/\/sarmiento24h.com\/?p=158192","title":{"rendered":"Carlos Pe\u00f1a es elegido Presidente de GenS, junto a nuevas autoridades en Congreso de esee Partido"},"content":{"rendered":"\n<figure class=\"wp-block-image size-large\"><img loading=\"lazy\" decoding=\"async\" width=\"1024\" height=\"768\" src=\"https:\/\/sarmiento24h.com\/wp-content\/uploads\/2026\/04\/image_editor_output_image1271777112-17772608536314054373101904492359-1024x768.jpg\" alt=\"\" class=\"wp-image-157518\" srcset=\"https:\/\/sarmiento24h.com\/wp-content\/uploads\/2026\/04\/image_editor_output_image1271777112-17772608536314054373101904492359-1024x768.jpg 1024w, https:\/\/sarmiento24h.com\/wp-content\/uploads\/2026\/04\/image_editor_output_image1271777112-17772608536314054373101904492359-300x225.jpg 300w, https:\/\/sarmiento24h.com\/wp-content\/uploads\/2026\/04\/image_editor_output_image1271777112-17772608536314054373101904492359-768x576.jpg 768w, https:\/\/sarmiento24h.com\/wp-content\/uploads\/2026\/04\/image_editor_output_image1271777112-17772608536314054373101904492359-1536x1152.jpg 1536w, https:\/\/sarmiento24h.com\/wp-content\/uploads\/2026\/04\/image_editor_output_image1271777112-17772608536314054373101904492359.jpg 2000w\" sizes=\"auto, (max-width: 1024px) 100vw, 1024px\" \/><\/figure>\n\n\n\n<p><\/p>\n\n\n\n<p>Carlos Pe\u00f1a fue re\u00e9electo como Presidente del Partido Generaci\u00f3n de Servidores, GenS, en la Asamblea General de Delegados en el marco del Congreso de esa organizaci\u00f3n, con una votaci\u00f3n a unanimidad, reafirmando que la principal fuerza pol\u00edtica conservadora de Rep\u00fablica Dominicana conf\u00eda en la conducci\u00f3n que su l\u00edder ha dado a esa formaci\u00f3n al colocarla en apenas cuatro a\u00f1os como una de las principales cuatro fuerzas pol\u00edticas del pa\u00eds. <br><br>En la conclusi\u00f3n del 2do Congreso Nacional de GenS, Juan Pablo Duarte, con la presencia de Delegados de todo el territorio nacional, tambi\u00e9n fueron elegidos los nuevos miembros del Comit\u00e9 Pol\u00edtico, asi como el Secretario General de esa organizaci\u00f3n, Obispo Montero, entre otras autoridades que acompa\u00f1ar\u00e1n a Carlos Pe\u00f1a en la conducci\u00f3n del Partido celeste por los pr\u00f3ximos cuatro a\u00f1os.<br><br>Carlos Pe\u00f1a expres\u00f3 en el discurso de clausura que \u00abGenS se ha convertido en la m\u00e1s grande pesadilla para los pol\u00edticos tradicionales, quienes han llegado a creer que los recursos de los dominicanos, son herencias de quienes gobiernan y que pueden disponer de ellos al margen de la ley.<\/p>\n\n\n\n<p><br><br>El exlegislador enfatiz\u00f3 que \u00abGenS no es un partido de Izquierda, ni de Centro Izquierda, ni socialdem\u00f3crata, sino un Partido patriota, nacionalista y conservador, comprometido con nuestra cultura hispana y con los principios judeocristianos que construyeron a occidente.\u00bb<br><br>Carlos Pe\u00f1a manifest\u00f3 que \u00abla \u00e9lite trat\u00f3 de ignorarnos e invisivilizarnos por mucho tiempo, pero ya no puede hacerlo y ahora viene a atacarnos y con ello repiten el libreto que se ha aplicado contra los grandes de la historia que han realizado importantes transformaciones\u00bb.<br><br>La Asamblea General de Delegados de GenS fue inspeccionada por autoridades de la Junta Central Electoral, JCE, quienes, actuando conforme a la normativa electoral, validaron la misma.<\/p>\n\n\n\n\n\n<figure class=\"wp-block-video\"><video height=\"478\" style=\"aspect-ratio: 848 \/ 478;\" width=\"848\" controls src=\"https:\/\/sarmiento24h.com\/wp-content\/uploads\/2026\/04\/VID-20260426-WA0107.mp4\"><\/video><\/figure>\n","protected":false},"excerpt":{"rendered":"<p>Carlos Pe\u00f1a fue re\u00e9electo como Presidente del&#46;&#46;&#46;<\/p>\n","protected":false},"author":1,"featured_media":158191,"comment_status":"open","ping_status":"open","sticky":false,"template":"","format":"standard","meta":{"_jetpack_memberships_contains_paid_content":false,"footnotes":"","jetpack_publicize_message":"","jetpack_publicize_feature_enabled":true,"jetpack_social_post_already_shared":true,"jetpack_social_options":{"image_generator_settings":{"template":"highway","default_image_id":0,"font":"","enabled":false},"version":2}},"categories":[42],"tags":[],"class_list":["post-158192","post","type-post","status-publish","format-standard","has-post-thumbnail","hentry","category-nacionales"],"yoast_head":"<!-- This site is optimized with the Yoast SEO plugin v27.3 - https:\/\/yoast.com\/product\/yoast-seo-wordpress\/ -->\n<title>Carlos Pe\u00f1a es elegido Presidente de GenS, junto a nuevas autoridades en Congreso de esee Partido - Sarmiento24h<\/title>\n<meta name=\"robots\" content=\"index, follow, max-snippet:-1, max-image-preview:large, max-video-preview:-1\" \/>\n<link rel=\"canonical\" href=\"https:\/\/sarmiento24h.com\/?p=158192\" \/>\n<meta property=\"og:locale\" content=\"es_ES\" \/>\n<meta property=\"og:type\" content=\"article\" \/>\n<meta property=\"og:title\" content=\"Carlos Pe\u00f1a es elegido Presidente de GenS, junto a nuevas autoridades en Congreso de esee Partido - Sarmiento24h\" \/>\n<meta property=\"og:description\" content=\"Carlos Pe\u00f1a fue re\u00e9electo como Presidente del&#046;&#046;&#046;\" \/>\n<meta property=\"og:url\" content=\"https:\/\/sarmiento24h.com\/?p=158192\" \/>\n<meta property=\"og:site_name\" content=\"Sarmiento24h\" \/>\n<meta property=\"article:publisher\" content=\"https:\/\/facebook.com\/s24hnoticias\" \/>\n<meta property=\"article:published_time\" content=\"2026-04-27T03:35:18+00:00\" \/>\n<meta property=\"article:modified_time\" content=\"2026-04-27T09:22:34+00:00\" \/>\n<meta property=\"og:image\" content=\"https:\/\/sarmiento24h.com\/wp-content\/uploads\/2026\/04\/IMG-20260426-WA0115-1024x768.jpg\" \/>\n\t<meta property=\"og:image:width\" content=\"1024\" \/>\n\t<meta property=\"og:image:height\" content=\"768\" \/>\n\t<meta property=\"og:image:type\" content=\"image\/jpeg\" \/>\n<meta name=\"author\" content=\"sarmiento24h@gmail.com\" \/>\n<meta name=\"twitter:card\" content=\"summary_large_image\" \/>\n<meta name=\"twitter:creator\" content=\"@sarmiento24h\" \/>\n<meta name=\"twitter:site\" content=\"@sarmiento24h\" \/>\n<meta name=\"twitter:label1\" content=\"Escrito por\" \/>\n\t<meta name=\"twitter:data1\" content=\"sarmiento24h@gmail.com\" \/>\n\t<meta name=\"twitter:label2\" content=\"Tiempo de lectura\" \/>\n\t<meta name=\"twitter:data2\" content=\"2 minutos\" \/>\n<script type=\"application\/ld+json\" class=\"yoast-schema-graph\">{\"@context\":\"https:\\\/\\\/schema.org\",\"@graph\":[{\"@type\":\"Article\",\"@id\":\"https:\\\/\\\/sarmiento24h.com\\\/?p=158192#article\",\"isPartOf\":{\"@id\":\"https:\\\/\\\/sarmiento24h.com\\\/?p=158192\"},\"author\":{\"name\":\"sarmiento24h@gmail.com\",\"@id\":\"https:\\\/\\\/sarmiento24h.com\\\/#\\\/schema\\\/person\\\/d653a59725ad629a7e0429af7b939d4d\"},\"headline\":\"Carlos Pe\u00f1a es elegido Presidente de GenS, junto a nuevas autoridades en Congreso de esee Partido\",\"datePublished\":\"2026-04-27T03:35:18+00:00\",\"dateModified\":\"2026-04-27T09:22:34+00:00\",\"mainEntityOfPage\":{\"@id\":\"https:\\\/\\\/sarmiento24h.com\\\/?p=158192\"},\"wordCount\":334,\"commentCount\":0,\"publisher\":{\"@id\":\"https:\\\/\\\/sarmiento24h.com\\\/#organization\"},\"image\":{\"@id\":\"https:\\\/\\\/sarmiento24h.com\\\/?p=158192#primaryimage\"},\"thumbnailUrl\":\"https:\\\/\\\/sarmiento24h.com\\\/wp-content\\\/uploads\\\/2026\\\/04\\\/IMG-20260426-WA0115-scaled.jpg\",\"articleSection\":[\"Nacionales\"],\"inLanguage\":\"es\",\"potentialAction\":[{\"@type\":\"CommentAction\",\"name\":\"Comment\",\"target\":[\"https:\\\/\\\/sarmiento24h.com\\\/?p=158192#respond\"]}]},{\"@type\":\"WebPage\",\"@id\":\"https:\\\/\\\/sarmiento24h.com\\\/?p=158192\",\"url\":\"https:\\\/\\\/sarmiento24h.com\\\/?p=158192\",\"name\":\"Carlos Pe\u00f1a es elegido Presidente de GenS, junto a nuevas autoridades en Congreso de esee Partido - Sarmiento24h\",\"isPartOf\":{\"@id\":\"https:\\\/\\\/sarmiento24h.com\\\/#website\"},\"primaryImageOfPage\":{\"@id\":\"https:\\\/\\\/sarmiento24h.com\\\/?p=158192#primaryimage\"},\"image\":{\"@id\":\"https:\\\/\\\/sarmiento24h.com\\\/?p=158192#primaryimage\"},\"thumbnailUrl\":\"https:\\\/\\\/sarmiento24h.com\\\/wp-content\\\/uploads\\\/2026\\\/04\\\/IMG-20260426-WA0115-scaled.jpg\",\"datePublished\":\"2026-04-27T03:35:18+00:00\",\"dateModified\":\"2026-04-27T09:22:34+00:00\",\"breadcrumb\":{\"@id\":\"https:\\\/\\\/sarmiento24h.com\\\/?p=158192#breadcrumb\"},\"inLanguage\":\"es\",\"potentialAction\":[{\"@type\":\"ReadAction\",\"target\":[\"https:\\\/\\\/sarmiento24h.com\\\/?p=158192\"]}]},{\"@type\":\"ImageObject\",\"inLanguage\":\"es\",\"@id\":\"https:\\\/\\\/sarmiento24h.com\\\/?p=158192#primaryimage\",\"url\":\"https:\\\/\\\/sarmiento24h.com\\\/wp-content\\\/uploads\\\/2026\\\/04\\\/IMG-20260426-WA0115-scaled.jpg\",\"contentUrl\":\"https:\\\/\\\/sarmiento24h.com\\\/wp-content\\\/uploads\\\/2026\\\/04\\\/IMG-20260426-WA0115-scaled.jpg\",\"width\":2560,\"height\":1920},{\"@type\":\"BreadcrumbList\",\"@id\":\"https:\\\/\\\/sarmiento24h.com\\\/?p=158192#breadcrumb\",\"itemListElement\":[{\"@type\":\"ListItem\",\"position\":1,\"name\":\"Home\",\"item\":\"https:\\\/\\\/sarmiento24h.com\\\/\"},{\"@type\":\"ListItem\",\"position\":2,\"name\":\"Carlos Pe\u00f1a es elegido Presidente de GenS, junto a nuevas autoridades en Congreso de esee Partido\"}]},{\"@type\":\"WebSite\",\"@id\":\"https:\\\/\\\/sarmiento24h.com\\\/#website\",\"url\":\"https:\\\/\\\/sarmiento24h.com\\\/\",\"name\":\"Sarmiento24h\",\"description\":\"\",\"publisher\":{\"@id\":\"https:\\\/\\\/sarmiento24h.com\\\/#organization\"},\"potentialAction\":[{\"@type\":\"SearchAction\",\"target\":{\"@type\":\"EntryPoint\",\"urlTemplate\":\"https:\\\/\\\/sarmiento24h.com\\\/?s={search_term_string}\"},\"query-input\":{\"@type\":\"PropertyValueSpecification\",\"valueRequired\":true,\"valueName\":\"search_term_string\"}}],\"inLanguage\":\"es\"},{\"@type\":\"Organization\",\"@id\":\"https:\\\/\\\/sarmiento24h.com\\\/#organization\",\"name\":\"Sarmiento24h\",\"url\":\"https:\\\/\\\/sarmiento24h.com\\\/\",\"logo\":{\"@type\":\"ImageObject\",\"inLanguage\":\"es\",\"@id\":\"https:\\\/\\\/sarmiento24h.com\\\/#\\\/schema\\\/logo\\\/image\\\/\",\"url\":\"https:\\\/\\\/sarmiento24h.com\\\/wp-content\\\/uploads\\\/2025\\\/12\\\/AddText_12-16-10.30.52.jpg\",\"contentUrl\":\"https:\\\/\\\/sarmiento24h.com\\\/wp-content\\\/uploads\\\/2025\\\/12\\\/AddText_12-16-10.30.52.jpg\",\"width\":1220,\"height\":324,\"caption\":\"Sarmiento24h\"},\"image\":{\"@id\":\"https:\\\/\\\/sarmiento24h.com\\\/#\\\/schema\\\/logo\\\/image\\\/\"},\"sameAs\":[\"https:\\\/\\\/facebook.com\\\/s24hnoticias\",\"https:\\\/\\\/x.com\\\/sarmiento24h\"]},{\"@type\":\"Person\",\"@id\":\"https:\\\/\\\/sarmiento24h.com\\\/#\\\/schema\\\/person\\\/d653a59725ad629a7e0429af7b939d4d\",\"name\":\"sarmiento24h@gmail.com\",\"image\":{\"@type\":\"ImageObject\",\"inLanguage\":\"es\",\"@id\":\"https:\\\/\\\/sarmiento24h.com\\\/wp-content\\\/litespeed\\\/avatar\\\/d02cbc4e23c747e6659cd45907173c8f.jpg?ver=1777157796\",\"url\":\"https:\\\/\\\/sarmiento24h.com\\\/wp-content\\\/litespeed\\\/avatar\\\/d02cbc4e23c747e6659cd45907173c8f.jpg?ver=1777157796\",\"contentUrl\":\"https:\\\/\\\/sarmiento24h.com\\\/wp-content\\\/litespeed\\\/avatar\\\/d02cbc4e23c747e6659cd45907173c8f.jpg?ver=1777157796\",\"caption\":\"sarmiento24h@gmail.com\"},\"sameAs\":[\"https:\\\/\\\/sarmiento24h.com\"],\"url\":\"https:\\\/\\\/sarmiento24h.com\\\/?author=1\"}]}<\/script>\n<!-- \/ Yoast SEO plugin. -->","yoast_head_json":{"title":"Carlos Pe\u00f1a es elegido Presidente de GenS, junto a nuevas autoridades en Congreso de esee Partido - Sarmiento24h","robots":{"index":"index","follow":"follow","max-snippet":"max-snippet:-1","max-image-preview":"max-image-preview:large","max-video-preview":"max-video-preview:-1"},"canonical":"https:\/\/sarmiento24h.com\/?p=158192","og_locale":"es_ES","og_type":"article","og_title":"Carlos Pe\u00f1a es elegido Presidente de GenS, junto a nuevas autoridades en Congreso de esee Partido - Sarmiento24h","og_description":"Carlos Pe\u00f1a fue re\u00e9electo como Presidente del&#46;&#46;&#46;","og_url":"https:\/\/sarmiento24h.com\/?p=158192","og_site_name":"Sarmiento24h","article_publisher":"https:\/\/facebook.com\/s24hnoticias","article_published_time":"2026-04-27T03:35:18+00:00","article_modified_time":"2026-04-27T09:22:34+00:00","og_image":[{"width":1024,"height":768,"url":"https:\/\/sarmiento24h.com\/wp-content\/uploads\/2026\/04\/IMG-20260426-WA0115-1024x768.jpg","type":"image\/jpeg"}],"author":"sarmiento24h@gmail.com","twitter_card":"summary_large_image","twitter_creator":"@sarmiento24h","twitter_site":"@sarmiento24h","twitter_misc":{"Escrito por":"sarmiento24h@gmail.com","Tiempo de lectura":"2 minutos"},"schema":{"@context":"https:\/\/schema.org","@graph":[{"@type":"Article","@id":"https:\/\/sarmiento24h.com\/?p=158192#article","isPartOf":{"@id":"https:\/\/sarmiento24h.com\/?p=158192"},"author":{"name":"sarmiento24h@gmail.com","@id":"https:\/\/sarmiento24h.com\/#\/schema\/person\/d653a59725ad629a7e0429af7b939d4d"},"headline":"Carlos Pe\u00f1a es elegido Presidente de GenS, junto a nuevas autoridades en Congreso de esee Partido","datePublished":"2026-04-27T03:35:18+00:00","dateModified":"2026-04-27T09:22:34+00:00","mainEntityOfPage":{"@id":"https:\/\/sarmiento24h.com\/?p=158192"},"wordCount":334,"commentCount":0,"publisher":{"@id":"https:\/\/sarmiento24h.com\/#organization"},"image":{"@id":"https:\/\/sarmiento24h.com\/?p=158192#primaryimage"},"thumbnailUrl":"https:\/\/sarmiento24h.com\/wp-content\/uploads\/2026\/04\/IMG-20260426-WA0115-scaled.jpg","articleSection":["Nacionales"],"inLanguage":"es","potentialAction":[{"@type":"CommentAction","name":"Comment","target":["https:\/\/sarmiento24h.com\/?p=158192#respond"]}]},{"@type":"WebPage","@id":"https:\/\/sarmiento24h.com\/?p=158192","url":"https:\/\/sarmiento24h.com\/?p=158192","name":"Carlos Pe\u00f1a es elegido Presidente de GenS, junto a nuevas autoridades en Congreso de esee Partido - Sarmiento24h","isPartOf":{"@id":"https:\/\/sarmiento24h.com\/#website"},"primaryImageOfPage":{"@id":"https:\/\/sarmiento24h.com\/?p=158192#primaryimage"},"image":{"@id":"https:\/\/sarmiento24h.com\/?p=158192#primaryimage"},"thumbnailUrl":"https:\/\/sarmiento24h.com\/wp-content\/uploads\/2026\/04\/IMG-20260426-WA0115-scaled.jpg","datePublished":"2026-04-27T03:35:18+00:00","dateModified":"2026-04-27T09:22:34+00:00","breadcrumb":{"@id":"https:\/\/sarmiento24h.com\/?p=158192#breadcrumb"},"inLanguage":"es","potentialAction":[{"@type":"ReadAction","target":["https:\/\/sarmiento24h.com\/?p=158192"]}]},{"@type":"ImageObject","inLanguage":"es","@id":"https:\/\/sarmiento24h.com\/?p=158192#primaryimage","url":"https:\/\/sarmiento24h.com\/wp-content\/uploads\/2026\/04\/IMG-20260426-WA0115-scaled.jpg","contentUrl":"https:\/\/sarmiento24h.com\/wp-content\/uploads\/2026\/04\/IMG-20260426-WA0115-scaled.jpg","width":2560,"height":1920},{"@type":"BreadcrumbList","@id":"https:\/\/sarmiento24h.com\/?p=158192#breadcrumb","itemListElement":[{"@type":"ListItem","position":1,"name":"Home","item":"https:\/\/sarmiento24h.com\/"},{"@type":"ListItem","position":2,"name":"Carlos Pe\u00f1a es elegido Presidente de GenS, junto a nuevas autoridades en Congreso de esee Partido"}]},{"@type":"WebSite","@id":"https:\/\/sarmiento24h.com\/#website","url":"https:\/\/sarmiento24h.com\/","name":"Sarmiento24h","description":"","publisher":{"@id":"https:\/\/sarmiento24h.com\/#organization"},"potentialAction":[{"@type":"SearchAction","target":{"@type":"EntryPoint","urlTemplate":"https:\/\/sarmiento24h.com\/?s={search_term_string}"},"query-input":{"@type":"PropertyValueSpecification","valueRequired":true,"valueName":"search_term_string"}}],"inLanguage":"es"},{"@type":"Organization","@id":"https:\/\/sarmiento24h.com\/#organization","name":"Sarmiento24h","url":"https:\/\/sarmiento24h.com\/","logo":{"@type":"ImageObject","inLanguage":"es","@id":"https:\/\/sarmiento24h.com\/#\/schema\/logo\/image\/","url":"https:\/\/sarmiento24h.com\/wp-content\/uploads\/2025\/12\/AddText_12-16-10.30.52.jpg","contentUrl":"https:\/\/sarmiento24h.com\/wp-content\/uploads\/2025\/12\/AddText_12-16-10.30.52.jpg","width":1220,"height":324,"caption":"Sarmiento24h"},"image":{"@id":"https:\/\/sarmiento24h.com\/#\/schema\/logo\/image\/"},"sameAs":["https:\/\/facebook.com\/s24hnoticias","https:\/\/x.com\/sarmiento24h"]},{"@type":"Person","@id":"https:\/\/sarmiento24h.com\/#\/schema\/person\/d653a59725ad629a7e0429af7b939d4d","name":"sarmiento24h@gmail.com","image":{"@type":"ImageObject","inLanguage":"es","@id":"https:\/\/sarmiento24h.com\/wp-content\/litespeed\/avatar\/d02cbc4e23c747e6659cd45907173c8f.jpg?ver=1777157796","url":"https:\/\/sarmiento24h.com\/wp-content\/litespeed\/avatar\/d02cbc4e23c747e6659cd45907173c8f.jpg?ver=1777157796","contentUrl":"https:\/\/sarmiento24h.com\/wp-content\/litespeed\/avatar\/d02cbc4e23c747e6659cd45907173c8f.jpg?ver=1777157796","caption":"sarmiento24h@gmail.com"},"sameAs":["https:\/\/sarmiento24h.com"],"url":"https:\/\/sarmiento24h.com\/?author=1"}]}},"jetpack_publicize_connections":[],"jetpack_featured_media_url":"https:\/\/sarmiento24h.com\/wp-content\/uploads\/2026\/04\/IMG-20260426-WA0115-scaled.jpg","jetpack_sharing_enabled":true,"_links":{"self":[{"href":"https:\/\/sarmiento24h.com\/index.php?rest_route=\/wp\/v2\/posts\/158192","targetHints":{"allow":["GET"]}}],"collection":[{"href":"https:\/\/sarmiento24h.com\/index.php?rest_route=\/wp\/v2\/posts"}],"about":[{"href":"https:\/\/sarmiento24h.com\/index.php?rest_route=\/wp\/v2\/types\/post"}],"author":[{"embeddable":true,"href":"https:\/\/sarmiento24h.com\/index.php?rest_route=\/wp\/v2\/users\/1"}],"replies":[{"embeddable":true,"href":"https:\/\/sarmiento24h.com\/index.php?rest_route=%2Fwp%2Fv2%2Fcomments&post=158192"}],"version-history":[{"count":1,"href":"https:\/\/sarmiento24h.com\/index.php?rest_route=\/wp\/v2\/posts\/158192\/revisions"}],"predecessor-version":[{"id":158193,"href":"https:\/\/sarmiento24h.com\/index.php?rest_route=\/wp\/v2\/posts\/158192\/revisions\/158193"}],"wp:featuredmedia":[{"embeddable":true,"href":"https:\/\/sarmiento24h.com\/index.php?rest_route=\/wp\/v2\/media\/158191"}],"wp:attachment":[{"href":"https:\/\/sarmiento24h.com\/index.php?rest_route=%2Fwp%2Fv2%2Fmedia&parent=158192"}],"wp:term":[{"taxonomy":"category","embeddable":true,"href":"https:\/\/sarmiento24h.com\/index.php?rest_route=%2Fwp%2Fv2%2Fcategories&post=158192"},{"taxonomy":"post_tag","embeddable":true,"href":"https:\/\/sarmiento24h.com\/index.php?rest_route=%2Fwp%2Fv2%2Ftags&post=158192"}],"curies":[{"name":"wp","href":"https:\/\/api.w.org\/{rel}","templated":true}]}}