{"id":158824,"date":"2026-04-27T14:38:23","date_gmt":"2026-04-27T14:38:23","guid":{"rendered":"https:\/\/diariodigitalrd.com\/?p=701320"},"modified":"2026-04-27T14:38:23","modified_gmt":"2026-04-27T14:38:23","slug":"leonel-rechaza-fusion-educativa-y-plantea-reforma-universitaria","status":"publish","type":"post","link":"https:\/\/sarmiento24h.com\/?p=158824","title":{"rendered":"Leonel rechaza fusi\u00f3n educativa y plantea reforma universitaria"},"content":{"rendered":"<div><img decoding=\"async\" src=\"https:\/\/diariodigitalrd.b-cdn.net\/2023\/09\/0-0-0-Mas-de-200-empresarios-en-NY-asistiran-a-cena-gala-con-Leonel-Fernandez.jpg\" class=\"ff-og-image-inserted\"><\/div>\n<p><strong>Propone fortalecer la UASD y apostar por econom\u00eda del conocimiento nacional<\/strong><\/p>\n<p class=\"has-drop-cap has-medium-font-size\"><strong>El expresidente Leonel Fern\u00e1ndez volvi\u00f3 a colocar la educaci\u00f3n superior en el centro del debate pol\u00edtico, esta vez con una postura clara: no habr\u00e1 fusi\u00f3n entre el Ministerio de Educaci\u00f3n Superior, Ciencia y Tecnolog\u00eda (MESCyT) y el Ministerio de Educaci\u00f3n (MINERD) si regresa al poder. Su mensaje fue directo, sin matices, y lanzado en un escenario cargado de simbolismo acad\u00e9mico.<\/strong><\/p>\n<p>Ante docentes, estudiantes y autoridades universitarias reunidas en el Pabell\u00f3n de la Fama del Deporte Dominicano, Fern\u00e1ndez marc\u00f3 distancia con la propuesta del gobierno del Partido Revolucionario Moderno (PRM), que busca integrar ambas instituciones dentro de una reforma m\u00e1s amplia del sistema educativo. El proyecto, sin embargo, lleva meses sin moverse en el Senado.<\/p>\n<p>\u201cNi siquiera se nos ocurrir\u00eda pensar en una fusi\u00f3n\u201d, dijo el exmandatario, en una frase que resume la l\u00ednea pol\u00edtica de su partido, la Fuerza del Pueblo. Pero no se qued\u00f3 ah\u00ed. Aprovech\u00f3 el momento para cuestionar el desempe\u00f1o del sistema educativo actual, se\u00f1alando lo que calific\u00f3 como un <strong>fracaso estructural<\/strong> en la educaci\u00f3n preuniversitaria.<\/p>\n<p><a href=\"https:\/\/diariodigitalrd.com\/2026\/04\/19\/dirigente-de-la-fuerza-del-pueblo-condiciona-dialogo-con-gobierno.html\/\">Dirigente de la Fuerza del Pueblo condiciona di\u00e1logo con Gobierno<\/a><\/p>\n<p>El tema no es menor. La propuesta oficial contempla modificar varias leyes clave del sector, pero su estancamiento ha obligado al Ejecutivo a trasladar la discusi\u00f3n al Consejo Econ\u00f3mico y Social. En ese vac\u00edo, Fern\u00e1ndez encuentra espacio para posicionar su propia agenda.<\/p>\n<p>Su apuesta gira en torno a una idea que ha repetido en distintos escenarios: convertir a la Rep\u00fablica Dominicana en una <strong>econom\u00eda del conocimiento<\/strong>. Y en ese plan, la Universidad Aut\u00f3noma de Santo Domingo (UASD) ocupa un lugar central.<\/p>\n<p><a href=\"https:\/\/diariodigitalrd.com\/2026\/04\/15\/gobierno-y-leonel-fernandez-abren-dialogo-ante-crisis-en-medio-oriente.html\/\">Gobierno y Leonel Fern\u00e1ndez abren di\u00e1logo ante crisis en Medio Oriente<\/a><\/p>\n<p>Fern\u00e1ndez habl\u00f3 de una transformaci\u00f3n profunda de la universidad estatal, con \u00e9nfasis en investigaci\u00f3n cient\u00edfica, innovaci\u00f3n tecnol\u00f3gica y expansi\u00f3n digital. No es solo un discurso acad\u00e9mico. Tambi\u00e9n es una visi\u00f3n de pa\u00eds.<\/p>\n<p>Plante\u00f3, por ejemplo, la creaci\u00f3n de un campus virtual con alcance regional, capaz de conectar a estudiantes de Am\u00e9rica Latina con redes acad\u00e9micas de Europa y Asia. Una propuesta ambiciosa que apunta a posicionar a la UASD m\u00e1s all\u00e1 de sus fronteras tradicionales.<\/p>\n<p>El planteamiento llega en un momento en que la universidad p\u00fablica tambi\u00e9n es terreno de disputa pol\u00edtica. La actividad fue organizada por la Secretar\u00eda de Educaci\u00f3n Superior de la Fuerza del Pueblo, dirigida por Ligia Amada Melo, exministra del \u00e1rea, quien repas\u00f3 obras y programas impulsados durante los gobiernos de Fern\u00e1ndez.<\/p>\n<p>Entre ellos, mencion\u00f3 infraestructuras emblem\u00e1ticas como la Biblioteca Pedro Mir y el Aula Magna, as\u00ed como iniciativas como el programa de Ingl\u00e9s por Inmersi\u00f3n y el Fondo de Innovaci\u00f3n Cient\u00edfica. La intervenci\u00f3n no fue casual: sirvi\u00f3 para reforzar la narrativa de gesti\u00f3n y experiencia.<\/p>\n<p>El acto tambi\u00e9n tuvo un componente electoral interno. Aspirantes a cargos universitarios aprovecharon la visibilidad del evento, en una se\u00f1al de que la UASD sigue siendo un espacio clave de movilizaci\u00f3n pol\u00edtica.<\/p>\n<p><a href=\"https:\/\/diariodigitalrd.com\/2026\/04\/27\/informe-internacional-vincula-casos-rd-con-violaciones-de-derechos-humanos.html\/\">Informe internacional vincula casos RD con violaciones de derechos humanos<\/a><\/p>\n<p>En el fondo, el debate sobre la fusi\u00f3n de ministerios va m\u00e1s all\u00e1 de la estructura administrativa. Para sectores acad\u00e9micos, existe el temor de que una integraci\u00f3n debilite la <strong>autonom\u00eda universitaria<\/strong> y diluya las particularidades de la educaci\u00f3n superior.<\/p>\n<p>Fern\u00e1ndez ha le\u00eddo ese clima. Su discurso no solo rechaza una medida puntual, sino que conecta con una audiencia sensible a esos temas. Y, al mismo tiempo, proyecta una visi\u00f3n de futuro donde educaci\u00f3n, tecnolog\u00eda y desarrollo econ\u00f3mico van de la mano.<\/p>\n","protected":false},"excerpt":{"rendered":"<p>Propone fortalecer la UASD y apostar por&#46;&#46;&#46;<\/p>\n","protected":false},"author":1,"featured_media":158825,"comment_status":"closed","ping_status":"closed","sticky":false,"template":"","format":"standard","meta":{"_jetpack_memberships_contains_paid_content":false,"footnotes":"","jetpack_publicize_message":"","jetpack_publicize_feature_enabled":true,"jetpack_social_post_already_shared":true,"jetpack_social_options":{"image_generator_settings":{"template":"highway","default_image_id":0,"font":"","enabled":false},"version":2}},"categories":[59,61],"tags":[],"class_list":["post-158824","post","type-post","status-publish","format-standard","has-post-thumbnail","hentry","category-actualidad","category-politica"],"yoast_head":"<!-- This site is optimized with the Yoast SEO plugin v27.3 - https:\/\/yoast.com\/product\/yoast-seo-wordpress\/ -->\n<title>Leonel rechaza fusi\u00f3n educativa y plantea reforma universitaria - Sarmiento24h<\/title>\n<meta name=\"robots\" content=\"index, follow, max-snippet:-1, max-image-preview:large, max-video-preview:-1\" \/>\n<link rel=\"canonical\" href=\"https:\/\/sarmiento24h.com\/?p=158824\" \/>\n<meta property=\"og:locale\" content=\"es_ES\" \/>\n<meta property=\"og:type\" content=\"article\" \/>\n<meta property=\"og:title\" content=\"Leonel rechaza fusi\u00f3n educativa y plantea reforma universitaria - Sarmiento24h\" \/>\n<meta property=\"og:description\" content=\"Propone fortalecer la UASD y apostar por&#046;&#046;&#046;\" \/>\n<meta property=\"og:url\" content=\"https:\/\/sarmiento24h.com\/?p=158824\" \/>\n<meta property=\"og:site_name\" content=\"Sarmiento24h\" \/>\n<meta property=\"article:publisher\" content=\"https:\/\/facebook.com\/s24hnoticias\" \/>\n<meta property=\"article:published_time\" content=\"2026-04-27T14:38:23+00:00\" \/>\n<meta property=\"og:image\" content=\"https:\/\/diariodigitalrd.b-cdn.net\/2023\/09\/0-0-0-Mas-de-200-empresarios-en-NY-asistiran-a-cena-gala-con-Leonel-Fernandez.jpg\" \/>\n<meta name=\"author\" content=\"sarmiento24h@gmail.com\" \/>\n<meta name=\"twitter:card\" content=\"summary_large_image\" \/>\n<meta name=\"twitter:creator\" content=\"@sarmiento24h\" \/>\n<meta name=\"twitter:site\" content=\"@sarmiento24h\" \/>\n<meta name=\"twitter:label1\" content=\"Escrito por\" \/>\n\t<meta name=\"twitter:data1\" content=\"sarmiento24h@gmail.com\" \/>\n\t<meta name=\"twitter:label2\" content=\"Tiempo de lectura\" \/>\n\t<meta name=\"twitter:data2\" content=\"3 minutos\" \/>\n<script type=\"application\/ld+json\" class=\"yoast-schema-graph\">{\"@context\":\"https:\\\/\\\/schema.org\",\"@graph\":[{\"@type\":\"Article\",\"@id\":\"https:\\\/\\\/sarmiento24h.com\\\/?p=158824#article\",\"isPartOf\":{\"@id\":\"https:\\\/\\\/sarmiento24h.com\\\/?p=158824\"},\"author\":{\"name\":\"sarmiento24h@gmail.com\",\"@id\":\"https:\\\/\\\/sarmiento24h.com\\\/#\\\/schema\\\/person\\\/d653a59725ad629a7e0429af7b939d4d\"},\"headline\":\"Leonel rechaza fusi\u00f3n educativa y plantea reforma universitaria\",\"datePublished\":\"2026-04-27T14:38:23+00:00\",\"mainEntityOfPage\":{\"@id\":\"https:\\\/\\\/sarmiento24h.com\\\/?p=158824\"},\"wordCount\":657,\"publisher\":{\"@id\":\"https:\\\/\\\/sarmiento24h.com\\\/#organization\"},\"image\":{\"@id\":\"https:\\\/\\\/sarmiento24h.com\\\/?p=158824#primaryimage\"},\"thumbnailUrl\":\"https:\\\/\\\/sarmiento24h.com\\\/wp-content\\\/uploads\\\/2026\\\/04\\\/leonel-rechaza-fusion-educativa-y-plantea-reforma-universitaria.jpg\",\"articleSection\":[\"Actualidad\",\"Politica\"],\"inLanguage\":\"es\"},{\"@type\":\"WebPage\",\"@id\":\"https:\\\/\\\/sarmiento24h.com\\\/?p=158824\",\"url\":\"https:\\\/\\\/sarmiento24h.com\\\/?p=158824\",\"name\":\"Leonel rechaza fusi\u00f3n educativa y plantea reforma universitaria - Sarmiento24h\",\"isPartOf\":{\"@id\":\"https:\\\/\\\/sarmiento24h.com\\\/#website\"},\"primaryImageOfPage\":{\"@id\":\"https:\\\/\\\/sarmiento24h.com\\\/?p=158824#primaryimage\"},\"image\":{\"@id\":\"https:\\\/\\\/sarmiento24h.com\\\/?p=158824#primaryimage\"},\"thumbnailUrl\":\"https:\\\/\\\/sarmiento24h.com\\\/wp-content\\\/uploads\\\/2026\\\/04\\\/leonel-rechaza-fusion-educativa-y-plantea-reforma-universitaria.jpg\",\"datePublished\":\"2026-04-27T14:38:23+00:00\",\"breadcrumb\":{\"@id\":\"https:\\\/\\\/sarmiento24h.com\\\/?p=158824#breadcrumb\"},\"inLanguage\":\"es\",\"potentialAction\":[{\"@type\":\"ReadAction\",\"target\":[\"https:\\\/\\\/sarmiento24h.com\\\/?p=158824\"]}]},{\"@type\":\"ImageObject\",\"inLanguage\":\"es\",\"@id\":\"https:\\\/\\\/sarmiento24h.com\\\/?p=158824#primaryimage\",\"url\":\"https:\\\/\\\/sarmiento24h.com\\\/wp-content\\\/uploads\\\/2026\\\/04\\\/leonel-rechaza-fusion-educativa-y-plantea-reforma-universitaria.jpg\",\"contentUrl\":\"https:\\\/\\\/sarmiento24h.com\\\/wp-content\\\/uploads\\\/2026\\\/04\\\/leonel-rechaza-fusion-educativa-y-plantea-reforma-universitaria.jpg\",\"width\":538,\"height\":410},{\"@type\":\"BreadcrumbList\",\"@id\":\"https:\\\/\\\/sarmiento24h.com\\\/?p=158824#breadcrumb\",\"itemListElement\":[{\"@type\":\"ListItem\",\"position\":1,\"name\":\"Home\",\"item\":\"https:\\\/\\\/sarmiento24h.com\\\/\"},{\"@type\":\"ListItem\",\"position\":2,\"name\":\"Leonel rechaza fusi\u00f3n educativa y plantea reforma universitaria\"}]},{\"@type\":\"WebSite\",\"@id\":\"https:\\\/\\\/sarmiento24h.com\\\/#website\",\"url\":\"https:\\\/\\\/sarmiento24h.com\\\/\",\"name\":\"Sarmiento24h\",\"description\":\"\",\"publisher\":{\"@id\":\"https:\\\/\\\/sarmiento24h.com\\\/#organization\"},\"potentialAction\":[{\"@type\":\"SearchAction\",\"target\":{\"@type\":\"EntryPoint\",\"urlTemplate\":\"https:\\\/\\\/sarmiento24h.com\\\/?s={search_term_string}\"},\"query-input\":{\"@type\":\"PropertyValueSpecification\",\"valueRequired\":true,\"valueName\":\"search_term_string\"}}],\"inLanguage\":\"es\"},{\"@type\":\"Organization\",\"@id\":\"https:\\\/\\\/sarmiento24h.com\\\/#organization\",\"name\":\"Sarmiento24h\",\"url\":\"https:\\\/\\\/sarmiento24h.com\\\/\",\"logo\":{\"@type\":\"ImageObject\",\"inLanguage\":\"es\",\"@id\":\"https:\\\/\\\/sarmiento24h.com\\\/#\\\/schema\\\/logo\\\/image\\\/\",\"url\":\"https:\\\/\\\/sarmiento24h.com\\\/wp-content\\\/uploads\\\/2025\\\/12\\\/AddText_12-16-10.30.52.jpg\",\"contentUrl\":\"https:\\\/\\\/sarmiento24h.com\\\/wp-content\\\/uploads\\\/2025\\\/12\\\/AddText_12-16-10.30.52.jpg\",\"width\":1220,\"height\":324,\"caption\":\"Sarmiento24h\"},\"image\":{\"@id\":\"https:\\\/\\\/sarmiento24h.com\\\/#\\\/schema\\\/logo\\\/image\\\/\"},\"sameAs\":[\"https:\\\/\\\/facebook.com\\\/s24hnoticias\",\"https:\\\/\\\/x.com\\\/sarmiento24h\"]},{\"@type\":\"Person\",\"@id\":\"https:\\\/\\\/sarmiento24h.com\\\/#\\\/schema\\\/person\\\/d653a59725ad629a7e0429af7b939d4d\",\"name\":\"sarmiento24h@gmail.com\",\"image\":{\"@type\":\"ImageObject\",\"inLanguage\":\"es\",\"@id\":\"https:\\\/\\\/sarmiento24h.com\\\/wp-content\\\/litespeed\\\/avatar\\\/d02cbc4e23c747e6659cd45907173c8f.jpg?ver=1777157796\",\"url\":\"https:\\\/\\\/sarmiento24h.com\\\/wp-content\\\/litespeed\\\/avatar\\\/d02cbc4e23c747e6659cd45907173c8f.jpg?ver=1777157796\",\"contentUrl\":\"https:\\\/\\\/sarmiento24h.com\\\/wp-content\\\/litespeed\\\/avatar\\\/d02cbc4e23c747e6659cd45907173c8f.jpg?ver=1777157796\",\"caption\":\"sarmiento24h@gmail.com\"},\"sameAs\":[\"https:\\\/\\\/sarmiento24h.com\"],\"url\":\"https:\\\/\\\/sarmiento24h.com\\\/?author=1\"}]}<\/script>\n<!-- \/ Yoast SEO plugin. -->","yoast_head_json":{"title":"Leonel rechaza fusi\u00f3n educativa y plantea reforma universitaria - Sarmiento24h","robots":{"index":"index","follow":"follow","max-snippet":"max-snippet:-1","max-image-preview":"max-image-preview:large","max-video-preview":"max-video-preview:-1"},"canonical":"https:\/\/sarmiento24h.com\/?p=158824","og_locale":"es_ES","og_type":"article","og_title":"Leonel rechaza fusi\u00f3n educativa y plantea reforma universitaria - Sarmiento24h","og_description":"Propone fortalecer la UASD y apostar por&#46;&#46;&#46;","og_url":"https:\/\/sarmiento24h.com\/?p=158824","og_site_name":"Sarmiento24h","article_publisher":"https:\/\/facebook.com\/s24hnoticias","article_published_time":"2026-04-27T14:38:23+00:00","og_image":[{"url":"https:\/\/diariodigitalrd.b-cdn.net\/2023\/09\/0-0-0-Mas-de-200-empresarios-en-NY-asistiran-a-cena-gala-con-Leonel-Fernandez.jpg","type":"","width":"","height":""}],"author":"sarmiento24h@gmail.com","twitter_card":"summary_large_image","twitter_creator":"@sarmiento24h","twitter_site":"@sarmiento24h","twitter_misc":{"Escrito por":"sarmiento24h@gmail.com","Tiempo de lectura":"3 minutos"},"schema":{"@context":"https:\/\/schema.org","@graph":[{"@type":"Article","@id":"https:\/\/sarmiento24h.com\/?p=158824#article","isPartOf":{"@id":"https:\/\/sarmiento24h.com\/?p=158824"},"author":{"name":"sarmiento24h@gmail.com","@id":"https:\/\/sarmiento24h.com\/#\/schema\/person\/d653a59725ad629a7e0429af7b939d4d"},"headline":"Leonel rechaza fusi\u00f3n educativa y plantea reforma universitaria","datePublished":"2026-04-27T14:38:23+00:00","mainEntityOfPage":{"@id":"https:\/\/sarmiento24h.com\/?p=158824"},"wordCount":657,"publisher":{"@id":"https:\/\/sarmiento24h.com\/#organization"},"image":{"@id":"https:\/\/sarmiento24h.com\/?p=158824#primaryimage"},"thumbnailUrl":"https:\/\/sarmiento24h.com\/wp-content\/uploads\/2026\/04\/leonel-rechaza-fusion-educativa-y-plantea-reforma-universitaria.jpg","articleSection":["Actualidad","Politica"],"inLanguage":"es"},{"@type":"WebPage","@id":"https:\/\/sarmiento24h.com\/?p=158824","url":"https:\/\/sarmiento24h.com\/?p=158824","name":"Leonel rechaza fusi\u00f3n educativa y plantea reforma universitaria - Sarmiento24h","isPartOf":{"@id":"https:\/\/sarmiento24h.com\/#website"},"primaryImageOfPage":{"@id":"https:\/\/sarmiento24h.com\/?p=158824#primaryimage"},"image":{"@id":"https:\/\/sarmiento24h.com\/?p=158824#primaryimage"},"thumbnailUrl":"https:\/\/sarmiento24h.com\/wp-content\/uploads\/2026\/04\/leonel-rechaza-fusion-educativa-y-plantea-reforma-universitaria.jpg","datePublished":"2026-04-27T14:38:23+00:00","breadcrumb":{"@id":"https:\/\/sarmiento24h.com\/?p=158824#breadcrumb"},"inLanguage":"es","potentialAction":[{"@type":"ReadAction","target":["https:\/\/sarmiento24h.com\/?p=158824"]}]},{"@type":"ImageObject","inLanguage":"es","@id":"https:\/\/sarmiento24h.com\/?p=158824#primaryimage","url":"https:\/\/sarmiento24h.com\/wp-content\/uploads\/2026\/04\/leonel-rechaza-fusion-educativa-y-plantea-reforma-universitaria.jpg","contentUrl":"https:\/\/sarmiento24h.com\/wp-content\/uploads\/2026\/04\/leonel-rechaza-fusion-educativa-y-plantea-reforma-universitaria.jpg","width":538,"height":410},{"@type":"BreadcrumbList","@id":"https:\/\/sarmiento24h.com\/?p=158824#breadcrumb","itemListElement":[{"@type":"ListItem","position":1,"name":"Home","item":"https:\/\/sarmiento24h.com\/"},{"@type":"ListItem","position":2,"name":"Leonel rechaza fusi\u00f3n educativa y plantea reforma universitaria"}]},{"@type":"WebSite","@id":"https:\/\/sarmiento24h.com\/#website","url":"https:\/\/sarmiento24h.com\/","name":"Sarmiento24h","description":"","publisher":{"@id":"https:\/\/sarmiento24h.com\/#organization"},"potentialAction":[{"@type":"SearchAction","target":{"@type":"EntryPoint","urlTemplate":"https:\/\/sarmiento24h.com\/?s={search_term_string}"},"query-input":{"@type":"PropertyValueSpecification","valueRequired":true,"valueName":"search_term_string"}}],"inLanguage":"es"},{"@type":"Organization","@id":"https:\/\/sarmiento24h.com\/#organization","name":"Sarmiento24h","url":"https:\/\/sarmiento24h.com\/","logo":{"@type":"ImageObject","inLanguage":"es","@id":"https:\/\/sarmiento24h.com\/#\/schema\/logo\/image\/","url":"https:\/\/sarmiento24h.com\/wp-content\/uploads\/2025\/12\/AddText_12-16-10.30.52.jpg","contentUrl":"https:\/\/sarmiento24h.com\/wp-content\/uploads\/2025\/12\/AddText_12-16-10.30.52.jpg","width":1220,"height":324,"caption":"Sarmiento24h"},"image":{"@id":"https:\/\/sarmiento24h.com\/#\/schema\/logo\/image\/"},"sameAs":["https:\/\/facebook.com\/s24hnoticias","https:\/\/x.com\/sarmiento24h"]},{"@type":"Person","@id":"https:\/\/sarmiento24h.com\/#\/schema\/person\/d653a59725ad629a7e0429af7b939d4d","name":"sarmiento24h@gmail.com","image":{"@type":"ImageObject","inLanguage":"es","@id":"https:\/\/sarmiento24h.com\/wp-content\/litespeed\/avatar\/d02cbc4e23c747e6659cd45907173c8f.jpg?ver=1777157796","url":"https:\/\/sarmiento24h.com\/wp-content\/litespeed\/avatar\/d02cbc4e23c747e6659cd45907173c8f.jpg?ver=1777157796","contentUrl":"https:\/\/sarmiento24h.com\/wp-content\/litespeed\/avatar\/d02cbc4e23c747e6659cd45907173c8f.jpg?ver=1777157796","caption":"sarmiento24h@gmail.com"},"sameAs":["https:\/\/sarmiento24h.com"],"url":"https:\/\/sarmiento24h.com\/?author=1"}]}},"jetpack_publicize_connections":[],"jetpack_featured_media_url":"https:\/\/sarmiento24h.com\/wp-content\/uploads\/2026\/04\/leonel-rechaza-fusion-educativa-y-plantea-reforma-universitaria.jpg","jetpack_sharing_enabled":true,"_links":{"self":[{"href":"https:\/\/sarmiento24h.com\/index.php?rest_route=\/wp\/v2\/posts\/158824","targetHints":{"allow":["GET"]}}],"collection":[{"href":"https:\/\/sarmiento24h.com\/index.php?rest_route=\/wp\/v2\/posts"}],"about":[{"href":"https:\/\/sarmiento24h.com\/index.php?rest_route=\/wp\/v2\/types\/post"}],"author":[{"embeddable":true,"href":"https:\/\/sarmiento24h.com\/index.php?rest_route=\/wp\/v2\/users\/1"}],"replies":[{"embeddable":true,"href":"https:\/\/sarmiento24h.com\/index.php?rest_route=%2Fwp%2Fv2%2Fcomments&post=158824"}],"version-history":[{"count":0,"href":"https:\/\/sarmiento24h.com\/index.php?rest_route=\/wp\/v2\/posts\/158824\/revisions"}],"wp:featuredmedia":[{"embeddable":true,"href":"https:\/\/sarmiento24h.com\/index.php?rest_route=\/wp\/v2\/media\/158825"}],"wp:attachment":[{"href":"https:\/\/sarmiento24h.com\/index.php?rest_route=%2Fwp%2Fv2%2Fmedia&parent=158824"}],"wp:term":[{"taxonomy":"category","embeddable":true,"href":"https:\/\/sarmiento24h.com\/index.php?rest_route=%2Fwp%2Fv2%2Fcategories&post=158824"},{"taxonomy":"post_tag","embeddable":true,"href":"https:\/\/sarmiento24h.com\/index.php?rest_route=%2Fwp%2Fv2%2Ftags&post=158824"}],"curies":[{"name":"wp","href":"https:\/\/api.w.org\/{rel}","templated":true}]}}