{"id":159104,"date":"2026-04-27T17:08:35","date_gmt":"2026-04-27T17:08:35","guid":{"rendered":"https:\/\/diariodigitalrd.com\/?p=701349"},"modified":"2026-04-27T17:08:35","modified_gmt":"2026-04-27T17:08:35","slug":"adompretur-exhorta-regular-el-caos-maritimo-en-franja-de-banistas-en-playa-de-bavaro","status":"publish","type":"post","link":"https:\/\/sarmiento24h.com\/?p=159104","title":{"rendered":"Adompretur exhorta regular el caos mar\u00edtimo en franja de ba\u00f1istas en playa de B\u00e1varo"},"content":{"rendered":"<h2 class=\"wp-block-heading\"><em>Advierte sobre el creciente caos n\u00e1utico y los riesgos que esta situaci\u00f3n representa para la seguridad y la sostenibilidad del turismo en la zona.<\/em><\/h2>\n<p class=\"has-drop-cap has-medium-font-size\"><strong>B\u00e1varo, Punta Cana.&nbsp;<\/strong>La presidenta de la Asociaci\u00f3n Dominicana de Prensa Tur\u00edstica (Adompretur), Sarah Hern\u00e1ndez, exhort\u00f3 a las autoridades a que regulen el tr\u00e1nsito mar\u00edtimo en la playa de B\u00e1varo donde dijo, se observa una acumulaci\u00f3n de embarcaciones en la franja de ba\u00f1istas, cada vez m\u00e1s visible.<\/p>\n<div class=\"wp-block-image\">\n<figure class=\"alignleft size-large is-resized\"><img loading=\"lazy\" decoding=\"async\" width=\"1024\" height=\"724\" src=\"https:\/\/diariodigitalrd.b-cdn.net\/2025\/07\/Sarah-Hernandez-presidentsa-electa-Adompretur-1024x724.jpg\" alt class=\"wp-image-665588\" srcset=\"https:\/\/diariodigitalrd.b-cdn.net\/2025\/07\/Sarah-Hernandez-presidentsa-electa-Adompretur-1024x724.jpg 1024w, https:\/\/diariodigitalrd.b-cdn.net\/2025\/07\/Sarah-Hernandez-presidentsa-electa-Adompretur-300x212.jpg 300w, https:\/\/diariodigitalrd.b-cdn.net\/2025\/07\/Sarah-Hernandez-presidentsa-electa-Adompretur-768x543.jpg 768w, https:\/\/diariodigitalrd.b-cdn.net\/2025\/07\/Sarah-Hernandez-presidentsa-electa-Adompretur-1536x1086.jpg 1536w, https:\/\/diariodigitalrd.b-cdn.net\/2025\/07\/Sarah-Hernandez-presidentsa-electa-Adompretur-120x86.jpg 120w, https:\/\/diariodigitalrd.b-cdn.net\/2025\/07\/Sarah-Hernandez-presidentsa-electa-Adompretur-750x530.jpg 750w, https:\/\/diariodigitalrd.b-cdn.net\/2025\/07\/Sarah-Hernandez-presidentsa-electa-Adompretur-1140x806.jpg 1140w, https:\/\/diariodigitalrd.b-cdn.net\/2025\/07\/Sarah-Hernandez-presidentsa-electa-Adompretur.jpg 1754w\" sizes=\"auto, (max-width: 1024px) 100vw, 1024px\"><figcaption class=\"wp-element-caption\">Sarah Hern\u00e1ndez, presidenta de Adompretur.<\/figcaption><\/figure>\n<\/div>\n<p>\u201cLo que vemos hoy en B\u00e1varo es un caos n\u00e1utico que pone en riesgo a los ba\u00f1istas y deteriora la imagen del destino\u201d, expres\u00f3, al advertir que esta situaci\u00f3n afecta negativamente el atractivo de la zona y compromete la seguridad de quienes acuden a disfrutar de sus aguas.<\/p>\n<p><a href=\"https:\/\/diariodigitalrd.com\/2026\/01\/22\/turismo-y-gastronomia-unen-a-rd-y-madrid-afirma-hernandez.html\/\">Turismo y gastronom\u00eda unen a RD y Madrid, afirma Hern\u00e1ndez<\/a><\/p>\n<p>Hern\u00e1ndez describi\u00f3 que en las costas conviven, sin orden claro, botes de excursi\u00f3n, lanchas r\u00e1pidas, motos acu\u00e1ticos y embarcaciones privadas. \u201cA esto se suman fiestas flotantes con m\u00fasica a alto volumen, consumo de alcohol y residuos que terminan en el mar. El resultado es una franja costera donde la l\u00ednea entre recreaci\u00f3n y peligro se vuelve cada vez m\u00e1s difusa\u201d.<\/p>\n<p>Advirti\u00f3 que las embarcaciones se aproximan peligrosamente a la orilla, en espacios que deber\u00edan estar reservados para los ba\u00f1istas. \u201cEstamos hablando de familias, de turistas que vienen buscando tranquilidad. No se puede normalizar este nivel de desorden\u201d.<\/p>\n<figure class=\"wp-block-embed is-type-wp-embed is-provider-diariodigitalrd wp-block-embed-diariodigitalrd\"><\/figure>\n<p>Dijo que hasta Adompretur han llegado informes inquietantes de que debajo del agua, el impacto es a\u00fan m\u00e1s delicado. El fondeo sin control sobre la barrera coralina est\u00e1 provocando da\u00f1os que, en muchos casos, son irreversibles. Record\u00f3 que los arrecifes son fundamentales para la biodiversidad y la protecci\u00f3n de las playas, y est\u00e1n siendo afectados por el peso de anclas y el tr\u00e1nsito constante.<\/p>\n<blockquote class=\"wp-block-quote is-layout-flow wp-block-quote-is-layout-flow\" readability=\"12\">\n<p>\u201cA esto se suma la contaminaci\u00f3n. Manchas de combustible, ruido persistente y desechos s\u00f3lidos que est\u00e1n alterando el ecosistema y alejando al destino de los est\u00e1ndares internacionales de sostenibilidad. En un contexto donde el turista valora cada vez m\u00e1s el cuidado ambiental, el riesgo no es solo ecol\u00f3gico, tambi\u00e9n es econ\u00f3mico\u201d, expres\u00f3 la periodista y abogada.<\/p>\n<\/blockquote>\n<p>En ese orden, la presidenta de Adompretur hizo un llamado a las autoridades para actuar sin dilaciones. Plante\u00f3 que se atiendan las recomendaciones de expertos de establecer un plan de ordenamiento mar\u00edtimo que incluya zonificaci\u00f3n clara, instalaci\u00f3n de boyas de seguridad, l\u00edmites estrictos para embarcaciones a motor y sanciones efectivas para quienes incumplan.<\/p>\n<p>El mensaje tambi\u00e9n va dirigido a los operadores tur\u00edsticos. La b\u00fasqueda de beneficios r\u00e1pidos, advierte Hern\u00e1ndez, no puede estar por encima de la seguridad ni de la sostenibilidad del destino. \u201cLa competitividad no se sostiene solo con infraestructura. Se sostiene con orden, con reglas claras y con respeto al entorno\u201d.<\/p>\n<p><a href=\"https:\/\/diariodigitalrd.com\/2026\/04\/27\/leonel-rechaza-fusion-educativa-y-plantea-reforma-universitaria.html\/\">Leonel rechaza fusi\u00f3n educativa y plantea reforma universitaria<\/a><\/p>\n<p>Hern\u00e1ndez insisti\u00f3 en que Adompretur est\u00e1 dispuesta a colaborar en la b\u00fasqueda de soluciones. Sin embargo, insiste en que el liderazgo debe venir de las instituciones responsables.<\/p>\n","protected":false},"excerpt":{"rendered":"<p>Advierte sobre el creciente caos n\u00e1utico y&#46;&#46;&#46;<\/p>\n","protected":false},"author":1,"featured_media":159105,"comment_status":"closed","ping_status":"closed","sticky":false,"template":"","format":"standard","meta":{"_jetpack_memberships_contains_paid_content":false,"footnotes":"","jetpack_publicize_message":"","jetpack_publicize_feature_enabled":true,"jetpack_social_post_already_shared":true,"jetpack_social_options":{"image_generator_settings":{"template":"highway","default_image_id":0,"font":"","enabled":false},"version":2}},"categories":[59,62],"tags":[],"class_list":["post-159104","post","type-post","status-publish","format-standard","has-post-thumbnail","hentry","category-actualidad","category-turismo"],"yoast_head":"<!-- This site is optimized with the Yoast SEO plugin v27.3 - https:\/\/yoast.com\/product\/yoast-seo-wordpress\/ -->\n<title>Adompretur exhorta regular el caos mar\u00edtimo en franja de ba\u00f1istas en playa de B\u00e1varo - Sarmiento24h<\/title>\n<meta name=\"robots\" content=\"index, follow, max-snippet:-1, max-image-preview:large, max-video-preview:-1\" \/>\n<link rel=\"canonical\" href=\"https:\/\/sarmiento24h.com\/?p=159104\" \/>\n<meta property=\"og:locale\" content=\"es_ES\" \/>\n<meta property=\"og:type\" content=\"article\" \/>\n<meta property=\"og:title\" content=\"Adompretur exhorta regular el caos mar\u00edtimo en franja de ba\u00f1istas en playa de B\u00e1varo - Sarmiento24h\" \/>\n<meta property=\"og:description\" content=\"Advierte sobre el creciente caos n\u00e1utico y&#046;&#046;&#046;\" \/>\n<meta property=\"og:url\" content=\"https:\/\/sarmiento24h.com\/?p=159104\" \/>\n<meta property=\"og:site_name\" content=\"Sarmiento24h\" \/>\n<meta property=\"article:publisher\" content=\"https:\/\/facebook.com\/s24hnoticias\" \/>\n<meta property=\"article:published_time\" content=\"2026-04-27T17:08:35+00:00\" \/>\n<meta name=\"author\" content=\"sarmiento24h@gmail.com\" \/>\n<meta name=\"twitter:card\" content=\"summary_large_image\" \/>\n<meta name=\"twitter:creator\" content=\"@sarmiento24h\" \/>\n<meta name=\"twitter:site\" content=\"@sarmiento24h\" \/>\n<meta name=\"twitter:label1\" content=\"Escrito por\" \/>\n\t<meta name=\"twitter:data1\" content=\"sarmiento24h@gmail.com\" \/>\n\t<meta name=\"twitter:label2\" content=\"Tiempo de lectura\" \/>\n\t<meta name=\"twitter:data2\" content=\"3 minutos\" \/>\n<script type=\"application\/ld+json\" class=\"yoast-schema-graph\">{\"@context\":\"https:\\\/\\\/schema.org\",\"@graph\":[{\"@type\":\"Article\",\"@id\":\"https:\\\/\\\/sarmiento24h.com\\\/?p=159104#article\",\"isPartOf\":{\"@id\":\"https:\\\/\\\/sarmiento24h.com\\\/?p=159104\"},\"author\":{\"name\":\"sarmiento24h@gmail.com\",\"@id\":\"https:\\\/\\\/sarmiento24h.com\\\/#\\\/schema\\\/person\\\/d653a59725ad629a7e0429af7b939d4d\"},\"headline\":\"Adompretur exhorta regular el caos mar\u00edtimo en franja de ba\u00f1istas en playa de B\u00e1varo\",\"datePublished\":\"2026-04-27T17:08:35+00:00\",\"mainEntityOfPage\":{\"@id\":\"https:\\\/\\\/sarmiento24h.com\\\/?p=159104\"},\"wordCount\":562,\"publisher\":{\"@id\":\"https:\\\/\\\/sarmiento24h.com\\\/#organization\"},\"image\":{\"@id\":\"https:\\\/\\\/sarmiento24h.com\\\/?p=159104#primaryimage\"},\"thumbnailUrl\":\"https:\\\/\\\/sarmiento24h.com\\\/wp-content\\\/uploads\\\/2026\\\/04\\\/adompretur-exhorta-regular-el-caos-maritimo-en-franja-de-banistas-en-playa-de-bavaro.jpg\",\"articleSection\":[\"Actualidad\",\"Turismo\"],\"inLanguage\":\"es\"},{\"@type\":\"WebPage\",\"@id\":\"https:\\\/\\\/sarmiento24h.com\\\/?p=159104\",\"url\":\"https:\\\/\\\/sarmiento24h.com\\\/?p=159104\",\"name\":\"Adompretur exhorta regular el caos mar\u00edtimo en franja de ba\u00f1istas en playa de B\u00e1varo - Sarmiento24h\",\"isPartOf\":{\"@id\":\"https:\\\/\\\/sarmiento24h.com\\\/#website\"},\"primaryImageOfPage\":{\"@id\":\"https:\\\/\\\/sarmiento24h.com\\\/?p=159104#primaryimage\"},\"image\":{\"@id\":\"https:\\\/\\\/sarmiento24h.com\\\/?p=159104#primaryimage\"},\"thumbnailUrl\":\"https:\\\/\\\/sarmiento24h.com\\\/wp-content\\\/uploads\\\/2026\\\/04\\\/adompretur-exhorta-regular-el-caos-maritimo-en-franja-de-banistas-en-playa-de-bavaro.jpg\",\"datePublished\":\"2026-04-27T17:08:35+00:00\",\"breadcrumb\":{\"@id\":\"https:\\\/\\\/sarmiento24h.com\\\/?p=159104#breadcrumb\"},\"inLanguage\":\"es\",\"potentialAction\":[{\"@type\":\"ReadAction\",\"target\":[\"https:\\\/\\\/sarmiento24h.com\\\/?p=159104\"]}]},{\"@type\":\"ImageObject\",\"inLanguage\":\"es\",\"@id\":\"https:\\\/\\\/sarmiento24h.com\\\/?p=159104#primaryimage\",\"url\":\"https:\\\/\\\/sarmiento24h.com\\\/wp-content\\\/uploads\\\/2026\\\/04\\\/adompretur-exhorta-regular-el-caos-maritimo-en-franja-de-banistas-en-playa-de-bavaro.jpg\",\"contentUrl\":\"https:\\\/\\\/sarmiento24h.com\\\/wp-content\\\/uploads\\\/2026\\\/04\\\/adompretur-exhorta-regular-el-caos-maritimo-en-franja-de-banistas-en-playa-de-bavaro.jpg\",\"width\":1024,\"height\":724},{\"@type\":\"BreadcrumbList\",\"@id\":\"https:\\\/\\\/sarmiento24h.com\\\/?p=159104#breadcrumb\",\"itemListElement\":[{\"@type\":\"ListItem\",\"position\":1,\"name\":\"Home\",\"item\":\"https:\\\/\\\/sarmiento24h.com\\\/\"},{\"@type\":\"ListItem\",\"position\":2,\"name\":\"Adompretur exhorta regular el caos mar\u00edtimo en franja de ba\u00f1istas en playa de B\u00e1varo\"}]},{\"@type\":\"WebSite\",\"@id\":\"https:\\\/\\\/sarmiento24h.com\\\/#website\",\"url\":\"https:\\\/\\\/sarmiento24h.com\\\/\",\"name\":\"Sarmiento24h\",\"description\":\"\",\"publisher\":{\"@id\":\"https:\\\/\\\/sarmiento24h.com\\\/#organization\"},\"potentialAction\":[{\"@type\":\"SearchAction\",\"target\":{\"@type\":\"EntryPoint\",\"urlTemplate\":\"https:\\\/\\\/sarmiento24h.com\\\/?s={search_term_string}\"},\"query-input\":{\"@type\":\"PropertyValueSpecification\",\"valueRequired\":true,\"valueName\":\"search_term_string\"}}],\"inLanguage\":\"es\"},{\"@type\":\"Organization\",\"@id\":\"https:\\\/\\\/sarmiento24h.com\\\/#organization\",\"name\":\"Sarmiento24h\",\"url\":\"https:\\\/\\\/sarmiento24h.com\\\/\",\"logo\":{\"@type\":\"ImageObject\",\"inLanguage\":\"es\",\"@id\":\"https:\\\/\\\/sarmiento24h.com\\\/#\\\/schema\\\/logo\\\/image\\\/\",\"url\":\"https:\\\/\\\/sarmiento24h.com\\\/wp-content\\\/uploads\\\/2025\\\/12\\\/AddText_12-16-10.30.52.jpg\",\"contentUrl\":\"https:\\\/\\\/sarmiento24h.com\\\/wp-content\\\/uploads\\\/2025\\\/12\\\/AddText_12-16-10.30.52.jpg\",\"width\":1220,\"height\":324,\"caption\":\"Sarmiento24h\"},\"image\":{\"@id\":\"https:\\\/\\\/sarmiento24h.com\\\/#\\\/schema\\\/logo\\\/image\\\/\"},\"sameAs\":[\"https:\\\/\\\/facebook.com\\\/s24hnoticias\",\"https:\\\/\\\/x.com\\\/sarmiento24h\"]},{\"@type\":\"Person\",\"@id\":\"https:\\\/\\\/sarmiento24h.com\\\/#\\\/schema\\\/person\\\/d653a59725ad629a7e0429af7b939d4d\",\"name\":\"sarmiento24h@gmail.com\",\"image\":{\"@type\":\"ImageObject\",\"inLanguage\":\"es\",\"@id\":\"https:\\\/\\\/sarmiento24h.com\\\/wp-content\\\/litespeed\\\/avatar\\\/d02cbc4e23c747e6659cd45907173c8f.jpg?ver=1777157796\",\"url\":\"https:\\\/\\\/sarmiento24h.com\\\/wp-content\\\/litespeed\\\/avatar\\\/d02cbc4e23c747e6659cd45907173c8f.jpg?ver=1777157796\",\"contentUrl\":\"https:\\\/\\\/sarmiento24h.com\\\/wp-content\\\/litespeed\\\/avatar\\\/d02cbc4e23c747e6659cd45907173c8f.jpg?ver=1777157796\",\"caption\":\"sarmiento24h@gmail.com\"},\"sameAs\":[\"https:\\\/\\\/sarmiento24h.com\"],\"url\":\"https:\\\/\\\/sarmiento24h.com\\\/?author=1\"}]}<\/script>\n<!-- \/ Yoast SEO plugin. -->","yoast_head_json":{"title":"Adompretur exhorta regular el caos mar\u00edtimo en franja de ba\u00f1istas en playa de B\u00e1varo - Sarmiento24h","robots":{"index":"index","follow":"follow","max-snippet":"max-snippet:-1","max-image-preview":"max-image-preview:large","max-video-preview":"max-video-preview:-1"},"canonical":"https:\/\/sarmiento24h.com\/?p=159104","og_locale":"es_ES","og_type":"article","og_title":"Adompretur exhorta regular el caos mar\u00edtimo en franja de ba\u00f1istas en playa de B\u00e1varo - Sarmiento24h","og_description":"Advierte sobre el creciente caos n\u00e1utico y&#46;&#46;&#46;","og_url":"https:\/\/sarmiento24h.com\/?p=159104","og_site_name":"Sarmiento24h","article_publisher":"https:\/\/facebook.com\/s24hnoticias","article_published_time":"2026-04-27T17:08:35+00:00","author":"sarmiento24h@gmail.com","twitter_card":"summary_large_image","twitter_creator":"@sarmiento24h","twitter_site":"@sarmiento24h","twitter_misc":{"Escrito por":"sarmiento24h@gmail.com","Tiempo de lectura":"3 minutos"},"schema":{"@context":"https:\/\/schema.org","@graph":[{"@type":"Article","@id":"https:\/\/sarmiento24h.com\/?p=159104#article","isPartOf":{"@id":"https:\/\/sarmiento24h.com\/?p=159104"},"author":{"name":"sarmiento24h@gmail.com","@id":"https:\/\/sarmiento24h.com\/#\/schema\/person\/d653a59725ad629a7e0429af7b939d4d"},"headline":"Adompretur exhorta regular el caos mar\u00edtimo en franja de ba\u00f1istas en playa de B\u00e1varo","datePublished":"2026-04-27T17:08:35+00:00","mainEntityOfPage":{"@id":"https:\/\/sarmiento24h.com\/?p=159104"},"wordCount":562,"publisher":{"@id":"https:\/\/sarmiento24h.com\/#organization"},"image":{"@id":"https:\/\/sarmiento24h.com\/?p=159104#primaryimage"},"thumbnailUrl":"https:\/\/sarmiento24h.com\/wp-content\/uploads\/2026\/04\/adompretur-exhorta-regular-el-caos-maritimo-en-franja-de-banistas-en-playa-de-bavaro.jpg","articleSection":["Actualidad","Turismo"],"inLanguage":"es"},{"@type":"WebPage","@id":"https:\/\/sarmiento24h.com\/?p=159104","url":"https:\/\/sarmiento24h.com\/?p=159104","name":"Adompretur exhorta regular el caos mar\u00edtimo en franja de ba\u00f1istas en playa de B\u00e1varo - Sarmiento24h","isPartOf":{"@id":"https:\/\/sarmiento24h.com\/#website"},"primaryImageOfPage":{"@id":"https:\/\/sarmiento24h.com\/?p=159104#primaryimage"},"image":{"@id":"https:\/\/sarmiento24h.com\/?p=159104#primaryimage"},"thumbnailUrl":"https:\/\/sarmiento24h.com\/wp-content\/uploads\/2026\/04\/adompretur-exhorta-regular-el-caos-maritimo-en-franja-de-banistas-en-playa-de-bavaro.jpg","datePublished":"2026-04-27T17:08:35+00:00","breadcrumb":{"@id":"https:\/\/sarmiento24h.com\/?p=159104#breadcrumb"},"inLanguage":"es","potentialAction":[{"@type":"ReadAction","target":["https:\/\/sarmiento24h.com\/?p=159104"]}]},{"@type":"ImageObject","inLanguage":"es","@id":"https:\/\/sarmiento24h.com\/?p=159104#primaryimage","url":"https:\/\/sarmiento24h.com\/wp-content\/uploads\/2026\/04\/adompretur-exhorta-regular-el-caos-maritimo-en-franja-de-banistas-en-playa-de-bavaro.jpg","contentUrl":"https:\/\/sarmiento24h.com\/wp-content\/uploads\/2026\/04\/adompretur-exhorta-regular-el-caos-maritimo-en-franja-de-banistas-en-playa-de-bavaro.jpg","width":1024,"height":724},{"@type":"BreadcrumbList","@id":"https:\/\/sarmiento24h.com\/?p=159104#breadcrumb","itemListElement":[{"@type":"ListItem","position":1,"name":"Home","item":"https:\/\/sarmiento24h.com\/"},{"@type":"ListItem","position":2,"name":"Adompretur exhorta regular el caos mar\u00edtimo en franja de ba\u00f1istas en playa de B\u00e1varo"}]},{"@type":"WebSite","@id":"https:\/\/sarmiento24h.com\/#website","url":"https:\/\/sarmiento24h.com\/","name":"Sarmiento24h","description":"","publisher":{"@id":"https:\/\/sarmiento24h.com\/#organization"},"potentialAction":[{"@type":"SearchAction","target":{"@type":"EntryPoint","urlTemplate":"https:\/\/sarmiento24h.com\/?s={search_term_string}"},"query-input":{"@type":"PropertyValueSpecification","valueRequired":true,"valueName":"search_term_string"}}],"inLanguage":"es"},{"@type":"Organization","@id":"https:\/\/sarmiento24h.com\/#organization","name":"Sarmiento24h","url":"https:\/\/sarmiento24h.com\/","logo":{"@type":"ImageObject","inLanguage":"es","@id":"https:\/\/sarmiento24h.com\/#\/schema\/logo\/image\/","url":"https:\/\/sarmiento24h.com\/wp-content\/uploads\/2025\/12\/AddText_12-16-10.30.52.jpg","contentUrl":"https:\/\/sarmiento24h.com\/wp-content\/uploads\/2025\/12\/AddText_12-16-10.30.52.jpg","width":1220,"height":324,"caption":"Sarmiento24h"},"image":{"@id":"https:\/\/sarmiento24h.com\/#\/schema\/logo\/image\/"},"sameAs":["https:\/\/facebook.com\/s24hnoticias","https:\/\/x.com\/sarmiento24h"]},{"@type":"Person","@id":"https:\/\/sarmiento24h.com\/#\/schema\/person\/d653a59725ad629a7e0429af7b939d4d","name":"sarmiento24h@gmail.com","image":{"@type":"ImageObject","inLanguage":"es","@id":"https:\/\/sarmiento24h.com\/wp-content\/litespeed\/avatar\/d02cbc4e23c747e6659cd45907173c8f.jpg?ver=1777157796","url":"https:\/\/sarmiento24h.com\/wp-content\/litespeed\/avatar\/d02cbc4e23c747e6659cd45907173c8f.jpg?ver=1777157796","contentUrl":"https:\/\/sarmiento24h.com\/wp-content\/litespeed\/avatar\/d02cbc4e23c747e6659cd45907173c8f.jpg?ver=1777157796","caption":"sarmiento24h@gmail.com"},"sameAs":["https:\/\/sarmiento24h.com"],"url":"https:\/\/sarmiento24h.com\/?author=1"}]}},"jetpack_publicize_connections":[],"jetpack_featured_media_url":"https:\/\/sarmiento24h.com\/wp-content\/uploads\/2026\/04\/adompretur-exhorta-regular-el-caos-maritimo-en-franja-de-banistas-en-playa-de-bavaro.jpg","jetpack_sharing_enabled":true,"_links":{"self":[{"href":"https:\/\/sarmiento24h.com\/index.php?rest_route=\/wp\/v2\/posts\/159104","targetHints":{"allow":["GET"]}}],"collection":[{"href":"https:\/\/sarmiento24h.com\/index.php?rest_route=\/wp\/v2\/posts"}],"about":[{"href":"https:\/\/sarmiento24h.com\/index.php?rest_route=\/wp\/v2\/types\/post"}],"author":[{"embeddable":true,"href":"https:\/\/sarmiento24h.com\/index.php?rest_route=\/wp\/v2\/users\/1"}],"replies":[{"embeddable":true,"href":"https:\/\/sarmiento24h.com\/index.php?rest_route=%2Fwp%2Fv2%2Fcomments&post=159104"}],"version-history":[{"count":0,"href":"https:\/\/sarmiento24h.com\/index.php?rest_route=\/wp\/v2\/posts\/159104\/revisions"}],"wp:featuredmedia":[{"embeddable":true,"href":"https:\/\/sarmiento24h.com\/index.php?rest_route=\/wp\/v2\/media\/159105"}],"wp:attachment":[{"href":"https:\/\/sarmiento24h.com\/index.php?rest_route=%2Fwp%2Fv2%2Fmedia&parent=159104"}],"wp:term":[{"taxonomy":"category","embeddable":true,"href":"https:\/\/sarmiento24h.com\/index.php?rest_route=%2Fwp%2Fv2%2Fcategories&post=159104"},{"taxonomy":"post_tag","embeddable":true,"href":"https:\/\/sarmiento24h.com\/index.php?rest_route=%2Fwp%2Fv2%2Ftags&post=159104"}],"curies":[{"name":"wp","href":"https:\/\/api.w.org\/{rel}","templated":true}]}}