{"id":159171,"date":"2026-04-27T18:07:23","date_gmt":"2026-04-27T18:07:23","guid":{"rendered":"http:\/\/01ff9f7a-425f-11f1-8816-0bfd3afefafa"},"modified":"2026-04-27T18:07:23","modified_gmt":"2026-04-27T18:07:23","slug":"el-atacante-de-la-cena-de-corresponsales-con-trump-comparece-este-lunes-ante-el-juez","status":"publish","type":"post","link":"https:\/\/sarmiento24h.com\/?p=159171","title":{"rendered":"El atacante de la cena de corresponsales con Trump comparece este lunes ante el juez"},"content":{"rendered":"<p>El hombre acusado de disparar contra un agente del Servicio Secreto de EE. UU. mientras intentaba forzar la seguridad durante una cena el s\u00e1bado en Washington, en presencia del presidente <a href=\"https:\/\/www.france24.com\/es\/tag\/donald-trump\/\" target=\"_self\" class=\"gtm-add-suggested-tag\">Donald Trump<\/a>, <strong>deber\u00e1 comparecer este lunes ante el tribunal el lunes para responder por cargos criminales.<\/strong><\/p>\n<p>Cole Tomas Allen, de 31 a\u00f1os y originario de Torrance, California, tendr\u00e1 su primera comparecencia ante un tribunal federal de Washington, dos d\u00edas despu\u00e9s de que las autoridades declararan haber frustrado un <a href=\"https:\/\/www.france24.com\/es\/tag\/ataque\/\" target=\"_self\" class=\"gtm-add-suggested-tag\">ataque<\/a> durante la cena anual de la asociaci\u00f3n de corresponsales acreditados en la <a href=\"https:\/\/www.france24.com\/es\/tag\/casa-blanca\/\" target=\"_self\" class=\"gtm-add-suggested-tag\">Casa Blanca<\/a>.<\/p>\n<p class=\"a-read-more\"><span class=\"a-read-more__label\">Leer tambi\u00e9n<\/span><a href=\"https:\/\/www.france24.com\/es\/ee-uu-y-canad\u00e1\/20260426-cole-allen-el-profesor-se\u00f1alado-como-autor-del-tiroteo-en-una-cena-de-periodistas-con-trump\" target=\"_self\" class=\"a-read-more__link\">\u00bfQui\u00e9n es Cole Allen?: el profesor se\u00f1alado como autor del tiroteo en una cena de periodistas con Trump<\/a><\/p>\n<p>Este evento anual reun\u00eda a periodistas y responsables pol\u00edticos, incluidos numerosos miembros de la administraci\u00f3n Trump y otros altos cargos del gobierno.<\/p>\n<p>La Casa Blanca indic\u00f3 que el propio <a href=\"https:\/\/www.france24.com\/es\/tag\/donald-trump\/\" target=\"_self\" class=\"gtm-add-suggested-tag\">Donald Trump<\/a> figuraba probablemente entre los objetivos del sospechoso que abri\u00f3 fuego.<\/p>\n<p>A\u00fan no se han presentado cargos formales, pero la fiscal federal de Washington, <strong>Jeanine Pirro, declar\u00f3 que Cole Tomas Allen ser\u00e1 acusado de agresi\u00f3n contra un agente federal y de uso de un arma de fuego durante un delito violento.<\/strong><\/p>\n<p>El agente del Servicio Secreto fue alcanzado, pero su chaleco antibalas detuvo el disparo. Pudo abandonar el hospital unas horas m\u00e1s tarde.<\/p>\n<p>El fiscal general interino, Todd Blanche, indic\u00f3 que son posibles otros cargos, incluyendo el de intento de asesinato, pero que la investigaci\u00f3n contin\u00faa.<\/p>\n<p>Se espera que la audiencia del lunes sea breve. <strong>Un juez informar\u00e1 a Cole Tomas Allen sobre sus derechos y se prev\u00e9 que la fiscal\u00eda solicite su detenci\u00f3n preventiva<\/strong> durante la duraci\u00f3n del proceso.<\/p>\n<p>Allen a\u00fan no ha reaccionado a estas alegaciones. Por el momento se ignora si cuenta con representaci\u00f3n legal.<\/p>\n<div class=\"em-video-wrapper m-em-video\" data-media-video-wbmz386808-f24-es-20260426 data-wrapper-video-player data-show-hidden-video-player=\"WBMZ386808-F24-ES-20260426\" data-youtube-script readability=\"7\">\n<p>\u00bfHubo fallas de seguridad en la cena de corresponsales con Trump interrumpida por tiroteo?<\/p>\n<div class=\"m-em-video__video\">\n<div class=\"o-em-consent \" readability=\"7\">\n<div class=\"o-em-consent__content\" readability=\"34\">\n<p class=\"o-em-consent__content__text\">Para mostrar este contenido de YouTube, debe autorizar las cookies de medici\u00f3n de audiencia y publicidad.<\/p>\n<p> <button class=\"a-master-button a-master-button--dark\" data-action=\"accept\"> Aceptar <svg class=\"a-svg a-svg--icon-check\"> <use xlink:href=\"\/build\/images\/svg\/sprite.c98bf387c90bc4a87186b0b783f15ba0.svg#icon-check\" href=\"\/build\/images\/svg\/sprite.c98bf387c90bc4a87186b0b783f15ba0.svg#icon-check\" \/> <\/svg> <\/button> <button class=\"a-link\" data-action=\"manage\">Gestionar mis opciones<i class=\"a-svg a-svg--icon-edit\"><\/i><\/button> <\/div>\n<\/div>\n<div class=\"o-em-adblock\" data-adblock-content readability=\"7\">\n<div class=\"o-em-adblock__content\" readability=\"34\">\n<p class=\"o-em-adblock__content__text\">Una extensi\u00f3n de tu navegador parece estar bloqueando la carga del reproductor de video. Para poder ver este contenido, debes desactivarla en este sitio.<\/p>\n<p> <button class=\"a-master-button a-master-button--dark\" data-action=\"reload\">Reintentar<\/button> <\/div>\n<\/div>\n<figure class=\"m-item-image m-item-image--16x9 m-item-image--has-caption\"> <picture class=\"a-picture a-picture--16x9\"><source type=\"image\/webp\" srcset=\"https:\/\/s.france24.com\/media\/display\/ed0287dc-419a-11f1-a2cd-005056bf30b7\/w:388\/p:16x9\/ES-20260426-100350-100918-CS.webp 388w, https:\/\/s.france24.com\/media\/display\/ed0287dc-419a-11f1-a2cd-005056bf30b7\/w:720\/p:16x9\/ES-20260426-100350-100918-CS.webp 720w, https:\/\/s.france24.com\/media\/display\/ed0287dc-419a-11f1-a2cd-005056bf30b7\/w:1024\/p:16x9\/ES-20260426-100350-100918-CS.webp 1024w\" sizes=\"(max-width: 639px) calc(100vw - 32px), (max-width: 1076px) calc(100vw - 44px), 850px\"><img fetchpriority=\"low\" decoding=\"async\" src=\"https:\/\/s.france24.com\/media\/display\/ed0287dc-419a-11f1-a2cd-005056bf30b7\/w:1024\/p:16x9\/ES-20260426-100350-100918-CS.jpg\" srcset=\"https:\/\/s.france24.com\/media\/display\/ed0287dc-419a-11f1-a2cd-005056bf30b7\/w:388\/p:16x9\/ES-20260426-100350-100918-CS.jpg 388w, https:\/\/s.france24.com\/media\/display\/ed0287dc-419a-11f1-a2cd-005056bf30b7\/w:720\/p:16x9\/ES-20260426-100350-100918-CS.jpg 720w, https:\/\/s.france24.com\/media\/display\/ed0287dc-419a-11f1-a2cd-005056bf30b7\/w:1024\/p:16x9\/ES-20260426-100350-100918-CS.jpg 1024w\" sizes=\"auto, (max-width: 639px) calc(100vw - 32px), (max-width: 1076px) calc(100vw - 44px), 850px\" width=\"1024\" height=\"576\" alt=\"\u00bfHubo fallas de seguridad en la cena de corresponsales con Trump interrumpida por tiroteo?\" loading=\"lazy\" class=\"a-img \">\n<\/picture><figcaption class=\"a-figcaption\"> <span>\u00a9 France 24<\/span> <\/figcaption><\/figure>\n<\/p><\/div>\n<\/p><\/div>\n<h2><strong>\u00abAsesino federal amigable\u00bb<\/strong><\/h2>\n<p>Cole Allen dej\u00f3 un manifiesto a miembros de su familia en el que se calificaba como un \u00abasesino federal amigable\u00bb y mencionaba su plan de atacar a altos cargos de la administraci\u00f3n Trump presentes en el sal\u00f3n de baile del hotel.<\/p>\n<p>Allen hab\u00eda reservado una habitaci\u00f3n en el hotel Washington Hilton, donde se llevar\u00eda a cabo la cena, y viaj\u00f3 en tren desde California hasta Washington, indicaron las autoridades.<\/p>\n<p>Cole Allen, quien <strong>estaba armado con una pistola y varios cuchillos adem\u00e1s de una escopeta seg\u00fan las autoridades<\/strong>, tambi\u00e9n fue trasladado a un hospital local para ser examinado.<\/p>\n<div class=\"em-video-wrapper m-em-video\" data-media-video-wbmz386816-f24-es-20260427 data-wrapper-video-player data-show-hidden-video-player=\"WBMZ386816-F24-ES-20260427\" data-youtube-script readability=\"7\">\n<p>Sospechoso de tiroteo habr\u00eda elaborado \u201cmanifiesto\u201d contra funcionarios de Trump<\/p>\n<div class=\"m-em-video__video\">\n<div class=\"o-em-consent \" readability=\"7\">\n<div class=\"o-em-consent__content\" readability=\"34\">\n<p class=\"o-em-consent__content__text\">Para mostrar este contenido de YouTube, debe autorizar las cookies de medici\u00f3n de audiencia y publicidad.<\/p>\n<p> <button class=\"a-master-button a-master-button--dark\" data-action=\"accept\"> Aceptar <svg class=\"a-svg a-svg--icon-check\"> <use xlink:href=\"\/build\/images\/svg\/sprite.c98bf387c90bc4a87186b0b783f15ba0.svg#icon-check\" href=\"\/build\/images\/svg\/sprite.c98bf387c90bc4a87186b0b783f15ba0.svg#icon-check\" \/> <\/svg> <\/button> <button class=\"a-link\" data-action=\"manage\">Gestionar mis opciones<i class=\"a-svg a-svg--icon-edit\"><\/i><\/button> <\/div>\n<\/div>\n<div class=\"o-em-adblock\" data-adblock-content readability=\"7\">\n<div class=\"o-em-adblock__content\" readability=\"34\">\n<p class=\"o-em-adblock__content__text\">Una extensi\u00f3n de tu navegador parece estar bloqueando la carga del reproductor de video. Para poder ver este contenido, debes desactivarla en este sitio.<\/p>\n<p> <button class=\"a-master-button a-master-button--dark\" data-action=\"reload\">Reintentar<\/button> <\/div>\n<\/div>\n<figure class=\"m-item-image m-item-image--16x9 m-item-image--has-caption\"> <picture class=\"a-picture a-picture--16x9\"><source type=\"image\/webp\" srcset=\"https:\/\/s.france24.com\/media\/display\/3bea013a-41ba-11f1-be78-005056a90284\/w:388\/p:16x9\/capture-168783042769ee8922915ae2-44879428.webp 388w, https:\/\/s.france24.com\/media\/display\/3bea013a-41ba-11f1-be78-005056a90284\/w:720\/p:16x9\/capture-168783042769ee8922915ae2-44879428.webp 720w, https:\/\/s.france24.com\/media\/display\/3bea013a-41ba-11f1-be78-005056a90284\/w:1024\/p:16x9\/capture-168783042769ee8922915ae2-44879428.webp 1024w\" sizes=\"(max-width: 639px) calc(100vw - 32px), (max-width: 1076px) calc(100vw - 44px), 850px\"><img fetchpriority=\"low\" decoding=\"async\" src=\"https:\/\/s.france24.com\/media\/display\/3bea013a-41ba-11f1-be78-005056a90284\/w:1024\/p:16x9\/capture-168783042769ee8922915ae2-44879428.jpg\" srcset=\"https:\/\/s.france24.com\/media\/display\/3bea013a-41ba-11f1-be78-005056a90284\/w:388\/p:16x9\/capture-168783042769ee8922915ae2-44879428.jpg 388w, https:\/\/s.france24.com\/media\/display\/3bea013a-41ba-11f1-be78-005056a90284\/w:720\/p:16x9\/capture-168783042769ee8922915ae2-44879428.jpg 720w, https:\/\/s.france24.com\/media\/display\/3bea013a-41ba-11f1-be78-005056a90284\/w:1024\/p:16x9\/capture-168783042769ee8922915ae2-44879428.jpg 1024w\" sizes=\"auto, (max-width: 639px) calc(100vw - 32px), (max-width: 1076px) calc(100vw - 44px), 850px\" width=\"1024\" height=\"576\" alt=\"Lo que sabemos del tiroteo que interrumpi\u00f3 la cena de corresponsales con Trump\" loading=\"lazy\" class=\"a-img \">\n<\/picture><figcaption class=\"a-figcaption\"> <span>Lo que sabemos del tiroteo que interrumpi\u00f3 la cena de corresponsales con Trump<\/span> <span>\u00a9 France 24<\/span> <\/figcaption><\/figure>\n<\/p><\/div>\n<\/p><\/div>\n<p>El tiroteo del s\u00e1bado sembr\u00f3 el p\u00e1nico durante la cena de gala. <strong>Los asistentes se refugiaron bajo las mesas y las fuerzas del orden tuvieron que evacuar precipitadamente a los altos cargos<\/strong>. El evento fue cancelado posteriormente.<\/p>\n<p>Donald Trump expres\u00f3 su esperanza de que se pueda organizar una nueva cena en un plazo de 30 d\u00edas.<\/p>\n<p>El inquilino de la Casa Blanca, que deb\u00eda tomar la palabra m\u00e1s tarde esa noche, fue evacuado de urgencia por su servicio de seguridad tras los disparos.<\/p>\n<p>Seg\u00fan las autoridades, el sospechoso habr\u00eda disparado con una escopeta a un agente del Servicio Secreto en un punto de control dentro del hotel antes de ser reducido y arrestado.<\/p>\n<p>Un video publicado en l\u00ednea por <a href=\"https:\/\/www.france24.com\/es\/tag\/donald-trump\/\" target=\"_self\" class=\"gtm-add-suggested-tag\">Donald Trump<\/a> muestra al sospechoso corriendo por un pasillo fuera del sal\u00f3n de baile.<\/p>\n<p>Las autoridades estadounidenses declararon que el sospechoso fue reducido justo dentro del per\u00edmetro de seguridad y elogiaron su arresto como un \u00e9xito de las fuerzas del orden.<\/p>\n<p>No obstante, este incidente ha reavivado las preocupaciones sobre la seguridad de Donald Trump, quien fue blanco de dos intentos de asesinato durante la campa\u00f1a presidencial de 2024.<\/p>\n","protected":false},"excerpt":{"rendered":"<p>El hombre acusado de disparar contra un&#46;&#46;&#46;<\/p>\n","protected":false},"author":1,"featured_media":159172,"comment_status":"closed","ping_status":"closed","sticky":false,"template":"","format":"standard","meta":{"_jetpack_memberships_contains_paid_content":false,"footnotes":"","jetpack_publicize_message":"","jetpack_publicize_feature_enabled":true,"jetpack_social_post_already_shared":true,"jetpack_social_options":{"image_generator_settings":{"template":"highway","default_image_id":0,"font":"","enabled":false},"version":2}},"categories":[43],"tags":[],"class_list":["post-159171","post","type-post","status-publish","format-standard","has-post-thumbnail","hentry","category-internacionales"],"yoast_head":"<!-- This site is optimized with the Yoast SEO plugin v27.3 - https:\/\/yoast.com\/product\/yoast-seo-wordpress\/ -->\n<title>El atacante de la cena de corresponsales con Trump comparece este lunes ante el juez - Sarmiento24h<\/title>\n<meta name=\"robots\" content=\"index, follow, max-snippet:-1, max-image-preview:large, max-video-preview:-1\" \/>\n<link rel=\"canonical\" href=\"https:\/\/sarmiento24h.com\/?p=159171\" \/>\n<meta property=\"og:locale\" content=\"es_ES\" \/>\n<meta property=\"og:type\" content=\"article\" \/>\n<meta property=\"og:title\" content=\"El atacante de la cena de corresponsales con Trump comparece este lunes ante el juez - Sarmiento24h\" \/>\n<meta property=\"og:description\" content=\"El hombre acusado de disparar contra un&#046;&#046;&#046;\" \/>\n<meta property=\"og:url\" content=\"https:\/\/sarmiento24h.com\/?p=159171\" \/>\n<meta property=\"og:site_name\" content=\"Sarmiento24h\" \/>\n<meta property=\"article:publisher\" content=\"https:\/\/facebook.com\/s24hnoticias\" \/>\n<meta property=\"article:published_time\" content=\"2026-04-27T18:07:23+00:00\" \/>\n<meta property=\"og:image\" content=\"https:\/\/s.france24.com\/media\/display\/ed0287dc-419a-11f1-a2cd-005056bf30b7\/w:1024\/p:16x9\/ES-20260426-100350-100918-CS.jpg\" \/>\n<meta name=\"author\" content=\"sarmiento24h@gmail.com\" \/>\n<meta name=\"twitter:card\" content=\"summary_large_image\" \/>\n<meta name=\"twitter:creator\" content=\"@sarmiento24h\" \/>\n<meta name=\"twitter:site\" content=\"@sarmiento24h\" \/>\n<meta name=\"twitter:label1\" content=\"Escrito por\" \/>\n\t<meta name=\"twitter:data1\" content=\"sarmiento24h@gmail.com\" \/>\n\t<meta name=\"twitter:label2\" content=\"Tiempo de lectura\" \/>\n\t<meta name=\"twitter:data2\" content=\"4 minutos\" \/>\n<script type=\"application\/ld+json\" class=\"yoast-schema-graph\">{\"@context\":\"https:\\\/\\\/schema.org\",\"@graph\":[{\"@type\":\"Article\",\"@id\":\"https:\\\/\\\/sarmiento24h.com\\\/?p=159171#article\",\"isPartOf\":{\"@id\":\"https:\\\/\\\/sarmiento24h.com\\\/?p=159171\"},\"author\":{\"name\":\"sarmiento24h@gmail.com\",\"@id\":\"https:\\\/\\\/sarmiento24h.com\\\/#\\\/schema\\\/person\\\/d653a59725ad629a7e0429af7b939d4d\"},\"headline\":\"El atacante de la cena de corresponsales con Trump comparece este lunes ante el juez\",\"datePublished\":\"2026-04-27T18:07:23+00:00\",\"mainEntityOfPage\":{\"@id\":\"https:\\\/\\\/sarmiento24h.com\\\/?p=159171\"},\"wordCount\":765,\"publisher\":{\"@id\":\"https:\\\/\\\/sarmiento24h.com\\\/#organization\"},\"image\":{\"@id\":\"https:\\\/\\\/sarmiento24h.com\\\/?p=159171#primaryimage\"},\"thumbnailUrl\":\"https:\\\/\\\/sarmiento24h.com\\\/wp-content\\\/uploads\\\/2026\\\/04\\\/el-atacante-de-la-cena-de-corresponsales-con-trump-comparece-este-lunes-ante-el-juez.jpg\",\"articleSection\":[\"Internacionales\"],\"inLanguage\":\"es\"},{\"@type\":\"WebPage\",\"@id\":\"https:\\\/\\\/sarmiento24h.com\\\/?p=159171\",\"url\":\"https:\\\/\\\/sarmiento24h.com\\\/?p=159171\",\"name\":\"El atacante de la cena de corresponsales con Trump comparece este lunes ante el juez - Sarmiento24h\",\"isPartOf\":{\"@id\":\"https:\\\/\\\/sarmiento24h.com\\\/#website\"},\"primaryImageOfPage\":{\"@id\":\"https:\\\/\\\/sarmiento24h.com\\\/?p=159171#primaryimage\"},\"image\":{\"@id\":\"https:\\\/\\\/sarmiento24h.com\\\/?p=159171#primaryimage\"},\"thumbnailUrl\":\"https:\\\/\\\/sarmiento24h.com\\\/wp-content\\\/uploads\\\/2026\\\/04\\\/el-atacante-de-la-cena-de-corresponsales-con-trump-comparece-este-lunes-ante-el-juez.jpg\",\"datePublished\":\"2026-04-27T18:07:23+00:00\",\"breadcrumb\":{\"@id\":\"https:\\\/\\\/sarmiento24h.com\\\/?p=159171#breadcrumb\"},\"inLanguage\":\"es\",\"potentialAction\":[{\"@type\":\"ReadAction\",\"target\":[\"https:\\\/\\\/sarmiento24h.com\\\/?p=159171\"]}]},{\"@type\":\"ImageObject\",\"inLanguage\":\"es\",\"@id\":\"https:\\\/\\\/sarmiento24h.com\\\/?p=159171#primaryimage\",\"url\":\"https:\\\/\\\/sarmiento24h.com\\\/wp-content\\\/uploads\\\/2026\\\/04\\\/el-atacante-de-la-cena-de-corresponsales-con-trump-comparece-este-lunes-ante-el-juez.jpg\",\"contentUrl\":\"https:\\\/\\\/sarmiento24h.com\\\/wp-content\\\/uploads\\\/2026\\\/04\\\/el-atacante-de-la-cena-de-corresponsales-con-trump-comparece-este-lunes-ante-el-juez.jpg\",\"width\":1024,\"height\":576},{\"@type\":\"BreadcrumbList\",\"@id\":\"https:\\\/\\\/sarmiento24h.com\\\/?p=159171#breadcrumb\",\"itemListElement\":[{\"@type\":\"ListItem\",\"position\":1,\"name\":\"Home\",\"item\":\"https:\\\/\\\/sarmiento24h.com\\\/\"},{\"@type\":\"ListItem\",\"position\":2,\"name\":\"El atacante de la cena de corresponsales con Trump comparece este lunes ante el juez\"}]},{\"@type\":\"WebSite\",\"@id\":\"https:\\\/\\\/sarmiento24h.com\\\/#website\",\"url\":\"https:\\\/\\\/sarmiento24h.com\\\/\",\"name\":\"Sarmiento24h\",\"description\":\"\",\"publisher\":{\"@id\":\"https:\\\/\\\/sarmiento24h.com\\\/#organization\"},\"potentialAction\":[{\"@type\":\"SearchAction\",\"target\":{\"@type\":\"EntryPoint\",\"urlTemplate\":\"https:\\\/\\\/sarmiento24h.com\\\/?s={search_term_string}\"},\"query-input\":{\"@type\":\"PropertyValueSpecification\",\"valueRequired\":true,\"valueName\":\"search_term_string\"}}],\"inLanguage\":\"es\"},{\"@type\":\"Organization\",\"@id\":\"https:\\\/\\\/sarmiento24h.com\\\/#organization\",\"name\":\"Sarmiento24h\",\"url\":\"https:\\\/\\\/sarmiento24h.com\\\/\",\"logo\":{\"@type\":\"ImageObject\",\"inLanguage\":\"es\",\"@id\":\"https:\\\/\\\/sarmiento24h.com\\\/#\\\/schema\\\/logo\\\/image\\\/\",\"url\":\"https:\\\/\\\/sarmiento24h.com\\\/wp-content\\\/uploads\\\/2025\\\/12\\\/AddText_12-16-10.30.52.jpg\",\"contentUrl\":\"https:\\\/\\\/sarmiento24h.com\\\/wp-content\\\/uploads\\\/2025\\\/12\\\/AddText_12-16-10.30.52.jpg\",\"width\":1220,\"height\":324,\"caption\":\"Sarmiento24h\"},\"image\":{\"@id\":\"https:\\\/\\\/sarmiento24h.com\\\/#\\\/schema\\\/logo\\\/image\\\/\"},\"sameAs\":[\"https:\\\/\\\/facebook.com\\\/s24hnoticias\",\"https:\\\/\\\/x.com\\\/sarmiento24h\"]},{\"@type\":\"Person\",\"@id\":\"https:\\\/\\\/sarmiento24h.com\\\/#\\\/schema\\\/person\\\/d653a59725ad629a7e0429af7b939d4d\",\"name\":\"sarmiento24h@gmail.com\",\"image\":{\"@type\":\"ImageObject\",\"inLanguage\":\"es\",\"@id\":\"https:\\\/\\\/sarmiento24h.com\\\/wp-content\\\/litespeed\\\/avatar\\\/d02cbc4e23c747e6659cd45907173c8f.jpg?ver=1777157796\",\"url\":\"https:\\\/\\\/sarmiento24h.com\\\/wp-content\\\/litespeed\\\/avatar\\\/d02cbc4e23c747e6659cd45907173c8f.jpg?ver=1777157796\",\"contentUrl\":\"https:\\\/\\\/sarmiento24h.com\\\/wp-content\\\/litespeed\\\/avatar\\\/d02cbc4e23c747e6659cd45907173c8f.jpg?ver=1777157796\",\"caption\":\"sarmiento24h@gmail.com\"},\"sameAs\":[\"https:\\\/\\\/sarmiento24h.com\"],\"url\":\"https:\\\/\\\/sarmiento24h.com\\\/?author=1\"}]}<\/script>\n<!-- \/ Yoast SEO plugin. -->","yoast_head_json":{"title":"El atacante de la cena de corresponsales con Trump comparece este lunes ante el juez - Sarmiento24h","robots":{"index":"index","follow":"follow","max-snippet":"max-snippet:-1","max-image-preview":"max-image-preview:large","max-video-preview":"max-video-preview:-1"},"canonical":"https:\/\/sarmiento24h.com\/?p=159171","og_locale":"es_ES","og_type":"article","og_title":"El atacante de la cena de corresponsales con Trump comparece este lunes ante el juez - Sarmiento24h","og_description":"El hombre acusado de disparar contra un&#46;&#46;&#46;","og_url":"https:\/\/sarmiento24h.com\/?p=159171","og_site_name":"Sarmiento24h","article_publisher":"https:\/\/facebook.com\/s24hnoticias","article_published_time":"2026-04-27T18:07:23+00:00","og_image":[{"url":"https:\/\/s.france24.com\/media\/display\/ed0287dc-419a-11f1-a2cd-005056bf30b7\/w:1024\/p:16x9\/ES-20260426-100350-100918-CS.jpg","type":"","width":"","height":""}],"author":"sarmiento24h@gmail.com","twitter_card":"summary_large_image","twitter_creator":"@sarmiento24h","twitter_site":"@sarmiento24h","twitter_misc":{"Escrito por":"sarmiento24h@gmail.com","Tiempo de lectura":"4 minutos"},"schema":{"@context":"https:\/\/schema.org","@graph":[{"@type":"Article","@id":"https:\/\/sarmiento24h.com\/?p=159171#article","isPartOf":{"@id":"https:\/\/sarmiento24h.com\/?p=159171"},"author":{"name":"sarmiento24h@gmail.com","@id":"https:\/\/sarmiento24h.com\/#\/schema\/person\/d653a59725ad629a7e0429af7b939d4d"},"headline":"El atacante de la cena de corresponsales con Trump comparece este lunes ante el juez","datePublished":"2026-04-27T18:07:23+00:00","mainEntityOfPage":{"@id":"https:\/\/sarmiento24h.com\/?p=159171"},"wordCount":765,"publisher":{"@id":"https:\/\/sarmiento24h.com\/#organization"},"image":{"@id":"https:\/\/sarmiento24h.com\/?p=159171#primaryimage"},"thumbnailUrl":"https:\/\/sarmiento24h.com\/wp-content\/uploads\/2026\/04\/el-atacante-de-la-cena-de-corresponsales-con-trump-comparece-este-lunes-ante-el-juez.jpg","articleSection":["Internacionales"],"inLanguage":"es"},{"@type":"WebPage","@id":"https:\/\/sarmiento24h.com\/?p=159171","url":"https:\/\/sarmiento24h.com\/?p=159171","name":"El atacante de la cena de corresponsales con Trump comparece este lunes ante el juez - Sarmiento24h","isPartOf":{"@id":"https:\/\/sarmiento24h.com\/#website"},"primaryImageOfPage":{"@id":"https:\/\/sarmiento24h.com\/?p=159171#primaryimage"},"image":{"@id":"https:\/\/sarmiento24h.com\/?p=159171#primaryimage"},"thumbnailUrl":"https:\/\/sarmiento24h.com\/wp-content\/uploads\/2026\/04\/el-atacante-de-la-cena-de-corresponsales-con-trump-comparece-este-lunes-ante-el-juez.jpg","datePublished":"2026-04-27T18:07:23+00:00","breadcrumb":{"@id":"https:\/\/sarmiento24h.com\/?p=159171#breadcrumb"},"inLanguage":"es","potentialAction":[{"@type":"ReadAction","target":["https:\/\/sarmiento24h.com\/?p=159171"]}]},{"@type":"ImageObject","inLanguage":"es","@id":"https:\/\/sarmiento24h.com\/?p=159171#primaryimage","url":"https:\/\/sarmiento24h.com\/wp-content\/uploads\/2026\/04\/el-atacante-de-la-cena-de-corresponsales-con-trump-comparece-este-lunes-ante-el-juez.jpg","contentUrl":"https:\/\/sarmiento24h.com\/wp-content\/uploads\/2026\/04\/el-atacante-de-la-cena-de-corresponsales-con-trump-comparece-este-lunes-ante-el-juez.jpg","width":1024,"height":576},{"@type":"BreadcrumbList","@id":"https:\/\/sarmiento24h.com\/?p=159171#breadcrumb","itemListElement":[{"@type":"ListItem","position":1,"name":"Home","item":"https:\/\/sarmiento24h.com\/"},{"@type":"ListItem","position":2,"name":"El atacante de la cena de corresponsales con Trump comparece este lunes ante el juez"}]},{"@type":"WebSite","@id":"https:\/\/sarmiento24h.com\/#website","url":"https:\/\/sarmiento24h.com\/","name":"Sarmiento24h","description":"","publisher":{"@id":"https:\/\/sarmiento24h.com\/#organization"},"potentialAction":[{"@type":"SearchAction","target":{"@type":"EntryPoint","urlTemplate":"https:\/\/sarmiento24h.com\/?s={search_term_string}"},"query-input":{"@type":"PropertyValueSpecification","valueRequired":true,"valueName":"search_term_string"}}],"inLanguage":"es"},{"@type":"Organization","@id":"https:\/\/sarmiento24h.com\/#organization","name":"Sarmiento24h","url":"https:\/\/sarmiento24h.com\/","logo":{"@type":"ImageObject","inLanguage":"es","@id":"https:\/\/sarmiento24h.com\/#\/schema\/logo\/image\/","url":"https:\/\/sarmiento24h.com\/wp-content\/uploads\/2025\/12\/AddText_12-16-10.30.52.jpg","contentUrl":"https:\/\/sarmiento24h.com\/wp-content\/uploads\/2025\/12\/AddText_12-16-10.30.52.jpg","width":1220,"height":324,"caption":"Sarmiento24h"},"image":{"@id":"https:\/\/sarmiento24h.com\/#\/schema\/logo\/image\/"},"sameAs":["https:\/\/facebook.com\/s24hnoticias","https:\/\/x.com\/sarmiento24h"]},{"@type":"Person","@id":"https:\/\/sarmiento24h.com\/#\/schema\/person\/d653a59725ad629a7e0429af7b939d4d","name":"sarmiento24h@gmail.com","image":{"@type":"ImageObject","inLanguage":"es","@id":"https:\/\/sarmiento24h.com\/wp-content\/litespeed\/avatar\/d02cbc4e23c747e6659cd45907173c8f.jpg?ver=1777157796","url":"https:\/\/sarmiento24h.com\/wp-content\/litespeed\/avatar\/d02cbc4e23c747e6659cd45907173c8f.jpg?ver=1777157796","contentUrl":"https:\/\/sarmiento24h.com\/wp-content\/litespeed\/avatar\/d02cbc4e23c747e6659cd45907173c8f.jpg?ver=1777157796","caption":"sarmiento24h@gmail.com"},"sameAs":["https:\/\/sarmiento24h.com"],"url":"https:\/\/sarmiento24h.com\/?author=1"}]}},"jetpack_publicize_connections":[],"jetpack_featured_media_url":"https:\/\/sarmiento24h.com\/wp-content\/uploads\/2026\/04\/el-atacante-de-la-cena-de-corresponsales-con-trump-comparece-este-lunes-ante-el-juez.jpg","jetpack_sharing_enabled":true,"_links":{"self":[{"href":"https:\/\/sarmiento24h.com\/index.php?rest_route=\/wp\/v2\/posts\/159171","targetHints":{"allow":["GET"]}}],"collection":[{"href":"https:\/\/sarmiento24h.com\/index.php?rest_route=\/wp\/v2\/posts"}],"about":[{"href":"https:\/\/sarmiento24h.com\/index.php?rest_route=\/wp\/v2\/types\/post"}],"author":[{"embeddable":true,"href":"https:\/\/sarmiento24h.com\/index.php?rest_route=\/wp\/v2\/users\/1"}],"replies":[{"embeddable":true,"href":"https:\/\/sarmiento24h.com\/index.php?rest_route=%2Fwp%2Fv2%2Fcomments&post=159171"}],"version-history":[{"count":0,"href":"https:\/\/sarmiento24h.com\/index.php?rest_route=\/wp\/v2\/posts\/159171\/revisions"}],"wp:featuredmedia":[{"embeddable":true,"href":"https:\/\/sarmiento24h.com\/index.php?rest_route=\/wp\/v2\/media\/159172"}],"wp:attachment":[{"href":"https:\/\/sarmiento24h.com\/index.php?rest_route=%2Fwp%2Fv2%2Fmedia&parent=159171"}],"wp:term":[{"taxonomy":"category","embeddable":true,"href":"https:\/\/sarmiento24h.com\/index.php?rest_route=%2Fwp%2Fv2%2Fcategories&post=159171"},{"taxonomy":"post_tag","embeddable":true,"href":"https:\/\/sarmiento24h.com\/index.php?rest_route=%2Fwp%2Fv2%2Ftags&post=159171"}],"curies":[{"name":"wp","href":"https:\/\/api.w.org\/{rel}","templated":true}]}}