{"id":159230,"date":"2026-04-27T18:18:58","date_gmt":"2026-04-27T18:18:58","guid":{"rendered":"http:\/\/69ef95a3a1db629b681b0ba6"},"modified":"2026-04-27T18:18:58","modified_gmt":"2026-04-27T18:18:58","slug":"meta-recurre-a-la-energia-solar-espacial-ante-la-creciente-presion-energetica-de-la-ia","status":"publish","type":"post","link":"https:\/\/sarmiento24h.com\/?p=159230","title":{"rendered":"Meta recurre a la energ\u00eda solar espacial ante la creciente presi\u00f3n energ\u00e9tica de la IA"},"content":{"rendered":"<div><img decoding=\"async\" src=\"https:\/\/media.es.wired.com\/photos\/69ef9a026f15ce0eb1881ba9\/16:9\/w_1280,c_limit\/energ%C3%ADa%20solar%20espacial%20Meta.png\" class=\"ff-og-image-inserted\"><\/div>\n<p>No obstante, la empresa reconoce que explorar nuevas fuentes de generaci\u00f3n no es suficiente para garantizar un suministro constante a sus centros de datos, cuya demanda energ\u00e9tica crece debido al uso intensivo de la IA. En este contexto, Meta anunci\u00f3 tambi\u00e9n una colaboraci\u00f3n con Noon Energy para reservar capacidad de almacenamiento de \u201cultralarga duraci\u00f3n\u201d de hasta 1 gigavatio de potencia y 100 gigavatios-hora (GWh) de energ\u00eda.<\/p>\n<p>La propuesta de almacenamiento se basa en pilas de combustible de \u00f3xido s\u00f3lido modulares y reversibles, combinadas con sistemas basados en carbono, lo que <strong>permite superar las 100 horas de almacenamiento continuo.<\/strong> Seg\u00fan la compa\u00f1\u00eda, estas capacidades exceden ampliamente las de las <a href=\"https:\/\/es.wired.com\/articulos\/la-industria-de-las-baterias-enfrenta-un-doble-desafio-expandir-la-produccion-e-innovar-con-nuevos-compuestos-para-el-futuro\">bater\u00edas de iones de litio<\/a>, que actualmente dominan el mercado.<\/p>\n<p>Como parte de esta iniciativa, Meta planea desarrollar un proyecto piloto de menor escala con una capacidad de 25 megavatios y 2.5 GWh de almacenamiento, tambi\u00e9n previsto para 2028. Este proyecto servir\u00e1 como prueba para evaluar el rendimiento, la eficiencia y la viabilidad econ\u00f3mica del sistema antes de una posible implementaci\u00f3n a gran escala.<\/p>\n<p>Meta admite que ambas tecnolog\u00edas se encuentran en etapas tempranas de desarrollo. Sin embargo, sostiene que invertir en estas soluciones forma parte de su estrategia para fortalecer la red el\u00e9ctrica mediante alternativas diversificadas y confiables.<\/p>\n<h2>Crecen preocupaciones sobre el consumo energ\u00e9tico de la IA<\/h2>\n<p>Estos acuerdos se producen en un contexto en el que diversas organizaciones y gobiernos han comenzado a alertar sobre una posible sobredemanda de energ\u00eda y agua asociada al crecimiento de los centros de datos de IA, lo que podr\u00eda profundizar desigualdades en el acceso a recursos y generar impactos ambientales significativos.<\/p>\n<p>En octubre pasado, la Organizaci\u00f3n de las Naciones Unidas (ONU) <a href=\"https:\/\/es.wired.com\/articulos\/onu-pide-frenar-la-expansion-de-los-centros-de-datos-que-alimentan-la-ia\">pidi\u00f3 frenar la expansi\u00f3n acelerada<\/a> de megacentros de datos. El organismo advirti\u00f3 que el auge de la IA y las criptomonedas est\u00e1 impulsando una demanda computacional sin precedentes, lo que conlleva \u201cimportantes y preocupantes requerimientos de agua, as\u00ed como un dram\u00e1tico aumento del consumo el\u00e9ctrico. Estas tendencias entra\u00f1an <strong>graves riesgos para los ecosistemas acu\u00e1ticos y plantean perspectivas insostenibles a futuro<\/strong>\u201d.<\/p>\n<p>La mayor\u00eda de las empresas tecnol\u00f3gicas que desarrollan sistemas de IA se han comprometido a reducir su consumo energ\u00e9tico y de recursos naturales. Sin embargo, la efectividad de estas medidas sigue en entredicho, debido a la <a href=\"https:\/\/es.wired.com\/articulos\/nadie-quiere-informar-cuanta-energia-usa-la-ia\">falta de datos precisos<\/a> sobre el consumo real de energ\u00eda y agua en los centros de datos.<\/p>\n<p>Compa\u00f1\u00edas como Meta, Google y OpenAI publican informes peri\u00f3dicos sobre el impacto ambiental de sus operaciones. No obstante, especialistas advierten que estas estimaciones no contemplan todos los escenarios, lo que podr\u00eda derivar en una subestimaci\u00f3n del impacto real.<\/p>\n<p>Actualmente, <strong>no existe un est\u00e1ndar unificado en la industria de la IA para medir el consumo h\u00eddrico y energ\u00e9tico de estas tecnolog\u00edas.<\/strong> Analistas coinciden en que este vac\u00edo debe abordarse con urgencia para garantizar un desarrollo sostenible y responsable.<\/p>\n<p>Una investigaci\u00f3n del Instituto de Investigaci\u00f3n de Capgemini advierte sobre la falta de seguimiento y conciencia en torno a la huella ambiental de la IA generativa, especialmente en el \u00e1mbito empresarial. Apenas el 12% de los ejecutivos afirma que sus organizaciones miden este impacto, y solo el 38% reconoce tener conocimiento al respecto.<\/p>\n<p>Cyril Garc\u00eda, director de Servicios de Sostenibilidad Global y Responsabilidad Corporativa de Capgemini, concluye que \u201csi queremos que la IA genere valor empresarial de manera sostenible, es necesario establecer normas para todo el sector\u201d.<\/p>\n","protected":false},"excerpt":{"rendered":"<p>No obstante, la empresa reconoce que explorar&#46;&#46;&#46;<\/p>\n","protected":false},"author":1,"featured_media":159231,"comment_status":"closed","ping_status":"closed","sticky":false,"template":"","format":"standard","meta":{"_jetpack_memberships_contains_paid_content":false,"footnotes":"","jetpack_publicize_message":"","jetpack_publicize_feature_enabled":true,"jetpack_social_post_already_shared":true,"jetpack_social_options":{"image_generator_settings":{"template":"highway","default_image_id":0,"font":"","enabled":false},"version":2}},"categories":[46],"tags":[],"class_list":["post-159230","post","type-post","status-publish","format-standard","has-post-thumbnail","hentry","category-tecnologia"],"yoast_head":"<!-- This site is optimized with the Yoast SEO plugin v27.3 - https:\/\/yoast.com\/product\/yoast-seo-wordpress\/ -->\n<title>Meta recurre a la energ\u00eda solar espacial ante la creciente presi\u00f3n energ\u00e9tica de la IA - Sarmiento24h<\/title>\n<meta name=\"robots\" content=\"index, follow, max-snippet:-1, max-image-preview:large, max-video-preview:-1\" \/>\n<link rel=\"canonical\" href=\"https:\/\/sarmiento24h.com\/?p=159230\" \/>\n<meta property=\"og:locale\" content=\"es_ES\" \/>\n<meta property=\"og:type\" content=\"article\" \/>\n<meta property=\"og:title\" content=\"Meta recurre a la energ\u00eda solar espacial ante la creciente presi\u00f3n energ\u00e9tica de la IA - Sarmiento24h\" \/>\n<meta property=\"og:description\" content=\"No obstante, la empresa reconoce que explorar&#046;&#046;&#046;\" \/>\n<meta property=\"og:url\" content=\"https:\/\/sarmiento24h.com\/?p=159230\" \/>\n<meta property=\"og:site_name\" content=\"Sarmiento24h\" \/>\n<meta property=\"article:publisher\" content=\"https:\/\/facebook.com\/s24hnoticias\" \/>\n<meta property=\"article:published_time\" content=\"2026-04-27T18:18:58+00:00\" \/>\n<meta property=\"og:image\" content=\"https:\/\/media.es.wired.com\/photos\/69ef9a026f15ce0eb1881ba9\/16:9\/w_1280,c_limit\/energ%C3%ADa%20solar%20espacial%20Meta.png\" \/>\n<meta name=\"author\" content=\"sarmiento24h@gmail.com\" \/>\n<meta name=\"twitter:card\" content=\"summary_large_image\" \/>\n<meta name=\"twitter:creator\" content=\"@sarmiento24h\" \/>\n<meta name=\"twitter:site\" content=\"@sarmiento24h\" \/>\n<meta name=\"twitter:label1\" content=\"Escrito por\" \/>\n\t<meta name=\"twitter:data1\" content=\"sarmiento24h@gmail.com\" \/>\n\t<meta name=\"twitter:label2\" content=\"Tiempo de lectura\" \/>\n\t<meta name=\"twitter:data2\" content=\"3 minutos\" \/>\n<script type=\"application\/ld+json\" class=\"yoast-schema-graph\">{\"@context\":\"https:\\\/\\\/schema.org\",\"@graph\":[{\"@type\":\"Article\",\"@id\":\"https:\\\/\\\/sarmiento24h.com\\\/?p=159230#article\",\"isPartOf\":{\"@id\":\"https:\\\/\\\/sarmiento24h.com\\\/?p=159230\"},\"author\":{\"name\":\"sarmiento24h@gmail.com\",\"@id\":\"https:\\\/\\\/sarmiento24h.com\\\/#\\\/schema\\\/person\\\/d653a59725ad629a7e0429af7b939d4d\"},\"headline\":\"Meta recurre a la energ\u00eda solar espacial ante la creciente presi\u00f3n energ\u00e9tica de la IA\",\"datePublished\":\"2026-04-27T18:18:58+00:00\",\"mainEntityOfPage\":{\"@id\":\"https:\\\/\\\/sarmiento24h.com\\\/?p=159230\"},\"wordCount\":604,\"publisher\":{\"@id\":\"https:\\\/\\\/sarmiento24h.com\\\/#organization\"},\"image\":{\"@id\":\"https:\\\/\\\/sarmiento24h.com\\\/?p=159230#primaryimage\"},\"thumbnailUrl\":\"https:\\\/\\\/sarmiento24h.com\\\/wp-content\\\/uploads\\\/2026\\\/04\\\/meta-recurre-a-la-energia-solar-espacial-ante-la-creciente-presion-energetica-de-la-ia.png\",\"articleSection\":[\"Tecnologia\"],\"inLanguage\":\"es\"},{\"@type\":\"WebPage\",\"@id\":\"https:\\\/\\\/sarmiento24h.com\\\/?p=159230\",\"url\":\"https:\\\/\\\/sarmiento24h.com\\\/?p=159230\",\"name\":\"Meta recurre a la energ\u00eda solar espacial ante la creciente presi\u00f3n energ\u00e9tica de la IA - Sarmiento24h\",\"isPartOf\":{\"@id\":\"https:\\\/\\\/sarmiento24h.com\\\/#website\"},\"primaryImageOfPage\":{\"@id\":\"https:\\\/\\\/sarmiento24h.com\\\/?p=159230#primaryimage\"},\"image\":{\"@id\":\"https:\\\/\\\/sarmiento24h.com\\\/?p=159230#primaryimage\"},\"thumbnailUrl\":\"https:\\\/\\\/sarmiento24h.com\\\/wp-content\\\/uploads\\\/2026\\\/04\\\/meta-recurre-a-la-energia-solar-espacial-ante-la-creciente-presion-energetica-de-la-ia.png\",\"datePublished\":\"2026-04-27T18:18:58+00:00\",\"breadcrumb\":{\"@id\":\"https:\\\/\\\/sarmiento24h.com\\\/?p=159230#breadcrumb\"},\"inLanguage\":\"es\",\"potentialAction\":[{\"@type\":\"ReadAction\",\"target\":[\"https:\\\/\\\/sarmiento24h.com\\\/?p=159230\"]}]},{\"@type\":\"ImageObject\",\"inLanguage\":\"es\",\"@id\":\"https:\\\/\\\/sarmiento24h.com\\\/?p=159230#primaryimage\",\"url\":\"https:\\\/\\\/sarmiento24h.com\\\/wp-content\\\/uploads\\\/2026\\\/04\\\/meta-recurre-a-la-energia-solar-espacial-ante-la-creciente-presion-energetica-de-la-ia.png\",\"contentUrl\":\"https:\\\/\\\/sarmiento24h.com\\\/wp-content\\\/uploads\\\/2026\\\/04\\\/meta-recurre-a-la-energia-solar-espacial-ante-la-creciente-presion-energetica-de-la-ia.png\",\"width\":1280,\"height\":720},{\"@type\":\"BreadcrumbList\",\"@id\":\"https:\\\/\\\/sarmiento24h.com\\\/?p=159230#breadcrumb\",\"itemListElement\":[{\"@type\":\"ListItem\",\"position\":1,\"name\":\"Home\",\"item\":\"https:\\\/\\\/sarmiento24h.com\\\/\"},{\"@type\":\"ListItem\",\"position\":2,\"name\":\"Meta recurre a la energ\u00eda solar espacial ante la creciente presi\u00f3n energ\u00e9tica de la IA\"}]},{\"@type\":\"WebSite\",\"@id\":\"https:\\\/\\\/sarmiento24h.com\\\/#website\",\"url\":\"https:\\\/\\\/sarmiento24h.com\\\/\",\"name\":\"Sarmiento24h\",\"description\":\"\",\"publisher\":{\"@id\":\"https:\\\/\\\/sarmiento24h.com\\\/#organization\"},\"potentialAction\":[{\"@type\":\"SearchAction\",\"target\":{\"@type\":\"EntryPoint\",\"urlTemplate\":\"https:\\\/\\\/sarmiento24h.com\\\/?s={search_term_string}\"},\"query-input\":{\"@type\":\"PropertyValueSpecification\",\"valueRequired\":true,\"valueName\":\"search_term_string\"}}],\"inLanguage\":\"es\"},{\"@type\":\"Organization\",\"@id\":\"https:\\\/\\\/sarmiento24h.com\\\/#organization\",\"name\":\"Sarmiento24h\",\"url\":\"https:\\\/\\\/sarmiento24h.com\\\/\",\"logo\":{\"@type\":\"ImageObject\",\"inLanguage\":\"es\",\"@id\":\"https:\\\/\\\/sarmiento24h.com\\\/#\\\/schema\\\/logo\\\/image\\\/\",\"url\":\"https:\\\/\\\/sarmiento24h.com\\\/wp-content\\\/uploads\\\/2025\\\/12\\\/AddText_12-16-10.30.52.jpg\",\"contentUrl\":\"https:\\\/\\\/sarmiento24h.com\\\/wp-content\\\/uploads\\\/2025\\\/12\\\/AddText_12-16-10.30.52.jpg\",\"width\":1220,\"height\":324,\"caption\":\"Sarmiento24h\"},\"image\":{\"@id\":\"https:\\\/\\\/sarmiento24h.com\\\/#\\\/schema\\\/logo\\\/image\\\/\"},\"sameAs\":[\"https:\\\/\\\/facebook.com\\\/s24hnoticias\",\"https:\\\/\\\/x.com\\\/sarmiento24h\"]},{\"@type\":\"Person\",\"@id\":\"https:\\\/\\\/sarmiento24h.com\\\/#\\\/schema\\\/person\\\/d653a59725ad629a7e0429af7b939d4d\",\"name\":\"sarmiento24h@gmail.com\",\"image\":{\"@type\":\"ImageObject\",\"inLanguage\":\"es\",\"@id\":\"https:\\\/\\\/sarmiento24h.com\\\/wp-content\\\/litespeed\\\/avatar\\\/d02cbc4e23c747e6659cd45907173c8f.jpg?ver=1777157796\",\"url\":\"https:\\\/\\\/sarmiento24h.com\\\/wp-content\\\/litespeed\\\/avatar\\\/d02cbc4e23c747e6659cd45907173c8f.jpg?ver=1777157796\",\"contentUrl\":\"https:\\\/\\\/sarmiento24h.com\\\/wp-content\\\/litespeed\\\/avatar\\\/d02cbc4e23c747e6659cd45907173c8f.jpg?ver=1777157796\",\"caption\":\"sarmiento24h@gmail.com\"},\"sameAs\":[\"https:\\\/\\\/sarmiento24h.com\"],\"url\":\"https:\\\/\\\/sarmiento24h.com\\\/?author=1\"}]}<\/script>\n<!-- \/ Yoast SEO plugin. -->","yoast_head_json":{"title":"Meta recurre a la energ\u00eda solar espacial ante la creciente presi\u00f3n energ\u00e9tica de la IA - Sarmiento24h","robots":{"index":"index","follow":"follow","max-snippet":"max-snippet:-1","max-image-preview":"max-image-preview:large","max-video-preview":"max-video-preview:-1"},"canonical":"https:\/\/sarmiento24h.com\/?p=159230","og_locale":"es_ES","og_type":"article","og_title":"Meta recurre a la energ\u00eda solar espacial ante la creciente presi\u00f3n energ\u00e9tica de la IA - Sarmiento24h","og_description":"No obstante, la empresa reconoce que explorar&#46;&#46;&#46;","og_url":"https:\/\/sarmiento24h.com\/?p=159230","og_site_name":"Sarmiento24h","article_publisher":"https:\/\/facebook.com\/s24hnoticias","article_published_time":"2026-04-27T18:18:58+00:00","og_image":[{"url":"https:\/\/media.es.wired.com\/photos\/69ef9a026f15ce0eb1881ba9\/16:9\/w_1280,c_limit\/energ%C3%ADa%20solar%20espacial%20Meta.png","type":"","width":"","height":""}],"author":"sarmiento24h@gmail.com","twitter_card":"summary_large_image","twitter_creator":"@sarmiento24h","twitter_site":"@sarmiento24h","twitter_misc":{"Escrito por":"sarmiento24h@gmail.com","Tiempo de lectura":"3 minutos"},"schema":{"@context":"https:\/\/schema.org","@graph":[{"@type":"Article","@id":"https:\/\/sarmiento24h.com\/?p=159230#article","isPartOf":{"@id":"https:\/\/sarmiento24h.com\/?p=159230"},"author":{"name":"sarmiento24h@gmail.com","@id":"https:\/\/sarmiento24h.com\/#\/schema\/person\/d653a59725ad629a7e0429af7b939d4d"},"headline":"Meta recurre a la energ\u00eda solar espacial ante la creciente presi\u00f3n energ\u00e9tica de la IA","datePublished":"2026-04-27T18:18:58+00:00","mainEntityOfPage":{"@id":"https:\/\/sarmiento24h.com\/?p=159230"},"wordCount":604,"publisher":{"@id":"https:\/\/sarmiento24h.com\/#organization"},"image":{"@id":"https:\/\/sarmiento24h.com\/?p=159230#primaryimage"},"thumbnailUrl":"https:\/\/sarmiento24h.com\/wp-content\/uploads\/2026\/04\/meta-recurre-a-la-energia-solar-espacial-ante-la-creciente-presion-energetica-de-la-ia.png","articleSection":["Tecnologia"],"inLanguage":"es"},{"@type":"WebPage","@id":"https:\/\/sarmiento24h.com\/?p=159230","url":"https:\/\/sarmiento24h.com\/?p=159230","name":"Meta recurre a la energ\u00eda solar espacial ante la creciente presi\u00f3n energ\u00e9tica de la IA - Sarmiento24h","isPartOf":{"@id":"https:\/\/sarmiento24h.com\/#website"},"primaryImageOfPage":{"@id":"https:\/\/sarmiento24h.com\/?p=159230#primaryimage"},"image":{"@id":"https:\/\/sarmiento24h.com\/?p=159230#primaryimage"},"thumbnailUrl":"https:\/\/sarmiento24h.com\/wp-content\/uploads\/2026\/04\/meta-recurre-a-la-energia-solar-espacial-ante-la-creciente-presion-energetica-de-la-ia.png","datePublished":"2026-04-27T18:18:58+00:00","breadcrumb":{"@id":"https:\/\/sarmiento24h.com\/?p=159230#breadcrumb"},"inLanguage":"es","potentialAction":[{"@type":"ReadAction","target":["https:\/\/sarmiento24h.com\/?p=159230"]}]},{"@type":"ImageObject","inLanguage":"es","@id":"https:\/\/sarmiento24h.com\/?p=159230#primaryimage","url":"https:\/\/sarmiento24h.com\/wp-content\/uploads\/2026\/04\/meta-recurre-a-la-energia-solar-espacial-ante-la-creciente-presion-energetica-de-la-ia.png","contentUrl":"https:\/\/sarmiento24h.com\/wp-content\/uploads\/2026\/04\/meta-recurre-a-la-energia-solar-espacial-ante-la-creciente-presion-energetica-de-la-ia.png","width":1280,"height":720},{"@type":"BreadcrumbList","@id":"https:\/\/sarmiento24h.com\/?p=159230#breadcrumb","itemListElement":[{"@type":"ListItem","position":1,"name":"Home","item":"https:\/\/sarmiento24h.com\/"},{"@type":"ListItem","position":2,"name":"Meta recurre a la energ\u00eda solar espacial ante la creciente presi\u00f3n energ\u00e9tica de la IA"}]},{"@type":"WebSite","@id":"https:\/\/sarmiento24h.com\/#website","url":"https:\/\/sarmiento24h.com\/","name":"Sarmiento24h","description":"","publisher":{"@id":"https:\/\/sarmiento24h.com\/#organization"},"potentialAction":[{"@type":"SearchAction","target":{"@type":"EntryPoint","urlTemplate":"https:\/\/sarmiento24h.com\/?s={search_term_string}"},"query-input":{"@type":"PropertyValueSpecification","valueRequired":true,"valueName":"search_term_string"}}],"inLanguage":"es"},{"@type":"Organization","@id":"https:\/\/sarmiento24h.com\/#organization","name":"Sarmiento24h","url":"https:\/\/sarmiento24h.com\/","logo":{"@type":"ImageObject","inLanguage":"es","@id":"https:\/\/sarmiento24h.com\/#\/schema\/logo\/image\/","url":"https:\/\/sarmiento24h.com\/wp-content\/uploads\/2025\/12\/AddText_12-16-10.30.52.jpg","contentUrl":"https:\/\/sarmiento24h.com\/wp-content\/uploads\/2025\/12\/AddText_12-16-10.30.52.jpg","width":1220,"height":324,"caption":"Sarmiento24h"},"image":{"@id":"https:\/\/sarmiento24h.com\/#\/schema\/logo\/image\/"},"sameAs":["https:\/\/facebook.com\/s24hnoticias","https:\/\/x.com\/sarmiento24h"]},{"@type":"Person","@id":"https:\/\/sarmiento24h.com\/#\/schema\/person\/d653a59725ad629a7e0429af7b939d4d","name":"sarmiento24h@gmail.com","image":{"@type":"ImageObject","inLanguage":"es","@id":"https:\/\/sarmiento24h.com\/wp-content\/litespeed\/avatar\/d02cbc4e23c747e6659cd45907173c8f.jpg?ver=1777157796","url":"https:\/\/sarmiento24h.com\/wp-content\/litespeed\/avatar\/d02cbc4e23c747e6659cd45907173c8f.jpg?ver=1777157796","contentUrl":"https:\/\/sarmiento24h.com\/wp-content\/litespeed\/avatar\/d02cbc4e23c747e6659cd45907173c8f.jpg?ver=1777157796","caption":"sarmiento24h@gmail.com"},"sameAs":["https:\/\/sarmiento24h.com"],"url":"https:\/\/sarmiento24h.com\/?author=1"}]}},"jetpack_publicize_connections":[],"jetpack_featured_media_url":"https:\/\/sarmiento24h.com\/wp-content\/uploads\/2026\/04\/meta-recurre-a-la-energia-solar-espacial-ante-la-creciente-presion-energetica-de-la-ia.png","jetpack_sharing_enabled":true,"_links":{"self":[{"href":"https:\/\/sarmiento24h.com\/index.php?rest_route=\/wp\/v2\/posts\/159230","targetHints":{"allow":["GET"]}}],"collection":[{"href":"https:\/\/sarmiento24h.com\/index.php?rest_route=\/wp\/v2\/posts"}],"about":[{"href":"https:\/\/sarmiento24h.com\/index.php?rest_route=\/wp\/v2\/types\/post"}],"author":[{"embeddable":true,"href":"https:\/\/sarmiento24h.com\/index.php?rest_route=\/wp\/v2\/users\/1"}],"replies":[{"embeddable":true,"href":"https:\/\/sarmiento24h.com\/index.php?rest_route=%2Fwp%2Fv2%2Fcomments&post=159230"}],"version-history":[{"count":0,"href":"https:\/\/sarmiento24h.com\/index.php?rest_route=\/wp\/v2\/posts\/159230\/revisions"}],"wp:featuredmedia":[{"embeddable":true,"href":"https:\/\/sarmiento24h.com\/index.php?rest_route=\/wp\/v2\/media\/159231"}],"wp:attachment":[{"href":"https:\/\/sarmiento24h.com\/index.php?rest_route=%2Fwp%2Fv2%2Fmedia&parent=159230"}],"wp:term":[{"taxonomy":"category","embeddable":true,"href":"https:\/\/sarmiento24h.com\/index.php?rest_route=%2Fwp%2Fv2%2Fcategories&post=159230"},{"taxonomy":"post_tag","embeddable":true,"href":"https:\/\/sarmiento24h.com\/index.php?rest_route=%2Fwp%2Fv2%2Ftags&post=159230"}],"curies":[{"name":"wp","href":"https:\/\/api.w.org\/{rel}","templated":true}]}}