{"id":159433,"date":"2026-04-27T20:17:49","date_gmt":"2026-04-27T20:17:49","guid":{"rendered":"http:\/\/5b8c3638-41de-11f1-ae26-63014d396b16"},"modified":"2026-04-27T20:17:49","modified_gmt":"2026-04-27T20:17:49","slug":"del-conflicto-interno-al-frente-europeo-por-que-tantos-colombianos-estan-combatiendo-en-ucrania","status":"publish","type":"post","link":"https:\/\/sarmiento24h.com\/?p=159433","title":{"rendered":"Del conflicto interno al frente europeo: \u00bfpor qu\u00e9 tantos colombianos est\u00e1n combatiendo en Ucrania?"},"content":{"rendered":"<p> En las zonas m\u00e1s peligrosas del frente en Ucrania, hoy es casi tan com\u00fan escuchar espa\u00f1ol como ucraniano. Cada vez m\u00e1s soldados colombianos combaten all\u00ed, atra\u00eddos por salarios relativamente altos, pero tambi\u00e9n por una mezcla de aventura y la idea de contribuir a una causa que consideran justa. Nuestros reporteros, Gulliver Cragg y Catalina Gomez, recorrieron Colombia y Ucrania para entender qu\u00e9 impulsa a estos hombres a ir a la guerra y c\u00f3mo lo viven sus familias. <\/p>\n<div readability=\"78.367567567568\">\n<p>Seg\u00fan una investigaci\u00f3n del medio ucraniano NV a comienzos de este a\u00f1o,<strong> m\u00e1s de 7.000 colombianos han combatido en las fuerzas armadas ucranianas desde 2022. <\/strong>Al principio, como otros combatientes extranjeros que respondieron al llamado del presidente <a href=\"https:\/\/www.france24.com\/es\/tag\/volod\u00edmir-zelenski\/\" target=\"_self\">Volod\u00edmir Zelenski,<\/a> muchos viajaron por su cuenta para alistarse. Desde entonces, brigadas ucranianas han empezado a cubrir los gastos de traslado, en un contexto en el que estos combatientes son cada vez m\u00e1s demandados.<\/p>\n<p>Mientras <a href=\"https:\/\/www.france24.com\/es\/tag\/kiev\/\" target=\"_self\">Kiev<\/a> enfrenta dificultades para reclutar soldados para el frente, los colombianos encuentran en el <a href=\"https:\/\/www.france24.com\/es\/programas\/reporteros\/20250217-ausentes-sin-permiso-por-qu\u00e9-los-soldados-ucranianos-est\u00e1n-abandonando-el-frente\" target=\"_self\">ej\u00e9rcito ucraniano<\/a> una oportunidad econ\u00f3mica. Sin embargo, no es el \u00fanico motivo: tambi\u00e9n pesa la b\u00fasqueda de prop\u00f3sito y el deseo de acci\u00f3n.<\/p>\n<p class=\"a-read-more\"><span class=\"a-read-more__label\">Leer tambi\u00e9n<\/span><a href=\"https:\/\/www.france24.com\/es\/europa\/20260204-inicia-ronda-de-conversaciones-entre-kiev-y-mosc\u00fa-tras-masivos-ataques-rusos-contra-ucrania\" target=\"_self\" class=\"a-read-more__link\">Alrededor de 55.000 soldados ucranianos han muerto desde el comienzo de la guerra, afirma Zelenski<\/a><\/p>\n<p><a href=\"https:\/\/www.france24.com\/es\/video\/20260416-directo-latam-y-los-10-a\u00f1os-de-la-firma-del-acuerdo-de-paz-con-las-farc\" target=\"_self\">El acuerdo de paz de 2016 en Colombia<\/a> dej\u00f3 a muchos militares sinti\u00e9ndose subutilizados y mal remunerados. Algunos ya hab\u00edan combatido en otros conflictos, como en <a href=\"https:\/\/www.france24.com\/es\/tag\/yemen\/\" target=\"_self\">Yemen<\/a> o <a href=\"https:\/\/www.france24.com\/es\/tag\/sud\u00e1n\/\" target=\"_self\">Sud\u00e1n<\/a>, pero <a href=\"https:\/\/www.france24.com\/es\/tag\/ucrania\/\" target=\"_self\">Ucrania <\/a>es el primer escenario en el que son incorporados oficialmente a las fuerzas armadas de otro pa\u00eds.<\/p>\n<blockquote class=\"quote\" readability=\"7\">\n<p>Aunque no hay cifras oficiales, fuentes militares ucranianas estiman que alrededor del 40 % de los combatientes extranjeros en Ucrania son colombianos.<\/p>\n<\/blockquote>\n<p>No todos, sin embargo, se suman al bando ucraniano. <a href=\"https:\/\/www.france24.com\/es\/tag\/rusia\/\" target=\"_self\">Rusia<\/a> tambi\u00e9n ha intensificado sus esfuerzos de reclutamiento, en gran parte a trav\u00e9s de plataformas como TikTok.<\/p>\n<p>Una ONG colombiana que asiste a personas desaparecidas se\u00f1ala que obtener informaci\u00f3n desde el lado ruso es mucho m\u00e1s dif\u00edcil. <strong>Numerosas familias en Colombia han perdido contacto con sus seres queridos que partieron hacia la guerra, en parte porque muchos no revelan sus planes antes de marcharse.<\/strong><\/p>\n<p>Aunque algunos combatientes destacan la puntualidad en los pagos y desarrollan un fuerte v\u00ednculo con Ucrania, otros denuncian dificultades para recibir su salario. A esto se suma el choque con <strong>la brutalidad del conflicto, para el que muchos no estaban preparados.<\/strong><\/p>\n<div class=\"em-video-wrapper m-em-video\" data-media-video-wbmz386883-f24-es-20260427 data-wrapper-video-player data-show-hidden-video-player=\"WBMZ386883-F24-ES-20260427\" data-youtube-script readability=\"7\">\n<p>Soldados ucranianos buscan sanar sus heridas invisibles en el Monte Athos<\/p>\n<div class=\"m-em-video__video\">\n<div class=\"o-em-consent \" readability=\"7\">\n<div class=\"o-em-consent__content\" readability=\"34\">\n<p class=\"o-em-consent__content__text\">Para mostrar este contenido de YouTube, debe autorizar las cookies de medici\u00f3n de audiencia y publicidad.<\/p>\n<p> <button class=\"a-master-button a-master-button--dark\" data-action=\"accept\"> Aceptar <svg class=\"a-svg a-svg--icon-check\"> <use xlink:href=\"\/build\/images\/svg\/sprite.c98bf387c90bc4a87186b0b783f15ba0.svg#icon-check\" href=\"\/build\/images\/svg\/sprite.c98bf387c90bc4a87186b0b783f15ba0.svg#icon-check\" \/> <\/svg> <\/button> <button class=\"a-link\" data-action=\"manage\">Gestionar mis opciones<i class=\"a-svg a-svg--icon-edit\"><\/i><\/button> <\/div>\n<\/div>\n<div class=\"o-em-adblock\" data-adblock-content readability=\"7\">\n<div class=\"o-em-adblock__content\" readability=\"34\">\n<p class=\"o-em-adblock__content__text\">Una extensi\u00f3n de tu navegador parece estar bloqueando la carga del reproductor de video. Para poder ver este contenido, debes desactivarla en este sitio.<\/p>\n<p> <button class=\"a-master-button a-master-button--dark\" data-action=\"reload\">Reintentar<\/button> <\/div>\n<\/div>\n<figure class=\"m-item-image m-item-image--16x9 m-item-image--has-caption\"> <picture class=\"a-picture a-picture--16x9\"><source type=\"image\/webp\" srcset=\"https:\/\/s.france24.com\/media\/display\/17552b3a-b59f-11f0-9fbb-005056bfb2b6\/w:388\/p:16x9\/reporters-18-10-2025-FR-EN.webp 388w, https:\/\/s.france24.com\/media\/display\/17552b3a-b59f-11f0-9fbb-005056bfb2b6\/w:720\/p:16x9\/reporters-18-10-2025-FR-EN.webp 720w, https:\/\/s.france24.com\/media\/display\/17552b3a-b59f-11f0-9fbb-005056bfb2b6\/w:1024\/p:16x9\/reporters-18-10-2025-FR-EN.webp 1024w\" sizes=\"(max-width: 639px) calc(100vw - 32px), (max-width: 1076px) calc(100vw - 44px), 850px\"><img fetchpriority=\"low\" decoding=\"async\" src=\"https:\/\/s.france24.com\/media\/display\/17552b3a-b59f-11f0-9fbb-005056bfb2b6\/w:1024\/p:16x9\/reporters-18-10-2025-FR-EN.jpg\" srcset=\"https:\/\/s.france24.com\/media\/display\/17552b3a-b59f-11f0-9fbb-005056bfb2b6\/w:388\/p:16x9\/reporters-18-10-2025-FR-EN.jpg 388w, https:\/\/s.france24.com\/media\/display\/17552b3a-b59f-11f0-9fbb-005056bfb2b6\/w:720\/p:16x9\/reporters-18-10-2025-FR-EN.jpg 720w, https:\/\/s.france24.com\/media\/display\/17552b3a-b59f-11f0-9fbb-005056bfb2b6\/w:1024\/p:16x9\/reporters-18-10-2025-FR-EN.jpg 1024w\" sizes=\"auto, (max-width: 639px) calc(100vw - 32px), (max-width: 1076px) calc(100vw - 44px), 850px\" width=\"1024\" height=\"576\" alt=\"Ucrania: soldados buscan sanar sus heridas invisibles en el Monte Athos\" loading=\"lazy\" class=\"a-img \">\n<\/picture><figcaption class=\"a-figcaption\"> <span>Ucrania: soldados buscan sanar sus heridas invisibles en el Monte Athos<\/span> <span>\u00a9 France 24<\/span> <\/figcaption><\/figure>\n<\/p><\/div>\n<\/p><\/div>\n<p>Estos factores, junto con la elevada tasa de mortalidad, han hecho que en redes sociales proliferen tanto los mensajes de advertencia como los de incentivo para viajar a Ucrania. Aun as\u00ed, el flujo no se detiene. Reclutadores ucranianos en Bogot\u00e1 aseguran que reciben m\u00e1s solicitudes de informaci\u00f3n de las que pueden atender.<\/p>\n<p>\ud83d\udcf2<a href=\"https:\/\/whatsapp.com\/channel\/0029VaoOiJc0gcfEHFjq5V2e\" target=\"_blank\"><em><u>Suscr\u00edbete aqu\u00ed al canal de France 24 en WhatsApp y accede a todo el contenido para entender lo que acontece en el mundo.<\/u><\/em><\/a><em>&nbsp;<\/em>&nbsp;&nbsp;<\/p>\n<\/p><\/div>\n","protected":false},"excerpt":{"rendered":"<p>En las zonas m\u00e1s peligrosas del frente&#46;&#46;&#46;<\/p>\n","protected":false},"author":1,"featured_media":159434,"comment_status":"closed","ping_status":"closed","sticky":false,"template":"","format":"standard","meta":{"_jetpack_memberships_contains_paid_content":false,"footnotes":"","jetpack_publicize_message":"","jetpack_publicize_feature_enabled":true,"jetpack_social_post_already_shared":true,"jetpack_social_options":{"image_generator_settings":{"template":"highway","default_image_id":0,"font":"","enabled":false},"version":2}},"categories":[43],"tags":[],"class_list":["post-159433","post","type-post","status-publish","format-standard","has-post-thumbnail","hentry","category-internacionales"],"yoast_head":"<!-- This site is optimized with the Yoast SEO plugin v27.3 - https:\/\/yoast.com\/product\/yoast-seo-wordpress\/ -->\n<title>Del conflicto interno al frente europeo: \u00bfpor qu\u00e9 tantos colombianos est\u00e1n combatiendo en Ucrania? - Sarmiento24h<\/title>\n<meta name=\"robots\" content=\"index, follow, max-snippet:-1, max-image-preview:large, max-video-preview:-1\" \/>\n<link rel=\"canonical\" href=\"https:\/\/sarmiento24h.com\/?p=159433\" \/>\n<meta property=\"og:locale\" content=\"es_ES\" \/>\n<meta property=\"og:type\" content=\"article\" \/>\n<meta property=\"og:title\" content=\"Del conflicto interno al frente europeo: \u00bfpor qu\u00e9 tantos colombianos est\u00e1n combatiendo en Ucrania? - Sarmiento24h\" \/>\n<meta property=\"og:description\" content=\"En las zonas m\u00e1s peligrosas del frente&#046;&#046;&#046;\" \/>\n<meta property=\"og:url\" content=\"https:\/\/sarmiento24h.com\/?p=159433\" \/>\n<meta property=\"og:site_name\" content=\"Sarmiento24h\" \/>\n<meta property=\"article:publisher\" content=\"https:\/\/facebook.com\/s24hnoticias\" \/>\n<meta property=\"article:published_time\" content=\"2026-04-27T20:17:49+00:00\" \/>\n<meta property=\"og:image\" content=\"https:\/\/s.france24.com\/media\/display\/17552b3a-b59f-11f0-9fbb-005056bfb2b6\/w:1024\/p:16x9\/reporters-18-10-2025-FR-EN.jpg\" \/>\n<meta name=\"author\" content=\"sarmiento24h@gmail.com\" \/>\n<meta name=\"twitter:card\" content=\"summary_large_image\" \/>\n<meta name=\"twitter:creator\" content=\"@sarmiento24h\" \/>\n<meta name=\"twitter:site\" content=\"@sarmiento24h\" \/>\n<meta name=\"twitter:label1\" content=\"Escrito por\" \/>\n\t<meta name=\"twitter:data1\" content=\"sarmiento24h@gmail.com\" \/>\n\t<meta name=\"twitter:label2\" content=\"Tiempo de lectura\" \/>\n\t<meta name=\"twitter:data2\" content=\"3 minutos\" \/>\n<script type=\"application\/ld+json\" class=\"yoast-schema-graph\">{\"@context\":\"https:\\\/\\\/schema.org\",\"@graph\":[{\"@type\":\"Article\",\"@id\":\"https:\\\/\\\/sarmiento24h.com\\\/?p=159433#article\",\"isPartOf\":{\"@id\":\"https:\\\/\\\/sarmiento24h.com\\\/?p=159433\"},\"author\":{\"name\":\"sarmiento24h@gmail.com\",\"@id\":\"https:\\\/\\\/sarmiento24h.com\\\/#\\\/schema\\\/person\\\/d653a59725ad629a7e0429af7b939d4d\"},\"headline\":\"Del conflicto interno al frente europeo: \u00bfpor qu\u00e9 tantos colombianos est\u00e1n combatiendo en Ucrania?\",\"datePublished\":\"2026-04-27T20:17:49+00:00\",\"mainEntityOfPage\":{\"@id\":\"https:\\\/\\\/sarmiento24h.com\\\/?p=159433\"},\"wordCount\":577,\"publisher\":{\"@id\":\"https:\\\/\\\/sarmiento24h.com\\\/#organization\"},\"image\":{\"@id\":\"https:\\\/\\\/sarmiento24h.com\\\/?p=159433#primaryimage\"},\"thumbnailUrl\":\"https:\\\/\\\/sarmiento24h.com\\\/wp-content\\\/uploads\\\/2026\\\/04\\\/del-conflicto-interno-al-frente-europeo-por-que-tantos-colombianos-estan-combatiendo-en-ucrania.jpg\",\"articleSection\":[\"Internacionales\"],\"inLanguage\":\"es\"},{\"@type\":\"WebPage\",\"@id\":\"https:\\\/\\\/sarmiento24h.com\\\/?p=159433\",\"url\":\"https:\\\/\\\/sarmiento24h.com\\\/?p=159433\",\"name\":\"Del conflicto interno al frente europeo: \u00bfpor qu\u00e9 tantos colombianos est\u00e1n combatiendo en Ucrania? - Sarmiento24h\",\"isPartOf\":{\"@id\":\"https:\\\/\\\/sarmiento24h.com\\\/#website\"},\"primaryImageOfPage\":{\"@id\":\"https:\\\/\\\/sarmiento24h.com\\\/?p=159433#primaryimage\"},\"image\":{\"@id\":\"https:\\\/\\\/sarmiento24h.com\\\/?p=159433#primaryimage\"},\"thumbnailUrl\":\"https:\\\/\\\/sarmiento24h.com\\\/wp-content\\\/uploads\\\/2026\\\/04\\\/del-conflicto-interno-al-frente-europeo-por-que-tantos-colombianos-estan-combatiendo-en-ucrania.jpg\",\"datePublished\":\"2026-04-27T20:17:49+00:00\",\"breadcrumb\":{\"@id\":\"https:\\\/\\\/sarmiento24h.com\\\/?p=159433#breadcrumb\"},\"inLanguage\":\"es\",\"potentialAction\":[{\"@type\":\"ReadAction\",\"target\":[\"https:\\\/\\\/sarmiento24h.com\\\/?p=159433\"]}]},{\"@type\":\"ImageObject\",\"inLanguage\":\"es\",\"@id\":\"https:\\\/\\\/sarmiento24h.com\\\/?p=159433#primaryimage\",\"url\":\"https:\\\/\\\/sarmiento24h.com\\\/wp-content\\\/uploads\\\/2026\\\/04\\\/del-conflicto-interno-al-frente-europeo-por-que-tantos-colombianos-estan-combatiendo-en-ucrania.jpg\",\"contentUrl\":\"https:\\\/\\\/sarmiento24h.com\\\/wp-content\\\/uploads\\\/2026\\\/04\\\/del-conflicto-interno-al-frente-europeo-por-que-tantos-colombianos-estan-combatiendo-en-ucrania.jpg\",\"width\":1024,\"height\":576},{\"@type\":\"BreadcrumbList\",\"@id\":\"https:\\\/\\\/sarmiento24h.com\\\/?p=159433#breadcrumb\",\"itemListElement\":[{\"@type\":\"ListItem\",\"position\":1,\"name\":\"Home\",\"item\":\"https:\\\/\\\/sarmiento24h.com\\\/\"},{\"@type\":\"ListItem\",\"position\":2,\"name\":\"Del conflicto interno al frente europeo: \u00bfpor qu\u00e9 tantos colombianos est\u00e1n combatiendo en Ucrania?\"}]},{\"@type\":\"WebSite\",\"@id\":\"https:\\\/\\\/sarmiento24h.com\\\/#website\",\"url\":\"https:\\\/\\\/sarmiento24h.com\\\/\",\"name\":\"Sarmiento24h\",\"description\":\"\",\"publisher\":{\"@id\":\"https:\\\/\\\/sarmiento24h.com\\\/#organization\"},\"potentialAction\":[{\"@type\":\"SearchAction\",\"target\":{\"@type\":\"EntryPoint\",\"urlTemplate\":\"https:\\\/\\\/sarmiento24h.com\\\/?s={search_term_string}\"},\"query-input\":{\"@type\":\"PropertyValueSpecification\",\"valueRequired\":true,\"valueName\":\"search_term_string\"}}],\"inLanguage\":\"es\"},{\"@type\":\"Organization\",\"@id\":\"https:\\\/\\\/sarmiento24h.com\\\/#organization\",\"name\":\"Sarmiento24h\",\"url\":\"https:\\\/\\\/sarmiento24h.com\\\/\",\"logo\":{\"@type\":\"ImageObject\",\"inLanguage\":\"es\",\"@id\":\"https:\\\/\\\/sarmiento24h.com\\\/#\\\/schema\\\/logo\\\/image\\\/\",\"url\":\"https:\\\/\\\/sarmiento24h.com\\\/wp-content\\\/uploads\\\/2025\\\/12\\\/AddText_12-16-10.30.52.jpg\",\"contentUrl\":\"https:\\\/\\\/sarmiento24h.com\\\/wp-content\\\/uploads\\\/2025\\\/12\\\/AddText_12-16-10.30.52.jpg\",\"width\":1220,\"height\":324,\"caption\":\"Sarmiento24h\"},\"image\":{\"@id\":\"https:\\\/\\\/sarmiento24h.com\\\/#\\\/schema\\\/logo\\\/image\\\/\"},\"sameAs\":[\"https:\\\/\\\/facebook.com\\\/s24hnoticias\",\"https:\\\/\\\/x.com\\\/sarmiento24h\"]},{\"@type\":\"Person\",\"@id\":\"https:\\\/\\\/sarmiento24h.com\\\/#\\\/schema\\\/person\\\/d653a59725ad629a7e0429af7b939d4d\",\"name\":\"sarmiento24h@gmail.com\",\"image\":{\"@type\":\"ImageObject\",\"inLanguage\":\"es\",\"@id\":\"https:\\\/\\\/sarmiento24h.com\\\/wp-content\\\/litespeed\\\/avatar\\\/d02cbc4e23c747e6659cd45907173c8f.jpg?ver=1777157796\",\"url\":\"https:\\\/\\\/sarmiento24h.com\\\/wp-content\\\/litespeed\\\/avatar\\\/d02cbc4e23c747e6659cd45907173c8f.jpg?ver=1777157796\",\"contentUrl\":\"https:\\\/\\\/sarmiento24h.com\\\/wp-content\\\/litespeed\\\/avatar\\\/d02cbc4e23c747e6659cd45907173c8f.jpg?ver=1777157796\",\"caption\":\"sarmiento24h@gmail.com\"},\"sameAs\":[\"https:\\\/\\\/sarmiento24h.com\"],\"url\":\"https:\\\/\\\/sarmiento24h.com\\\/?author=1\"}]}<\/script>\n<!-- \/ Yoast SEO plugin. -->","yoast_head_json":{"title":"Del conflicto interno al frente europeo: \u00bfpor qu\u00e9 tantos colombianos est\u00e1n combatiendo en Ucrania? - Sarmiento24h","robots":{"index":"index","follow":"follow","max-snippet":"max-snippet:-1","max-image-preview":"max-image-preview:large","max-video-preview":"max-video-preview:-1"},"canonical":"https:\/\/sarmiento24h.com\/?p=159433","og_locale":"es_ES","og_type":"article","og_title":"Del conflicto interno al frente europeo: \u00bfpor qu\u00e9 tantos colombianos est\u00e1n combatiendo en Ucrania? - Sarmiento24h","og_description":"En las zonas m\u00e1s peligrosas del frente&#46;&#46;&#46;","og_url":"https:\/\/sarmiento24h.com\/?p=159433","og_site_name":"Sarmiento24h","article_publisher":"https:\/\/facebook.com\/s24hnoticias","article_published_time":"2026-04-27T20:17:49+00:00","og_image":[{"url":"https:\/\/s.france24.com\/media\/display\/17552b3a-b59f-11f0-9fbb-005056bfb2b6\/w:1024\/p:16x9\/reporters-18-10-2025-FR-EN.jpg","type":"","width":"","height":""}],"author":"sarmiento24h@gmail.com","twitter_card":"summary_large_image","twitter_creator":"@sarmiento24h","twitter_site":"@sarmiento24h","twitter_misc":{"Escrito por":"sarmiento24h@gmail.com","Tiempo de lectura":"3 minutos"},"schema":{"@context":"https:\/\/schema.org","@graph":[{"@type":"Article","@id":"https:\/\/sarmiento24h.com\/?p=159433#article","isPartOf":{"@id":"https:\/\/sarmiento24h.com\/?p=159433"},"author":{"name":"sarmiento24h@gmail.com","@id":"https:\/\/sarmiento24h.com\/#\/schema\/person\/d653a59725ad629a7e0429af7b939d4d"},"headline":"Del conflicto interno al frente europeo: \u00bfpor qu\u00e9 tantos colombianos est\u00e1n combatiendo en Ucrania?","datePublished":"2026-04-27T20:17:49+00:00","mainEntityOfPage":{"@id":"https:\/\/sarmiento24h.com\/?p=159433"},"wordCount":577,"publisher":{"@id":"https:\/\/sarmiento24h.com\/#organization"},"image":{"@id":"https:\/\/sarmiento24h.com\/?p=159433#primaryimage"},"thumbnailUrl":"https:\/\/sarmiento24h.com\/wp-content\/uploads\/2026\/04\/del-conflicto-interno-al-frente-europeo-por-que-tantos-colombianos-estan-combatiendo-en-ucrania.jpg","articleSection":["Internacionales"],"inLanguage":"es"},{"@type":"WebPage","@id":"https:\/\/sarmiento24h.com\/?p=159433","url":"https:\/\/sarmiento24h.com\/?p=159433","name":"Del conflicto interno al frente europeo: \u00bfpor qu\u00e9 tantos colombianos est\u00e1n combatiendo en Ucrania? - Sarmiento24h","isPartOf":{"@id":"https:\/\/sarmiento24h.com\/#website"},"primaryImageOfPage":{"@id":"https:\/\/sarmiento24h.com\/?p=159433#primaryimage"},"image":{"@id":"https:\/\/sarmiento24h.com\/?p=159433#primaryimage"},"thumbnailUrl":"https:\/\/sarmiento24h.com\/wp-content\/uploads\/2026\/04\/del-conflicto-interno-al-frente-europeo-por-que-tantos-colombianos-estan-combatiendo-en-ucrania.jpg","datePublished":"2026-04-27T20:17:49+00:00","breadcrumb":{"@id":"https:\/\/sarmiento24h.com\/?p=159433#breadcrumb"},"inLanguage":"es","potentialAction":[{"@type":"ReadAction","target":["https:\/\/sarmiento24h.com\/?p=159433"]}]},{"@type":"ImageObject","inLanguage":"es","@id":"https:\/\/sarmiento24h.com\/?p=159433#primaryimage","url":"https:\/\/sarmiento24h.com\/wp-content\/uploads\/2026\/04\/del-conflicto-interno-al-frente-europeo-por-que-tantos-colombianos-estan-combatiendo-en-ucrania.jpg","contentUrl":"https:\/\/sarmiento24h.com\/wp-content\/uploads\/2026\/04\/del-conflicto-interno-al-frente-europeo-por-que-tantos-colombianos-estan-combatiendo-en-ucrania.jpg","width":1024,"height":576},{"@type":"BreadcrumbList","@id":"https:\/\/sarmiento24h.com\/?p=159433#breadcrumb","itemListElement":[{"@type":"ListItem","position":1,"name":"Home","item":"https:\/\/sarmiento24h.com\/"},{"@type":"ListItem","position":2,"name":"Del conflicto interno al frente europeo: \u00bfpor qu\u00e9 tantos colombianos est\u00e1n combatiendo en Ucrania?"}]},{"@type":"WebSite","@id":"https:\/\/sarmiento24h.com\/#website","url":"https:\/\/sarmiento24h.com\/","name":"Sarmiento24h","description":"","publisher":{"@id":"https:\/\/sarmiento24h.com\/#organization"},"potentialAction":[{"@type":"SearchAction","target":{"@type":"EntryPoint","urlTemplate":"https:\/\/sarmiento24h.com\/?s={search_term_string}"},"query-input":{"@type":"PropertyValueSpecification","valueRequired":true,"valueName":"search_term_string"}}],"inLanguage":"es"},{"@type":"Organization","@id":"https:\/\/sarmiento24h.com\/#organization","name":"Sarmiento24h","url":"https:\/\/sarmiento24h.com\/","logo":{"@type":"ImageObject","inLanguage":"es","@id":"https:\/\/sarmiento24h.com\/#\/schema\/logo\/image\/","url":"https:\/\/sarmiento24h.com\/wp-content\/uploads\/2025\/12\/AddText_12-16-10.30.52.jpg","contentUrl":"https:\/\/sarmiento24h.com\/wp-content\/uploads\/2025\/12\/AddText_12-16-10.30.52.jpg","width":1220,"height":324,"caption":"Sarmiento24h"},"image":{"@id":"https:\/\/sarmiento24h.com\/#\/schema\/logo\/image\/"},"sameAs":["https:\/\/facebook.com\/s24hnoticias","https:\/\/x.com\/sarmiento24h"]},{"@type":"Person","@id":"https:\/\/sarmiento24h.com\/#\/schema\/person\/d653a59725ad629a7e0429af7b939d4d","name":"sarmiento24h@gmail.com","image":{"@type":"ImageObject","inLanguage":"es","@id":"https:\/\/sarmiento24h.com\/wp-content\/litespeed\/avatar\/d02cbc4e23c747e6659cd45907173c8f.jpg?ver=1777157796","url":"https:\/\/sarmiento24h.com\/wp-content\/litespeed\/avatar\/d02cbc4e23c747e6659cd45907173c8f.jpg?ver=1777157796","contentUrl":"https:\/\/sarmiento24h.com\/wp-content\/litespeed\/avatar\/d02cbc4e23c747e6659cd45907173c8f.jpg?ver=1777157796","caption":"sarmiento24h@gmail.com"},"sameAs":["https:\/\/sarmiento24h.com"],"url":"https:\/\/sarmiento24h.com\/?author=1"}]}},"jetpack_publicize_connections":[],"jetpack_featured_media_url":"https:\/\/sarmiento24h.com\/wp-content\/uploads\/2026\/04\/del-conflicto-interno-al-frente-europeo-por-que-tantos-colombianos-estan-combatiendo-en-ucrania.jpg","jetpack_sharing_enabled":true,"_links":{"self":[{"href":"https:\/\/sarmiento24h.com\/index.php?rest_route=\/wp\/v2\/posts\/159433","targetHints":{"allow":["GET"]}}],"collection":[{"href":"https:\/\/sarmiento24h.com\/index.php?rest_route=\/wp\/v2\/posts"}],"about":[{"href":"https:\/\/sarmiento24h.com\/index.php?rest_route=\/wp\/v2\/types\/post"}],"author":[{"embeddable":true,"href":"https:\/\/sarmiento24h.com\/index.php?rest_route=\/wp\/v2\/users\/1"}],"replies":[{"embeddable":true,"href":"https:\/\/sarmiento24h.com\/index.php?rest_route=%2Fwp%2Fv2%2Fcomments&post=159433"}],"version-history":[{"count":0,"href":"https:\/\/sarmiento24h.com\/index.php?rest_route=\/wp\/v2\/posts\/159433\/revisions"}],"wp:featuredmedia":[{"embeddable":true,"href":"https:\/\/sarmiento24h.com\/index.php?rest_route=\/wp\/v2\/media\/159434"}],"wp:attachment":[{"href":"https:\/\/sarmiento24h.com\/index.php?rest_route=%2Fwp%2Fv2%2Fmedia&parent=159433"}],"wp:term":[{"taxonomy":"category","embeddable":true,"href":"https:\/\/sarmiento24h.com\/index.php?rest_route=%2Fwp%2Fv2%2Fcategories&post=159433"},{"taxonomy":"post_tag","embeddable":true,"href":"https:\/\/sarmiento24h.com\/index.php?rest_route=%2Fwp%2Fv2%2Ftags&post=159433"}],"curies":[{"name":"wp","href":"https:\/\/api.w.org\/{rel}","templated":true}]}}