{"id":159528,"date":"2026-04-27T20:37:24","date_gmt":"2026-04-27T20:37:24","guid":{"rendered":"https:\/\/noticiassin.com\/?p=1987292"},"modified":"2026-04-27T20:37:24","modified_gmt":"2026-04-27T20:37:24","slug":"digeig-lanza-semana-de-la-etica-2026-e-impulsa-pacto-por-la-integridad-educativa","status":"publish","type":"post","link":"https:\/\/sarmiento24h.com\/?p=159528","title":{"rendered":"Digeig lanza Semana de la \u00c9tica 2026 e impulsa pacto por la integridad educativa"},"content":{"rendered":"<div><img decoding=\"async\" src=\"https:\/\/multimedia.noticiassin.com\/wp-content\/uploads\/2026\/04\/digeig-lanza-semana-de-la-etica-2026-e-impulsa-pacto-por-la-integridad-educativa-20260427-195605-yqNb-1200x675.jpg\" class=\"ff-og-image-inserted\"><\/div>\n<p><strong>Santo Domingo<\/strong>. \u2013 La <strong>Direcci\u00f3n General de \u00c9tica e Integridad Gubernamental (Digeig)<\/strong> dej\u00f3 formalmente iniciada la <strong>Semana de la \u00c9tica 2026<\/strong> con un acto en el que reafirm\u00f3 su compromiso de promover los valores de transparencia, integridad y responsabilidad en la administraci\u00f3n p\u00fablica y en la sociedad dominicana.<\/p>\n<h2 class=\"wp-block-heading\">Pacto por la integridad<\/h2>\n<p>Durante la actividad, realizada en <strong>Santo Domingo<\/strong>, fue firmado el Pacto por la Integridad en la Educaci\u00f3n, una iniciativa que busca fortalecer la formaci\u00f3n en valores desde el sistema educativo en todos sus niveles, involucrando a escuelas, universidades y centros de formaci\u00f3n.<\/p>\n<p>El acuerdo contempla la i<strong>ncorporaci\u00f3n<\/strong> de la educaci\u00f3n en valores ciudadanos en los programas acad\u00e9micos, la capacitaci\u00f3n de docentes, la promoci\u00f3n de entornos escolares basados en la \u00e9tica y la convivencia, as\u00ed como el establecimiento de mecanismos de seguimiento para consolidar una cultura de integridad desde edades tempranas.<\/p>\n<h2 class=\"wp-block-heading\">Pol\u00edtica de debida diligencia<\/h2>\n<p>En el marco del evento tambi\u00e9n se presentaron los lineamientos de la<strong> Pol\u00edtica<\/strong> de Debida Diligencia, orientada a prevenir riesgos de corrupci\u00f3n, conflictos de inter\u00e9s y vulneraciones \u00e9ticas en el servicio p\u00fablico, mediante evaluaciones sistem\u00e1ticas a personas que ocupen cargos sensibles o de confianza en el Estado.<\/p>\n<ul class=\"wp-block-list\">\n<li>La directora general de la <strong>Digeig<\/strong>, doctora <strong>Milagros Ortiz Bosch<\/strong>, destac\u00f3 que este pacto busca consolidar una alianza entre el sector p\u00fablico, el sistema educativo y la sociedad civil para fortalecer la transparencia y la cultura \u00e9tica en el pa\u00eds.<\/li>\n<\/ul>\n<p>De su lado, el ministro de Educaci\u00f3n, <strong>Luis Miguel De Camps<\/strong>, resalt\u00f3 la importancia de reforzar la ense\u00f1anza de Moral, C\u00edvica y \u00c9tica Ciudadana en las escuelas, al considerar que la formaci\u00f3n en valores es clave para el desarrollo de ciudadanos responsables.<\/p>\n<p>Asimismo, representantes del sector educativo, entre ellos la se\u00f1ora <strong>Aida Consuelo Hern\u00e1ndez<\/strong>, valoraron el acuerdo como un paso significativo para continuar promoviendo la formaci\u00f3n de profesionales \u00edntegros y comprometidos con el bien com\u00fan.<\/p>\n<h3 class=\"wp-block-heading\">Instituciones firmantes<\/h3>\n<p>El pacto fue firmado por diversas instituciones, entre ellas la <strong>Digeig<\/strong>, el <strong>Ministerio de Educaci\u00f3n<\/strong>, el <strong>Ministerio de Educaci\u00f3n Superior, Ciencia y Tecnolog\u00eda<\/strong> (<strong>MESCyT<\/strong>), el <strong>Consejo Nacional para la Ni\u00f1ez y la Adolescencia<\/strong> (<strong>Conani<\/strong>), el <strong>Gabinete de Ni\u00f1ez y Adolescencia<\/strong>,<strong> Unicef<\/strong> y representantes de la sociedad civil.<\/p>\n<p>La <strong>Digeig<\/strong> reiter\u00f3 que la implementaci\u00f3n de la Pol\u00edtica de Debida Diligencia permitir\u00e1 fortalecer los procesos de selecci\u00f3n en la administraci\u00f3n p\u00fablica, garantizando mayor transparencia y confianza ciudadana en las instituciones del Estado.<\/p>\n","protected":false},"excerpt":{"rendered":"<p>Santo Domingo. \u2013 La Direcci\u00f3n General de&#46;&#46;&#46;<\/p>\n","protected":false},"author":1,"featured_media":159529,"comment_status":"closed","ping_status":"closed","sticky":false,"template":"","format":"standard","meta":{"_jetpack_memberships_contains_paid_content":false,"footnotes":"","jetpack_publicize_message":"","jetpack_publicize_feature_enabled":true,"jetpack_social_post_already_shared":true,"jetpack_social_options":{"image_generator_settings":{"template":"highway","default_image_id":0,"font":"","enabled":false},"version":2}},"categories":[42],"tags":[],"class_list":["post-159528","post","type-post","status-publish","format-standard","has-post-thumbnail","hentry","category-nacionales"],"yoast_head":"<!-- This site is optimized with the Yoast SEO plugin v27.3 - https:\/\/yoast.com\/product\/yoast-seo-wordpress\/ -->\n<title>Digeig lanza Semana de la \u00c9tica 2026 e impulsa pacto por la integridad educativa - Sarmiento24h<\/title>\n<meta name=\"robots\" content=\"index, follow, max-snippet:-1, max-image-preview:large, max-video-preview:-1\" \/>\n<link rel=\"canonical\" href=\"https:\/\/sarmiento24h.com\/?p=159528\" \/>\n<meta property=\"og:locale\" content=\"es_ES\" \/>\n<meta property=\"og:type\" content=\"article\" \/>\n<meta property=\"og:title\" content=\"Digeig lanza Semana de la \u00c9tica 2026 e impulsa pacto por la integridad educativa - Sarmiento24h\" \/>\n<meta property=\"og:description\" content=\"Santo Domingo. \u2013 La Direcci\u00f3n General de&#046;&#046;&#046;\" \/>\n<meta property=\"og:url\" content=\"https:\/\/sarmiento24h.com\/?p=159528\" \/>\n<meta property=\"og:site_name\" content=\"Sarmiento24h\" \/>\n<meta property=\"article:publisher\" content=\"https:\/\/facebook.com\/s24hnoticias\" \/>\n<meta property=\"article:published_time\" content=\"2026-04-27T20:37:24+00:00\" \/>\n<meta property=\"og:image\" content=\"https:\/\/multimedia.noticiassin.com\/wp-content\/uploads\/2026\/04\/digeig-lanza-semana-de-la-etica-2026-e-impulsa-pacto-por-la-integridad-educativa-20260427-195605-yqNb-1200x675.jpg\" \/>\n<meta name=\"author\" content=\"sarmiento24h@gmail.com\" \/>\n<meta name=\"twitter:card\" content=\"summary_large_image\" \/>\n<meta name=\"twitter:creator\" content=\"@sarmiento24h\" \/>\n<meta name=\"twitter:site\" content=\"@sarmiento24h\" \/>\n<meta name=\"twitter:label1\" content=\"Escrito por\" \/>\n\t<meta name=\"twitter:data1\" content=\"sarmiento24h@gmail.com\" \/>\n\t<meta name=\"twitter:label2\" content=\"Tiempo de lectura\" \/>\n\t<meta name=\"twitter:data2\" content=\"2 minutos\" \/>\n<script type=\"application\/ld+json\" class=\"yoast-schema-graph\">{\"@context\":\"https:\\\/\\\/schema.org\",\"@graph\":[{\"@type\":\"Article\",\"@id\":\"https:\\\/\\\/sarmiento24h.com\\\/?p=159528#article\",\"isPartOf\":{\"@id\":\"https:\\\/\\\/sarmiento24h.com\\\/?p=159528\"},\"author\":{\"name\":\"sarmiento24h@gmail.com\",\"@id\":\"https:\\\/\\\/sarmiento24h.com\\\/#\\\/schema\\\/person\\\/d653a59725ad629a7e0429af7b939d4d\"},\"headline\":\"Digeig lanza Semana de la \u00c9tica 2026 e impulsa pacto por la integridad educativa\",\"datePublished\":\"2026-04-27T20:37:24+00:00\",\"mainEntityOfPage\":{\"@id\":\"https:\\\/\\\/sarmiento24h.com\\\/?p=159528\"},\"wordCount\":439,\"publisher\":{\"@id\":\"https:\\\/\\\/sarmiento24h.com\\\/#organization\"},\"image\":{\"@id\":\"https:\\\/\\\/sarmiento24h.com\\\/?p=159528#primaryimage\"},\"thumbnailUrl\":\"https:\\\/\\\/sarmiento24h.com\\\/wp-content\\\/uploads\\\/2026\\\/04\\\/digeig-lanza-semana-de-la-etica-2026-e-impulsa-pacto-por-la-integridad-educativa.jpg\",\"articleSection\":[\"Nacionales\"],\"inLanguage\":\"es\"},{\"@type\":\"WebPage\",\"@id\":\"https:\\\/\\\/sarmiento24h.com\\\/?p=159528\",\"url\":\"https:\\\/\\\/sarmiento24h.com\\\/?p=159528\",\"name\":\"Digeig lanza Semana de la \u00c9tica 2026 e impulsa pacto por la integridad educativa - Sarmiento24h\",\"isPartOf\":{\"@id\":\"https:\\\/\\\/sarmiento24h.com\\\/#website\"},\"primaryImageOfPage\":{\"@id\":\"https:\\\/\\\/sarmiento24h.com\\\/?p=159528#primaryimage\"},\"image\":{\"@id\":\"https:\\\/\\\/sarmiento24h.com\\\/?p=159528#primaryimage\"},\"thumbnailUrl\":\"https:\\\/\\\/sarmiento24h.com\\\/wp-content\\\/uploads\\\/2026\\\/04\\\/digeig-lanza-semana-de-la-etica-2026-e-impulsa-pacto-por-la-integridad-educativa.jpg\",\"datePublished\":\"2026-04-27T20:37:24+00:00\",\"breadcrumb\":{\"@id\":\"https:\\\/\\\/sarmiento24h.com\\\/?p=159528#breadcrumb\"},\"inLanguage\":\"es\",\"potentialAction\":[{\"@type\":\"ReadAction\",\"target\":[\"https:\\\/\\\/sarmiento24h.com\\\/?p=159528\"]}]},{\"@type\":\"ImageObject\",\"inLanguage\":\"es\",\"@id\":\"https:\\\/\\\/sarmiento24h.com\\\/?p=159528#primaryimage\",\"url\":\"https:\\\/\\\/sarmiento24h.com\\\/wp-content\\\/uploads\\\/2026\\\/04\\\/digeig-lanza-semana-de-la-etica-2026-e-impulsa-pacto-por-la-integridad-educativa.jpg\",\"contentUrl\":\"https:\\\/\\\/sarmiento24h.com\\\/wp-content\\\/uploads\\\/2026\\\/04\\\/digeig-lanza-semana-de-la-etica-2026-e-impulsa-pacto-por-la-integridad-educativa.jpg\",\"width\":1200,\"height\":675},{\"@type\":\"BreadcrumbList\",\"@id\":\"https:\\\/\\\/sarmiento24h.com\\\/?p=159528#breadcrumb\",\"itemListElement\":[{\"@type\":\"ListItem\",\"position\":1,\"name\":\"Home\",\"item\":\"https:\\\/\\\/sarmiento24h.com\\\/\"},{\"@type\":\"ListItem\",\"position\":2,\"name\":\"Digeig lanza Semana de la \u00c9tica 2026 e impulsa pacto por la integridad educativa\"}]},{\"@type\":\"WebSite\",\"@id\":\"https:\\\/\\\/sarmiento24h.com\\\/#website\",\"url\":\"https:\\\/\\\/sarmiento24h.com\\\/\",\"name\":\"Sarmiento24h\",\"description\":\"\",\"publisher\":{\"@id\":\"https:\\\/\\\/sarmiento24h.com\\\/#organization\"},\"potentialAction\":[{\"@type\":\"SearchAction\",\"target\":{\"@type\":\"EntryPoint\",\"urlTemplate\":\"https:\\\/\\\/sarmiento24h.com\\\/?s={search_term_string}\"},\"query-input\":{\"@type\":\"PropertyValueSpecification\",\"valueRequired\":true,\"valueName\":\"search_term_string\"}}],\"inLanguage\":\"es\"},{\"@type\":\"Organization\",\"@id\":\"https:\\\/\\\/sarmiento24h.com\\\/#organization\",\"name\":\"Sarmiento24h\",\"url\":\"https:\\\/\\\/sarmiento24h.com\\\/\",\"logo\":{\"@type\":\"ImageObject\",\"inLanguage\":\"es\",\"@id\":\"https:\\\/\\\/sarmiento24h.com\\\/#\\\/schema\\\/logo\\\/image\\\/\",\"url\":\"https:\\\/\\\/sarmiento24h.com\\\/wp-content\\\/uploads\\\/2025\\\/12\\\/AddText_12-16-10.30.52.jpg\",\"contentUrl\":\"https:\\\/\\\/sarmiento24h.com\\\/wp-content\\\/uploads\\\/2025\\\/12\\\/AddText_12-16-10.30.52.jpg\",\"width\":1220,\"height\":324,\"caption\":\"Sarmiento24h\"},\"image\":{\"@id\":\"https:\\\/\\\/sarmiento24h.com\\\/#\\\/schema\\\/logo\\\/image\\\/\"},\"sameAs\":[\"https:\\\/\\\/facebook.com\\\/s24hnoticias\",\"https:\\\/\\\/x.com\\\/sarmiento24h\"]},{\"@type\":\"Person\",\"@id\":\"https:\\\/\\\/sarmiento24h.com\\\/#\\\/schema\\\/person\\\/d653a59725ad629a7e0429af7b939d4d\",\"name\":\"sarmiento24h@gmail.com\",\"image\":{\"@type\":\"ImageObject\",\"inLanguage\":\"es\",\"@id\":\"https:\\\/\\\/sarmiento24h.com\\\/wp-content\\\/litespeed\\\/avatar\\\/d02cbc4e23c747e6659cd45907173c8f.jpg?ver=1777157796\",\"url\":\"https:\\\/\\\/sarmiento24h.com\\\/wp-content\\\/litespeed\\\/avatar\\\/d02cbc4e23c747e6659cd45907173c8f.jpg?ver=1777157796\",\"contentUrl\":\"https:\\\/\\\/sarmiento24h.com\\\/wp-content\\\/litespeed\\\/avatar\\\/d02cbc4e23c747e6659cd45907173c8f.jpg?ver=1777157796\",\"caption\":\"sarmiento24h@gmail.com\"},\"sameAs\":[\"https:\\\/\\\/sarmiento24h.com\"],\"url\":\"https:\\\/\\\/sarmiento24h.com\\\/?author=1\"}]}<\/script>\n<!-- \/ Yoast SEO plugin. -->","yoast_head_json":{"title":"Digeig lanza Semana de la \u00c9tica 2026 e impulsa pacto por la integridad educativa - Sarmiento24h","robots":{"index":"index","follow":"follow","max-snippet":"max-snippet:-1","max-image-preview":"max-image-preview:large","max-video-preview":"max-video-preview:-1"},"canonical":"https:\/\/sarmiento24h.com\/?p=159528","og_locale":"es_ES","og_type":"article","og_title":"Digeig lanza Semana de la \u00c9tica 2026 e impulsa pacto por la integridad educativa - Sarmiento24h","og_description":"Santo Domingo. \u2013 La Direcci\u00f3n General de&#46;&#46;&#46;","og_url":"https:\/\/sarmiento24h.com\/?p=159528","og_site_name":"Sarmiento24h","article_publisher":"https:\/\/facebook.com\/s24hnoticias","article_published_time":"2026-04-27T20:37:24+00:00","og_image":[{"url":"https:\/\/multimedia.noticiassin.com\/wp-content\/uploads\/2026\/04\/digeig-lanza-semana-de-la-etica-2026-e-impulsa-pacto-por-la-integridad-educativa-20260427-195605-yqNb-1200x675.jpg","type":"","width":"","height":""}],"author":"sarmiento24h@gmail.com","twitter_card":"summary_large_image","twitter_creator":"@sarmiento24h","twitter_site":"@sarmiento24h","twitter_misc":{"Escrito por":"sarmiento24h@gmail.com","Tiempo de lectura":"2 minutos"},"schema":{"@context":"https:\/\/schema.org","@graph":[{"@type":"Article","@id":"https:\/\/sarmiento24h.com\/?p=159528#article","isPartOf":{"@id":"https:\/\/sarmiento24h.com\/?p=159528"},"author":{"name":"sarmiento24h@gmail.com","@id":"https:\/\/sarmiento24h.com\/#\/schema\/person\/d653a59725ad629a7e0429af7b939d4d"},"headline":"Digeig lanza Semana de la \u00c9tica 2026 e impulsa pacto por la integridad educativa","datePublished":"2026-04-27T20:37:24+00:00","mainEntityOfPage":{"@id":"https:\/\/sarmiento24h.com\/?p=159528"},"wordCount":439,"publisher":{"@id":"https:\/\/sarmiento24h.com\/#organization"},"image":{"@id":"https:\/\/sarmiento24h.com\/?p=159528#primaryimage"},"thumbnailUrl":"https:\/\/sarmiento24h.com\/wp-content\/uploads\/2026\/04\/digeig-lanza-semana-de-la-etica-2026-e-impulsa-pacto-por-la-integridad-educativa.jpg","articleSection":["Nacionales"],"inLanguage":"es"},{"@type":"WebPage","@id":"https:\/\/sarmiento24h.com\/?p=159528","url":"https:\/\/sarmiento24h.com\/?p=159528","name":"Digeig lanza Semana de la \u00c9tica 2026 e impulsa pacto por la integridad educativa - Sarmiento24h","isPartOf":{"@id":"https:\/\/sarmiento24h.com\/#website"},"primaryImageOfPage":{"@id":"https:\/\/sarmiento24h.com\/?p=159528#primaryimage"},"image":{"@id":"https:\/\/sarmiento24h.com\/?p=159528#primaryimage"},"thumbnailUrl":"https:\/\/sarmiento24h.com\/wp-content\/uploads\/2026\/04\/digeig-lanza-semana-de-la-etica-2026-e-impulsa-pacto-por-la-integridad-educativa.jpg","datePublished":"2026-04-27T20:37:24+00:00","breadcrumb":{"@id":"https:\/\/sarmiento24h.com\/?p=159528#breadcrumb"},"inLanguage":"es","potentialAction":[{"@type":"ReadAction","target":["https:\/\/sarmiento24h.com\/?p=159528"]}]},{"@type":"ImageObject","inLanguage":"es","@id":"https:\/\/sarmiento24h.com\/?p=159528#primaryimage","url":"https:\/\/sarmiento24h.com\/wp-content\/uploads\/2026\/04\/digeig-lanza-semana-de-la-etica-2026-e-impulsa-pacto-por-la-integridad-educativa.jpg","contentUrl":"https:\/\/sarmiento24h.com\/wp-content\/uploads\/2026\/04\/digeig-lanza-semana-de-la-etica-2026-e-impulsa-pacto-por-la-integridad-educativa.jpg","width":1200,"height":675},{"@type":"BreadcrumbList","@id":"https:\/\/sarmiento24h.com\/?p=159528#breadcrumb","itemListElement":[{"@type":"ListItem","position":1,"name":"Home","item":"https:\/\/sarmiento24h.com\/"},{"@type":"ListItem","position":2,"name":"Digeig lanza Semana de la \u00c9tica 2026 e impulsa pacto por la integridad educativa"}]},{"@type":"WebSite","@id":"https:\/\/sarmiento24h.com\/#website","url":"https:\/\/sarmiento24h.com\/","name":"Sarmiento24h","description":"","publisher":{"@id":"https:\/\/sarmiento24h.com\/#organization"},"potentialAction":[{"@type":"SearchAction","target":{"@type":"EntryPoint","urlTemplate":"https:\/\/sarmiento24h.com\/?s={search_term_string}"},"query-input":{"@type":"PropertyValueSpecification","valueRequired":true,"valueName":"search_term_string"}}],"inLanguage":"es"},{"@type":"Organization","@id":"https:\/\/sarmiento24h.com\/#organization","name":"Sarmiento24h","url":"https:\/\/sarmiento24h.com\/","logo":{"@type":"ImageObject","inLanguage":"es","@id":"https:\/\/sarmiento24h.com\/#\/schema\/logo\/image\/","url":"https:\/\/sarmiento24h.com\/wp-content\/uploads\/2025\/12\/AddText_12-16-10.30.52.jpg","contentUrl":"https:\/\/sarmiento24h.com\/wp-content\/uploads\/2025\/12\/AddText_12-16-10.30.52.jpg","width":1220,"height":324,"caption":"Sarmiento24h"},"image":{"@id":"https:\/\/sarmiento24h.com\/#\/schema\/logo\/image\/"},"sameAs":["https:\/\/facebook.com\/s24hnoticias","https:\/\/x.com\/sarmiento24h"]},{"@type":"Person","@id":"https:\/\/sarmiento24h.com\/#\/schema\/person\/d653a59725ad629a7e0429af7b939d4d","name":"sarmiento24h@gmail.com","image":{"@type":"ImageObject","inLanguage":"es","@id":"https:\/\/sarmiento24h.com\/wp-content\/litespeed\/avatar\/d02cbc4e23c747e6659cd45907173c8f.jpg?ver=1777157796","url":"https:\/\/sarmiento24h.com\/wp-content\/litespeed\/avatar\/d02cbc4e23c747e6659cd45907173c8f.jpg?ver=1777157796","contentUrl":"https:\/\/sarmiento24h.com\/wp-content\/litespeed\/avatar\/d02cbc4e23c747e6659cd45907173c8f.jpg?ver=1777157796","caption":"sarmiento24h@gmail.com"},"sameAs":["https:\/\/sarmiento24h.com"],"url":"https:\/\/sarmiento24h.com\/?author=1"}]}},"jetpack_publicize_connections":[],"jetpack_featured_media_url":"https:\/\/sarmiento24h.com\/wp-content\/uploads\/2026\/04\/digeig-lanza-semana-de-la-etica-2026-e-impulsa-pacto-por-la-integridad-educativa.jpg","jetpack_sharing_enabled":true,"_links":{"self":[{"href":"https:\/\/sarmiento24h.com\/index.php?rest_route=\/wp\/v2\/posts\/159528","targetHints":{"allow":["GET"]}}],"collection":[{"href":"https:\/\/sarmiento24h.com\/index.php?rest_route=\/wp\/v2\/posts"}],"about":[{"href":"https:\/\/sarmiento24h.com\/index.php?rest_route=\/wp\/v2\/types\/post"}],"author":[{"embeddable":true,"href":"https:\/\/sarmiento24h.com\/index.php?rest_route=\/wp\/v2\/users\/1"}],"replies":[{"embeddable":true,"href":"https:\/\/sarmiento24h.com\/index.php?rest_route=%2Fwp%2Fv2%2Fcomments&post=159528"}],"version-history":[{"count":0,"href":"https:\/\/sarmiento24h.com\/index.php?rest_route=\/wp\/v2\/posts\/159528\/revisions"}],"wp:featuredmedia":[{"embeddable":true,"href":"https:\/\/sarmiento24h.com\/index.php?rest_route=\/wp\/v2\/media\/159529"}],"wp:attachment":[{"href":"https:\/\/sarmiento24h.com\/index.php?rest_route=%2Fwp%2Fv2%2Fmedia&parent=159528"}],"wp:term":[{"taxonomy":"category","embeddable":true,"href":"https:\/\/sarmiento24h.com\/index.php?rest_route=%2Fwp%2Fv2%2Fcategories&post=159528"},{"taxonomy":"post_tag","embeddable":true,"href":"https:\/\/sarmiento24h.com\/index.php?rest_route=%2Fwp%2Fv2%2Ftags&post=159528"}],"curies":[{"name":"wp","href":"https:\/\/api.w.org\/{rel}","templated":true}]}}