{"id":159530,"date":"2026-04-27T20:37:26","date_gmt":"2026-04-27T20:37:26","guid":{"rendered":"https:\/\/noticiassin.com\/?p=1987283"},"modified":"2026-04-27T20:37:26","modified_gmt":"2026-04-27T20:37:26","slug":"dictan-tres-mese-de-prision-preventiva-a-siete-motociclistas-acusados-de-quitar-la-vida-a-empleado-del-ayuntamiento-en-santiago","status":"publish","type":"post","link":"https:\/\/sarmiento24h.com\/?p=159530","title":{"rendered":"Dictan tres mese de prisi\u00f3n preventiva a siete motociclistas acusados de quitar la vida a empleado del ayuntamiento en Santiago"},"content":{"rendered":"<div><img decoding=\"async\" src=\"https:\/\/multimedia.noticiassin.com\/wp-content\/uploads\/2026\/04\/dictan-tres-mese-de-prision-preventiva-a-siete-motociclistas-acusados-de-quitar-20260427-194627-dtd5-1200x675.jpeg\" class=\"ff-og-image-inserted\"><\/div>\n<p>La <em>Oficina Judicial de Servicios de Atenci\u00f3n Permanente de Santiago<\/em>, impuso tres meses de prisi\u00f3n preventiva a siete motociclistas acusados de quitarle la vida a <strong>Deivy Carlos Abreu Quezada<\/strong>, empleado del ayuntamiento de Santiago a quien atacaron luego de perseguirlo hasta el parqueo del Palacio de Justicia de esa ciudad.<\/p>\n<ul class=\"wp-block-list\">\n<li>Los acusdados son <strong>Adony Antonio Ure\u00f1a Ventura<\/strong>, <strong>Andr\u00e9s Moncl\u00fa Gonz\u00e1lez<\/strong>, <strong>Carlos Andr\u00e9s Roa Mor\u00e1n<\/strong>, <strong>Miguel Garc\u00eda Balbuena<\/strong>, <strong>Joanfry Joel N\u00fa\u00f1ez<\/strong>, <strong>Juan Carlos Soto Ortiz<\/strong> y <strong>Kevin Francisco Metz Cruz<\/strong>, quienes son acusados de asociarse para perseguir, interceptar y matar a la v\u00edctima mientras conduc\u00eda un cami\u00f3n de recogida de desechos s\u00f3lidos.<\/li>\n<\/ul>\n<p>Deivy Carlos Abreu Quezada muri\u00f3 mientras recib\u00eda atenciones m\u00e9dicas en el Hospital del Seguro Social <strong>Presidente Estrella Ure\u00f1a<\/strong>.<\/p>\n<h2 class=\"wp-block-heading\">Actuaci\u00f3n del Ministerio P\u00fablico<\/h2>\n<p>Luego de identificar, arrestar e individualizar a los perpetradores del crimen, la Fiscal\u00eda de Santiago, a trav\u00e9s de su <em><strong>Departamento de Violencias F\u00edsicas (Homicidios),<\/strong><\/em> continu\u00f3 con el levantamiento de pruebas materiales, documentales y testimoniales con las cuales estableci\u00f3 ante el juzgador que los imputados se comportaron como una turba criminal para acorralar y darle muerte a la v\u00edctima.<\/p>\n<p>Las fiscales asignadas a la investigaci\u00f3n <strong>Joanna Garc\u00eda Rivas<\/strong> y <strong>Luisa Garc\u00eda <\/strong>reunieron evidencias contundentes que vinculan al grupo con el hecho criminal.<\/p>\n<ul class=\"wp-block-list\">\n<li>El juez Jos\u00e9 Rafael De As\u00eds, de la Oficina Judicial de Servicios de Atenci\u00f3n Permanente de Santiago, impuso la medida con base en las evidencias aportadas por el \u00f3rgano acusador y dispuso el cumplimiento de la medida en los centros de correcci\u00f3n y rehabilitaci\u00f3n de Rafey, en Santiago; La Isleta, en Moca, provincia Espaillat, y en El Pinito, de La Vega.<\/li>\n<\/ul>\n<blockquote class=\"wp-block-quote is-layout-flow wp-block-quote-is-layout-flow\">\n<p>Las investigadoras establecieron que mientras la v\u00edctima conduc\u00eda el cami\u00f3n recolector de desperdicios por la <strong>Circunvalaci\u00f3n Sur<\/strong>, sector ensanche Berm\u00fadez, fue interceptado por uno de los motoconchistas, que se encuentra en calidad de pr\u00f3fugo y junto a otros motoristas presionaban a la v\u00edctima para que detuviera la marcha, por un supuesto roce vehicular, pero, la v\u00edctima, al observar la violencia que mostraban en su comportamiento, no se detuvo.<\/p>\n<\/blockquote>\n<p>Establece la investigaci\u00f3n preliminar que el referido motorista se desmont\u00f3 de la moto y la coloc\u00f3 frente al cami\u00f3n, para forzarlo a detenerse, pero la v\u00edctima no accedi\u00f3 y continu\u00f3 la marcha arrastrando la <strong>motocicleta<\/strong>.<\/p>\n<p>Luego, por varios kil\u00f3metros, se vio perseguido por los imputados que logran interceptarlo en el Palacio de Justicia, a donde el <strong>conductor <\/strong>del cami\u00f3n penetr\u00f3, buscando resguardarse de la turba asesina que lo persegu\u00eda.<\/p>\n<ul class=\"wp-block-list\">\n<li>La Fiscal\u00eda de Santiago precisa en la medida de <strong>coerci\u00f3n <\/strong>que no posee ning\u00fan tipo de evidencias que refieran que alg\u00fan motorista estuviera lesionado.<\/li>\n<\/ul>\n<p>Como calificaci\u00f3n jur\u00eddica provisional, la Fiscal\u00eda de Santiago present\u00f3 contra los siete imputados arrestados cargos por violaci\u00f3n a los <strong>art\u00edculos 265, 266, 296, 297 y 302<\/strong> del <em>C\u00f3digo Penal Dominicano<\/em>, por la comisi\u00f3n del hecho criminal, para el cual se asociaron como una turba criminal, dejando evidenciada su intenci\u00f3n cuando vociferaban \u201cm\u00e1talo, m\u00e1talo\u201d, como refieren las pruebas videogr\u00e1ficas.<\/p>\n<p>Entre otras pruebas, el Ministerio P\u00fablico tiene en su poder el arma blanca tipo <strong>cuchillo <\/strong>de caza, color negro, con el cual uno de los imputados le infringi\u00f3 una mortal herida en el miembro inferior derecho.<\/p>\n","protected":false},"excerpt":{"rendered":"<p>La Oficina Judicial de Servicios de Atenci\u00f3n&#46;&#46;&#46;<\/p>\n","protected":false},"author":1,"featured_media":159531,"comment_status":"closed","ping_status":"closed","sticky":false,"template":"","format":"standard","meta":{"_jetpack_memberships_contains_paid_content":false,"footnotes":"","jetpack_publicize_message":"","jetpack_publicize_feature_enabled":true,"jetpack_social_post_already_shared":true,"jetpack_social_options":{"image_generator_settings":{"template":"highway","default_image_id":0,"font":"","enabled":false},"version":2}},"categories":[42],"tags":[],"class_list":["post-159530","post","type-post","status-publish","format-standard","has-post-thumbnail","hentry","category-nacionales"],"yoast_head":"<!-- This site is optimized with the Yoast SEO plugin v27.3 - https:\/\/yoast.com\/product\/yoast-seo-wordpress\/ -->\n<title>Dictan tres mese de prisi\u00f3n preventiva a siete motociclistas acusados de quitar la vida a empleado del ayuntamiento en Santiago - Sarmiento24h<\/title>\n<meta name=\"robots\" content=\"index, follow, max-snippet:-1, max-image-preview:large, max-video-preview:-1\" \/>\n<link rel=\"canonical\" href=\"https:\/\/sarmiento24h.com\/?p=159530\" \/>\n<meta property=\"og:locale\" content=\"es_ES\" \/>\n<meta property=\"og:type\" content=\"article\" \/>\n<meta property=\"og:title\" content=\"Dictan tres mese de prisi\u00f3n preventiva a siete motociclistas acusados de quitar la vida a empleado del ayuntamiento en Santiago - Sarmiento24h\" \/>\n<meta property=\"og:description\" content=\"La Oficina Judicial de Servicios de Atenci\u00f3n&#046;&#046;&#046;\" \/>\n<meta property=\"og:url\" content=\"https:\/\/sarmiento24h.com\/?p=159530\" \/>\n<meta property=\"og:site_name\" content=\"Sarmiento24h\" \/>\n<meta property=\"article:publisher\" content=\"https:\/\/facebook.com\/s24hnoticias\" \/>\n<meta property=\"article:published_time\" content=\"2026-04-27T20:37:26+00:00\" \/>\n<meta property=\"og:image\" content=\"https:\/\/multimedia.noticiassin.com\/wp-content\/uploads\/2026\/04\/dictan-tres-mese-de-prision-preventiva-a-siete-motociclistas-acusados-de-quitar-20260427-194627-dtd5-1200x675.jpeg\" \/>\n<meta name=\"author\" content=\"sarmiento24h@gmail.com\" \/>\n<meta name=\"twitter:card\" content=\"summary_large_image\" \/>\n<meta name=\"twitter:creator\" content=\"@sarmiento24h\" \/>\n<meta name=\"twitter:site\" content=\"@sarmiento24h\" \/>\n<meta name=\"twitter:label1\" content=\"Escrito por\" \/>\n\t<meta name=\"twitter:data1\" content=\"sarmiento24h@gmail.com\" \/>\n\t<meta name=\"twitter:label2\" content=\"Tiempo de lectura\" \/>\n\t<meta name=\"twitter:data2\" content=\"3 minutos\" \/>\n<script type=\"application\/ld+json\" class=\"yoast-schema-graph\">{\"@context\":\"https:\\\/\\\/schema.org\",\"@graph\":[{\"@type\":\"Article\",\"@id\":\"https:\\\/\\\/sarmiento24h.com\\\/?p=159530#article\",\"isPartOf\":{\"@id\":\"https:\\\/\\\/sarmiento24h.com\\\/?p=159530\"},\"author\":{\"name\":\"sarmiento24h@gmail.com\",\"@id\":\"https:\\\/\\\/sarmiento24h.com\\\/#\\\/schema\\\/person\\\/d653a59725ad629a7e0429af7b939d4d\"},\"headline\":\"Dictan tres mese de prisi\u00f3n preventiva a siete motociclistas acusados de quitar la vida a empleado del ayuntamiento en Santiago\",\"datePublished\":\"2026-04-27T20:37:26+00:00\",\"mainEntityOfPage\":{\"@id\":\"https:\\\/\\\/sarmiento24h.com\\\/?p=159530\"},\"wordCount\":595,\"publisher\":{\"@id\":\"https:\\\/\\\/sarmiento24h.com\\\/#organization\"},\"image\":{\"@id\":\"https:\\\/\\\/sarmiento24h.com\\\/?p=159530#primaryimage\"},\"thumbnailUrl\":\"https:\\\/\\\/sarmiento24h.com\\\/wp-content\\\/uploads\\\/2026\\\/04\\\/dictan-tres-mese-de-prision-preventiva-a-siete-motociclistas-acusados-de-quitar-la-vida-a-empleado-del-ayuntamiento-en-santiago.jpg\",\"articleSection\":[\"Nacionales\"],\"inLanguage\":\"es\"},{\"@type\":\"WebPage\",\"@id\":\"https:\\\/\\\/sarmiento24h.com\\\/?p=159530\",\"url\":\"https:\\\/\\\/sarmiento24h.com\\\/?p=159530\",\"name\":\"Dictan tres mese de prisi\u00f3n preventiva a siete motociclistas acusados de quitar la vida a empleado del ayuntamiento en Santiago - Sarmiento24h\",\"isPartOf\":{\"@id\":\"https:\\\/\\\/sarmiento24h.com\\\/#website\"},\"primaryImageOfPage\":{\"@id\":\"https:\\\/\\\/sarmiento24h.com\\\/?p=159530#primaryimage\"},\"image\":{\"@id\":\"https:\\\/\\\/sarmiento24h.com\\\/?p=159530#primaryimage\"},\"thumbnailUrl\":\"https:\\\/\\\/sarmiento24h.com\\\/wp-content\\\/uploads\\\/2026\\\/04\\\/dictan-tres-mese-de-prision-preventiva-a-siete-motociclistas-acusados-de-quitar-la-vida-a-empleado-del-ayuntamiento-en-santiago.jpg\",\"datePublished\":\"2026-04-27T20:37:26+00:00\",\"breadcrumb\":{\"@id\":\"https:\\\/\\\/sarmiento24h.com\\\/?p=159530#breadcrumb\"},\"inLanguage\":\"es\",\"potentialAction\":[{\"@type\":\"ReadAction\",\"target\":[\"https:\\\/\\\/sarmiento24h.com\\\/?p=159530\"]}]},{\"@type\":\"ImageObject\",\"inLanguage\":\"es\",\"@id\":\"https:\\\/\\\/sarmiento24h.com\\\/?p=159530#primaryimage\",\"url\":\"https:\\\/\\\/sarmiento24h.com\\\/wp-content\\\/uploads\\\/2026\\\/04\\\/dictan-tres-mese-de-prision-preventiva-a-siete-motociclistas-acusados-de-quitar-la-vida-a-empleado-del-ayuntamiento-en-santiago.jpg\",\"contentUrl\":\"https:\\\/\\\/sarmiento24h.com\\\/wp-content\\\/uploads\\\/2026\\\/04\\\/dictan-tres-mese-de-prision-preventiva-a-siete-motociclistas-acusados-de-quitar-la-vida-a-empleado-del-ayuntamiento-en-santiago.jpg\",\"width\":1200,\"height\":675},{\"@type\":\"BreadcrumbList\",\"@id\":\"https:\\\/\\\/sarmiento24h.com\\\/?p=159530#breadcrumb\",\"itemListElement\":[{\"@type\":\"ListItem\",\"position\":1,\"name\":\"Home\",\"item\":\"https:\\\/\\\/sarmiento24h.com\\\/\"},{\"@type\":\"ListItem\",\"position\":2,\"name\":\"Dictan tres mese de prisi\u00f3n preventiva a siete motociclistas acusados de quitar la vida a empleado del ayuntamiento en Santiago\"}]},{\"@type\":\"WebSite\",\"@id\":\"https:\\\/\\\/sarmiento24h.com\\\/#website\",\"url\":\"https:\\\/\\\/sarmiento24h.com\\\/\",\"name\":\"Sarmiento24h\",\"description\":\"\",\"publisher\":{\"@id\":\"https:\\\/\\\/sarmiento24h.com\\\/#organization\"},\"potentialAction\":[{\"@type\":\"SearchAction\",\"target\":{\"@type\":\"EntryPoint\",\"urlTemplate\":\"https:\\\/\\\/sarmiento24h.com\\\/?s={search_term_string}\"},\"query-input\":{\"@type\":\"PropertyValueSpecification\",\"valueRequired\":true,\"valueName\":\"search_term_string\"}}],\"inLanguage\":\"es\"},{\"@type\":\"Organization\",\"@id\":\"https:\\\/\\\/sarmiento24h.com\\\/#organization\",\"name\":\"Sarmiento24h\",\"url\":\"https:\\\/\\\/sarmiento24h.com\\\/\",\"logo\":{\"@type\":\"ImageObject\",\"inLanguage\":\"es\",\"@id\":\"https:\\\/\\\/sarmiento24h.com\\\/#\\\/schema\\\/logo\\\/image\\\/\",\"url\":\"https:\\\/\\\/sarmiento24h.com\\\/wp-content\\\/uploads\\\/2025\\\/12\\\/AddText_12-16-10.30.52.jpg\",\"contentUrl\":\"https:\\\/\\\/sarmiento24h.com\\\/wp-content\\\/uploads\\\/2025\\\/12\\\/AddText_12-16-10.30.52.jpg\",\"width\":1220,\"height\":324,\"caption\":\"Sarmiento24h\"},\"image\":{\"@id\":\"https:\\\/\\\/sarmiento24h.com\\\/#\\\/schema\\\/logo\\\/image\\\/\"},\"sameAs\":[\"https:\\\/\\\/facebook.com\\\/s24hnoticias\",\"https:\\\/\\\/x.com\\\/sarmiento24h\"]},{\"@type\":\"Person\",\"@id\":\"https:\\\/\\\/sarmiento24h.com\\\/#\\\/schema\\\/person\\\/d653a59725ad629a7e0429af7b939d4d\",\"name\":\"sarmiento24h@gmail.com\",\"image\":{\"@type\":\"ImageObject\",\"inLanguage\":\"es\",\"@id\":\"https:\\\/\\\/sarmiento24h.com\\\/wp-content\\\/litespeed\\\/avatar\\\/d02cbc4e23c747e6659cd45907173c8f.jpg?ver=1777157796\",\"url\":\"https:\\\/\\\/sarmiento24h.com\\\/wp-content\\\/litespeed\\\/avatar\\\/d02cbc4e23c747e6659cd45907173c8f.jpg?ver=1777157796\",\"contentUrl\":\"https:\\\/\\\/sarmiento24h.com\\\/wp-content\\\/litespeed\\\/avatar\\\/d02cbc4e23c747e6659cd45907173c8f.jpg?ver=1777157796\",\"caption\":\"sarmiento24h@gmail.com\"},\"sameAs\":[\"https:\\\/\\\/sarmiento24h.com\"],\"url\":\"https:\\\/\\\/sarmiento24h.com\\\/?author=1\"}]}<\/script>\n<!-- \/ Yoast SEO plugin. -->","yoast_head_json":{"title":"Dictan tres mese de prisi\u00f3n preventiva a siete motociclistas acusados de quitar la vida a empleado del ayuntamiento en Santiago - Sarmiento24h","robots":{"index":"index","follow":"follow","max-snippet":"max-snippet:-1","max-image-preview":"max-image-preview:large","max-video-preview":"max-video-preview:-1"},"canonical":"https:\/\/sarmiento24h.com\/?p=159530","og_locale":"es_ES","og_type":"article","og_title":"Dictan tres mese de prisi\u00f3n preventiva a siete motociclistas acusados de quitar la vida a empleado del ayuntamiento en Santiago - Sarmiento24h","og_description":"La Oficina Judicial de Servicios de Atenci\u00f3n&#46;&#46;&#46;","og_url":"https:\/\/sarmiento24h.com\/?p=159530","og_site_name":"Sarmiento24h","article_publisher":"https:\/\/facebook.com\/s24hnoticias","article_published_time":"2026-04-27T20:37:26+00:00","og_image":[{"url":"https:\/\/multimedia.noticiassin.com\/wp-content\/uploads\/2026\/04\/dictan-tres-mese-de-prision-preventiva-a-siete-motociclistas-acusados-de-quitar-20260427-194627-dtd5-1200x675.jpeg","type":"","width":"","height":""}],"author":"sarmiento24h@gmail.com","twitter_card":"summary_large_image","twitter_creator":"@sarmiento24h","twitter_site":"@sarmiento24h","twitter_misc":{"Escrito por":"sarmiento24h@gmail.com","Tiempo de lectura":"3 minutos"},"schema":{"@context":"https:\/\/schema.org","@graph":[{"@type":"Article","@id":"https:\/\/sarmiento24h.com\/?p=159530#article","isPartOf":{"@id":"https:\/\/sarmiento24h.com\/?p=159530"},"author":{"name":"sarmiento24h@gmail.com","@id":"https:\/\/sarmiento24h.com\/#\/schema\/person\/d653a59725ad629a7e0429af7b939d4d"},"headline":"Dictan tres mese de prisi\u00f3n preventiva a siete motociclistas acusados de quitar la vida a empleado del ayuntamiento en Santiago","datePublished":"2026-04-27T20:37:26+00:00","mainEntityOfPage":{"@id":"https:\/\/sarmiento24h.com\/?p=159530"},"wordCount":595,"publisher":{"@id":"https:\/\/sarmiento24h.com\/#organization"},"image":{"@id":"https:\/\/sarmiento24h.com\/?p=159530#primaryimage"},"thumbnailUrl":"https:\/\/sarmiento24h.com\/wp-content\/uploads\/2026\/04\/dictan-tres-mese-de-prision-preventiva-a-siete-motociclistas-acusados-de-quitar-la-vida-a-empleado-del-ayuntamiento-en-santiago.jpg","articleSection":["Nacionales"],"inLanguage":"es"},{"@type":"WebPage","@id":"https:\/\/sarmiento24h.com\/?p=159530","url":"https:\/\/sarmiento24h.com\/?p=159530","name":"Dictan tres mese de prisi\u00f3n preventiva a siete motociclistas acusados de quitar la vida a empleado del ayuntamiento en Santiago - Sarmiento24h","isPartOf":{"@id":"https:\/\/sarmiento24h.com\/#website"},"primaryImageOfPage":{"@id":"https:\/\/sarmiento24h.com\/?p=159530#primaryimage"},"image":{"@id":"https:\/\/sarmiento24h.com\/?p=159530#primaryimage"},"thumbnailUrl":"https:\/\/sarmiento24h.com\/wp-content\/uploads\/2026\/04\/dictan-tres-mese-de-prision-preventiva-a-siete-motociclistas-acusados-de-quitar-la-vida-a-empleado-del-ayuntamiento-en-santiago.jpg","datePublished":"2026-04-27T20:37:26+00:00","breadcrumb":{"@id":"https:\/\/sarmiento24h.com\/?p=159530#breadcrumb"},"inLanguage":"es","potentialAction":[{"@type":"ReadAction","target":["https:\/\/sarmiento24h.com\/?p=159530"]}]},{"@type":"ImageObject","inLanguage":"es","@id":"https:\/\/sarmiento24h.com\/?p=159530#primaryimage","url":"https:\/\/sarmiento24h.com\/wp-content\/uploads\/2026\/04\/dictan-tres-mese-de-prision-preventiva-a-siete-motociclistas-acusados-de-quitar-la-vida-a-empleado-del-ayuntamiento-en-santiago.jpg","contentUrl":"https:\/\/sarmiento24h.com\/wp-content\/uploads\/2026\/04\/dictan-tres-mese-de-prision-preventiva-a-siete-motociclistas-acusados-de-quitar-la-vida-a-empleado-del-ayuntamiento-en-santiago.jpg","width":1200,"height":675},{"@type":"BreadcrumbList","@id":"https:\/\/sarmiento24h.com\/?p=159530#breadcrumb","itemListElement":[{"@type":"ListItem","position":1,"name":"Home","item":"https:\/\/sarmiento24h.com\/"},{"@type":"ListItem","position":2,"name":"Dictan tres mese de prisi\u00f3n preventiva a siete motociclistas acusados de quitar la vida a empleado del ayuntamiento en Santiago"}]},{"@type":"WebSite","@id":"https:\/\/sarmiento24h.com\/#website","url":"https:\/\/sarmiento24h.com\/","name":"Sarmiento24h","description":"","publisher":{"@id":"https:\/\/sarmiento24h.com\/#organization"},"potentialAction":[{"@type":"SearchAction","target":{"@type":"EntryPoint","urlTemplate":"https:\/\/sarmiento24h.com\/?s={search_term_string}"},"query-input":{"@type":"PropertyValueSpecification","valueRequired":true,"valueName":"search_term_string"}}],"inLanguage":"es"},{"@type":"Organization","@id":"https:\/\/sarmiento24h.com\/#organization","name":"Sarmiento24h","url":"https:\/\/sarmiento24h.com\/","logo":{"@type":"ImageObject","inLanguage":"es","@id":"https:\/\/sarmiento24h.com\/#\/schema\/logo\/image\/","url":"https:\/\/sarmiento24h.com\/wp-content\/uploads\/2025\/12\/AddText_12-16-10.30.52.jpg","contentUrl":"https:\/\/sarmiento24h.com\/wp-content\/uploads\/2025\/12\/AddText_12-16-10.30.52.jpg","width":1220,"height":324,"caption":"Sarmiento24h"},"image":{"@id":"https:\/\/sarmiento24h.com\/#\/schema\/logo\/image\/"},"sameAs":["https:\/\/facebook.com\/s24hnoticias","https:\/\/x.com\/sarmiento24h"]},{"@type":"Person","@id":"https:\/\/sarmiento24h.com\/#\/schema\/person\/d653a59725ad629a7e0429af7b939d4d","name":"sarmiento24h@gmail.com","image":{"@type":"ImageObject","inLanguage":"es","@id":"https:\/\/sarmiento24h.com\/wp-content\/litespeed\/avatar\/d02cbc4e23c747e6659cd45907173c8f.jpg?ver=1777157796","url":"https:\/\/sarmiento24h.com\/wp-content\/litespeed\/avatar\/d02cbc4e23c747e6659cd45907173c8f.jpg?ver=1777157796","contentUrl":"https:\/\/sarmiento24h.com\/wp-content\/litespeed\/avatar\/d02cbc4e23c747e6659cd45907173c8f.jpg?ver=1777157796","caption":"sarmiento24h@gmail.com"},"sameAs":["https:\/\/sarmiento24h.com"],"url":"https:\/\/sarmiento24h.com\/?author=1"}]}},"jetpack_publicize_connections":[],"jetpack_featured_media_url":"https:\/\/sarmiento24h.com\/wp-content\/uploads\/2026\/04\/dictan-tres-mese-de-prision-preventiva-a-siete-motociclistas-acusados-de-quitar-la-vida-a-empleado-del-ayuntamiento-en-santiago.jpg","jetpack_sharing_enabled":true,"_links":{"self":[{"href":"https:\/\/sarmiento24h.com\/index.php?rest_route=\/wp\/v2\/posts\/159530","targetHints":{"allow":["GET"]}}],"collection":[{"href":"https:\/\/sarmiento24h.com\/index.php?rest_route=\/wp\/v2\/posts"}],"about":[{"href":"https:\/\/sarmiento24h.com\/index.php?rest_route=\/wp\/v2\/types\/post"}],"author":[{"embeddable":true,"href":"https:\/\/sarmiento24h.com\/index.php?rest_route=\/wp\/v2\/users\/1"}],"replies":[{"embeddable":true,"href":"https:\/\/sarmiento24h.com\/index.php?rest_route=%2Fwp%2Fv2%2Fcomments&post=159530"}],"version-history":[{"count":0,"href":"https:\/\/sarmiento24h.com\/index.php?rest_route=\/wp\/v2\/posts\/159530\/revisions"}],"wp:featuredmedia":[{"embeddable":true,"href":"https:\/\/sarmiento24h.com\/index.php?rest_route=\/wp\/v2\/media\/159531"}],"wp:attachment":[{"href":"https:\/\/sarmiento24h.com\/index.php?rest_route=%2Fwp%2Fv2%2Fmedia&parent=159530"}],"wp:term":[{"taxonomy":"category","embeddable":true,"href":"https:\/\/sarmiento24h.com\/index.php?rest_route=%2Fwp%2Fv2%2Fcategories&post=159530"},{"taxonomy":"post_tag","embeddable":true,"href":"https:\/\/sarmiento24h.com\/index.php?rest_route=%2Fwp%2Fv2%2Ftags&post=159530"}],"curies":[{"name":"wp","href":"https:\/\/api.w.org\/{rel}","templated":true}]}}