{"id":159544,"date":"2026-04-27T20:47:01","date_gmt":"2026-04-27T20:47:01","guid":{"rendered":"http:\/\/69efaf84c7415218acbcb8fa"},"modified":"2026-04-27T20:47:01","modified_gmt":"2026-04-27T20:47:01","slug":"por-que-los-bosques-brillan-en-dias-de-tormenta-y-como-lograron-grabarlo-por-primera-vez","status":"publish","type":"post","link":"https:\/\/sarmiento24h.com\/?p=159544","title":{"rendered":"Por qu\u00e9 los bosques brillan en d\u00edas de tormenta y c\u00f3mo lograron grabarlo por primera vez"},"content":{"rendered":"<p>Cuando una tormenta el\u00e9ctrica pasa por encima de un bosque, adem\u00e1s del rayo, que es un fen\u00f3meno de descarga el\u00e9ctrica a gran escala, se produce en secreto otro fen\u00f3meno el\u00e9ctrico, conocido como \u00abefecto corona\u00bb.<\/p>\n<h2>\u00bfQu\u00e9 es el efecto corona?<\/h2>\n<p>El efecto corona son descargas el\u00e9ctricas sostenidas causadas por la formaci\u00f3n de un campo el\u00e9ctrico no uniforme alrededor de un electrodo puntiagudo. Suelen producirse en las l\u00edneas el\u00e9ctricas cuando llueve y tambi\u00e9n se conocen en la naturaleza como un fen\u00f3meno en el que la d\u00e9bil electricidad generada en las puntas de las hojas y otras partes de los \u00e1rboles durante una tormenta hace que emitan luz. Sin embargo, <strong>nunca se hab\u00eda observado directamente el efecto corona de origen natural en los bosques<\/strong>.<\/p>\n<p>Recientemente, un equipo de investigadores de la Universidad Estatal de Pensilvania <a href=\"http:\/\/dx.doi.org\/10.1029\/2025GL119591\" target=\"_blank\">ha<\/a> sido <strong>el primero del mundo en observar directamente la luminiscencia del efecto corona<\/strong> que se produce en los \u00e1rboles, utilizando un dispositivo de observaci\u00f3n ultravioleta (UV) \u00fanico. La antigua predicci\u00f3n te\u00f3rica de que los bosques brillan en d\u00edas de tormenta ha sido finalmente confirmada por pruebas directas.<\/p>\n<p>\u00abLas descargas coronales son casi invisibles a simple vista, pero nuestros instrumentos producen una imagen del fen\u00f3meno, en la que grandes extensiones de bosque brillan al paso de una tormenta\u00bb, <a href=\"https:\/\/www.psu.edu\/news\/earth-and-mineral-sciences\/story\/treetops-glowing-during-storms-captured-film-first-time\" target=\"_blank\">explica<\/a> Patrick McFarland, estudiante de doctorado en meteorolog\u00eda y ciencias atmosf\u00e9ricas de la Universidad Estatal de Pensilvania.<\/p>\n<figure class=\"AssetEmbedWrapper-iJvQnD cOWUYC asset-embed\">\n<div class=\"AssetEmbedAssetContainer-fnduJP iaVSwI asset-embed__asset-container\"><span class=\"SpanWrapper-kFnjvc eKnjjD responsive-asset AssetEmbedResponsiveAsset-gaAbQ hXaxHA asset-embed__responsive-asset\"><picture class=\"ResponsiveImagePicture-jKunQM gjCCFj AssetEmbedResponsiveAsset-gaAbQ hXaxHA asset-embed__responsive-asset responsive-image\"><img decoding=\"async\" alt=\"efecto corona\" loading=\"lazy\" class=\"ResponsiveImageContainer-dkeESL cQPiWi responsive-image__image\" srcset=\"https:\/\/media.es.wired.com\/photos\/69efaf83a1db629b681b0d25\/master\/w_120,c_limit\/corona-news-1.jpg 120w, https:\/\/media.es.wired.com\/photos\/69efaf83a1db629b681b0d25\/master\/w_240,c_limit\/corona-news-1.jpg 240w, https:\/\/media.es.wired.com\/photos\/69efaf83a1db629b681b0d25\/master\/w_320,c_limit\/corona-news-1.jpg 320w, https:\/\/media.es.wired.com\/photos\/69efaf83a1db629b681b0d25\/master\/w_640,c_limit\/corona-news-1.jpg 640w, https:\/\/media.es.wired.com\/photos\/69efaf83a1db629b681b0d25\/master\/w_960,c_limit\/corona-news-1.jpg 960w, https:\/\/media.es.wired.com\/photos\/69efaf83a1db629b681b0d25\/master\/w_1280,c_limit\/corona-news-1.jpg 1280w, https:\/\/media.es.wired.com\/photos\/69efaf83a1db629b681b0d25\/master\/w_1600,c_limit\/corona-news-1.jpg 1600w\" sizes=\"100vw\" src=\"https:\/\/media.es.wired.com\/photos\/69efaf83a1db629b681b0d25\/master\/w_1600%2Cc_limit\/corona-news-1.jpg\"><\/picture><\/span><\/div>\n<div class=\"CaptionWrapper-bpPcvW iDPSlt caption AssetEmbedCaption-eZIMNW gMgneI asset-embed__caption\" data-testid=\"caption-wrapper\" readability=\"6.5\"><span class=\"BaseText-fEwdHD CaptionText-cQpRdU kRTNAB hbiMYj caption__text\" readability=\"28\"><\/p>\n<p>Efecto corona que aparece en la punta de una hoja en un laboratorio casi a oscuras. A la izquierda la descarga positiva y a la derecha la negativa.<\/p>\n<p><\/span><span class=\"BaseText-fEwdHD CaptionCredit-cUgOGk iQbGEh hRFzlA caption__credit\">Foto: William Brune\/The Pennsylvania State University<\/span><\/div>\n<\/figure>\n<h2>\u00bfQu\u00e9 ocurre en la punta de la hoja?<\/h2>\n<p>El efecto corona en la naturaleza se produce por un desequilibrio en el campo el\u00e9ctrico causado por las nubes de tormenta. Al acumularse cargas negativas en las nubes de tormenta, las cargas positivas de la superficie del suelo ascienden por los \u00e1rboles y se concentran en las estructuras m\u00e1s finas, como las puntas de las hojas. En estos lugares microsc\u00f3picos, el campo el\u00e9ctrico se vuelve extremadamente intenso y se producen d\u00e9biles emisiones en las regiones visible y ultravioleta. Mientras que los rel\u00e1mpagos son descargas violentas que elevan la temperatura de la atm\u00f3sfera a decenas de miles de grados cent\u00edgrados, el efecto corona es muy d\u00e9bil, con una temperatura en la descarga apenas ligeramente superior a la de la atm\u00f3sfera circundante.<\/p>\n<p>Incluso estas descargas extremadamente d\u00e9biles desempe\u00f1an un papel importante en la qu\u00edmica atmosf\u00e9rica. Estudios anteriores han demostrado que la radiaci\u00f3n ultravioleta emitida por el efecto corona descompone las mol\u00e9culas de vapor de agua para producir radicales hidroxilo (OH), los principales agentes oxidantes de la atm\u00f3sfera.<\/p>\n<p>Los radicales hidroxilo reaccionan con los contaminantes atmosf\u00e9ricos y el metano, gas de efecto invernadero, convirti\u00e9ndolos en sustancias m\u00e1s f\u00e1ciles de eliminar. Las estimaciones del equipo de investigaci\u00f3n indican que la cantidad de OH producida cerca de las copas de los \u00e1rboles en una sola tormenta puede ser al menos 1,000 veces mayor que todos los dem\u00e1s mecanismos de producci\u00f3n conocidos juntos.<\/p>\n","protected":false},"excerpt":{"rendered":"<p>Cuando una tormenta el\u00e9ctrica pasa por encima&#46;&#46;&#46;<\/p>\n","protected":false},"author":1,"featured_media":159545,"comment_status":"closed","ping_status":"closed","sticky":false,"template":"","format":"standard","meta":{"_jetpack_memberships_contains_paid_content":false,"footnotes":"","jetpack_publicize_message":"","jetpack_publicize_feature_enabled":true,"jetpack_social_post_already_shared":true,"jetpack_social_options":{"image_generator_settings":{"template":"highway","default_image_id":0,"font":"","enabled":false},"version":2}},"categories":[46],"tags":[],"class_list":["post-159544","post","type-post","status-publish","format-standard","has-post-thumbnail","hentry","category-tecnologia"],"yoast_head":"<!-- This site is optimized with the Yoast SEO plugin v27.3 - https:\/\/yoast.com\/product\/yoast-seo-wordpress\/ -->\n<title>Por qu\u00e9 los bosques brillan en d\u00edas de tormenta y c\u00f3mo lograron grabarlo por primera vez - Sarmiento24h<\/title>\n<meta name=\"robots\" content=\"index, follow, max-snippet:-1, max-image-preview:large, max-video-preview:-1\" \/>\n<link rel=\"canonical\" href=\"https:\/\/sarmiento24h.com\/?p=159544\" \/>\n<meta property=\"og:locale\" content=\"es_ES\" \/>\n<meta property=\"og:type\" content=\"article\" \/>\n<meta property=\"og:title\" content=\"Por qu\u00e9 los bosques brillan en d\u00edas de tormenta y c\u00f3mo lograron grabarlo por primera vez - Sarmiento24h\" \/>\n<meta property=\"og:description\" content=\"Cuando una tormenta el\u00e9ctrica pasa por encima&#046;&#046;&#046;\" \/>\n<meta property=\"og:url\" content=\"https:\/\/sarmiento24h.com\/?p=159544\" \/>\n<meta property=\"og:site_name\" content=\"Sarmiento24h\" \/>\n<meta property=\"article:publisher\" content=\"https:\/\/facebook.com\/s24hnoticias\" \/>\n<meta property=\"article:published_time\" content=\"2026-04-27T20:47:01+00:00\" \/>\n<meta property=\"og:image\" content=\"https:\/\/media.es.wired.com\/photos\/69efaf83a1db629b681b0d25\/master\/w_1600%2Cc_limit\/corona-news-1.jpg\" \/>\n<meta name=\"author\" content=\"sarmiento24h@gmail.com\" \/>\n<meta name=\"twitter:card\" content=\"summary_large_image\" \/>\n<meta name=\"twitter:creator\" content=\"@sarmiento24h\" \/>\n<meta name=\"twitter:site\" content=\"@sarmiento24h\" \/>\n<meta name=\"twitter:label1\" content=\"Escrito por\" \/>\n\t<meta name=\"twitter:data1\" content=\"sarmiento24h@gmail.com\" \/>\n\t<meta name=\"twitter:label2\" content=\"Tiempo de lectura\" \/>\n\t<meta name=\"twitter:data2\" content=\"3 minutos\" \/>\n<script type=\"application\/ld+json\" class=\"yoast-schema-graph\">{\"@context\":\"https:\\\/\\\/schema.org\",\"@graph\":[{\"@type\":\"Article\",\"@id\":\"https:\\\/\\\/sarmiento24h.com\\\/?p=159544#article\",\"isPartOf\":{\"@id\":\"https:\\\/\\\/sarmiento24h.com\\\/?p=159544\"},\"author\":{\"name\":\"sarmiento24h@gmail.com\",\"@id\":\"https:\\\/\\\/sarmiento24h.com\\\/#\\\/schema\\\/person\\\/d653a59725ad629a7e0429af7b939d4d\"},\"headline\":\"Por qu\u00e9 los bosques brillan en d\u00edas de tormenta y c\u00f3mo lograron grabarlo por primera vez\",\"datePublished\":\"2026-04-27T20:47:01+00:00\",\"mainEntityOfPage\":{\"@id\":\"https:\\\/\\\/sarmiento24h.com\\\/?p=159544\"},\"wordCount\":560,\"publisher\":{\"@id\":\"https:\\\/\\\/sarmiento24h.com\\\/#organization\"},\"image\":{\"@id\":\"https:\\\/\\\/sarmiento24h.com\\\/?p=159544#primaryimage\"},\"thumbnailUrl\":\"https:\\\/\\\/sarmiento24h.com\\\/wp-content\\\/uploads\\\/2026\\\/04\\\/por-que-los-bosques-brillan-en-dias-de-tormenta-y-como-lograron-grabarlo-por-primera-vez.jpg\",\"articleSection\":[\"Tecnologia\"],\"inLanguage\":\"es\"},{\"@type\":\"WebPage\",\"@id\":\"https:\\\/\\\/sarmiento24h.com\\\/?p=159544\",\"url\":\"https:\\\/\\\/sarmiento24h.com\\\/?p=159544\",\"name\":\"Por qu\u00e9 los bosques brillan en d\u00edas de tormenta y c\u00f3mo lograron grabarlo por primera vez - Sarmiento24h\",\"isPartOf\":{\"@id\":\"https:\\\/\\\/sarmiento24h.com\\\/#website\"},\"primaryImageOfPage\":{\"@id\":\"https:\\\/\\\/sarmiento24h.com\\\/?p=159544#primaryimage\"},\"image\":{\"@id\":\"https:\\\/\\\/sarmiento24h.com\\\/?p=159544#primaryimage\"},\"thumbnailUrl\":\"https:\\\/\\\/sarmiento24h.com\\\/wp-content\\\/uploads\\\/2026\\\/04\\\/por-que-los-bosques-brillan-en-dias-de-tormenta-y-como-lograron-grabarlo-por-primera-vez.jpg\",\"datePublished\":\"2026-04-27T20:47:01+00:00\",\"breadcrumb\":{\"@id\":\"https:\\\/\\\/sarmiento24h.com\\\/?p=159544#breadcrumb\"},\"inLanguage\":\"es\",\"potentialAction\":[{\"@type\":\"ReadAction\",\"target\":[\"https:\\\/\\\/sarmiento24h.com\\\/?p=159544\"]}]},{\"@type\":\"ImageObject\",\"inLanguage\":\"es\",\"@id\":\"https:\\\/\\\/sarmiento24h.com\\\/?p=159544#primaryimage\",\"url\":\"https:\\\/\\\/sarmiento24h.com\\\/wp-content\\\/uploads\\\/2026\\\/04\\\/por-que-los-bosques-brillan-en-dias-de-tormenta-y-como-lograron-grabarlo-por-primera-vez.jpg\",\"contentUrl\":\"https:\\\/\\\/sarmiento24h.com\\\/wp-content\\\/uploads\\\/2026\\\/04\\\/por-que-los-bosques-brillan-en-dias-de-tormenta-y-como-lograron-grabarlo-por-primera-vez.jpg\",\"width\":1500,\"height\":1125},{\"@type\":\"BreadcrumbList\",\"@id\":\"https:\\\/\\\/sarmiento24h.com\\\/?p=159544#breadcrumb\",\"itemListElement\":[{\"@type\":\"ListItem\",\"position\":1,\"name\":\"Home\",\"item\":\"https:\\\/\\\/sarmiento24h.com\\\/\"},{\"@type\":\"ListItem\",\"position\":2,\"name\":\"Por qu\u00e9 los bosques brillan en d\u00edas de tormenta y c\u00f3mo lograron grabarlo por primera vez\"}]},{\"@type\":\"WebSite\",\"@id\":\"https:\\\/\\\/sarmiento24h.com\\\/#website\",\"url\":\"https:\\\/\\\/sarmiento24h.com\\\/\",\"name\":\"Sarmiento24h\",\"description\":\"\",\"publisher\":{\"@id\":\"https:\\\/\\\/sarmiento24h.com\\\/#organization\"},\"potentialAction\":[{\"@type\":\"SearchAction\",\"target\":{\"@type\":\"EntryPoint\",\"urlTemplate\":\"https:\\\/\\\/sarmiento24h.com\\\/?s={search_term_string}\"},\"query-input\":{\"@type\":\"PropertyValueSpecification\",\"valueRequired\":true,\"valueName\":\"search_term_string\"}}],\"inLanguage\":\"es\"},{\"@type\":\"Organization\",\"@id\":\"https:\\\/\\\/sarmiento24h.com\\\/#organization\",\"name\":\"Sarmiento24h\",\"url\":\"https:\\\/\\\/sarmiento24h.com\\\/\",\"logo\":{\"@type\":\"ImageObject\",\"inLanguage\":\"es\",\"@id\":\"https:\\\/\\\/sarmiento24h.com\\\/#\\\/schema\\\/logo\\\/image\\\/\",\"url\":\"https:\\\/\\\/sarmiento24h.com\\\/wp-content\\\/uploads\\\/2025\\\/12\\\/AddText_12-16-10.30.52.jpg\",\"contentUrl\":\"https:\\\/\\\/sarmiento24h.com\\\/wp-content\\\/uploads\\\/2025\\\/12\\\/AddText_12-16-10.30.52.jpg\",\"width\":1220,\"height\":324,\"caption\":\"Sarmiento24h\"},\"image\":{\"@id\":\"https:\\\/\\\/sarmiento24h.com\\\/#\\\/schema\\\/logo\\\/image\\\/\"},\"sameAs\":[\"https:\\\/\\\/facebook.com\\\/s24hnoticias\",\"https:\\\/\\\/x.com\\\/sarmiento24h\"]},{\"@type\":\"Person\",\"@id\":\"https:\\\/\\\/sarmiento24h.com\\\/#\\\/schema\\\/person\\\/d653a59725ad629a7e0429af7b939d4d\",\"name\":\"sarmiento24h@gmail.com\",\"image\":{\"@type\":\"ImageObject\",\"inLanguage\":\"es\",\"@id\":\"https:\\\/\\\/sarmiento24h.com\\\/wp-content\\\/litespeed\\\/avatar\\\/d02cbc4e23c747e6659cd45907173c8f.jpg?ver=1777157796\",\"url\":\"https:\\\/\\\/sarmiento24h.com\\\/wp-content\\\/litespeed\\\/avatar\\\/d02cbc4e23c747e6659cd45907173c8f.jpg?ver=1777157796\",\"contentUrl\":\"https:\\\/\\\/sarmiento24h.com\\\/wp-content\\\/litespeed\\\/avatar\\\/d02cbc4e23c747e6659cd45907173c8f.jpg?ver=1777157796\",\"caption\":\"sarmiento24h@gmail.com\"},\"sameAs\":[\"https:\\\/\\\/sarmiento24h.com\"],\"url\":\"https:\\\/\\\/sarmiento24h.com\\\/?author=1\"}]}<\/script>\n<!-- \/ Yoast SEO plugin. -->","yoast_head_json":{"title":"Por qu\u00e9 los bosques brillan en d\u00edas de tormenta y c\u00f3mo lograron grabarlo por primera vez - Sarmiento24h","robots":{"index":"index","follow":"follow","max-snippet":"max-snippet:-1","max-image-preview":"max-image-preview:large","max-video-preview":"max-video-preview:-1"},"canonical":"https:\/\/sarmiento24h.com\/?p=159544","og_locale":"es_ES","og_type":"article","og_title":"Por qu\u00e9 los bosques brillan en d\u00edas de tormenta y c\u00f3mo lograron grabarlo por primera vez - Sarmiento24h","og_description":"Cuando una tormenta el\u00e9ctrica pasa por encima&#46;&#46;&#46;","og_url":"https:\/\/sarmiento24h.com\/?p=159544","og_site_name":"Sarmiento24h","article_publisher":"https:\/\/facebook.com\/s24hnoticias","article_published_time":"2026-04-27T20:47:01+00:00","og_image":[{"url":"https:\/\/media.es.wired.com\/photos\/69efaf83a1db629b681b0d25\/master\/w_1600%2Cc_limit\/corona-news-1.jpg","type":"","width":"","height":""}],"author":"sarmiento24h@gmail.com","twitter_card":"summary_large_image","twitter_creator":"@sarmiento24h","twitter_site":"@sarmiento24h","twitter_misc":{"Escrito por":"sarmiento24h@gmail.com","Tiempo de lectura":"3 minutos"},"schema":{"@context":"https:\/\/schema.org","@graph":[{"@type":"Article","@id":"https:\/\/sarmiento24h.com\/?p=159544#article","isPartOf":{"@id":"https:\/\/sarmiento24h.com\/?p=159544"},"author":{"name":"sarmiento24h@gmail.com","@id":"https:\/\/sarmiento24h.com\/#\/schema\/person\/d653a59725ad629a7e0429af7b939d4d"},"headline":"Por qu\u00e9 los bosques brillan en d\u00edas de tormenta y c\u00f3mo lograron grabarlo por primera vez","datePublished":"2026-04-27T20:47:01+00:00","mainEntityOfPage":{"@id":"https:\/\/sarmiento24h.com\/?p=159544"},"wordCount":560,"publisher":{"@id":"https:\/\/sarmiento24h.com\/#organization"},"image":{"@id":"https:\/\/sarmiento24h.com\/?p=159544#primaryimage"},"thumbnailUrl":"https:\/\/sarmiento24h.com\/wp-content\/uploads\/2026\/04\/por-que-los-bosques-brillan-en-dias-de-tormenta-y-como-lograron-grabarlo-por-primera-vez.jpg","articleSection":["Tecnologia"],"inLanguage":"es"},{"@type":"WebPage","@id":"https:\/\/sarmiento24h.com\/?p=159544","url":"https:\/\/sarmiento24h.com\/?p=159544","name":"Por qu\u00e9 los bosques brillan en d\u00edas de tormenta y c\u00f3mo lograron grabarlo por primera vez - Sarmiento24h","isPartOf":{"@id":"https:\/\/sarmiento24h.com\/#website"},"primaryImageOfPage":{"@id":"https:\/\/sarmiento24h.com\/?p=159544#primaryimage"},"image":{"@id":"https:\/\/sarmiento24h.com\/?p=159544#primaryimage"},"thumbnailUrl":"https:\/\/sarmiento24h.com\/wp-content\/uploads\/2026\/04\/por-que-los-bosques-brillan-en-dias-de-tormenta-y-como-lograron-grabarlo-por-primera-vez.jpg","datePublished":"2026-04-27T20:47:01+00:00","breadcrumb":{"@id":"https:\/\/sarmiento24h.com\/?p=159544#breadcrumb"},"inLanguage":"es","potentialAction":[{"@type":"ReadAction","target":["https:\/\/sarmiento24h.com\/?p=159544"]}]},{"@type":"ImageObject","inLanguage":"es","@id":"https:\/\/sarmiento24h.com\/?p=159544#primaryimage","url":"https:\/\/sarmiento24h.com\/wp-content\/uploads\/2026\/04\/por-que-los-bosques-brillan-en-dias-de-tormenta-y-como-lograron-grabarlo-por-primera-vez.jpg","contentUrl":"https:\/\/sarmiento24h.com\/wp-content\/uploads\/2026\/04\/por-que-los-bosques-brillan-en-dias-de-tormenta-y-como-lograron-grabarlo-por-primera-vez.jpg","width":1500,"height":1125},{"@type":"BreadcrumbList","@id":"https:\/\/sarmiento24h.com\/?p=159544#breadcrumb","itemListElement":[{"@type":"ListItem","position":1,"name":"Home","item":"https:\/\/sarmiento24h.com\/"},{"@type":"ListItem","position":2,"name":"Por qu\u00e9 los bosques brillan en d\u00edas de tormenta y c\u00f3mo lograron grabarlo por primera vez"}]},{"@type":"WebSite","@id":"https:\/\/sarmiento24h.com\/#website","url":"https:\/\/sarmiento24h.com\/","name":"Sarmiento24h","description":"","publisher":{"@id":"https:\/\/sarmiento24h.com\/#organization"},"potentialAction":[{"@type":"SearchAction","target":{"@type":"EntryPoint","urlTemplate":"https:\/\/sarmiento24h.com\/?s={search_term_string}"},"query-input":{"@type":"PropertyValueSpecification","valueRequired":true,"valueName":"search_term_string"}}],"inLanguage":"es"},{"@type":"Organization","@id":"https:\/\/sarmiento24h.com\/#organization","name":"Sarmiento24h","url":"https:\/\/sarmiento24h.com\/","logo":{"@type":"ImageObject","inLanguage":"es","@id":"https:\/\/sarmiento24h.com\/#\/schema\/logo\/image\/","url":"https:\/\/sarmiento24h.com\/wp-content\/uploads\/2025\/12\/AddText_12-16-10.30.52.jpg","contentUrl":"https:\/\/sarmiento24h.com\/wp-content\/uploads\/2025\/12\/AddText_12-16-10.30.52.jpg","width":1220,"height":324,"caption":"Sarmiento24h"},"image":{"@id":"https:\/\/sarmiento24h.com\/#\/schema\/logo\/image\/"},"sameAs":["https:\/\/facebook.com\/s24hnoticias","https:\/\/x.com\/sarmiento24h"]},{"@type":"Person","@id":"https:\/\/sarmiento24h.com\/#\/schema\/person\/d653a59725ad629a7e0429af7b939d4d","name":"sarmiento24h@gmail.com","image":{"@type":"ImageObject","inLanguage":"es","@id":"https:\/\/sarmiento24h.com\/wp-content\/litespeed\/avatar\/d02cbc4e23c747e6659cd45907173c8f.jpg?ver=1777157796","url":"https:\/\/sarmiento24h.com\/wp-content\/litespeed\/avatar\/d02cbc4e23c747e6659cd45907173c8f.jpg?ver=1777157796","contentUrl":"https:\/\/sarmiento24h.com\/wp-content\/litespeed\/avatar\/d02cbc4e23c747e6659cd45907173c8f.jpg?ver=1777157796","caption":"sarmiento24h@gmail.com"},"sameAs":["https:\/\/sarmiento24h.com"],"url":"https:\/\/sarmiento24h.com\/?author=1"}]}},"jetpack_publicize_connections":[],"jetpack_featured_media_url":"https:\/\/sarmiento24h.com\/wp-content\/uploads\/2026\/04\/por-que-los-bosques-brillan-en-dias-de-tormenta-y-como-lograron-grabarlo-por-primera-vez.jpg","jetpack_sharing_enabled":true,"_links":{"self":[{"href":"https:\/\/sarmiento24h.com\/index.php?rest_route=\/wp\/v2\/posts\/159544","targetHints":{"allow":["GET"]}}],"collection":[{"href":"https:\/\/sarmiento24h.com\/index.php?rest_route=\/wp\/v2\/posts"}],"about":[{"href":"https:\/\/sarmiento24h.com\/index.php?rest_route=\/wp\/v2\/types\/post"}],"author":[{"embeddable":true,"href":"https:\/\/sarmiento24h.com\/index.php?rest_route=\/wp\/v2\/users\/1"}],"replies":[{"embeddable":true,"href":"https:\/\/sarmiento24h.com\/index.php?rest_route=%2Fwp%2Fv2%2Fcomments&post=159544"}],"version-history":[{"count":0,"href":"https:\/\/sarmiento24h.com\/index.php?rest_route=\/wp\/v2\/posts\/159544\/revisions"}],"wp:featuredmedia":[{"embeddable":true,"href":"https:\/\/sarmiento24h.com\/index.php?rest_route=\/wp\/v2\/media\/159545"}],"wp:attachment":[{"href":"https:\/\/sarmiento24h.com\/index.php?rest_route=%2Fwp%2Fv2%2Fmedia&parent=159544"}],"wp:term":[{"taxonomy":"category","embeddable":true,"href":"https:\/\/sarmiento24h.com\/index.php?rest_route=%2Fwp%2Fv2%2Fcategories&post=159544"},{"taxonomy":"post_tag","embeddable":true,"href":"https:\/\/sarmiento24h.com\/index.php?rest_route=%2Fwp%2Fv2%2Ftags&post=159544"}],"curies":[{"name":"wp","href":"https:\/\/api.w.org\/{rel}","templated":true}]}}