{"id":159563,"date":"2026-04-27T21:26:50","date_gmt":"2026-04-27T21:26:50","guid":{"rendered":"http:\/\/b81fac68-426f-11f1-8cb3-0be0536b9867"},"modified":"2026-04-27T21:26:50","modified_gmt":"2026-04-27T21:26:50","slug":"que-significa-el-historico-encuentro-entre-el-papa-leon-xiv-y-la-arzobispa-de-canterbury","status":"publish","type":"post","link":"https:\/\/sarmiento24h.com\/?p=159563","title":{"rendered":"\u00bfQu\u00e9 significa el hist\u00f3rico encuentro entre el papa Le\u00f3n XIV y la arzobispa de Canterbury?"},"content":{"rendered":"<p>El encuentro, impensado a\u00f1os atr\u00e1s, transmite un fuerte mensaje. El <a href=\"https:\/\/www.france24.com\/es\/tag\/papa\/\" target=\"_self\" class=\"gtm-add-suggested-tag\">papa<\/a> <a href=\"https:\/\/www.france24.com\/es\/tag\/le\u00f3n-xiv\/\" target=\"_self\" class=\"gtm-add-suggested-tag\">Le\u00f3n XIV<\/a>, l\u00edder de una <a href=\"https:\/\/www.france24.com\/es\/tag\/iglesia-cat\u00f3lica\/\" target=\"_self\" class=\"gtm-add-suggested-tag\">Iglesia cat\u00f3lica<\/a> que reserva el sacerdocio para los hombres, sentado a la par de Sarah Mullally, la primera mujer designada al frente de la <a href=\"https:\/\/www.france24.com\/es\/tag\/iglesia-anglicana\/\" target=\"_self\" class=\"gtm-add-suggested-tag\">Iglesia anglicana<\/a>, compartiendo juntos un momento de oraci\u00f3n en la&nbsp;Capilla Urbano VIII&nbsp;del Palacio Apost\u00f3lico.<\/p>\n<p>Esa imagen, de las pocas que han trascendido de la reuni\u00f3n a puerta cerrada, es la que sobresale en la hist\u00f3rica visita de cuatro d\u00edas de la arzobispa de Canterbury al <a href=\"https:\/\/www.france24.com\/es\/tag\/el-vaticano\/\" target=\"_self\" class=\"gtm-add-suggested-tag\">Vaticano<\/a>, una \u00ab<a href=\"https:\/\/www.france24.com\/es\/tag\/peregrinaci\u00f3n\/\" target=\"_self\" class=\"gtm-add-suggested-tag\">peregrinaci\u00f3n<\/a>\u00bb a <a href=\"https:\/\/www.france24.com\/es\/tag\/roma\/\" target=\"_self\" class=\"gtm-add-suggested-tag\">Roma<\/a> \u2013tal como ella la describi\u00f3\u2013 apenas un mes despu\u00e9s de su nombramiento y en su primera salida desde que ostenta el cargo.<\/p>\n<p>Sesenta a\u00f1os despu\u00e9s del primer encuentro entre un papa y un arzobispo de Canterbury desde la ruptura entre las dos Iglesias cristianas en 1534 \u2013Juan XXIII recibi\u00f3 a Geoffrey Fisher el 24 de marzo de 1966\u2013, Le\u00f3n XIV y Mullally llamaron a \u00abtrabajar juntos\u00bb pese a reconocer las \u00abdiferencias\u00bb entre ambas confesiones.<\/p>\n<p>Los anglicanos \u2013una fe que hoy profesan unos 100 millones de personas en 165 pa\u00edses\u2013 se separaron de Roma en 1534, cuando al rey ingl\u00e9s Enrique VIII se le deneg\u00f3 la anulaci\u00f3n de su matrimonio con Catalina de Arag\u00f3n.<\/p>\n<div class=\"m-em-image\">\n<figure class=\"m-item-image m-item-image--original m-item-image--has-caption\"> <picture class=\"a-picture a-picture--original\"><source type=\"image\/webp\" srcset=\"https:\/\/s.france24.com\/media\/display\/52f65c02-426e-11f1-bd4d-005056bf30b7\/w:246\/FOTO-ENCUENTRO-REZO-PAPA-ARZOBISPA.webp 246w, https:\/\/s.france24.com\/media\/display\/52f65c02-426e-11f1-bd4d-005056bf30b7\/w:388\/FOTO-ENCUENTRO-REZO-PAPA-ARZOBISPA.webp 388w, https:\/\/s.france24.com\/media\/display\/52f65c02-426e-11f1-bd4d-005056bf30b7\/w:720\/FOTO-ENCUENTRO-REZO-PAPA-ARZOBISPA.webp 720w, https:\/\/s.france24.com\/media\/display\/52f65c02-426e-11f1-bd4d-005056bf30b7\/w:980\/FOTO-ENCUENTRO-REZO-PAPA-ARZOBISPA.webp 980w\" sizes=\"(max-width: 1023px) calc(100vw - 32px), (min-width: 1024px) 850px\"><img fetchpriority=\"low\" decoding=\"async\" src=\"https:\/\/s.france24.com\/media\/display\/52f65c02-426e-11f1-bd4d-005056bf30b7\/w:980\/FOTO-ENCUENTRO-REZO-PAPA-ARZOBISPA.jpg\" srcset=\"https:\/\/s.france24.com\/media\/display\/52f65c02-426e-11f1-bd4d-005056bf30b7\/w:246\/FOTO-ENCUENTRO-REZO-PAPA-ARZOBISPA.jpg 246w, https:\/\/s.france24.com\/media\/display\/52f65c02-426e-11f1-bd4d-005056bf30b7\/w:388\/FOTO-ENCUENTRO-REZO-PAPA-ARZOBISPA.jpg 388w, https:\/\/s.france24.com\/media\/display\/52f65c02-426e-11f1-bd4d-005056bf30b7\/w:720\/FOTO-ENCUENTRO-REZO-PAPA-ARZOBISPA.jpg 720w, https:\/\/s.france24.com\/media\/display\/52f65c02-426e-11f1-bd4d-005056bf30b7\/w:980\/FOTO-ENCUENTRO-REZO-PAPA-ARZOBISPA.jpg 980w\" sizes=\"(max-width: 1023px) calc(100vw - 32px), (min-width: 1024px) 850px\" alt=\"El papa Le\u00f3n XIV comparte un momento de oraci\u00f3n con la arzobispa de Canterbury, Sarah Mullally, en el Vaticano, el 27 de abril de 2026.\" loading=\"lazy\" class=\"a-img \">\n<\/picture><figcaption class=\"a-figcaption\"> <span>El papa Le\u00f3n XIV comparte un momento de oraci\u00f3n con la arzobispa de Canterbury, Sarah Mullally, en el Vaticano, el 27 de abril de 2026.<\/span> <span>\u00a9 Vatican Media \/ Handout v\u00eda Reuters<\/span> <\/figcaption><\/figure>\n<\/p><\/div>\n<p>Pese a que en 1966, tras casi cinco siglos, ambas ramas del <a href=\"https:\/\/www.france24.com\/es\/tag\/cristianismo\/\" target=\"_self\" class=\"gtm-add-suggested-tag\">cristianismo<\/a> iniciaron un di\u00e1logo teol\u00f3gico formal hacia la reconciliaci\u00f3n, todav\u00eda existen obst\u00e1culos que, de momento, parecen insorteables. Sin embargo, especialistas consideran que gestos como la reuni\u00f3n de este lunes 27 de abril contribuyen a acercar posiciones.<\/p>\n<p>De acuerdo con el comunicado oficial, Le\u00f3n XIV cit\u00f3 al difunto papa Francisco, quien en su momento dijo a los primados anglicanos: \u00abSer\u00eda un esc\u00e1ndalo si, debido a nuestras divisiones, no cumpli\u00e9ramos con nuestra vocaci\u00f3n com\u00fan de dar a conocer a Cristo\u00bb.<\/p>\n<blockquote class=\"quote\" readability=\"9\">\n<p>\u00abPor mi parte, a\u00f1ado que tambi\u00e9n ser\u00eda un esc\u00e1ndalo si no sigui\u00e9ramos trabajando para superar nuestras diferencias, por muy irreconciliables que parezcan\u00bb, afirm\u00f3.<\/p>\n<\/blockquote>\n<p>De su lado, Mullally llam\u00f3 a \u00abtrabajar juntos por el bien com\u00fan, construyendo siempre puentes, nunca muros\u00bb y remarc\u00f3 que&nbsp;\u00aben el mundo actual, estamos llamados a vivir y predicar el Evangelio con renovada claridad\u00bb.<\/p>\n<p><strong>\u00abAnte la violencia inhumana, la profunda divisi\u00f3n y los r\u00e1pidos cambios sociales, debemos seguir contando una historia m\u00e1s esperanzadora\u00bb,<\/strong> subray\u00f3.<\/p>\n<p class=\"a-read-more\"><span class=\"a-read-more__label\">Leer tambi\u00e9n<\/span><a href=\"https:\/\/www.france24.com\/es\/programas\/\u00e1frica-7-d\u00edas\/20260421-papa-le\u00f3n-xiv-en-\u00e1frica-qu\u00e9-busca-el-vaticano-en-el-continente\" target=\"_self\" class=\"a-read-more__link\">Papa Le\u00f3n XIV en \u00c1frica: \u00bfqu\u00e9 busca el Vaticano en el continente?<\/a><\/p>\n<h2><strong>Un acercamiento pese a las diferencias sobre el rol de la mujer<\/strong><\/h2>\n<p>El principal obst\u00e1culo entre ambas ramas del cristianismo es la decisi\u00f3n de la Iglesia de <a href=\"https:\/\/www.france24.com\/es\/tag\/inglaterra\/\" target=\"_self\" class=\"gtm-add-suggested-tag\">Inglaterra<\/a> de permitir la ordenaci\u00f3n femenina, que la ha llevado a tener las primeras sacerdotes en 1994, su primera obispa en 2015 y, ahora, a Mullally como la primera mujer en liderar a los anglicanos.<\/p>\n<p>Le\u00f3n XIV dio cuenta de ello al se\u00f1alar que si bien \u00abse ha avanzado mucho en algunos temas hist\u00f3ricamente divisivos, en las \u00faltimas d\u00e9cadas han surgido nuevos problemas que dificultan discernir el camino hacia la comuni\u00f3n plena\u00bb.<\/p>\n<p>Para George Gross, experto en teolog\u00eda y monarqu\u00eda del King&#8217;s College de Londres, la reuni\u00f3n del lunes fue hist\u00f3rica porque \u00absi retrocedi\u00e9ramos varios siglos, ser\u00eda impensable\u00bb. \u00abEl hecho de que el papa est\u00e9 dispuesto a reunirse demuestra, en s\u00ed mismo, la diferencia\u00bb.<\/p>\n<p>Algo similar expres\u00f3 <a href=\"https:\/\/www.youtube.com\/watch?v=2bWV56uqIaY\" target=\"_blank\">en su cuenta de YouTube<\/a> el experto en teolog\u00eda, Tim Wilson, quien destac\u00f3 que \u00abla l\u00edder de una iglesia que ordena mujeres se sienta junto al l\u00edder de una iglesia que no lo hace\u00bb, una imagen que \u00abes la discusi\u00f3n teol\u00f3gica hecha realidad\u00bb.<\/p>\n<p>En di\u00e1logo con periodistas luego del encuentro con el papa, Mullally lo describi\u00f3 como \u00abun momento de gran calidez, aliento y esperanza\u00bb.<\/p>\n<div class=\"m-em-image\">\n<figure class=\"m-item-image m-item-image--original m-item-image--has-caption\"> <picture class=\"a-picture a-picture--original\"><source type=\"image\/webp\" srcset=\"https:\/\/s.france24.com\/media\/display\/7ed14d3e-2831-11f1-9bac-005056bf30b7\/w:246\/AP26081551808253.webp 246w, https:\/\/s.france24.com\/media\/display\/7ed14d3e-2831-11f1-9bac-005056bf30b7\/w:388\/AP26081551808253.webp 388w, https:\/\/s.france24.com\/media\/display\/7ed14d3e-2831-11f1-9bac-005056bf30b7\/w:720\/AP26081551808253.webp 720w, https:\/\/s.france24.com\/media\/display\/7ed14d3e-2831-11f1-9bac-005056bf30b7\/w:980\/AP26081551808253.webp 980w\" sizes=\"(max-width: 1023px) calc(100vw - 32px), (min-width: 1024px) 850px\"><img fetchpriority=\"low\" decoding=\"async\" src=\"https:\/\/s.france24.com\/media\/display\/7ed14d3e-2831-11f1-9bac-005056bf30b7\/w:980\/AP26081551808253.jpg\" srcset=\"https:\/\/s.france24.com\/media\/display\/7ed14d3e-2831-11f1-9bac-005056bf30b7\/w:246\/AP26081551808253.jpg 246w, https:\/\/s.france24.com\/media\/display\/7ed14d3e-2831-11f1-9bac-005056bf30b7\/w:388\/AP26081551808253.jpg 388w, https:\/\/s.france24.com\/media\/display\/7ed14d3e-2831-11f1-9bac-005056bf30b7\/w:720\/AP26081551808253.jpg 720w, https:\/\/s.france24.com\/media\/display\/7ed14d3e-2831-11f1-9bac-005056bf30b7\/w:980\/AP26081551808253.jpg 980w\" sizes=\"(max-width: 1023px) calc(100vw - 32px), (min-width: 1024px) 850px\" alt=\"The Archbishop of Canterbury Dame Sarah Mullally poses for a photo.\" loading=\"lazy\" class=\"a-img \">\n<\/picture><figcaption class=\"a-figcaption\"> <span>La arzobispa de Canterbury, Sarah Mullally, posa para una foto despu\u00e9s de una peregrinaci\u00f3n de 140 kil\u00f3metros desde Londres hasta la catedral de Canterbury, en Inglaterra, el 22 de marzo de 2026.<\/span> <span>\u00a9 Gareth Fuller \/ AP<\/span> <\/figcaption><\/figure>\n<\/p><\/div>\n<p>\u00abCreo que ambos reconocemos que, independientemente de que yo sea mujer, este es un momento significativo, ya que nuestras iglesias han recorrido juntas un camino para profundizar nuestra amistad\u00bb, enfatiz\u00f3.<\/p>\n<p>No obstante, reconoci\u00f3: \u00abNo puedo ignorar el hecho de que mi nombramiento como mujer ha significado algo para la gente y eso me ha brindado la oportunidad de ser escuchada, quiz\u00e1s de una manera diferente\u00bb.<\/p>\n<p>En un art\u00edculo publicado <a href=\"https:\/\/religionmediacentre.org.uk\/news\/explainer-the-archbishop-of-canterbury-meets-the-pope\/\" target=\"_blank\">en la plataforma brit\u00e1nica Religion Media Centre<\/a>, la periodista y comentarista Catherine Pepinster consider\u00f3 que \u00abhay mujeres cat\u00f3licas que ven la ordenaci\u00f3n femenina anglicana como un modelo a seguir, pero a\u00fan parece muy improbable\u00bb.<\/p>\n<p>\u00abUna comisi\u00f3n vaticana sobre diaconisas present\u00f3 su informe al papa Le\u00f3n XIV en 2025 y descart\u00f3 su ordenaci\u00f3n. Sin embargo, el papa no descart\u00f3 un debate posterior y afirm\u00f3 estar abierto a aumentar el papel de la mujer en el liderazgo eclesi\u00e1stico. Esto sugiere involucrarlas m\u00e1s en la gesti\u00f3n de los departamentos del Vaticano, en lugar de en la ordenaci\u00f3n sacerdotal\u00bb, concluy\u00f3.<\/p>\n<p>Si bien esa opci\u00f3n es lejana, Le\u00f3n XIV sigue los pasos del papa Francisco, quien&nbsp;profundiz\u00f3 el reconocimiento a las mujeres sacerdotes de otras confesiones. En 2015, se reuni\u00f3 con la arzobispa Antje Jackel\u00e9n, la primera mujer en dirigir la Iglesia Luterana de <a href=\"https:\/\/www.france24.com\/es\/tag\/suecia\/\" target=\"_self\" class=\"gtm-add-suggested-tag\">Suecia<\/a>. Y en 2024, invit\u00f3 a la obispa anglicana Jo Bailey Wells a una reuni\u00f3n privada con sus cardenales asesores para debatir sobre el papel de la mujer en la Iglesia cat\u00f3lica.<\/p>\n<h2><strong>Un mensaje de uni\u00f3n ante las divisiones internas<\/strong><\/h2>\n<p>No solo la ordenaci\u00f3n de mujeres distancia a estas dos Iglesias. Los anglicanos no reconocen la autoridad del papa \u2013para ellos, su m\u00e1ximo representante es el rey de Inglaterra, en este caso <a href=\"https:\/\/www.france24.com\/es\/tag\/carlos-iii\/\" target=\"_self\" class=\"gtm-add-suggested-tag\">Carlos III<\/a>, <a href=\"https:\/\/www.france24.com\/es\/europa\/20251023-rey-carlos-y-el-papa-le\u00f3n-celebrar\u00e1n-la-primera-oraci\u00f3n-conjunta-carlos-iii-reza-con-el-papa-le\u00f3n-xiv-un-gesto-sin-precedentes-en-500-a\u00f1os\" target=\"_self\">quien en octubre protagoniz\u00f3 una hist\u00f3rica visita y rezo con Le\u00f3n XIV en el Vaticano<\/a>\u2013 ni los dogmas de la Virgen Mar\u00eda, mientras que&nbsp;sus religiosos no asumen el celibato.<\/p>\n<p>Otro asunto que sigue siendo objeto de debate es la posibilidad de que se brinde la comuni\u00f3n compartida entre ambas Iglesias. Esto \u00abtendr\u00eda un impacto significativo en las parejas donde uno de los miembros es anglicano y el otro cat\u00f3lico, y ser\u00eda un fuerte s\u00edmbolo de comuni\u00f3n\u00bb, afirma Pepinster.<\/p>\n<p>\u00abSin embargo, persisten las discusiones teol\u00f3gicas sobre si la eucarist\u00eda es un acto de conmemoraci\u00f3n o la presencia real de Cristo en el mundo, tras la consagraci\u00f3n, como ense\u00f1a la Iglesia Cat\u00f3lica\u00bb, a\u00f1ade.<\/p>\n<p>Pero m\u00e1s all\u00e1 de que las ense\u00f1anzas cat\u00f3lica y anglicana est\u00e1n alineadas en la mayor\u00eda de los temas importantes, a Le\u00f3n XIV y Mullally les unen desaf\u00edos similares de cara al liderazgo de sus Iglesias, desafiados por las ramas m\u00e1s conservadores dentro de sus organizaciones.<\/p>\n<div id=\"em-WBMZ386945-F24-ES-20260427\" class=\"m-em-flash\" data-xtwitter-script><figcaption class=\"a-figcaption\"> <\/figcaption><div class=\"o-em-consent \" readability=\"7\">\n<div class=\"o-em-consent__content\" readability=\"34\">\n<p class=\"o-em-consent__content__text\">Para mostrar este contenido de X (Twitter), debe autorizar las cookies de medici\u00f3n de audiencia y publicidad.<\/p>\n<p> <button class=\"a-master-button a-master-button--dark\" data-action=\"accept\"> Aceptar <svg class=\"a-svg a-svg--icon-check\"> <use xlink:href=\"\/build\/images\/svg\/sprite.c98bf387c90bc4a87186b0b783f15ba0.svg#icon-check\" href=\"\/build\/images\/svg\/sprite.c98bf387c90bc4a87186b0b783f15ba0.svg#icon-check\" \/> <\/svg> <\/button> <button class=\"a-link\" data-action=\"manage\">Gestionar mis opciones<i class=\"a-svg a-svg--icon-edit\"><\/i><\/button> <\/div>\n<\/div>\n<\/div>\n<p>En el caso particular de la arzobispa de Canterbury, mientras su nombramiento fue mayormente celebrado en Inglaterra y otros pa\u00edses occidentales como una ruptura del &#8216;techo de cristal&#8217; para las mujeres en la Iglesia, en las congregaciones m\u00e1s grandes y de mayor crecimiento en <a href=\"https:\/\/www.france24.com\/es\/tag\/\u00e1frica\/\" target=\"_self\" class=\"gtm-add-suggested-tag\">\u00c1frica<\/a>, fue duramente cuestionado.<\/p>\n<p>Muchas de ellas pertenecen a un grupo conservador llamado Conferencia Global del Futuro Anglicano (Gafcon), que ha amenazado con romper definitivamente con el liderazgo anglicano, una declaraci\u00f3n que fue respaldada por la Iglesia anglicana de Norteam\u00e9rica, una rama conservadora escindida de las iglesias episcopales m\u00e1s liberales de <a href=\"https:\/\/www.france24.com\/es\/tag\/estados-unidos\/\" target=\"_self\" class=\"gtm-add-suggested-tag\">Estados Unidos<\/a> y <a href=\"https:\/\/www.france24.com\/es\/tag\/canad\u00e1\/\" target=\"_self\" class=\"gtm-add-suggested-tag\">Canad\u00e1<\/a>.<\/p>\n<p>En ese sentido, no sorprende que el siguiente viaje de Mullally vaya a ser al continente africano, de donde acaba de regresar el papa. La l\u00edder anglicana visitar\u00e1 <a href=\"https:\/\/www.france24.com\/es\/tag\/camer\u00fan\/\" target=\"_self\" class=\"gtm-add-suggested-tag\">Camer\u00fan<\/a> y <a href=\"https:\/\/www.france24.com\/es\/tag\/ghana\/\" target=\"_self\" class=\"gtm-add-suggested-tag\">Ghana<\/a> en julio pr\u00f3ximo.<\/p>\n<p>\u00abSu peregrinaci\u00f3n a \u00c1frica estuvo llena de vida y alegr\u00eda.&nbsp;Nos record\u00f3 que, a pesar de nuestros sufrimientos, la gente anhela una vida plena, y much\u00edsimas personas trabajan cada d\u00eda por esta visi\u00f3n del bien com\u00fan\u00bb, le dijo la arzobispa de Canterbury a Le\u00f3n XIV.<\/p>\n<div id=\"em-WBMZ386946-F24-ES-20260427\" class=\"m-em-flash\" data-xtwitter-script><figcaption class=\"a-figcaption\"> <\/figcaption><div class=\"o-em-consent \" readability=\"7\">\n<div class=\"o-em-consent__content\" readability=\"34\">\n<p class=\"o-em-consent__content__text\">Para mostrar este contenido de X (Twitter), debe autorizar las cookies de medici\u00f3n de audiencia y publicidad.<\/p>\n<p> <button class=\"a-master-button a-master-button--dark\" data-action=\"accept\"> Aceptar <svg class=\"a-svg a-svg--icon-check\"> <use xlink:href=\"\/build\/images\/svg\/sprite.c98bf387c90bc4a87186b0b783f15ba0.svg#icon-check\" href=\"\/build\/images\/svg\/sprite.c98bf387c90bc4a87186b0b783f15ba0.svg#icon-check\" \/> <\/svg> <\/button> <button class=\"a-link\" data-action=\"manage\">Gestionar mis opciones<i class=\"a-svg a-svg--icon-edit\"><\/i><\/button> <\/div>\n<\/div>\n<\/div>\n<p>Para Tim Wilson, la visita de Mullally a Roma antes de viajar a esos pa\u00edses \u00abes, por supuesto, deliberada\u00bb porque \u00abfortalece su legitimidad global\u00bb y \u00abestar junto al papa le confiere una autoridad simb\u00f3lica\u00bb.<\/p>\n<p>Coincide Catherine Pepinster, quien se\u00f1ala que \u00absi bien algunos anglicanos en Gran Breta\u00f1a (y muchos m\u00e1s en \u00c1frica) se oponen a que sea arzobispa por el simple hecho de ser mujer, ella est\u00e1 al lado del papa, posiblemente el l\u00edder espiritual m\u00e1s importante del mundo\u00bb.<\/p>\n<p>Wilson agrega que tanto la Iglesia cat\u00f3lica como la anglicana \u00abse enfrentan&nbsp;a presiones similares o id\u00e9nticas: la secularizaci\u00f3n en Europa, la disminuci\u00f3n de la asistencia, el deterioro de la autoridad moral por esc\u00e1ndalos de abusos, la divisi\u00f3n interna entre facciones conservadoras y progresistas y las cuestiones relativas a la sexualidad, la autoridad y la doctrina\u00bb.<\/p>\n<p>\u00abEn este contexto, la unidad ya no es solo una aspiraci\u00f3n teol\u00f3gica, sino una necesidad estrat\u00e9gica\u00bb, sentencia.<\/p>\n<p class=\"a-read-more\"><span class=\"a-read-more__label\">Leer tambi\u00e9n<\/span><a href=\"https:\/\/www.france24.com\/es\/programas\/\u00e1frica-7-d\u00edas\/20260421-papa-le\u00f3n-xiv-en-\u00e1frica-qu\u00e9-busca-el-vaticano-en-el-continente\" target=\"_self\" class=\"a-read-more__link\">Papa Le\u00f3n XIV en \u00c1frica: \u00bfqu\u00e9 busca el Vaticano en el continente?<\/a><\/p>\n<h2><strong>Una posici\u00f3n moral com\u00fan tras las cr\u00edticas de Trump<\/strong><\/h2>\n<p>El contexto global no escapa a este hist\u00f3rico encuentro. El cara a cara entre Le\u00f3n XIV y la arzobispa de Canterbury se produce en medio del revuelo por las recientes cr\u00edticas del presidente estadounidense,&nbsp;<a href=\"https:\/\/www.france24.com\/es\/tag\/donald-trump\/\" target=\"_self\" class=\"gtm-add-suggested-tag\">Donald Trump<\/a>,&nbsp;hacia el l\u00edder de la Iglesia cat\u00f3lica por su oposici\u00f3n a la guerra iniciada por <a href=\"https:\/\/www.france24.com\/es\/tag\/estados-unidos\/\" target=\"_self\" class=\"gtm-add-suggested-tag\">Estados Unidos<\/a> e <a href=\"https:\/\/www.france24.com\/es\/tag\/israel\/\" target=\"_self\" class=\"gtm-add-suggested-tag\">Israel<\/a> contra <a href=\"https:\/\/www.france24.com\/es\/tag\/ir\u00e1n\/\" target=\"_self\" class=\"gtm-add-suggested-tag\">Ir\u00e1n<\/a>.<\/p>\n<p>Precisamente, Sarah Mullally hab\u00eda emitido un comunicado d\u00edas atr\u00e1s en solidaridad con Le\u00f3n XIV, destacando \u00absu valiente llamado al reino de la paz\u00bb, ante la realidad de que \u00ablos costos de la guerra son incalculables\u00bb.<\/p>\n<p class=\"a-read-more\"><span class=\"a-read-more__label\">Leer tambi\u00e9n<\/span><a href=\"https:\/\/www.france24.com\/es\/ee-uu-y-canad\u00e1\/20260417-la-arremetida-de-trump-contra-el-papa-qu\u00e9-hay-detr\u00e1s-y-qu\u00e9-le-puede-costar\" target=\"_self\" class=\"a-read-more__link\">La arremetida de Trump contra el papa: \u00bfqu\u00e9 hay detr\u00e1s y qu\u00e9 le puede costar?<\/a><\/p>\n<p>Esas ideas volvieron a sobrevolar este lunes.&nbsp;El papa subray\u00f3 que los cristianos deben ser \u00abmensajeros de su paz\u00bb, porque Jes\u00fas \u00absiempre respondi\u00f3 a la violencia y la agresi\u00f3n de forma desarmada, invit\u00e1ndonos a hacer lo mismo\u00bb.<\/p>\n<p>Por su lado, Mullally le remarc\u00f3 al sumo pont\u00edfice: \u00abUsted ha hablado con gran elocuencia sobre las numerosas injusticias que azotan nuestro mundo hoy en d\u00eda\u00bb y le agradeci\u00f3 por sus recientes posicionamientos porque \u00abel mundo necesitaba este mensaje en este momento\u00bb.<\/p>\n<p>Seg\u00fan George Gross, la visita \u00abes una reafirmaci\u00f3n de la unidad\u00bb que intentan proyectar ambas iglesias, especialmente al afrontar los conflictos globales.<\/p>\n<p>Del mismo modo, Tim Wilson considera que&nbsp;\u00abesta alineaci\u00f3n se\u00f1ala una postura moral compartida sobre el conflicto global y la paz\u00bb y \u00absit\u00faa a ambos l\u00edderes dentro de un discurso \u00e9tico m\u00e1s amplio que trasciende las divisiones confesionales\u00bb.<\/p>\n<p>Aunque reconoce que \u00abla visita no augura una unidad inminente\u00bb y que \u00abeso ser\u00eda poco realista\u00bb, el experto en teolog\u00eda sostiene que \u00ablogra tres cosas concretas\u00bb: \u00abPrimero, refuerza una identidad hist\u00f3rica compartida con ra\u00edces en la iglesia primitiva. Segundo, demuestra que el di\u00e1logo contin\u00faa a pesar de los serios desacuerdos. Tercero, proyecta una voz moral unificada en un contexto global fragmentado\u00bb.<\/p>\n<p>Con Reuters, AP, EFE y medios<\/p>\n","protected":false},"excerpt":{"rendered":"<p>El encuentro, impensado a\u00f1os atr\u00e1s, transmite un&#46;&#46;&#46;<\/p>\n","protected":false},"author":1,"featured_media":159564,"comment_status":"closed","ping_status":"closed","sticky":false,"template":"","format":"standard","meta":{"_jetpack_memberships_contains_paid_content":false,"footnotes":"","jetpack_publicize_message":"","jetpack_publicize_feature_enabled":true,"jetpack_social_post_already_shared":true,"jetpack_social_options":{"image_generator_settings":{"template":"highway","default_image_id":0,"font":"","enabled":false},"version":2}},"categories":[43],"tags":[],"class_list":["post-159563","post","type-post","status-publish","format-standard","has-post-thumbnail","hentry","category-internacionales"],"yoast_head":"<!-- This site is optimized with the Yoast SEO plugin v27.3 - https:\/\/yoast.com\/product\/yoast-seo-wordpress\/ -->\n<title>\u00bfQu\u00e9 significa el hist\u00f3rico encuentro entre el papa Le\u00f3n XIV y la arzobispa de Canterbury? - Sarmiento24h<\/title>\n<meta name=\"robots\" content=\"index, follow, max-snippet:-1, max-image-preview:large, max-video-preview:-1\" \/>\n<link rel=\"canonical\" href=\"https:\/\/sarmiento24h.com\/?p=159563\" \/>\n<meta property=\"og:locale\" content=\"es_ES\" \/>\n<meta property=\"og:type\" content=\"article\" \/>\n<meta property=\"og:title\" content=\"\u00bfQu\u00e9 significa el hist\u00f3rico encuentro entre el papa Le\u00f3n XIV y la arzobispa de Canterbury? - Sarmiento24h\" \/>\n<meta property=\"og:description\" content=\"El encuentro, impensado a\u00f1os atr\u00e1s, transmite un&#046;&#046;&#046;\" \/>\n<meta property=\"og:url\" content=\"https:\/\/sarmiento24h.com\/?p=159563\" \/>\n<meta property=\"og:site_name\" content=\"Sarmiento24h\" \/>\n<meta property=\"article:publisher\" content=\"https:\/\/facebook.com\/s24hnoticias\" \/>\n<meta property=\"article:published_time\" content=\"2026-04-27T21:26:50+00:00\" \/>\n<meta property=\"og:image\" content=\"https:\/\/s.france24.com\/media\/display\/52f65c02-426e-11f1-bd4d-005056bf30b7\/w:980\/FOTO-ENCUENTRO-REZO-PAPA-ARZOBISPA.jpg\" \/>\n<meta name=\"author\" content=\"sarmiento24h@gmail.com\" \/>\n<meta name=\"twitter:card\" content=\"summary_large_image\" \/>\n<meta name=\"twitter:creator\" content=\"@sarmiento24h\" \/>\n<meta name=\"twitter:site\" content=\"@sarmiento24h\" \/>\n<meta name=\"twitter:label1\" content=\"Escrito por\" \/>\n\t<meta name=\"twitter:data1\" content=\"sarmiento24h@gmail.com\" \/>\n\t<meta name=\"twitter:label2\" content=\"Tiempo de lectura\" \/>\n\t<meta name=\"twitter:data2\" content=\"10 minutos\" \/>\n<script type=\"application\/ld+json\" class=\"yoast-schema-graph\">{\"@context\":\"https:\\\/\\\/schema.org\",\"@graph\":[{\"@type\":\"Article\",\"@id\":\"https:\\\/\\\/sarmiento24h.com\\\/?p=159563#article\",\"isPartOf\":{\"@id\":\"https:\\\/\\\/sarmiento24h.com\\\/?p=159563\"},\"author\":{\"name\":\"sarmiento24h@gmail.com\",\"@id\":\"https:\\\/\\\/sarmiento24h.com\\\/#\\\/schema\\\/person\\\/d653a59725ad629a7e0429af7b939d4d\"},\"headline\":\"\u00bfQu\u00e9 significa el hist\u00f3rico encuentro entre el papa Le\u00f3n XIV y la arzobispa de Canterbury?\",\"datePublished\":\"2026-04-27T21:26:50+00:00\",\"mainEntityOfPage\":{\"@id\":\"https:\\\/\\\/sarmiento24h.com\\\/?p=159563\"},\"wordCount\":2003,\"publisher\":{\"@id\":\"https:\\\/\\\/sarmiento24h.com\\\/#organization\"},\"image\":{\"@id\":\"https:\\\/\\\/sarmiento24h.com\\\/?p=159563#primaryimage\"},\"thumbnailUrl\":\"https:\\\/\\\/sarmiento24h.com\\\/wp-content\\\/uploads\\\/2026\\\/04\\\/que-significa-el-historico-encuentro-entre-el-papa-leon-xiv-y-la-arzobispa-de-canterbury.jpg\",\"articleSection\":[\"Internacionales\"],\"inLanguage\":\"es\"},{\"@type\":\"WebPage\",\"@id\":\"https:\\\/\\\/sarmiento24h.com\\\/?p=159563\",\"url\":\"https:\\\/\\\/sarmiento24h.com\\\/?p=159563\",\"name\":\"\u00bfQu\u00e9 significa el hist\u00f3rico encuentro entre el papa Le\u00f3n XIV y la arzobispa de Canterbury? - Sarmiento24h\",\"isPartOf\":{\"@id\":\"https:\\\/\\\/sarmiento24h.com\\\/#website\"},\"primaryImageOfPage\":{\"@id\":\"https:\\\/\\\/sarmiento24h.com\\\/?p=159563#primaryimage\"},\"image\":{\"@id\":\"https:\\\/\\\/sarmiento24h.com\\\/?p=159563#primaryimage\"},\"thumbnailUrl\":\"https:\\\/\\\/sarmiento24h.com\\\/wp-content\\\/uploads\\\/2026\\\/04\\\/que-significa-el-historico-encuentro-entre-el-papa-leon-xiv-y-la-arzobispa-de-canterbury.jpg\",\"datePublished\":\"2026-04-27T21:26:50+00:00\",\"breadcrumb\":{\"@id\":\"https:\\\/\\\/sarmiento24h.com\\\/?p=159563#breadcrumb\"},\"inLanguage\":\"es\",\"potentialAction\":[{\"@type\":\"ReadAction\",\"target\":[\"https:\\\/\\\/sarmiento24h.com\\\/?p=159563\"]}]},{\"@type\":\"ImageObject\",\"inLanguage\":\"es\",\"@id\":\"https:\\\/\\\/sarmiento24h.com\\\/?p=159563#primaryimage\",\"url\":\"https:\\\/\\\/sarmiento24h.com\\\/wp-content\\\/uploads\\\/2026\\\/04\\\/que-significa-el-historico-encuentro-entre-el-papa-leon-xiv-y-la-arzobispa-de-canterbury.jpg\",\"contentUrl\":\"https:\\\/\\\/sarmiento24h.com\\\/wp-content\\\/uploads\\\/2026\\\/04\\\/que-significa-el-historico-encuentro-entre-el-papa-leon-xiv-y-la-arzobispa-de-canterbury.jpg\",\"width\":980,\"height\":551},{\"@type\":\"BreadcrumbList\",\"@id\":\"https:\\\/\\\/sarmiento24h.com\\\/?p=159563#breadcrumb\",\"itemListElement\":[{\"@type\":\"ListItem\",\"position\":1,\"name\":\"Home\",\"item\":\"https:\\\/\\\/sarmiento24h.com\\\/\"},{\"@type\":\"ListItem\",\"position\":2,\"name\":\"\u00bfQu\u00e9 significa el hist\u00f3rico encuentro entre el papa Le\u00f3n XIV y la arzobispa de Canterbury?\"}]},{\"@type\":\"WebSite\",\"@id\":\"https:\\\/\\\/sarmiento24h.com\\\/#website\",\"url\":\"https:\\\/\\\/sarmiento24h.com\\\/\",\"name\":\"Sarmiento24h\",\"description\":\"\",\"publisher\":{\"@id\":\"https:\\\/\\\/sarmiento24h.com\\\/#organization\"},\"potentialAction\":[{\"@type\":\"SearchAction\",\"target\":{\"@type\":\"EntryPoint\",\"urlTemplate\":\"https:\\\/\\\/sarmiento24h.com\\\/?s={search_term_string}\"},\"query-input\":{\"@type\":\"PropertyValueSpecification\",\"valueRequired\":true,\"valueName\":\"search_term_string\"}}],\"inLanguage\":\"es\"},{\"@type\":\"Organization\",\"@id\":\"https:\\\/\\\/sarmiento24h.com\\\/#organization\",\"name\":\"Sarmiento24h\",\"url\":\"https:\\\/\\\/sarmiento24h.com\\\/\",\"logo\":{\"@type\":\"ImageObject\",\"inLanguage\":\"es\",\"@id\":\"https:\\\/\\\/sarmiento24h.com\\\/#\\\/schema\\\/logo\\\/image\\\/\",\"url\":\"https:\\\/\\\/sarmiento24h.com\\\/wp-content\\\/uploads\\\/2025\\\/12\\\/AddText_12-16-10.30.52.jpg\",\"contentUrl\":\"https:\\\/\\\/sarmiento24h.com\\\/wp-content\\\/uploads\\\/2025\\\/12\\\/AddText_12-16-10.30.52.jpg\",\"width\":1220,\"height\":324,\"caption\":\"Sarmiento24h\"},\"image\":{\"@id\":\"https:\\\/\\\/sarmiento24h.com\\\/#\\\/schema\\\/logo\\\/image\\\/\"},\"sameAs\":[\"https:\\\/\\\/facebook.com\\\/s24hnoticias\",\"https:\\\/\\\/x.com\\\/sarmiento24h\"]},{\"@type\":\"Person\",\"@id\":\"https:\\\/\\\/sarmiento24h.com\\\/#\\\/schema\\\/person\\\/d653a59725ad629a7e0429af7b939d4d\",\"name\":\"sarmiento24h@gmail.com\",\"image\":{\"@type\":\"ImageObject\",\"inLanguage\":\"es\",\"@id\":\"https:\\\/\\\/sarmiento24h.com\\\/wp-content\\\/litespeed\\\/avatar\\\/d02cbc4e23c747e6659cd45907173c8f.jpg?ver=1777157796\",\"url\":\"https:\\\/\\\/sarmiento24h.com\\\/wp-content\\\/litespeed\\\/avatar\\\/d02cbc4e23c747e6659cd45907173c8f.jpg?ver=1777157796\",\"contentUrl\":\"https:\\\/\\\/sarmiento24h.com\\\/wp-content\\\/litespeed\\\/avatar\\\/d02cbc4e23c747e6659cd45907173c8f.jpg?ver=1777157796\",\"caption\":\"sarmiento24h@gmail.com\"},\"sameAs\":[\"https:\\\/\\\/sarmiento24h.com\"],\"url\":\"https:\\\/\\\/sarmiento24h.com\\\/?author=1\"}]}<\/script>\n<!-- \/ Yoast SEO plugin. -->","yoast_head_json":{"title":"\u00bfQu\u00e9 significa el hist\u00f3rico encuentro entre el papa Le\u00f3n XIV y la arzobispa de Canterbury? - Sarmiento24h","robots":{"index":"index","follow":"follow","max-snippet":"max-snippet:-1","max-image-preview":"max-image-preview:large","max-video-preview":"max-video-preview:-1"},"canonical":"https:\/\/sarmiento24h.com\/?p=159563","og_locale":"es_ES","og_type":"article","og_title":"\u00bfQu\u00e9 significa el hist\u00f3rico encuentro entre el papa Le\u00f3n XIV y la arzobispa de Canterbury? - Sarmiento24h","og_description":"El encuentro, impensado a\u00f1os atr\u00e1s, transmite un&#46;&#46;&#46;","og_url":"https:\/\/sarmiento24h.com\/?p=159563","og_site_name":"Sarmiento24h","article_publisher":"https:\/\/facebook.com\/s24hnoticias","article_published_time":"2026-04-27T21:26:50+00:00","og_image":[{"url":"https:\/\/s.france24.com\/media\/display\/52f65c02-426e-11f1-bd4d-005056bf30b7\/w:980\/FOTO-ENCUENTRO-REZO-PAPA-ARZOBISPA.jpg","type":"","width":"","height":""}],"author":"sarmiento24h@gmail.com","twitter_card":"summary_large_image","twitter_creator":"@sarmiento24h","twitter_site":"@sarmiento24h","twitter_misc":{"Escrito por":"sarmiento24h@gmail.com","Tiempo de lectura":"10 minutos"},"schema":{"@context":"https:\/\/schema.org","@graph":[{"@type":"Article","@id":"https:\/\/sarmiento24h.com\/?p=159563#article","isPartOf":{"@id":"https:\/\/sarmiento24h.com\/?p=159563"},"author":{"name":"sarmiento24h@gmail.com","@id":"https:\/\/sarmiento24h.com\/#\/schema\/person\/d653a59725ad629a7e0429af7b939d4d"},"headline":"\u00bfQu\u00e9 significa el hist\u00f3rico encuentro entre el papa Le\u00f3n XIV y la arzobispa de Canterbury?","datePublished":"2026-04-27T21:26:50+00:00","mainEntityOfPage":{"@id":"https:\/\/sarmiento24h.com\/?p=159563"},"wordCount":2003,"publisher":{"@id":"https:\/\/sarmiento24h.com\/#organization"},"image":{"@id":"https:\/\/sarmiento24h.com\/?p=159563#primaryimage"},"thumbnailUrl":"https:\/\/sarmiento24h.com\/wp-content\/uploads\/2026\/04\/que-significa-el-historico-encuentro-entre-el-papa-leon-xiv-y-la-arzobispa-de-canterbury.jpg","articleSection":["Internacionales"],"inLanguage":"es"},{"@type":"WebPage","@id":"https:\/\/sarmiento24h.com\/?p=159563","url":"https:\/\/sarmiento24h.com\/?p=159563","name":"\u00bfQu\u00e9 significa el hist\u00f3rico encuentro entre el papa Le\u00f3n XIV y la arzobispa de Canterbury? - Sarmiento24h","isPartOf":{"@id":"https:\/\/sarmiento24h.com\/#website"},"primaryImageOfPage":{"@id":"https:\/\/sarmiento24h.com\/?p=159563#primaryimage"},"image":{"@id":"https:\/\/sarmiento24h.com\/?p=159563#primaryimage"},"thumbnailUrl":"https:\/\/sarmiento24h.com\/wp-content\/uploads\/2026\/04\/que-significa-el-historico-encuentro-entre-el-papa-leon-xiv-y-la-arzobispa-de-canterbury.jpg","datePublished":"2026-04-27T21:26:50+00:00","breadcrumb":{"@id":"https:\/\/sarmiento24h.com\/?p=159563#breadcrumb"},"inLanguage":"es","potentialAction":[{"@type":"ReadAction","target":["https:\/\/sarmiento24h.com\/?p=159563"]}]},{"@type":"ImageObject","inLanguage":"es","@id":"https:\/\/sarmiento24h.com\/?p=159563#primaryimage","url":"https:\/\/sarmiento24h.com\/wp-content\/uploads\/2026\/04\/que-significa-el-historico-encuentro-entre-el-papa-leon-xiv-y-la-arzobispa-de-canterbury.jpg","contentUrl":"https:\/\/sarmiento24h.com\/wp-content\/uploads\/2026\/04\/que-significa-el-historico-encuentro-entre-el-papa-leon-xiv-y-la-arzobispa-de-canterbury.jpg","width":980,"height":551},{"@type":"BreadcrumbList","@id":"https:\/\/sarmiento24h.com\/?p=159563#breadcrumb","itemListElement":[{"@type":"ListItem","position":1,"name":"Home","item":"https:\/\/sarmiento24h.com\/"},{"@type":"ListItem","position":2,"name":"\u00bfQu\u00e9 significa el hist\u00f3rico encuentro entre el papa Le\u00f3n XIV y la arzobispa de Canterbury?"}]},{"@type":"WebSite","@id":"https:\/\/sarmiento24h.com\/#website","url":"https:\/\/sarmiento24h.com\/","name":"Sarmiento24h","description":"","publisher":{"@id":"https:\/\/sarmiento24h.com\/#organization"},"potentialAction":[{"@type":"SearchAction","target":{"@type":"EntryPoint","urlTemplate":"https:\/\/sarmiento24h.com\/?s={search_term_string}"},"query-input":{"@type":"PropertyValueSpecification","valueRequired":true,"valueName":"search_term_string"}}],"inLanguage":"es"},{"@type":"Organization","@id":"https:\/\/sarmiento24h.com\/#organization","name":"Sarmiento24h","url":"https:\/\/sarmiento24h.com\/","logo":{"@type":"ImageObject","inLanguage":"es","@id":"https:\/\/sarmiento24h.com\/#\/schema\/logo\/image\/","url":"https:\/\/sarmiento24h.com\/wp-content\/uploads\/2025\/12\/AddText_12-16-10.30.52.jpg","contentUrl":"https:\/\/sarmiento24h.com\/wp-content\/uploads\/2025\/12\/AddText_12-16-10.30.52.jpg","width":1220,"height":324,"caption":"Sarmiento24h"},"image":{"@id":"https:\/\/sarmiento24h.com\/#\/schema\/logo\/image\/"},"sameAs":["https:\/\/facebook.com\/s24hnoticias","https:\/\/x.com\/sarmiento24h"]},{"@type":"Person","@id":"https:\/\/sarmiento24h.com\/#\/schema\/person\/d653a59725ad629a7e0429af7b939d4d","name":"sarmiento24h@gmail.com","image":{"@type":"ImageObject","inLanguage":"es","@id":"https:\/\/sarmiento24h.com\/wp-content\/litespeed\/avatar\/d02cbc4e23c747e6659cd45907173c8f.jpg?ver=1777157796","url":"https:\/\/sarmiento24h.com\/wp-content\/litespeed\/avatar\/d02cbc4e23c747e6659cd45907173c8f.jpg?ver=1777157796","contentUrl":"https:\/\/sarmiento24h.com\/wp-content\/litespeed\/avatar\/d02cbc4e23c747e6659cd45907173c8f.jpg?ver=1777157796","caption":"sarmiento24h@gmail.com"},"sameAs":["https:\/\/sarmiento24h.com"],"url":"https:\/\/sarmiento24h.com\/?author=1"}]}},"jetpack_publicize_connections":[],"jetpack_featured_media_url":"https:\/\/sarmiento24h.com\/wp-content\/uploads\/2026\/04\/que-significa-el-historico-encuentro-entre-el-papa-leon-xiv-y-la-arzobispa-de-canterbury.jpg","jetpack_sharing_enabled":true,"_links":{"self":[{"href":"https:\/\/sarmiento24h.com\/index.php?rest_route=\/wp\/v2\/posts\/159563","targetHints":{"allow":["GET"]}}],"collection":[{"href":"https:\/\/sarmiento24h.com\/index.php?rest_route=\/wp\/v2\/posts"}],"about":[{"href":"https:\/\/sarmiento24h.com\/index.php?rest_route=\/wp\/v2\/types\/post"}],"author":[{"embeddable":true,"href":"https:\/\/sarmiento24h.com\/index.php?rest_route=\/wp\/v2\/users\/1"}],"replies":[{"embeddable":true,"href":"https:\/\/sarmiento24h.com\/index.php?rest_route=%2Fwp%2Fv2%2Fcomments&post=159563"}],"version-history":[{"count":0,"href":"https:\/\/sarmiento24h.com\/index.php?rest_route=\/wp\/v2\/posts\/159563\/revisions"}],"wp:featuredmedia":[{"embeddable":true,"href":"https:\/\/sarmiento24h.com\/index.php?rest_route=\/wp\/v2\/media\/159564"}],"wp:attachment":[{"href":"https:\/\/sarmiento24h.com\/index.php?rest_route=%2Fwp%2Fv2%2Fmedia&parent=159563"}],"wp:term":[{"taxonomy":"category","embeddable":true,"href":"https:\/\/sarmiento24h.com\/index.php?rest_route=%2Fwp%2Fv2%2Fcategories&post=159563"},{"taxonomy":"post_tag","embeddable":true,"href":"https:\/\/sarmiento24h.com\/index.php?rest_route=%2Fwp%2Fv2%2Ftags&post=159563"}],"curies":[{"name":"wp","href":"https:\/\/api.w.org\/{rel}","templated":true}]}}