{"id":159801,"date":"2026-04-27T23:00:13","date_gmt":"2026-04-27T23:00:13","guid":{"rendered":"https:\/\/noticiassin.com\/?p=1987369"},"modified":"2026-04-27T23:00:13","modified_gmt":"2026-04-27T23:00:13","slug":"condenan-a-30-anos-de-prision-a-4-de-los-implicados-en-cuadruple-asesinato-ocurrido-en-aminilla-dajabon","status":"publish","type":"post","link":"https:\/\/sarmiento24h.com\/?p=159801","title":{"rendered":"Condenan a 30 a\u00f1os de prisi\u00f3n a 4 de los implicados en cu\u00e1druple asesinato ocurrido en Aminilla, Dajab\u00f3n"},"content":{"rendered":"<p>Dajab\u00f3n.\u2013 A casi <strong>tres a\u00f1os<\/strong> del <strong>cu\u00e1druple asesinato<\/strong> ocurrido en la comunidad de <strong>Aminilla<\/strong>, el <strong>Tribunal Colegiado<\/strong> de la C\u00e1mara Penal del Juzgado de Primera Instancia del <strong>Distrito Judicial de Dajab\u00f3n<\/strong> dict\u00f3 una <strong>condena de 30 a\u00f1os de prisi\u00f3n<\/strong> contra cuatro de los seis implicados en el hecho.<\/p>\n<p>La decisi\u00f3n fue valorada por los <strong>familiares de las v\u00edctimas<\/strong> como un <strong>avance hacia la justicia<\/strong>, en un caso que ha mantenido la atenci\u00f3n de la comunidad durante varios a\u00f1os.<\/p>\n<p>Los <strong>condenados<\/strong> son tres ciudadanos <strong>haitianos<\/strong> y un <strong>dominicano<\/strong>, identificados como <strong>Frandy Luim\u00e9nez<\/strong>, <strong>Pacheco Beltr\u00e1n<\/strong>, <strong>Olux Maxos<\/strong> y <strong>Adonis Jos\u00e9 Morillo<\/strong>, quienes fueron hallados culpables de su participaci\u00f3n en el <strong>crimen<\/strong>, que gener\u00f3 conmoci\u00f3n en toda la <strong>zona fronteriza<\/strong>.<\/p>\n<p>En tanto, los tambi\u00e9n ciudadanos <strong>haitianos<\/strong> <strong>Herinose Hickel<\/strong> y <strong>Wesin Yan<\/strong> fueron declarados <strong>no culpables<\/strong>, quedando en <strong>libertad<\/strong> tras una <strong>sentencia absolutoria<\/strong> emitida por el tribunal.<\/p>\n<figure class=\"wp-block-image size-full\"><img loading=\"lazy\" decoding=\"async\" width=\"847\" height=\"475\" src=\"https:\/\/multimedia.noticiassin.com\/wp-content\/uploads\/2026\/04\/borrador-automatico-20260427-223134-YtkN.png\" alt class=\"wp-image-1987376 lazy\" data-sizes=\"(max-width: 847px) 100vw, 847px\" srcset=\"https:\/\/multimedia.noticiassin.com\/wp-content\/uploads\/2026\/04\/borrador-automatico-20260427-223134-YtkN.png 847w, https:\/\/multimedia.noticiassin.com\/wp-content\/uploads\/2026\/04\/borrador-automatico-20260427-223134-YtkN-768x431.png 768w, https:\/\/multimedia.noticiassin.com\/wp-content\/uploads\/2026\/04\/borrador-automatico-20260427-223134-YtkN-288x162.png 288w, https:\/\/multimedia.noticiassin.com\/wp-content\/uploads\/2026\/04\/borrador-automatico-20260427-223134-YtkN-588x330.png 588w, https:\/\/multimedia.noticiassin.com\/wp-content\/uploads\/2026\/04\/borrador-automatico-20260427-223134-YtkN-608x342.png 608w, https:\/\/multimedia.noticiassin.com\/wp-content\/uploads\/2026\/04\/borrador-automatico-20260427-223134-YtkN-150x85.png 150w, https:\/\/multimedia.noticiassin.com\/wp-content\/uploads\/2026\/04\/borrador-automatico-20260427-223134-YtkN-1200x673.png 1200w\"><\/figure>\n<h3 class=\"wp-block-heading\">Hechos del crimen en Aminilla<\/h3>\n<h3 class=\"wp-block-heading\">Reacci\u00f3n de los familiares de las v\u00edctimas<\/h3>\n<p>El hecho ocurri\u00f3 en el a\u00f1o <strong>2023<\/strong> en la comunidad de <strong>Aminilla<\/strong>, municipio de <strong>Partido<\/strong>, provincia de <strong>Dajab\u00f3n<\/strong>, dejando un saldo de <strong>cuatro personas fallecidas<\/strong> en circunstancias <strong>violentas<\/strong>, lo que gener\u00f3 gran <strong>indignaci\u00f3n social<\/strong>.<\/p>\n<p>Durante la audiencia en la que se dio a conocer la <strong>sentencia judicial<\/strong>, los <strong>familiares de las v\u00edctimas<\/strong> expresaron su <strong>satisfacci\u00f3n<\/strong> con la decisi\u00f3n, asegurando que, aunque el <strong>dolor<\/strong> permanece, la condena representa un <strong>alivio emocional<\/strong> tras una larga espera.<\/p>\n<p>\u201cHace casi <strong>tres a\u00f1os<\/strong> de este hecho tan doloroso, y hoy, gracias a <strong>Dios<\/strong> y al tribunal, se ha hecho <strong>justicia<\/strong>. Nos sentimos contentos porque nuestros familiares no quedaron en la <strong>impunidad<\/strong>\u201d, expres\u00f3 <strong>Denise Retinas Cabrera<\/strong>, pariente de una de las v\u00edctimas.<\/p>\n<p>Asimismo, destac\u00f3 el esfuerzo realizado por los <strong>familiares<\/strong> durante todo el proceso <strong>judicial<\/strong>, resaltando que la <strong>condena de 30 a\u00f1os<\/strong> representa una respuesta a su <strong>lucha constante<\/strong> por justicia.<\/p>\n<p>\u201cNos sentimos satisfechos con la <strong>decisi\u00f3n judicial<\/strong>. Nuestros padres, hermanos y amigos no quedaron en el olvido. Gracias a Dios, nuestro esfuerzo vali\u00f3 la pena\u201d, manifest\u00f3.<\/p>\n<p>Los <strong>familiares<\/strong> reiteraron que, aunque ninguna <strong>sentencia<\/strong> puede devolver la vida a sus seres queridos, la decisi\u00f3n del <strong>tribunal<\/strong> marca un <strong>precedente importante<\/strong> y devuelve cierta confianza en el <strong>sistema de justicia<\/strong>.<\/p>\n<ul class=\"wp-block-list\">\n<li>El caso de <strong>Aminilla<\/strong> se convirti\u00f3 en uno de los hechos m\u00e1s impactantes registrados en la provincia de <strong>Dajab\u00f3n<\/strong> en los \u00faltimos a\u00f1os, manteniendo en vilo a la <strong>comunidad<\/strong> hasta la emisi\u00f3n de esta <strong>sentencia final<\/strong>.<\/li>\n<\/ul>\n","protected":false},"excerpt":{"rendered":"<p>Dajab\u00f3n.\u2013 A casi tres a\u00f1os del cu\u00e1druple&#46;&#46;&#46;<\/p>\n","protected":false},"author":1,"featured_media":159802,"comment_status":"closed","ping_status":"closed","sticky":false,"template":"","format":"standard","meta":{"_jetpack_memberships_contains_paid_content":false,"footnotes":"","jetpack_publicize_message":"","jetpack_publicize_feature_enabled":true,"jetpack_social_post_already_shared":true,"jetpack_social_options":{"image_generator_settings":{"template":"highway","default_image_id":0,"font":"","enabled":false},"version":2}},"categories":[42],"tags":[],"class_list":["post-159801","post","type-post","status-publish","format-standard","has-post-thumbnail","hentry","category-nacionales"],"yoast_head":"<!-- This site is optimized with the Yoast SEO plugin v27.3 - https:\/\/yoast.com\/product\/yoast-seo-wordpress\/ -->\n<title>Condenan a 30 a\u00f1os de prisi\u00f3n a 4 de los implicados en cu\u00e1druple asesinato ocurrido en Aminilla, Dajab\u00f3n - Sarmiento24h<\/title>\n<meta name=\"robots\" content=\"index, follow, max-snippet:-1, max-image-preview:large, max-video-preview:-1\" \/>\n<link rel=\"canonical\" href=\"https:\/\/sarmiento24h.com\/?p=159801\" \/>\n<meta property=\"og:locale\" content=\"es_ES\" \/>\n<meta property=\"og:type\" content=\"article\" \/>\n<meta property=\"og:title\" content=\"Condenan a 30 a\u00f1os de prisi\u00f3n a 4 de los implicados en cu\u00e1druple asesinato ocurrido en Aminilla, Dajab\u00f3n - Sarmiento24h\" \/>\n<meta property=\"og:description\" content=\"Dajab\u00f3n.\u2013 A casi tres a\u00f1os del cu\u00e1druple&#046;&#046;&#046;\" \/>\n<meta property=\"og:url\" content=\"https:\/\/sarmiento24h.com\/?p=159801\" \/>\n<meta property=\"og:site_name\" content=\"Sarmiento24h\" \/>\n<meta property=\"article:publisher\" content=\"https:\/\/facebook.com\/s24hnoticias\" \/>\n<meta property=\"article:published_time\" content=\"2026-04-27T23:00:13+00:00\" \/>\n<meta name=\"author\" content=\"sarmiento24h@gmail.com\" \/>\n<meta name=\"twitter:card\" content=\"summary_large_image\" \/>\n<meta name=\"twitter:creator\" content=\"@sarmiento24h\" \/>\n<meta name=\"twitter:site\" content=\"@sarmiento24h\" \/>\n<meta name=\"twitter:label1\" content=\"Escrito por\" \/>\n\t<meta name=\"twitter:data1\" content=\"sarmiento24h@gmail.com\" \/>\n\t<meta name=\"twitter:label2\" content=\"Tiempo de lectura\" \/>\n\t<meta name=\"twitter:data2\" content=\"2 minutos\" \/>\n<script type=\"application\/ld+json\" class=\"yoast-schema-graph\">{\"@context\":\"https:\\\/\\\/schema.org\",\"@graph\":[{\"@type\":\"Article\",\"@id\":\"https:\\\/\\\/sarmiento24h.com\\\/?p=159801#article\",\"isPartOf\":{\"@id\":\"https:\\\/\\\/sarmiento24h.com\\\/?p=159801\"},\"author\":{\"name\":\"sarmiento24h@gmail.com\",\"@id\":\"https:\\\/\\\/sarmiento24h.com\\\/#\\\/schema\\\/person\\\/d653a59725ad629a7e0429af7b939d4d\"},\"headline\":\"Condenan a 30 a\u00f1os de prisi\u00f3n a 4 de los implicados en cu\u00e1druple asesinato ocurrido en Aminilla, Dajab\u00f3n\",\"datePublished\":\"2026-04-27T23:00:13+00:00\",\"mainEntityOfPage\":{\"@id\":\"https:\\\/\\\/sarmiento24h.com\\\/?p=159801\"},\"wordCount\":444,\"publisher\":{\"@id\":\"https:\\\/\\\/sarmiento24h.com\\\/#organization\"},\"image\":{\"@id\":\"https:\\\/\\\/sarmiento24h.com\\\/?p=159801#primaryimage\"},\"thumbnailUrl\":\"https:\\\/\\\/sarmiento24h.com\\\/wp-content\\\/uploads\\\/2026\\\/04\\\/condenan-a-30-anos-de-prision-a-4-de-los-implicados-en-cuadruple-asesinato-ocurrido-en-aminilla-dajabon.png\",\"articleSection\":[\"Nacionales\"],\"inLanguage\":\"es\"},{\"@type\":\"WebPage\",\"@id\":\"https:\\\/\\\/sarmiento24h.com\\\/?p=159801\",\"url\":\"https:\\\/\\\/sarmiento24h.com\\\/?p=159801\",\"name\":\"Condenan a 30 a\u00f1os de prisi\u00f3n a 4 de los implicados en cu\u00e1druple asesinato ocurrido en Aminilla, Dajab\u00f3n - Sarmiento24h\",\"isPartOf\":{\"@id\":\"https:\\\/\\\/sarmiento24h.com\\\/#website\"},\"primaryImageOfPage\":{\"@id\":\"https:\\\/\\\/sarmiento24h.com\\\/?p=159801#primaryimage\"},\"image\":{\"@id\":\"https:\\\/\\\/sarmiento24h.com\\\/?p=159801#primaryimage\"},\"thumbnailUrl\":\"https:\\\/\\\/sarmiento24h.com\\\/wp-content\\\/uploads\\\/2026\\\/04\\\/condenan-a-30-anos-de-prision-a-4-de-los-implicados-en-cuadruple-asesinato-ocurrido-en-aminilla-dajabon.png\",\"datePublished\":\"2026-04-27T23:00:13+00:00\",\"breadcrumb\":{\"@id\":\"https:\\\/\\\/sarmiento24h.com\\\/?p=159801#breadcrumb\"},\"inLanguage\":\"es\",\"potentialAction\":[{\"@type\":\"ReadAction\",\"target\":[\"https:\\\/\\\/sarmiento24h.com\\\/?p=159801\"]}]},{\"@type\":\"ImageObject\",\"inLanguage\":\"es\",\"@id\":\"https:\\\/\\\/sarmiento24h.com\\\/?p=159801#primaryimage\",\"url\":\"https:\\\/\\\/sarmiento24h.com\\\/wp-content\\\/uploads\\\/2026\\\/04\\\/condenan-a-30-anos-de-prision-a-4-de-los-implicados-en-cuadruple-asesinato-ocurrido-en-aminilla-dajabon.png\",\"contentUrl\":\"https:\\\/\\\/sarmiento24h.com\\\/wp-content\\\/uploads\\\/2026\\\/04\\\/condenan-a-30-anos-de-prision-a-4-de-los-implicados-en-cuadruple-asesinato-ocurrido-en-aminilla-dajabon.png\",\"width\":847,\"height\":475},{\"@type\":\"BreadcrumbList\",\"@id\":\"https:\\\/\\\/sarmiento24h.com\\\/?p=159801#breadcrumb\",\"itemListElement\":[{\"@type\":\"ListItem\",\"position\":1,\"name\":\"Home\",\"item\":\"https:\\\/\\\/sarmiento24h.com\\\/\"},{\"@type\":\"ListItem\",\"position\":2,\"name\":\"Condenan a 30 a\u00f1os de prisi\u00f3n a 4 de los implicados en cu\u00e1druple asesinato ocurrido en Aminilla, Dajab\u00f3n\"}]},{\"@type\":\"WebSite\",\"@id\":\"https:\\\/\\\/sarmiento24h.com\\\/#website\",\"url\":\"https:\\\/\\\/sarmiento24h.com\\\/\",\"name\":\"Sarmiento24h\",\"description\":\"\",\"publisher\":{\"@id\":\"https:\\\/\\\/sarmiento24h.com\\\/#organization\"},\"potentialAction\":[{\"@type\":\"SearchAction\",\"target\":{\"@type\":\"EntryPoint\",\"urlTemplate\":\"https:\\\/\\\/sarmiento24h.com\\\/?s={search_term_string}\"},\"query-input\":{\"@type\":\"PropertyValueSpecification\",\"valueRequired\":true,\"valueName\":\"search_term_string\"}}],\"inLanguage\":\"es\"},{\"@type\":\"Organization\",\"@id\":\"https:\\\/\\\/sarmiento24h.com\\\/#organization\",\"name\":\"Sarmiento24h\",\"url\":\"https:\\\/\\\/sarmiento24h.com\\\/\",\"logo\":{\"@type\":\"ImageObject\",\"inLanguage\":\"es\",\"@id\":\"https:\\\/\\\/sarmiento24h.com\\\/#\\\/schema\\\/logo\\\/image\\\/\",\"url\":\"https:\\\/\\\/sarmiento24h.com\\\/wp-content\\\/uploads\\\/2025\\\/12\\\/AddText_12-16-10.30.52.jpg\",\"contentUrl\":\"https:\\\/\\\/sarmiento24h.com\\\/wp-content\\\/uploads\\\/2025\\\/12\\\/AddText_12-16-10.30.52.jpg\",\"width\":1220,\"height\":324,\"caption\":\"Sarmiento24h\"},\"image\":{\"@id\":\"https:\\\/\\\/sarmiento24h.com\\\/#\\\/schema\\\/logo\\\/image\\\/\"},\"sameAs\":[\"https:\\\/\\\/facebook.com\\\/s24hnoticias\",\"https:\\\/\\\/x.com\\\/sarmiento24h\"]},{\"@type\":\"Person\",\"@id\":\"https:\\\/\\\/sarmiento24h.com\\\/#\\\/schema\\\/person\\\/d653a59725ad629a7e0429af7b939d4d\",\"name\":\"sarmiento24h@gmail.com\",\"image\":{\"@type\":\"ImageObject\",\"inLanguage\":\"es\",\"@id\":\"https:\\\/\\\/sarmiento24h.com\\\/wp-content\\\/litespeed\\\/avatar\\\/d02cbc4e23c747e6659cd45907173c8f.jpg?ver=1777157796\",\"url\":\"https:\\\/\\\/sarmiento24h.com\\\/wp-content\\\/litespeed\\\/avatar\\\/d02cbc4e23c747e6659cd45907173c8f.jpg?ver=1777157796\",\"contentUrl\":\"https:\\\/\\\/sarmiento24h.com\\\/wp-content\\\/litespeed\\\/avatar\\\/d02cbc4e23c747e6659cd45907173c8f.jpg?ver=1777157796\",\"caption\":\"sarmiento24h@gmail.com\"},\"sameAs\":[\"https:\\\/\\\/sarmiento24h.com\"],\"url\":\"https:\\\/\\\/sarmiento24h.com\\\/?author=1\"}]}<\/script>\n<!-- \/ Yoast SEO plugin. -->","yoast_head_json":{"title":"Condenan a 30 a\u00f1os de prisi\u00f3n a 4 de los implicados en cu\u00e1druple asesinato ocurrido en Aminilla, Dajab\u00f3n - Sarmiento24h","robots":{"index":"index","follow":"follow","max-snippet":"max-snippet:-1","max-image-preview":"max-image-preview:large","max-video-preview":"max-video-preview:-1"},"canonical":"https:\/\/sarmiento24h.com\/?p=159801","og_locale":"es_ES","og_type":"article","og_title":"Condenan a 30 a\u00f1os de prisi\u00f3n a 4 de los implicados en cu\u00e1druple asesinato ocurrido en Aminilla, Dajab\u00f3n - Sarmiento24h","og_description":"Dajab\u00f3n.\u2013 A casi tres a\u00f1os del cu\u00e1druple&#46;&#46;&#46;","og_url":"https:\/\/sarmiento24h.com\/?p=159801","og_site_name":"Sarmiento24h","article_publisher":"https:\/\/facebook.com\/s24hnoticias","article_published_time":"2026-04-27T23:00:13+00:00","author":"sarmiento24h@gmail.com","twitter_card":"summary_large_image","twitter_creator":"@sarmiento24h","twitter_site":"@sarmiento24h","twitter_misc":{"Escrito por":"sarmiento24h@gmail.com","Tiempo de lectura":"2 minutos"},"schema":{"@context":"https:\/\/schema.org","@graph":[{"@type":"Article","@id":"https:\/\/sarmiento24h.com\/?p=159801#article","isPartOf":{"@id":"https:\/\/sarmiento24h.com\/?p=159801"},"author":{"name":"sarmiento24h@gmail.com","@id":"https:\/\/sarmiento24h.com\/#\/schema\/person\/d653a59725ad629a7e0429af7b939d4d"},"headline":"Condenan a 30 a\u00f1os de prisi\u00f3n a 4 de los implicados en cu\u00e1druple asesinato ocurrido en Aminilla, Dajab\u00f3n","datePublished":"2026-04-27T23:00:13+00:00","mainEntityOfPage":{"@id":"https:\/\/sarmiento24h.com\/?p=159801"},"wordCount":444,"publisher":{"@id":"https:\/\/sarmiento24h.com\/#organization"},"image":{"@id":"https:\/\/sarmiento24h.com\/?p=159801#primaryimage"},"thumbnailUrl":"https:\/\/sarmiento24h.com\/wp-content\/uploads\/2026\/04\/condenan-a-30-anos-de-prision-a-4-de-los-implicados-en-cuadruple-asesinato-ocurrido-en-aminilla-dajabon.png","articleSection":["Nacionales"],"inLanguage":"es"},{"@type":"WebPage","@id":"https:\/\/sarmiento24h.com\/?p=159801","url":"https:\/\/sarmiento24h.com\/?p=159801","name":"Condenan a 30 a\u00f1os de prisi\u00f3n a 4 de los implicados en cu\u00e1druple asesinato ocurrido en Aminilla, Dajab\u00f3n - Sarmiento24h","isPartOf":{"@id":"https:\/\/sarmiento24h.com\/#website"},"primaryImageOfPage":{"@id":"https:\/\/sarmiento24h.com\/?p=159801#primaryimage"},"image":{"@id":"https:\/\/sarmiento24h.com\/?p=159801#primaryimage"},"thumbnailUrl":"https:\/\/sarmiento24h.com\/wp-content\/uploads\/2026\/04\/condenan-a-30-anos-de-prision-a-4-de-los-implicados-en-cuadruple-asesinato-ocurrido-en-aminilla-dajabon.png","datePublished":"2026-04-27T23:00:13+00:00","breadcrumb":{"@id":"https:\/\/sarmiento24h.com\/?p=159801#breadcrumb"},"inLanguage":"es","potentialAction":[{"@type":"ReadAction","target":["https:\/\/sarmiento24h.com\/?p=159801"]}]},{"@type":"ImageObject","inLanguage":"es","@id":"https:\/\/sarmiento24h.com\/?p=159801#primaryimage","url":"https:\/\/sarmiento24h.com\/wp-content\/uploads\/2026\/04\/condenan-a-30-anos-de-prision-a-4-de-los-implicados-en-cuadruple-asesinato-ocurrido-en-aminilla-dajabon.png","contentUrl":"https:\/\/sarmiento24h.com\/wp-content\/uploads\/2026\/04\/condenan-a-30-anos-de-prision-a-4-de-los-implicados-en-cuadruple-asesinato-ocurrido-en-aminilla-dajabon.png","width":847,"height":475},{"@type":"BreadcrumbList","@id":"https:\/\/sarmiento24h.com\/?p=159801#breadcrumb","itemListElement":[{"@type":"ListItem","position":1,"name":"Home","item":"https:\/\/sarmiento24h.com\/"},{"@type":"ListItem","position":2,"name":"Condenan a 30 a\u00f1os de prisi\u00f3n a 4 de los implicados en cu\u00e1druple asesinato ocurrido en Aminilla, Dajab\u00f3n"}]},{"@type":"WebSite","@id":"https:\/\/sarmiento24h.com\/#website","url":"https:\/\/sarmiento24h.com\/","name":"Sarmiento24h","description":"","publisher":{"@id":"https:\/\/sarmiento24h.com\/#organization"},"potentialAction":[{"@type":"SearchAction","target":{"@type":"EntryPoint","urlTemplate":"https:\/\/sarmiento24h.com\/?s={search_term_string}"},"query-input":{"@type":"PropertyValueSpecification","valueRequired":true,"valueName":"search_term_string"}}],"inLanguage":"es"},{"@type":"Organization","@id":"https:\/\/sarmiento24h.com\/#organization","name":"Sarmiento24h","url":"https:\/\/sarmiento24h.com\/","logo":{"@type":"ImageObject","inLanguage":"es","@id":"https:\/\/sarmiento24h.com\/#\/schema\/logo\/image\/","url":"https:\/\/sarmiento24h.com\/wp-content\/uploads\/2025\/12\/AddText_12-16-10.30.52.jpg","contentUrl":"https:\/\/sarmiento24h.com\/wp-content\/uploads\/2025\/12\/AddText_12-16-10.30.52.jpg","width":1220,"height":324,"caption":"Sarmiento24h"},"image":{"@id":"https:\/\/sarmiento24h.com\/#\/schema\/logo\/image\/"},"sameAs":["https:\/\/facebook.com\/s24hnoticias","https:\/\/x.com\/sarmiento24h"]},{"@type":"Person","@id":"https:\/\/sarmiento24h.com\/#\/schema\/person\/d653a59725ad629a7e0429af7b939d4d","name":"sarmiento24h@gmail.com","image":{"@type":"ImageObject","inLanguage":"es","@id":"https:\/\/sarmiento24h.com\/wp-content\/litespeed\/avatar\/d02cbc4e23c747e6659cd45907173c8f.jpg?ver=1777157796","url":"https:\/\/sarmiento24h.com\/wp-content\/litespeed\/avatar\/d02cbc4e23c747e6659cd45907173c8f.jpg?ver=1777157796","contentUrl":"https:\/\/sarmiento24h.com\/wp-content\/litespeed\/avatar\/d02cbc4e23c747e6659cd45907173c8f.jpg?ver=1777157796","caption":"sarmiento24h@gmail.com"},"sameAs":["https:\/\/sarmiento24h.com"],"url":"https:\/\/sarmiento24h.com\/?author=1"}]}},"jetpack_publicize_connections":[],"jetpack_featured_media_url":"https:\/\/sarmiento24h.com\/wp-content\/uploads\/2026\/04\/condenan-a-30-anos-de-prision-a-4-de-los-implicados-en-cuadruple-asesinato-ocurrido-en-aminilla-dajabon.png","jetpack_sharing_enabled":true,"_links":{"self":[{"href":"https:\/\/sarmiento24h.com\/index.php?rest_route=\/wp\/v2\/posts\/159801","targetHints":{"allow":["GET"]}}],"collection":[{"href":"https:\/\/sarmiento24h.com\/index.php?rest_route=\/wp\/v2\/posts"}],"about":[{"href":"https:\/\/sarmiento24h.com\/index.php?rest_route=\/wp\/v2\/types\/post"}],"author":[{"embeddable":true,"href":"https:\/\/sarmiento24h.com\/index.php?rest_route=\/wp\/v2\/users\/1"}],"replies":[{"embeddable":true,"href":"https:\/\/sarmiento24h.com\/index.php?rest_route=%2Fwp%2Fv2%2Fcomments&post=159801"}],"version-history":[{"count":0,"href":"https:\/\/sarmiento24h.com\/index.php?rest_route=\/wp\/v2\/posts\/159801\/revisions"}],"wp:featuredmedia":[{"embeddable":true,"href":"https:\/\/sarmiento24h.com\/index.php?rest_route=\/wp\/v2\/media\/159802"}],"wp:attachment":[{"href":"https:\/\/sarmiento24h.com\/index.php?rest_route=%2Fwp%2Fv2%2Fmedia&parent=159801"}],"wp:term":[{"taxonomy":"category","embeddable":true,"href":"https:\/\/sarmiento24h.com\/index.php?rest_route=%2Fwp%2Fv2%2Fcategories&post=159801"},{"taxonomy":"post_tag","embeddable":true,"href":"https:\/\/sarmiento24h.com\/index.php?rest_route=%2Fwp%2Fv2%2Ftags&post=159801"}],"curies":[{"name":"wp","href":"https:\/\/api.w.org\/{rel}","templated":true}]}}