{"id":160043,"date":"2026-04-28T01:10:31","date_gmt":"2026-04-28T01:10:31","guid":{"rendered":"https:\/\/pinceldigital.do\/?p=66893"},"modified":"2026-04-28T01:10:31","modified_gmt":"2026-04-28T01:10:31","slug":"alfredo-pacheco-encabeza-ranking-nacional-de-diputados-mejor-valorados-segun-firma-encuestadora","status":"publish","type":"post","link":"https:\/\/sarmiento24h.com\/?p=160043","title":{"rendered":"Alfredo Pacheco encabeza ranking nacional de diputados mejor valorados, seg\u00fan firma encuestadora"},"content":{"rendered":"\n<p><strong>Santo Domingo.<\/strong> \u2013 El presidente de la C\u00e1mara de Diputados, <strong>Alfredo Pacheco<\/strong>, figura como el legislador mejor valorado del pa\u00eds en un reciente estudio de opini\u00f3n p\u00fablica realizado por la firma encuestadora SONDEOS que asegura haber pronosticado con mayor exactitud los resultados del pasado proceso electoral.<\/p>\n<p>En el ranking general de valoraci\u00f3n, Pacheco, representante del <strong>Distrito Nacional por el PRM<\/strong>, lidera con <strong>78 % de valoraci\u00f3n positiva<\/strong> y 16 % negativa, consolidando su posicionamiento como una de las principales figuras del Congreso Nacional.<\/p>\n<p>Le siguen <strong>Tob\u00edas Crespo<\/strong> (FP), tambi\u00e9n del Distrito Nacional, con 71 % de valoraci\u00f3n favorable, y <strong>Liz Mieses<\/strong> (PRM), con 64 %.<\/p>\n<p>Entre los diputados con mayor nivel de conocimiento p\u00fablico tambi\u00e9n encabeza Alfredo Pacheco con <strong>92 % de reconocimiento<\/strong>, seguido por <strong>Juliana O\u2019Neal<\/strong> (78 %) y <strong>Bol\u00edvar Valera<\/strong> (76 %).<\/p>\n<p>En cuanto a proyecci\u00f3n pol\u00edtica en sus respectivas demarcaciones, nuevamente Pacheco ocupa la primera posici\u00f3n con <strong>8.3 %<\/strong>, seguido de Luis G\u00f3mez (San Pedro de Macor\u00eds) y Liz Mieses.<\/p>\n<p>El estudio refleja una marcada presencia de legisladores del <strong>Partido Revolucionario Moderno (PRM)<\/strong> en los principales indicadores, aunque tambi\u00e9n destacan representantes de la Fuerza del Pueblo (FP), Partido de la Liberaci\u00f3n Dominicana (PLD) y Partido Reformista Social Cristiano (PRSC).<\/p>\n<p>Estos resultados ofrecen una radiograf\u00eda del posicionamiento actual de los diputados dominicanos ante la opini\u00f3n p\u00fablica y podr\u00edan incidir en futuras estrategias pol\u00edticas de cara a los pr\u00f3ximos procesos electorales.<\/p>\n<figure class=\"wp-block-gallery has-nested-images columns-default is-cropped wp-block-gallery-1 is-layout-flex wp-block-gallery-is-layout-flex\">\n<figure class=\"wp-block-image size-large\"><img loading=\"lazy\" decoding=\"async\" data-recalc-dims=\"1\" width=\"551\" height=\"696\" data-id=\"66896\" src=\"https:\/\/i0.wp.com\/pinceldigital.do\/wp-content\/uploads\/2026\/04\/IMG_6948.jpeg?resize=551%2C696&amp;ssl=1\" alt class=\"wp-image-66896\" srcset=\"https:\/\/i0.wp.com\/pinceldigital.do\/wp-content\/uploads\/2026\/04\/IMG_6948.jpeg?w=551&amp;ssl=1 551w, https:\/\/i0.wp.com\/pinceldigital.do\/wp-content\/uploads\/2026\/04\/IMG_6948.jpeg?resize=237%2C300&amp;ssl=1 237w, https:\/\/i0.wp.com\/pinceldigital.do\/wp-content\/uploads\/2026\/04\/IMG_6948.jpeg?resize=333%2C420&amp;ssl=1 333w\" sizes=\"auto, (max-width: 551px) 100vw, 551px\"><figcaption class=\"wp-element-caption\">Screenshot<\/figcaption><\/figure>\n<figure class=\"wp-block-image size-large\"><img loading=\"lazy\" decoding=\"async\" data-recalc-dims=\"1\" width=\"548\" height=\"696\" data-id=\"66898\" src=\"https:\/\/i0.wp.com\/pinceldigital.do\/wp-content\/uploads\/2026\/04\/IMG_6949.jpeg?resize=548%2C696&amp;ssl=1\" alt class=\"wp-image-66898\" srcset=\"https:\/\/i0.wp.com\/pinceldigital.do\/wp-content\/uploads\/2026\/04\/IMG_6949.jpeg?w=548&amp;ssl=1 548w, https:\/\/i0.wp.com\/pinceldigital.do\/wp-content\/uploads\/2026\/04\/IMG_6949.jpeg?resize=236%2C300&amp;ssl=1 236w, https:\/\/i0.wp.com\/pinceldigital.do\/wp-content\/uploads\/2026\/04\/IMG_6949.jpeg?resize=331%2C420&amp;ssl=1 331w\" sizes=\"auto, (max-width: 548px) 100vw, 548px\"><figcaption class=\"wp-element-caption\">Screenshot<\/figcaption><\/figure>\n<figure class=\"wp-block-image size-large\"><img loading=\"lazy\" decoding=\"async\" data-recalc-dims=\"1\" width=\"551\" height=\"696\" data-id=\"66897\" src=\"https:\/\/i0.wp.com\/pinceldigital.do\/wp-content\/uploads\/2026\/04\/IMG_6950.jpeg?resize=551%2C696&amp;ssl=1\" alt class=\"wp-image-66897\" srcset=\"https:\/\/i0.wp.com\/pinceldigital.do\/wp-content\/uploads\/2026\/04\/IMG_6950.jpeg?w=551&amp;ssl=1 551w, https:\/\/i0.wp.com\/pinceldigital.do\/wp-content\/uploads\/2026\/04\/IMG_6950.jpeg?resize=237%2C300&amp;ssl=1 237w, https:\/\/i0.wp.com\/pinceldigital.do\/wp-content\/uploads\/2026\/04\/IMG_6950.jpeg?resize=333%2C420&amp;ssl=1 333w\" sizes=\"auto, (max-width: 551px) 100vw, 551px\"><figcaption class=\"wp-element-caption\">Screenshot<\/figcaption><\/figure>\n<figure class=\"wp-block-image size-large\"><img decoding=\"async\" data-recalc-dims=\"1\" loading=\"lazy\" width=\"551\" height=\"696\" data-id=\"66899\" src=\"https:\/\/i0.wp.com\/pinceldigital.do\/wp-content\/uploads\/2026\/04\/IMG_6951.jpeg?resize=551%2C696&amp;ssl=1\" alt class=\"wp-image-66899\" srcset=\"https:\/\/i0.wp.com\/pinceldigital.do\/wp-content\/uploads\/2026\/04\/IMG_6951.jpeg?w=551&amp;ssl=1 551w, https:\/\/i0.wp.com\/pinceldigital.do\/wp-content\/uploads\/2026\/04\/IMG_6951.jpeg?resize=237%2C300&amp;ssl=1 237w, https:\/\/i0.wp.com\/pinceldigital.do\/wp-content\/uploads\/2026\/04\/IMG_6951.jpeg?resize=333%2C420&amp;ssl=1 333w\" sizes=\"auto, (max-width: 551px) 100vw, 551px\"><figcaption class=\"wp-element-caption\">Screenshot<\/figcaption><\/figure>\n<\/figure>\n","protected":false},"excerpt":{"rendered":"<p>Santo Domingo. \u2013 El presidente de la&#46;&#46;&#46;<\/p>\n","protected":false},"author":1,"featured_media":160044,"comment_status":"closed","ping_status":"closed","sticky":false,"template":"","format":"standard","meta":{"_jetpack_memberships_contains_paid_content":false,"footnotes":"","jetpack_publicize_message":"","jetpack_publicize_feature_enabled":true,"jetpack_social_post_already_shared":true,"jetpack_social_options":{"image_generator_settings":{"template":"highway","default_image_id":0,"font":"","enabled":false},"version":2}},"categories":[42],"tags":[],"class_list":["post-160043","post","type-post","status-publish","format-standard","has-post-thumbnail","hentry","category-nacionales"],"yoast_head":"<!-- This site is optimized with the Yoast SEO plugin v27.3 - https:\/\/yoast.com\/product\/yoast-seo-wordpress\/ -->\n<title>Alfredo Pacheco encabeza ranking nacional de diputados mejor valorados, seg\u00fan firma encuestadora - Sarmiento24h<\/title>\n<meta name=\"robots\" content=\"index, follow, max-snippet:-1, max-image-preview:large, max-video-preview:-1\" \/>\n<link rel=\"canonical\" href=\"https:\/\/sarmiento24h.com\/?p=160043\" \/>\n<meta property=\"og:locale\" content=\"es_ES\" \/>\n<meta property=\"og:type\" content=\"article\" \/>\n<meta property=\"og:title\" content=\"Alfredo Pacheco encabeza ranking nacional de diputados mejor valorados, seg\u00fan firma encuestadora - Sarmiento24h\" \/>\n<meta property=\"og:description\" content=\"Santo Domingo. \u2013 El presidente de la&#046;&#046;&#046;\" \/>\n<meta property=\"og:url\" content=\"https:\/\/sarmiento24h.com\/?p=160043\" \/>\n<meta property=\"og:site_name\" content=\"Sarmiento24h\" \/>\n<meta property=\"article:publisher\" content=\"https:\/\/facebook.com\/s24hnoticias\" \/>\n<meta property=\"article:published_time\" content=\"2026-04-28T01:10:31+00:00\" \/>\n<meta name=\"author\" content=\"sarmiento24h@gmail.com\" \/>\n<meta name=\"twitter:card\" content=\"summary_large_image\" \/>\n<meta name=\"twitter:creator\" content=\"@sarmiento24h\" \/>\n<meta name=\"twitter:site\" content=\"@sarmiento24h\" \/>\n<meta name=\"twitter:label1\" content=\"Escrito por\" \/>\n\t<meta name=\"twitter:data1\" content=\"sarmiento24h@gmail.com\" \/>\n\t<meta name=\"twitter:label2\" content=\"Tiempo de lectura\" \/>\n\t<meta name=\"twitter:data2\" content=\"1 minuto\" \/>\n<script type=\"application\/ld+json\" class=\"yoast-schema-graph\">{\"@context\":\"https:\\\/\\\/schema.org\",\"@graph\":[{\"@type\":\"Article\",\"@id\":\"https:\\\/\\\/sarmiento24h.com\\\/?p=160043#article\",\"isPartOf\":{\"@id\":\"https:\\\/\\\/sarmiento24h.com\\\/?p=160043\"},\"author\":{\"name\":\"sarmiento24h@gmail.com\",\"@id\":\"https:\\\/\\\/sarmiento24h.com\\\/#\\\/schema\\\/person\\\/d653a59725ad629a7e0429af7b939d4d\"},\"headline\":\"Alfredo Pacheco encabeza ranking nacional de diputados mejor valorados, seg\u00fan firma encuestadora\",\"datePublished\":\"2026-04-28T01:10:31+00:00\",\"mainEntityOfPage\":{\"@id\":\"https:\\\/\\\/sarmiento24h.com\\\/?p=160043\"},\"wordCount\":258,\"publisher\":{\"@id\":\"https:\\\/\\\/sarmiento24h.com\\\/#organization\"},\"image\":{\"@id\":\"https:\\\/\\\/sarmiento24h.com\\\/?p=160043#primaryimage\"},\"thumbnailUrl\":\"https:\\\/\\\/sarmiento24h.com\\\/wp-content\\\/uploads\\\/2026\\\/04\\\/alfredo-pacheco-encabeza-ranking-nacional-de-diputados-mejor-valorados-segun-firma-encuestadora.jpg\",\"articleSection\":[\"Nacionales\"],\"inLanguage\":\"es\"},{\"@type\":\"WebPage\",\"@id\":\"https:\\\/\\\/sarmiento24h.com\\\/?p=160043\",\"url\":\"https:\\\/\\\/sarmiento24h.com\\\/?p=160043\",\"name\":\"Alfredo Pacheco encabeza ranking nacional de diputados mejor valorados, seg\u00fan firma encuestadora - Sarmiento24h\",\"isPartOf\":{\"@id\":\"https:\\\/\\\/sarmiento24h.com\\\/#website\"},\"primaryImageOfPage\":{\"@id\":\"https:\\\/\\\/sarmiento24h.com\\\/?p=160043#primaryimage\"},\"image\":{\"@id\":\"https:\\\/\\\/sarmiento24h.com\\\/?p=160043#primaryimage\"},\"thumbnailUrl\":\"https:\\\/\\\/sarmiento24h.com\\\/wp-content\\\/uploads\\\/2026\\\/04\\\/alfredo-pacheco-encabeza-ranking-nacional-de-diputados-mejor-valorados-segun-firma-encuestadora.jpg\",\"datePublished\":\"2026-04-28T01:10:31+00:00\",\"breadcrumb\":{\"@id\":\"https:\\\/\\\/sarmiento24h.com\\\/?p=160043#breadcrumb\"},\"inLanguage\":\"es\",\"potentialAction\":[{\"@type\":\"ReadAction\",\"target\":[\"https:\\\/\\\/sarmiento24h.com\\\/?p=160043\"]}]},{\"@type\":\"ImageObject\",\"inLanguage\":\"es\",\"@id\":\"https:\\\/\\\/sarmiento24h.com\\\/?p=160043#primaryimage\",\"url\":\"https:\\\/\\\/sarmiento24h.com\\\/wp-content\\\/uploads\\\/2026\\\/04\\\/alfredo-pacheco-encabeza-ranking-nacional-de-diputados-mejor-valorados-segun-firma-encuestadora.jpg\",\"contentUrl\":\"https:\\\/\\\/sarmiento24h.com\\\/wp-content\\\/uploads\\\/2026\\\/04\\\/alfredo-pacheco-encabeza-ranking-nacional-de-diputados-mejor-valorados-segun-firma-encuestadora.jpg\",\"width\":551,\"height\":696},{\"@type\":\"BreadcrumbList\",\"@id\":\"https:\\\/\\\/sarmiento24h.com\\\/?p=160043#breadcrumb\",\"itemListElement\":[{\"@type\":\"ListItem\",\"position\":1,\"name\":\"Home\",\"item\":\"https:\\\/\\\/sarmiento24h.com\\\/\"},{\"@type\":\"ListItem\",\"position\":2,\"name\":\"Alfredo Pacheco encabeza ranking nacional de diputados mejor valorados, seg\u00fan firma encuestadora\"}]},{\"@type\":\"WebSite\",\"@id\":\"https:\\\/\\\/sarmiento24h.com\\\/#website\",\"url\":\"https:\\\/\\\/sarmiento24h.com\\\/\",\"name\":\"Sarmiento24h\",\"description\":\"\",\"publisher\":{\"@id\":\"https:\\\/\\\/sarmiento24h.com\\\/#organization\"},\"potentialAction\":[{\"@type\":\"SearchAction\",\"target\":{\"@type\":\"EntryPoint\",\"urlTemplate\":\"https:\\\/\\\/sarmiento24h.com\\\/?s={search_term_string}\"},\"query-input\":{\"@type\":\"PropertyValueSpecification\",\"valueRequired\":true,\"valueName\":\"search_term_string\"}}],\"inLanguage\":\"es\"},{\"@type\":\"Organization\",\"@id\":\"https:\\\/\\\/sarmiento24h.com\\\/#organization\",\"name\":\"Sarmiento24h\",\"url\":\"https:\\\/\\\/sarmiento24h.com\\\/\",\"logo\":{\"@type\":\"ImageObject\",\"inLanguage\":\"es\",\"@id\":\"https:\\\/\\\/sarmiento24h.com\\\/#\\\/schema\\\/logo\\\/image\\\/\",\"url\":\"https:\\\/\\\/sarmiento24h.com\\\/wp-content\\\/uploads\\\/2025\\\/12\\\/AddText_12-16-10.30.52.jpg\",\"contentUrl\":\"https:\\\/\\\/sarmiento24h.com\\\/wp-content\\\/uploads\\\/2025\\\/12\\\/AddText_12-16-10.30.52.jpg\",\"width\":1220,\"height\":324,\"caption\":\"Sarmiento24h\"},\"image\":{\"@id\":\"https:\\\/\\\/sarmiento24h.com\\\/#\\\/schema\\\/logo\\\/image\\\/\"},\"sameAs\":[\"https:\\\/\\\/facebook.com\\\/s24hnoticias\",\"https:\\\/\\\/x.com\\\/sarmiento24h\"]},{\"@type\":\"Person\",\"@id\":\"https:\\\/\\\/sarmiento24h.com\\\/#\\\/schema\\\/person\\\/d653a59725ad629a7e0429af7b939d4d\",\"name\":\"sarmiento24h@gmail.com\",\"image\":{\"@type\":\"ImageObject\",\"inLanguage\":\"es\",\"@id\":\"https:\\\/\\\/sarmiento24h.com\\\/wp-content\\\/litespeed\\\/avatar\\\/d02cbc4e23c747e6659cd45907173c8f.jpg?ver=1777157796\",\"url\":\"https:\\\/\\\/sarmiento24h.com\\\/wp-content\\\/litespeed\\\/avatar\\\/d02cbc4e23c747e6659cd45907173c8f.jpg?ver=1777157796\",\"contentUrl\":\"https:\\\/\\\/sarmiento24h.com\\\/wp-content\\\/litespeed\\\/avatar\\\/d02cbc4e23c747e6659cd45907173c8f.jpg?ver=1777157796\",\"caption\":\"sarmiento24h@gmail.com\"},\"sameAs\":[\"https:\\\/\\\/sarmiento24h.com\"],\"url\":\"https:\\\/\\\/sarmiento24h.com\\\/?author=1\"}]}<\/script>\n<!-- \/ Yoast SEO plugin. -->","yoast_head_json":{"title":"Alfredo Pacheco encabeza ranking nacional de diputados mejor valorados, seg\u00fan firma encuestadora - Sarmiento24h","robots":{"index":"index","follow":"follow","max-snippet":"max-snippet:-1","max-image-preview":"max-image-preview:large","max-video-preview":"max-video-preview:-1"},"canonical":"https:\/\/sarmiento24h.com\/?p=160043","og_locale":"es_ES","og_type":"article","og_title":"Alfredo Pacheco encabeza ranking nacional de diputados mejor valorados, seg\u00fan firma encuestadora - Sarmiento24h","og_description":"Santo Domingo. \u2013 El presidente de la&#46;&#46;&#46;","og_url":"https:\/\/sarmiento24h.com\/?p=160043","og_site_name":"Sarmiento24h","article_publisher":"https:\/\/facebook.com\/s24hnoticias","article_published_time":"2026-04-28T01:10:31+00:00","author":"sarmiento24h@gmail.com","twitter_card":"summary_large_image","twitter_creator":"@sarmiento24h","twitter_site":"@sarmiento24h","twitter_misc":{"Escrito por":"sarmiento24h@gmail.com","Tiempo de lectura":"1 minuto"},"schema":{"@context":"https:\/\/schema.org","@graph":[{"@type":"Article","@id":"https:\/\/sarmiento24h.com\/?p=160043#article","isPartOf":{"@id":"https:\/\/sarmiento24h.com\/?p=160043"},"author":{"name":"sarmiento24h@gmail.com","@id":"https:\/\/sarmiento24h.com\/#\/schema\/person\/d653a59725ad629a7e0429af7b939d4d"},"headline":"Alfredo Pacheco encabeza ranking nacional de diputados mejor valorados, seg\u00fan firma encuestadora","datePublished":"2026-04-28T01:10:31+00:00","mainEntityOfPage":{"@id":"https:\/\/sarmiento24h.com\/?p=160043"},"wordCount":258,"publisher":{"@id":"https:\/\/sarmiento24h.com\/#organization"},"image":{"@id":"https:\/\/sarmiento24h.com\/?p=160043#primaryimage"},"thumbnailUrl":"https:\/\/sarmiento24h.com\/wp-content\/uploads\/2026\/04\/alfredo-pacheco-encabeza-ranking-nacional-de-diputados-mejor-valorados-segun-firma-encuestadora.jpg","articleSection":["Nacionales"],"inLanguage":"es"},{"@type":"WebPage","@id":"https:\/\/sarmiento24h.com\/?p=160043","url":"https:\/\/sarmiento24h.com\/?p=160043","name":"Alfredo Pacheco encabeza ranking nacional de diputados mejor valorados, seg\u00fan firma encuestadora - Sarmiento24h","isPartOf":{"@id":"https:\/\/sarmiento24h.com\/#website"},"primaryImageOfPage":{"@id":"https:\/\/sarmiento24h.com\/?p=160043#primaryimage"},"image":{"@id":"https:\/\/sarmiento24h.com\/?p=160043#primaryimage"},"thumbnailUrl":"https:\/\/sarmiento24h.com\/wp-content\/uploads\/2026\/04\/alfredo-pacheco-encabeza-ranking-nacional-de-diputados-mejor-valorados-segun-firma-encuestadora.jpg","datePublished":"2026-04-28T01:10:31+00:00","breadcrumb":{"@id":"https:\/\/sarmiento24h.com\/?p=160043#breadcrumb"},"inLanguage":"es","potentialAction":[{"@type":"ReadAction","target":["https:\/\/sarmiento24h.com\/?p=160043"]}]},{"@type":"ImageObject","inLanguage":"es","@id":"https:\/\/sarmiento24h.com\/?p=160043#primaryimage","url":"https:\/\/sarmiento24h.com\/wp-content\/uploads\/2026\/04\/alfredo-pacheco-encabeza-ranking-nacional-de-diputados-mejor-valorados-segun-firma-encuestadora.jpg","contentUrl":"https:\/\/sarmiento24h.com\/wp-content\/uploads\/2026\/04\/alfredo-pacheco-encabeza-ranking-nacional-de-diputados-mejor-valorados-segun-firma-encuestadora.jpg","width":551,"height":696},{"@type":"BreadcrumbList","@id":"https:\/\/sarmiento24h.com\/?p=160043#breadcrumb","itemListElement":[{"@type":"ListItem","position":1,"name":"Home","item":"https:\/\/sarmiento24h.com\/"},{"@type":"ListItem","position":2,"name":"Alfredo Pacheco encabeza ranking nacional de diputados mejor valorados, seg\u00fan firma encuestadora"}]},{"@type":"WebSite","@id":"https:\/\/sarmiento24h.com\/#website","url":"https:\/\/sarmiento24h.com\/","name":"Sarmiento24h","description":"","publisher":{"@id":"https:\/\/sarmiento24h.com\/#organization"},"potentialAction":[{"@type":"SearchAction","target":{"@type":"EntryPoint","urlTemplate":"https:\/\/sarmiento24h.com\/?s={search_term_string}"},"query-input":{"@type":"PropertyValueSpecification","valueRequired":true,"valueName":"search_term_string"}}],"inLanguage":"es"},{"@type":"Organization","@id":"https:\/\/sarmiento24h.com\/#organization","name":"Sarmiento24h","url":"https:\/\/sarmiento24h.com\/","logo":{"@type":"ImageObject","inLanguage":"es","@id":"https:\/\/sarmiento24h.com\/#\/schema\/logo\/image\/","url":"https:\/\/sarmiento24h.com\/wp-content\/uploads\/2025\/12\/AddText_12-16-10.30.52.jpg","contentUrl":"https:\/\/sarmiento24h.com\/wp-content\/uploads\/2025\/12\/AddText_12-16-10.30.52.jpg","width":1220,"height":324,"caption":"Sarmiento24h"},"image":{"@id":"https:\/\/sarmiento24h.com\/#\/schema\/logo\/image\/"},"sameAs":["https:\/\/facebook.com\/s24hnoticias","https:\/\/x.com\/sarmiento24h"]},{"@type":"Person","@id":"https:\/\/sarmiento24h.com\/#\/schema\/person\/d653a59725ad629a7e0429af7b939d4d","name":"sarmiento24h@gmail.com","image":{"@type":"ImageObject","inLanguage":"es","@id":"https:\/\/sarmiento24h.com\/wp-content\/litespeed\/avatar\/d02cbc4e23c747e6659cd45907173c8f.jpg?ver=1777157796","url":"https:\/\/sarmiento24h.com\/wp-content\/litespeed\/avatar\/d02cbc4e23c747e6659cd45907173c8f.jpg?ver=1777157796","contentUrl":"https:\/\/sarmiento24h.com\/wp-content\/litespeed\/avatar\/d02cbc4e23c747e6659cd45907173c8f.jpg?ver=1777157796","caption":"sarmiento24h@gmail.com"},"sameAs":["https:\/\/sarmiento24h.com"],"url":"https:\/\/sarmiento24h.com\/?author=1"}]}},"jetpack_publicize_connections":[],"jetpack_featured_media_url":"https:\/\/sarmiento24h.com\/wp-content\/uploads\/2026\/04\/alfredo-pacheco-encabeza-ranking-nacional-de-diputados-mejor-valorados-segun-firma-encuestadora.jpg","jetpack_sharing_enabled":true,"_links":{"self":[{"href":"https:\/\/sarmiento24h.com\/index.php?rest_route=\/wp\/v2\/posts\/160043","targetHints":{"allow":["GET"]}}],"collection":[{"href":"https:\/\/sarmiento24h.com\/index.php?rest_route=\/wp\/v2\/posts"}],"about":[{"href":"https:\/\/sarmiento24h.com\/index.php?rest_route=\/wp\/v2\/types\/post"}],"author":[{"embeddable":true,"href":"https:\/\/sarmiento24h.com\/index.php?rest_route=\/wp\/v2\/users\/1"}],"replies":[{"embeddable":true,"href":"https:\/\/sarmiento24h.com\/index.php?rest_route=%2Fwp%2Fv2%2Fcomments&post=160043"}],"version-history":[{"count":0,"href":"https:\/\/sarmiento24h.com\/index.php?rest_route=\/wp\/v2\/posts\/160043\/revisions"}],"wp:featuredmedia":[{"embeddable":true,"href":"https:\/\/sarmiento24h.com\/index.php?rest_route=\/wp\/v2\/media\/160044"}],"wp:attachment":[{"href":"https:\/\/sarmiento24h.com\/index.php?rest_route=%2Fwp%2Fv2%2Fmedia&parent=160043"}],"wp:term":[{"taxonomy":"category","embeddable":true,"href":"https:\/\/sarmiento24h.com\/index.php?rest_route=%2Fwp%2Fv2%2Fcategories&post=160043"},{"taxonomy":"post_tag","embeddable":true,"href":"https:\/\/sarmiento24h.com\/index.php?rest_route=%2Fwp%2Fv2%2Ftags&post=160043"}],"curies":[{"name":"wp","href":"https:\/\/api.w.org\/{rel}","templated":true}]}}