{"id":160334,"date":"2026-04-28T03:29:21","date_gmt":"2026-04-28T03:29:21","guid":{"rendered":"https:\/\/noticiassin.com\/?p=1987506"},"modified":"2026-04-28T03:29:21","modified_gmt":"2026-04-28T03:29:21","slug":"albares-se-reune-con-empresarios-espanoles-con-inversiones-en-la-republica-dominicana","status":"publish","type":"post","link":"https:\/\/sarmiento24h.com\/?p=160334","title":{"rendered":"Albares se re\u00fane con empresarios espa\u00f1oles con inversiones en la Rep\u00fablica Dominicana"},"content":{"rendered":"<p>El ministro espa\u00f1ol de Asuntos Exteriores, <strong>Jos\u00e9 Manuel Albares<\/strong>, se reuni\u00f3 este lunes con empresarios espa\u00f1oles con inversiones en la <strong>Rep\u00fablica Dominicana<\/strong>, momentos despu\u00e9s de su llegada al pa\u00eds para una visita oficial.<\/p>\n<p><strong>Albares<\/strong>, que arrib\u00f3 al pa\u00eds procedente de <strong>Puerto Rico<\/strong> en una gira que lo llevar\u00e1 tambi\u00e9n a <strong>M\u00e9xico<\/strong>, sostuvo un encuentro a puerta cerrada con empresarios de las ramas hotelera, energ\u00edas renovables, seguros y bienes ra\u00edces, en la <strong>Embajada de Espa\u00f1a<\/strong> en <strong>Santo Domingo<\/strong>.<\/p>\n<p>En la reuni\u00f3n, que se extendi\u00f3 por casi una hora, participaron la secretaria de Estado para Iberoam\u00e9rica y el Espa\u00f1ol en el Mundo, <strong>Susana Sumelzo Jord\u00e1n<\/strong>, as\u00ed como la embajadora espa\u00f1ola en <strong>Rep\u00fablica Dominicana<\/strong>, <strong>Lorea Arribalzaga Ceballos<\/strong>.<\/p>\n<ul class=\"wp-block-list\">\n<li>El alto cargo espa\u00f1ol no ofreci\u00f3 declaraciones a los medios una vez concluido el encuentro.<\/li>\n<\/ul>\n<h3 class=\"wp-block-heading\">Agenda oficial en Dominicana<\/h3>\n<p>El plato fuerte de su visita ser\u00e1 este martes, cuando visite un proyecto de cooperaci\u00f3n impulsado por la <strong>Agencia Espa\u00f1ola de Cooperaci\u00f3n Internacional al Desarrollo<\/strong> (<strong>AECID<\/strong>).<\/p>\n<p><strong>Albares<\/strong>, posteriormente, se reunir\u00e1 con su hom\u00f3logo dominicano, <strong>Roberto \u00c1lvarez<\/strong>, con quien repasar\u00e1 los trabajos preparatorios de la <strong>Cumbre Iberoamericana de Madrid<\/strong>, que se celebrar\u00e1 los pr\u00f3ximos 4 y 5 de noviembre bajo el lema \u00ab<strong>Iberoam\u00e9rica<\/strong>. Juntos construimos nuestra comunidad. Juntos la proyectamos hacia el futuro y hacia el mundo\u00bb.<\/p>\n<figure class=\"wp-block-image size-full\"><img loading=\"lazy\" decoding=\"async\" width=\"374\" height=\"240\" src=\"https:\/\/multimedia.noticiassin.com\/wp-content\/uploads\/2026\/04\/albares-se-reune-con-empresarios-espanoles-con-inversiones-en-la-republica-domin-20260428-021710-kqy5.jpg\" alt class=\"wp-image-1987511 lazy\" data-sizes=\"(max-width: 374px) 100vw, 374px\" srcset=\"https:\/\/multimedia.noticiassin.com\/wp-content\/uploads\/2026\/04\/albares-se-reune-con-empresarios-espanoles-con-inversiones-en-la-republica-domin-20260428-021710-kqy5.jpg 374w, https:\/\/multimedia.noticiassin.com\/wp-content\/uploads\/2026\/04\/albares-se-reune-con-empresarios-espanoles-con-inversiones-en-la-republica-domin-20260428-021710-kqy5-1200x770.jpg 1200w\"><\/figure>\n<p>La visita \u00abse realiza en reciprocidad al encuentro sostenido por ambos cancilleres en <strong>Madrid<\/strong>, en mayo de 2025, y da seguimiento a los compromisos de trabajo acordados en esa ocasi\u00f3n\u00bb, destac\u00f3 la <strong>Canciller\u00eda<\/strong> dominicana en un comunicado.<\/p>\n<p><strong>Rep\u00fablica Dominicana<\/strong> y <strong>Espa\u00f1a<\/strong> \u00abmantienen relaciones diplom\u00e1ticas de larga data y una agenda de cooperaci\u00f3n en \u00e1reas de inter\u00e9s com\u00fan, en el marco de un di\u00e1logo institucional continuo y respetuoso\u00bb, agreg\u00f3 la nota.<\/p>\n<h3 class=\"wp-block-heading\">Peso de la inversi\u00f3n espa\u00f1ola<\/h3>\n<p><strong>Espa\u00f1a<\/strong> lider\u00f3 el a\u00f1o pasado, con 1.086 millones de d\u00f3lares, la inversi\u00f3n extranjera directa (IED) en la <strong>Rep\u00fablica Dominicana<\/strong> y encabeza las inversiones en el \u00e1rea de la hosteler\u00eda, seg\u00fan cifras oficiales.<\/p>\n","protected":false},"excerpt":{"rendered":"<p>El ministro espa\u00f1ol de Asuntos Exteriores, Jos\u00e9&#46;&#46;&#46;<\/p>\n","protected":false},"author":1,"featured_media":160335,"comment_status":"closed","ping_status":"closed","sticky":false,"template":"","format":"standard","meta":{"_jetpack_memberships_contains_paid_content":false,"footnotes":"","jetpack_publicize_message":"","jetpack_publicize_feature_enabled":true,"jetpack_social_post_already_shared":true,"jetpack_social_options":{"image_generator_settings":{"template":"highway","default_image_id":0,"font":"","enabled":false},"version":2}},"categories":[42],"tags":[],"class_list":["post-160334","post","type-post","status-publish","format-standard","has-post-thumbnail","hentry","category-nacionales"],"yoast_head":"<!-- This site is optimized with the Yoast SEO plugin v27.3 - https:\/\/yoast.com\/product\/yoast-seo-wordpress\/ -->\n<title>Albares se re\u00fane con empresarios espa\u00f1oles con inversiones en la Rep\u00fablica Dominicana - Sarmiento24h<\/title>\n<meta name=\"robots\" content=\"index, follow, max-snippet:-1, max-image-preview:large, max-video-preview:-1\" \/>\n<link rel=\"canonical\" href=\"https:\/\/sarmiento24h.com\/?p=160334\" \/>\n<meta property=\"og:locale\" content=\"es_ES\" \/>\n<meta property=\"og:type\" content=\"article\" \/>\n<meta property=\"og:title\" content=\"Albares se re\u00fane con empresarios espa\u00f1oles con inversiones en la Rep\u00fablica Dominicana - Sarmiento24h\" \/>\n<meta property=\"og:description\" content=\"El ministro espa\u00f1ol de Asuntos Exteriores, Jos\u00e9&#046;&#046;&#046;\" \/>\n<meta property=\"og:url\" content=\"https:\/\/sarmiento24h.com\/?p=160334\" \/>\n<meta property=\"og:site_name\" content=\"Sarmiento24h\" \/>\n<meta property=\"article:publisher\" content=\"https:\/\/facebook.com\/s24hnoticias\" \/>\n<meta property=\"article:published_time\" content=\"2026-04-28T03:29:21+00:00\" \/>\n<meta name=\"author\" content=\"sarmiento24h@gmail.com\" \/>\n<meta name=\"twitter:card\" content=\"summary_large_image\" \/>\n<meta name=\"twitter:creator\" content=\"@sarmiento24h\" \/>\n<meta name=\"twitter:site\" content=\"@sarmiento24h\" \/>\n<meta name=\"twitter:label1\" content=\"Escrito por\" \/>\n\t<meta name=\"twitter:data1\" content=\"sarmiento24h@gmail.com\" \/>\n\t<meta name=\"twitter:label2\" content=\"Tiempo de lectura\" \/>\n\t<meta name=\"twitter:data2\" content=\"2 minutos\" \/>\n<script type=\"application\/ld+json\" class=\"yoast-schema-graph\">{\"@context\":\"https:\\\/\\\/schema.org\",\"@graph\":[{\"@type\":\"Article\",\"@id\":\"https:\\\/\\\/sarmiento24h.com\\\/?p=160334#article\",\"isPartOf\":{\"@id\":\"https:\\\/\\\/sarmiento24h.com\\\/?p=160334\"},\"author\":{\"name\":\"sarmiento24h@gmail.com\",\"@id\":\"https:\\\/\\\/sarmiento24h.com\\\/#\\\/schema\\\/person\\\/d653a59725ad629a7e0429af7b939d4d\"},\"headline\":\"Albares se re\u00fane con empresarios espa\u00f1oles con inversiones en la Rep\u00fablica Dominicana\",\"datePublished\":\"2026-04-28T03:29:21+00:00\",\"mainEntityOfPage\":{\"@id\":\"https:\\\/\\\/sarmiento24h.com\\\/?p=160334\"},\"wordCount\":369,\"publisher\":{\"@id\":\"https:\\\/\\\/sarmiento24h.com\\\/#organization\"},\"image\":{\"@id\":\"https:\\\/\\\/sarmiento24h.com\\\/?p=160334#primaryimage\"},\"thumbnailUrl\":\"https:\\\/\\\/sarmiento24h.com\\\/wp-content\\\/uploads\\\/2026\\\/04\\\/albares-se-reune-con-empresarios-espanoles-con-inversiones-en-la-republica-dominicana.jpg\",\"articleSection\":[\"Nacionales\"],\"inLanguage\":\"es\"},{\"@type\":\"WebPage\",\"@id\":\"https:\\\/\\\/sarmiento24h.com\\\/?p=160334\",\"url\":\"https:\\\/\\\/sarmiento24h.com\\\/?p=160334\",\"name\":\"Albares se re\u00fane con empresarios espa\u00f1oles con inversiones en la Rep\u00fablica Dominicana - Sarmiento24h\",\"isPartOf\":{\"@id\":\"https:\\\/\\\/sarmiento24h.com\\\/#website\"},\"primaryImageOfPage\":{\"@id\":\"https:\\\/\\\/sarmiento24h.com\\\/?p=160334#primaryimage\"},\"image\":{\"@id\":\"https:\\\/\\\/sarmiento24h.com\\\/?p=160334#primaryimage\"},\"thumbnailUrl\":\"https:\\\/\\\/sarmiento24h.com\\\/wp-content\\\/uploads\\\/2026\\\/04\\\/albares-se-reune-con-empresarios-espanoles-con-inversiones-en-la-republica-dominicana.jpg\",\"datePublished\":\"2026-04-28T03:29:21+00:00\",\"breadcrumb\":{\"@id\":\"https:\\\/\\\/sarmiento24h.com\\\/?p=160334#breadcrumb\"},\"inLanguage\":\"es\",\"potentialAction\":[{\"@type\":\"ReadAction\",\"target\":[\"https:\\\/\\\/sarmiento24h.com\\\/?p=160334\"]}]},{\"@type\":\"ImageObject\",\"inLanguage\":\"es\",\"@id\":\"https:\\\/\\\/sarmiento24h.com\\\/?p=160334#primaryimage\",\"url\":\"https:\\\/\\\/sarmiento24h.com\\\/wp-content\\\/uploads\\\/2026\\\/04\\\/albares-se-reune-con-empresarios-espanoles-con-inversiones-en-la-republica-dominicana.jpg\",\"contentUrl\":\"https:\\\/\\\/sarmiento24h.com\\\/wp-content\\\/uploads\\\/2026\\\/04\\\/albares-se-reune-con-empresarios-espanoles-con-inversiones-en-la-republica-dominicana.jpg\",\"width\":374,\"height\":240},{\"@type\":\"BreadcrumbList\",\"@id\":\"https:\\\/\\\/sarmiento24h.com\\\/?p=160334#breadcrumb\",\"itemListElement\":[{\"@type\":\"ListItem\",\"position\":1,\"name\":\"Home\",\"item\":\"https:\\\/\\\/sarmiento24h.com\\\/\"},{\"@type\":\"ListItem\",\"position\":2,\"name\":\"Albares se re\u00fane con empresarios espa\u00f1oles con inversiones en la Rep\u00fablica Dominicana\"}]},{\"@type\":\"WebSite\",\"@id\":\"https:\\\/\\\/sarmiento24h.com\\\/#website\",\"url\":\"https:\\\/\\\/sarmiento24h.com\\\/\",\"name\":\"Sarmiento24h\",\"description\":\"\",\"publisher\":{\"@id\":\"https:\\\/\\\/sarmiento24h.com\\\/#organization\"},\"potentialAction\":[{\"@type\":\"SearchAction\",\"target\":{\"@type\":\"EntryPoint\",\"urlTemplate\":\"https:\\\/\\\/sarmiento24h.com\\\/?s={search_term_string}\"},\"query-input\":{\"@type\":\"PropertyValueSpecification\",\"valueRequired\":true,\"valueName\":\"search_term_string\"}}],\"inLanguage\":\"es\"},{\"@type\":\"Organization\",\"@id\":\"https:\\\/\\\/sarmiento24h.com\\\/#organization\",\"name\":\"Sarmiento24h\",\"url\":\"https:\\\/\\\/sarmiento24h.com\\\/\",\"logo\":{\"@type\":\"ImageObject\",\"inLanguage\":\"es\",\"@id\":\"https:\\\/\\\/sarmiento24h.com\\\/#\\\/schema\\\/logo\\\/image\\\/\",\"url\":\"https:\\\/\\\/sarmiento24h.com\\\/wp-content\\\/uploads\\\/2025\\\/12\\\/AddText_12-16-10.30.52.jpg\",\"contentUrl\":\"https:\\\/\\\/sarmiento24h.com\\\/wp-content\\\/uploads\\\/2025\\\/12\\\/AddText_12-16-10.30.52.jpg\",\"width\":1220,\"height\":324,\"caption\":\"Sarmiento24h\"},\"image\":{\"@id\":\"https:\\\/\\\/sarmiento24h.com\\\/#\\\/schema\\\/logo\\\/image\\\/\"},\"sameAs\":[\"https:\\\/\\\/facebook.com\\\/s24hnoticias\",\"https:\\\/\\\/x.com\\\/sarmiento24h\"]},{\"@type\":\"Person\",\"@id\":\"https:\\\/\\\/sarmiento24h.com\\\/#\\\/schema\\\/person\\\/d653a59725ad629a7e0429af7b939d4d\",\"name\":\"sarmiento24h@gmail.com\",\"image\":{\"@type\":\"ImageObject\",\"inLanguage\":\"es\",\"@id\":\"https:\\\/\\\/sarmiento24h.com\\\/wp-content\\\/litespeed\\\/avatar\\\/d02cbc4e23c747e6659cd45907173c8f.jpg?ver=1777157796\",\"url\":\"https:\\\/\\\/sarmiento24h.com\\\/wp-content\\\/litespeed\\\/avatar\\\/d02cbc4e23c747e6659cd45907173c8f.jpg?ver=1777157796\",\"contentUrl\":\"https:\\\/\\\/sarmiento24h.com\\\/wp-content\\\/litespeed\\\/avatar\\\/d02cbc4e23c747e6659cd45907173c8f.jpg?ver=1777157796\",\"caption\":\"sarmiento24h@gmail.com\"},\"sameAs\":[\"https:\\\/\\\/sarmiento24h.com\"],\"url\":\"https:\\\/\\\/sarmiento24h.com\\\/?author=1\"}]}<\/script>\n<!-- \/ Yoast SEO plugin. -->","yoast_head_json":{"title":"Albares se re\u00fane con empresarios espa\u00f1oles con inversiones en la Rep\u00fablica Dominicana - Sarmiento24h","robots":{"index":"index","follow":"follow","max-snippet":"max-snippet:-1","max-image-preview":"max-image-preview:large","max-video-preview":"max-video-preview:-1"},"canonical":"https:\/\/sarmiento24h.com\/?p=160334","og_locale":"es_ES","og_type":"article","og_title":"Albares se re\u00fane con empresarios espa\u00f1oles con inversiones en la Rep\u00fablica Dominicana - Sarmiento24h","og_description":"El ministro espa\u00f1ol de Asuntos Exteriores, Jos\u00e9&#46;&#46;&#46;","og_url":"https:\/\/sarmiento24h.com\/?p=160334","og_site_name":"Sarmiento24h","article_publisher":"https:\/\/facebook.com\/s24hnoticias","article_published_time":"2026-04-28T03:29:21+00:00","author":"sarmiento24h@gmail.com","twitter_card":"summary_large_image","twitter_creator":"@sarmiento24h","twitter_site":"@sarmiento24h","twitter_misc":{"Escrito por":"sarmiento24h@gmail.com","Tiempo de lectura":"2 minutos"},"schema":{"@context":"https:\/\/schema.org","@graph":[{"@type":"Article","@id":"https:\/\/sarmiento24h.com\/?p=160334#article","isPartOf":{"@id":"https:\/\/sarmiento24h.com\/?p=160334"},"author":{"name":"sarmiento24h@gmail.com","@id":"https:\/\/sarmiento24h.com\/#\/schema\/person\/d653a59725ad629a7e0429af7b939d4d"},"headline":"Albares se re\u00fane con empresarios espa\u00f1oles con inversiones en la Rep\u00fablica Dominicana","datePublished":"2026-04-28T03:29:21+00:00","mainEntityOfPage":{"@id":"https:\/\/sarmiento24h.com\/?p=160334"},"wordCount":369,"publisher":{"@id":"https:\/\/sarmiento24h.com\/#organization"},"image":{"@id":"https:\/\/sarmiento24h.com\/?p=160334#primaryimage"},"thumbnailUrl":"https:\/\/sarmiento24h.com\/wp-content\/uploads\/2026\/04\/albares-se-reune-con-empresarios-espanoles-con-inversiones-en-la-republica-dominicana.jpg","articleSection":["Nacionales"],"inLanguage":"es"},{"@type":"WebPage","@id":"https:\/\/sarmiento24h.com\/?p=160334","url":"https:\/\/sarmiento24h.com\/?p=160334","name":"Albares se re\u00fane con empresarios espa\u00f1oles con inversiones en la Rep\u00fablica Dominicana - Sarmiento24h","isPartOf":{"@id":"https:\/\/sarmiento24h.com\/#website"},"primaryImageOfPage":{"@id":"https:\/\/sarmiento24h.com\/?p=160334#primaryimage"},"image":{"@id":"https:\/\/sarmiento24h.com\/?p=160334#primaryimage"},"thumbnailUrl":"https:\/\/sarmiento24h.com\/wp-content\/uploads\/2026\/04\/albares-se-reune-con-empresarios-espanoles-con-inversiones-en-la-republica-dominicana.jpg","datePublished":"2026-04-28T03:29:21+00:00","breadcrumb":{"@id":"https:\/\/sarmiento24h.com\/?p=160334#breadcrumb"},"inLanguage":"es","potentialAction":[{"@type":"ReadAction","target":["https:\/\/sarmiento24h.com\/?p=160334"]}]},{"@type":"ImageObject","inLanguage":"es","@id":"https:\/\/sarmiento24h.com\/?p=160334#primaryimage","url":"https:\/\/sarmiento24h.com\/wp-content\/uploads\/2026\/04\/albares-se-reune-con-empresarios-espanoles-con-inversiones-en-la-republica-dominicana.jpg","contentUrl":"https:\/\/sarmiento24h.com\/wp-content\/uploads\/2026\/04\/albares-se-reune-con-empresarios-espanoles-con-inversiones-en-la-republica-dominicana.jpg","width":374,"height":240},{"@type":"BreadcrumbList","@id":"https:\/\/sarmiento24h.com\/?p=160334#breadcrumb","itemListElement":[{"@type":"ListItem","position":1,"name":"Home","item":"https:\/\/sarmiento24h.com\/"},{"@type":"ListItem","position":2,"name":"Albares se re\u00fane con empresarios espa\u00f1oles con inversiones en la Rep\u00fablica Dominicana"}]},{"@type":"WebSite","@id":"https:\/\/sarmiento24h.com\/#website","url":"https:\/\/sarmiento24h.com\/","name":"Sarmiento24h","description":"","publisher":{"@id":"https:\/\/sarmiento24h.com\/#organization"},"potentialAction":[{"@type":"SearchAction","target":{"@type":"EntryPoint","urlTemplate":"https:\/\/sarmiento24h.com\/?s={search_term_string}"},"query-input":{"@type":"PropertyValueSpecification","valueRequired":true,"valueName":"search_term_string"}}],"inLanguage":"es"},{"@type":"Organization","@id":"https:\/\/sarmiento24h.com\/#organization","name":"Sarmiento24h","url":"https:\/\/sarmiento24h.com\/","logo":{"@type":"ImageObject","inLanguage":"es","@id":"https:\/\/sarmiento24h.com\/#\/schema\/logo\/image\/","url":"https:\/\/sarmiento24h.com\/wp-content\/uploads\/2025\/12\/AddText_12-16-10.30.52.jpg","contentUrl":"https:\/\/sarmiento24h.com\/wp-content\/uploads\/2025\/12\/AddText_12-16-10.30.52.jpg","width":1220,"height":324,"caption":"Sarmiento24h"},"image":{"@id":"https:\/\/sarmiento24h.com\/#\/schema\/logo\/image\/"},"sameAs":["https:\/\/facebook.com\/s24hnoticias","https:\/\/x.com\/sarmiento24h"]},{"@type":"Person","@id":"https:\/\/sarmiento24h.com\/#\/schema\/person\/d653a59725ad629a7e0429af7b939d4d","name":"sarmiento24h@gmail.com","image":{"@type":"ImageObject","inLanguage":"es","@id":"https:\/\/sarmiento24h.com\/wp-content\/litespeed\/avatar\/d02cbc4e23c747e6659cd45907173c8f.jpg?ver=1777157796","url":"https:\/\/sarmiento24h.com\/wp-content\/litespeed\/avatar\/d02cbc4e23c747e6659cd45907173c8f.jpg?ver=1777157796","contentUrl":"https:\/\/sarmiento24h.com\/wp-content\/litespeed\/avatar\/d02cbc4e23c747e6659cd45907173c8f.jpg?ver=1777157796","caption":"sarmiento24h@gmail.com"},"sameAs":["https:\/\/sarmiento24h.com"],"url":"https:\/\/sarmiento24h.com\/?author=1"}]}},"jetpack_publicize_connections":[],"jetpack_featured_media_url":"https:\/\/sarmiento24h.com\/wp-content\/uploads\/2026\/04\/albares-se-reune-con-empresarios-espanoles-con-inversiones-en-la-republica-dominicana.jpg","jetpack_sharing_enabled":true,"_links":{"self":[{"href":"https:\/\/sarmiento24h.com\/index.php?rest_route=\/wp\/v2\/posts\/160334","targetHints":{"allow":["GET"]}}],"collection":[{"href":"https:\/\/sarmiento24h.com\/index.php?rest_route=\/wp\/v2\/posts"}],"about":[{"href":"https:\/\/sarmiento24h.com\/index.php?rest_route=\/wp\/v2\/types\/post"}],"author":[{"embeddable":true,"href":"https:\/\/sarmiento24h.com\/index.php?rest_route=\/wp\/v2\/users\/1"}],"replies":[{"embeddable":true,"href":"https:\/\/sarmiento24h.com\/index.php?rest_route=%2Fwp%2Fv2%2Fcomments&post=160334"}],"version-history":[{"count":0,"href":"https:\/\/sarmiento24h.com\/index.php?rest_route=\/wp\/v2\/posts\/160334\/revisions"}],"wp:featuredmedia":[{"embeddable":true,"href":"https:\/\/sarmiento24h.com\/index.php?rest_route=\/wp\/v2\/media\/160335"}],"wp:attachment":[{"href":"https:\/\/sarmiento24h.com\/index.php?rest_route=%2Fwp%2Fv2%2Fmedia&parent=160334"}],"wp:term":[{"taxonomy":"category","embeddable":true,"href":"https:\/\/sarmiento24h.com\/index.php?rest_route=%2Fwp%2Fv2%2Fcategories&post=160334"},{"taxonomy":"post_tag","embeddable":true,"href":"https:\/\/sarmiento24h.com\/index.php?rest_route=%2Fwp%2Fv2%2Ftags&post=160334"}],"curies":[{"name":"wp","href":"https:\/\/api.w.org\/{rel}","templated":true}]}}