{"id":160671,"date":"2026-04-28T06:47:08","date_gmt":"2026-04-28T06:47:08","guid":{"rendered":"http:\/\/716d7a56-42a2-11f1-9f94-737ddb53b113"},"modified":"2026-04-28T06:47:08","modified_gmt":"2026-04-28T06:47:08","slug":"el-sobreviviente-designado-como-seria-la-sucesion-si-muere-de-repente-el-presidente-de-ee-uu","status":"publish","type":"post","link":"https:\/\/sarmiento24h.com\/?p=160671","title":{"rendered":"El sobreviviente designado: \u00bfc\u00f3mo ser\u00eda la sucesi\u00f3n si muere de repente el presidente de EE. UU.?"},"content":{"rendered":"<p><a href=\"https:\/\/www.france24.com\/es\/tag\/donald-trump\/\" target=\"_self\" class=\"gtm-add-suggested-tag\">Donald Trump<\/a> volvi\u00f3 a ser blanco de <a href=\"https:\/\/www.france24.com\/es\/ee-uu-y-canad\u00e1\/20260426-lo-que-sabemos-del-tiroteo-que-interrumpi\u00f3-la-cena-de-corresponsales-con-trump\" target=\"_self\">un atentado contra su vida el 25 de abril,<\/a> el primero que enfrenta siendo presidente, luego de tres intentonas fallidas durante la campa\u00f1a previa a las elecciones de 2024 donde result\u00f3 vencedor.<\/p>\n<p>Un hombre armado intent\u00f3 sin \u00e9xito llegar hasta \u00e9l en el hotel de Washington donde se celebraba la cena anual de la Asociaci\u00f3n de Corresponsales, a la que asist\u00eda por primera vez, luego de delegar el evento durante toda su primera presidencia y en el primer a\u00f1o del segundo mandato.<\/p>\n<p>No es el presidente en ejercicio que m\u00e1s veces ha visto en riesgo su vida (Gerald Ford sobrevivi\u00f3 a dos ataques en septiembre de 1975), pero despu\u00e9s del incidente del s\u00e1bado, seguramente tendr\u00e1 que abordar con m\u00e1s rigor una discusi\u00f3n delicada: la del sobreviviente designado.<\/p>\n<div class=\"em-video-wrapper m-em-video\" data-media-video-wbmz387011-f24-es-20260428 data-wrapper-video-player data-show-hidden-video-player=\"WBMZ387011-F24-ES-20260428\" data-youtube-script>\n<div class=\"m-em-video__video\">\n<div class=\"o-em-consent \" readability=\"7\">\n<div class=\"o-em-consent__content\" readability=\"34\">\n<p class=\"o-em-consent__content__text\">Para mostrar este contenido de YouTube, debe autorizar las cookies de medici\u00f3n de audiencia y publicidad.<\/p>\n<p> <button class=\"a-master-button a-master-button--dark\" data-action=\"accept\"> Aceptar <svg class=\"a-svg a-svg--icon-check\"> <use xlink:href=\"\/build\/images\/svg\/sprite.c98bf387c90bc4a87186b0b783f15ba0.svg#icon-check\" href=\"\/build\/images\/svg\/sprite.c98bf387c90bc4a87186b0b783f15ba0.svg#icon-check\" \/> <\/svg> <\/button> <button class=\"a-link\" data-action=\"manage\">Gestionar mis opciones<i class=\"a-svg a-svg--icon-edit\"><\/i><\/button> <\/div>\n<\/div>\n<div class=\"o-em-adblock\" data-adblock-content readability=\"7\">\n<div class=\"o-em-adblock__content\" readability=\"34\">\n<p class=\"o-em-adblock__content__text\">Una extensi\u00f3n de tu navegador parece estar bloqueando la carga del reproductor de video. Para poder ver este contenido, debes desactivarla en este sitio.<\/p>\n<p> <button class=\"a-master-button a-master-button--dark\" data-action=\"reload\">Reintentar<\/button> <\/div>\n<\/div>\n<figure class=\"m-item-image m-item-image--16x9 m-item-image--has-caption\"> <picture class=\"a-picture a-picture--16x9\"><source type=\"image\/webp\" srcset=\"https:\/\/s.france24.com\/media\/display\/44720c52-428d-11f1-9a36-005056a97e36\/w:388\/p:16x9\/ES-20260427-131635-132444-CS.webp 388w, https:\/\/s.france24.com\/media\/display\/44720c52-428d-11f1-9a36-005056a97e36\/w:720\/p:16x9\/ES-20260427-131635-132444-CS.webp 720w, https:\/\/s.france24.com\/media\/display\/44720c52-428d-11f1-9a36-005056a97e36\/w:1024\/p:16x9\/ES-20260427-131635-132444-CS.webp 1024w\" sizes=\"(max-width: 639px) calc(100vw - 32px), (max-width: 1076px) calc(100vw - 44px), 850px\"><img fetchpriority=\"low\" decoding=\"async\" src=\"https:\/\/s.france24.com\/media\/display\/44720c52-428d-11f1-9a36-005056a97e36\/w:1024\/p:16x9\/ES-20260427-131635-132444-CS.jpg\" srcset=\"https:\/\/s.france24.com\/media\/display\/44720c52-428d-11f1-9a36-005056a97e36\/w:388\/p:16x9\/ES-20260427-131635-132444-CS.jpg 388w, https:\/\/s.france24.com\/media\/display\/44720c52-428d-11f1-9a36-005056a97e36\/w:720\/p:16x9\/ES-20260427-131635-132444-CS.jpg 720w, https:\/\/s.france24.com\/media\/display\/44720c52-428d-11f1-9a36-005056a97e36\/w:1024\/p:16x9\/ES-20260427-131635-132444-CS.jpg 1024w\" sizes=\"auto, (max-width: 639px) calc(100vw - 32px), (max-width: 1076px) calc(100vw - 44px), 850px\" width=\"1024\" height=\"576\" alt loading=\"lazy\" class=\"a-img \">\n<\/picture><figcaption class=\"a-figcaption\"> <span>\u00a9 France 24<\/span> <\/figcaption><\/figure>\n<\/p><\/div>\n<\/p><\/div>\n<p>La 25\u00aa Enmienda de la <a href=\"https:\/\/www.france24.com\/es\/tag\/constituci\u00f3n\/\" target=\"_self\" class=\"gtm-add-suggested-tag\">Constituci\u00f3n<\/a> estadounidense establece el protocolo a seguir en caso de una vacante en la Oficina Oval. Su ratificaci\u00f3n por parte del <a href=\"https:\/\/www.france24.com\/es\/tag\/congreso\/\" target=\"_self\" class=\"gtm-add-suggested-tag\">Congreso<\/a> en 1967 permiti\u00f3 aclarar las lagunas que hab\u00eda dejado la Ley de Sucesi\u00f3n Presidencial, aprobada durante el Gobierno de Harry S. Truman en 1947.<\/p>\n<p>El sobreviviente designado, sin embargo, no figura en ninguna de las dos legislaciones, pero se elige seg\u00fan un protocolo que la <a href=\"https:\/\/www.france24.com\/es\/tag\/casa-blanca\/\" target=\"_self\" class=\"gtm-add-suggested-tag\">Casa Blanca<\/a> activa desde los a\u00f1os 80 en grandes eventos a los que asisten altos cargos del Gobierno. Es el funcionario que queda exento de acudir, resguardado en caso de que suceda lo peor y todo el resto de los llamados a sustituir al presidente queden inhabilitados.<\/p>\n<p>El s\u00e1bado durante el banquete con 2.300 invitados en el Washington Hilton, la secuencia establecida habr\u00eda podido quedar pr\u00e1cticamente rota, en caso de que el atacante Cole Tomas Allen hubiera tenido \u00e9xito en el prop\u00f3sito que le atribuy\u00f3 la fiscal del Distrito de Columbia, Jeannette Pirro, de \u201celiminar a la mayor cantidad posible de altos cargos del Gabinete\u00bb.<\/p>\n<div class=\"m-em-image\">\n<figure class=\"m-item-image m-item-image--original m-item-image--has-caption\"> <picture class=\"a-picture a-picture--original\"><source type=\"image\/webp\" srcset=\"https:\/\/s.france24.com\/media\/display\/5dcea4fa-429f-11f1-b2b3-005056bfb2b6\/w:246\/AP26006051084028.webp 246w, https:\/\/s.france24.com\/media\/display\/5dcea4fa-429f-11f1-b2b3-005056bfb2b6\/w:388\/AP26006051084028.webp 388w, https:\/\/s.france24.com\/media\/display\/5dcea4fa-429f-11f1-b2b3-005056bfb2b6\/w:720\/AP26006051084028.webp 720w, https:\/\/s.france24.com\/media\/display\/5dcea4fa-429f-11f1-b2b3-005056bfb2b6\/w:980\/AP26006051084028.webp 980w\" sizes=\"(max-width: 1023px) calc(100vw - 32px), (min-width: 1024px) 850px\"><img fetchpriority=\"low\" decoding=\"async\" src=\"https:\/\/s.france24.com\/media\/display\/5dcea4fa-429f-11f1-b2b3-005056bfb2b6\/w:980\/AP26006051084028.jpg\" srcset=\"https:\/\/s.france24.com\/media\/display\/5dcea4fa-429f-11f1-b2b3-005056bfb2b6\/w:246\/AP26006051084028.jpg 246w, https:\/\/s.france24.com\/media\/display\/5dcea4fa-429f-11f1-b2b3-005056bfb2b6\/w:388\/AP26006051084028.jpg 388w, https:\/\/s.france24.com\/media\/display\/5dcea4fa-429f-11f1-b2b3-005056bfb2b6\/w:720\/AP26006051084028.jpg 720w, https:\/\/s.france24.com\/media\/display\/5dcea4fa-429f-11f1-b2b3-005056bfb2b6\/w:980\/AP26006051084028.jpg 980w\" sizes=\"(max-width: 1023px) calc(100vw - 32px), (min-width: 1024px) 850px\" alt=\"Foto de archivo que muestra al Senador Chuck Grassley, republicano de Iowa, durante una audiencia de supervisi\u00f3n del Comit\u00e9 Judicial de la C\u00e1mara Alta. Washington DC, 7 de octubre de 2025. Grassley es el presidente pro tempore del Senado, por ser el miembro de mayor edad, y forma parte de la l\u00ednea de sucesi\u00f3n presidencial.\" loading=\"lazy\" class=\"a-img \">\n<\/picture><figcaption class=\"a-figcaption\"> <span>Foto de archivo que muestra al Senador Chuck Grassley, republicano de Iowa, durante una audiencia de supervisi\u00f3n del Comit\u00e9 Judicial de la C\u00e1mara Alta. Washington DC, 7 de octubre de 2025. Grassley es el presidente pro tempore del Senado, por ser el miembro de mayor edad, y forma parte de la l\u00ednea de sucesi\u00f3n presidencial.<\/span> <span>AP &#8211; Mark Schiefelbein<\/span> <\/figcaption><\/figure>\n<\/p><\/div>\n<p>La raz\u00f3n: seis de los siete primeros en la l\u00ednea de sucesi\u00f3n estaban a cent\u00edmetros de Trump, corriendo el mismo riesgo que \u00e9l. El otro era Chuck Grassley, un legislador de 92 a\u00f1os con un cargo fundamentalmente ceremonial como presidente pro tempore del <a href=\"https:\/\/www.france24.com\/es\/tag\/senado\/\" target=\"_self\" class=\"gtm-add-suggested-tag\">Senado<\/a>, por ser el miembro de mayor edad de esta c\u00e1mara.<\/p>\n<p class=\"a-read-more\"><span class=\"a-read-more__label\">Leer tambi\u00e9n<\/span><a href=\"https:\/\/www.france24.com\/es\/ee-uu-y-canad\u00e1\/20260426-lo-que-sabemos-del-tiroteo-que-interrumpi\u00f3-la-cena-de-corresponsales-con-trump\" target=\"_self\" class=\"a-read-more__link\">Lo que sabemos del tiroteo que interrumpi\u00f3 la cena de corresponsales con Trump<\/a><\/p>\n<h2><strong>Todos los hombres en la mira<\/strong><\/h2>\n<p>Cuando <a href=\"https:\/\/www.france24.com\/es\/tag\/john-f-kennedy\/\" target=\"_self\" class=\"gtm-add-suggested-tag\">John F. Kennedy<\/a> fue asesinado en 1962, el vicepresidente Lyndon B. Johnson qued\u00f3 a cargo y complet\u00f3 el periodo sin tener un vicepresidente propio, pues la Ley de Sucesi\u00f3n Presidencial no establec\u00eda los par\u00e1metros para esta designaci\u00f3n.<\/p>\n<p>No fue hasta 1965, cuando Johnson gan\u00f3 las elecciones para un segundo mandato, que incorpor\u00f3 como compa\u00f1ero de f\u00f3rmula a Hubert H. Humphrey.<\/p>\n<p>Dos a\u00f1os despu\u00e9s, el Congreso ratific\u00f3 la 25\u00aa Enmienda, para llenar ese vac\u00edo y establecer definitivamente los supuestos de incapacidad presidencial y l\u00ednea de sucesi\u00f3n. Esa es la norma vigente a nuestros d\u00edas.<\/p>\n<div id=\"em-WBMZ387007-F24-ES-20260428\" class=\"m-em-flash\" data-xtwitter-script><figcaption class=\"a-figcaption\"> <\/figcaption><div class=\"o-em-consent \" readability=\"7\">\n<div class=\"o-em-consent__content\" readability=\"34\">\n<p class=\"o-em-consent__content__text\">Para mostrar este contenido de X (Twitter), debe autorizar las cookies de medici\u00f3n de audiencia y publicidad.<\/p>\n<p> <button class=\"a-master-button a-master-button--dark\" data-action=\"accept\"> Aceptar <svg class=\"a-svg a-svg--icon-check\"> <use xlink:href=\"\/build\/images\/svg\/sprite.c98bf387c90bc4a87186b0b783f15ba0.svg#icon-check\" href=\"\/build\/images\/svg\/sprite.c98bf387c90bc4a87186b0b783f15ba0.svg#icon-check\" \/> <\/svg> <\/button> <button class=\"a-link\" data-action=\"manage\">Gestionar mis opciones<i class=\"a-svg a-svg--icon-edit\"><\/i><\/button> <\/div>\n<\/div>\n<\/div>\n<p>El vicepresidente sigue siendo el llamado a encargarse de cumplir el resto del mandato si falta el presidente, pero <a href=\"https:\/\/www.france24.com\/es\/tag\/j-d-vance\/\" target=\"_self\" class=\"gtm-add-suggested-tag\">J.D. Vance<\/a> estaba sentado a la mesa cerca de Trump y pudo haber quedado tambi\u00e9n en la mira del atacante si este no hubiera sido reducido.<\/p>\n<p>En caso de falta del vicepresidente, el siguiente en la l\u00ednea es el presidente de la <a href=\"https:\/\/www.france24.com\/es\/tag\/c\u00e1mara-de-representantes\/\" target=\"_self\" class=\"gtm-add-suggested-tag\">C\u00e1mara de Representantes<\/a>, pero <a href=\"https:\/\/www.france24.com\/es\/tag\/mike-johnson\/\" target=\"_self\" class=\"gtm-add-suggested-tag\">Mike Johnson<\/a> tambi\u00e9n estaba en la misma cena, formando parte del mismo podio de honor que Trump.<\/p>\n<p>Si se hubiera producido tambi\u00e9n una incapacidad de Johnson, el siguiente en la lista era Grassley, un senador republicano por Iowa que es presidente pro tempore de la C\u00e1mara Alta.<\/p>\n<p>Los pr\u00f3ximos en la l\u00ednea son los miembros del gabinete cuyas agencias son las m\u00e1s antiguas. En el caso de la actual Administraci\u00f3n, ser\u00edan el Departamento de Estado, el del Tesoro, el de Defensa y el de Justicia.<\/p>\n<p>De nuevo: <a href=\"https:\/\/www.france24.com\/es\/tag\/marco-rubio\/\" target=\"_self\" class=\"gtm-add-suggested-tag\">Marco Rubio<\/a>, <a href=\"https:\/\/www.france24.com\/es\/tag\/scott-bessent\/\" target=\"_self\" class=\"gtm-add-suggested-tag\">Scott Bessent<\/a> y <a href=\"https:\/\/www.france24.com\/es\/tag\/pete-hegseth\/\" target=\"_self\" class=\"gtm-add-suggested-tag\">Pete Hegseth<\/a>&nbsp;tambi\u00e9n estaban en la cena, susceptibles de quedar en la mira, lo mismo que Todd Blanche, pero en su caso persisten dudas sobre su elegibilidad, porque \u00e9l fue ratificado por el Senado como secretario adjunto, detr\u00e1s de la recientemente destituida Pam Bondi.<\/p>\n<p>La lista sigue con los secretarios del Interior, Agricultura, Comercio, Trabajo (actualmente vacante, tras la renuncia de Lori Chavez-DeRemer), Salud, Vivienda, Transporte, Energ\u00eda, Educaci\u00f3n, Asuntos de Veteranos y Seguridad Nacional.<\/p>\n<div class=\"em-video-wrapper m-em-video\" data-media-video-wbmz387012-f24-es-20260428 data-wrapper-video-player data-show-hidden-video-player=\"WBMZ387012-F24-ES-20260428\" data-youtube-script>\n<div class=\"m-em-video__video\">\n<div class=\"o-em-consent \" readability=\"7\">\n<div class=\"o-em-consent__content\" readability=\"34\">\n<p class=\"o-em-consent__content__text\">Para mostrar este contenido de YouTube, debe autorizar las cookies de medici\u00f3n de audiencia y publicidad.<\/p>\n<p> <button class=\"a-master-button a-master-button--dark\" data-action=\"accept\"> Aceptar <svg class=\"a-svg a-svg--icon-check\"> <use xlink:href=\"\/build\/images\/svg\/sprite.c98bf387c90bc4a87186b0b783f15ba0.svg#icon-check\" href=\"\/build\/images\/svg\/sprite.c98bf387c90bc4a87186b0b783f15ba0.svg#icon-check\" \/> <\/svg> <\/button> <button class=\"a-link\" data-action=\"manage\">Gestionar mis opciones<i class=\"a-svg a-svg--icon-edit\"><\/i><\/button> <\/div>\n<\/div>\n<div class=\"o-em-adblock\" data-adblock-content readability=\"7\">\n<div class=\"o-em-adblock__content\" readability=\"34\">\n<p class=\"o-em-adblock__content__text\">Una extensi\u00f3n de tu navegador parece estar bloqueando la carga del reproductor de video. Para poder ver este contenido, debes desactivarla en este sitio.<\/p>\n<p> <button class=\"a-master-button a-master-button--dark\" data-action=\"reload\">Reintentar<\/button> <\/div>\n<\/div>\n<figure class=\"m-item-image m-item-image--16x9 m-item-image--has-caption\"> <picture class=\"a-picture a-picture--16x9\"><source type=\"image\/webp\" srcset=\"https:\/\/s.france24.com\/media\/display\/291c40c6-425b-11f1-867e-005056bfb2b6\/w:388\/p:16x9\/ES-20260427-114317-114447-CS.webp 388w, https:\/\/s.france24.com\/media\/display\/291c40c6-425b-11f1-867e-005056bfb2b6\/w:720\/p:16x9\/ES-20260427-114317-114447-CS.webp 720w, https:\/\/s.france24.com\/media\/display\/291c40c6-425b-11f1-867e-005056bfb2b6\/w:1024\/p:16x9\/ES-20260427-114317-114447-CS.webp 1024w\" sizes=\"(max-width: 639px) calc(100vw - 32px), (max-width: 1076px) calc(100vw - 44px), 850px\"><img fetchpriority=\"low\" decoding=\"async\" src=\"https:\/\/s.france24.com\/media\/display\/291c40c6-425b-11f1-867e-005056bfb2b6\/w:1024\/p:16x9\/ES-20260427-114317-114447-CS.jpg\" srcset=\"https:\/\/s.france24.com\/media\/display\/291c40c6-425b-11f1-867e-005056bfb2b6\/w:388\/p:16x9\/ES-20260427-114317-114447-CS.jpg 388w, https:\/\/s.france24.com\/media\/display\/291c40c6-425b-11f1-867e-005056bfb2b6\/w:720\/p:16x9\/ES-20260427-114317-114447-CS.jpg 720w, https:\/\/s.france24.com\/media\/display\/291c40c6-425b-11f1-867e-005056bfb2b6\/w:1024\/p:16x9\/ES-20260427-114317-114447-CS.jpg 1024w\" sizes=\"auto, (max-width: 639px) calc(100vw - 32px), (max-width: 1076px) calc(100vw - 44px), 850px\" width=\"1024\" height=\"576\" alt loading=\"lazy\" class=\"a-img \">\n<\/picture><figcaption class=\"a-figcaption\"> <span>\u00a9 France 24<\/span> <\/figcaption><\/figure>\n<\/p><\/div>\n<\/p><\/div>\n<p>El sobreviviente designado elegido por Trump en los dos primeros a\u00f1os de este mandato ha sido Doug Collins, secretario de Asuntos de Veteranos, quien no asiste a eventos como el discurso del Estado de la Uni\u00f3n u otros que ameriten la presencia de los m\u00e1s altos funcionarios.<\/p>\n<p class=\"a-read-more\"><span class=\"a-read-more__label\">Leer tambi\u00e9n<\/span><a href=\"https:\/\/www.france24.com\/es\/ee-uu-y-canad\u00e1\/20260426-el-sospechoso-ten\u00eda-como-objetivo-a-funcionarios-de-la-administraci\u00f3n-trump-seg\u00fan-el-fiscal-general\" target=\"_self\" class=\"a-read-more__link\">Dirigentes internacionales condenan intento de ataque en Washington y expresan solidaridad con Trump<\/a><\/p>\n<h2><strong>\u201cUna conversaci\u00f3n que tendr\u00e1 lugar\u201d<\/strong><\/h2>\n<p>El caos institucional que pudo haberse producido si Cole Tomas Allen hubiera completado su misi\u00f3n de \u201casesino federal amigable\u201d (como \u00e9l la denomin\u00f3 en un manifiesto que comparti\u00f3 con miembros de su familia), seguramente obligar\u00e1 a revisar los procedimientos para el futuro.<\/p>\n<p>En ocasi\u00f3n del atentado contra el expresidente Ronald Reagan en 1981 (que tuvo lugar, curiosamente, a la salida del mismo escenario del incidente del s\u00e1bado, el hotel Washington Hilton), ya se vivi\u00f3 una situaci\u00f3n de incertidumbre, precisamente por la falta de claridad en torno al sobreviviente designado.<\/p>\n<p>En esa oportunidad, el secretario de Estado Alexander Haig asegur\u00f3 que era \u00e9l quien estaba \u201cen control aqu\u00ed\u201d, refiri\u00e9ndose a la Casa Blanca, mientras el vicepresidente George W. H. Bush volaba desde Fort Worth, Texas, para ponerse al mando.&nbsp;<\/p>\n<div class=\"m-em-image\">\n<figure class=\"m-item-image m-item-image--original m-item-image--has-caption\"> <picture class=\"a-picture a-picture--original\"><source type=\"image\/webp\" srcset=\"https:\/\/s.france24.com\/media\/display\/388c4402-42a1-11f1-9bf9-005056bf30b7\/w:246\/AP266873625665.webp 246w, https:\/\/s.france24.com\/media\/display\/388c4402-42a1-11f1-9bf9-005056bf30b7\/w:388\/AP266873625665.webp 388w, https:\/\/s.france24.com\/media\/display\/388c4402-42a1-11f1-9bf9-005056bf30b7\/w:720\/AP266873625665.webp 720w, https:\/\/s.france24.com\/media\/display\/388c4402-42a1-11f1-9bf9-005056bf30b7\/w:980\/AP266873625665.webp 980w\" sizes=\"(max-width: 1023px) calc(100vw - 32px), (min-width: 1024px) 850px\"><img fetchpriority=\"low\" decoding=\"async\" src=\"https:\/\/s.france24.com\/media\/display\/388c4402-42a1-11f1-9bf9-005056bf30b7\/w:980\/AP266873625665.jpg\" srcset=\"https:\/\/s.france24.com\/media\/display\/388c4402-42a1-11f1-9bf9-005056bf30b7\/w:246\/AP266873625665.jpg 246w, https:\/\/s.france24.com\/media\/display\/388c4402-42a1-11f1-9bf9-005056bf30b7\/w:388\/AP266873625665.jpg 388w, https:\/\/s.france24.com\/media\/display\/388c4402-42a1-11f1-9bf9-005056bf30b7\/w:720\/AP266873625665.jpg 720w, https:\/\/s.france24.com\/media\/display\/388c4402-42a1-11f1-9bf9-005056bf30b7\/w:980\/AP266873625665.jpg 980w\" sizes=\"(max-width: 1023px) calc(100vw - 32px), (min-width: 1024px) 850px\" alt=\"Imagen de archivo que muestra al exmandatario estadounidense Ronald Reagan siendo llevado a la limusina presidencial por agentes del Servicio Secreto, luego de haber recibido un disparo. Washington DC, 30 de marzo de 1981.\" loading=\"lazy\" class=\"a-img \">\n<\/picture><figcaption class=\"a-figcaption\"> <span>Imagen de archivo que muestra al exmandatario estadounidense Ronald Reagan siendo llevado a la limusina presidencial por agentes del Servicio Secreto, luego de haber recibido un disparo. Washington DC, 30 de marzo de 1981.<\/span> <span>AP &#8211; Ron Edmonds<\/span> <\/figcaption><\/figure>\n<\/p><\/div>\n<p>En realidad, hab\u00eda otros dos funcionarios antes que \u00e9l en la fila para quedar a cargo mientras llegaba Bush: el presidente de la C\u00e1mara de Representantes, Tip O&#8217;Neill, y el presidente pro tempore del Senado, Strom Thurmond.<\/p>\n<p>La secretaria de Prensa Karoline Leavitt confirm\u00f3 este 27 de abril que el tema del sobreviviente designado se hab\u00eda tratado antes del evento del s\u00e1bado, pero reconoci\u00f3 que no se hab\u00eda tomado una decisi\u00f3n.<\/p>\n<blockquote class=\"quote\" readability=\"11\">\n<p>\u00abEsas conversaciones previas a la cena de la WHCA (Asociaci\u00f3n de Corresponsales de la Casa Blanca) s\u00ed tuvieron lugar, pero hubo varios miembros del Gabinete en la l\u00ednea de sucesi\u00f3n que no asistieron por diversas razones personales. As\u00ed que no era necesario designar a un superviviente, ya que tenemos varios miembros que a\u00fan no estaban all\u00ed\u00bb, explic\u00f3.<\/p>\n<\/blockquote>\n<p>De cara a una pr\u00f3xima vez, puede ser diferente. Leavitt asegur\u00f3 que Trump estar\u00e1 presente si el encuentro se logra reprogramar, pero no pudo decir lo mismo de J.D. Vance.<\/p>\n<p>\u00abLes puedo asegurar que el presidente tiene la intenci\u00f3n de asistir al evento, tal como les ha dicho a todos ustedes p\u00fablicamente. No quiero confirmar ni descartar la asistencia del vicepresidente, pero ciertamente esa es una conversaci\u00f3n que tendr\u00e1 lugar\u00bb, apunt\u00f3 la vocera de la Casa Blanca.<\/p>\n<p class=\"a-read-more\"><span class=\"a-read-more__label\">Leer tambi\u00e9n<\/span><a href=\"https:\/\/www.france24.com\/es\/ee-uu-y-canad\u00e1\/20260427-el-atacante-de-la-cena-de-corresponsales-con-trump-comparece-este-lunes-ante-el-juez\" target=\"_self\" class=\"a-read-more__link\">El sospechoso del tiroteo en una cena de periodistas es acusado de intentar asesinar a Trump<\/a><\/p>\n<p>Con Reuters y EFE<\/p>\n","protected":false},"excerpt":{"rendered":"<p>Donald Trump volvi\u00f3 a ser blanco de&#46;&#46;&#46;<\/p>\n","protected":false},"author":1,"featured_media":160672,"comment_status":"closed","ping_status":"closed","sticky":false,"template":"","format":"standard","meta":{"_jetpack_memberships_contains_paid_content":false,"footnotes":"","jetpack_publicize_message":"","jetpack_publicize_feature_enabled":true,"jetpack_social_post_already_shared":true,"jetpack_social_options":{"image_generator_settings":{"template":"highway","default_image_id":0,"font":"","enabled":false},"version":2}},"categories":[43],"tags":[],"class_list":["post-160671","post","type-post","status-publish","format-standard","has-post-thumbnail","hentry","category-internacionales"],"yoast_head":"<!-- This site is optimized with the Yoast SEO plugin v27.3 - https:\/\/yoast.com\/product\/yoast-seo-wordpress\/ -->\n<title>El sobreviviente designado: \u00bfc\u00f3mo ser\u00eda la sucesi\u00f3n si muere de repente el presidente de EE. UU.? - Sarmiento24h<\/title>\n<meta name=\"robots\" content=\"index, follow, max-snippet:-1, max-image-preview:large, max-video-preview:-1\" \/>\n<link rel=\"canonical\" href=\"https:\/\/sarmiento24h.com\/?p=160671\" \/>\n<meta property=\"og:locale\" content=\"es_ES\" \/>\n<meta property=\"og:type\" content=\"article\" \/>\n<meta property=\"og:title\" content=\"El sobreviviente designado: \u00bfc\u00f3mo ser\u00eda la sucesi\u00f3n si muere de repente el presidente de EE. UU.? - Sarmiento24h\" \/>\n<meta property=\"og:description\" content=\"Donald Trump volvi\u00f3 a ser blanco de&#046;&#046;&#046;\" \/>\n<meta property=\"og:url\" content=\"https:\/\/sarmiento24h.com\/?p=160671\" \/>\n<meta property=\"og:site_name\" content=\"Sarmiento24h\" \/>\n<meta property=\"article:publisher\" content=\"https:\/\/facebook.com\/s24hnoticias\" \/>\n<meta property=\"article:published_time\" content=\"2026-04-28T06:47:08+00:00\" \/>\n<meta property=\"og:image\" content=\"https:\/\/s.france24.com\/media\/display\/44720c52-428d-11f1-9a36-005056a97e36\/w:1024\/p:16x9\/ES-20260427-131635-132444-CS.jpg\" \/>\n<meta name=\"author\" content=\"sarmiento24h@gmail.com\" \/>\n<meta name=\"twitter:card\" content=\"summary_large_image\" \/>\n<meta name=\"twitter:creator\" content=\"@sarmiento24h\" \/>\n<meta name=\"twitter:site\" content=\"@sarmiento24h\" \/>\n<meta name=\"twitter:label1\" content=\"Escrito por\" \/>\n\t<meta name=\"twitter:data1\" content=\"sarmiento24h@gmail.com\" \/>\n\t<meta name=\"twitter:label2\" content=\"Tiempo de lectura\" \/>\n\t<meta name=\"twitter:data2\" content=\"7 minutos\" \/>\n<script type=\"application\/ld+json\" class=\"yoast-schema-graph\">{\"@context\":\"https:\\\/\\\/schema.org\",\"@graph\":[{\"@type\":\"Article\",\"@id\":\"https:\\\/\\\/sarmiento24h.com\\\/?p=160671#article\",\"isPartOf\":{\"@id\":\"https:\\\/\\\/sarmiento24h.com\\\/?p=160671\"},\"author\":{\"name\":\"sarmiento24h@gmail.com\",\"@id\":\"https:\\\/\\\/sarmiento24h.com\\\/#\\\/schema\\\/person\\\/d653a59725ad629a7e0429af7b939d4d\"},\"headline\":\"El sobreviviente designado: \u00bfc\u00f3mo ser\u00eda la sucesi\u00f3n si muere de repente el presidente de EE. UU.?\",\"datePublished\":\"2026-04-28T06:47:08+00:00\",\"mainEntityOfPage\":{\"@id\":\"https:\\\/\\\/sarmiento24h.com\\\/?p=160671\"},\"wordCount\":1436,\"publisher\":{\"@id\":\"https:\\\/\\\/sarmiento24h.com\\\/#organization\"},\"image\":{\"@id\":\"https:\\\/\\\/sarmiento24h.com\\\/?p=160671#primaryimage\"},\"thumbnailUrl\":\"https:\\\/\\\/sarmiento24h.com\\\/wp-content\\\/uploads\\\/2026\\\/04\\\/el-sobreviviente-designado-como-seria-la-sucesion-si-muere-de-repente-el-presidente-de-ee-uu.jpg\",\"articleSection\":[\"Internacionales\"],\"inLanguage\":\"es\"},{\"@type\":\"WebPage\",\"@id\":\"https:\\\/\\\/sarmiento24h.com\\\/?p=160671\",\"url\":\"https:\\\/\\\/sarmiento24h.com\\\/?p=160671\",\"name\":\"El sobreviviente designado: \u00bfc\u00f3mo ser\u00eda la sucesi\u00f3n si muere de repente el presidente de EE. UU.? - Sarmiento24h\",\"isPartOf\":{\"@id\":\"https:\\\/\\\/sarmiento24h.com\\\/#website\"},\"primaryImageOfPage\":{\"@id\":\"https:\\\/\\\/sarmiento24h.com\\\/?p=160671#primaryimage\"},\"image\":{\"@id\":\"https:\\\/\\\/sarmiento24h.com\\\/?p=160671#primaryimage\"},\"thumbnailUrl\":\"https:\\\/\\\/sarmiento24h.com\\\/wp-content\\\/uploads\\\/2026\\\/04\\\/el-sobreviviente-designado-como-seria-la-sucesion-si-muere-de-repente-el-presidente-de-ee-uu.jpg\",\"datePublished\":\"2026-04-28T06:47:08+00:00\",\"breadcrumb\":{\"@id\":\"https:\\\/\\\/sarmiento24h.com\\\/?p=160671#breadcrumb\"},\"inLanguage\":\"es\",\"potentialAction\":[{\"@type\":\"ReadAction\",\"target\":[\"https:\\\/\\\/sarmiento24h.com\\\/?p=160671\"]}]},{\"@type\":\"ImageObject\",\"inLanguage\":\"es\",\"@id\":\"https:\\\/\\\/sarmiento24h.com\\\/?p=160671#primaryimage\",\"url\":\"https:\\\/\\\/sarmiento24h.com\\\/wp-content\\\/uploads\\\/2026\\\/04\\\/el-sobreviviente-designado-como-seria-la-sucesion-si-muere-de-repente-el-presidente-de-ee-uu.jpg\",\"contentUrl\":\"https:\\\/\\\/sarmiento24h.com\\\/wp-content\\\/uploads\\\/2026\\\/04\\\/el-sobreviviente-designado-como-seria-la-sucesion-si-muere-de-repente-el-presidente-de-ee-uu.jpg\",\"width\":1024,\"height\":576},{\"@type\":\"BreadcrumbList\",\"@id\":\"https:\\\/\\\/sarmiento24h.com\\\/?p=160671#breadcrumb\",\"itemListElement\":[{\"@type\":\"ListItem\",\"position\":1,\"name\":\"Home\",\"item\":\"https:\\\/\\\/sarmiento24h.com\\\/\"},{\"@type\":\"ListItem\",\"position\":2,\"name\":\"El sobreviviente designado: \u00bfc\u00f3mo ser\u00eda la sucesi\u00f3n si muere de repente el presidente de EE. UU.?\"}]},{\"@type\":\"WebSite\",\"@id\":\"https:\\\/\\\/sarmiento24h.com\\\/#website\",\"url\":\"https:\\\/\\\/sarmiento24h.com\\\/\",\"name\":\"Sarmiento24h\",\"description\":\"\",\"publisher\":{\"@id\":\"https:\\\/\\\/sarmiento24h.com\\\/#organization\"},\"potentialAction\":[{\"@type\":\"SearchAction\",\"target\":{\"@type\":\"EntryPoint\",\"urlTemplate\":\"https:\\\/\\\/sarmiento24h.com\\\/?s={search_term_string}\"},\"query-input\":{\"@type\":\"PropertyValueSpecification\",\"valueRequired\":true,\"valueName\":\"search_term_string\"}}],\"inLanguage\":\"es\"},{\"@type\":\"Organization\",\"@id\":\"https:\\\/\\\/sarmiento24h.com\\\/#organization\",\"name\":\"Sarmiento24h\",\"url\":\"https:\\\/\\\/sarmiento24h.com\\\/\",\"logo\":{\"@type\":\"ImageObject\",\"inLanguage\":\"es\",\"@id\":\"https:\\\/\\\/sarmiento24h.com\\\/#\\\/schema\\\/logo\\\/image\\\/\",\"url\":\"https:\\\/\\\/sarmiento24h.com\\\/wp-content\\\/uploads\\\/2025\\\/12\\\/AddText_12-16-10.30.52.jpg\",\"contentUrl\":\"https:\\\/\\\/sarmiento24h.com\\\/wp-content\\\/uploads\\\/2025\\\/12\\\/AddText_12-16-10.30.52.jpg\",\"width\":1220,\"height\":324,\"caption\":\"Sarmiento24h\"},\"image\":{\"@id\":\"https:\\\/\\\/sarmiento24h.com\\\/#\\\/schema\\\/logo\\\/image\\\/\"},\"sameAs\":[\"https:\\\/\\\/facebook.com\\\/s24hnoticias\",\"https:\\\/\\\/x.com\\\/sarmiento24h\"]},{\"@type\":\"Person\",\"@id\":\"https:\\\/\\\/sarmiento24h.com\\\/#\\\/schema\\\/person\\\/d653a59725ad629a7e0429af7b939d4d\",\"name\":\"sarmiento24h@gmail.com\",\"image\":{\"@type\":\"ImageObject\",\"inLanguage\":\"es\",\"@id\":\"https:\\\/\\\/sarmiento24h.com\\\/wp-content\\\/litespeed\\\/avatar\\\/d02cbc4e23c747e6659cd45907173c8f.jpg?ver=1777157796\",\"url\":\"https:\\\/\\\/sarmiento24h.com\\\/wp-content\\\/litespeed\\\/avatar\\\/d02cbc4e23c747e6659cd45907173c8f.jpg?ver=1777157796\",\"contentUrl\":\"https:\\\/\\\/sarmiento24h.com\\\/wp-content\\\/litespeed\\\/avatar\\\/d02cbc4e23c747e6659cd45907173c8f.jpg?ver=1777157796\",\"caption\":\"sarmiento24h@gmail.com\"},\"sameAs\":[\"https:\\\/\\\/sarmiento24h.com\"],\"url\":\"https:\\\/\\\/sarmiento24h.com\\\/?author=1\"}]}<\/script>\n<!-- \/ Yoast SEO plugin. -->","yoast_head_json":{"title":"El sobreviviente designado: \u00bfc\u00f3mo ser\u00eda la sucesi\u00f3n si muere de repente el presidente de EE. UU.? - Sarmiento24h","robots":{"index":"index","follow":"follow","max-snippet":"max-snippet:-1","max-image-preview":"max-image-preview:large","max-video-preview":"max-video-preview:-1"},"canonical":"https:\/\/sarmiento24h.com\/?p=160671","og_locale":"es_ES","og_type":"article","og_title":"El sobreviviente designado: \u00bfc\u00f3mo ser\u00eda la sucesi\u00f3n si muere de repente el presidente de EE. UU.? - Sarmiento24h","og_description":"Donald Trump volvi\u00f3 a ser blanco de&#46;&#46;&#46;","og_url":"https:\/\/sarmiento24h.com\/?p=160671","og_site_name":"Sarmiento24h","article_publisher":"https:\/\/facebook.com\/s24hnoticias","article_published_time":"2026-04-28T06:47:08+00:00","og_image":[{"url":"https:\/\/s.france24.com\/media\/display\/44720c52-428d-11f1-9a36-005056a97e36\/w:1024\/p:16x9\/ES-20260427-131635-132444-CS.jpg","type":"","width":"","height":""}],"author":"sarmiento24h@gmail.com","twitter_card":"summary_large_image","twitter_creator":"@sarmiento24h","twitter_site":"@sarmiento24h","twitter_misc":{"Escrito por":"sarmiento24h@gmail.com","Tiempo de lectura":"7 minutos"},"schema":{"@context":"https:\/\/schema.org","@graph":[{"@type":"Article","@id":"https:\/\/sarmiento24h.com\/?p=160671#article","isPartOf":{"@id":"https:\/\/sarmiento24h.com\/?p=160671"},"author":{"name":"sarmiento24h@gmail.com","@id":"https:\/\/sarmiento24h.com\/#\/schema\/person\/d653a59725ad629a7e0429af7b939d4d"},"headline":"El sobreviviente designado: \u00bfc\u00f3mo ser\u00eda la sucesi\u00f3n si muere de repente el presidente de EE. UU.?","datePublished":"2026-04-28T06:47:08+00:00","mainEntityOfPage":{"@id":"https:\/\/sarmiento24h.com\/?p=160671"},"wordCount":1436,"publisher":{"@id":"https:\/\/sarmiento24h.com\/#organization"},"image":{"@id":"https:\/\/sarmiento24h.com\/?p=160671#primaryimage"},"thumbnailUrl":"https:\/\/sarmiento24h.com\/wp-content\/uploads\/2026\/04\/el-sobreviviente-designado-como-seria-la-sucesion-si-muere-de-repente-el-presidente-de-ee-uu.jpg","articleSection":["Internacionales"],"inLanguage":"es"},{"@type":"WebPage","@id":"https:\/\/sarmiento24h.com\/?p=160671","url":"https:\/\/sarmiento24h.com\/?p=160671","name":"El sobreviviente designado: \u00bfc\u00f3mo ser\u00eda la sucesi\u00f3n si muere de repente el presidente de EE. UU.? - Sarmiento24h","isPartOf":{"@id":"https:\/\/sarmiento24h.com\/#website"},"primaryImageOfPage":{"@id":"https:\/\/sarmiento24h.com\/?p=160671#primaryimage"},"image":{"@id":"https:\/\/sarmiento24h.com\/?p=160671#primaryimage"},"thumbnailUrl":"https:\/\/sarmiento24h.com\/wp-content\/uploads\/2026\/04\/el-sobreviviente-designado-como-seria-la-sucesion-si-muere-de-repente-el-presidente-de-ee-uu.jpg","datePublished":"2026-04-28T06:47:08+00:00","breadcrumb":{"@id":"https:\/\/sarmiento24h.com\/?p=160671#breadcrumb"},"inLanguage":"es","potentialAction":[{"@type":"ReadAction","target":["https:\/\/sarmiento24h.com\/?p=160671"]}]},{"@type":"ImageObject","inLanguage":"es","@id":"https:\/\/sarmiento24h.com\/?p=160671#primaryimage","url":"https:\/\/sarmiento24h.com\/wp-content\/uploads\/2026\/04\/el-sobreviviente-designado-como-seria-la-sucesion-si-muere-de-repente-el-presidente-de-ee-uu.jpg","contentUrl":"https:\/\/sarmiento24h.com\/wp-content\/uploads\/2026\/04\/el-sobreviviente-designado-como-seria-la-sucesion-si-muere-de-repente-el-presidente-de-ee-uu.jpg","width":1024,"height":576},{"@type":"BreadcrumbList","@id":"https:\/\/sarmiento24h.com\/?p=160671#breadcrumb","itemListElement":[{"@type":"ListItem","position":1,"name":"Home","item":"https:\/\/sarmiento24h.com\/"},{"@type":"ListItem","position":2,"name":"El sobreviviente designado: \u00bfc\u00f3mo ser\u00eda la sucesi\u00f3n si muere de repente el presidente de EE. UU.?"}]},{"@type":"WebSite","@id":"https:\/\/sarmiento24h.com\/#website","url":"https:\/\/sarmiento24h.com\/","name":"Sarmiento24h","description":"","publisher":{"@id":"https:\/\/sarmiento24h.com\/#organization"},"potentialAction":[{"@type":"SearchAction","target":{"@type":"EntryPoint","urlTemplate":"https:\/\/sarmiento24h.com\/?s={search_term_string}"},"query-input":{"@type":"PropertyValueSpecification","valueRequired":true,"valueName":"search_term_string"}}],"inLanguage":"es"},{"@type":"Organization","@id":"https:\/\/sarmiento24h.com\/#organization","name":"Sarmiento24h","url":"https:\/\/sarmiento24h.com\/","logo":{"@type":"ImageObject","inLanguage":"es","@id":"https:\/\/sarmiento24h.com\/#\/schema\/logo\/image\/","url":"https:\/\/sarmiento24h.com\/wp-content\/uploads\/2025\/12\/AddText_12-16-10.30.52.jpg","contentUrl":"https:\/\/sarmiento24h.com\/wp-content\/uploads\/2025\/12\/AddText_12-16-10.30.52.jpg","width":1220,"height":324,"caption":"Sarmiento24h"},"image":{"@id":"https:\/\/sarmiento24h.com\/#\/schema\/logo\/image\/"},"sameAs":["https:\/\/facebook.com\/s24hnoticias","https:\/\/x.com\/sarmiento24h"]},{"@type":"Person","@id":"https:\/\/sarmiento24h.com\/#\/schema\/person\/d653a59725ad629a7e0429af7b939d4d","name":"sarmiento24h@gmail.com","image":{"@type":"ImageObject","inLanguage":"es","@id":"https:\/\/sarmiento24h.com\/wp-content\/litespeed\/avatar\/d02cbc4e23c747e6659cd45907173c8f.jpg?ver=1777157796","url":"https:\/\/sarmiento24h.com\/wp-content\/litespeed\/avatar\/d02cbc4e23c747e6659cd45907173c8f.jpg?ver=1777157796","contentUrl":"https:\/\/sarmiento24h.com\/wp-content\/litespeed\/avatar\/d02cbc4e23c747e6659cd45907173c8f.jpg?ver=1777157796","caption":"sarmiento24h@gmail.com"},"sameAs":["https:\/\/sarmiento24h.com"],"url":"https:\/\/sarmiento24h.com\/?author=1"}]}},"jetpack_publicize_connections":[],"jetpack_featured_media_url":"https:\/\/sarmiento24h.com\/wp-content\/uploads\/2026\/04\/el-sobreviviente-designado-como-seria-la-sucesion-si-muere-de-repente-el-presidente-de-ee-uu.jpg","jetpack_sharing_enabled":true,"_links":{"self":[{"href":"https:\/\/sarmiento24h.com\/index.php?rest_route=\/wp\/v2\/posts\/160671","targetHints":{"allow":["GET"]}}],"collection":[{"href":"https:\/\/sarmiento24h.com\/index.php?rest_route=\/wp\/v2\/posts"}],"about":[{"href":"https:\/\/sarmiento24h.com\/index.php?rest_route=\/wp\/v2\/types\/post"}],"author":[{"embeddable":true,"href":"https:\/\/sarmiento24h.com\/index.php?rest_route=\/wp\/v2\/users\/1"}],"replies":[{"embeddable":true,"href":"https:\/\/sarmiento24h.com\/index.php?rest_route=%2Fwp%2Fv2%2Fcomments&post=160671"}],"version-history":[{"count":0,"href":"https:\/\/sarmiento24h.com\/index.php?rest_route=\/wp\/v2\/posts\/160671\/revisions"}],"wp:featuredmedia":[{"embeddable":true,"href":"https:\/\/sarmiento24h.com\/index.php?rest_route=\/wp\/v2\/media\/160672"}],"wp:attachment":[{"href":"https:\/\/sarmiento24h.com\/index.php?rest_route=%2Fwp%2Fv2%2Fmedia&parent=160671"}],"wp:term":[{"taxonomy":"category","embeddable":true,"href":"https:\/\/sarmiento24h.com\/index.php?rest_route=%2Fwp%2Fv2%2Fcategories&post=160671"},{"taxonomy":"post_tag","embeddable":true,"href":"https:\/\/sarmiento24h.com\/index.php?rest_route=%2Fwp%2Fv2%2Ftags&post=160671"}],"curies":[{"name":"wp","href":"https:\/\/api.w.org\/{rel}","templated":true}]}}