{"id":160781,"date":"2026-04-28T07:47:30","date_gmt":"2026-04-28T07:47:30","guid":{"rendered":"http:\/\/almomento.net\/?p=1115281"},"modified":"2026-04-28T07:47:30","modified_gmt":"2026-04-28T07:47:30","slug":"gobierno-inaugura-circuito-vial-bajo-yuna-y-carretera-en-nagua","status":"publish","type":"post","link":"https:\/\/sarmiento24h.com\/?p=160781","title":{"rendered":"Gobierno inaugura circuito vial Bajo Yuna y carretera en Nagua"},"content":{"rendered":"<p dir=\"auto\">SAN FRANCISCO DE MACORIS.- El presidente Luis Abinader encabez\u00f3 este domingo la reinauguraci\u00f3n de varias carreteras en la zona del Bajo Yuna,&nbsp; en las provincias Duarte y Mar\u00eda Trinidad S\u00e1nchez, en el nordeste de la Rep\u00fablica Dominicana.<\/p>\n<p dir=\"auto\">Se trata de un conjunto, que ha sido denominado por el Gobierno \u00abCircuito Vial Bajo Yuna\u00bb,&nbsp; que abarca 49.2 kil\u00f3metros y mejora la comunicaci\u00f3n terrestre entre siete comunidades agr\u00edcolas.<\/p>\n<p dir=\"auto\"><strong>ABINADER DESTACA SUS OBRAS<\/strong><\/p>\n<p dir=\"auto\">Abinader dijo que nunca antes se hab\u00edan acondicionado tantas carreteras como en la actualidad por lo que -a su juicio- se contin\u00faan acortando distancias entre comunidades de todo el pa\u00eds.<\/p>\n<p dir=\"auto\"><strong>IMPORTANCIA DE VIAS<\/strong><\/p>\n<p dir=\"auto\">El ministro de Obras P\u00fablicas, Eduardo Estrella, subray\u00f3 que el circuito llega en un momento clave en que ha aumentado la producci\u00f3n de arroz y eliminado trabas para su transporte.<\/p>\n<p dir=\"auto\">\u00abEstamos llenos de v\u00edas que comunican unas comunidades con otras y mejoran la calidad de vida de la gente\u00bb, dijo.<\/p>\n<p dir=\"auto\"><img loading=\"lazy\" decoding=\"async\" class=\"wp-image-1115282 alignleft\" src=\"https:\/\/almomento.net\/wp-content\/uploads\/2026\/04\/otra-300x190.jpg\" alt width=\"474\" height=\"300\" srcset=\"https:\/\/almomento.net\/wp-content\/uploads\/2026\/04\/otra-300x190.jpg 300w, https:\/\/almomento.net\/wp-content\/uploads\/2026\/04\/otra-150x95.jpg 150w, https:\/\/almomento.net\/wp-content\/uploads\/2026\/04\/otra-395x250.jpg 395w, https:\/\/almomento.net\/wp-content\/uploads\/2026\/04\/otra.jpg 660w\" sizes=\"auto, (max-width: 474px) 100vw, 474px\"><\/p>\n<p dir=\"auto\"><strong>CARRETERA MATA BONITA-LOS MEMISOS<\/strong><\/p>\n<div dir=\"auto\" readability=\"33\">\n<p dir=\"auto\">Posteriormente, el Mandatario entreg\u00f3 la carretera Mata Bonita\u2013Los Memisos, de 13.8 kil\u00f3metros, en el distrito municipal Las Gordas, del municipio de Nagua, construida por la Empresa de Generaci\u00f3n Hidroel\u00e9ctrica Dominicana (EGEHID).<\/p>\n<p dir=\"auto\">La v\u00eda, en la cual fueron invertidos&nbsp; RD$281 millones, beneficia las comunidades&nbsp; Los Memisos, Mata Bonita, Los Guayabitos, Las Catalinas y otras zonas.<\/p>\n<p dir=\"auto\"><strong>ASISTENTES&nbsp;<\/strong><\/p>\n<p dir=\"auto\">Estuvieron presentes en los actos el senador Alexis Victoria Yeb, el gerente del Banco de Desarrollo y Exportaciones, Catalino Correa Hiciano; el director de Infraestructura Escolar, Roberto Herrera; los alcaldes del municipio de Nagua, Junior Peralta y del distrito municipal Las Gordas, Julio C\u00e9sar de la Cruz, los diputados Jes\u00fas Stalyn V\u00e1zquez y Jorge Cavoli.<\/p>\n<p dir=\"auto\">of-am-sp<\/p>\n<\/div>\n<div class=\"heateor_sss_sharing_container heateor_sss_horizontal_sharing\" data-heateor-sss-href=\"https:\/\/almomento.net\/abinader-inagura-circuito-vial-bajo-yuna-y-carretera-en-nagua\/\" readability=\"7\">\n<p>Comp\u00e1rtelo en tus redes:<\/p>\n<\/div>\n<p> <!-- 468x60 --><br \/>\n<ins class=\"adsbygoogle\" data-ad-client=\"ca-pub-3511341636159665\" data-ad-slot=\"3538255450\"><\/ins> <!-- .entry-content --> <\/p>\n","protected":false},"excerpt":{"rendered":"<p>SAN FRANCISCO DE MACORIS.- El presidente Luis&#46;&#46;&#46;<\/p>\n","protected":false},"author":1,"featured_media":160782,"comment_status":"closed","ping_status":"closed","sticky":false,"template":"","format":"standard","meta":{"_jetpack_memberships_contains_paid_content":false,"footnotes":"","jetpack_publicize_message":"","jetpack_publicize_feature_enabled":true,"jetpack_social_post_already_shared":true,"jetpack_social_options":{"image_generator_settings":{"template":"highway","default_image_id":0,"font":"","enabled":false},"version":2}},"categories":[60],"tags":[],"class_list":["post-160781","post","type-post","status-publish","format-standard","has-post-thumbnail","hentry","category-economicas"],"yoast_head":"<!-- This site is optimized with the Yoast SEO plugin v27.3 - https:\/\/yoast.com\/product\/yoast-seo-wordpress\/ -->\n<title>Gobierno inaugura circuito vial Bajo Yuna y carretera en Nagua - Sarmiento24h<\/title>\n<meta name=\"robots\" content=\"index, follow, max-snippet:-1, max-image-preview:large, max-video-preview:-1\" \/>\n<link rel=\"canonical\" href=\"https:\/\/sarmiento24h.com\/?p=160781\" \/>\n<meta property=\"og:locale\" content=\"es_ES\" \/>\n<meta property=\"og:type\" content=\"article\" \/>\n<meta property=\"og:title\" content=\"Gobierno inaugura circuito vial Bajo Yuna y carretera en Nagua - Sarmiento24h\" \/>\n<meta property=\"og:description\" content=\"SAN FRANCISCO DE MACORIS.- El presidente Luis&#046;&#046;&#046;\" \/>\n<meta property=\"og:url\" content=\"https:\/\/sarmiento24h.com\/?p=160781\" \/>\n<meta property=\"og:site_name\" content=\"Sarmiento24h\" \/>\n<meta property=\"article:publisher\" content=\"https:\/\/facebook.com\/s24hnoticias\" \/>\n<meta property=\"article:published_time\" content=\"2026-04-28T07:47:30+00:00\" \/>\n<meta name=\"author\" content=\"sarmiento24h@gmail.com\" \/>\n<meta name=\"twitter:card\" content=\"summary_large_image\" \/>\n<meta name=\"twitter:creator\" content=\"@sarmiento24h\" \/>\n<meta name=\"twitter:site\" content=\"@sarmiento24h\" \/>\n<meta name=\"twitter:label1\" content=\"Escrito por\" \/>\n\t<meta name=\"twitter:data1\" content=\"sarmiento24h@gmail.com\" \/>\n\t<meta name=\"twitter:label2\" content=\"Tiempo de lectura\" \/>\n\t<meta name=\"twitter:data2\" content=\"1 minuto\" \/>\n<script type=\"application\/ld+json\" class=\"yoast-schema-graph\">{\"@context\":\"https:\\\/\\\/schema.org\",\"@graph\":[{\"@type\":\"Article\",\"@id\":\"https:\\\/\\\/sarmiento24h.com\\\/?p=160781#article\",\"isPartOf\":{\"@id\":\"https:\\\/\\\/sarmiento24h.com\\\/?p=160781\"},\"author\":{\"name\":\"sarmiento24h@gmail.com\",\"@id\":\"https:\\\/\\\/sarmiento24h.com\\\/#\\\/schema\\\/person\\\/d653a59725ad629a7e0429af7b939d4d\"},\"headline\":\"Gobierno inaugura circuito vial Bajo Yuna y carretera en Nagua\",\"datePublished\":\"2026-04-28T07:47:30+00:00\",\"mainEntityOfPage\":{\"@id\":\"https:\\\/\\\/sarmiento24h.com\\\/?p=160781\"},\"wordCount\":308,\"publisher\":{\"@id\":\"https:\\\/\\\/sarmiento24h.com\\\/#organization\"},\"image\":{\"@id\":\"https:\\\/\\\/sarmiento24h.com\\\/?p=160781#primaryimage\"},\"thumbnailUrl\":\"https:\\\/\\\/sarmiento24h.com\\\/wp-content\\\/uploads\\\/2026\\\/04\\\/gobierno-inaugura-circuito-vial-bajo-yuna-y-carretera-en-nagua.jpg\",\"articleSection\":[\"Economicas\"],\"inLanguage\":\"es\"},{\"@type\":\"WebPage\",\"@id\":\"https:\\\/\\\/sarmiento24h.com\\\/?p=160781\",\"url\":\"https:\\\/\\\/sarmiento24h.com\\\/?p=160781\",\"name\":\"Gobierno inaugura circuito vial Bajo Yuna y carretera en Nagua - Sarmiento24h\",\"isPartOf\":{\"@id\":\"https:\\\/\\\/sarmiento24h.com\\\/#website\"},\"primaryImageOfPage\":{\"@id\":\"https:\\\/\\\/sarmiento24h.com\\\/?p=160781#primaryimage\"},\"image\":{\"@id\":\"https:\\\/\\\/sarmiento24h.com\\\/?p=160781#primaryimage\"},\"thumbnailUrl\":\"https:\\\/\\\/sarmiento24h.com\\\/wp-content\\\/uploads\\\/2026\\\/04\\\/gobierno-inaugura-circuito-vial-bajo-yuna-y-carretera-en-nagua.jpg\",\"datePublished\":\"2026-04-28T07:47:30+00:00\",\"breadcrumb\":{\"@id\":\"https:\\\/\\\/sarmiento24h.com\\\/?p=160781#breadcrumb\"},\"inLanguage\":\"es\",\"potentialAction\":[{\"@type\":\"ReadAction\",\"target\":[\"https:\\\/\\\/sarmiento24h.com\\\/?p=160781\"]}]},{\"@type\":\"ImageObject\",\"inLanguage\":\"es\",\"@id\":\"https:\\\/\\\/sarmiento24h.com\\\/?p=160781#primaryimage\",\"url\":\"https:\\\/\\\/sarmiento24h.com\\\/wp-content\\\/uploads\\\/2026\\\/04\\\/gobierno-inaugura-circuito-vial-bajo-yuna-y-carretera-en-nagua.jpg\",\"contentUrl\":\"https:\\\/\\\/sarmiento24h.com\\\/wp-content\\\/uploads\\\/2026\\\/04\\\/gobierno-inaugura-circuito-vial-bajo-yuna-y-carretera-en-nagua.jpg\",\"width\":300,\"height\":190},{\"@type\":\"BreadcrumbList\",\"@id\":\"https:\\\/\\\/sarmiento24h.com\\\/?p=160781#breadcrumb\",\"itemListElement\":[{\"@type\":\"ListItem\",\"position\":1,\"name\":\"Home\",\"item\":\"https:\\\/\\\/sarmiento24h.com\\\/\"},{\"@type\":\"ListItem\",\"position\":2,\"name\":\"Gobierno inaugura circuito vial Bajo Yuna y carretera en Nagua\"}]},{\"@type\":\"WebSite\",\"@id\":\"https:\\\/\\\/sarmiento24h.com\\\/#website\",\"url\":\"https:\\\/\\\/sarmiento24h.com\\\/\",\"name\":\"Sarmiento24h\",\"description\":\"\",\"publisher\":{\"@id\":\"https:\\\/\\\/sarmiento24h.com\\\/#organization\"},\"potentialAction\":[{\"@type\":\"SearchAction\",\"target\":{\"@type\":\"EntryPoint\",\"urlTemplate\":\"https:\\\/\\\/sarmiento24h.com\\\/?s={search_term_string}\"},\"query-input\":{\"@type\":\"PropertyValueSpecification\",\"valueRequired\":true,\"valueName\":\"search_term_string\"}}],\"inLanguage\":\"es\"},{\"@type\":\"Organization\",\"@id\":\"https:\\\/\\\/sarmiento24h.com\\\/#organization\",\"name\":\"Sarmiento24h\",\"url\":\"https:\\\/\\\/sarmiento24h.com\\\/\",\"logo\":{\"@type\":\"ImageObject\",\"inLanguage\":\"es\",\"@id\":\"https:\\\/\\\/sarmiento24h.com\\\/#\\\/schema\\\/logo\\\/image\\\/\",\"url\":\"https:\\\/\\\/sarmiento24h.com\\\/wp-content\\\/uploads\\\/2025\\\/12\\\/AddText_12-16-10.30.52.jpg\",\"contentUrl\":\"https:\\\/\\\/sarmiento24h.com\\\/wp-content\\\/uploads\\\/2025\\\/12\\\/AddText_12-16-10.30.52.jpg\",\"width\":1220,\"height\":324,\"caption\":\"Sarmiento24h\"},\"image\":{\"@id\":\"https:\\\/\\\/sarmiento24h.com\\\/#\\\/schema\\\/logo\\\/image\\\/\"},\"sameAs\":[\"https:\\\/\\\/facebook.com\\\/s24hnoticias\",\"https:\\\/\\\/x.com\\\/sarmiento24h\"]},{\"@type\":\"Person\",\"@id\":\"https:\\\/\\\/sarmiento24h.com\\\/#\\\/schema\\\/person\\\/d653a59725ad629a7e0429af7b939d4d\",\"name\":\"sarmiento24h@gmail.com\",\"image\":{\"@type\":\"ImageObject\",\"inLanguage\":\"es\",\"@id\":\"https:\\\/\\\/sarmiento24h.com\\\/wp-content\\\/litespeed\\\/avatar\\\/d02cbc4e23c747e6659cd45907173c8f.jpg?ver=1777157796\",\"url\":\"https:\\\/\\\/sarmiento24h.com\\\/wp-content\\\/litespeed\\\/avatar\\\/d02cbc4e23c747e6659cd45907173c8f.jpg?ver=1777157796\",\"contentUrl\":\"https:\\\/\\\/sarmiento24h.com\\\/wp-content\\\/litespeed\\\/avatar\\\/d02cbc4e23c747e6659cd45907173c8f.jpg?ver=1777157796\",\"caption\":\"sarmiento24h@gmail.com\"},\"sameAs\":[\"https:\\\/\\\/sarmiento24h.com\"],\"url\":\"https:\\\/\\\/sarmiento24h.com\\\/?author=1\"}]}<\/script>\n<!-- \/ Yoast SEO plugin. -->","yoast_head_json":{"title":"Gobierno inaugura circuito vial Bajo Yuna y carretera en Nagua - Sarmiento24h","robots":{"index":"index","follow":"follow","max-snippet":"max-snippet:-1","max-image-preview":"max-image-preview:large","max-video-preview":"max-video-preview:-1"},"canonical":"https:\/\/sarmiento24h.com\/?p=160781","og_locale":"es_ES","og_type":"article","og_title":"Gobierno inaugura circuito vial Bajo Yuna y carretera en Nagua - Sarmiento24h","og_description":"SAN FRANCISCO DE MACORIS.- El presidente Luis&#46;&#46;&#46;","og_url":"https:\/\/sarmiento24h.com\/?p=160781","og_site_name":"Sarmiento24h","article_publisher":"https:\/\/facebook.com\/s24hnoticias","article_published_time":"2026-04-28T07:47:30+00:00","author":"sarmiento24h@gmail.com","twitter_card":"summary_large_image","twitter_creator":"@sarmiento24h","twitter_site":"@sarmiento24h","twitter_misc":{"Escrito por":"sarmiento24h@gmail.com","Tiempo de lectura":"1 minuto"},"schema":{"@context":"https:\/\/schema.org","@graph":[{"@type":"Article","@id":"https:\/\/sarmiento24h.com\/?p=160781#article","isPartOf":{"@id":"https:\/\/sarmiento24h.com\/?p=160781"},"author":{"name":"sarmiento24h@gmail.com","@id":"https:\/\/sarmiento24h.com\/#\/schema\/person\/d653a59725ad629a7e0429af7b939d4d"},"headline":"Gobierno inaugura circuito vial Bajo Yuna y carretera en Nagua","datePublished":"2026-04-28T07:47:30+00:00","mainEntityOfPage":{"@id":"https:\/\/sarmiento24h.com\/?p=160781"},"wordCount":308,"publisher":{"@id":"https:\/\/sarmiento24h.com\/#organization"},"image":{"@id":"https:\/\/sarmiento24h.com\/?p=160781#primaryimage"},"thumbnailUrl":"https:\/\/sarmiento24h.com\/wp-content\/uploads\/2026\/04\/gobierno-inaugura-circuito-vial-bajo-yuna-y-carretera-en-nagua.jpg","articleSection":["Economicas"],"inLanguage":"es"},{"@type":"WebPage","@id":"https:\/\/sarmiento24h.com\/?p=160781","url":"https:\/\/sarmiento24h.com\/?p=160781","name":"Gobierno inaugura circuito vial Bajo Yuna y carretera en Nagua - Sarmiento24h","isPartOf":{"@id":"https:\/\/sarmiento24h.com\/#website"},"primaryImageOfPage":{"@id":"https:\/\/sarmiento24h.com\/?p=160781#primaryimage"},"image":{"@id":"https:\/\/sarmiento24h.com\/?p=160781#primaryimage"},"thumbnailUrl":"https:\/\/sarmiento24h.com\/wp-content\/uploads\/2026\/04\/gobierno-inaugura-circuito-vial-bajo-yuna-y-carretera-en-nagua.jpg","datePublished":"2026-04-28T07:47:30+00:00","breadcrumb":{"@id":"https:\/\/sarmiento24h.com\/?p=160781#breadcrumb"},"inLanguage":"es","potentialAction":[{"@type":"ReadAction","target":["https:\/\/sarmiento24h.com\/?p=160781"]}]},{"@type":"ImageObject","inLanguage":"es","@id":"https:\/\/sarmiento24h.com\/?p=160781#primaryimage","url":"https:\/\/sarmiento24h.com\/wp-content\/uploads\/2026\/04\/gobierno-inaugura-circuito-vial-bajo-yuna-y-carretera-en-nagua.jpg","contentUrl":"https:\/\/sarmiento24h.com\/wp-content\/uploads\/2026\/04\/gobierno-inaugura-circuito-vial-bajo-yuna-y-carretera-en-nagua.jpg","width":300,"height":190},{"@type":"BreadcrumbList","@id":"https:\/\/sarmiento24h.com\/?p=160781#breadcrumb","itemListElement":[{"@type":"ListItem","position":1,"name":"Home","item":"https:\/\/sarmiento24h.com\/"},{"@type":"ListItem","position":2,"name":"Gobierno inaugura circuito vial Bajo Yuna y carretera en Nagua"}]},{"@type":"WebSite","@id":"https:\/\/sarmiento24h.com\/#website","url":"https:\/\/sarmiento24h.com\/","name":"Sarmiento24h","description":"","publisher":{"@id":"https:\/\/sarmiento24h.com\/#organization"},"potentialAction":[{"@type":"SearchAction","target":{"@type":"EntryPoint","urlTemplate":"https:\/\/sarmiento24h.com\/?s={search_term_string}"},"query-input":{"@type":"PropertyValueSpecification","valueRequired":true,"valueName":"search_term_string"}}],"inLanguage":"es"},{"@type":"Organization","@id":"https:\/\/sarmiento24h.com\/#organization","name":"Sarmiento24h","url":"https:\/\/sarmiento24h.com\/","logo":{"@type":"ImageObject","inLanguage":"es","@id":"https:\/\/sarmiento24h.com\/#\/schema\/logo\/image\/","url":"https:\/\/sarmiento24h.com\/wp-content\/uploads\/2025\/12\/AddText_12-16-10.30.52.jpg","contentUrl":"https:\/\/sarmiento24h.com\/wp-content\/uploads\/2025\/12\/AddText_12-16-10.30.52.jpg","width":1220,"height":324,"caption":"Sarmiento24h"},"image":{"@id":"https:\/\/sarmiento24h.com\/#\/schema\/logo\/image\/"},"sameAs":["https:\/\/facebook.com\/s24hnoticias","https:\/\/x.com\/sarmiento24h"]},{"@type":"Person","@id":"https:\/\/sarmiento24h.com\/#\/schema\/person\/d653a59725ad629a7e0429af7b939d4d","name":"sarmiento24h@gmail.com","image":{"@type":"ImageObject","inLanguage":"es","@id":"https:\/\/sarmiento24h.com\/wp-content\/litespeed\/avatar\/d02cbc4e23c747e6659cd45907173c8f.jpg?ver=1777157796","url":"https:\/\/sarmiento24h.com\/wp-content\/litespeed\/avatar\/d02cbc4e23c747e6659cd45907173c8f.jpg?ver=1777157796","contentUrl":"https:\/\/sarmiento24h.com\/wp-content\/litespeed\/avatar\/d02cbc4e23c747e6659cd45907173c8f.jpg?ver=1777157796","caption":"sarmiento24h@gmail.com"},"sameAs":["https:\/\/sarmiento24h.com"],"url":"https:\/\/sarmiento24h.com\/?author=1"}]}},"jetpack_publicize_connections":[],"jetpack_featured_media_url":"https:\/\/sarmiento24h.com\/wp-content\/uploads\/2026\/04\/gobierno-inaugura-circuito-vial-bajo-yuna-y-carretera-en-nagua.jpg","jetpack_sharing_enabled":true,"_links":{"self":[{"href":"https:\/\/sarmiento24h.com\/index.php?rest_route=\/wp\/v2\/posts\/160781","targetHints":{"allow":["GET"]}}],"collection":[{"href":"https:\/\/sarmiento24h.com\/index.php?rest_route=\/wp\/v2\/posts"}],"about":[{"href":"https:\/\/sarmiento24h.com\/index.php?rest_route=\/wp\/v2\/types\/post"}],"author":[{"embeddable":true,"href":"https:\/\/sarmiento24h.com\/index.php?rest_route=\/wp\/v2\/users\/1"}],"replies":[{"embeddable":true,"href":"https:\/\/sarmiento24h.com\/index.php?rest_route=%2Fwp%2Fv2%2Fcomments&post=160781"}],"version-history":[{"count":0,"href":"https:\/\/sarmiento24h.com\/index.php?rest_route=\/wp\/v2\/posts\/160781\/revisions"}],"wp:featuredmedia":[{"embeddable":true,"href":"https:\/\/sarmiento24h.com\/index.php?rest_route=\/wp\/v2\/media\/160782"}],"wp:attachment":[{"href":"https:\/\/sarmiento24h.com\/index.php?rest_route=%2Fwp%2Fv2%2Fmedia&parent=160781"}],"wp:term":[{"taxonomy":"category","embeddable":true,"href":"https:\/\/sarmiento24h.com\/index.php?rest_route=%2Fwp%2Fv2%2Fcategories&post=160781"},{"taxonomy":"post_tag","embeddable":true,"href":"https:\/\/sarmiento24h.com\/index.php?rest_route=%2Fwp%2Fv2%2Ftags&post=160781"}],"curies":[{"name":"wp","href":"https:\/\/api.w.org\/{rel}","templated":true}]}}