{"id":161391,"date":"2026-04-28T13:37:36","date_gmt":"2026-04-28T13:37:36","guid":{"rendered":"http:\/\/0d6dba1a-4302-11f1-a7ce-71be85c15ee8"},"modified":"2026-04-28T13:37:36","modified_gmt":"2026-04-28T13:37:36","slug":"carlos-iii-apelara-a-la-unidad-ante-el-congreso-de-ee-uu-en-medio-de-tensiones-entre-londres-y-trump","status":"publish","type":"post","link":"https:\/\/sarmiento24h.com\/?p=161391","title":{"rendered":"Carlos III apelar\u00e1 a la unidad ante el Congreso de EE. UU. en medio de tensiones entre Londres y Trump"},"content":{"rendered":"<div><img decoding=\"async\" src=\"https:\/\/s.france24.com\/media\/display\/74503084-427e-11f1-a732-005056bfb2b6\/w:1280\/p:16x9\/01e8002155f10fed29c53edf48ace05f11312bae.jpg\" class=\"ff-og-image-inserted\"><\/div>\n<p>El rey <a target=\"_self\" href=\"https:\/\/www.france24.com\/es\/tag\/carlos-iii\/\" class=\"gtm-add-suggested-tag\">Carlos III<\/a> de <a target=\"_self\" href=\"https:\/\/www.france24.com\/es\/tag\/gran-breta\u00f1a\/\" class=\"gtm-add-suggested-tag\">Gran Breta\u00f1a<\/a> se dirigir\u00e1 al <a target=\"_self\" href=\"https:\/\/www.france24.com\/es\/tag\/congreso\/\" class=\"gtm-add-suggested-tag\">Congreso<\/a> de los EE. UU. este martes con un mensaje de unidad entre el Reino Unido y los Estados Unidos, promoviendo la \u00abrelaci\u00f3n especial\u00bb en un momento de divergencias entre el gobierno brit\u00e1nico y el presidente estadounidense, <a target=\"_self\" href=\"https:\/\/www.france24.com\/es\/tag\/donald-trump\/\" class=\"gtm-add-suggested-tag\">Donald Trump<\/a>, por la guerra de EE. UU. e Israel contra <a target=\"_self\" href=\"https:\/\/www.france24.com\/es\/tag\/ir\u00e1n\/\" class=\"gtm-add-suggested-tag\">Ir\u00e1n<\/a>.<\/p>\n<p>Carlos y la reina Camila se encuentran en una visita de Estado de cuatro d\u00edas, manteni\u00e9ndose al margen de las fisuras pol\u00edticas entre Trump y el primer ministro brit\u00e1nico, <a target=\"_self\" href=\"https:\/\/www.france24.com\/es\/tag\/keir-starmer\/\" class=\"gtm-add-suggested-tag\">Keir Starmer<\/a>, mientras subrayan los profundos lazos forjados entre <a target=\"_self\" href=\"https:\/\/www.france24.com\/es\/tag\/gran-breta\u00f1a\/\" class=\"gtm-add-suggested-tag\">Gran Breta\u00f1a<\/a> y su antigua colonia a lo largo de los 250 a\u00f1os transcurridos desde su independencia.<\/p>\n<p class=\"a-read-more\"><span class=\"a-read-more__label\">Leer tambi\u00e9n<\/span><a target=\"_self\" href=\"https:\/\/www.france24.com\/es\/ee-uu-y-canad\u00e1\/20260427-carlos-iii-mantiene-su-visita-a-ee-uu-pese-al-tiroteo-en-washington-y-en-un-momento-bajo-de-relaciones\" class=\"a-read-more__link\">Carlos III llega a EE. UU. pese al tiroteo en Washington y en un momento bajo en las relaciones<\/a><\/p>\n<p>El discurso del rey,<strong> programado para comenzar a las 3:00 p. m. EDT (19:00 GMT), ser\u00e1 apenas el segundo de un soberano brit\u00e1nico ante el Congreso de los EE. UU.<\/strong>, despu\u00e9s de que su madre, la reina Isabel II, hablara ante ambas c\u00e1maras en 1991. Es el evento central de la visita de Estado, la de mayor perfil en el reinado de Carlos, y ser\u00e1 seguido por una cena de Estado el martes por la noche.<\/p>\n<p>Se espera que <strong>el discurso dure unos 20 minutos y aborde temas como la <a target=\"_self\" href=\"https:\/\/www.france24.com\/es\/tag\/otan\/\" class=\"gtm-add-suggested-tag\">OTAN<\/a>, <a target=\"_self\" href=\"https:\/\/www.france24.com\/es\/tag\/oriente-medio\/\" class=\"gtm-add-suggested-tag\">Oriente Medio<\/a> y <a target=\"_self\" href=\"https:\/\/www.france24.com\/es\/tag\/ucrania\/\" class=\"gtm-add-suggested-tag\">Ucrania<\/a><\/strong>. Aunque fue escrito bajo el asesoramiento del gobierno brit\u00e1nico, gran parte del lenguaje y el tono provienen del propio Carlos, seg\u00fan inform\u00f3 una fuente del palacio.<\/p>\n<p>Su mensaje central se centrar\u00e1 en los desaf\u00edos que enfrentan ambas naciones, subrayando que ambos pa\u00edses pueden promover la seguridad y la prosperidad internacional defendiendo sus valores compartidos. \u00abUna y otra vez, nuestros dos pa\u00edses siempre han encontrado formas de unirse\u00bb, dir\u00e1 el rey, describiendo la asociaci\u00f3n como \u00abuna de las mayores alianzas en la historia de la humanidad\u00bb, seg\u00fan la fuente.<\/p>\n<p>Trump, un ferviente admirador de la familia real brit\u00e1nica que a menudo llama a Carlos un \u00abgran hombre\u00bb, ha chocado, no obstante, con el gobierno de Starmer. El primer ministro espera que la visita refuerce la relaci\u00f3n transatl\u00e1ntica, que se ha visto tensada en los \u00faltimos meses.<\/p>\n<p>La visita, planificada desde hace tiempo, se desarrolla en un contexto de tensiones por la guerra contra Ir\u00e1n, despu\u00e9s de que Trump criticara a <a target=\"_self\" href=\"https:\/\/www.france24.com\/es\/tag\/gran-breta\u00f1a\/\" class=\"gtm-add-suggested-tag\">Gran Breta\u00f1a<\/a> por negarse a apoyar la ofensiva.<\/p>\n<p>Aunque Trump ha suavizado sus cr\u00edticas recientemente, un correo interno del <a target=\"_self\" href=\"https:\/\/www.france24.com\/es\/tag\/pent\u00e1gono\/\" class=\"gtm-add-suggested-tag\">Pent\u00e1gono<\/a> que detalla c\u00f3mo <strong>Washington podr\u00eda revisar su posici\u00f3n sobre el reclamo brit\u00e1nico de las Islas <a target=\"_self\" href=\"https:\/\/www.france24.com\/es\/tag\/malvinas\/\" class=\"gtm-add-suggested-tag\">Malvinas<\/a> (Falkland Islands) <\/strong>ha generado preocupaci\u00f3n al otro lado del Atl\u00e1ntico.<\/p>\n<p>Trump tambi\u00e9n ha impuesto <a target=\"_self\" href=\"https:\/\/www.france24.com\/es\/tag\/aranceles\/\" class=\"gtm-add-suggested-tag\">aranceles<\/a> al Reino Unido y advirti\u00f3 de grav\u00e1menes adicionales, a pesar de un fallo de la Corte Suprema a principios de este a\u00f1o que dificulta tales movimientos unilaterales. La semana pasada, <strong>Trump amenaz\u00f3 con aplicar un \u00abgran arancel\u00bb si el Reino Unido no elimina un impuesto a los servicios digitales de las empresas tecnol\u00f3gicas estadounidenses.<\/strong><\/p>\n<p>La visita comenz\u00f3 el lunes cuando Carlos y Camila se reunieron con Trump y la primera dama, <a target=\"_self\" href=\"https:\/\/www.france24.com\/es\/tag\/melania-trump\/\" class=\"gtm-add-suggested-tag\">Melania Trump<\/a>, para un t\u00e9 privado en la Blanca, seguido de una recepci\u00f3n en la residencia del embajador brit\u00e1nico. El mi\u00e9rcoles, los monarcas estar\u00e1n en <a target=\"_self\" href=\"https:\/\/www.france24.com\/es\/tag\/nueva-york\/\" class=\"gtm-add-suggested-tag\">Nueva York<\/a> para conmemorar a las v\u00edctimas de los ataques del 11 de septiembre de 2001, y el viaje concluir\u00e1 en <a target=\"_self\" href=\"https:\/\/www.france24.com\/es\/tag\/virginia\/\" class=\"gtm-add-suggested-tag\">Virginia<\/a> el jueves.<\/p>\n<p>Carlos ha enfrentado algunos llamados en el Capitolio para reunirse con v\u00edctimas de <a target=\"_self\" href=\"https:\/\/www.france24.com\/es\/tag\/jeffrey-epstein\/\" class=\"gtm-add-suggested-tag\">Jeffrey Epstein<\/a> durante su estancia. No hay indicios de que lo haga, incluso mientras el esc\u00e1ndalo del financiero ca\u00eddo en desgracia ha alcanzado a su hermano, Andrew Mountbatten-Windsor, arrestado en febrero por acusaciones de conducta inapropiada que \u00e9l niega.<\/p>\n<p>Este art\u00edculo es una adaptaci\u00f3n de su <a target=\"_self\" href=\"https:\/\/www.france24.com\/en\/americas\/20260428-king-charles-expected-promote-us-uk-unity-speech-before-congress\">original en ingl\u00e9s&nbsp;<\/a><\/p>\n","protected":false},"excerpt":{"rendered":"<p>El rey Carlos III de Gran Breta\u00f1a&#46;&#46;&#46;<\/p>\n","protected":false},"author":1,"featured_media":161392,"comment_status":"closed","ping_status":"closed","sticky":false,"template":"","format":"standard","meta":{"_jetpack_memberships_contains_paid_content":false,"footnotes":"","jetpack_publicize_message":"","jetpack_publicize_feature_enabled":true,"jetpack_social_post_already_shared":true,"jetpack_social_options":{"image_generator_settings":{"template":"highway","default_image_id":0,"font":"","enabled":false},"version":2}},"categories":[43],"tags":[],"class_list":["post-161391","post","type-post","status-publish","format-standard","has-post-thumbnail","hentry","category-internacionales"],"yoast_head":"<!-- This site is optimized with the Yoast SEO plugin v27.3 - https:\/\/yoast.com\/product\/yoast-seo-wordpress\/ -->\n<title>Carlos III apelar\u00e1 a la unidad ante el Congreso de EE. UU. en medio de tensiones entre Londres y Trump - Sarmiento24h<\/title>\n<meta name=\"robots\" content=\"index, follow, max-snippet:-1, max-image-preview:large, max-video-preview:-1\" \/>\n<link rel=\"canonical\" href=\"https:\/\/sarmiento24h.com\/?p=161391\" \/>\n<meta property=\"og:locale\" content=\"es_ES\" \/>\n<meta property=\"og:type\" content=\"article\" \/>\n<meta property=\"og:title\" content=\"Carlos III apelar\u00e1 a la unidad ante el Congreso de EE. UU. en medio de tensiones entre Londres y Trump - Sarmiento24h\" \/>\n<meta property=\"og:description\" content=\"El rey Carlos III de Gran Breta\u00f1a&#046;&#046;&#046;\" \/>\n<meta property=\"og:url\" content=\"https:\/\/sarmiento24h.com\/?p=161391\" \/>\n<meta property=\"og:site_name\" content=\"Sarmiento24h\" \/>\n<meta property=\"article:publisher\" content=\"https:\/\/facebook.com\/s24hnoticias\" \/>\n<meta property=\"article:published_time\" content=\"2026-04-28T13:37:36+00:00\" \/>\n<meta property=\"og:image\" content=\"https:\/\/s.france24.com\/media\/display\/74503084-427e-11f1-a732-005056bfb2b6\/w:1280\/p:16x9\/01e8002155f10fed29c53edf48ace05f11312bae.jpg\" \/>\n<meta name=\"author\" content=\"sarmiento24h@gmail.com\" \/>\n<meta name=\"twitter:card\" content=\"summary_large_image\" \/>\n<meta name=\"twitter:creator\" content=\"@sarmiento24h\" \/>\n<meta name=\"twitter:site\" content=\"@sarmiento24h\" \/>\n<meta name=\"twitter:label1\" content=\"Escrito por\" \/>\n\t<meta name=\"twitter:data1\" content=\"sarmiento24h@gmail.com\" \/>\n\t<meta name=\"twitter:label2\" content=\"Tiempo de lectura\" \/>\n\t<meta name=\"twitter:data2\" content=\"3 minutos\" \/>\n<script type=\"application\/ld+json\" class=\"yoast-schema-graph\">{\"@context\":\"https:\\\/\\\/schema.org\",\"@graph\":[{\"@type\":\"Article\",\"@id\":\"https:\\\/\\\/sarmiento24h.com\\\/?p=161391#article\",\"isPartOf\":{\"@id\":\"https:\\\/\\\/sarmiento24h.com\\\/?p=161391\"},\"author\":{\"name\":\"sarmiento24h@gmail.com\",\"@id\":\"https:\\\/\\\/sarmiento24h.com\\\/#\\\/schema\\\/person\\\/d653a59725ad629a7e0429af7b939d4d\"},\"headline\":\"Carlos III apelar\u00e1 a la unidad ante el Congreso de EE. UU. en medio de tensiones entre Londres y Trump\",\"datePublished\":\"2026-04-28T13:37:36+00:00\",\"mainEntityOfPage\":{\"@id\":\"https:\\\/\\\/sarmiento24h.com\\\/?p=161391\"},\"wordCount\":686,\"publisher\":{\"@id\":\"https:\\\/\\\/sarmiento24h.com\\\/#organization\"},\"image\":{\"@id\":\"https:\\\/\\\/sarmiento24h.com\\\/?p=161391#primaryimage\"},\"thumbnailUrl\":\"https:\\\/\\\/sarmiento24h.com\\\/wp-content\\\/uploads\\\/2026\\\/04\\\/carlos-iii-apelara-a-la-unidad-ante-el-congreso-de-ee-uu-en-medio-de-tensiones-entre-londres-y-trump.jpg\",\"articleSection\":[\"Internacionales\"],\"inLanguage\":\"es\"},{\"@type\":\"WebPage\",\"@id\":\"https:\\\/\\\/sarmiento24h.com\\\/?p=161391\",\"url\":\"https:\\\/\\\/sarmiento24h.com\\\/?p=161391\",\"name\":\"Carlos III apelar\u00e1 a la unidad ante el Congreso de EE. UU. en medio de tensiones entre Londres y Trump - Sarmiento24h\",\"isPartOf\":{\"@id\":\"https:\\\/\\\/sarmiento24h.com\\\/#website\"},\"primaryImageOfPage\":{\"@id\":\"https:\\\/\\\/sarmiento24h.com\\\/?p=161391#primaryimage\"},\"image\":{\"@id\":\"https:\\\/\\\/sarmiento24h.com\\\/?p=161391#primaryimage\"},\"thumbnailUrl\":\"https:\\\/\\\/sarmiento24h.com\\\/wp-content\\\/uploads\\\/2026\\\/04\\\/carlos-iii-apelara-a-la-unidad-ante-el-congreso-de-ee-uu-en-medio-de-tensiones-entre-londres-y-trump.jpg\",\"datePublished\":\"2026-04-28T13:37:36+00:00\",\"breadcrumb\":{\"@id\":\"https:\\\/\\\/sarmiento24h.com\\\/?p=161391#breadcrumb\"},\"inLanguage\":\"es\",\"potentialAction\":[{\"@type\":\"ReadAction\",\"target\":[\"https:\\\/\\\/sarmiento24h.com\\\/?p=161391\"]}]},{\"@type\":\"ImageObject\",\"inLanguage\":\"es\",\"@id\":\"https:\\\/\\\/sarmiento24h.com\\\/?p=161391#primaryimage\",\"url\":\"https:\\\/\\\/sarmiento24h.com\\\/wp-content\\\/uploads\\\/2026\\\/04\\\/carlos-iii-apelara-a-la-unidad-ante-el-congreso-de-ee-uu-en-medio-de-tensiones-entre-londres-y-trump.jpg\",\"contentUrl\":\"https:\\\/\\\/sarmiento24h.com\\\/wp-content\\\/uploads\\\/2026\\\/04\\\/carlos-iii-apelara-a-la-unidad-ante-el-congreso-de-ee-uu-en-medio-de-tensiones-entre-londres-y-trump.jpg\",\"width\":1280,\"height\":720},{\"@type\":\"BreadcrumbList\",\"@id\":\"https:\\\/\\\/sarmiento24h.com\\\/?p=161391#breadcrumb\",\"itemListElement\":[{\"@type\":\"ListItem\",\"position\":1,\"name\":\"Home\",\"item\":\"https:\\\/\\\/sarmiento24h.com\\\/\"},{\"@type\":\"ListItem\",\"position\":2,\"name\":\"Carlos III apelar\u00e1 a la unidad ante el Congreso de EE. UU. en medio de tensiones entre Londres y Trump\"}]},{\"@type\":\"WebSite\",\"@id\":\"https:\\\/\\\/sarmiento24h.com\\\/#website\",\"url\":\"https:\\\/\\\/sarmiento24h.com\\\/\",\"name\":\"Sarmiento24h\",\"description\":\"\",\"publisher\":{\"@id\":\"https:\\\/\\\/sarmiento24h.com\\\/#organization\"},\"potentialAction\":[{\"@type\":\"SearchAction\",\"target\":{\"@type\":\"EntryPoint\",\"urlTemplate\":\"https:\\\/\\\/sarmiento24h.com\\\/?s={search_term_string}\"},\"query-input\":{\"@type\":\"PropertyValueSpecification\",\"valueRequired\":true,\"valueName\":\"search_term_string\"}}],\"inLanguage\":\"es\"},{\"@type\":\"Organization\",\"@id\":\"https:\\\/\\\/sarmiento24h.com\\\/#organization\",\"name\":\"Sarmiento24h\",\"url\":\"https:\\\/\\\/sarmiento24h.com\\\/\",\"logo\":{\"@type\":\"ImageObject\",\"inLanguage\":\"es\",\"@id\":\"https:\\\/\\\/sarmiento24h.com\\\/#\\\/schema\\\/logo\\\/image\\\/\",\"url\":\"https:\\\/\\\/sarmiento24h.com\\\/wp-content\\\/uploads\\\/2025\\\/12\\\/AddText_12-16-10.30.52.jpg\",\"contentUrl\":\"https:\\\/\\\/sarmiento24h.com\\\/wp-content\\\/uploads\\\/2025\\\/12\\\/AddText_12-16-10.30.52.jpg\",\"width\":1220,\"height\":324,\"caption\":\"Sarmiento24h\"},\"image\":{\"@id\":\"https:\\\/\\\/sarmiento24h.com\\\/#\\\/schema\\\/logo\\\/image\\\/\"},\"sameAs\":[\"https:\\\/\\\/facebook.com\\\/s24hnoticias\",\"https:\\\/\\\/x.com\\\/sarmiento24h\"]},{\"@type\":\"Person\",\"@id\":\"https:\\\/\\\/sarmiento24h.com\\\/#\\\/schema\\\/person\\\/d653a59725ad629a7e0429af7b939d4d\",\"name\":\"sarmiento24h@gmail.com\",\"image\":{\"@type\":\"ImageObject\",\"inLanguage\":\"es\",\"@id\":\"https:\\\/\\\/sarmiento24h.com\\\/wp-content\\\/litespeed\\\/avatar\\\/d02cbc4e23c747e6659cd45907173c8f.jpg?ver=1777157796\",\"url\":\"https:\\\/\\\/sarmiento24h.com\\\/wp-content\\\/litespeed\\\/avatar\\\/d02cbc4e23c747e6659cd45907173c8f.jpg?ver=1777157796\",\"contentUrl\":\"https:\\\/\\\/sarmiento24h.com\\\/wp-content\\\/litespeed\\\/avatar\\\/d02cbc4e23c747e6659cd45907173c8f.jpg?ver=1777157796\",\"caption\":\"sarmiento24h@gmail.com\"},\"sameAs\":[\"https:\\\/\\\/sarmiento24h.com\"],\"url\":\"https:\\\/\\\/sarmiento24h.com\\\/?author=1\"}]}<\/script>\n<!-- \/ Yoast SEO plugin. -->","yoast_head_json":{"title":"Carlos III apelar\u00e1 a la unidad ante el Congreso de EE. UU. en medio de tensiones entre Londres y Trump - Sarmiento24h","robots":{"index":"index","follow":"follow","max-snippet":"max-snippet:-1","max-image-preview":"max-image-preview:large","max-video-preview":"max-video-preview:-1"},"canonical":"https:\/\/sarmiento24h.com\/?p=161391","og_locale":"es_ES","og_type":"article","og_title":"Carlos III apelar\u00e1 a la unidad ante el Congreso de EE. UU. en medio de tensiones entre Londres y Trump - Sarmiento24h","og_description":"El rey Carlos III de Gran Breta\u00f1a&#46;&#46;&#46;","og_url":"https:\/\/sarmiento24h.com\/?p=161391","og_site_name":"Sarmiento24h","article_publisher":"https:\/\/facebook.com\/s24hnoticias","article_published_time":"2026-04-28T13:37:36+00:00","og_image":[{"url":"https:\/\/s.france24.com\/media\/display\/74503084-427e-11f1-a732-005056bfb2b6\/w:1280\/p:16x9\/01e8002155f10fed29c53edf48ace05f11312bae.jpg","type":"","width":"","height":""}],"author":"sarmiento24h@gmail.com","twitter_card":"summary_large_image","twitter_creator":"@sarmiento24h","twitter_site":"@sarmiento24h","twitter_misc":{"Escrito por":"sarmiento24h@gmail.com","Tiempo de lectura":"3 minutos"},"schema":{"@context":"https:\/\/schema.org","@graph":[{"@type":"Article","@id":"https:\/\/sarmiento24h.com\/?p=161391#article","isPartOf":{"@id":"https:\/\/sarmiento24h.com\/?p=161391"},"author":{"name":"sarmiento24h@gmail.com","@id":"https:\/\/sarmiento24h.com\/#\/schema\/person\/d653a59725ad629a7e0429af7b939d4d"},"headline":"Carlos III apelar\u00e1 a la unidad ante el Congreso de EE. UU. en medio de tensiones entre Londres y Trump","datePublished":"2026-04-28T13:37:36+00:00","mainEntityOfPage":{"@id":"https:\/\/sarmiento24h.com\/?p=161391"},"wordCount":686,"publisher":{"@id":"https:\/\/sarmiento24h.com\/#organization"},"image":{"@id":"https:\/\/sarmiento24h.com\/?p=161391#primaryimage"},"thumbnailUrl":"https:\/\/sarmiento24h.com\/wp-content\/uploads\/2026\/04\/carlos-iii-apelara-a-la-unidad-ante-el-congreso-de-ee-uu-en-medio-de-tensiones-entre-londres-y-trump.jpg","articleSection":["Internacionales"],"inLanguage":"es"},{"@type":"WebPage","@id":"https:\/\/sarmiento24h.com\/?p=161391","url":"https:\/\/sarmiento24h.com\/?p=161391","name":"Carlos III apelar\u00e1 a la unidad ante el Congreso de EE. UU. en medio de tensiones entre Londres y Trump - Sarmiento24h","isPartOf":{"@id":"https:\/\/sarmiento24h.com\/#website"},"primaryImageOfPage":{"@id":"https:\/\/sarmiento24h.com\/?p=161391#primaryimage"},"image":{"@id":"https:\/\/sarmiento24h.com\/?p=161391#primaryimage"},"thumbnailUrl":"https:\/\/sarmiento24h.com\/wp-content\/uploads\/2026\/04\/carlos-iii-apelara-a-la-unidad-ante-el-congreso-de-ee-uu-en-medio-de-tensiones-entre-londres-y-trump.jpg","datePublished":"2026-04-28T13:37:36+00:00","breadcrumb":{"@id":"https:\/\/sarmiento24h.com\/?p=161391#breadcrumb"},"inLanguage":"es","potentialAction":[{"@type":"ReadAction","target":["https:\/\/sarmiento24h.com\/?p=161391"]}]},{"@type":"ImageObject","inLanguage":"es","@id":"https:\/\/sarmiento24h.com\/?p=161391#primaryimage","url":"https:\/\/sarmiento24h.com\/wp-content\/uploads\/2026\/04\/carlos-iii-apelara-a-la-unidad-ante-el-congreso-de-ee-uu-en-medio-de-tensiones-entre-londres-y-trump.jpg","contentUrl":"https:\/\/sarmiento24h.com\/wp-content\/uploads\/2026\/04\/carlos-iii-apelara-a-la-unidad-ante-el-congreso-de-ee-uu-en-medio-de-tensiones-entre-londres-y-trump.jpg","width":1280,"height":720},{"@type":"BreadcrumbList","@id":"https:\/\/sarmiento24h.com\/?p=161391#breadcrumb","itemListElement":[{"@type":"ListItem","position":1,"name":"Home","item":"https:\/\/sarmiento24h.com\/"},{"@type":"ListItem","position":2,"name":"Carlos III apelar\u00e1 a la unidad ante el Congreso de EE. UU. en medio de tensiones entre Londres y Trump"}]},{"@type":"WebSite","@id":"https:\/\/sarmiento24h.com\/#website","url":"https:\/\/sarmiento24h.com\/","name":"Sarmiento24h","description":"","publisher":{"@id":"https:\/\/sarmiento24h.com\/#organization"},"potentialAction":[{"@type":"SearchAction","target":{"@type":"EntryPoint","urlTemplate":"https:\/\/sarmiento24h.com\/?s={search_term_string}"},"query-input":{"@type":"PropertyValueSpecification","valueRequired":true,"valueName":"search_term_string"}}],"inLanguage":"es"},{"@type":"Organization","@id":"https:\/\/sarmiento24h.com\/#organization","name":"Sarmiento24h","url":"https:\/\/sarmiento24h.com\/","logo":{"@type":"ImageObject","inLanguage":"es","@id":"https:\/\/sarmiento24h.com\/#\/schema\/logo\/image\/","url":"https:\/\/sarmiento24h.com\/wp-content\/uploads\/2025\/12\/AddText_12-16-10.30.52.jpg","contentUrl":"https:\/\/sarmiento24h.com\/wp-content\/uploads\/2025\/12\/AddText_12-16-10.30.52.jpg","width":1220,"height":324,"caption":"Sarmiento24h"},"image":{"@id":"https:\/\/sarmiento24h.com\/#\/schema\/logo\/image\/"},"sameAs":["https:\/\/facebook.com\/s24hnoticias","https:\/\/x.com\/sarmiento24h"]},{"@type":"Person","@id":"https:\/\/sarmiento24h.com\/#\/schema\/person\/d653a59725ad629a7e0429af7b939d4d","name":"sarmiento24h@gmail.com","image":{"@type":"ImageObject","inLanguage":"es","@id":"https:\/\/sarmiento24h.com\/wp-content\/litespeed\/avatar\/d02cbc4e23c747e6659cd45907173c8f.jpg?ver=1777157796","url":"https:\/\/sarmiento24h.com\/wp-content\/litespeed\/avatar\/d02cbc4e23c747e6659cd45907173c8f.jpg?ver=1777157796","contentUrl":"https:\/\/sarmiento24h.com\/wp-content\/litespeed\/avatar\/d02cbc4e23c747e6659cd45907173c8f.jpg?ver=1777157796","caption":"sarmiento24h@gmail.com"},"sameAs":["https:\/\/sarmiento24h.com"],"url":"https:\/\/sarmiento24h.com\/?author=1"}]}},"jetpack_publicize_connections":[],"jetpack_featured_media_url":"https:\/\/sarmiento24h.com\/wp-content\/uploads\/2026\/04\/carlos-iii-apelara-a-la-unidad-ante-el-congreso-de-ee-uu-en-medio-de-tensiones-entre-londres-y-trump.jpg","jetpack_sharing_enabled":true,"_links":{"self":[{"href":"https:\/\/sarmiento24h.com\/index.php?rest_route=\/wp\/v2\/posts\/161391","targetHints":{"allow":["GET"]}}],"collection":[{"href":"https:\/\/sarmiento24h.com\/index.php?rest_route=\/wp\/v2\/posts"}],"about":[{"href":"https:\/\/sarmiento24h.com\/index.php?rest_route=\/wp\/v2\/types\/post"}],"author":[{"embeddable":true,"href":"https:\/\/sarmiento24h.com\/index.php?rest_route=\/wp\/v2\/users\/1"}],"replies":[{"embeddable":true,"href":"https:\/\/sarmiento24h.com\/index.php?rest_route=%2Fwp%2Fv2%2Fcomments&post=161391"}],"version-history":[{"count":0,"href":"https:\/\/sarmiento24h.com\/index.php?rest_route=\/wp\/v2\/posts\/161391\/revisions"}],"wp:featuredmedia":[{"embeddable":true,"href":"https:\/\/sarmiento24h.com\/index.php?rest_route=\/wp\/v2\/media\/161392"}],"wp:attachment":[{"href":"https:\/\/sarmiento24h.com\/index.php?rest_route=%2Fwp%2Fv2%2Fmedia&parent=161391"}],"wp:term":[{"taxonomy":"category","embeddable":true,"href":"https:\/\/sarmiento24h.com\/index.php?rest_route=%2Fwp%2Fv2%2Fcategories&post=161391"},{"taxonomy":"post_tag","embeddable":true,"href":"https:\/\/sarmiento24h.com\/index.php?rest_route=%2Fwp%2Fv2%2Ftags&post=161391"}],"curies":[{"name":"wp","href":"https:\/\/api.w.org\/{rel}","templated":true}]}}